{"id":5827,"date":"2026-04-28T23:40:31","date_gmt":"2026-04-29T02:40:31","guid":{"rendered":"https:\/\/web.consaguirre.com.ar\/noticias\/logic-y-g-eazy-anuncian-la-gira-endless-summer-part-ii\/"},"modified":"2026-04-28T23:40:32","modified_gmt":"2026-04-29T02:40:32","slug":"logic-y-g-eazy-anuncian-la-gira-endless-summer-part-ii","status":"publish","type":"post","link":"https:\/\/web.consaguirre.com.ar\/noticias\/logic-y-g-eazy-anuncian-la-gira-endless-summer-part-ii\/","title":{"rendered":"Logic y G-Eazy anuncian la gira Endless Summer Part II"},"content":{"rendered":"<p><b>L\u00f3gica<\/b> y G-Eazy han anunciado Endless Summer Tour Part II, una gira co-estelar por 23 ciudades de Am\u00e9rica del Norte que comienza el 15 de septiembre en el Starlight Theatre de Kansas City, Missouri, y se extender\u00e1 hasta el 28 de octubre en el Shoreline Amphitheatre de Mountain View, California. La gira reci\u00e9n anunciada marca la primera gira co-estelar de la pareja juntos desde el Endless Summer Tour con entradas agotadas en 2016, con Juicy J programado para aparecer en fechas selectas. Los boletos saldr\u00e1n a la venta a partir de una preventa en Citi hoy, seguida de una preventa de artistas el 29 de abril y una venta general el 1 de mayo a las 10 am hora local.<\/p>\n<div align=\"center\">\n<div class=\"udiscover-store-container\">\n<div id='udiscover-store-three-product'><\/div>\n<\/div>\n<p>\/*<!(CDATA(*\/(function (){var scriptURL='https:\/\/sdks.shopifycdn.com\/buy-button\/latest\/buy-button-storefront.min.js';if(window.ShopifyBuy){if(window.ShopifyBuy.UI){ShopifyBuyInit();}else{loadScript();}}else{loadScript();}funci\u00f3n loadScript(){var script=document.createElement('script');script.async=true;script.src=scriptURL;(document.getElementsByTagName('head')(0)|| document.getElementsByTagName('body')(0)).appendChild(script);script.onload=ShopifyBuyInit;} function ShopifyBuyInit(){var cliente=ShopifyBuy.buildClient({dominio:'udiscover.myshopify.com',storefrontAccessToken: 'bdc89f347d2ce61c1feeb9f8c60b2b98',}); ShopifyBuy.UI.onReady(cliente).luego(funci\u00f3n(ui){ ui.createComponent('productSet',{ id:(7453964140621,7453950214221,7327145951309), nodo:document.getElementById('udiscover-store-tres-productos'), moneyFormat:'%24%7B%7Bamount%7D%7D', opciones:{&quot;producto&quot;:{&quot;marco flotante&quot;:FALSO,&quot;eventos&quot;:{antes deInit:funci\u00f3n(producto){Objeto.defineProperty(producto,&quot;es bot\u00f3n&quot;,{get:function(){return true;}});Object.defineProperty(producto,&quot;opciones&quot;{get:function(){return this.config(this.typeKey);}});var actualOnButtonClick=product.onButtonClick;product.onButtonClick=function(event,target) {event.stopImmediatePropagation();this.options.buttonDestination=&quot;modal&quot;;actualOnButtonClick.call(este,evento,destino);};}},\n&quot;bot\u00f3nDestino&quot;:&quot;modal&quot;,&quot;contenido&quot;:{&quot;opciones&quot;:verdadero},&quot;texto&quot;:{&quot;bot\u00f3n&quot;:&quot;Ordene ahora&quot;,&quot;Agotado&quot;:&quot;Lo sentimos, esto est\u00e1 agotado.&quot;}},&quot;conjunto de productos&quot;:{&quot;marco flotante&quot;:FALSO},&quot;modalProducto&quot;:{&quot;marco flotante&quot;:FALSO,&quot;contenido&quot;:{&quot;imagen&quot;:FALSO,&quot;imgConCarrusel&quot;:verdadero,&quot;bot\u00f3n&quot;:FALSO,&quot;bot\u00f3nConCantidad&quot;:verdadero}},&quot;modal&quot;:{&quot;marco flotante&quot;:FALSO},&quot;opci\u00f3n&quot;:{&quot;marco flotante&quot;:FALSO},&quot;carro&quot;:{&quot;marco flotante&quot;:FALSO},&quot;palanca&quot;:{&quot;marco flotante&quot;:FALSO,&quot;contenido&quot;:{&quot;icono&quot;:FALSO}},&quot;art\u00edculo de l\u00ednea&quot;:{&quot;marco flotante&quot;:FALSO}},}); }); } })(); \/*))>*\/ <\/div>\n<\/p>\n<p>Promovida por Live Nation, la gira har\u00e1 paradas en Chicago, Toronto, Boston, Wantagh, Filadelfia, Atlanta, Dallas, Los \u00c1ngeles, Portland y Las Vegas, entre otras ciudades. La ruta tambi\u00e9n incluye fechas en Clarkston, Cincinnati, West Palm Beach, Tampa, Alpharetta, Rogers, Irving, Phoenix y Chula Vista. Varios de los lugares son grandes anfiteatros, incluidos Pine Knob Music Theatre, Leader Bank Pavilion, Northwell at Jones Beach Theatre y YouTube Theatre, lo que le da a la carrera una escala m\u00e1s amplia que una salida a un club est\u00e1ndar.<\/p>\n<div class=\"uD-YT-container\"><img decoding=\"async\" src=\"https:\/\/web.consaguirre.com.ar\/noticias\/wp-content\/uploads\/2026\/04\/1777430431_639_Logic-y-G-Eazy-anuncian-la-gira-Endless-Summer-Part-II.jpg\" alt=\"V\u00eddeo de YouTube\"><br \/>Haga clic para cargar v\u00eddeo<\/div>\n<p>El anuncio re\u00fane a dos artistas con una larga trayectoria en la gira y en el rap convencional. Logic, el rapero dos veces nominado al Grammy y n\u00famero uno <i>New York Times<\/i> autor de best-sellers, ha construido su cat\u00e1logo en torno a lanzamientos que incluyen <i>Bajo presi\u00f3n<\/i>, <i>La incre\u00edble historia real<\/i>y <i>Todos<\/i>que inclu\u00eda el \u00e9xito nominado al Grammy \u201c1-800-273-8255\u201d. G-Eazy, un rapero y productor multiplatino del \u00c1rea de la Bah\u00eda, tambi\u00e9n ha mantenido un perfil constante en giras mientras cruzaba apariciones en televisi\u00f3n y programas de premios, incluyendo <i>S\u00e1bado noche en vivo<\/i>los premios MTV a los v\u00eddeos musicales, <i>El programa de esta noche protagonizado por Jimmy Fallon<\/i>y <i>\u00a1Jimmy Kimmel en vivo!<\/i><\/p>\n<p>La nueva gira sigue a un tramo reciente muy ocupado para ambos artistas. En 2025, G-Eazy lanz\u00f3 <i>Helio<\/i> y complet\u00f3 una gira por Norteam\u00e9rica en apoyo del \u00e1lbum. Mientras tanto, Logic ampli\u00f3 su carrera creativa con el debut en Tribeca de su primer largometraje, <i>Registros del para\u00edso<\/i>que escribi\u00f3, dirigi\u00f3 y protagoniz\u00f3.<\/p>\n<p><b>Compra m\u00fasica de Logic en vinilo aqu\u00ed.<\/b><\/p>\n","protected":false},"excerpt":{"rendered":"<p>L\u00f3gica y G-Eazy han anunciado Endless Summer Tour Part II, una gira co-estelar por 23 ciudades de Am\u00e9rica del Norte que comienza el 15 de<\/p>\n","protected":false},"author":1,"featured_media":5828,"comment_status":"closed","ping_status":"","sticky":false,"template":"","format":"standard","meta":{"footnotes":""},"categories":[50],"tags":[725,4207,4206,492,4205,4208,379],"class_list":["post-5827","post","type-post","status-publish","format-standard","has-post-thumbnail","hentry","category-el-ultimo","tag-anuncian","tag-endless","tag-geazy","tag-gira","tag-logic","tag-part","tag-summer","generate-columns","tablet-grid-50","mobile-grid-100","grid-parent","grid-50"],"yoast_head":"<!-- This site is optimized with the Yoast SEO plugin v23.3 - https:\/\/yoast.com\/wordpress\/plugins\/seo\/ -->\n<title>Logic y G-Eazy anuncian la gira Endless Summer Part II<\/title>\n<meta name=\"robots\" content=\"index, follow, max-snippet:-1, max-image-preview:large, max-video-preview:-1\" \/>\n<link rel=\"canonical\" href=\"https:\/\/web.consaguirre.com.ar\/noticias\/logic-y-g-eazy-anuncian-la-gira-endless-summer-part-ii\/\" \/>\n<meta property=\"og:locale\" content=\"es_ES\" \/>\n<meta property=\"og:type\" content=\"article\" \/>\n<meta property=\"og:title\" content=\"Logic y G-Eazy anuncian la gira Endless Summer Part II\" \/>\n<meta property=\"og:description\" content=\"L\u00f3gica y G-Eazy han anunciado Endless Summer Tour Part II, una gira co-estelar por 23 ciudades de Am\u00e9rica del Norte que comienza el 15 de\" \/>\n<meta property=\"og:url\" content=\"https:\/\/web.consaguirre.com.ar\/noticias\/logic-y-g-eazy-anuncian-la-gira-endless-summer-part-ii\/\" \/>\n<meta property=\"og:site_name\" content=\"Conservatorio de M\u00fasica Juli\u00e1n Aguirre\" \/>\n<meta property=\"article:published_time\" content=\"2026-04-29T02:40:31+00:00\" \/>\n<meta property=\"article:modified_time\" content=\"2026-04-29T02:40:32+00:00\" \/>\n<meta property=\"og:image\" content=\"https:\/\/web.consaguirre.com.ar\/noticias\/wp-content\/uploads\/2026\/04\/Logic-y-G-Eazy-anuncian-la-gira-Endless-Summer-Part-II.jpg\" \/>\n\t<meta property=\"og:image:width\" content=\"820\" \/>\n\t<meta property=\"og:image:height\" content=\"820\" \/>\n\t<meta property=\"og:image:type\" content=\"image\/jpeg\" \/>\n<meta name=\"author\" content=\"Javier Figueroa\" \/>\n<meta name=\"twitter:card\" content=\"summary_large_image\" \/>\n<meta name=\"twitter:label1\" content=\"Escrito por\" \/>\n\t<meta name=\"twitter:data1\" content=\"Javier Figueroa\" \/>\n\t<meta name=\"twitter:label2\" content=\"Tiempo de lectura\" \/>\n\t<meta name=\"twitter:data2\" content=\"2 minutos\" \/>\n<script type=\"application\/ld+json\" class=\"yoast-schema-graph\">{\"@context\":\"https:\/\/schema.org\",\"@graph\":[{\"@type\":\"Article\",\"@id\":\"https:\/\/web.consaguirre.com.ar\/noticias\/logic-y-g-eazy-anuncian-la-gira-endless-summer-part-ii\/#article\",\"isPartOf\":{\"@id\":\"https:\/\/web.consaguirre.com.ar\/noticias\/logic-y-g-eazy-anuncian-la-gira-endless-summer-part-ii\/\"},\"author\":{\"name\":\"Javier Figueroa\",\"@id\":\"https:\/\/web.consaguirre.com.ar\/noticias\/#\/schema\/person\/6558b0cfedee7ddc5425602b237d5722\"},\"headline\":\"Logic y G-Eazy anuncian la gira Endless Summer Part II\",\"datePublished\":\"2026-04-29T02:40:31+00:00\",\"dateModified\":\"2026-04-29T02:40:32+00:00\",\"mainEntityOfPage\":{\"@id\":\"https:\/\/web.consaguirre.com.ar\/noticias\/logic-y-g-eazy-anuncian-la-gira-endless-summer-part-ii\/\"},\"wordCount\":405,\"publisher\":{\"@id\":\"https:\/\/web.consaguirre.com.ar\/noticias\/#organization\"},\"image\":{\"@id\":\"https:\/\/web.consaguirre.com.ar\/noticias\/logic-y-g-eazy-anuncian-la-gira-endless-summer-part-ii\/#primaryimage\"},\"thumbnailUrl\":\"https:\/\/web.consaguirre.com.ar\/noticias\/wp-content\/uploads\/2026\/04\/Logic-y-G-Eazy-anuncian-la-gira-Endless-Summer-Part-II.jpg\",\"keywords\":[\"anuncian\",\"Endless\",\"GEazy\",\"gira\",\"Logic\",\"Part\",\"Summer\"],\"articleSection\":[\"El \u00faltimo\"],\"inLanguage\":\"es-AR\"},{\"@type\":\"WebPage\",\"@id\":\"https:\/\/web.consaguirre.com.ar\/noticias\/logic-y-g-eazy-anuncian-la-gira-endless-summer-part-ii\/\",\"url\":\"https:\/\/web.consaguirre.com.ar\/noticias\/logic-y-g-eazy-anuncian-la-gira-endless-summer-part-ii\/\",\"name\":\"Logic y G-Eazy anuncian la gira Endless Summer Part II\",\"isPartOf\":{\"@id\":\"https:\/\/web.consaguirre.com.ar\/noticias\/#website\"},\"primaryImageOfPage\":{\"@id\":\"https:\/\/web.consaguirre.com.ar\/noticias\/logic-y-g-eazy-anuncian-la-gira-endless-summer-part-ii\/#primaryimage\"},\"image\":{\"@id\":\"https:\/\/web.consaguirre.com.ar\/noticias\/logic-y-g-eazy-anuncian-la-gira-endless-summer-part-ii\/#primaryimage\"},\"thumbnailUrl\":\"https:\/\/web.consaguirre.com.ar\/noticias\/wp-content\/uploads\/2026\/04\/Logic-y-G-Eazy-anuncian-la-gira-Endless-Summer-Part-II.jpg\",\"datePublished\":\"2026-04-29T02:40:31+00:00\",\"dateModified\":\"2026-04-29T02:40:32+00:00\",\"breadcrumb\":{\"@id\":\"https:\/\/web.consaguirre.com.ar\/noticias\/logic-y-g-eazy-anuncian-la-gira-endless-summer-part-ii\/#breadcrumb\"},\"inLanguage\":\"es-AR\",\"potentialAction\":[{\"@type\":\"ReadAction\",\"target\":[\"https:\/\/web.consaguirre.com.ar\/noticias\/logic-y-g-eazy-anuncian-la-gira-endless-summer-part-ii\/\"]}]},{\"@type\":\"ImageObject\",\"inLanguage\":\"es-AR\",\"@id\":\"https:\/\/web.consaguirre.com.ar\/noticias\/logic-y-g-eazy-anuncian-la-gira-endless-summer-part-ii\/#primaryimage\",\"url\":\"https:\/\/web.consaguirre.com.ar\/noticias\/wp-content\/uploads\/2026\/04\/Logic-y-G-Eazy-anuncian-la-gira-Endless-Summer-Part-II.jpg\",\"contentUrl\":\"https:\/\/web.consaguirre.com.ar\/noticias\/wp-content\/uploads\/2026\/04\/Logic-y-G-Eazy-anuncian-la-gira-Endless-Summer-Part-II.jpg\",\"width\":820,\"height\":820,\"caption\":\"The Endless Summer Tour Press Photo courtesy of Live Nation\"},{\"@type\":\"BreadcrumbList\",\"@id\":\"https:\/\/web.consaguirre.com.ar\/noticias\/logic-y-g-eazy-anuncian-la-gira-endless-summer-part-ii\/#breadcrumb\",\"itemListElement\":[{\"@type\":\"ListItem\",\"position\":1,\"name\":\"Inicio\",\"item\":\"https:\/\/web.consaguirre.com.ar\/noticias\/\"},{\"@type\":\"ListItem\",\"position\":2,\"name\":\"Logic y G-Eazy anuncian la gira Endless Summer Part II\"}]},{\"@type\":\"WebSite\",\"@id\":\"https:\/\/web.consaguirre.com.ar\/noticias\/#website\",\"url\":\"https:\/\/web.consaguirre.com.ar\/noticias\/\",\"name\":\"Conservatorio de M\u00fasica Juli\u00e1n Aguirre\",\"description\":\"\",\"publisher\":{\"@id\":\"https:\/\/web.consaguirre.com.ar\/noticias\/#organization\"},\"potentialAction\":[{\"@type\":\"SearchAction\",\"target\":{\"@type\":\"EntryPoint\",\"urlTemplate\":\"https:\/\/web.consaguirre.com.ar\/noticias\/?s={search_term_string}\"},\"query-input\":\"required name=search_term_string\"}],\"inLanguage\":\"es-AR\"},{\"@type\":\"Organization\",\"@id\":\"https:\/\/web.consaguirre.com.ar\/noticias\/#organization\",\"name\":\"Conservatorio de M\u00fasica Juli\u00e1n Aguirre\",\"url\":\"https:\/\/web.consaguirre.com.ar\/noticias\/\",\"logo\":{\"@type\":\"ImageObject\",\"inLanguage\":\"es-AR\",\"@id\":\"https:\/\/web.consaguirre.com.ar\/noticias\/#\/schema\/logo\/image\/\",\"url\":\"https:\/\/web.consaguirre.com.ar\/noticias\/wp-content\/uploads\/2024\/08\/Banner-Aguirre-23.jpg\",\"contentUrl\":\"https:\/\/web.consaguirre.com.ar\/noticias\/wp-content\/uploads\/2024\/08\/Banner-Aguirre-23.jpg\",\"width\":1192,\"height\":600,\"caption\":\"Conservatorio de M\u00fasica Juli\u00e1n Aguirre\"},\"image\":{\"@id\":\"https:\/\/web.consaguirre.com.ar\/noticias\/#\/schema\/logo\/image\/\"}},{\"@type\":\"Person\",\"@id\":\"https:\/\/web.consaguirre.com.ar\/noticias\/#\/schema\/person\/6558b0cfedee7ddc5425602b237d5722\",\"name\":\"Javier Figueroa\",\"image\":{\"@type\":\"ImageObject\",\"inLanguage\":\"es-AR\",\"@id\":\"https:\/\/web.consaguirre.com.ar\/noticias\/#\/schema\/person\/image\/\",\"url\":\"https:\/\/web.consaguirre.com.ar\/noticias\/wp-content\/uploads\/2024\/08\/Consaguirre-scaled.jpg\",\"contentUrl\":\"https:\/\/web.consaguirre.com.ar\/noticias\/wp-content\/uploads\/2024\/08\/Consaguirre-scaled.jpg\",\"caption\":\"Javier Figueroa\"},\"description\":\"Me llamo Javier Figueroa y soy redactor para el sitio oficial del Conservatorio de M\u00fasica Juli\u00e1n Aguirre en Buenos Aires, consaguirre.com. Apasionado por la m\u00fasica y la escritura, me esfuerzo por destacar los talentos y eventos de nuestra prestigiosa instituci\u00f3n. Mi trayectoria se nutre de una profunda admiraci\u00f3n por los artistas, haciendo de cada art\u00edculo una celebraci\u00f3n de la creatividad y la cultura musical.\",\"sameAs\":[\"https:\/\/web.consaguirre.com.ar\/noticias\"]}]}<\/script>\n<!-- \/ Yoast SEO plugin. -->","yoast_head_json":{"title":"Logic y G-Eazy anuncian la gira Endless Summer Part II","robots":{"index":"index","follow":"follow","max-snippet":"max-snippet:-1","max-image-preview":"max-image-preview:large","max-video-preview":"max-video-preview:-1"},"canonical":"https:\/\/web.consaguirre.com.ar\/noticias\/logic-y-g-eazy-anuncian-la-gira-endless-summer-part-ii\/","og_locale":"es_ES","og_type":"article","og_title":"Logic y G-Eazy anuncian la gira Endless Summer Part II","og_description":"L\u00f3gica y G-Eazy han anunciado Endless Summer Tour Part II, una gira co-estelar por 23 ciudades de Am\u00e9rica del Norte que comienza el 15 de","og_url":"https:\/\/web.consaguirre.com.ar\/noticias\/logic-y-g-eazy-anuncian-la-gira-endless-summer-part-ii\/","og_site_name":"Conservatorio de M\u00fasica Juli\u00e1n Aguirre","article_published_time":"2026-04-29T02:40:31+00:00","article_modified_time":"2026-04-29T02:40:32+00:00","og_image":[{"width":820,"height":820,"url":"https:\/\/web.consaguirre.com.ar\/noticias\/wp-content\/uploads\/2026\/04\/Logic-y-G-Eazy-anuncian-la-gira-Endless-Summer-Part-II.jpg","type":"image\/jpeg"}],"author":"Javier Figueroa","twitter_card":"summary_large_image","twitter_misc":{"Escrito por":"Javier Figueroa","Tiempo de lectura":"2 minutos"},"schema":{"@context":"https:\/\/schema.org","@graph":[{"@type":"Article","@id":"https:\/\/web.consaguirre.com.ar\/noticias\/logic-y-g-eazy-anuncian-la-gira-endless-summer-part-ii\/#article","isPartOf":{"@id":"https:\/\/web.consaguirre.com.ar\/noticias\/logic-y-g-eazy-anuncian-la-gira-endless-summer-part-ii\/"},"author":{"name":"Javier Figueroa","@id":"https:\/\/web.consaguirre.com.ar\/noticias\/#\/schema\/person\/6558b0cfedee7ddc5425602b237d5722"},"headline":"Logic y G-Eazy anuncian la gira Endless Summer Part II","datePublished":"2026-04-29T02:40:31+00:00","dateModified":"2026-04-29T02:40:32+00:00","mainEntityOfPage":{"@id":"https:\/\/web.consaguirre.com.ar\/noticias\/logic-y-g-eazy-anuncian-la-gira-endless-summer-part-ii\/"},"wordCount":405,"publisher":{"@id":"https:\/\/web.consaguirre.com.ar\/noticias\/#organization"},"image":{"@id":"https:\/\/web.consaguirre.com.ar\/noticias\/logic-y-g-eazy-anuncian-la-gira-endless-summer-part-ii\/#primaryimage"},"thumbnailUrl":"https:\/\/web.consaguirre.com.ar\/noticias\/wp-content\/uploads\/2026\/04\/Logic-y-G-Eazy-anuncian-la-gira-Endless-Summer-Part-II.jpg","keywords":["anuncian","Endless","GEazy","gira","Logic","Part","Summer"],"articleSection":["El \u00faltimo"],"inLanguage":"es-AR"},{"@type":"WebPage","@id":"https:\/\/web.consaguirre.com.ar\/noticias\/logic-y-g-eazy-anuncian-la-gira-endless-summer-part-ii\/","url":"https:\/\/web.consaguirre.com.ar\/noticias\/logic-y-g-eazy-anuncian-la-gira-endless-summer-part-ii\/","name":"Logic y G-Eazy anuncian la gira Endless Summer Part II","isPartOf":{"@id":"https:\/\/web.consaguirre.com.ar\/noticias\/#website"},"primaryImageOfPage":{"@id":"https:\/\/web.consaguirre.com.ar\/noticias\/logic-y-g-eazy-anuncian-la-gira-endless-summer-part-ii\/#primaryimage"},"image":{"@id":"https:\/\/web.consaguirre.com.ar\/noticias\/logic-y-g-eazy-anuncian-la-gira-endless-summer-part-ii\/#primaryimage"},"thumbnailUrl":"https:\/\/web.consaguirre.com.ar\/noticias\/wp-content\/uploads\/2026\/04\/Logic-y-G-Eazy-anuncian-la-gira-Endless-Summer-Part-II.jpg","datePublished":"2026-04-29T02:40:31+00:00","dateModified":"2026-04-29T02:40:32+00:00","breadcrumb":{"@id":"https:\/\/web.consaguirre.com.ar\/noticias\/logic-y-g-eazy-anuncian-la-gira-endless-summer-part-ii\/#breadcrumb"},"inLanguage":"es-AR","potentialAction":[{"@type":"ReadAction","target":["https:\/\/web.consaguirre.com.ar\/noticias\/logic-y-g-eazy-anuncian-la-gira-endless-summer-part-ii\/"]}]},{"@type":"ImageObject","inLanguage":"es-AR","@id":"https:\/\/web.consaguirre.com.ar\/noticias\/logic-y-g-eazy-anuncian-la-gira-endless-summer-part-ii\/#primaryimage","url":"https:\/\/web.consaguirre.com.ar\/noticias\/wp-content\/uploads\/2026\/04\/Logic-y-G-Eazy-anuncian-la-gira-Endless-Summer-Part-II.jpg","contentUrl":"https:\/\/web.consaguirre.com.ar\/noticias\/wp-content\/uploads\/2026\/04\/Logic-y-G-Eazy-anuncian-la-gira-Endless-Summer-Part-II.jpg","width":820,"height":820,"caption":"The Endless Summer Tour Press Photo courtesy of Live Nation"},{"@type":"BreadcrumbList","@id":"https:\/\/web.consaguirre.com.ar\/noticias\/logic-y-g-eazy-anuncian-la-gira-endless-summer-part-ii\/#breadcrumb","itemListElement":[{"@type":"ListItem","position":1,"name":"Inicio","item":"https:\/\/web.consaguirre.com.ar\/noticias\/"},{"@type":"ListItem","position":2,"name":"Logic y G-Eazy anuncian la gira Endless Summer Part II"}]},{"@type":"WebSite","@id":"https:\/\/web.consaguirre.com.ar\/noticias\/#website","url":"https:\/\/web.consaguirre.com.ar\/noticias\/","name":"Conservatorio de M\u00fasica Juli\u00e1n Aguirre","description":"","publisher":{"@id":"https:\/\/web.consaguirre.com.ar\/noticias\/#organization"},"potentialAction":[{"@type":"SearchAction","target":{"@type":"EntryPoint","urlTemplate":"https:\/\/web.consaguirre.com.ar\/noticias\/?s={search_term_string}"},"query-input":"required name=search_term_string"}],"inLanguage":"es-AR"},{"@type":"Organization","@id":"https:\/\/web.consaguirre.com.ar\/noticias\/#organization","name":"Conservatorio de M\u00fasica Juli\u00e1n Aguirre","url":"https:\/\/web.consaguirre.com.ar\/noticias\/","logo":{"@type":"ImageObject","inLanguage":"es-AR","@id":"https:\/\/web.consaguirre.com.ar\/noticias\/#\/schema\/logo\/image\/","url":"https:\/\/web.consaguirre.com.ar\/noticias\/wp-content\/uploads\/2024\/08\/Banner-Aguirre-23.jpg","contentUrl":"https:\/\/web.consaguirre.com.ar\/noticias\/wp-content\/uploads\/2024\/08\/Banner-Aguirre-23.jpg","width":1192,"height":600,"caption":"Conservatorio de M\u00fasica Juli\u00e1n Aguirre"},"image":{"@id":"https:\/\/web.consaguirre.com.ar\/noticias\/#\/schema\/logo\/image\/"}},{"@type":"Person","@id":"https:\/\/web.consaguirre.com.ar\/noticias\/#\/schema\/person\/6558b0cfedee7ddc5425602b237d5722","name":"Javier Figueroa","image":{"@type":"ImageObject","inLanguage":"es-AR","@id":"https:\/\/web.consaguirre.com.ar\/noticias\/#\/schema\/person\/image\/","url":"https:\/\/web.consaguirre.com.ar\/noticias\/wp-content\/uploads\/2024\/08\/Consaguirre-scaled.jpg","contentUrl":"https:\/\/web.consaguirre.com.ar\/noticias\/wp-content\/uploads\/2024\/08\/Consaguirre-scaled.jpg","caption":"Javier Figueroa"},"description":"Me llamo Javier Figueroa y soy redactor para el sitio oficial del Conservatorio de M\u00fasica Juli\u00e1n Aguirre en Buenos Aires, consaguirre.com. Apasionado por la m\u00fasica y la escritura, me esfuerzo por destacar los talentos y eventos de nuestra prestigiosa instituci\u00f3n. Mi trayectoria se nutre de una profunda admiraci\u00f3n por los artistas, haciendo de cada art\u00edculo una celebraci\u00f3n de la creatividad y la cultura musical.","sameAs":["https:\/\/web.consaguirre.com.ar\/noticias"]}]}},"_links":{"self":[{"href":"https:\/\/web.consaguirre.com.ar\/noticias\/wp-json\/wp\/v2\/posts\/5827"}],"collection":[{"href":"https:\/\/web.consaguirre.com.ar\/noticias\/wp-json\/wp\/v2\/posts"}],"about":[{"href":"https:\/\/web.consaguirre.com.ar\/noticias\/wp-json\/wp\/v2\/types\/post"}],"author":[{"embeddable":true,"href":"https:\/\/web.consaguirre.com.ar\/noticias\/wp-json\/wp\/v2\/users\/1"}],"replies":[{"embeddable":true,"href":"https:\/\/web.consaguirre.com.ar\/noticias\/wp-json\/wp\/v2\/comments?post=5827"}],"version-history":[{"count":1,"href":"https:\/\/web.consaguirre.com.ar\/noticias\/wp-json\/wp\/v2\/posts\/5827\/revisions"}],"predecessor-version":[{"id":5829,"href":"https:\/\/web.consaguirre.com.ar\/noticias\/wp-json\/wp\/v2\/posts\/5827\/revisions\/5829"}],"wp:featuredmedia":[{"embeddable":true,"href":"https:\/\/web.consaguirre.com.ar\/noticias\/wp-json\/wp\/v2\/media\/5828"}],"wp:attachment":[{"href":"https:\/\/web.consaguirre.com.ar\/noticias\/wp-json\/wp\/v2\/media?parent=5827"}],"wp:term":[{"taxonomy":"category","embeddable":true,"href":"https:\/\/web.consaguirre.com.ar\/noticias\/wp-json\/wp\/v2\/categories?post=5827"},{"taxonomy":"post_tag","embeddable":true,"href":"https:\/\/web.consaguirre.com.ar\/noticias\/wp-json\/wp\/v2\/tags?post=5827"}],"curies":[{"name":"wp","href":"https:\/\/api.w.org\/{rel}","templated":true}]}}