{"id":5824,"date":"2026-04-28T20:38:28","date_gmt":"2026-04-28T23:38:28","guid":{"rendered":"https:\/\/web.consaguirre.com.ar\/noticias\/violet-grohl-comparte-cool-buzz-y-establece-fechas-principales\/"},"modified":"2026-04-28T20:38:29","modified_gmt":"2026-04-28T23:38:29","slug":"violet-grohl-comparte-cool-buzz-y-establece-fechas-principales","status":"publish","type":"post","link":"https:\/\/web.consaguirre.com.ar\/noticias\/violet-grohl-comparte-cool-buzz-y-establece-fechas-principales\/","title":{"rendered":"Violet Grohl comparte &#8216;Cool Buzz&#8217; y establece fechas principales"},"content":{"rendered":"<p><b>Violeta Grohl<\/b> ha lanzado \u201cCool Buzz\u201d, una nueva canci\u00f3n de su \u00e1lbum debut <i>Se dulce conmigo<\/i>que llega el 29 de mayo a trav\u00e9s de Auroura Records y Republic Records. El lanzamiento tambi\u00e9n viene con noticias de los primeros shows principales de Grohl, mientras que el video de la canci\u00f3n, dirigido por Niki Milan Houston, se estrenar\u00e1 el 1 de mayo. La gira por la costa este incluye fechas en Brooklyn, Filadelfia y Washington, DC, con boletos ya a la venta. <i>Se dulce conmigo<\/i> tambi\u00e9n est\u00e1 disponible para reservar.<\/p>\n<p>Grohl dijo que \u201cCool Buzz\u201d apunta a las contradicciones que ha visto en los espacios punk, describi\u00e9ndola como una canci\u00f3n sobre \u201cburlarse de las inconsistencias morales en los tipos punk que predican pol\u00edticas progresistas, pero luego en sus propios espacios musicales no dejan que las mujeres tengan una oportunidad\u201d. El \u00e1lbum fue grabado en el estudio casero del productor Justin Raisen en Los \u00c1ngeles, con un grupo de m\u00fasicos reunidos en el esp\u00edritu de los jugadores de Wrecking Crew de las d\u00e9cadas de 1960 y 1970. El proyecto tambi\u00e9n refleja el inter\u00e9s de Grohl por la m\u00fasica alternativa de finales de los 80 y principios de los 90, un per\u00edodo que ella ha citado como una influencia duradera tanto en el mundo sonoro como visual que rodea el disco.<\/p>\n<div class=\"uD-YT-container\"><img decoding=\"async\" src=\"https:\/\/web.consaguirre.com.ar\/noticias\/wp-content\/uploads\/2026\/04\/1777419508_661_Violet-Grohl-comparte-Cool-Buzz-y-establece-fechas-principales.jpg\" alt=\"V\u00eddeo de YouTube\"><br \/>Haga clic para cargar v\u00eddeo<\/div>\n<p>\u201cCool Buzz\u201d sigue a las canciones lanzadas anteriormente \u201cTHUM\u201d, \u201cApplefish\u201d y \u201c595\u201d, que introdujeron diferentes lados del arte de Grohl. El nuevo disco tambi\u00e9n se ha visto moldeado por el inter\u00e9s de Grohl por el cine, en particular por el trabajo de David Lynch, un punto de referencia que conecta con la atm\u00f3sfera m\u00e1s amplia que rodea a estas canciones. Adem\u00e1s de las noticias del \u00e1lbum, Grohl ha confirmado fechas adicionales en vivo m\u00e1s adelante en el a\u00f1o, incluidas apariciones con The Breeders en Baltimore el 23 de junio y en Nueva York el 24 de junio. Su pr\u00f3xima agenda tambi\u00e9n incluye apariciones en festivales como Pukkelpop, Leeds Festival, Electric Picnic, Reading Festival, Shaky Knees y CBGB Festival.<\/p>\n<p><b>Escuche \u201cCool Buzz\u201d aqu\u00ed.<\/b><\/p>\n","protected":false},"excerpt":{"rendered":"<p>Violeta Grohl ha lanzado \u201cCool Buzz\u201d, una nueva canci\u00f3n de su \u00e1lbum debut Se dulce conmigoque llega el 29 de mayo a trav\u00e9s de Auroura<\/p>\n","protected":false},"author":1,"featured_media":5825,"comment_status":"closed","ping_status":"","sticky":false,"template":"","format":"standard","meta":{"footnotes":""},"categories":[50],"tags":[4204,201,1954,1783,1299,4203,3476,4202],"class_list":["post-5824","post","type-post","status-publish","format-standard","has-post-thumbnail","hentry","category-el-ultimo","tag-buzz","tag-comparte","tag-cool","tag-establece","tag-fechas","tag-grohl","tag-principales","tag-violet","generate-columns","tablet-grid-50","mobile-grid-100","grid-parent","grid-50"],"yoast_head":"<!-- This site is optimized with the Yoast SEO plugin v23.3 - https:\/\/yoast.com\/wordpress\/plugins\/seo\/ -->\n<title>Violet Grohl comparte &#039;Cool Buzz&#039; y establece fechas principales<\/title>\n<meta name=\"robots\" content=\"index, follow, max-snippet:-1, max-image-preview:large, max-video-preview:-1\" \/>\n<link rel=\"canonical\" href=\"https:\/\/web.consaguirre.com.ar\/noticias\/violet-grohl-comparte-cool-buzz-y-establece-fechas-principales\/\" \/>\n<meta property=\"og:locale\" content=\"es_ES\" \/>\n<meta property=\"og:type\" content=\"article\" \/>\n<meta property=\"og:title\" content=\"Violet Grohl comparte &#039;Cool Buzz&#039; y establece fechas principales\" \/>\n<meta property=\"og:description\" content=\"Violeta Grohl ha lanzado \u201cCool Buzz\u201d, una nueva canci\u00f3n de su \u00e1lbum debut Se dulce conmigoque llega el 29 de mayo a trav\u00e9s de Auroura\" \/>\n<meta property=\"og:url\" content=\"https:\/\/web.consaguirre.com.ar\/noticias\/violet-grohl-comparte-cool-buzz-y-establece-fechas-principales\/\" \/>\n<meta property=\"og:site_name\" content=\"Conservatorio de M\u00fasica Juli\u00e1n Aguirre\" \/>\n<meta property=\"article:published_time\" content=\"2026-04-28T23:38:28+00:00\" \/>\n<meta property=\"article:modified_time\" content=\"2026-04-28T23:38:29+00:00\" \/>\n<meta property=\"og:image\" content=\"https:\/\/web.consaguirre.com.ar\/noticias\/wp-content\/uploads\/2026\/04\/Violet-Grohl-comparte-Cool-Buzz-y-establece-fechas-principales.jpg\" \/>\n\t<meta property=\"og:image:width\" content=\"820\" \/>\n\t<meta property=\"og:image:height\" content=\"820\" \/>\n\t<meta property=\"og:image:type\" content=\"image\/jpeg\" \/>\n<meta name=\"author\" content=\"Javier Figueroa\" \/>\n<meta name=\"twitter:card\" content=\"summary_large_image\" \/>\n<meta name=\"twitter:label1\" content=\"Escrito por\" \/>\n\t<meta name=\"twitter:data1\" content=\"Javier Figueroa\" \/>\n\t<meta name=\"twitter:label2\" content=\"Tiempo de lectura\" \/>\n\t<meta name=\"twitter:data2\" content=\"2 minutos\" \/>\n<script type=\"application\/ld+json\" class=\"yoast-schema-graph\">{\"@context\":\"https:\/\/schema.org\",\"@graph\":[{\"@type\":\"Article\",\"@id\":\"https:\/\/web.consaguirre.com.ar\/noticias\/violet-grohl-comparte-cool-buzz-y-establece-fechas-principales\/#article\",\"isPartOf\":{\"@id\":\"https:\/\/web.consaguirre.com.ar\/noticias\/violet-grohl-comparte-cool-buzz-y-establece-fechas-principales\/\"},\"author\":{\"name\":\"Javier Figueroa\",\"@id\":\"https:\/\/web.consaguirre.com.ar\/noticias\/#\/schema\/person\/6558b0cfedee7ddc5425602b237d5722\"},\"headline\":\"Violet Grohl comparte &#8216;Cool Buzz&#8217; y establece fechas principales\",\"datePublished\":\"2026-04-28T23:38:28+00:00\",\"dateModified\":\"2026-04-28T23:38:29+00:00\",\"mainEntityOfPage\":{\"@id\":\"https:\/\/web.consaguirre.com.ar\/noticias\/violet-grohl-comparte-cool-buzz-y-establece-fechas-principales\/\"},\"wordCount\":369,\"publisher\":{\"@id\":\"https:\/\/web.consaguirre.com.ar\/noticias\/#organization\"},\"image\":{\"@id\":\"https:\/\/web.consaguirre.com.ar\/noticias\/violet-grohl-comparte-cool-buzz-y-establece-fechas-principales\/#primaryimage\"},\"thumbnailUrl\":\"https:\/\/web.consaguirre.com.ar\/noticias\/wp-content\/uploads\/2026\/04\/Violet-Grohl-comparte-Cool-Buzz-y-establece-fechas-principales.jpg\",\"keywords\":[\"Buzz\",\"comparte\",\"Cool\",\"establece\",\"fechas\",\"Grohl\",\"principales\",\"Violet\"],\"articleSection\":[\"El \u00faltimo\"],\"inLanguage\":\"es-AR\"},{\"@type\":\"WebPage\",\"@id\":\"https:\/\/web.consaguirre.com.ar\/noticias\/violet-grohl-comparte-cool-buzz-y-establece-fechas-principales\/\",\"url\":\"https:\/\/web.consaguirre.com.ar\/noticias\/violet-grohl-comparte-cool-buzz-y-establece-fechas-principales\/\",\"name\":\"Violet Grohl comparte 'Cool Buzz' y establece fechas principales\",\"isPartOf\":{\"@id\":\"https:\/\/web.consaguirre.com.ar\/noticias\/#website\"},\"primaryImageOfPage\":{\"@id\":\"https:\/\/web.consaguirre.com.ar\/noticias\/violet-grohl-comparte-cool-buzz-y-establece-fechas-principales\/#primaryimage\"},\"image\":{\"@id\":\"https:\/\/web.consaguirre.com.ar\/noticias\/violet-grohl-comparte-cool-buzz-y-establece-fechas-principales\/#primaryimage\"},\"thumbnailUrl\":\"https:\/\/web.consaguirre.com.ar\/noticias\/wp-content\/uploads\/2026\/04\/Violet-Grohl-comparte-Cool-Buzz-y-establece-fechas-principales.jpg\",\"datePublished\":\"2026-04-28T23:38:28+00:00\",\"dateModified\":\"2026-04-28T23:38:29+00:00\",\"breadcrumb\":{\"@id\":\"https:\/\/web.consaguirre.com.ar\/noticias\/violet-grohl-comparte-cool-buzz-y-establece-fechas-principales\/#breadcrumb\"},\"inLanguage\":\"es-AR\",\"potentialAction\":[{\"@type\":\"ReadAction\",\"target\":[\"https:\/\/web.consaguirre.com.ar\/noticias\/violet-grohl-comparte-cool-buzz-y-establece-fechas-principales\/\"]}]},{\"@type\":\"ImageObject\",\"inLanguage\":\"es-AR\",\"@id\":\"https:\/\/web.consaguirre.com.ar\/noticias\/violet-grohl-comparte-cool-buzz-y-establece-fechas-principales\/#primaryimage\",\"url\":\"https:\/\/web.consaguirre.com.ar\/noticias\/wp-content\/uploads\/2026\/04\/Violet-Grohl-comparte-Cool-Buzz-y-establece-fechas-principales.jpg\",\"contentUrl\":\"https:\/\/web.consaguirre.com.ar\/noticias\/wp-content\/uploads\/2026\/04\/Violet-Grohl-comparte-Cool-Buzz-y-establece-fechas-principales.jpg\",\"width\":820,\"height\":820,\"caption\":\"Violet Grohl Be Sweet To Me album cover\"},{\"@type\":\"BreadcrumbList\",\"@id\":\"https:\/\/web.consaguirre.com.ar\/noticias\/violet-grohl-comparte-cool-buzz-y-establece-fechas-principales\/#breadcrumb\",\"itemListElement\":[{\"@type\":\"ListItem\",\"position\":1,\"name\":\"Inicio\",\"item\":\"https:\/\/web.consaguirre.com.ar\/noticias\/\"},{\"@type\":\"ListItem\",\"position\":2,\"name\":\"Violet Grohl comparte &#8216;Cool Buzz&#8217; y establece fechas principales\"}]},{\"@type\":\"WebSite\",\"@id\":\"https:\/\/web.consaguirre.com.ar\/noticias\/#website\",\"url\":\"https:\/\/web.consaguirre.com.ar\/noticias\/\",\"name\":\"Conservatorio de M\u00fasica Juli\u00e1n Aguirre\",\"description\":\"\",\"publisher\":{\"@id\":\"https:\/\/web.consaguirre.com.ar\/noticias\/#organization\"},\"potentialAction\":[{\"@type\":\"SearchAction\",\"target\":{\"@type\":\"EntryPoint\",\"urlTemplate\":\"https:\/\/web.consaguirre.com.ar\/noticias\/?s={search_term_string}\"},\"query-input\":\"required name=search_term_string\"}],\"inLanguage\":\"es-AR\"},{\"@type\":\"Organization\",\"@id\":\"https:\/\/web.consaguirre.com.ar\/noticias\/#organization\",\"name\":\"Conservatorio de M\u00fasica Juli\u00e1n Aguirre\",\"url\":\"https:\/\/web.consaguirre.com.ar\/noticias\/\",\"logo\":{\"@type\":\"ImageObject\",\"inLanguage\":\"es-AR\",\"@id\":\"https:\/\/web.consaguirre.com.ar\/noticias\/#\/schema\/logo\/image\/\",\"url\":\"https:\/\/web.consaguirre.com.ar\/noticias\/wp-content\/uploads\/2024\/08\/Banner-Aguirre-23.jpg\",\"contentUrl\":\"https:\/\/web.consaguirre.com.ar\/noticias\/wp-content\/uploads\/2024\/08\/Banner-Aguirre-23.jpg\",\"width\":1192,\"height\":600,\"caption\":\"Conservatorio de M\u00fasica Juli\u00e1n Aguirre\"},\"image\":{\"@id\":\"https:\/\/web.consaguirre.com.ar\/noticias\/#\/schema\/logo\/image\/\"}},{\"@type\":\"Person\",\"@id\":\"https:\/\/web.consaguirre.com.ar\/noticias\/#\/schema\/person\/6558b0cfedee7ddc5425602b237d5722\",\"name\":\"Javier Figueroa\",\"image\":{\"@type\":\"ImageObject\",\"inLanguage\":\"es-AR\",\"@id\":\"https:\/\/web.consaguirre.com.ar\/noticias\/#\/schema\/person\/image\/\",\"url\":\"https:\/\/web.consaguirre.com.ar\/noticias\/wp-content\/uploads\/2024\/08\/Consaguirre-scaled.jpg\",\"contentUrl\":\"https:\/\/web.consaguirre.com.ar\/noticias\/wp-content\/uploads\/2024\/08\/Consaguirre-scaled.jpg\",\"caption\":\"Javier Figueroa\"},\"description\":\"Me llamo Javier Figueroa y soy redactor para el sitio oficial del Conservatorio de M\u00fasica Juli\u00e1n Aguirre en Buenos Aires, consaguirre.com. Apasionado por la m\u00fasica y la escritura, me esfuerzo por destacar los talentos y eventos de nuestra prestigiosa instituci\u00f3n. Mi trayectoria se nutre de una profunda admiraci\u00f3n por los artistas, haciendo de cada art\u00edculo una celebraci\u00f3n de la creatividad y la cultura musical.\",\"sameAs\":[\"https:\/\/web.consaguirre.com.ar\/noticias\"]}]}<\/script>\n<!-- \/ Yoast SEO plugin. -->","yoast_head_json":{"title":"Violet Grohl comparte 'Cool Buzz' y establece fechas principales","robots":{"index":"index","follow":"follow","max-snippet":"max-snippet:-1","max-image-preview":"max-image-preview:large","max-video-preview":"max-video-preview:-1"},"canonical":"https:\/\/web.consaguirre.com.ar\/noticias\/violet-grohl-comparte-cool-buzz-y-establece-fechas-principales\/","og_locale":"es_ES","og_type":"article","og_title":"Violet Grohl comparte 'Cool Buzz' y establece fechas principales","og_description":"Violeta Grohl ha lanzado \u201cCool Buzz\u201d, una nueva canci\u00f3n de su \u00e1lbum debut Se dulce conmigoque llega el 29 de mayo a trav\u00e9s de Auroura","og_url":"https:\/\/web.consaguirre.com.ar\/noticias\/violet-grohl-comparte-cool-buzz-y-establece-fechas-principales\/","og_site_name":"Conservatorio de M\u00fasica Juli\u00e1n Aguirre","article_published_time":"2026-04-28T23:38:28+00:00","article_modified_time":"2026-04-28T23:38:29+00:00","og_image":[{"width":820,"height":820,"url":"https:\/\/web.consaguirre.com.ar\/noticias\/wp-content\/uploads\/2026\/04\/Violet-Grohl-comparte-Cool-Buzz-y-establece-fechas-principales.jpg","type":"image\/jpeg"}],"author":"Javier Figueroa","twitter_card":"summary_large_image","twitter_misc":{"Escrito por":"Javier Figueroa","Tiempo de lectura":"2 minutos"},"schema":{"@context":"https:\/\/schema.org","@graph":[{"@type":"Article","@id":"https:\/\/web.consaguirre.com.ar\/noticias\/violet-grohl-comparte-cool-buzz-y-establece-fechas-principales\/#article","isPartOf":{"@id":"https:\/\/web.consaguirre.com.ar\/noticias\/violet-grohl-comparte-cool-buzz-y-establece-fechas-principales\/"},"author":{"name":"Javier Figueroa","@id":"https:\/\/web.consaguirre.com.ar\/noticias\/#\/schema\/person\/6558b0cfedee7ddc5425602b237d5722"},"headline":"Violet Grohl comparte &#8216;Cool Buzz&#8217; y establece fechas principales","datePublished":"2026-04-28T23:38:28+00:00","dateModified":"2026-04-28T23:38:29+00:00","mainEntityOfPage":{"@id":"https:\/\/web.consaguirre.com.ar\/noticias\/violet-grohl-comparte-cool-buzz-y-establece-fechas-principales\/"},"wordCount":369,"publisher":{"@id":"https:\/\/web.consaguirre.com.ar\/noticias\/#organization"},"image":{"@id":"https:\/\/web.consaguirre.com.ar\/noticias\/violet-grohl-comparte-cool-buzz-y-establece-fechas-principales\/#primaryimage"},"thumbnailUrl":"https:\/\/web.consaguirre.com.ar\/noticias\/wp-content\/uploads\/2026\/04\/Violet-Grohl-comparte-Cool-Buzz-y-establece-fechas-principales.jpg","keywords":["Buzz","comparte","Cool","establece","fechas","Grohl","principales","Violet"],"articleSection":["El \u00faltimo"],"inLanguage":"es-AR"},{"@type":"WebPage","@id":"https:\/\/web.consaguirre.com.ar\/noticias\/violet-grohl-comparte-cool-buzz-y-establece-fechas-principales\/","url":"https:\/\/web.consaguirre.com.ar\/noticias\/violet-grohl-comparte-cool-buzz-y-establece-fechas-principales\/","name":"Violet Grohl comparte 'Cool Buzz' y establece fechas principales","isPartOf":{"@id":"https:\/\/web.consaguirre.com.ar\/noticias\/#website"},"primaryImageOfPage":{"@id":"https:\/\/web.consaguirre.com.ar\/noticias\/violet-grohl-comparte-cool-buzz-y-establece-fechas-principales\/#primaryimage"},"image":{"@id":"https:\/\/web.consaguirre.com.ar\/noticias\/violet-grohl-comparte-cool-buzz-y-establece-fechas-principales\/#primaryimage"},"thumbnailUrl":"https:\/\/web.consaguirre.com.ar\/noticias\/wp-content\/uploads\/2026\/04\/Violet-Grohl-comparte-Cool-Buzz-y-establece-fechas-principales.jpg","datePublished":"2026-04-28T23:38:28+00:00","dateModified":"2026-04-28T23:38:29+00:00","breadcrumb":{"@id":"https:\/\/web.consaguirre.com.ar\/noticias\/violet-grohl-comparte-cool-buzz-y-establece-fechas-principales\/#breadcrumb"},"inLanguage":"es-AR","potentialAction":[{"@type":"ReadAction","target":["https:\/\/web.consaguirre.com.ar\/noticias\/violet-grohl-comparte-cool-buzz-y-establece-fechas-principales\/"]}]},{"@type":"ImageObject","inLanguage":"es-AR","@id":"https:\/\/web.consaguirre.com.ar\/noticias\/violet-grohl-comparte-cool-buzz-y-establece-fechas-principales\/#primaryimage","url":"https:\/\/web.consaguirre.com.ar\/noticias\/wp-content\/uploads\/2026\/04\/Violet-Grohl-comparte-Cool-Buzz-y-establece-fechas-principales.jpg","contentUrl":"https:\/\/web.consaguirre.com.ar\/noticias\/wp-content\/uploads\/2026\/04\/Violet-Grohl-comparte-Cool-Buzz-y-establece-fechas-principales.jpg","width":820,"height":820,"caption":"Violet Grohl Be Sweet To Me album cover"},{"@type":"BreadcrumbList","@id":"https:\/\/web.consaguirre.com.ar\/noticias\/violet-grohl-comparte-cool-buzz-y-establece-fechas-principales\/#breadcrumb","itemListElement":[{"@type":"ListItem","position":1,"name":"Inicio","item":"https:\/\/web.consaguirre.com.ar\/noticias\/"},{"@type":"ListItem","position":2,"name":"Violet Grohl comparte &#8216;Cool Buzz&#8217; y establece fechas principales"}]},{"@type":"WebSite","@id":"https:\/\/web.consaguirre.com.ar\/noticias\/#website","url":"https:\/\/web.consaguirre.com.ar\/noticias\/","name":"Conservatorio de M\u00fasica Juli\u00e1n Aguirre","description":"","publisher":{"@id":"https:\/\/web.consaguirre.com.ar\/noticias\/#organization"},"potentialAction":[{"@type":"SearchAction","target":{"@type":"EntryPoint","urlTemplate":"https:\/\/web.consaguirre.com.ar\/noticias\/?s={search_term_string}"},"query-input":"required name=search_term_string"}],"inLanguage":"es-AR"},{"@type":"Organization","@id":"https:\/\/web.consaguirre.com.ar\/noticias\/#organization","name":"Conservatorio de M\u00fasica Juli\u00e1n Aguirre","url":"https:\/\/web.consaguirre.com.ar\/noticias\/","logo":{"@type":"ImageObject","inLanguage":"es-AR","@id":"https:\/\/web.consaguirre.com.ar\/noticias\/#\/schema\/logo\/image\/","url":"https:\/\/web.consaguirre.com.ar\/noticias\/wp-content\/uploads\/2024\/08\/Banner-Aguirre-23.jpg","contentUrl":"https:\/\/web.consaguirre.com.ar\/noticias\/wp-content\/uploads\/2024\/08\/Banner-Aguirre-23.jpg","width":1192,"height":600,"caption":"Conservatorio de M\u00fasica Juli\u00e1n Aguirre"},"image":{"@id":"https:\/\/web.consaguirre.com.ar\/noticias\/#\/schema\/logo\/image\/"}},{"@type":"Person","@id":"https:\/\/web.consaguirre.com.ar\/noticias\/#\/schema\/person\/6558b0cfedee7ddc5425602b237d5722","name":"Javier Figueroa","image":{"@type":"ImageObject","inLanguage":"es-AR","@id":"https:\/\/web.consaguirre.com.ar\/noticias\/#\/schema\/person\/image\/","url":"https:\/\/web.consaguirre.com.ar\/noticias\/wp-content\/uploads\/2024\/08\/Consaguirre-scaled.jpg","contentUrl":"https:\/\/web.consaguirre.com.ar\/noticias\/wp-content\/uploads\/2024\/08\/Consaguirre-scaled.jpg","caption":"Javier Figueroa"},"description":"Me llamo Javier Figueroa y soy redactor para el sitio oficial del Conservatorio de M\u00fasica Juli\u00e1n Aguirre en Buenos Aires, consaguirre.com. Apasionado por la m\u00fasica y la escritura, me esfuerzo por destacar los talentos y eventos de nuestra prestigiosa instituci\u00f3n. Mi trayectoria se nutre de una profunda admiraci\u00f3n por los artistas, haciendo de cada art\u00edculo una celebraci\u00f3n de la creatividad y la cultura musical.","sameAs":["https:\/\/web.consaguirre.com.ar\/noticias"]}]}},"_links":{"self":[{"href":"https:\/\/web.consaguirre.com.ar\/noticias\/wp-json\/wp\/v2\/posts\/5824"}],"collection":[{"href":"https:\/\/web.consaguirre.com.ar\/noticias\/wp-json\/wp\/v2\/posts"}],"about":[{"href":"https:\/\/web.consaguirre.com.ar\/noticias\/wp-json\/wp\/v2\/types\/post"}],"author":[{"embeddable":true,"href":"https:\/\/web.consaguirre.com.ar\/noticias\/wp-json\/wp\/v2\/users\/1"}],"replies":[{"embeddable":true,"href":"https:\/\/web.consaguirre.com.ar\/noticias\/wp-json\/wp\/v2\/comments?post=5824"}],"version-history":[{"count":1,"href":"https:\/\/web.consaguirre.com.ar\/noticias\/wp-json\/wp\/v2\/posts\/5824\/revisions"}],"predecessor-version":[{"id":5826,"href":"https:\/\/web.consaguirre.com.ar\/noticias\/wp-json\/wp\/v2\/posts\/5824\/revisions\/5826"}],"wp:featuredmedia":[{"embeddable":true,"href":"https:\/\/web.consaguirre.com.ar\/noticias\/wp-json\/wp\/v2\/media\/5825"}],"wp:attachment":[{"href":"https:\/\/web.consaguirre.com.ar\/noticias\/wp-json\/wp\/v2\/media?parent=5824"}],"wp:term":[{"taxonomy":"category","embeddable":true,"href":"https:\/\/web.consaguirre.com.ar\/noticias\/wp-json\/wp\/v2\/categories?post=5824"},{"taxonomy":"post_tag","embeddable":true,"href":"https:\/\/web.consaguirre.com.ar\/noticias\/wp-json\/wp\/v2\/tags?post=5824"}],"curies":[{"name":"wp","href":"https:\/\/api.w.org\/{rel}","templated":true}]}}