{"id":5821,"date":"2026-04-28T17:42:15","date_gmt":"2026-04-28T20:42:15","guid":{"rendered":"https:\/\/web.consaguirre.com.ar\/noticias\/big-band-bossa-nova-de-stan-getz-obtiene-una-reedicion-de-sonidos-acusticos\/"},"modified":"2026-04-28T17:42:16","modified_gmt":"2026-04-28T20:42:16","slug":"big-band-bossa-nova-de-stan-getz-obtiene-una-reedicion-de-sonidos-acusticos","status":"publish","type":"post","link":"https:\/\/web.consaguirre.com.ar\/noticias\/big-band-bossa-nova-de-stan-getz-obtiene-una-reedicion-de-sonidos-acusticos\/","title":{"rendered":"&#8216;Big Band Bossa Nova&#8217; de Stan Getz obtiene una reedici\u00f3n de sonidos ac\u00fasticos"},"content":{"rendered":"<p>Lanzado en 1962 en Verve, <em>Big Band Bossa Nova<\/em> Continu\u00f3 el compromiso de Stan Getz con la m\u00fasica brasile\u00f1a a principios de la d\u00e9cada de 1960 en un formato de conjunto grande. Producido por Creed Taylor y arreglado y dirigido por Gary McFarland, el \u00e1lbum coloca el saxof\u00f3n tenor de Getz dentro de escenarios orquestados que combinan escritura de metales y instrumentos de viento con las cualidades r\u00edtmicas de la samba y la bossa nova. Grabada en agosto de 1962 en el 30th Street Studio de Columbia en Nueva York, la sesi\u00f3n cont\u00f3 con m\u00fasicos de estudio, entre ellos el guitarrista Jim Hall, el trompetista Doc Severinsen, el bajista Tommy Williams y el baterista Johnny Rae.<\/p>\n<div align='center'>\n<div class=\"udiscover-store-container\">\n<div id='udiscover-store-one-product'><\/div>\n<\/div>\n<p>\/*<!(CDATA(*\/(function (){var scriptURL='https:\/\/sdks.shopifycdn.com\/buy-button\/latest\/buy-button-storefront.min.js';if(window.ShopifyBuy){if(window.ShopifyBuy.UI){ShopifyBuyInit();}else{loadScript();}}else{loadScript();}funci\u00f3n loadScript(){var script=document.createElement('script');script.async=true;script.src=scriptURL;(document.getElementsByTagName('head')(0)|| document.getElementsByTagName('body')(0)).appendChild(script);script.onload=ShopifyBuyInit;} function ShopifyBuyInit(){var cliente=ShopifyBuy.buildClient({dominio:'udiscover.myshopify.com',storefrontAccessToken: 'bdc89f347d2ce61c1feeb9f8c60b2b98',}); ShopifyBuy.UI.onReady(cliente).luego(funci\u00f3n(ui){ ui.createComponent('producto',{ id:(7783956611149), nodo:document.getElementById('udiscover-store-one-product'), moneyFormat:'%24%7B%7Bamount%7D%7D', opciones:{&quot;producto&quot;:{&quot;marco flotante&quot;:FALSO,&quot;eventos&quot;:{antes deInit:funci\u00f3n(producto){Objeto.defineProperty(producto,&quot;es bot\u00f3n&quot;,{get:function(){return true;}});Object.defineProperty(producto,&quot;opciones&quot;{get:function(){return this.config(this.typeKey);}});var actualOnButtonClick=product.onButtonClick;product.onButtonClick=function(event,target) {event.stopImmediatePropagation();this.options.buttonDestination=&quot;modal&quot;;actualOnButtonClick.call(este,evento,destino);};}},\n&quot;bot\u00f3nDestino&quot;:&quot;modal&quot;,&quot;contenido&quot;:{&quot;opciones&quot;:verdadero},&quot;texto&quot;:{&quot;bot\u00f3n&quot;:&quot;Ordene ahora&quot;,&quot;Agotado&quot;:&quot;Lo sentimos, esto est\u00e1 agotado.&quot;}},&quot;conjunto de productos&quot;:{&quot;marco flotante&quot;:FALSO},&quot;modalProducto&quot;:{&quot;marco flotante&quot;:FALSO,&quot;contenido&quot;:{&quot;imagen&quot;:FALSO,&quot;imgConCarrusel&quot;:verdadero,&quot;bot\u00f3n&quot;:FALSO,&quot;bot\u00f3nConCantidad&quot;:verdadero}},&quot;modal&quot;:{&quot;marco flotante&quot;:FALSO},&quot;opci\u00f3n&quot;:{&quot;marco flotante&quot;:FALSO},&quot;carro&quot;:{&quot;marco flotante&quot;:FALSO},&quot;palanca&quot;:{&quot;marco flotante&quot;:FALSO,&quot;contenido&quot;:{&quot;icono&quot;:FALSO}},&quot;art\u00edculo de l\u00ednea&quot;:{&quot;marco flotante&quot;:FALSO}},}); }); } })(); \/*))>*\/ <\/div>\n<\/p>\n<p>El repertorio se basa en composiciones brasile\u00f1as, como \u201cManh\u00e3 de Carnaval\u201d (\u201cMa\u00f1ana del Carnaval\u201d) de Luiz Bonf\u00e1 y \u201cChega de Saudade\u201d (\u201cNo More Blues\u201d) de Ant\u00f4nio Carlos Jobim y Vin\u00edcius de Moraes junto con material de McFarland (\u201cBalan\u00e7o no Samba\u201d o \u201cStreet Dance\u201d), y m\u00e1s. Emitido en el per\u00edodo siguiente <em>jazz samba<\/em> (1962) y anteriores <em>\u00a1Bis de Jazz Samba!<\/em> (1963) y <em>Getz\/Gilberto<\/em> (1964), el \u00e1lbum forma parte de la hist\u00f3rica secuencia de lanzamientos de Verve de Getz, que desempe\u00f1aron un papel clave en la introducci\u00f3n del boss nova al p\u00fablico norteamericano.<\/p>\n<p>En noticias recientes de Getz, se anunci\u00f3 que <em>Bis de jazz y samba<\/em> Tambi\u00e9n se unir\u00eda a la serie Acoustic Sounds de Verve. La discreta elegancia de ese \u00e1lbum y el cuidadoso equilibrio de personalidades han ayudado a que el \u00e1lbum perdure como una de las grabaciones m\u00e1s matizadas y atmosf\u00e9ricas del cat\u00e1logo de la \u00e9poca.<\/p>\n<p>\u00a1La serie Verve \/ Acoustic Sounds presenta reediciones en vinilo totalmente anal\u00f3gico de 180 gramos de \u00e1lbumes esenciales de Verve e Impulse! cat\u00e1logos. Masterizado a partir de las cintas anal\u00f3gicas originales por Ryan K. Smith en Sterling Sound y prensado en vinilo de 180 gramos en Quality Record Pressings (QRP) en Kansas, cada lanzamiento combina una fidelidad de audio de primer nivel con cubiertas meticulosamente reproducidas, ofreciendo recreaciones fieles de los LP originales para los oyentes m\u00e1s exigentes.<\/p>\n<p>Compre ahora la serie Verve Acoustic Sounds en vinilo.<\/p>\n","protected":false},"excerpt":{"rendered":"<p>Lanzado en 1962 en Verve, Big Band Bossa Nova Continu\u00f3 el compromiso de Stan Getz con la m\u00fasica brasile\u00f1a a principios de la d\u00e9cada de<\/p>\n","protected":false},"author":1,"featured_media":5822,"comment_status":"closed","ping_status":"","sticky":false,"template":"","format":"standard","meta":{"footnotes":""},"categories":[50],"tags":[3290,1247,199,587,3117,588,800,117,3289,3116,191],"class_list":["post-5821","post","type-post","status-publish","format-standard","has-post-thumbnail","hentry","category-el-ultimo","tag-acusticos","tag-band","tag-big","tag-bossa","tag-getz","tag-nova","tag-obtiene","tag-reedicion","tag-sonidos","tag-stan","tag-una","generate-columns","tablet-grid-50","mobile-grid-100","grid-parent","grid-50"],"yoast_head":"<!-- This site is optimized with the Yoast SEO plugin v23.3 - https:\/\/yoast.com\/wordpress\/plugins\/seo\/ -->\n<title>&#039;Big Band Bossa Nova&#039; de Stan Getz obtiene una reedici\u00f3n de sonidos ac\u00fasticos<\/title>\n<meta name=\"robots\" content=\"index, follow, max-snippet:-1, max-image-preview:large, max-video-preview:-1\" \/>\n<link rel=\"canonical\" href=\"https:\/\/web.consaguirre.com.ar\/noticias\/big-band-bossa-nova-de-stan-getz-obtiene-una-reedicion-de-sonidos-acusticos\/\" \/>\n<meta property=\"og:locale\" content=\"es_ES\" \/>\n<meta property=\"og:type\" content=\"article\" \/>\n<meta property=\"og:title\" content=\"&#039;Big Band Bossa Nova&#039; de Stan Getz obtiene una reedici\u00f3n de sonidos ac\u00fasticos\" \/>\n<meta property=\"og:description\" content=\"Lanzado en 1962 en Verve, Big Band Bossa Nova Continu\u00f3 el compromiso de Stan Getz con la m\u00fasica brasile\u00f1a a principios de la d\u00e9cada de\" \/>\n<meta property=\"og:url\" content=\"https:\/\/web.consaguirre.com.ar\/noticias\/big-band-bossa-nova-de-stan-getz-obtiene-una-reedicion-de-sonidos-acusticos\/\" \/>\n<meta property=\"og:site_name\" content=\"Conservatorio de M\u00fasica Juli\u00e1n Aguirre\" \/>\n<meta property=\"article:published_time\" content=\"2026-04-28T20:42:15+00:00\" \/>\n<meta property=\"article:modified_time\" content=\"2026-04-28T20:42:16+00:00\" \/>\n<meta property=\"og:image\" content=\"https:\/\/web.consaguirre.com.ar\/noticias\/wp-content\/uploads\/2026\/04\/Big-Band-Bossa-Nova-de-Stan-Getz-obtiene-una-reedicion.jpg\" \/>\n\t<meta property=\"og:image:width\" content=\"820\" \/>\n\t<meta property=\"og:image:height\" content=\"820\" \/>\n\t<meta property=\"og:image:type\" content=\"image\/jpeg\" \/>\n<meta name=\"author\" content=\"Javier Figueroa\" \/>\n<meta name=\"twitter:card\" content=\"summary_large_image\" \/>\n<meta name=\"twitter:label1\" content=\"Escrito por\" \/>\n\t<meta name=\"twitter:data1\" content=\"Javier Figueroa\" \/>\n\t<meta name=\"twitter:label2\" content=\"Tiempo de lectura\" \/>\n\t<meta name=\"twitter:data2\" content=\"2 minutos\" \/>\n<script type=\"application\/ld+json\" class=\"yoast-schema-graph\">{\"@context\":\"https:\/\/schema.org\",\"@graph\":[{\"@type\":\"Article\",\"@id\":\"https:\/\/web.consaguirre.com.ar\/noticias\/big-band-bossa-nova-de-stan-getz-obtiene-una-reedicion-de-sonidos-acusticos\/#article\",\"isPartOf\":{\"@id\":\"https:\/\/web.consaguirre.com.ar\/noticias\/big-band-bossa-nova-de-stan-getz-obtiene-una-reedicion-de-sonidos-acusticos\/\"},\"author\":{\"name\":\"Javier Figueroa\",\"@id\":\"https:\/\/web.consaguirre.com.ar\/noticias\/#\/schema\/person\/6558b0cfedee7ddc5425602b237d5722\"},\"headline\":\"&#8216;Big Band Bossa Nova&#8217; de Stan Getz obtiene una reedici\u00f3n de sonidos ac\u00fasticos\",\"datePublished\":\"2026-04-28T20:42:15+00:00\",\"dateModified\":\"2026-04-28T20:42:16+00:00\",\"mainEntityOfPage\":{\"@id\":\"https:\/\/web.consaguirre.com.ar\/noticias\/big-band-bossa-nova-de-stan-getz-obtiene-una-reedicion-de-sonidos-acusticos\/\"},\"wordCount\":384,\"publisher\":{\"@id\":\"https:\/\/web.consaguirre.com.ar\/noticias\/#organization\"},\"image\":{\"@id\":\"https:\/\/web.consaguirre.com.ar\/noticias\/big-band-bossa-nova-de-stan-getz-obtiene-una-reedicion-de-sonidos-acusticos\/#primaryimage\"},\"thumbnailUrl\":\"https:\/\/web.consaguirre.com.ar\/noticias\/wp-content\/uploads\/2026\/04\/Big-Band-Bossa-Nova-de-Stan-Getz-obtiene-una-reedicion.jpg\",\"keywords\":[\"ac\u00fasticos\",\"Band\",\"Big\",\"bossa\",\"Getz\",\"nova\",\"obtiene\",\"reedici\u00f3n\",\"sonidos\",\"Stan\",\"una\"],\"articleSection\":[\"El \u00faltimo\"],\"inLanguage\":\"es-AR\"},{\"@type\":\"WebPage\",\"@id\":\"https:\/\/web.consaguirre.com.ar\/noticias\/big-band-bossa-nova-de-stan-getz-obtiene-una-reedicion-de-sonidos-acusticos\/\",\"url\":\"https:\/\/web.consaguirre.com.ar\/noticias\/big-band-bossa-nova-de-stan-getz-obtiene-una-reedicion-de-sonidos-acusticos\/\",\"name\":\"'Big Band Bossa Nova' de Stan Getz obtiene una reedici\u00f3n de sonidos ac\u00fasticos\",\"isPartOf\":{\"@id\":\"https:\/\/web.consaguirre.com.ar\/noticias\/#website\"},\"primaryImageOfPage\":{\"@id\":\"https:\/\/web.consaguirre.com.ar\/noticias\/big-band-bossa-nova-de-stan-getz-obtiene-una-reedicion-de-sonidos-acusticos\/#primaryimage\"},\"image\":{\"@id\":\"https:\/\/web.consaguirre.com.ar\/noticias\/big-band-bossa-nova-de-stan-getz-obtiene-una-reedicion-de-sonidos-acusticos\/#primaryimage\"},\"thumbnailUrl\":\"https:\/\/web.consaguirre.com.ar\/noticias\/wp-content\/uploads\/2026\/04\/Big-Band-Bossa-Nova-de-Stan-Getz-obtiene-una-reedicion.jpg\",\"datePublished\":\"2026-04-28T20:42:15+00:00\",\"dateModified\":\"2026-04-28T20:42:16+00:00\",\"breadcrumb\":{\"@id\":\"https:\/\/web.consaguirre.com.ar\/noticias\/big-band-bossa-nova-de-stan-getz-obtiene-una-reedicion-de-sonidos-acusticos\/#breadcrumb\"},\"inLanguage\":\"es-AR\",\"potentialAction\":[{\"@type\":\"ReadAction\",\"target\":[\"https:\/\/web.consaguirre.com.ar\/noticias\/big-band-bossa-nova-de-stan-getz-obtiene-una-reedicion-de-sonidos-acusticos\/\"]}]},{\"@type\":\"ImageObject\",\"inLanguage\":\"es-AR\",\"@id\":\"https:\/\/web.consaguirre.com.ar\/noticias\/big-band-bossa-nova-de-stan-getz-obtiene-una-reedicion-de-sonidos-acusticos\/#primaryimage\",\"url\":\"https:\/\/web.consaguirre.com.ar\/noticias\/wp-content\/uploads\/2026\/04\/Big-Band-Bossa-Nova-de-Stan-Getz-obtiene-una-reedicion.jpg\",\"contentUrl\":\"https:\/\/web.consaguirre.com.ar\/noticias\/wp-content\/uploads\/2026\/04\/Big-Band-Bossa-Nova-de-Stan-Getz-obtiene-una-reedicion.jpg\",\"width\":820,\"height\":820,\"caption\":\"'Big Band Bossa Nova' de Stan Getz obtiene una reedici\u00f3n de sonidos ac\u00fasticos\"},{\"@type\":\"BreadcrumbList\",\"@id\":\"https:\/\/web.consaguirre.com.ar\/noticias\/big-band-bossa-nova-de-stan-getz-obtiene-una-reedicion-de-sonidos-acusticos\/#breadcrumb\",\"itemListElement\":[{\"@type\":\"ListItem\",\"position\":1,\"name\":\"Inicio\",\"item\":\"https:\/\/web.consaguirre.com.ar\/noticias\/\"},{\"@type\":\"ListItem\",\"position\":2,\"name\":\"&#8216;Big Band Bossa Nova&#8217; de Stan Getz obtiene una reedici\u00f3n de sonidos ac\u00fasticos\"}]},{\"@type\":\"WebSite\",\"@id\":\"https:\/\/web.consaguirre.com.ar\/noticias\/#website\",\"url\":\"https:\/\/web.consaguirre.com.ar\/noticias\/\",\"name\":\"Conservatorio de M\u00fasica Juli\u00e1n Aguirre\",\"description\":\"\",\"publisher\":{\"@id\":\"https:\/\/web.consaguirre.com.ar\/noticias\/#organization\"},\"potentialAction\":[{\"@type\":\"SearchAction\",\"target\":{\"@type\":\"EntryPoint\",\"urlTemplate\":\"https:\/\/web.consaguirre.com.ar\/noticias\/?s={search_term_string}\"},\"query-input\":\"required name=search_term_string\"}],\"inLanguage\":\"es-AR\"},{\"@type\":\"Organization\",\"@id\":\"https:\/\/web.consaguirre.com.ar\/noticias\/#organization\",\"name\":\"Conservatorio de M\u00fasica Juli\u00e1n Aguirre\",\"url\":\"https:\/\/web.consaguirre.com.ar\/noticias\/\",\"logo\":{\"@type\":\"ImageObject\",\"inLanguage\":\"es-AR\",\"@id\":\"https:\/\/web.consaguirre.com.ar\/noticias\/#\/schema\/logo\/image\/\",\"url\":\"https:\/\/web.consaguirre.com.ar\/noticias\/wp-content\/uploads\/2024\/08\/Banner-Aguirre-23.jpg\",\"contentUrl\":\"https:\/\/web.consaguirre.com.ar\/noticias\/wp-content\/uploads\/2024\/08\/Banner-Aguirre-23.jpg\",\"width\":1192,\"height\":600,\"caption\":\"Conservatorio de M\u00fasica Juli\u00e1n Aguirre\"},\"image\":{\"@id\":\"https:\/\/web.consaguirre.com.ar\/noticias\/#\/schema\/logo\/image\/\"}},{\"@type\":\"Person\",\"@id\":\"https:\/\/web.consaguirre.com.ar\/noticias\/#\/schema\/person\/6558b0cfedee7ddc5425602b237d5722\",\"name\":\"Javier Figueroa\",\"image\":{\"@type\":\"ImageObject\",\"inLanguage\":\"es-AR\",\"@id\":\"https:\/\/web.consaguirre.com.ar\/noticias\/#\/schema\/person\/image\/\",\"url\":\"https:\/\/web.consaguirre.com.ar\/noticias\/wp-content\/uploads\/2024\/08\/Consaguirre-scaled.jpg\",\"contentUrl\":\"https:\/\/web.consaguirre.com.ar\/noticias\/wp-content\/uploads\/2024\/08\/Consaguirre-scaled.jpg\",\"caption\":\"Javier Figueroa\"},\"description\":\"Me llamo Javier Figueroa y soy redactor para el sitio oficial del Conservatorio de M\u00fasica Juli\u00e1n Aguirre en Buenos Aires, consaguirre.com. Apasionado por la m\u00fasica y la escritura, me esfuerzo por destacar los talentos y eventos de nuestra prestigiosa instituci\u00f3n. Mi trayectoria se nutre de una profunda admiraci\u00f3n por los artistas, haciendo de cada art\u00edculo una celebraci\u00f3n de la creatividad y la cultura musical.\",\"sameAs\":[\"https:\/\/web.consaguirre.com.ar\/noticias\"]}]}<\/script>\n<!-- \/ Yoast SEO plugin. -->","yoast_head_json":{"title":"'Big Band Bossa Nova' de Stan Getz obtiene una reedici\u00f3n de sonidos ac\u00fasticos","robots":{"index":"index","follow":"follow","max-snippet":"max-snippet:-1","max-image-preview":"max-image-preview:large","max-video-preview":"max-video-preview:-1"},"canonical":"https:\/\/web.consaguirre.com.ar\/noticias\/big-band-bossa-nova-de-stan-getz-obtiene-una-reedicion-de-sonidos-acusticos\/","og_locale":"es_ES","og_type":"article","og_title":"'Big Band Bossa Nova' de Stan Getz obtiene una reedici\u00f3n de sonidos ac\u00fasticos","og_description":"Lanzado en 1962 en Verve, Big Band Bossa Nova Continu\u00f3 el compromiso de Stan Getz con la m\u00fasica brasile\u00f1a a principios de la d\u00e9cada de","og_url":"https:\/\/web.consaguirre.com.ar\/noticias\/big-band-bossa-nova-de-stan-getz-obtiene-una-reedicion-de-sonidos-acusticos\/","og_site_name":"Conservatorio de M\u00fasica Juli\u00e1n Aguirre","article_published_time":"2026-04-28T20:42:15+00:00","article_modified_time":"2026-04-28T20:42:16+00:00","og_image":[{"width":820,"height":820,"url":"https:\/\/web.consaguirre.com.ar\/noticias\/wp-content\/uploads\/2026\/04\/Big-Band-Bossa-Nova-de-Stan-Getz-obtiene-una-reedicion.jpg","type":"image\/jpeg"}],"author":"Javier Figueroa","twitter_card":"summary_large_image","twitter_misc":{"Escrito por":"Javier Figueroa","Tiempo de lectura":"2 minutos"},"schema":{"@context":"https:\/\/schema.org","@graph":[{"@type":"Article","@id":"https:\/\/web.consaguirre.com.ar\/noticias\/big-band-bossa-nova-de-stan-getz-obtiene-una-reedicion-de-sonidos-acusticos\/#article","isPartOf":{"@id":"https:\/\/web.consaguirre.com.ar\/noticias\/big-band-bossa-nova-de-stan-getz-obtiene-una-reedicion-de-sonidos-acusticos\/"},"author":{"name":"Javier Figueroa","@id":"https:\/\/web.consaguirre.com.ar\/noticias\/#\/schema\/person\/6558b0cfedee7ddc5425602b237d5722"},"headline":"&#8216;Big Band Bossa Nova&#8217; de Stan Getz obtiene una reedici\u00f3n de sonidos ac\u00fasticos","datePublished":"2026-04-28T20:42:15+00:00","dateModified":"2026-04-28T20:42:16+00:00","mainEntityOfPage":{"@id":"https:\/\/web.consaguirre.com.ar\/noticias\/big-band-bossa-nova-de-stan-getz-obtiene-una-reedicion-de-sonidos-acusticos\/"},"wordCount":384,"publisher":{"@id":"https:\/\/web.consaguirre.com.ar\/noticias\/#organization"},"image":{"@id":"https:\/\/web.consaguirre.com.ar\/noticias\/big-band-bossa-nova-de-stan-getz-obtiene-una-reedicion-de-sonidos-acusticos\/#primaryimage"},"thumbnailUrl":"https:\/\/web.consaguirre.com.ar\/noticias\/wp-content\/uploads\/2026\/04\/Big-Band-Bossa-Nova-de-Stan-Getz-obtiene-una-reedicion.jpg","keywords":["ac\u00fasticos","Band","Big","bossa","Getz","nova","obtiene","reedici\u00f3n","sonidos","Stan","una"],"articleSection":["El \u00faltimo"],"inLanguage":"es-AR"},{"@type":"WebPage","@id":"https:\/\/web.consaguirre.com.ar\/noticias\/big-band-bossa-nova-de-stan-getz-obtiene-una-reedicion-de-sonidos-acusticos\/","url":"https:\/\/web.consaguirre.com.ar\/noticias\/big-band-bossa-nova-de-stan-getz-obtiene-una-reedicion-de-sonidos-acusticos\/","name":"'Big Band Bossa Nova' de Stan Getz obtiene una reedici\u00f3n de sonidos ac\u00fasticos","isPartOf":{"@id":"https:\/\/web.consaguirre.com.ar\/noticias\/#website"},"primaryImageOfPage":{"@id":"https:\/\/web.consaguirre.com.ar\/noticias\/big-band-bossa-nova-de-stan-getz-obtiene-una-reedicion-de-sonidos-acusticos\/#primaryimage"},"image":{"@id":"https:\/\/web.consaguirre.com.ar\/noticias\/big-band-bossa-nova-de-stan-getz-obtiene-una-reedicion-de-sonidos-acusticos\/#primaryimage"},"thumbnailUrl":"https:\/\/web.consaguirre.com.ar\/noticias\/wp-content\/uploads\/2026\/04\/Big-Band-Bossa-Nova-de-Stan-Getz-obtiene-una-reedicion.jpg","datePublished":"2026-04-28T20:42:15+00:00","dateModified":"2026-04-28T20:42:16+00:00","breadcrumb":{"@id":"https:\/\/web.consaguirre.com.ar\/noticias\/big-band-bossa-nova-de-stan-getz-obtiene-una-reedicion-de-sonidos-acusticos\/#breadcrumb"},"inLanguage":"es-AR","potentialAction":[{"@type":"ReadAction","target":["https:\/\/web.consaguirre.com.ar\/noticias\/big-band-bossa-nova-de-stan-getz-obtiene-una-reedicion-de-sonidos-acusticos\/"]}]},{"@type":"ImageObject","inLanguage":"es-AR","@id":"https:\/\/web.consaguirre.com.ar\/noticias\/big-band-bossa-nova-de-stan-getz-obtiene-una-reedicion-de-sonidos-acusticos\/#primaryimage","url":"https:\/\/web.consaguirre.com.ar\/noticias\/wp-content\/uploads\/2026\/04\/Big-Band-Bossa-Nova-de-Stan-Getz-obtiene-una-reedicion.jpg","contentUrl":"https:\/\/web.consaguirre.com.ar\/noticias\/wp-content\/uploads\/2026\/04\/Big-Band-Bossa-Nova-de-Stan-Getz-obtiene-una-reedicion.jpg","width":820,"height":820,"caption":"'Big Band Bossa Nova' de Stan Getz obtiene una reedici\u00f3n de sonidos ac\u00fasticos"},{"@type":"BreadcrumbList","@id":"https:\/\/web.consaguirre.com.ar\/noticias\/big-band-bossa-nova-de-stan-getz-obtiene-una-reedicion-de-sonidos-acusticos\/#breadcrumb","itemListElement":[{"@type":"ListItem","position":1,"name":"Inicio","item":"https:\/\/web.consaguirre.com.ar\/noticias\/"},{"@type":"ListItem","position":2,"name":"&#8216;Big Band Bossa Nova&#8217; de Stan Getz obtiene una reedici\u00f3n de sonidos ac\u00fasticos"}]},{"@type":"WebSite","@id":"https:\/\/web.consaguirre.com.ar\/noticias\/#website","url":"https:\/\/web.consaguirre.com.ar\/noticias\/","name":"Conservatorio de M\u00fasica Juli\u00e1n Aguirre","description":"","publisher":{"@id":"https:\/\/web.consaguirre.com.ar\/noticias\/#organization"},"potentialAction":[{"@type":"SearchAction","target":{"@type":"EntryPoint","urlTemplate":"https:\/\/web.consaguirre.com.ar\/noticias\/?s={search_term_string}"},"query-input":"required name=search_term_string"}],"inLanguage":"es-AR"},{"@type":"Organization","@id":"https:\/\/web.consaguirre.com.ar\/noticias\/#organization","name":"Conservatorio de M\u00fasica Juli\u00e1n Aguirre","url":"https:\/\/web.consaguirre.com.ar\/noticias\/","logo":{"@type":"ImageObject","inLanguage":"es-AR","@id":"https:\/\/web.consaguirre.com.ar\/noticias\/#\/schema\/logo\/image\/","url":"https:\/\/web.consaguirre.com.ar\/noticias\/wp-content\/uploads\/2024\/08\/Banner-Aguirre-23.jpg","contentUrl":"https:\/\/web.consaguirre.com.ar\/noticias\/wp-content\/uploads\/2024\/08\/Banner-Aguirre-23.jpg","width":1192,"height":600,"caption":"Conservatorio de M\u00fasica Juli\u00e1n Aguirre"},"image":{"@id":"https:\/\/web.consaguirre.com.ar\/noticias\/#\/schema\/logo\/image\/"}},{"@type":"Person","@id":"https:\/\/web.consaguirre.com.ar\/noticias\/#\/schema\/person\/6558b0cfedee7ddc5425602b237d5722","name":"Javier Figueroa","image":{"@type":"ImageObject","inLanguage":"es-AR","@id":"https:\/\/web.consaguirre.com.ar\/noticias\/#\/schema\/person\/image\/","url":"https:\/\/web.consaguirre.com.ar\/noticias\/wp-content\/uploads\/2024\/08\/Consaguirre-scaled.jpg","contentUrl":"https:\/\/web.consaguirre.com.ar\/noticias\/wp-content\/uploads\/2024\/08\/Consaguirre-scaled.jpg","caption":"Javier Figueroa"},"description":"Me llamo Javier Figueroa y soy redactor para el sitio oficial del Conservatorio de M\u00fasica Juli\u00e1n Aguirre en Buenos Aires, consaguirre.com. Apasionado por la m\u00fasica y la escritura, me esfuerzo por destacar los talentos y eventos de nuestra prestigiosa instituci\u00f3n. Mi trayectoria se nutre de una profunda admiraci\u00f3n por los artistas, haciendo de cada art\u00edculo una celebraci\u00f3n de la creatividad y la cultura musical.","sameAs":["https:\/\/web.consaguirre.com.ar\/noticias"]}]}},"_links":{"self":[{"href":"https:\/\/web.consaguirre.com.ar\/noticias\/wp-json\/wp\/v2\/posts\/5821"}],"collection":[{"href":"https:\/\/web.consaguirre.com.ar\/noticias\/wp-json\/wp\/v2\/posts"}],"about":[{"href":"https:\/\/web.consaguirre.com.ar\/noticias\/wp-json\/wp\/v2\/types\/post"}],"author":[{"embeddable":true,"href":"https:\/\/web.consaguirre.com.ar\/noticias\/wp-json\/wp\/v2\/users\/1"}],"replies":[{"embeddable":true,"href":"https:\/\/web.consaguirre.com.ar\/noticias\/wp-json\/wp\/v2\/comments?post=5821"}],"version-history":[{"count":1,"href":"https:\/\/web.consaguirre.com.ar\/noticias\/wp-json\/wp\/v2\/posts\/5821\/revisions"}],"predecessor-version":[{"id":5823,"href":"https:\/\/web.consaguirre.com.ar\/noticias\/wp-json\/wp\/v2\/posts\/5821\/revisions\/5823"}],"wp:featuredmedia":[{"embeddable":true,"href":"https:\/\/web.consaguirre.com.ar\/noticias\/wp-json\/wp\/v2\/media\/5822"}],"wp:attachment":[{"href":"https:\/\/web.consaguirre.com.ar\/noticias\/wp-json\/wp\/v2\/media?parent=5821"}],"wp:term":[{"taxonomy":"category","embeddable":true,"href":"https:\/\/web.consaguirre.com.ar\/noticias\/wp-json\/wp\/v2\/categories?post=5821"},{"taxonomy":"post_tag","embeddable":true,"href":"https:\/\/web.consaguirre.com.ar\/noticias\/wp-json\/wp\/v2\/tags?post=5821"}],"curies":[{"name":"wp","href":"https:\/\/api.w.org\/{rel}","templated":true}]}}