{"id":5818,"date":"2026-04-28T14:39:09","date_gmt":"2026-04-28T17:39:09","guid":{"rendered":"https:\/\/web.consaguirre.com.ar\/noticias\/el-album-de-hank-mobley-de-1958-obtiene-una-reedicion-en-vinilo-del-clasico-blue-note\/"},"modified":"2026-04-28T14:39:10","modified_gmt":"2026-04-28T17:39:10","slug":"el-album-de-hank-mobley-de-1958-obtiene-una-reedicion-en-vinilo-del-clasico-blue-note","status":"publish","type":"post","link":"https:\/\/web.consaguirre.com.ar\/noticias\/el-album-de-hank-mobley-de-1958-obtiene-una-reedicion-en-vinilo-del-clasico-blue-note\/","title":{"rendered":"El \u00e1lbum de Hank Mobley de 1958 obtiene una reedici\u00f3n en vinilo del cl\u00e1sico Blue Note"},"content":{"rendered":"<p>El raro \u00e1lbum hom\u00f3nimo de 1958 del saxofonista tenor Hank Mobley se relanzar\u00e1 a trav\u00e9s de la serie Blue Note Classic Vinyl.<\/p>\n<p>Esta edici\u00f3n en vinilo Blue Note Classic es mono, totalmente anal\u00f3gica, masterizada por Kevin Gray a partir de las cintas maestras originales y prensada en vinilo de 180 g en Optimal.<\/p>\n<div align='center'>\n<div class=\"udiscover-store-container\">\n<div id='udiscover-store-one-product'><\/div>\n<\/div>\n<p>\/*<!(CDATA(*\/(function (){var scriptURL='https:\/\/sdks.shopifycdn.com\/buy-button\/latest\/buy-button-storefront.min.js';if(window.ShopifyBuy){if(window.ShopifyBuy.UI){ShopifyBuyInit();}else{loadScript();}}else{loadScript();}funci\u00f3n loadScript(){var script=document.createElement('script');script.async=true;script.src=scriptURL;(document.getElementsByTagName('head')(0)|| document.getElementsByTagName('body')(0)).appendChild(script);script.onload=ShopifyBuyInit;} function ShopifyBuyInit(){var cliente=ShopifyBuy.buildClient({dominio:'udiscover.myshopify.com',storefrontAccessToken: 'bdc89f347d2ce61c1feeb9f8c60b2b98',}); ShopifyBuy.UI.onReady(cliente).luego(funci\u00f3n(ui){ ui.createComponent('producto',{ id:(7783876395085), nodo:document.getElementById('udiscover-store-one-product'), moneyFormat:'%24%7B%7Bamount%7D%7D', opciones:{&quot;producto&quot;:{&quot;marco flotante&quot;:FALSO,&quot;eventos&quot;:{antes deInit:funci\u00f3n(producto){Objeto.defineProperty(producto,&quot;es bot\u00f3n&quot;,{get:function(){return true;}});Object.defineProperty(producto,&quot;opciones&quot;{get:function(){return this.config(this.typeKey);}});var actualOnButtonClick=product.onButtonClick;product.onButtonClick=function(event,target) {event.stopImmediatePropagation();this.options.buttonDestination=&quot;modal&quot;;actualOnButtonClick.call(este,evento,destino);};}},\n&quot;bot\u00f3nDestino&quot;:&quot;modal&quot;,&quot;contenido&quot;:{&quot;opciones&quot;:verdadero},&quot;texto&quot;:{&quot;bot\u00f3n&quot;:&quot;Ordene ahora&quot;,&quot;Agotado&quot;:&quot;Lo sentimos, esto est\u00e1 agotado.&quot;}},&quot;conjunto de productos&quot;:{&quot;marco flotante&quot;:FALSO},&quot;modalProducto&quot;:{&quot;marco flotante&quot;:FALSO,&quot;contenido&quot;:{&quot;imagen&quot;:FALSO,&quot;imgConCarrusel&quot;:verdadero,&quot;bot\u00f3n&quot;:FALSO,&quot;bot\u00f3nConCantidad&quot;:verdadero}},&quot;modal&quot;:{&quot;marco flotante&quot;:FALSO},&quot;opci\u00f3n&quot;:{&quot;marco flotante&quot;:FALSO},&quot;carro&quot;:{&quot;marco flotante&quot;:FALSO},&quot;palanca&quot;:{&quot;marco flotante&quot;:FALSO,&quot;contenido&quot;:{&quot;icono&quot;:FALSO}},&quot;art\u00edculo de l\u00ednea&quot;:{&quot;marco flotante&quot;:FALSO}},}); }); } })(); \/*))>*\/ <\/div>\n<\/p>\n<p>La carrera musical de Mobley comenz\u00f3 en 1951 cuando conoci\u00f3 la escena del jazz de la ciudad de Nueva York, tocando en bandas como la Duke Ellington Orchestra. Mobley trabaj\u00f3 por primera vez con Blue Note en 1954, cuando actu\u00f3 como miembro de Jazz Messengers de Horace Silver. Comenz\u00f3 a liderar sus propias fechas al a\u00f1o siguiente, marcando el inicio de una carrera de 15 a\u00f1os en el hist\u00f3rico sello. Su debut en Blue Note Records fue en 1955. <em>Cuarteto Hank Mobley<\/em> \u00e1lbum.<\/p>\n<p>Grabado en 1957, el \u00e1lbum de sexteto hom\u00f3nimo cuenta con el saxofonista Curtis Porter en alto y tenor, Bill Hardman en trompeta, Sonny Clark en piano, Paul Chambers en bajo y Art Taylor en bater\u00eda. El set comienza con \u201cMighty Moe And Joe\u201d de Porter antes de un paseo por el est\u00e1ndar de Rodgers y Hart \u201cFalling In Love With Love\u201d. Cerrando la primera cara del \u00e1lbum est\u00e1 \u201cBags&#8217; Groove\u201d de Milt Jackson. La segunda cara de Hank Mobley se abre con la \u201cDouble Exposure\u201d del propio m\u00fasico. El \u00e1lbum concluye con &#8220;News&#8221; de Porter.<\/p>\n<p><em>Hank Mobley<\/em> fue precedido por 1957 <em>Madeja<\/em>que incluye est\u00e1ndares de jazz como \u201cTime After Time\u201d y \u201cYou&#8217;d Be So Easy to Love\u201d, que fue escrita originalmente para el espect\u00e1culo de Broadway de 1934. <em>Todo vale<\/em>. <em>Madeja<\/em> fue reeditado en 2025 como parte de la serie Tone Poet de Blue Note.<\/p>\n<p><b>Compre la serie de vinilos Blue Note Classic en vinilo aqu\u00ed.<\/b><\/p>\n","protected":false},"excerpt":{"rendered":"<p>El raro \u00e1lbum hom\u00f3nimo de 1958 del saxofonista tenor Hank Mobley se relanzar\u00e1 a trav\u00e9s de la serie Blue Note Classic Vinyl. Esta edici\u00f3n en<\/p>\n","protected":false},"author":1,"featured_media":5819,"comment_status":"closed","ping_status":"","sticky":false,"template":"","format":"standard","meta":{"footnotes":""},"categories":[50],"tags":[147,498,580,10,2147,2148,1238,800,117,191,87],"class_list":["post-5818","post","type-post","status-publish","format-standard","has-post-thumbnail","hentry","category-el-ultimo","tag-album","tag-blue","tag-clasico","tag-del","tag-hank","tag-mobley","tag-note","tag-obtiene","tag-reedicion","tag-una","tag-vinilo","generate-columns","tablet-grid-50","mobile-grid-100","grid-parent","grid-50"],"yoast_head":"<!-- This site is optimized with the Yoast SEO plugin v23.3 - https:\/\/yoast.com\/wordpress\/plugins\/seo\/ -->\n<title>El \u00e1lbum de Hank Mobley de 1958 obtiene una reedici\u00f3n en vinilo del cl\u00e1sico Blue Note<\/title>\n<meta name=\"robots\" content=\"index, follow, max-snippet:-1, max-image-preview:large, max-video-preview:-1\" \/>\n<link rel=\"canonical\" href=\"https:\/\/web.consaguirre.com.ar\/noticias\/el-album-de-hank-mobley-de-1958-obtiene-una-reedicion-en-vinilo-del-clasico-blue-note\/\" \/>\n<meta property=\"og:locale\" content=\"es_ES\" \/>\n<meta property=\"og:type\" content=\"article\" \/>\n<meta property=\"og:title\" content=\"El \u00e1lbum de Hank Mobley de 1958 obtiene una reedici\u00f3n en vinilo del cl\u00e1sico Blue Note\" \/>\n<meta property=\"og:description\" content=\"El raro \u00e1lbum hom\u00f3nimo de 1958 del saxofonista tenor Hank Mobley se relanzar\u00e1 a trav\u00e9s de la serie Blue Note Classic Vinyl. Esta edici\u00f3n en\" \/>\n<meta property=\"og:url\" content=\"https:\/\/web.consaguirre.com.ar\/noticias\/el-album-de-hank-mobley-de-1958-obtiene-una-reedicion-en-vinilo-del-clasico-blue-note\/\" \/>\n<meta property=\"og:site_name\" content=\"Conservatorio de M\u00fasica Juli\u00e1n Aguirre\" \/>\n<meta property=\"article:published_time\" content=\"2026-04-28T17:39:09+00:00\" \/>\n<meta property=\"article:modified_time\" content=\"2026-04-28T17:39:10+00:00\" \/>\n<meta property=\"og:image\" content=\"https:\/\/web.consaguirre.com.ar\/noticias\/wp-content\/uploads\/2026\/04\/El-album-de-Hank-Mobley-de-1958-obtiene-una-reedicion.jpg\" \/>\n\t<meta property=\"og:image:width\" content=\"820\" \/>\n\t<meta property=\"og:image:height\" content=\"820\" \/>\n\t<meta property=\"og:image:type\" content=\"image\/jpeg\" \/>\n<meta name=\"author\" content=\"Javier Figueroa\" \/>\n<meta name=\"twitter:card\" content=\"summary_large_image\" \/>\n<meta name=\"twitter:label1\" content=\"Escrito por\" \/>\n\t<meta name=\"twitter:data1\" content=\"Javier Figueroa\" \/>\n\t<meta name=\"twitter:label2\" content=\"Tiempo de lectura\" \/>\n\t<meta name=\"twitter:data2\" content=\"1 minuto\" \/>\n<script type=\"application\/ld+json\" class=\"yoast-schema-graph\">{\"@context\":\"https:\/\/schema.org\",\"@graph\":[{\"@type\":\"Article\",\"@id\":\"https:\/\/web.consaguirre.com.ar\/noticias\/el-album-de-hank-mobley-de-1958-obtiene-una-reedicion-en-vinilo-del-clasico-blue-note\/#article\",\"isPartOf\":{\"@id\":\"https:\/\/web.consaguirre.com.ar\/noticias\/el-album-de-hank-mobley-de-1958-obtiene-una-reedicion-en-vinilo-del-clasico-blue-note\/\"},\"author\":{\"name\":\"Javier Figueroa\",\"@id\":\"https:\/\/web.consaguirre.com.ar\/noticias\/#\/schema\/person\/6558b0cfedee7ddc5425602b237d5722\"},\"headline\":\"El \u00e1lbum de Hank Mobley de 1958 obtiene una reedici\u00f3n en vinilo del cl\u00e1sico Blue Note\",\"datePublished\":\"2026-04-28T17:39:09+00:00\",\"dateModified\":\"2026-04-28T17:39:10+00:00\",\"mainEntityOfPage\":{\"@id\":\"https:\/\/web.consaguirre.com.ar\/noticias\/el-album-de-hank-mobley-de-1958-obtiene-una-reedicion-en-vinilo-del-clasico-blue-note\/\"},\"wordCount\":313,\"publisher\":{\"@id\":\"https:\/\/web.consaguirre.com.ar\/noticias\/#organization\"},\"image\":{\"@id\":\"https:\/\/web.consaguirre.com.ar\/noticias\/el-album-de-hank-mobley-de-1958-obtiene-una-reedicion-en-vinilo-del-clasico-blue-note\/#primaryimage\"},\"thumbnailUrl\":\"https:\/\/web.consaguirre.com.ar\/noticias\/wp-content\/uploads\/2026\/04\/El-album-de-Hank-Mobley-de-1958-obtiene-una-reedicion.jpg\",\"keywords\":[\"\u00e1lbum\",\"Blue\",\"cl\u00e1sico\",\"del\",\"Hank\",\"Mobley\",\"Note\",\"obtiene\",\"reedici\u00f3n\",\"una\",\"vinilo\"],\"articleSection\":[\"El \u00faltimo\"],\"inLanguage\":\"es-AR\"},{\"@type\":\"WebPage\",\"@id\":\"https:\/\/web.consaguirre.com.ar\/noticias\/el-album-de-hank-mobley-de-1958-obtiene-una-reedicion-en-vinilo-del-clasico-blue-note\/\",\"url\":\"https:\/\/web.consaguirre.com.ar\/noticias\/el-album-de-hank-mobley-de-1958-obtiene-una-reedicion-en-vinilo-del-clasico-blue-note\/\",\"name\":\"El \u00e1lbum de Hank Mobley de 1958 obtiene una reedici\u00f3n en vinilo del cl\u00e1sico Blue Note\",\"isPartOf\":{\"@id\":\"https:\/\/web.consaguirre.com.ar\/noticias\/#website\"},\"primaryImageOfPage\":{\"@id\":\"https:\/\/web.consaguirre.com.ar\/noticias\/el-album-de-hank-mobley-de-1958-obtiene-una-reedicion-en-vinilo-del-clasico-blue-note\/#primaryimage\"},\"image\":{\"@id\":\"https:\/\/web.consaguirre.com.ar\/noticias\/el-album-de-hank-mobley-de-1958-obtiene-una-reedicion-en-vinilo-del-clasico-blue-note\/#primaryimage\"},\"thumbnailUrl\":\"https:\/\/web.consaguirre.com.ar\/noticias\/wp-content\/uploads\/2026\/04\/El-album-de-Hank-Mobley-de-1958-obtiene-una-reedicion.jpg\",\"datePublished\":\"2026-04-28T17:39:09+00:00\",\"dateModified\":\"2026-04-28T17:39:10+00:00\",\"breadcrumb\":{\"@id\":\"https:\/\/web.consaguirre.com.ar\/noticias\/el-album-de-hank-mobley-de-1958-obtiene-una-reedicion-en-vinilo-del-clasico-blue-note\/#breadcrumb\"},\"inLanguage\":\"es-AR\",\"potentialAction\":[{\"@type\":\"ReadAction\",\"target\":[\"https:\/\/web.consaguirre.com.ar\/noticias\/el-album-de-hank-mobley-de-1958-obtiene-una-reedicion-en-vinilo-del-clasico-blue-note\/\"]}]},{\"@type\":\"ImageObject\",\"inLanguage\":\"es-AR\",\"@id\":\"https:\/\/web.consaguirre.com.ar\/noticias\/el-album-de-hank-mobley-de-1958-obtiene-una-reedicion-en-vinilo-del-clasico-blue-note\/#primaryimage\",\"url\":\"https:\/\/web.consaguirre.com.ar\/noticias\/wp-content\/uploads\/2026\/04\/El-album-de-Hank-Mobley-de-1958-obtiene-una-reedicion.jpg\",\"contentUrl\":\"https:\/\/web.consaguirre.com.ar\/noticias\/wp-content\/uploads\/2026\/04\/El-album-de-Hank-Mobley-de-1958-obtiene-una-reedicion.jpg\",\"width\":820,\"height\":820,\"caption\":\"Hank Mobley cover\"},{\"@type\":\"BreadcrumbList\",\"@id\":\"https:\/\/web.consaguirre.com.ar\/noticias\/el-album-de-hank-mobley-de-1958-obtiene-una-reedicion-en-vinilo-del-clasico-blue-note\/#breadcrumb\",\"itemListElement\":[{\"@type\":\"ListItem\",\"position\":1,\"name\":\"Inicio\",\"item\":\"https:\/\/web.consaguirre.com.ar\/noticias\/\"},{\"@type\":\"ListItem\",\"position\":2,\"name\":\"El \u00e1lbum de Hank Mobley de 1958 obtiene una reedici\u00f3n en vinilo del cl\u00e1sico Blue Note\"}]},{\"@type\":\"WebSite\",\"@id\":\"https:\/\/web.consaguirre.com.ar\/noticias\/#website\",\"url\":\"https:\/\/web.consaguirre.com.ar\/noticias\/\",\"name\":\"Conservatorio de M\u00fasica Juli\u00e1n Aguirre\",\"description\":\"\",\"publisher\":{\"@id\":\"https:\/\/web.consaguirre.com.ar\/noticias\/#organization\"},\"potentialAction\":[{\"@type\":\"SearchAction\",\"target\":{\"@type\":\"EntryPoint\",\"urlTemplate\":\"https:\/\/web.consaguirre.com.ar\/noticias\/?s={search_term_string}\"},\"query-input\":\"required name=search_term_string\"}],\"inLanguage\":\"es-AR\"},{\"@type\":\"Organization\",\"@id\":\"https:\/\/web.consaguirre.com.ar\/noticias\/#organization\",\"name\":\"Conservatorio de M\u00fasica Juli\u00e1n Aguirre\",\"url\":\"https:\/\/web.consaguirre.com.ar\/noticias\/\",\"logo\":{\"@type\":\"ImageObject\",\"inLanguage\":\"es-AR\",\"@id\":\"https:\/\/web.consaguirre.com.ar\/noticias\/#\/schema\/logo\/image\/\",\"url\":\"https:\/\/web.consaguirre.com.ar\/noticias\/wp-content\/uploads\/2024\/08\/Banner-Aguirre-23.jpg\",\"contentUrl\":\"https:\/\/web.consaguirre.com.ar\/noticias\/wp-content\/uploads\/2024\/08\/Banner-Aguirre-23.jpg\",\"width\":1192,\"height\":600,\"caption\":\"Conservatorio de M\u00fasica Juli\u00e1n Aguirre\"},\"image\":{\"@id\":\"https:\/\/web.consaguirre.com.ar\/noticias\/#\/schema\/logo\/image\/\"}},{\"@type\":\"Person\",\"@id\":\"https:\/\/web.consaguirre.com.ar\/noticias\/#\/schema\/person\/6558b0cfedee7ddc5425602b237d5722\",\"name\":\"Javier Figueroa\",\"image\":{\"@type\":\"ImageObject\",\"inLanguage\":\"es-AR\",\"@id\":\"https:\/\/web.consaguirre.com.ar\/noticias\/#\/schema\/person\/image\/\",\"url\":\"https:\/\/web.consaguirre.com.ar\/noticias\/wp-content\/uploads\/2024\/08\/Consaguirre-scaled.jpg\",\"contentUrl\":\"https:\/\/web.consaguirre.com.ar\/noticias\/wp-content\/uploads\/2024\/08\/Consaguirre-scaled.jpg\",\"caption\":\"Javier Figueroa\"},\"description\":\"Me llamo Javier Figueroa y soy redactor para el sitio oficial del Conservatorio de M\u00fasica Juli\u00e1n Aguirre en Buenos Aires, consaguirre.com. Apasionado por la m\u00fasica y la escritura, me esfuerzo por destacar los talentos y eventos de nuestra prestigiosa instituci\u00f3n. Mi trayectoria se nutre de una profunda admiraci\u00f3n por los artistas, haciendo de cada art\u00edculo una celebraci\u00f3n de la creatividad y la cultura musical.\",\"sameAs\":[\"https:\/\/web.consaguirre.com.ar\/noticias\"]}]}<\/script>\n<!-- \/ Yoast SEO plugin. -->","yoast_head_json":{"title":"El \u00e1lbum de Hank Mobley de 1958 obtiene una reedici\u00f3n en vinilo del cl\u00e1sico Blue Note","robots":{"index":"index","follow":"follow","max-snippet":"max-snippet:-1","max-image-preview":"max-image-preview:large","max-video-preview":"max-video-preview:-1"},"canonical":"https:\/\/web.consaguirre.com.ar\/noticias\/el-album-de-hank-mobley-de-1958-obtiene-una-reedicion-en-vinilo-del-clasico-blue-note\/","og_locale":"es_ES","og_type":"article","og_title":"El \u00e1lbum de Hank Mobley de 1958 obtiene una reedici\u00f3n en vinilo del cl\u00e1sico Blue Note","og_description":"El raro \u00e1lbum hom\u00f3nimo de 1958 del saxofonista tenor Hank Mobley se relanzar\u00e1 a trav\u00e9s de la serie Blue Note Classic Vinyl. Esta edici\u00f3n en","og_url":"https:\/\/web.consaguirre.com.ar\/noticias\/el-album-de-hank-mobley-de-1958-obtiene-una-reedicion-en-vinilo-del-clasico-blue-note\/","og_site_name":"Conservatorio de M\u00fasica Juli\u00e1n Aguirre","article_published_time":"2026-04-28T17:39:09+00:00","article_modified_time":"2026-04-28T17:39:10+00:00","og_image":[{"width":820,"height":820,"url":"https:\/\/web.consaguirre.com.ar\/noticias\/wp-content\/uploads\/2026\/04\/El-album-de-Hank-Mobley-de-1958-obtiene-una-reedicion.jpg","type":"image\/jpeg"}],"author":"Javier Figueroa","twitter_card":"summary_large_image","twitter_misc":{"Escrito por":"Javier Figueroa","Tiempo de lectura":"1 minuto"},"schema":{"@context":"https:\/\/schema.org","@graph":[{"@type":"Article","@id":"https:\/\/web.consaguirre.com.ar\/noticias\/el-album-de-hank-mobley-de-1958-obtiene-una-reedicion-en-vinilo-del-clasico-blue-note\/#article","isPartOf":{"@id":"https:\/\/web.consaguirre.com.ar\/noticias\/el-album-de-hank-mobley-de-1958-obtiene-una-reedicion-en-vinilo-del-clasico-blue-note\/"},"author":{"name":"Javier Figueroa","@id":"https:\/\/web.consaguirre.com.ar\/noticias\/#\/schema\/person\/6558b0cfedee7ddc5425602b237d5722"},"headline":"El \u00e1lbum de Hank Mobley de 1958 obtiene una reedici\u00f3n en vinilo del cl\u00e1sico Blue Note","datePublished":"2026-04-28T17:39:09+00:00","dateModified":"2026-04-28T17:39:10+00:00","mainEntityOfPage":{"@id":"https:\/\/web.consaguirre.com.ar\/noticias\/el-album-de-hank-mobley-de-1958-obtiene-una-reedicion-en-vinilo-del-clasico-blue-note\/"},"wordCount":313,"publisher":{"@id":"https:\/\/web.consaguirre.com.ar\/noticias\/#organization"},"image":{"@id":"https:\/\/web.consaguirre.com.ar\/noticias\/el-album-de-hank-mobley-de-1958-obtiene-una-reedicion-en-vinilo-del-clasico-blue-note\/#primaryimage"},"thumbnailUrl":"https:\/\/web.consaguirre.com.ar\/noticias\/wp-content\/uploads\/2026\/04\/El-album-de-Hank-Mobley-de-1958-obtiene-una-reedicion.jpg","keywords":["\u00e1lbum","Blue","cl\u00e1sico","del","Hank","Mobley","Note","obtiene","reedici\u00f3n","una","vinilo"],"articleSection":["El \u00faltimo"],"inLanguage":"es-AR"},{"@type":"WebPage","@id":"https:\/\/web.consaguirre.com.ar\/noticias\/el-album-de-hank-mobley-de-1958-obtiene-una-reedicion-en-vinilo-del-clasico-blue-note\/","url":"https:\/\/web.consaguirre.com.ar\/noticias\/el-album-de-hank-mobley-de-1958-obtiene-una-reedicion-en-vinilo-del-clasico-blue-note\/","name":"El \u00e1lbum de Hank Mobley de 1958 obtiene una reedici\u00f3n en vinilo del cl\u00e1sico Blue Note","isPartOf":{"@id":"https:\/\/web.consaguirre.com.ar\/noticias\/#website"},"primaryImageOfPage":{"@id":"https:\/\/web.consaguirre.com.ar\/noticias\/el-album-de-hank-mobley-de-1958-obtiene-una-reedicion-en-vinilo-del-clasico-blue-note\/#primaryimage"},"image":{"@id":"https:\/\/web.consaguirre.com.ar\/noticias\/el-album-de-hank-mobley-de-1958-obtiene-una-reedicion-en-vinilo-del-clasico-blue-note\/#primaryimage"},"thumbnailUrl":"https:\/\/web.consaguirre.com.ar\/noticias\/wp-content\/uploads\/2026\/04\/El-album-de-Hank-Mobley-de-1958-obtiene-una-reedicion.jpg","datePublished":"2026-04-28T17:39:09+00:00","dateModified":"2026-04-28T17:39:10+00:00","breadcrumb":{"@id":"https:\/\/web.consaguirre.com.ar\/noticias\/el-album-de-hank-mobley-de-1958-obtiene-una-reedicion-en-vinilo-del-clasico-blue-note\/#breadcrumb"},"inLanguage":"es-AR","potentialAction":[{"@type":"ReadAction","target":["https:\/\/web.consaguirre.com.ar\/noticias\/el-album-de-hank-mobley-de-1958-obtiene-una-reedicion-en-vinilo-del-clasico-blue-note\/"]}]},{"@type":"ImageObject","inLanguage":"es-AR","@id":"https:\/\/web.consaguirre.com.ar\/noticias\/el-album-de-hank-mobley-de-1958-obtiene-una-reedicion-en-vinilo-del-clasico-blue-note\/#primaryimage","url":"https:\/\/web.consaguirre.com.ar\/noticias\/wp-content\/uploads\/2026\/04\/El-album-de-Hank-Mobley-de-1958-obtiene-una-reedicion.jpg","contentUrl":"https:\/\/web.consaguirre.com.ar\/noticias\/wp-content\/uploads\/2026\/04\/El-album-de-Hank-Mobley-de-1958-obtiene-una-reedicion.jpg","width":820,"height":820,"caption":"Hank Mobley cover"},{"@type":"BreadcrumbList","@id":"https:\/\/web.consaguirre.com.ar\/noticias\/el-album-de-hank-mobley-de-1958-obtiene-una-reedicion-en-vinilo-del-clasico-blue-note\/#breadcrumb","itemListElement":[{"@type":"ListItem","position":1,"name":"Inicio","item":"https:\/\/web.consaguirre.com.ar\/noticias\/"},{"@type":"ListItem","position":2,"name":"El \u00e1lbum de Hank Mobley de 1958 obtiene una reedici\u00f3n en vinilo del cl\u00e1sico Blue Note"}]},{"@type":"WebSite","@id":"https:\/\/web.consaguirre.com.ar\/noticias\/#website","url":"https:\/\/web.consaguirre.com.ar\/noticias\/","name":"Conservatorio de M\u00fasica Juli\u00e1n Aguirre","description":"","publisher":{"@id":"https:\/\/web.consaguirre.com.ar\/noticias\/#organization"},"potentialAction":[{"@type":"SearchAction","target":{"@type":"EntryPoint","urlTemplate":"https:\/\/web.consaguirre.com.ar\/noticias\/?s={search_term_string}"},"query-input":"required name=search_term_string"}],"inLanguage":"es-AR"},{"@type":"Organization","@id":"https:\/\/web.consaguirre.com.ar\/noticias\/#organization","name":"Conservatorio de M\u00fasica Juli\u00e1n Aguirre","url":"https:\/\/web.consaguirre.com.ar\/noticias\/","logo":{"@type":"ImageObject","inLanguage":"es-AR","@id":"https:\/\/web.consaguirre.com.ar\/noticias\/#\/schema\/logo\/image\/","url":"https:\/\/web.consaguirre.com.ar\/noticias\/wp-content\/uploads\/2024\/08\/Banner-Aguirre-23.jpg","contentUrl":"https:\/\/web.consaguirre.com.ar\/noticias\/wp-content\/uploads\/2024\/08\/Banner-Aguirre-23.jpg","width":1192,"height":600,"caption":"Conservatorio de M\u00fasica Juli\u00e1n Aguirre"},"image":{"@id":"https:\/\/web.consaguirre.com.ar\/noticias\/#\/schema\/logo\/image\/"}},{"@type":"Person","@id":"https:\/\/web.consaguirre.com.ar\/noticias\/#\/schema\/person\/6558b0cfedee7ddc5425602b237d5722","name":"Javier Figueroa","image":{"@type":"ImageObject","inLanguage":"es-AR","@id":"https:\/\/web.consaguirre.com.ar\/noticias\/#\/schema\/person\/image\/","url":"https:\/\/web.consaguirre.com.ar\/noticias\/wp-content\/uploads\/2024\/08\/Consaguirre-scaled.jpg","contentUrl":"https:\/\/web.consaguirre.com.ar\/noticias\/wp-content\/uploads\/2024\/08\/Consaguirre-scaled.jpg","caption":"Javier Figueroa"},"description":"Me llamo Javier Figueroa y soy redactor para el sitio oficial del Conservatorio de M\u00fasica Juli\u00e1n Aguirre en Buenos Aires, consaguirre.com. Apasionado por la m\u00fasica y la escritura, me esfuerzo por destacar los talentos y eventos de nuestra prestigiosa instituci\u00f3n. Mi trayectoria se nutre de una profunda admiraci\u00f3n por los artistas, haciendo de cada art\u00edculo una celebraci\u00f3n de la creatividad y la cultura musical.","sameAs":["https:\/\/web.consaguirre.com.ar\/noticias"]}]}},"_links":{"self":[{"href":"https:\/\/web.consaguirre.com.ar\/noticias\/wp-json\/wp\/v2\/posts\/5818"}],"collection":[{"href":"https:\/\/web.consaguirre.com.ar\/noticias\/wp-json\/wp\/v2\/posts"}],"about":[{"href":"https:\/\/web.consaguirre.com.ar\/noticias\/wp-json\/wp\/v2\/types\/post"}],"author":[{"embeddable":true,"href":"https:\/\/web.consaguirre.com.ar\/noticias\/wp-json\/wp\/v2\/users\/1"}],"replies":[{"embeddable":true,"href":"https:\/\/web.consaguirre.com.ar\/noticias\/wp-json\/wp\/v2\/comments?post=5818"}],"version-history":[{"count":1,"href":"https:\/\/web.consaguirre.com.ar\/noticias\/wp-json\/wp\/v2\/posts\/5818\/revisions"}],"predecessor-version":[{"id":5820,"href":"https:\/\/web.consaguirre.com.ar\/noticias\/wp-json\/wp\/v2\/posts\/5818\/revisions\/5820"}],"wp:featuredmedia":[{"embeddable":true,"href":"https:\/\/web.consaguirre.com.ar\/noticias\/wp-json\/wp\/v2\/media\/5819"}],"wp:attachment":[{"href":"https:\/\/web.consaguirre.com.ar\/noticias\/wp-json\/wp\/v2\/media?parent=5818"}],"wp:term":[{"taxonomy":"category","embeddable":true,"href":"https:\/\/web.consaguirre.com.ar\/noticias\/wp-json\/wp\/v2\/categories?post=5818"},{"taxonomy":"post_tag","embeddable":true,"href":"https:\/\/web.consaguirre.com.ar\/noticias\/wp-json\/wp\/v2\/tags?post=5818"}],"curies":[{"name":"wp","href":"https:\/\/api.w.org\/{rel}","templated":true}]}}