{"id":5815,"date":"2026-04-28T11:38:51","date_gmt":"2026-04-28T14:38:51","guid":{"rendered":"https:\/\/web.consaguirre.com.ar\/noticias\/blue-note-reedita-blue-lights-volumen-1-de-kenny-burrell\/"},"modified":"2026-04-28T11:38:52","modified_gmt":"2026-04-28T14:38:52","slug":"blue-note-reedita-blue-lights-volumen-1-de-kenny-burrell","status":"publish","type":"post","link":"https:\/\/web.consaguirre.com.ar\/noticias\/blue-note-reedita-blue-lights-volumen-1-de-kenny-burrell\/","title":{"rendered":"Blue Note reedita &#8216;Blue Lights Volumen 1&#8217; de Kenny Burrell"},"content":{"rendered":"<p>El \u00e1lbum de Kenny Burrell de 1958. <em>Luces azules Volumen 1<\/em> se encuentra entre los \u00faltimos discos reeditados como parte de la serie Blue Note Classic Vinyl.<\/p>\n<p>Esta edici\u00f3n en vinilo Blue Note Classic es mono, totalmente anal\u00f3gica, masterizada por Kevin Gray a partir de las cintas maestras originales y prensada en vinilo de 180 g en Optimal.<\/p>\n<p>Cuando el guitarrista nacido en Detroit hizo <em>Luces azules Volumen 1<\/em> En Manhattan Towers, llevaba dos a\u00f1os grabando para Blue Note. Ten\u00eda veintitantos a\u00f1os en ese momento y se anunci\u00f3 en 1956 con <em>Presentando a Kenny Burrell<\/em>.<\/p>\n<div align='center'>\n<div class=\"udiscover-store-container\">\n<div id='udiscover-store-one-product'><\/div>\n<\/div>\n<p>\/*<!(CDATA(*\/(function (){var scriptURL='https:\/\/sdks.shopifycdn.com\/buy-button\/latest\/buy-button-storefront.min.js';if(window.ShopifyBuy){if(window.ShopifyBuy.UI){ShopifyBuyInit();}else{loadScript();}}else{loadScript();}funci\u00f3n loadScript(){var script=document.createElement('script');script.async=true;script.src=scriptURL;(document.getElementsByTagName('head')(0)|| document.getElementsByTagName('body')(0)).appendChild(script);script.onload=ShopifyBuyInit;} function ShopifyBuyInit(){var cliente=ShopifyBuy.buildClient({dominio:'udiscover.myshopify.com',storefrontAccessToken: 'bdc89f347d2ce61c1feeb9f8c60b2b98',}); ShopifyBuy.UI.onReady(cliente).luego(funci\u00f3n(ui){ ui.createComponent('producto',{ id:(7783876427853), nodo:document.getElementById('udiscover-store-one-product'), moneyFormat:'%24%7B%7Bamount%7D%7D', opciones:{&quot;producto&quot;:{&quot;marco flotante&quot;:FALSO,&quot;eventos&quot;:{antes deInit:funci\u00f3n(producto){Objeto.defineProperty(producto,&quot;es bot\u00f3n&quot;,{get:function(){return true;}});Object.defineProperty(producto,&quot;opciones&quot;{get:function(){return this.config(this.typeKey);}});var actualOnButtonClick=product.onButtonClick;product.onButtonClick=function(event,target) {event.stopImmediatePropagation();this.options.buttonDestination=&quot;modal&quot;;actualOnButtonClick.call(este,evento,destino);};}},\n&quot;bot\u00f3nDestino&quot;:&quot;modal&quot;,&quot;contenido&quot;:{&quot;opciones&quot;:verdadero},&quot;texto&quot;:{&quot;bot\u00f3n&quot;:&quot;Ordene ahora&quot;,&quot;Agotado&quot;:&quot;Lo sentimos, esto est\u00e1 agotado.&quot;}},&quot;conjunto de productos&quot;:{&quot;marco flotante&quot;:FALSO},&quot;modalProducto&quot;:{&quot;marco flotante&quot;:FALSO,&quot;contenido&quot;:{&quot;imagen&quot;:FALSO,&quot;imgConCarrusel&quot;:verdadero,&quot;bot\u00f3n&quot;:FALSO,&quot;bot\u00f3nConCantidad&quot;:verdadero}},&quot;modal&quot;:{&quot;marco flotante&quot;:FALSO},&quot;opci\u00f3n&quot;:{&quot;marco flotante&quot;:FALSO},&quot;carro&quot;:{&quot;marco flotante&quot;:FALSO},&quot;palanca&quot;:{&quot;marco flotante&quot;:FALSO,&quot;contenido&quot;:{&quot;icono&quot;:FALSO}},&quot;art\u00edculo de l\u00ednea&quot;:{&quot;marco flotante&quot;:FALSO}},}); }); } })(); \/*))>*\/ <\/div>\n<\/p>\n<p><em>Las luces azules<\/em> Las sesiones produjeron dos vol\u00famenes. El primero cuenta con una formaci\u00f3n del trompetista Louis Smith, los saxofonistas tenores Junior Cook y Tina Brooks, los pianistas Duke Jordan y Bobby Timmons, el bajista Sam Jones y el baterista Art Blakey.<\/p>\n<p><em>Luces azules Volumen 1<\/em> comienza con el tema de blues de Burrell &#8220;Yes Baby&#8221; antes de hacer la transici\u00f3n al m\u00e1s animado &#8220;Scotch Blues&#8221; de Jordan. La segunda cara presenta una impresionante interpretaci\u00f3n de \u201cAutumn In New York\u201d de Vernon Duke y cierra con \u201cCaravan\u201d de Duke Ellington.<\/p>\n<p>El \u00e1lbum presenta una ilustraci\u00f3n de una mujer de Andy Warhol, una de las tres portadas de Blue Note en las que el futuro artista famoso colabor\u00f3 \u200b\u200bcon el dise\u00f1ador Reid Miles.<\/p>\n<p>Burrell habl\u00f3 sobre las sesiones y sobre el cofundador de Blue Note, Alfred Lion, en una entrevista de 2010 con el Smithsonian. &#8220;A Alfred Lion realmente le gustaba tener un peque\u00f1o ensayo. No le gustaba correr demasiados riesgos con las cosas. Tra\u00edas algunas canciones, pero si era posible, le gustar\u00eda tener al menos un ensayo. Incluso si iba a ser una hora antes de la fecha, le gustaba tenerlas tal vez el d\u00eda anterior o algo as\u00ed, pero incluso si era en alg\u00fan momento antes de que comenzaran a grabar, quer\u00eda asegurarse de que ustedes ensayaran el material para asegurarse de que las l\u00edneas estuvieran juntas&#8221;.<\/p>\n<p>Burrell lanz\u00f3 su siguiente disco en 1959, <em>A la vista en el Five Spot Cafe<\/em>una colaboraci\u00f3n con Blakey. La edici\u00f3n Complete Masters del disco se lanz\u00f3 el a\u00f1o pasado como parte de la serie Tone Poet de Blue Note. Burrell liberar\u00eda <em>Luces azules Volumen 2<\/em> en 1961.<\/p>\n<p><b>Compre la serie de vinilos Blue Note Classic en vinilo aqu\u00ed.<\/b><\/p>\n","protected":false},"excerpt":{"rendered":"<p>El \u00e1lbum de Kenny Burrell de 1958. Luces azules Volumen 1 se encuentra entre los \u00faltimos discos reeditados como parte de la serie Blue Note<\/p>\n","protected":false},"author":1,"featured_media":5816,"comment_status":"closed","ping_status":"","sticky":false,"template":"","format":"standard","meta":{"footnotes":""},"categories":[50],"tags":[498,1949,1948,1372,1238,95,657],"class_list":["post-5815","post","type-post","status-publish","format-standard","has-post-thumbnail","hentry","category-el-ultimo","tag-blue","tag-burrell","tag-kenny","tag-lights","tag-note","tag-reedita","tag-volumen","generate-columns","tablet-grid-50","mobile-grid-100","grid-parent","grid-50"],"yoast_head":"<!-- This site is optimized with the Yoast SEO plugin v23.3 - https:\/\/yoast.com\/wordpress\/plugins\/seo\/ -->\n<title>Blue Note reedita &#039;Blue Lights Volumen 1&#039; de Kenny Burrell<\/title>\n<meta name=\"robots\" content=\"index, follow, max-snippet:-1, max-image-preview:large, max-video-preview:-1\" \/>\n<link rel=\"canonical\" href=\"https:\/\/web.consaguirre.com.ar\/noticias\/blue-note-reedita-blue-lights-volumen-1-de-kenny-burrell\/\" \/>\n<meta property=\"og:locale\" content=\"es_ES\" \/>\n<meta property=\"og:type\" content=\"article\" \/>\n<meta property=\"og:title\" content=\"Blue Note reedita &#039;Blue Lights Volumen 1&#039; de Kenny Burrell\" \/>\n<meta property=\"og:description\" content=\"El \u00e1lbum de Kenny Burrell de 1958. Luces azules Volumen 1 se encuentra entre los \u00faltimos discos reeditados como parte de la serie Blue Note\" \/>\n<meta property=\"og:url\" content=\"https:\/\/web.consaguirre.com.ar\/noticias\/blue-note-reedita-blue-lights-volumen-1-de-kenny-burrell\/\" \/>\n<meta property=\"og:site_name\" content=\"Conservatorio de M\u00fasica Juli\u00e1n Aguirre\" \/>\n<meta property=\"article:published_time\" content=\"2026-04-28T14:38:51+00:00\" \/>\n<meta property=\"article:modified_time\" content=\"2026-04-28T14:38:52+00:00\" \/>\n<meta property=\"og:image\" content=\"https:\/\/web.consaguirre.com.ar\/noticias\/wp-content\/uploads\/2026\/04\/Blue-Note-reedita-Blue-Lights-Volumen-1-de-Kenny-Burrell.jpg\" \/>\n\t<meta property=\"og:image:width\" content=\"1352\" \/>\n\t<meta property=\"og:image:height\" content=\"1352\" \/>\n\t<meta property=\"og:image:type\" content=\"image\/jpeg\" \/>\n<meta name=\"author\" content=\"Javier Figueroa\" \/>\n<meta name=\"twitter:card\" content=\"summary_large_image\" \/>\n<meta name=\"twitter:label1\" content=\"Escrito por\" \/>\n\t<meta name=\"twitter:data1\" content=\"Javier Figueroa\" \/>\n\t<meta name=\"twitter:label2\" content=\"Tiempo de lectura\" \/>\n\t<meta name=\"twitter:data2\" content=\"2 minutos\" \/>\n<script type=\"application\/ld+json\" class=\"yoast-schema-graph\">{\"@context\":\"https:\/\/schema.org\",\"@graph\":[{\"@type\":\"Article\",\"@id\":\"https:\/\/web.consaguirre.com.ar\/noticias\/blue-note-reedita-blue-lights-volumen-1-de-kenny-burrell\/#article\",\"isPartOf\":{\"@id\":\"https:\/\/web.consaguirre.com.ar\/noticias\/blue-note-reedita-blue-lights-volumen-1-de-kenny-burrell\/\"},\"author\":{\"name\":\"Javier Figueroa\",\"@id\":\"https:\/\/web.consaguirre.com.ar\/noticias\/#\/schema\/person\/6558b0cfedee7ddc5425602b237d5722\"},\"headline\":\"Blue Note reedita &#8216;Blue Lights Volumen 1&#8217; de Kenny Burrell\",\"datePublished\":\"2026-04-28T14:38:51+00:00\",\"dateModified\":\"2026-04-28T14:38:52+00:00\",\"mainEntityOfPage\":{\"@id\":\"https:\/\/web.consaguirre.com.ar\/noticias\/blue-note-reedita-blue-lights-volumen-1-de-kenny-burrell\/\"},\"wordCount\":403,\"publisher\":{\"@id\":\"https:\/\/web.consaguirre.com.ar\/noticias\/#organization\"},\"image\":{\"@id\":\"https:\/\/web.consaguirre.com.ar\/noticias\/blue-note-reedita-blue-lights-volumen-1-de-kenny-burrell\/#primaryimage\"},\"thumbnailUrl\":\"https:\/\/web.consaguirre.com.ar\/noticias\/wp-content\/uploads\/2026\/04\/Blue-Note-reedita-Blue-Lights-Volumen-1-de-Kenny-Burrell.jpg\",\"keywords\":[\"Blue\",\"Burrell\",\"Kenny\",\"Lights\",\"Note\",\"reedita\",\"volumen\"],\"articleSection\":[\"El \u00faltimo\"],\"inLanguage\":\"es-AR\"},{\"@type\":\"WebPage\",\"@id\":\"https:\/\/web.consaguirre.com.ar\/noticias\/blue-note-reedita-blue-lights-volumen-1-de-kenny-burrell\/\",\"url\":\"https:\/\/web.consaguirre.com.ar\/noticias\/blue-note-reedita-blue-lights-volumen-1-de-kenny-burrell\/\",\"name\":\"Blue Note reedita 'Blue Lights Volumen 1' de Kenny Burrell\",\"isPartOf\":{\"@id\":\"https:\/\/web.consaguirre.com.ar\/noticias\/#website\"},\"primaryImageOfPage\":{\"@id\":\"https:\/\/web.consaguirre.com.ar\/noticias\/blue-note-reedita-blue-lights-volumen-1-de-kenny-burrell\/#primaryimage\"},\"image\":{\"@id\":\"https:\/\/web.consaguirre.com.ar\/noticias\/blue-note-reedita-blue-lights-volumen-1-de-kenny-burrell\/#primaryimage\"},\"thumbnailUrl\":\"https:\/\/web.consaguirre.com.ar\/noticias\/wp-content\/uploads\/2026\/04\/Blue-Note-reedita-Blue-Lights-Volumen-1-de-Kenny-Burrell.jpg\",\"datePublished\":\"2026-04-28T14:38:51+00:00\",\"dateModified\":\"2026-04-28T14:38:52+00:00\",\"breadcrumb\":{\"@id\":\"https:\/\/web.consaguirre.com.ar\/noticias\/blue-note-reedita-blue-lights-volumen-1-de-kenny-burrell\/#breadcrumb\"},\"inLanguage\":\"es-AR\",\"potentialAction\":[{\"@type\":\"ReadAction\",\"target\":[\"https:\/\/web.consaguirre.com.ar\/noticias\/blue-note-reedita-blue-lights-volumen-1-de-kenny-burrell\/\"]}]},{\"@type\":\"ImageObject\",\"inLanguage\":\"es-AR\",\"@id\":\"https:\/\/web.consaguirre.com.ar\/noticias\/blue-note-reedita-blue-lights-volumen-1-de-kenny-burrell\/#primaryimage\",\"url\":\"https:\/\/web.consaguirre.com.ar\/noticias\/wp-content\/uploads\/2026\/04\/Blue-Note-reedita-Blue-Lights-Volumen-1-de-Kenny-Burrell.jpg\",\"contentUrl\":\"https:\/\/web.consaguirre.com.ar\/noticias\/wp-content\/uploads\/2026\/04\/Blue-Note-reedita-Blue-Lights-Volumen-1-de-Kenny-Burrell.jpg\",\"width\":1352,\"height\":1352,\"caption\":\"Kenny Burrell Blue Lights\"},{\"@type\":\"BreadcrumbList\",\"@id\":\"https:\/\/web.consaguirre.com.ar\/noticias\/blue-note-reedita-blue-lights-volumen-1-de-kenny-burrell\/#breadcrumb\",\"itemListElement\":[{\"@type\":\"ListItem\",\"position\":1,\"name\":\"Inicio\",\"item\":\"https:\/\/web.consaguirre.com.ar\/noticias\/\"},{\"@type\":\"ListItem\",\"position\":2,\"name\":\"Blue Note reedita &#8216;Blue Lights Volumen 1&#8217; de Kenny Burrell\"}]},{\"@type\":\"WebSite\",\"@id\":\"https:\/\/web.consaguirre.com.ar\/noticias\/#website\",\"url\":\"https:\/\/web.consaguirre.com.ar\/noticias\/\",\"name\":\"Conservatorio de M\u00fasica Juli\u00e1n Aguirre\",\"description\":\"\",\"publisher\":{\"@id\":\"https:\/\/web.consaguirre.com.ar\/noticias\/#organization\"},\"potentialAction\":[{\"@type\":\"SearchAction\",\"target\":{\"@type\":\"EntryPoint\",\"urlTemplate\":\"https:\/\/web.consaguirre.com.ar\/noticias\/?s={search_term_string}\"},\"query-input\":\"required name=search_term_string\"}],\"inLanguage\":\"es-AR\"},{\"@type\":\"Organization\",\"@id\":\"https:\/\/web.consaguirre.com.ar\/noticias\/#organization\",\"name\":\"Conservatorio de M\u00fasica Juli\u00e1n Aguirre\",\"url\":\"https:\/\/web.consaguirre.com.ar\/noticias\/\",\"logo\":{\"@type\":\"ImageObject\",\"inLanguage\":\"es-AR\",\"@id\":\"https:\/\/web.consaguirre.com.ar\/noticias\/#\/schema\/logo\/image\/\",\"url\":\"https:\/\/web.consaguirre.com.ar\/noticias\/wp-content\/uploads\/2024\/08\/Banner-Aguirre-23.jpg\",\"contentUrl\":\"https:\/\/web.consaguirre.com.ar\/noticias\/wp-content\/uploads\/2024\/08\/Banner-Aguirre-23.jpg\",\"width\":1192,\"height\":600,\"caption\":\"Conservatorio de M\u00fasica Juli\u00e1n Aguirre\"},\"image\":{\"@id\":\"https:\/\/web.consaguirre.com.ar\/noticias\/#\/schema\/logo\/image\/\"}},{\"@type\":\"Person\",\"@id\":\"https:\/\/web.consaguirre.com.ar\/noticias\/#\/schema\/person\/6558b0cfedee7ddc5425602b237d5722\",\"name\":\"Javier Figueroa\",\"image\":{\"@type\":\"ImageObject\",\"inLanguage\":\"es-AR\",\"@id\":\"https:\/\/web.consaguirre.com.ar\/noticias\/#\/schema\/person\/image\/\",\"url\":\"https:\/\/web.consaguirre.com.ar\/noticias\/wp-content\/uploads\/2024\/08\/Consaguirre-scaled.jpg\",\"contentUrl\":\"https:\/\/web.consaguirre.com.ar\/noticias\/wp-content\/uploads\/2024\/08\/Consaguirre-scaled.jpg\",\"caption\":\"Javier Figueroa\"},\"description\":\"Me llamo Javier Figueroa y soy redactor para el sitio oficial del Conservatorio de M\u00fasica Juli\u00e1n Aguirre en Buenos Aires, consaguirre.com. Apasionado por la m\u00fasica y la escritura, me esfuerzo por destacar los talentos y eventos de nuestra prestigiosa instituci\u00f3n. Mi trayectoria se nutre de una profunda admiraci\u00f3n por los artistas, haciendo de cada art\u00edculo una celebraci\u00f3n de la creatividad y la cultura musical.\",\"sameAs\":[\"https:\/\/web.consaguirre.com.ar\/noticias\"]}]}<\/script>\n<!-- \/ Yoast SEO plugin. -->","yoast_head_json":{"title":"Blue Note reedita 'Blue Lights Volumen 1' de Kenny Burrell","robots":{"index":"index","follow":"follow","max-snippet":"max-snippet:-1","max-image-preview":"max-image-preview:large","max-video-preview":"max-video-preview:-1"},"canonical":"https:\/\/web.consaguirre.com.ar\/noticias\/blue-note-reedita-blue-lights-volumen-1-de-kenny-burrell\/","og_locale":"es_ES","og_type":"article","og_title":"Blue Note reedita 'Blue Lights Volumen 1' de Kenny Burrell","og_description":"El \u00e1lbum de Kenny Burrell de 1958. Luces azules Volumen 1 se encuentra entre los \u00faltimos discos reeditados como parte de la serie Blue Note","og_url":"https:\/\/web.consaguirre.com.ar\/noticias\/blue-note-reedita-blue-lights-volumen-1-de-kenny-burrell\/","og_site_name":"Conservatorio de M\u00fasica Juli\u00e1n Aguirre","article_published_time":"2026-04-28T14:38:51+00:00","article_modified_time":"2026-04-28T14:38:52+00:00","og_image":[{"width":1352,"height":1352,"url":"https:\/\/web.consaguirre.com.ar\/noticias\/wp-content\/uploads\/2026\/04\/Blue-Note-reedita-Blue-Lights-Volumen-1-de-Kenny-Burrell.jpg","type":"image\/jpeg"}],"author":"Javier Figueroa","twitter_card":"summary_large_image","twitter_misc":{"Escrito por":"Javier Figueroa","Tiempo de lectura":"2 minutos"},"schema":{"@context":"https:\/\/schema.org","@graph":[{"@type":"Article","@id":"https:\/\/web.consaguirre.com.ar\/noticias\/blue-note-reedita-blue-lights-volumen-1-de-kenny-burrell\/#article","isPartOf":{"@id":"https:\/\/web.consaguirre.com.ar\/noticias\/blue-note-reedita-blue-lights-volumen-1-de-kenny-burrell\/"},"author":{"name":"Javier Figueroa","@id":"https:\/\/web.consaguirre.com.ar\/noticias\/#\/schema\/person\/6558b0cfedee7ddc5425602b237d5722"},"headline":"Blue Note reedita &#8216;Blue Lights Volumen 1&#8217; de Kenny Burrell","datePublished":"2026-04-28T14:38:51+00:00","dateModified":"2026-04-28T14:38:52+00:00","mainEntityOfPage":{"@id":"https:\/\/web.consaguirre.com.ar\/noticias\/blue-note-reedita-blue-lights-volumen-1-de-kenny-burrell\/"},"wordCount":403,"publisher":{"@id":"https:\/\/web.consaguirre.com.ar\/noticias\/#organization"},"image":{"@id":"https:\/\/web.consaguirre.com.ar\/noticias\/blue-note-reedita-blue-lights-volumen-1-de-kenny-burrell\/#primaryimage"},"thumbnailUrl":"https:\/\/web.consaguirre.com.ar\/noticias\/wp-content\/uploads\/2026\/04\/Blue-Note-reedita-Blue-Lights-Volumen-1-de-Kenny-Burrell.jpg","keywords":["Blue","Burrell","Kenny","Lights","Note","reedita","volumen"],"articleSection":["El \u00faltimo"],"inLanguage":"es-AR"},{"@type":"WebPage","@id":"https:\/\/web.consaguirre.com.ar\/noticias\/blue-note-reedita-blue-lights-volumen-1-de-kenny-burrell\/","url":"https:\/\/web.consaguirre.com.ar\/noticias\/blue-note-reedita-blue-lights-volumen-1-de-kenny-burrell\/","name":"Blue Note reedita 'Blue Lights Volumen 1' de Kenny Burrell","isPartOf":{"@id":"https:\/\/web.consaguirre.com.ar\/noticias\/#website"},"primaryImageOfPage":{"@id":"https:\/\/web.consaguirre.com.ar\/noticias\/blue-note-reedita-blue-lights-volumen-1-de-kenny-burrell\/#primaryimage"},"image":{"@id":"https:\/\/web.consaguirre.com.ar\/noticias\/blue-note-reedita-blue-lights-volumen-1-de-kenny-burrell\/#primaryimage"},"thumbnailUrl":"https:\/\/web.consaguirre.com.ar\/noticias\/wp-content\/uploads\/2026\/04\/Blue-Note-reedita-Blue-Lights-Volumen-1-de-Kenny-Burrell.jpg","datePublished":"2026-04-28T14:38:51+00:00","dateModified":"2026-04-28T14:38:52+00:00","breadcrumb":{"@id":"https:\/\/web.consaguirre.com.ar\/noticias\/blue-note-reedita-blue-lights-volumen-1-de-kenny-burrell\/#breadcrumb"},"inLanguage":"es-AR","potentialAction":[{"@type":"ReadAction","target":["https:\/\/web.consaguirre.com.ar\/noticias\/blue-note-reedita-blue-lights-volumen-1-de-kenny-burrell\/"]}]},{"@type":"ImageObject","inLanguage":"es-AR","@id":"https:\/\/web.consaguirre.com.ar\/noticias\/blue-note-reedita-blue-lights-volumen-1-de-kenny-burrell\/#primaryimage","url":"https:\/\/web.consaguirre.com.ar\/noticias\/wp-content\/uploads\/2026\/04\/Blue-Note-reedita-Blue-Lights-Volumen-1-de-Kenny-Burrell.jpg","contentUrl":"https:\/\/web.consaguirre.com.ar\/noticias\/wp-content\/uploads\/2026\/04\/Blue-Note-reedita-Blue-Lights-Volumen-1-de-Kenny-Burrell.jpg","width":1352,"height":1352,"caption":"Kenny Burrell Blue Lights"},{"@type":"BreadcrumbList","@id":"https:\/\/web.consaguirre.com.ar\/noticias\/blue-note-reedita-blue-lights-volumen-1-de-kenny-burrell\/#breadcrumb","itemListElement":[{"@type":"ListItem","position":1,"name":"Inicio","item":"https:\/\/web.consaguirre.com.ar\/noticias\/"},{"@type":"ListItem","position":2,"name":"Blue Note reedita &#8216;Blue Lights Volumen 1&#8217; de Kenny Burrell"}]},{"@type":"WebSite","@id":"https:\/\/web.consaguirre.com.ar\/noticias\/#website","url":"https:\/\/web.consaguirre.com.ar\/noticias\/","name":"Conservatorio de M\u00fasica Juli\u00e1n Aguirre","description":"","publisher":{"@id":"https:\/\/web.consaguirre.com.ar\/noticias\/#organization"},"potentialAction":[{"@type":"SearchAction","target":{"@type":"EntryPoint","urlTemplate":"https:\/\/web.consaguirre.com.ar\/noticias\/?s={search_term_string}"},"query-input":"required name=search_term_string"}],"inLanguage":"es-AR"},{"@type":"Organization","@id":"https:\/\/web.consaguirre.com.ar\/noticias\/#organization","name":"Conservatorio de M\u00fasica Juli\u00e1n Aguirre","url":"https:\/\/web.consaguirre.com.ar\/noticias\/","logo":{"@type":"ImageObject","inLanguage":"es-AR","@id":"https:\/\/web.consaguirre.com.ar\/noticias\/#\/schema\/logo\/image\/","url":"https:\/\/web.consaguirre.com.ar\/noticias\/wp-content\/uploads\/2024\/08\/Banner-Aguirre-23.jpg","contentUrl":"https:\/\/web.consaguirre.com.ar\/noticias\/wp-content\/uploads\/2024\/08\/Banner-Aguirre-23.jpg","width":1192,"height":600,"caption":"Conservatorio de M\u00fasica Juli\u00e1n Aguirre"},"image":{"@id":"https:\/\/web.consaguirre.com.ar\/noticias\/#\/schema\/logo\/image\/"}},{"@type":"Person","@id":"https:\/\/web.consaguirre.com.ar\/noticias\/#\/schema\/person\/6558b0cfedee7ddc5425602b237d5722","name":"Javier Figueroa","image":{"@type":"ImageObject","inLanguage":"es-AR","@id":"https:\/\/web.consaguirre.com.ar\/noticias\/#\/schema\/person\/image\/","url":"https:\/\/web.consaguirre.com.ar\/noticias\/wp-content\/uploads\/2024\/08\/Consaguirre-scaled.jpg","contentUrl":"https:\/\/web.consaguirre.com.ar\/noticias\/wp-content\/uploads\/2024\/08\/Consaguirre-scaled.jpg","caption":"Javier Figueroa"},"description":"Me llamo Javier Figueroa y soy redactor para el sitio oficial del Conservatorio de M\u00fasica Juli\u00e1n Aguirre en Buenos Aires, consaguirre.com. Apasionado por la m\u00fasica y la escritura, me esfuerzo por destacar los talentos y eventos de nuestra prestigiosa instituci\u00f3n. Mi trayectoria se nutre de una profunda admiraci\u00f3n por los artistas, haciendo de cada art\u00edculo una celebraci\u00f3n de la creatividad y la cultura musical.","sameAs":["https:\/\/web.consaguirre.com.ar\/noticias"]}]}},"_links":{"self":[{"href":"https:\/\/web.consaguirre.com.ar\/noticias\/wp-json\/wp\/v2\/posts\/5815"}],"collection":[{"href":"https:\/\/web.consaguirre.com.ar\/noticias\/wp-json\/wp\/v2\/posts"}],"about":[{"href":"https:\/\/web.consaguirre.com.ar\/noticias\/wp-json\/wp\/v2\/types\/post"}],"author":[{"embeddable":true,"href":"https:\/\/web.consaguirre.com.ar\/noticias\/wp-json\/wp\/v2\/users\/1"}],"replies":[{"embeddable":true,"href":"https:\/\/web.consaguirre.com.ar\/noticias\/wp-json\/wp\/v2\/comments?post=5815"}],"version-history":[{"count":1,"href":"https:\/\/web.consaguirre.com.ar\/noticias\/wp-json\/wp\/v2\/posts\/5815\/revisions"}],"predecessor-version":[{"id":5817,"href":"https:\/\/web.consaguirre.com.ar\/noticias\/wp-json\/wp\/v2\/posts\/5815\/revisions\/5817"}],"wp:featuredmedia":[{"embeddable":true,"href":"https:\/\/web.consaguirre.com.ar\/noticias\/wp-json\/wp\/v2\/media\/5816"}],"wp:attachment":[{"href":"https:\/\/web.consaguirre.com.ar\/noticias\/wp-json\/wp\/v2\/media?parent=5815"}],"wp:term":[{"taxonomy":"category","embeddable":true,"href":"https:\/\/web.consaguirre.com.ar\/noticias\/wp-json\/wp\/v2\/categories?post=5815"},{"taxonomy":"post_tag","embeddable":true,"href":"https:\/\/web.consaguirre.com.ar\/noticias\/wp-json\/wp\/v2\/tags?post=5815"}],"curies":[{"name":"wp","href":"https:\/\/api.w.org\/{rel}","templated":true}]}}