{"id":5812,"date":"2026-04-28T08:42:35","date_gmt":"2026-04-28T11:42:35","guid":{"rendered":"https:\/\/web.consaguirre.com.ar\/noticias\/zedd-anuncia-la-edicion-en-nueva-york-del-festival-zedd-in-the-park\/"},"modified":"2026-04-28T08:42:36","modified_gmt":"2026-04-28T11:42:36","slug":"zedd-anuncia-la-edicion-en-nueva-york-del-festival-zedd-in-the-park","status":"publish","type":"post","link":"https:\/\/web.consaguirre.com.ar\/noticias\/zedd-anuncia-la-edicion-en-nueva-york-del-festival-zedd-in-the-park\/","title":{"rendered":"Zedd anuncia la edici\u00f3n en Nueva York del festival &#8216;Zedd In The Park&#8217;"},"content":{"rendered":"<p>Zedd traer\u00e1 de vuelta el festival que lleva su mismo nombre y lo llevar\u00e1 a Nueva York. La quinta edici\u00f3n de &#8216;Zedd In The Park&#8217; se llevar\u00e1 a cabo en Randall&#8217;s Island los d\u00edas 14 y 15 de agosto. Esta es la primera vez que el evento se lleva a cabo en la costa este despu\u00e9s de a\u00f1os en Los \u00c1ngeles. Zedd encabezar\u00e1 ambas noches, primero en un B2B con Knock2 y luego en solitario. Otros artistas destacados incluyen DJ Snake, Porter Robinson, Madeon y m\u00e1s.<\/p>\n<p>&#8220;Zedd In The Park est\u00e1 de regreso y estoy incre\u00edblemente emocionado de traerlo a la ciudad de Nueva York por primera vez&#8221;, comparti\u00f3 Zedd junto con el anuncio. &#8220;Voy a traer a algunos de mis artistas favoritos y mejores amigos para que me acompa\u00f1en en Randall&#8217;s Island. \u00a1Creo que tenemos nuestra alineaci\u00f3n m\u00e1s especial hasta ahora!&#8221;.<\/p>\n<div align=\"center\">\n<div class=\"udiscover-store-container\">\n<div id='udiscover-store-two-product'><\/div>\n<\/div>\n<p>\/*<!(CDATA(*\/(function (){var scriptURL='https:\/\/sdks.shopifycdn.com\/buy-button\/latest\/buy-button-storefront.min.js';if(window.ShopifyBuy){if(window.ShopifyBuy.UI){ShopifyBuyInit();}else{loadScript();}}else{loadScript();}funci\u00f3n loadScript(){var script=document.createElement('script');script.async=true;script.src=scriptURL;(document.getElementsByTagName('head')(0)|| document.getElementsByTagName('body')(0)).appendChild(script);script.onload=ShopifyBuyInit;} function ShopifyBuyInit(){var cliente=ShopifyBuy.buildClient({dominio:'udiscover.myshopify.com',storefrontAccessToken: 'bdc89f347d2ce61c1feeb9f8c60b2b98',}); ShopifyBuy.UI.onReady(cliente).luego(funci\u00f3n(ui){ ui.createComponent('productSet',{ id:(7453979639885,7454000349261), nodo:document.getElementById('udiscover-store-two-product'), moneyFormat:'%24%7B%7Bamount%7D%7D', opciones:{&quot;producto&quot;:{&quot;marco flotante&quot;:FALSO,&quot;eventos&quot;:{antes deInit:funci\u00f3n(producto){Objeto.defineProperty(producto,&quot;es bot\u00f3n&quot;,{get:function(){return true;}});Object.defineProperty(producto,&quot;opciones&quot;{get:function(){return this.config(this.typeKey);}});var actualOnButtonClick=product.onButtonClick;product.onButtonClick=function(event,target) {event.stopImmediatePropagation();this.options.buttonDestination=&quot;modal&quot;;actualOnButtonClick.call(este,evento,destino);};}},\n&quot;bot\u00f3nDestino&quot;:&quot;modal&quot;,&quot;contenido&quot;:{&quot;opciones&quot;:verdadero},&quot;texto&quot;:{&quot;bot\u00f3n&quot;:&quot;Ordene ahora&quot;,&quot;Agotado&quot;:&quot;Lo sentimos, esto est\u00e1 agotado.&quot;}},&quot;conjunto de productos&quot;:{&quot;marco flotante&quot;:FALSO},&quot;modalProducto&quot;:{&quot;marco flotante&quot;:FALSO,&quot;contenido&quot;:{&quot;imagen&quot;:FALSO,&quot;imgConCarrusel&quot;:verdadero,&quot;bot\u00f3n&quot;:FALSO,&quot;bot\u00f3nConCantidad&quot;:verdadero}},&quot;modal&quot;:{&quot;marco flotante&quot;:FALSO},&quot;opci\u00f3n&quot;:{&quot;marco flotante&quot;:FALSO},&quot;carro&quot;:{&quot;marco flotante&quot;:FALSO},&quot;palanca&quot;:{&quot;marco flotante&quot;:FALSO,&quot;contenido&quot;:{&quot;icono&quot;:FALSO}},&quot;art\u00edculo de l\u00ednea&quot;:{&quot;marco flotante&quot;:FALSO}},}); }); } })(); \/*))>*\/ <\/div>\n<\/p>\n<p>El cartel del festival lo completan Louis The Child, Zensei y Ellis. La preventa de artistas comienza el jueves 30 de abril a las 10 a. m., hora del este, seguida de la venta general el viernes 1 de mayo a las 10 a. m., hora del este. Los fan\u00e1ticos pueden registrarse para obtener acceso temprano y encontrar m\u00e1s informaci\u00f3n en el sitio web de Zedd In The Park.<\/p>\n<div class=\"uD-YT-container\"><img decoding=\"async\" src=\"https:\/\/web.consaguirre.com.ar\/noticias\/wp-content\/uploads\/2026\/04\/1777376555_472_Zedd-anuncia-la-edicion-en-Nueva-York-del-festival-Zedd.jpg\" alt=\"V\u00eddeo de YouTube\"><br \/>Haga clic para cargar v\u00eddeo<\/div>\n<p>Zedd In The Park se present\u00f3 por \u00faltima vez en Los \u00c1ngeles State Historic Park en septiembre de 2024. El \u00faltimo \u00e1lbum del DJ y productor alem\u00e1n, <em>telos<\/em>fue lanzado el mismo a\u00f1o. Antes de su lanzamiento, Zedd dijo <em>Forbes<\/em> que esperaba que el disco ampliara el tipo de m\u00fasica que pod\u00eda tocar en vivo. Explic\u00f3: &#8220;Espero que las personas que simplemente est\u00e1n interesadas en el EDM se abran a otros tipos de m\u00fasica que est\u00e1n influenciadas por la m\u00fasica electr\u00f3nica, simplemente acortando un poco m\u00e1s la brecha entre los g\u00e9neros. Tal vez eso tambi\u00e9n me permita tocar m\u00e1s m\u00fasica diferente en vivo&#8230; eso ser\u00eda bueno&#8221;.<\/p>\n<p>Nominado a Mejor \u00c1lbum Dance\/Electr\u00f3nico en los Premios Grammy 2025, <em>telos<\/em> finalmente perdi\u00f3 ante Charli XCX <em>Palo de golf<\/em>.<\/p>\n<p><b>Explora la m\u00fasica de Zedd en vinilo aqu\u00ed.<\/b><\/p>\n","protected":false},"excerpt":{"rendered":"<p>Zedd traer\u00e1 de vuelta el festival que lleva su mismo nombre y lo llevar\u00e1 a Nueva York. La quinta edici\u00f3n de &#8216;Zedd In The Park&#8217;<\/p>\n","protected":false},"author":1,"featured_media":5813,"comment_status":"closed","ping_status":"","sticky":false,"template":"","format":"standard","meta":{"footnotes":""},"categories":[50],"tags":[56,10,160,102,116,62,2018,427],"class_list":["post-5812","post","type-post","status-publish","format-standard","has-post-thumbnail","hentry","category-el-ultimo","tag-anuncia","tag-del","tag-edicion","tag-festival","tag-nueva","tag-park","tag-york","tag-zedd","generate-columns","tablet-grid-50","mobile-grid-100","grid-parent","grid-50"],"yoast_head":"<!-- This site is optimized with the Yoast SEO plugin v23.3 - https:\/\/yoast.com\/wordpress\/plugins\/seo\/ -->\n<title>Zedd anuncia la edici\u00f3n en Nueva York del festival &#039;Zedd In The Park&#039;<\/title>\n<meta name=\"robots\" content=\"index, follow, max-snippet:-1, max-image-preview:large, max-video-preview:-1\" \/>\n<link rel=\"canonical\" href=\"https:\/\/web.consaguirre.com.ar\/noticias\/zedd-anuncia-la-edicion-en-nueva-york-del-festival-zedd-in-the-park\/\" \/>\n<meta property=\"og:locale\" content=\"es_ES\" \/>\n<meta property=\"og:type\" content=\"article\" \/>\n<meta property=\"og:title\" content=\"Zedd anuncia la edici\u00f3n en Nueva York del festival &#039;Zedd In The Park&#039;\" \/>\n<meta property=\"og:description\" content=\"Zedd traer\u00e1 de vuelta el festival que lleva su mismo nombre y lo llevar\u00e1 a Nueva York. La quinta edici\u00f3n de &#8216;Zedd In The Park&#8217;\" \/>\n<meta property=\"og:url\" content=\"https:\/\/web.consaguirre.com.ar\/noticias\/zedd-anuncia-la-edicion-en-nueva-york-del-festival-zedd-in-the-park\/\" \/>\n<meta property=\"og:site_name\" content=\"Conservatorio de M\u00fasica Juli\u00e1n Aguirre\" \/>\n<meta property=\"article:published_time\" content=\"2026-04-28T11:42:35+00:00\" \/>\n<meta property=\"article:modified_time\" content=\"2026-04-28T11:42:36+00:00\" \/>\n<meta property=\"og:image\" content=\"https:\/\/web.consaguirre.com.ar\/noticias\/wp-content\/uploads\/2026\/04\/Zedd-anuncia-la-edicion-en-Nueva-York-del-festival-Zedd.jpg\" \/>\n\t<meta property=\"og:image:width\" content=\"820\" \/>\n\t<meta property=\"og:image:height\" content=\"820\" \/>\n\t<meta property=\"og:image:type\" content=\"image\/jpeg\" \/>\n<meta name=\"author\" content=\"Javier Figueroa\" \/>\n<meta name=\"twitter:card\" content=\"summary_large_image\" \/>\n<meta name=\"twitter:label1\" content=\"Escrito por\" \/>\n\t<meta name=\"twitter:data1\" content=\"Javier Figueroa\" \/>\n\t<meta name=\"twitter:label2\" content=\"Tiempo de lectura\" \/>\n\t<meta name=\"twitter:data2\" content=\"2 minutos\" \/>\n<script type=\"application\/ld+json\" class=\"yoast-schema-graph\">{\"@context\":\"https:\/\/schema.org\",\"@graph\":[{\"@type\":\"Article\",\"@id\":\"https:\/\/web.consaguirre.com.ar\/noticias\/zedd-anuncia-la-edicion-en-nueva-york-del-festival-zedd-in-the-park\/#article\",\"isPartOf\":{\"@id\":\"https:\/\/web.consaguirre.com.ar\/noticias\/zedd-anuncia-la-edicion-en-nueva-york-del-festival-zedd-in-the-park\/\"},\"author\":{\"name\":\"Javier Figueroa\",\"@id\":\"https:\/\/web.consaguirre.com.ar\/noticias\/#\/schema\/person\/6558b0cfedee7ddc5425602b237d5722\"},\"headline\":\"Zedd anuncia la edici\u00f3n en Nueva York del festival &#8216;Zedd In The Park&#8217;\",\"datePublished\":\"2026-04-28T11:42:35+00:00\",\"dateModified\":\"2026-04-28T11:42:36+00:00\",\"mainEntityOfPage\":{\"@id\":\"https:\/\/web.consaguirre.com.ar\/noticias\/zedd-anuncia-la-edicion-en-nueva-york-del-festival-zedd-in-the-park\/\"},\"wordCount\":388,\"publisher\":{\"@id\":\"https:\/\/web.consaguirre.com.ar\/noticias\/#organization\"},\"image\":{\"@id\":\"https:\/\/web.consaguirre.com.ar\/noticias\/zedd-anuncia-la-edicion-en-nueva-york-del-festival-zedd-in-the-park\/#primaryimage\"},\"thumbnailUrl\":\"https:\/\/web.consaguirre.com.ar\/noticias\/wp-content\/uploads\/2026\/04\/Zedd-anuncia-la-edicion-en-Nueva-York-del-festival-Zedd.jpg\",\"keywords\":[\"anuncia\",\"del\",\"edici\u00f3n\",\"Festival\",\"nueva\",\"Park\",\"York\",\"Zedd\"],\"articleSection\":[\"El \u00faltimo\"],\"inLanguage\":\"es-AR\"},{\"@type\":\"WebPage\",\"@id\":\"https:\/\/web.consaguirre.com.ar\/noticias\/zedd-anuncia-la-edicion-en-nueva-york-del-festival-zedd-in-the-park\/\",\"url\":\"https:\/\/web.consaguirre.com.ar\/noticias\/zedd-anuncia-la-edicion-en-nueva-york-del-festival-zedd-in-the-park\/\",\"name\":\"Zedd anuncia la edici\u00f3n en Nueva York del festival 'Zedd In The Park'\",\"isPartOf\":{\"@id\":\"https:\/\/web.consaguirre.com.ar\/noticias\/#website\"},\"primaryImageOfPage\":{\"@id\":\"https:\/\/web.consaguirre.com.ar\/noticias\/zedd-anuncia-la-edicion-en-nueva-york-del-festival-zedd-in-the-park\/#primaryimage\"},\"image\":{\"@id\":\"https:\/\/web.consaguirre.com.ar\/noticias\/zedd-anuncia-la-edicion-en-nueva-york-del-festival-zedd-in-the-park\/#primaryimage\"},\"thumbnailUrl\":\"https:\/\/web.consaguirre.com.ar\/noticias\/wp-content\/uploads\/2026\/04\/Zedd-anuncia-la-edicion-en-Nueva-York-del-festival-Zedd.jpg\",\"datePublished\":\"2026-04-28T11:42:35+00:00\",\"dateModified\":\"2026-04-28T11:42:36+00:00\",\"breadcrumb\":{\"@id\":\"https:\/\/web.consaguirre.com.ar\/noticias\/zedd-anuncia-la-edicion-en-nueva-york-del-festival-zedd-in-the-park\/#breadcrumb\"},\"inLanguage\":\"es-AR\",\"potentialAction\":[{\"@type\":\"ReadAction\",\"target\":[\"https:\/\/web.consaguirre.com.ar\/noticias\/zedd-anuncia-la-edicion-en-nueva-york-del-festival-zedd-in-the-park\/\"]}]},{\"@type\":\"ImageObject\",\"inLanguage\":\"es-AR\",\"@id\":\"https:\/\/web.consaguirre.com.ar\/noticias\/zedd-anuncia-la-edicion-en-nueva-york-del-festival-zedd-in-the-park\/#primaryimage\",\"url\":\"https:\/\/web.consaguirre.com.ar\/noticias\/wp-content\/uploads\/2026\/04\/Zedd-anuncia-la-edicion-en-Nueva-York-del-festival-Zedd.jpg\",\"contentUrl\":\"https:\/\/web.consaguirre.com.ar\/noticias\/wp-content\/uploads\/2026\/04\/Zedd-anuncia-la-edicion-en-Nueva-York-del-festival-Zedd.jpg\",\"width\":820,\"height\":820,\"caption\":\"Zedd photo courtesy of Interscope Records\"},{\"@type\":\"BreadcrumbList\",\"@id\":\"https:\/\/web.consaguirre.com.ar\/noticias\/zedd-anuncia-la-edicion-en-nueva-york-del-festival-zedd-in-the-park\/#breadcrumb\",\"itemListElement\":[{\"@type\":\"ListItem\",\"position\":1,\"name\":\"Inicio\",\"item\":\"https:\/\/web.consaguirre.com.ar\/noticias\/\"},{\"@type\":\"ListItem\",\"position\":2,\"name\":\"Zedd anuncia la edici\u00f3n en Nueva York del festival &#8216;Zedd In The Park&#8217;\"}]},{\"@type\":\"WebSite\",\"@id\":\"https:\/\/web.consaguirre.com.ar\/noticias\/#website\",\"url\":\"https:\/\/web.consaguirre.com.ar\/noticias\/\",\"name\":\"Conservatorio de M\u00fasica Juli\u00e1n Aguirre\",\"description\":\"\",\"publisher\":{\"@id\":\"https:\/\/web.consaguirre.com.ar\/noticias\/#organization\"},\"potentialAction\":[{\"@type\":\"SearchAction\",\"target\":{\"@type\":\"EntryPoint\",\"urlTemplate\":\"https:\/\/web.consaguirre.com.ar\/noticias\/?s={search_term_string}\"},\"query-input\":\"required name=search_term_string\"}],\"inLanguage\":\"es-AR\"},{\"@type\":\"Organization\",\"@id\":\"https:\/\/web.consaguirre.com.ar\/noticias\/#organization\",\"name\":\"Conservatorio de M\u00fasica Juli\u00e1n Aguirre\",\"url\":\"https:\/\/web.consaguirre.com.ar\/noticias\/\",\"logo\":{\"@type\":\"ImageObject\",\"inLanguage\":\"es-AR\",\"@id\":\"https:\/\/web.consaguirre.com.ar\/noticias\/#\/schema\/logo\/image\/\",\"url\":\"https:\/\/web.consaguirre.com.ar\/noticias\/wp-content\/uploads\/2024\/08\/Banner-Aguirre-23.jpg\",\"contentUrl\":\"https:\/\/web.consaguirre.com.ar\/noticias\/wp-content\/uploads\/2024\/08\/Banner-Aguirre-23.jpg\",\"width\":1192,\"height\":600,\"caption\":\"Conservatorio de M\u00fasica Juli\u00e1n Aguirre\"},\"image\":{\"@id\":\"https:\/\/web.consaguirre.com.ar\/noticias\/#\/schema\/logo\/image\/\"}},{\"@type\":\"Person\",\"@id\":\"https:\/\/web.consaguirre.com.ar\/noticias\/#\/schema\/person\/6558b0cfedee7ddc5425602b237d5722\",\"name\":\"Javier Figueroa\",\"image\":{\"@type\":\"ImageObject\",\"inLanguage\":\"es-AR\",\"@id\":\"https:\/\/web.consaguirre.com.ar\/noticias\/#\/schema\/person\/image\/\",\"url\":\"https:\/\/web.consaguirre.com.ar\/noticias\/wp-content\/uploads\/2024\/08\/Consaguirre-scaled.jpg\",\"contentUrl\":\"https:\/\/web.consaguirre.com.ar\/noticias\/wp-content\/uploads\/2024\/08\/Consaguirre-scaled.jpg\",\"caption\":\"Javier Figueroa\"},\"description\":\"Me llamo Javier Figueroa y soy redactor para el sitio oficial del Conservatorio de M\u00fasica Juli\u00e1n Aguirre en Buenos Aires, consaguirre.com. Apasionado por la m\u00fasica y la escritura, me esfuerzo por destacar los talentos y eventos de nuestra prestigiosa instituci\u00f3n. Mi trayectoria se nutre de una profunda admiraci\u00f3n por los artistas, haciendo de cada art\u00edculo una celebraci\u00f3n de la creatividad y la cultura musical.\",\"sameAs\":[\"https:\/\/web.consaguirre.com.ar\/noticias\"]}]}<\/script>\n<!-- \/ Yoast SEO plugin. -->","yoast_head_json":{"title":"Zedd anuncia la edici\u00f3n en Nueva York del festival 'Zedd In The Park'","robots":{"index":"index","follow":"follow","max-snippet":"max-snippet:-1","max-image-preview":"max-image-preview:large","max-video-preview":"max-video-preview:-1"},"canonical":"https:\/\/web.consaguirre.com.ar\/noticias\/zedd-anuncia-la-edicion-en-nueva-york-del-festival-zedd-in-the-park\/","og_locale":"es_ES","og_type":"article","og_title":"Zedd anuncia la edici\u00f3n en Nueva York del festival 'Zedd In The Park'","og_description":"Zedd traer\u00e1 de vuelta el festival que lleva su mismo nombre y lo llevar\u00e1 a Nueva York. La quinta edici\u00f3n de &#8216;Zedd In The Park&#8217;","og_url":"https:\/\/web.consaguirre.com.ar\/noticias\/zedd-anuncia-la-edicion-en-nueva-york-del-festival-zedd-in-the-park\/","og_site_name":"Conservatorio de M\u00fasica Juli\u00e1n Aguirre","article_published_time":"2026-04-28T11:42:35+00:00","article_modified_time":"2026-04-28T11:42:36+00:00","og_image":[{"width":820,"height":820,"url":"https:\/\/web.consaguirre.com.ar\/noticias\/wp-content\/uploads\/2026\/04\/Zedd-anuncia-la-edicion-en-Nueva-York-del-festival-Zedd.jpg","type":"image\/jpeg"}],"author":"Javier Figueroa","twitter_card":"summary_large_image","twitter_misc":{"Escrito por":"Javier Figueroa","Tiempo de lectura":"2 minutos"},"schema":{"@context":"https:\/\/schema.org","@graph":[{"@type":"Article","@id":"https:\/\/web.consaguirre.com.ar\/noticias\/zedd-anuncia-la-edicion-en-nueva-york-del-festival-zedd-in-the-park\/#article","isPartOf":{"@id":"https:\/\/web.consaguirre.com.ar\/noticias\/zedd-anuncia-la-edicion-en-nueva-york-del-festival-zedd-in-the-park\/"},"author":{"name":"Javier Figueroa","@id":"https:\/\/web.consaguirre.com.ar\/noticias\/#\/schema\/person\/6558b0cfedee7ddc5425602b237d5722"},"headline":"Zedd anuncia la edici\u00f3n en Nueva York del festival &#8216;Zedd In The Park&#8217;","datePublished":"2026-04-28T11:42:35+00:00","dateModified":"2026-04-28T11:42:36+00:00","mainEntityOfPage":{"@id":"https:\/\/web.consaguirre.com.ar\/noticias\/zedd-anuncia-la-edicion-en-nueva-york-del-festival-zedd-in-the-park\/"},"wordCount":388,"publisher":{"@id":"https:\/\/web.consaguirre.com.ar\/noticias\/#organization"},"image":{"@id":"https:\/\/web.consaguirre.com.ar\/noticias\/zedd-anuncia-la-edicion-en-nueva-york-del-festival-zedd-in-the-park\/#primaryimage"},"thumbnailUrl":"https:\/\/web.consaguirre.com.ar\/noticias\/wp-content\/uploads\/2026\/04\/Zedd-anuncia-la-edicion-en-Nueva-York-del-festival-Zedd.jpg","keywords":["anuncia","del","edici\u00f3n","Festival","nueva","Park","York","Zedd"],"articleSection":["El \u00faltimo"],"inLanguage":"es-AR"},{"@type":"WebPage","@id":"https:\/\/web.consaguirre.com.ar\/noticias\/zedd-anuncia-la-edicion-en-nueva-york-del-festival-zedd-in-the-park\/","url":"https:\/\/web.consaguirre.com.ar\/noticias\/zedd-anuncia-la-edicion-en-nueva-york-del-festival-zedd-in-the-park\/","name":"Zedd anuncia la edici\u00f3n en Nueva York del festival 'Zedd In The Park'","isPartOf":{"@id":"https:\/\/web.consaguirre.com.ar\/noticias\/#website"},"primaryImageOfPage":{"@id":"https:\/\/web.consaguirre.com.ar\/noticias\/zedd-anuncia-la-edicion-en-nueva-york-del-festival-zedd-in-the-park\/#primaryimage"},"image":{"@id":"https:\/\/web.consaguirre.com.ar\/noticias\/zedd-anuncia-la-edicion-en-nueva-york-del-festival-zedd-in-the-park\/#primaryimage"},"thumbnailUrl":"https:\/\/web.consaguirre.com.ar\/noticias\/wp-content\/uploads\/2026\/04\/Zedd-anuncia-la-edicion-en-Nueva-York-del-festival-Zedd.jpg","datePublished":"2026-04-28T11:42:35+00:00","dateModified":"2026-04-28T11:42:36+00:00","breadcrumb":{"@id":"https:\/\/web.consaguirre.com.ar\/noticias\/zedd-anuncia-la-edicion-en-nueva-york-del-festival-zedd-in-the-park\/#breadcrumb"},"inLanguage":"es-AR","potentialAction":[{"@type":"ReadAction","target":["https:\/\/web.consaguirre.com.ar\/noticias\/zedd-anuncia-la-edicion-en-nueva-york-del-festival-zedd-in-the-park\/"]}]},{"@type":"ImageObject","inLanguage":"es-AR","@id":"https:\/\/web.consaguirre.com.ar\/noticias\/zedd-anuncia-la-edicion-en-nueva-york-del-festival-zedd-in-the-park\/#primaryimage","url":"https:\/\/web.consaguirre.com.ar\/noticias\/wp-content\/uploads\/2026\/04\/Zedd-anuncia-la-edicion-en-Nueva-York-del-festival-Zedd.jpg","contentUrl":"https:\/\/web.consaguirre.com.ar\/noticias\/wp-content\/uploads\/2026\/04\/Zedd-anuncia-la-edicion-en-Nueva-York-del-festival-Zedd.jpg","width":820,"height":820,"caption":"Zedd photo courtesy of Interscope Records"},{"@type":"BreadcrumbList","@id":"https:\/\/web.consaguirre.com.ar\/noticias\/zedd-anuncia-la-edicion-en-nueva-york-del-festival-zedd-in-the-park\/#breadcrumb","itemListElement":[{"@type":"ListItem","position":1,"name":"Inicio","item":"https:\/\/web.consaguirre.com.ar\/noticias\/"},{"@type":"ListItem","position":2,"name":"Zedd anuncia la edici\u00f3n en Nueva York del festival &#8216;Zedd In The Park&#8217;"}]},{"@type":"WebSite","@id":"https:\/\/web.consaguirre.com.ar\/noticias\/#website","url":"https:\/\/web.consaguirre.com.ar\/noticias\/","name":"Conservatorio de M\u00fasica Juli\u00e1n Aguirre","description":"","publisher":{"@id":"https:\/\/web.consaguirre.com.ar\/noticias\/#organization"},"potentialAction":[{"@type":"SearchAction","target":{"@type":"EntryPoint","urlTemplate":"https:\/\/web.consaguirre.com.ar\/noticias\/?s={search_term_string}"},"query-input":"required name=search_term_string"}],"inLanguage":"es-AR"},{"@type":"Organization","@id":"https:\/\/web.consaguirre.com.ar\/noticias\/#organization","name":"Conservatorio de M\u00fasica Juli\u00e1n Aguirre","url":"https:\/\/web.consaguirre.com.ar\/noticias\/","logo":{"@type":"ImageObject","inLanguage":"es-AR","@id":"https:\/\/web.consaguirre.com.ar\/noticias\/#\/schema\/logo\/image\/","url":"https:\/\/web.consaguirre.com.ar\/noticias\/wp-content\/uploads\/2024\/08\/Banner-Aguirre-23.jpg","contentUrl":"https:\/\/web.consaguirre.com.ar\/noticias\/wp-content\/uploads\/2024\/08\/Banner-Aguirre-23.jpg","width":1192,"height":600,"caption":"Conservatorio de M\u00fasica Juli\u00e1n Aguirre"},"image":{"@id":"https:\/\/web.consaguirre.com.ar\/noticias\/#\/schema\/logo\/image\/"}},{"@type":"Person","@id":"https:\/\/web.consaguirre.com.ar\/noticias\/#\/schema\/person\/6558b0cfedee7ddc5425602b237d5722","name":"Javier Figueroa","image":{"@type":"ImageObject","inLanguage":"es-AR","@id":"https:\/\/web.consaguirre.com.ar\/noticias\/#\/schema\/person\/image\/","url":"https:\/\/web.consaguirre.com.ar\/noticias\/wp-content\/uploads\/2024\/08\/Consaguirre-scaled.jpg","contentUrl":"https:\/\/web.consaguirre.com.ar\/noticias\/wp-content\/uploads\/2024\/08\/Consaguirre-scaled.jpg","caption":"Javier Figueroa"},"description":"Me llamo Javier Figueroa y soy redactor para el sitio oficial del Conservatorio de M\u00fasica Juli\u00e1n Aguirre en Buenos Aires, consaguirre.com. Apasionado por la m\u00fasica y la escritura, me esfuerzo por destacar los talentos y eventos de nuestra prestigiosa instituci\u00f3n. Mi trayectoria se nutre de una profunda admiraci\u00f3n por los artistas, haciendo de cada art\u00edculo una celebraci\u00f3n de la creatividad y la cultura musical.","sameAs":["https:\/\/web.consaguirre.com.ar\/noticias"]}]}},"_links":{"self":[{"href":"https:\/\/web.consaguirre.com.ar\/noticias\/wp-json\/wp\/v2\/posts\/5812"}],"collection":[{"href":"https:\/\/web.consaguirre.com.ar\/noticias\/wp-json\/wp\/v2\/posts"}],"about":[{"href":"https:\/\/web.consaguirre.com.ar\/noticias\/wp-json\/wp\/v2\/types\/post"}],"author":[{"embeddable":true,"href":"https:\/\/web.consaguirre.com.ar\/noticias\/wp-json\/wp\/v2\/users\/1"}],"replies":[{"embeddable":true,"href":"https:\/\/web.consaguirre.com.ar\/noticias\/wp-json\/wp\/v2\/comments?post=5812"}],"version-history":[{"count":1,"href":"https:\/\/web.consaguirre.com.ar\/noticias\/wp-json\/wp\/v2\/posts\/5812\/revisions"}],"predecessor-version":[{"id":5814,"href":"https:\/\/web.consaguirre.com.ar\/noticias\/wp-json\/wp\/v2\/posts\/5812\/revisions\/5814"}],"wp:featuredmedia":[{"embeddable":true,"href":"https:\/\/web.consaguirre.com.ar\/noticias\/wp-json\/wp\/v2\/media\/5813"}],"wp:attachment":[{"href":"https:\/\/web.consaguirre.com.ar\/noticias\/wp-json\/wp\/v2\/media?parent=5812"}],"wp:term":[{"taxonomy":"category","embeddable":true,"href":"https:\/\/web.consaguirre.com.ar\/noticias\/wp-json\/wp\/v2\/categories?post=5812"},{"taxonomy":"post_tag","embeddable":true,"href":"https:\/\/web.consaguirre.com.ar\/noticias\/wp-json\/wp\/v2\/tags?post=5812"}],"curies":[{"name":"wp","href":"https:\/\/api.w.org\/{rel}","templated":true}]}}