{"id":5803,"date":"2026-04-27T23:38:59","date_gmt":"2026-04-28T02:38:59","guid":{"rendered":"https:\/\/web.consaguirre.com.ar\/noticias\/anitta-comparte-video-meia-noite-de-equilibrivm\/"},"modified":"2026-04-27T23:39:00","modified_gmt":"2026-04-28T02:39:00","slug":"anitta-comparte-video-meia-noite-de-equilibrivm","status":"publish","type":"post","link":"https:\/\/web.consaguirre.com.ar\/noticias\/anitta-comparte-video-meia-noite-de-equilibrivm\/","title":{"rendered":"Anitta comparte video &#8216;Meia-Noite&#8217; de &#8216;EQUILIBRIVM&#8217;"},"content":{"rendered":"<p><b>anitta<\/b> ha lanzado el v\u00eddeo musical de \u201cMeia-Noite\u201d, continuando la historia visual vinculada a su nuevo \u00e1lbum. <i>EQUILIBRIVM<\/i>. Ya disponible, el clip sirve como segundo cap\u00edtulo del proyecto audiovisual del \u00e1lbum, <em>F\u00c9 E FESTA<\/em> (Fe y Celebraci\u00f3n), siguiendo la trama introducida en \u201cDesgra\u00e7a\u201d. Publicado el 16 de abril. <i>EQUILIBRIVM<\/i> es el octavo \u00e1lbum de estudio de Anitta, y \u201cMeia-Noite\u201d desarrolla a\u00fan m\u00e1s los temas del proyecto de espiritualidad, amor, fe y empoderamiento femenino a trav\u00e9s de un lenguaje visual arraigado en referencias culturales brasile\u00f1as.<\/p>\n<p>Seg\u00fan el comunicado, \u201cMeia-Noite\u201d combina funk carioca con elementos de cantos sagrados de Candombl\u00e9 y canaliza energ\u00edas espirituales asociadas con Exu y Pombagira. El video presenta una aparici\u00f3n especial de Mayara Lima, Reina de la Secci\u00f3n de Bater\u00eda de la escuela de samba Para\u00edso do Tuiuti. En un comunicado, Anitta dijo que la canci\u00f3n est\u00e1 \u201cprofundamente conectada con la noche\u201d y con \u201cla calle\u201d como lugar de poder, y agreg\u00f3 que el video crea la atm\u00f3sfera de un ritual nocturno al reunir la ascendencia brasile\u00f1a y la escala de los sistemas de sonido funk, o pared\u00f5es.<\/p>\n<div class=\"uD-YT-container\"><img decoding=\"async\" src=\"https:\/\/web.consaguirre.com.ar\/noticias\/wp-content\/uploads\/2026\/04\/1777343939_377_Anitta-comparte-video-Meia-Noite-de-EQUILIBRIVM.jpg\" alt=\"V\u00eddeo de YouTube\"><br \/>Haga clic para cargar v\u00eddeo<\/div>\n<p>La imagen comienza con un c\u00edrculo de atabaques que rodean un imponente sistema de sonido de pared\u00e3o, con vasijas de ofrendas de arcilla en llamas colocadas alrededor de la escena. Anitta act\u00faa con Mayara Lima en coreograf\u00eda de Luciana Xavier, mientras que las im\u00e1genes se basan en Maculel\u00ea, el lenguaje de movimiento de los arquetipos orix\u00e1, y referencias conectadas a Pombagira. N\u00eddia Aranha, directora creativa del <i>EQUILIBRIVM<\/i> proyecto, dijo que el cuerpo se convierte en un puente entre la tradici\u00f3n y la expresi\u00f3n contempor\u00e1nea dentro del lenguaje del funk. El video tambi\u00e9n incorpora trabajo del artista Rafa Chaves, mientras que el cofundador de Ginga Pictures, Felipe Britto, dijo que el equipo abord\u00f3 estos elementos culturales con cuidado y especificidad en lugar de usarlos como decoraci\u00f3n visual.<\/p>\n<p>El lanzamiento sigue a un per\u00edodo muy ocupado para Anitta. <i>EQUILIBRIVM<\/i> lleg\u00f3 el 16 de abril con 15 temas y apariciones especiales de Shakira, Liniker, Marina Sena, Luedji Luna, Ebony, Papatinho, Rincon Sapi\u00eancia, King Saints, Melly, Os Garotin, Los Brasileros, Ponto de Equil\u00edbrio y Emanazul. \u201cMeia-Noite\u201d se present\u00f3 por primera vez durante la gira Carnival de Anitta y luego se present\u00f3 en <i>Domingo con Huck<\/i> junto a Luciana Xavier. El lanzamiento visual del \u00e1lbum tambi\u00e9n contin\u00faa, con \u201cDEUS M\u00c3E\u201d programado para el 28 de abril, \u201cRENASCIMENTO\u201d el 7 de mayo, \u201cSo Much Love\u201d programado para el 19 de mayo y \u201cDeus Existe\u201d programado para el 26 de mayo.<\/p>\n<p><b>Escuche \u201cMeia-Noite\u201d aqu\u00ed.<\/b><\/p>\n","protected":false},"excerpt":{"rendered":"<p>anitta ha lanzado el v\u00eddeo musical de \u201cMeia-Noite\u201d, continuando la historia visual vinculada a su nuevo \u00e1lbum. EQUILIBRIVM. Ya disponible, el clip sirve como segundo<\/p>\n","protected":false},"author":1,"featured_media":5804,"comment_status":"closed","ping_status":"","sticky":false,"template":"","format":"standard","meta":{"footnotes":""},"categories":[50],"tags":[1127,201,4198,4197,202],"class_list":["post-5803","post","type-post","status-publish","format-standard","has-post-thumbnail","hentry","category-el-ultimo","tag-anitta","tag-comparte","tag-equilibrivm","tag-meianoite","tag-video","generate-columns","tablet-grid-50","mobile-grid-100","grid-parent","grid-50"],"yoast_head":"<!-- This site is optimized with the Yoast SEO plugin v23.3 - https:\/\/yoast.com\/wordpress\/plugins\/seo\/ -->\n<title>Anitta comparte video &#039;Meia-Noite&#039; de &#039;EQUILIBRIVM&#039;<\/title>\n<meta name=\"robots\" content=\"index, follow, max-snippet:-1, max-image-preview:large, max-video-preview:-1\" \/>\n<link rel=\"canonical\" href=\"https:\/\/web.consaguirre.com.ar\/noticias\/anitta-comparte-video-meia-noite-de-equilibrivm\/\" \/>\n<meta property=\"og:locale\" content=\"es_ES\" \/>\n<meta property=\"og:type\" content=\"article\" \/>\n<meta property=\"og:title\" content=\"Anitta comparte video &#039;Meia-Noite&#039; de &#039;EQUILIBRIVM&#039;\" \/>\n<meta property=\"og:description\" content=\"anitta ha lanzado el v\u00eddeo musical de \u201cMeia-Noite\u201d, continuando la historia visual vinculada a su nuevo \u00e1lbum. EQUILIBRIVM. Ya disponible, el clip sirve como segundo\" \/>\n<meta property=\"og:url\" content=\"https:\/\/web.consaguirre.com.ar\/noticias\/anitta-comparte-video-meia-noite-de-equilibrivm\/\" \/>\n<meta property=\"og:site_name\" content=\"Conservatorio de M\u00fasica Juli\u00e1n Aguirre\" \/>\n<meta property=\"article:published_time\" content=\"2026-04-28T02:38:59+00:00\" \/>\n<meta property=\"article:modified_time\" content=\"2026-04-28T02:39:00+00:00\" \/>\n<meta property=\"og:image\" content=\"https:\/\/web.consaguirre.com.ar\/noticias\/wp-content\/uploads\/2026\/04\/Anitta-comparte-video-Meia-Noite-de-EQUILIBRIVM.jpg\" \/>\n\t<meta property=\"og:image:width\" content=\"820\" \/>\n\t<meta property=\"og:image:height\" content=\"820\" \/>\n\t<meta property=\"og:image:type\" content=\"image\/jpeg\" \/>\n<meta name=\"author\" content=\"Javier Figueroa\" \/>\n<meta name=\"twitter:card\" content=\"summary_large_image\" \/>\n<meta name=\"twitter:label1\" content=\"Escrito por\" \/>\n\t<meta name=\"twitter:data1\" content=\"Javier Figueroa\" \/>\n\t<meta name=\"twitter:label2\" content=\"Tiempo de lectura\" \/>\n\t<meta name=\"twitter:data2\" content=\"2 minutos\" \/>\n<script type=\"application\/ld+json\" class=\"yoast-schema-graph\">{\"@context\":\"https:\/\/schema.org\",\"@graph\":[{\"@type\":\"Article\",\"@id\":\"https:\/\/web.consaguirre.com.ar\/noticias\/anitta-comparte-video-meia-noite-de-equilibrivm\/#article\",\"isPartOf\":{\"@id\":\"https:\/\/web.consaguirre.com.ar\/noticias\/anitta-comparte-video-meia-noite-de-equilibrivm\/\"},\"author\":{\"name\":\"Javier Figueroa\",\"@id\":\"https:\/\/web.consaguirre.com.ar\/noticias\/#\/schema\/person\/6558b0cfedee7ddc5425602b237d5722\"},\"headline\":\"Anitta comparte video &#8216;Meia-Noite&#8217; de &#8216;EQUILIBRIVM&#8217;\",\"datePublished\":\"2026-04-28T02:38:59+00:00\",\"dateModified\":\"2026-04-28T02:39:00+00:00\",\"mainEntityOfPage\":{\"@id\":\"https:\/\/web.consaguirre.com.ar\/noticias\/anitta-comparte-video-meia-noite-de-equilibrivm\/\"},\"wordCount\":457,\"publisher\":{\"@id\":\"https:\/\/web.consaguirre.com.ar\/noticias\/#organization\"},\"image\":{\"@id\":\"https:\/\/web.consaguirre.com.ar\/noticias\/anitta-comparte-video-meia-noite-de-equilibrivm\/#primaryimage\"},\"thumbnailUrl\":\"https:\/\/web.consaguirre.com.ar\/noticias\/wp-content\/uploads\/2026\/04\/Anitta-comparte-video-Meia-Noite-de-EQUILIBRIVM.jpg\",\"keywords\":[\"Anitta\",\"comparte\",\"EQUILIBRIVM\",\"MeiaNoite\",\"v\u00eddeo\"],\"articleSection\":[\"El \u00faltimo\"],\"inLanguage\":\"es-AR\"},{\"@type\":\"WebPage\",\"@id\":\"https:\/\/web.consaguirre.com.ar\/noticias\/anitta-comparte-video-meia-noite-de-equilibrivm\/\",\"url\":\"https:\/\/web.consaguirre.com.ar\/noticias\/anitta-comparte-video-meia-noite-de-equilibrivm\/\",\"name\":\"Anitta comparte video 'Meia-Noite' de 'EQUILIBRIVM'\",\"isPartOf\":{\"@id\":\"https:\/\/web.consaguirre.com.ar\/noticias\/#website\"},\"primaryImageOfPage\":{\"@id\":\"https:\/\/web.consaguirre.com.ar\/noticias\/anitta-comparte-video-meia-noite-de-equilibrivm\/#primaryimage\"},\"image\":{\"@id\":\"https:\/\/web.consaguirre.com.ar\/noticias\/anitta-comparte-video-meia-noite-de-equilibrivm\/#primaryimage\"},\"thumbnailUrl\":\"https:\/\/web.consaguirre.com.ar\/noticias\/wp-content\/uploads\/2026\/04\/Anitta-comparte-video-Meia-Noite-de-EQUILIBRIVM.jpg\",\"datePublished\":\"2026-04-28T02:38:59+00:00\",\"dateModified\":\"2026-04-28T02:39:00+00:00\",\"breadcrumb\":{\"@id\":\"https:\/\/web.consaguirre.com.ar\/noticias\/anitta-comparte-video-meia-noite-de-equilibrivm\/#breadcrumb\"},\"inLanguage\":\"es-AR\",\"potentialAction\":[{\"@type\":\"ReadAction\",\"target\":[\"https:\/\/web.consaguirre.com.ar\/noticias\/anitta-comparte-video-meia-noite-de-equilibrivm\/\"]}]},{\"@type\":\"ImageObject\",\"inLanguage\":\"es-AR\",\"@id\":\"https:\/\/web.consaguirre.com.ar\/noticias\/anitta-comparte-video-meia-noite-de-equilibrivm\/#primaryimage\",\"url\":\"https:\/\/web.consaguirre.com.ar\/noticias\/wp-content\/uploads\/2026\/04\/Anitta-comparte-video-Meia-Noite-de-EQUILIBRIVM.jpg\",\"contentUrl\":\"https:\/\/web.consaguirre.com.ar\/noticias\/wp-content\/uploads\/2026\/04\/Anitta-comparte-video-Meia-Noite-de-EQUILIBRIVM.jpg\",\"width\":820,\"height\":820,\"caption\":\"Anitta photo: Mar + Vin\"},{\"@type\":\"BreadcrumbList\",\"@id\":\"https:\/\/web.consaguirre.com.ar\/noticias\/anitta-comparte-video-meia-noite-de-equilibrivm\/#breadcrumb\",\"itemListElement\":[{\"@type\":\"ListItem\",\"position\":1,\"name\":\"Inicio\",\"item\":\"https:\/\/web.consaguirre.com.ar\/noticias\/\"},{\"@type\":\"ListItem\",\"position\":2,\"name\":\"Anitta comparte video &#8216;Meia-Noite&#8217; de &#8216;EQUILIBRIVM&#8217;\"}]},{\"@type\":\"WebSite\",\"@id\":\"https:\/\/web.consaguirre.com.ar\/noticias\/#website\",\"url\":\"https:\/\/web.consaguirre.com.ar\/noticias\/\",\"name\":\"Conservatorio de M\u00fasica Juli\u00e1n Aguirre\",\"description\":\"\",\"publisher\":{\"@id\":\"https:\/\/web.consaguirre.com.ar\/noticias\/#organization\"},\"potentialAction\":[{\"@type\":\"SearchAction\",\"target\":{\"@type\":\"EntryPoint\",\"urlTemplate\":\"https:\/\/web.consaguirre.com.ar\/noticias\/?s={search_term_string}\"},\"query-input\":\"required name=search_term_string\"}],\"inLanguage\":\"es-AR\"},{\"@type\":\"Organization\",\"@id\":\"https:\/\/web.consaguirre.com.ar\/noticias\/#organization\",\"name\":\"Conservatorio de M\u00fasica Juli\u00e1n Aguirre\",\"url\":\"https:\/\/web.consaguirre.com.ar\/noticias\/\",\"logo\":{\"@type\":\"ImageObject\",\"inLanguage\":\"es-AR\",\"@id\":\"https:\/\/web.consaguirre.com.ar\/noticias\/#\/schema\/logo\/image\/\",\"url\":\"https:\/\/web.consaguirre.com.ar\/noticias\/wp-content\/uploads\/2024\/08\/Banner-Aguirre-23.jpg\",\"contentUrl\":\"https:\/\/web.consaguirre.com.ar\/noticias\/wp-content\/uploads\/2024\/08\/Banner-Aguirre-23.jpg\",\"width\":1192,\"height\":600,\"caption\":\"Conservatorio de M\u00fasica Juli\u00e1n Aguirre\"},\"image\":{\"@id\":\"https:\/\/web.consaguirre.com.ar\/noticias\/#\/schema\/logo\/image\/\"}},{\"@type\":\"Person\",\"@id\":\"https:\/\/web.consaguirre.com.ar\/noticias\/#\/schema\/person\/6558b0cfedee7ddc5425602b237d5722\",\"name\":\"Javier Figueroa\",\"image\":{\"@type\":\"ImageObject\",\"inLanguage\":\"es-AR\",\"@id\":\"https:\/\/web.consaguirre.com.ar\/noticias\/#\/schema\/person\/image\/\",\"url\":\"https:\/\/web.consaguirre.com.ar\/noticias\/wp-content\/uploads\/2024\/08\/Consaguirre-scaled.jpg\",\"contentUrl\":\"https:\/\/web.consaguirre.com.ar\/noticias\/wp-content\/uploads\/2024\/08\/Consaguirre-scaled.jpg\",\"caption\":\"Javier Figueroa\"},\"description\":\"Me llamo Javier Figueroa y soy redactor para el sitio oficial del Conservatorio de M\u00fasica Juli\u00e1n Aguirre en Buenos Aires, consaguirre.com. Apasionado por la m\u00fasica y la escritura, me esfuerzo por destacar los talentos y eventos de nuestra prestigiosa instituci\u00f3n. Mi trayectoria se nutre de una profunda admiraci\u00f3n por los artistas, haciendo de cada art\u00edculo una celebraci\u00f3n de la creatividad y la cultura musical.\",\"sameAs\":[\"https:\/\/web.consaguirre.com.ar\/noticias\"]}]}<\/script>\n<!-- \/ Yoast SEO plugin. -->","yoast_head_json":{"title":"Anitta comparte video 'Meia-Noite' de 'EQUILIBRIVM'","robots":{"index":"index","follow":"follow","max-snippet":"max-snippet:-1","max-image-preview":"max-image-preview:large","max-video-preview":"max-video-preview:-1"},"canonical":"https:\/\/web.consaguirre.com.ar\/noticias\/anitta-comparte-video-meia-noite-de-equilibrivm\/","og_locale":"es_ES","og_type":"article","og_title":"Anitta comparte video 'Meia-Noite' de 'EQUILIBRIVM'","og_description":"anitta ha lanzado el v\u00eddeo musical de \u201cMeia-Noite\u201d, continuando la historia visual vinculada a su nuevo \u00e1lbum. EQUILIBRIVM. Ya disponible, el clip sirve como segundo","og_url":"https:\/\/web.consaguirre.com.ar\/noticias\/anitta-comparte-video-meia-noite-de-equilibrivm\/","og_site_name":"Conservatorio de M\u00fasica Juli\u00e1n Aguirre","article_published_time":"2026-04-28T02:38:59+00:00","article_modified_time":"2026-04-28T02:39:00+00:00","og_image":[{"width":820,"height":820,"url":"https:\/\/web.consaguirre.com.ar\/noticias\/wp-content\/uploads\/2026\/04\/Anitta-comparte-video-Meia-Noite-de-EQUILIBRIVM.jpg","type":"image\/jpeg"}],"author":"Javier Figueroa","twitter_card":"summary_large_image","twitter_misc":{"Escrito por":"Javier Figueroa","Tiempo de lectura":"2 minutos"},"schema":{"@context":"https:\/\/schema.org","@graph":[{"@type":"Article","@id":"https:\/\/web.consaguirre.com.ar\/noticias\/anitta-comparte-video-meia-noite-de-equilibrivm\/#article","isPartOf":{"@id":"https:\/\/web.consaguirre.com.ar\/noticias\/anitta-comparte-video-meia-noite-de-equilibrivm\/"},"author":{"name":"Javier Figueroa","@id":"https:\/\/web.consaguirre.com.ar\/noticias\/#\/schema\/person\/6558b0cfedee7ddc5425602b237d5722"},"headline":"Anitta comparte video &#8216;Meia-Noite&#8217; de &#8216;EQUILIBRIVM&#8217;","datePublished":"2026-04-28T02:38:59+00:00","dateModified":"2026-04-28T02:39:00+00:00","mainEntityOfPage":{"@id":"https:\/\/web.consaguirre.com.ar\/noticias\/anitta-comparte-video-meia-noite-de-equilibrivm\/"},"wordCount":457,"publisher":{"@id":"https:\/\/web.consaguirre.com.ar\/noticias\/#organization"},"image":{"@id":"https:\/\/web.consaguirre.com.ar\/noticias\/anitta-comparte-video-meia-noite-de-equilibrivm\/#primaryimage"},"thumbnailUrl":"https:\/\/web.consaguirre.com.ar\/noticias\/wp-content\/uploads\/2026\/04\/Anitta-comparte-video-Meia-Noite-de-EQUILIBRIVM.jpg","keywords":["Anitta","comparte","EQUILIBRIVM","MeiaNoite","v\u00eddeo"],"articleSection":["El \u00faltimo"],"inLanguage":"es-AR"},{"@type":"WebPage","@id":"https:\/\/web.consaguirre.com.ar\/noticias\/anitta-comparte-video-meia-noite-de-equilibrivm\/","url":"https:\/\/web.consaguirre.com.ar\/noticias\/anitta-comparte-video-meia-noite-de-equilibrivm\/","name":"Anitta comparte video 'Meia-Noite' de 'EQUILIBRIVM'","isPartOf":{"@id":"https:\/\/web.consaguirre.com.ar\/noticias\/#website"},"primaryImageOfPage":{"@id":"https:\/\/web.consaguirre.com.ar\/noticias\/anitta-comparte-video-meia-noite-de-equilibrivm\/#primaryimage"},"image":{"@id":"https:\/\/web.consaguirre.com.ar\/noticias\/anitta-comparte-video-meia-noite-de-equilibrivm\/#primaryimage"},"thumbnailUrl":"https:\/\/web.consaguirre.com.ar\/noticias\/wp-content\/uploads\/2026\/04\/Anitta-comparte-video-Meia-Noite-de-EQUILIBRIVM.jpg","datePublished":"2026-04-28T02:38:59+00:00","dateModified":"2026-04-28T02:39:00+00:00","breadcrumb":{"@id":"https:\/\/web.consaguirre.com.ar\/noticias\/anitta-comparte-video-meia-noite-de-equilibrivm\/#breadcrumb"},"inLanguage":"es-AR","potentialAction":[{"@type":"ReadAction","target":["https:\/\/web.consaguirre.com.ar\/noticias\/anitta-comparte-video-meia-noite-de-equilibrivm\/"]}]},{"@type":"ImageObject","inLanguage":"es-AR","@id":"https:\/\/web.consaguirre.com.ar\/noticias\/anitta-comparte-video-meia-noite-de-equilibrivm\/#primaryimage","url":"https:\/\/web.consaguirre.com.ar\/noticias\/wp-content\/uploads\/2026\/04\/Anitta-comparte-video-Meia-Noite-de-EQUILIBRIVM.jpg","contentUrl":"https:\/\/web.consaguirre.com.ar\/noticias\/wp-content\/uploads\/2026\/04\/Anitta-comparte-video-Meia-Noite-de-EQUILIBRIVM.jpg","width":820,"height":820,"caption":"Anitta photo: Mar + Vin"},{"@type":"BreadcrumbList","@id":"https:\/\/web.consaguirre.com.ar\/noticias\/anitta-comparte-video-meia-noite-de-equilibrivm\/#breadcrumb","itemListElement":[{"@type":"ListItem","position":1,"name":"Inicio","item":"https:\/\/web.consaguirre.com.ar\/noticias\/"},{"@type":"ListItem","position":2,"name":"Anitta comparte video &#8216;Meia-Noite&#8217; de &#8216;EQUILIBRIVM&#8217;"}]},{"@type":"WebSite","@id":"https:\/\/web.consaguirre.com.ar\/noticias\/#website","url":"https:\/\/web.consaguirre.com.ar\/noticias\/","name":"Conservatorio de M\u00fasica Juli\u00e1n Aguirre","description":"","publisher":{"@id":"https:\/\/web.consaguirre.com.ar\/noticias\/#organization"},"potentialAction":[{"@type":"SearchAction","target":{"@type":"EntryPoint","urlTemplate":"https:\/\/web.consaguirre.com.ar\/noticias\/?s={search_term_string}"},"query-input":"required name=search_term_string"}],"inLanguage":"es-AR"},{"@type":"Organization","@id":"https:\/\/web.consaguirre.com.ar\/noticias\/#organization","name":"Conservatorio de M\u00fasica Juli\u00e1n Aguirre","url":"https:\/\/web.consaguirre.com.ar\/noticias\/","logo":{"@type":"ImageObject","inLanguage":"es-AR","@id":"https:\/\/web.consaguirre.com.ar\/noticias\/#\/schema\/logo\/image\/","url":"https:\/\/web.consaguirre.com.ar\/noticias\/wp-content\/uploads\/2024\/08\/Banner-Aguirre-23.jpg","contentUrl":"https:\/\/web.consaguirre.com.ar\/noticias\/wp-content\/uploads\/2024\/08\/Banner-Aguirre-23.jpg","width":1192,"height":600,"caption":"Conservatorio de M\u00fasica Juli\u00e1n Aguirre"},"image":{"@id":"https:\/\/web.consaguirre.com.ar\/noticias\/#\/schema\/logo\/image\/"}},{"@type":"Person","@id":"https:\/\/web.consaguirre.com.ar\/noticias\/#\/schema\/person\/6558b0cfedee7ddc5425602b237d5722","name":"Javier Figueroa","image":{"@type":"ImageObject","inLanguage":"es-AR","@id":"https:\/\/web.consaguirre.com.ar\/noticias\/#\/schema\/person\/image\/","url":"https:\/\/web.consaguirre.com.ar\/noticias\/wp-content\/uploads\/2024\/08\/Consaguirre-scaled.jpg","contentUrl":"https:\/\/web.consaguirre.com.ar\/noticias\/wp-content\/uploads\/2024\/08\/Consaguirre-scaled.jpg","caption":"Javier Figueroa"},"description":"Me llamo Javier Figueroa y soy redactor para el sitio oficial del Conservatorio de M\u00fasica Juli\u00e1n Aguirre en Buenos Aires, consaguirre.com. Apasionado por la m\u00fasica y la escritura, me esfuerzo por destacar los talentos y eventos de nuestra prestigiosa instituci\u00f3n. Mi trayectoria se nutre de una profunda admiraci\u00f3n por los artistas, haciendo de cada art\u00edculo una celebraci\u00f3n de la creatividad y la cultura musical.","sameAs":["https:\/\/web.consaguirre.com.ar\/noticias"]}]}},"_links":{"self":[{"href":"https:\/\/web.consaguirre.com.ar\/noticias\/wp-json\/wp\/v2\/posts\/5803"}],"collection":[{"href":"https:\/\/web.consaguirre.com.ar\/noticias\/wp-json\/wp\/v2\/posts"}],"about":[{"href":"https:\/\/web.consaguirre.com.ar\/noticias\/wp-json\/wp\/v2\/types\/post"}],"author":[{"embeddable":true,"href":"https:\/\/web.consaguirre.com.ar\/noticias\/wp-json\/wp\/v2\/users\/1"}],"replies":[{"embeddable":true,"href":"https:\/\/web.consaguirre.com.ar\/noticias\/wp-json\/wp\/v2\/comments?post=5803"}],"version-history":[{"count":1,"href":"https:\/\/web.consaguirre.com.ar\/noticias\/wp-json\/wp\/v2\/posts\/5803\/revisions"}],"predecessor-version":[{"id":5805,"href":"https:\/\/web.consaguirre.com.ar\/noticias\/wp-json\/wp\/v2\/posts\/5803\/revisions\/5805"}],"wp:featuredmedia":[{"embeddable":true,"href":"https:\/\/web.consaguirre.com.ar\/noticias\/wp-json\/wp\/v2\/media\/5804"}],"wp:attachment":[{"href":"https:\/\/web.consaguirre.com.ar\/noticias\/wp-json\/wp\/v2\/media?parent=5803"}],"wp:term":[{"taxonomy":"category","embeddable":true,"href":"https:\/\/web.consaguirre.com.ar\/noticias\/wp-json\/wp\/v2\/categories?post=5803"},{"taxonomy":"post_tag","embeddable":true,"href":"https:\/\/web.consaguirre.com.ar\/noticias\/wp-json\/wp\/v2\/tags?post=5803"}],"curies":[{"name":"wp","href":"https:\/\/api.w.org\/{rel}","templated":true}]}}