{"id":5791,"date":"2026-04-27T11:38:38","date_gmt":"2026-04-27T14:38:38","guid":{"rendered":"https:\/\/web.consaguirre.com.ar\/noticias\/tank-and-the-bangas-lanzan-el-sencillo-no-invite\/"},"modified":"2026-04-27T11:38:39","modified_gmt":"2026-04-27T14:38:39","slug":"tank-and-the-bangas-lanzan-el-sencillo-no-invite","status":"publish","type":"post","link":"https:\/\/web.consaguirre.com.ar\/noticias\/tank-and-the-bangas-lanzan-el-sencillo-no-invite\/","title":{"rendered":"Tank And The Bangas lanzan el sencillo &#8216;No Invite&#8217;"},"content":{"rendered":"<p><b>Tanque y los Bangas<\/b> han lanzado \u201cNo Invite\u201d, el segundo sencillo de su pr\u00f3ximo \u00e1lbum <i>El \u00faltimo globo<\/i>que vence el 15 de mayo a trav\u00e9s de Verve Forecast. El grupo de Nueva Orleans tambi\u00e9n present\u00f3 un nuevo video musical para la canci\u00f3n mientras contin\u00faan con el lanzamiento del LP, su primer lanzamiento completo desde el proyecto de palabra hablada. <i>El coraz\u00f3n, la mente, el alma<\/i>. \u201cNo Invite\u201d sigue al sencillo principal \u201cMove\u201d, que cont\u00f3 con Lucky Daye e introdujo el siguiente cap\u00edtulo en la carrera discogr\u00e1fica de la banda.<\/p>\n<p><i>El \u00faltimo globo<\/i> sigue los \u00e1lbumes anteriores del grupo <i>globo verde<\/i> y <i>globo rojo<\/i>completando una trilog\u00eda y abriendo lo que la l\u00edder de la banda Tarriona \u201cTank\u201d Ball describi\u00f3 como una nueva etapa. En el comunicado, Ball dijo que eligi\u00f3 el t\u00edtulo porque no quer\u00eda que la gente preguntara cu\u00e1ndo <i>globo morado<\/i> podr\u00eda llegar, y agreg\u00f3: &#8220;Es el fin de los globos; ahora nos estamos moviendo hacia un nuevo espacio&#8221;. El \u00e1lbum fue producido por Austin Brown y grabado principalmente en The Complex Studios en Los \u00c1ngeles. Su lista de invitados incluye a Iman Omari, Tane Runo, Ledisi y Jelly Joseph.<\/p>\n<div class=\"uD-YT-container\"><img decoding=\"async\" src=\"https:\/\/web.consaguirre.com.ar\/noticias\/wp-content\/uploads\/2026\/04\/1777300718_710_Tank-And-The-Bangas-lanzan-el-sencillo-No-Invite.jpg\" alt=\"V\u00eddeo de YouTube\"><br \/>Haga clic para cargar v\u00eddeo<\/div>\n<p>Ball tambi\u00e9n dijo que la banda ha estado &#8220;trabajando con gente nueva y cultivando nuevos sonidos&#8221;, y describi\u00f3 el material como parte de una evoluci\u00f3n m\u00e1s amplia en el enfoque del grupo. A\u00f1adi\u00f3 que es posible que los oyentes no siempre puedan categorizar el sonido de la banda, pero a\u00fan pueden conectarse con c\u00f3mo les hace sentir la m\u00fasica. Esa idea recorre el marco del \u00e1lbum, que seg\u00fan el lanzamiento se mueve entre la vulnerabilidad, la liberaci\u00f3n y la elevaci\u00f3n comunitaria mientras mantiene enfocada la din\u00e1mica de las presentaciones en vivo de la banda.<\/p>\n<p>El anuncio sigue a un tramo notable para Tank y los Bangas. En 2025, <i>El coraz\u00f3n, la mente, el alma<\/i> gan\u00f3 el premio Grammy al Mejor \u00c1lbum de Poes\u00eda Hablada. Antes de eso, <i>globo rojo<\/i> obtuvo una nominaci\u00f3n a Mejor \u00c1lbum de R&#038;B Progresivo en los Premios Grammy 2023, mientras que <i>globo verde<\/i> ayud\u00f3 a asegurar una nominaci\u00f3n a Mejor Artista Nuevo en 2020. La banda se abri\u00f3 paso por primera vez despu\u00e9s de ganar el concurso Tiny Desk de NPR en 2017, y est\u00e1n extendiendo ese impulso hasta 2026 con nuevas fechas de gira en Brooklyn, Boston, Detroit, Washington, DC y otras ciudades vinculadas al lanzamiento de <i>El \u00faltimo globo<\/i>.<\/p>\n<p><b>Escuche \u201cSin invitaci\u00f3n\u201d aqu\u00ed.<\/b><\/p>\n","protected":false},"excerpt":{"rendered":"<p>Tanque y los Bangas han lanzado \u201cNo Invite\u201d, el segundo sencillo de su pr\u00f3ximo \u00e1lbum El \u00faltimo globoque vence el 15 de mayo a trav\u00e9s<\/p>\n","protected":false},"author":1,"featured_media":5792,"comment_status":"closed","ping_status":"","sticky":false,"template":"","format":"standard","meta":{"footnotes":""},"categories":[50],"tags":[4189,4190,393,204,4188],"class_list":["post-5791","post","type-post","status-publish","format-standard","has-post-thumbnail","hentry","category-el-ultimo","tag-bangas","tag-invite","tag-lanzan","tag-sencillo","tag-tank","generate-columns","tablet-grid-50","mobile-grid-100","grid-parent","grid-50"],"yoast_head":"<!-- This site is optimized with the Yoast SEO plugin v23.3 - https:\/\/yoast.com\/wordpress\/plugins\/seo\/ -->\n<title>Tank And The Bangas lanzan el sencillo &#039;No Invite&#039;<\/title>\n<meta name=\"robots\" content=\"index, follow, max-snippet:-1, max-image-preview:large, max-video-preview:-1\" \/>\n<link rel=\"canonical\" href=\"https:\/\/web.consaguirre.com.ar\/noticias\/tank-and-the-bangas-lanzan-el-sencillo-no-invite\/\" \/>\n<meta property=\"og:locale\" content=\"es_ES\" \/>\n<meta property=\"og:type\" content=\"article\" \/>\n<meta property=\"og:title\" content=\"Tank And The Bangas lanzan el sencillo &#039;No Invite&#039;\" \/>\n<meta property=\"og:description\" content=\"Tanque y los Bangas han lanzado \u201cNo Invite\u201d, el segundo sencillo de su pr\u00f3ximo \u00e1lbum El \u00faltimo globoque vence el 15 de mayo a trav\u00e9s\" \/>\n<meta property=\"og:url\" content=\"https:\/\/web.consaguirre.com.ar\/noticias\/tank-and-the-bangas-lanzan-el-sencillo-no-invite\/\" \/>\n<meta property=\"og:site_name\" content=\"Conservatorio de M\u00fasica Juli\u00e1n Aguirre\" \/>\n<meta property=\"article:published_time\" content=\"2026-04-27T14:38:38+00:00\" \/>\n<meta property=\"article:modified_time\" content=\"2026-04-27T14:38:39+00:00\" \/>\n<meta property=\"og:image\" content=\"https:\/\/web.consaguirre.com.ar\/noticias\/wp-content\/uploads\/2026\/04\/Tank-And-The-Bangas-lanzan-el-sencillo-No-Invite.jpg\" \/>\n\t<meta property=\"og:image:width\" content=\"820\" \/>\n\t<meta property=\"og:image:height\" content=\"820\" \/>\n\t<meta property=\"og:image:type\" content=\"image\/jpeg\" \/>\n<meta name=\"author\" content=\"Javier Figueroa\" \/>\n<meta name=\"twitter:card\" content=\"summary_large_image\" \/>\n<meta name=\"twitter:label1\" content=\"Escrito por\" \/>\n\t<meta name=\"twitter:data1\" content=\"Javier Figueroa\" \/>\n\t<meta name=\"twitter:label2\" content=\"Tiempo de lectura\" \/>\n\t<meta name=\"twitter:data2\" content=\"2 minutos\" \/>\n<script type=\"application\/ld+json\" class=\"yoast-schema-graph\">{\"@context\":\"https:\/\/schema.org\",\"@graph\":[{\"@type\":\"Article\",\"@id\":\"https:\/\/web.consaguirre.com.ar\/noticias\/tank-and-the-bangas-lanzan-el-sencillo-no-invite\/#article\",\"isPartOf\":{\"@id\":\"https:\/\/web.consaguirre.com.ar\/noticias\/tank-and-the-bangas-lanzan-el-sencillo-no-invite\/\"},\"author\":{\"name\":\"Javier Figueroa\",\"@id\":\"https:\/\/web.consaguirre.com.ar\/noticias\/#\/schema\/person\/6558b0cfedee7ddc5425602b237d5722\"},\"headline\":\"Tank And The Bangas lanzan el sencillo &#8216;No Invite&#8217;\",\"datePublished\":\"2026-04-27T14:38:38+00:00\",\"dateModified\":\"2026-04-27T14:38:39+00:00\",\"mainEntityOfPage\":{\"@id\":\"https:\/\/web.consaguirre.com.ar\/noticias\/tank-and-the-bangas-lanzan-el-sencillo-no-invite\/\"},\"wordCount\":441,\"publisher\":{\"@id\":\"https:\/\/web.consaguirre.com.ar\/noticias\/#organization\"},\"image\":{\"@id\":\"https:\/\/web.consaguirre.com.ar\/noticias\/tank-and-the-bangas-lanzan-el-sencillo-no-invite\/#primaryimage\"},\"thumbnailUrl\":\"https:\/\/web.consaguirre.com.ar\/noticias\/wp-content\/uploads\/2026\/04\/Tank-And-The-Bangas-lanzan-el-sencillo-No-Invite.jpg\",\"keywords\":[\"Bangas\",\"Invite\",\"lanzan\",\"sencillo\",\"Tank\"],\"articleSection\":[\"El \u00faltimo\"],\"inLanguage\":\"es-AR\"},{\"@type\":\"WebPage\",\"@id\":\"https:\/\/web.consaguirre.com.ar\/noticias\/tank-and-the-bangas-lanzan-el-sencillo-no-invite\/\",\"url\":\"https:\/\/web.consaguirre.com.ar\/noticias\/tank-and-the-bangas-lanzan-el-sencillo-no-invite\/\",\"name\":\"Tank And The Bangas lanzan el sencillo 'No Invite'\",\"isPartOf\":{\"@id\":\"https:\/\/web.consaguirre.com.ar\/noticias\/#website\"},\"primaryImageOfPage\":{\"@id\":\"https:\/\/web.consaguirre.com.ar\/noticias\/tank-and-the-bangas-lanzan-el-sencillo-no-invite\/#primaryimage\"},\"image\":{\"@id\":\"https:\/\/web.consaguirre.com.ar\/noticias\/tank-and-the-bangas-lanzan-el-sencillo-no-invite\/#primaryimage\"},\"thumbnailUrl\":\"https:\/\/web.consaguirre.com.ar\/noticias\/wp-content\/uploads\/2026\/04\/Tank-And-The-Bangas-lanzan-el-sencillo-No-Invite.jpg\",\"datePublished\":\"2026-04-27T14:38:38+00:00\",\"dateModified\":\"2026-04-27T14:38:39+00:00\",\"breadcrumb\":{\"@id\":\"https:\/\/web.consaguirre.com.ar\/noticias\/tank-and-the-bangas-lanzan-el-sencillo-no-invite\/#breadcrumb\"},\"inLanguage\":\"es-AR\",\"potentialAction\":[{\"@type\":\"ReadAction\",\"target\":[\"https:\/\/web.consaguirre.com.ar\/noticias\/tank-and-the-bangas-lanzan-el-sencillo-no-invite\/\"]}]},{\"@type\":\"ImageObject\",\"inLanguage\":\"es-AR\",\"@id\":\"https:\/\/web.consaguirre.com.ar\/noticias\/tank-and-the-bangas-lanzan-el-sencillo-no-invite\/#primaryimage\",\"url\":\"https:\/\/web.consaguirre.com.ar\/noticias\/wp-content\/uploads\/2026\/04\/Tank-And-The-Bangas-lanzan-el-sencillo-No-Invite.jpg\",\"contentUrl\":\"https:\/\/web.consaguirre.com.ar\/noticias\/wp-content\/uploads\/2026\/04\/Tank-And-The-Bangas-lanzan-el-sencillo-No-Invite.jpg\",\"width\":820,\"height\":820,\"caption\":\"Tank and the Bangas The Last Balloon\"},{\"@type\":\"BreadcrumbList\",\"@id\":\"https:\/\/web.consaguirre.com.ar\/noticias\/tank-and-the-bangas-lanzan-el-sencillo-no-invite\/#breadcrumb\",\"itemListElement\":[{\"@type\":\"ListItem\",\"position\":1,\"name\":\"Inicio\",\"item\":\"https:\/\/web.consaguirre.com.ar\/noticias\/\"},{\"@type\":\"ListItem\",\"position\":2,\"name\":\"Tank And The Bangas lanzan el sencillo &#8216;No Invite&#8217;\"}]},{\"@type\":\"WebSite\",\"@id\":\"https:\/\/web.consaguirre.com.ar\/noticias\/#website\",\"url\":\"https:\/\/web.consaguirre.com.ar\/noticias\/\",\"name\":\"Conservatorio de M\u00fasica Juli\u00e1n Aguirre\",\"description\":\"\",\"publisher\":{\"@id\":\"https:\/\/web.consaguirre.com.ar\/noticias\/#organization\"},\"potentialAction\":[{\"@type\":\"SearchAction\",\"target\":{\"@type\":\"EntryPoint\",\"urlTemplate\":\"https:\/\/web.consaguirre.com.ar\/noticias\/?s={search_term_string}\"},\"query-input\":\"required name=search_term_string\"}],\"inLanguage\":\"es-AR\"},{\"@type\":\"Organization\",\"@id\":\"https:\/\/web.consaguirre.com.ar\/noticias\/#organization\",\"name\":\"Conservatorio de M\u00fasica Juli\u00e1n Aguirre\",\"url\":\"https:\/\/web.consaguirre.com.ar\/noticias\/\",\"logo\":{\"@type\":\"ImageObject\",\"inLanguage\":\"es-AR\",\"@id\":\"https:\/\/web.consaguirre.com.ar\/noticias\/#\/schema\/logo\/image\/\",\"url\":\"https:\/\/web.consaguirre.com.ar\/noticias\/wp-content\/uploads\/2024\/08\/Banner-Aguirre-23.jpg\",\"contentUrl\":\"https:\/\/web.consaguirre.com.ar\/noticias\/wp-content\/uploads\/2024\/08\/Banner-Aguirre-23.jpg\",\"width\":1192,\"height\":600,\"caption\":\"Conservatorio de M\u00fasica Juli\u00e1n Aguirre\"},\"image\":{\"@id\":\"https:\/\/web.consaguirre.com.ar\/noticias\/#\/schema\/logo\/image\/\"}},{\"@type\":\"Person\",\"@id\":\"https:\/\/web.consaguirre.com.ar\/noticias\/#\/schema\/person\/6558b0cfedee7ddc5425602b237d5722\",\"name\":\"Javier Figueroa\",\"image\":{\"@type\":\"ImageObject\",\"inLanguage\":\"es-AR\",\"@id\":\"https:\/\/web.consaguirre.com.ar\/noticias\/#\/schema\/person\/image\/\",\"url\":\"https:\/\/web.consaguirre.com.ar\/noticias\/wp-content\/uploads\/2024\/08\/Consaguirre-scaled.jpg\",\"contentUrl\":\"https:\/\/web.consaguirre.com.ar\/noticias\/wp-content\/uploads\/2024\/08\/Consaguirre-scaled.jpg\",\"caption\":\"Javier Figueroa\"},\"description\":\"Me llamo Javier Figueroa y soy redactor para el sitio oficial del Conservatorio de M\u00fasica Juli\u00e1n Aguirre en Buenos Aires, consaguirre.com. Apasionado por la m\u00fasica y la escritura, me esfuerzo por destacar los talentos y eventos de nuestra prestigiosa instituci\u00f3n. Mi trayectoria se nutre de una profunda admiraci\u00f3n por los artistas, haciendo de cada art\u00edculo una celebraci\u00f3n de la creatividad y la cultura musical.\",\"sameAs\":[\"https:\/\/web.consaguirre.com.ar\/noticias\"]}]}<\/script>\n<!-- \/ Yoast SEO plugin. -->","yoast_head_json":{"title":"Tank And The Bangas lanzan el sencillo 'No Invite'","robots":{"index":"index","follow":"follow","max-snippet":"max-snippet:-1","max-image-preview":"max-image-preview:large","max-video-preview":"max-video-preview:-1"},"canonical":"https:\/\/web.consaguirre.com.ar\/noticias\/tank-and-the-bangas-lanzan-el-sencillo-no-invite\/","og_locale":"es_ES","og_type":"article","og_title":"Tank And The Bangas lanzan el sencillo 'No Invite'","og_description":"Tanque y los Bangas han lanzado \u201cNo Invite\u201d, el segundo sencillo de su pr\u00f3ximo \u00e1lbum El \u00faltimo globoque vence el 15 de mayo a trav\u00e9s","og_url":"https:\/\/web.consaguirre.com.ar\/noticias\/tank-and-the-bangas-lanzan-el-sencillo-no-invite\/","og_site_name":"Conservatorio de M\u00fasica Juli\u00e1n Aguirre","article_published_time":"2026-04-27T14:38:38+00:00","article_modified_time":"2026-04-27T14:38:39+00:00","og_image":[{"width":820,"height":820,"url":"https:\/\/web.consaguirre.com.ar\/noticias\/wp-content\/uploads\/2026\/04\/Tank-And-The-Bangas-lanzan-el-sencillo-No-Invite.jpg","type":"image\/jpeg"}],"author":"Javier Figueroa","twitter_card":"summary_large_image","twitter_misc":{"Escrito por":"Javier Figueroa","Tiempo de lectura":"2 minutos"},"schema":{"@context":"https:\/\/schema.org","@graph":[{"@type":"Article","@id":"https:\/\/web.consaguirre.com.ar\/noticias\/tank-and-the-bangas-lanzan-el-sencillo-no-invite\/#article","isPartOf":{"@id":"https:\/\/web.consaguirre.com.ar\/noticias\/tank-and-the-bangas-lanzan-el-sencillo-no-invite\/"},"author":{"name":"Javier Figueroa","@id":"https:\/\/web.consaguirre.com.ar\/noticias\/#\/schema\/person\/6558b0cfedee7ddc5425602b237d5722"},"headline":"Tank And The Bangas lanzan el sencillo &#8216;No Invite&#8217;","datePublished":"2026-04-27T14:38:38+00:00","dateModified":"2026-04-27T14:38:39+00:00","mainEntityOfPage":{"@id":"https:\/\/web.consaguirre.com.ar\/noticias\/tank-and-the-bangas-lanzan-el-sencillo-no-invite\/"},"wordCount":441,"publisher":{"@id":"https:\/\/web.consaguirre.com.ar\/noticias\/#organization"},"image":{"@id":"https:\/\/web.consaguirre.com.ar\/noticias\/tank-and-the-bangas-lanzan-el-sencillo-no-invite\/#primaryimage"},"thumbnailUrl":"https:\/\/web.consaguirre.com.ar\/noticias\/wp-content\/uploads\/2026\/04\/Tank-And-The-Bangas-lanzan-el-sencillo-No-Invite.jpg","keywords":["Bangas","Invite","lanzan","sencillo","Tank"],"articleSection":["El \u00faltimo"],"inLanguage":"es-AR"},{"@type":"WebPage","@id":"https:\/\/web.consaguirre.com.ar\/noticias\/tank-and-the-bangas-lanzan-el-sencillo-no-invite\/","url":"https:\/\/web.consaguirre.com.ar\/noticias\/tank-and-the-bangas-lanzan-el-sencillo-no-invite\/","name":"Tank And The Bangas lanzan el sencillo 'No Invite'","isPartOf":{"@id":"https:\/\/web.consaguirre.com.ar\/noticias\/#website"},"primaryImageOfPage":{"@id":"https:\/\/web.consaguirre.com.ar\/noticias\/tank-and-the-bangas-lanzan-el-sencillo-no-invite\/#primaryimage"},"image":{"@id":"https:\/\/web.consaguirre.com.ar\/noticias\/tank-and-the-bangas-lanzan-el-sencillo-no-invite\/#primaryimage"},"thumbnailUrl":"https:\/\/web.consaguirre.com.ar\/noticias\/wp-content\/uploads\/2026\/04\/Tank-And-The-Bangas-lanzan-el-sencillo-No-Invite.jpg","datePublished":"2026-04-27T14:38:38+00:00","dateModified":"2026-04-27T14:38:39+00:00","breadcrumb":{"@id":"https:\/\/web.consaguirre.com.ar\/noticias\/tank-and-the-bangas-lanzan-el-sencillo-no-invite\/#breadcrumb"},"inLanguage":"es-AR","potentialAction":[{"@type":"ReadAction","target":["https:\/\/web.consaguirre.com.ar\/noticias\/tank-and-the-bangas-lanzan-el-sencillo-no-invite\/"]}]},{"@type":"ImageObject","inLanguage":"es-AR","@id":"https:\/\/web.consaguirre.com.ar\/noticias\/tank-and-the-bangas-lanzan-el-sencillo-no-invite\/#primaryimage","url":"https:\/\/web.consaguirre.com.ar\/noticias\/wp-content\/uploads\/2026\/04\/Tank-And-The-Bangas-lanzan-el-sencillo-No-Invite.jpg","contentUrl":"https:\/\/web.consaguirre.com.ar\/noticias\/wp-content\/uploads\/2026\/04\/Tank-And-The-Bangas-lanzan-el-sencillo-No-Invite.jpg","width":820,"height":820,"caption":"Tank and the Bangas The Last Balloon"},{"@type":"BreadcrumbList","@id":"https:\/\/web.consaguirre.com.ar\/noticias\/tank-and-the-bangas-lanzan-el-sencillo-no-invite\/#breadcrumb","itemListElement":[{"@type":"ListItem","position":1,"name":"Inicio","item":"https:\/\/web.consaguirre.com.ar\/noticias\/"},{"@type":"ListItem","position":2,"name":"Tank And The Bangas lanzan el sencillo &#8216;No Invite&#8217;"}]},{"@type":"WebSite","@id":"https:\/\/web.consaguirre.com.ar\/noticias\/#website","url":"https:\/\/web.consaguirre.com.ar\/noticias\/","name":"Conservatorio de M\u00fasica Juli\u00e1n Aguirre","description":"","publisher":{"@id":"https:\/\/web.consaguirre.com.ar\/noticias\/#organization"},"potentialAction":[{"@type":"SearchAction","target":{"@type":"EntryPoint","urlTemplate":"https:\/\/web.consaguirre.com.ar\/noticias\/?s={search_term_string}"},"query-input":"required name=search_term_string"}],"inLanguage":"es-AR"},{"@type":"Organization","@id":"https:\/\/web.consaguirre.com.ar\/noticias\/#organization","name":"Conservatorio de M\u00fasica Juli\u00e1n Aguirre","url":"https:\/\/web.consaguirre.com.ar\/noticias\/","logo":{"@type":"ImageObject","inLanguage":"es-AR","@id":"https:\/\/web.consaguirre.com.ar\/noticias\/#\/schema\/logo\/image\/","url":"https:\/\/web.consaguirre.com.ar\/noticias\/wp-content\/uploads\/2024\/08\/Banner-Aguirre-23.jpg","contentUrl":"https:\/\/web.consaguirre.com.ar\/noticias\/wp-content\/uploads\/2024\/08\/Banner-Aguirre-23.jpg","width":1192,"height":600,"caption":"Conservatorio de M\u00fasica Juli\u00e1n Aguirre"},"image":{"@id":"https:\/\/web.consaguirre.com.ar\/noticias\/#\/schema\/logo\/image\/"}},{"@type":"Person","@id":"https:\/\/web.consaguirre.com.ar\/noticias\/#\/schema\/person\/6558b0cfedee7ddc5425602b237d5722","name":"Javier Figueroa","image":{"@type":"ImageObject","inLanguage":"es-AR","@id":"https:\/\/web.consaguirre.com.ar\/noticias\/#\/schema\/person\/image\/","url":"https:\/\/web.consaguirre.com.ar\/noticias\/wp-content\/uploads\/2024\/08\/Consaguirre-scaled.jpg","contentUrl":"https:\/\/web.consaguirre.com.ar\/noticias\/wp-content\/uploads\/2024\/08\/Consaguirre-scaled.jpg","caption":"Javier Figueroa"},"description":"Me llamo Javier Figueroa y soy redactor para el sitio oficial del Conservatorio de M\u00fasica Juli\u00e1n Aguirre en Buenos Aires, consaguirre.com. Apasionado por la m\u00fasica y la escritura, me esfuerzo por destacar los talentos y eventos de nuestra prestigiosa instituci\u00f3n. Mi trayectoria se nutre de una profunda admiraci\u00f3n por los artistas, haciendo de cada art\u00edculo una celebraci\u00f3n de la creatividad y la cultura musical.","sameAs":["https:\/\/web.consaguirre.com.ar\/noticias"]}]}},"_links":{"self":[{"href":"https:\/\/web.consaguirre.com.ar\/noticias\/wp-json\/wp\/v2\/posts\/5791"}],"collection":[{"href":"https:\/\/web.consaguirre.com.ar\/noticias\/wp-json\/wp\/v2\/posts"}],"about":[{"href":"https:\/\/web.consaguirre.com.ar\/noticias\/wp-json\/wp\/v2\/types\/post"}],"author":[{"embeddable":true,"href":"https:\/\/web.consaguirre.com.ar\/noticias\/wp-json\/wp\/v2\/users\/1"}],"replies":[{"embeddable":true,"href":"https:\/\/web.consaguirre.com.ar\/noticias\/wp-json\/wp\/v2\/comments?post=5791"}],"version-history":[{"count":1,"href":"https:\/\/web.consaguirre.com.ar\/noticias\/wp-json\/wp\/v2\/posts\/5791\/revisions"}],"predecessor-version":[{"id":5793,"href":"https:\/\/web.consaguirre.com.ar\/noticias\/wp-json\/wp\/v2\/posts\/5791\/revisions\/5793"}],"wp:featuredmedia":[{"embeddable":true,"href":"https:\/\/web.consaguirre.com.ar\/noticias\/wp-json\/wp\/v2\/media\/5792"}],"wp:attachment":[{"href":"https:\/\/web.consaguirre.com.ar\/noticias\/wp-json\/wp\/v2\/media?parent=5791"}],"wp:term":[{"taxonomy":"category","embeddable":true,"href":"https:\/\/web.consaguirre.com.ar\/noticias\/wp-json\/wp\/v2\/categories?post=5791"},{"taxonomy":"post_tag","embeddable":true,"href":"https:\/\/web.consaguirre.com.ar\/noticias\/wp-json\/wp\/v2\/tags?post=5791"}],"curies":[{"name":"wp","href":"https:\/\/api.w.org\/{rel}","templated":true}]}}