{"id":5776,"date":"2026-04-24T23:45:05","date_gmt":"2026-04-25T02:45:05","guid":{"rendered":"https:\/\/web.consaguirre.com.ar\/noticias\/ne-yo-celebra-el-vigesimo-aniversario-de-su-debut\/"},"modified":"2026-04-24T23:45:06","modified_gmt":"2026-04-25T02:45:06","slug":"ne-yo-celebra-el-vigesimo-aniversario-de-su-debut","status":"publish","type":"post","link":"https:\/\/web.consaguirre.com.ar\/noticias\/ne-yo-celebra-el-vigesimo-aniversario-de-su-debut\/","title":{"rendered":"Ne-Yo celebra el vig\u00e9simo aniversario de su debut"},"content":{"rendered":"<p>Ne-Yo celebra el 20\u00b0 Aniversario de su debut <em>En mis propias palabras<\/em> con formatos especiales de vinilo. El \u00e1lbum original ha sido remezclado y remasterizado y contar\u00e1 con pistas extra. <em>En mis propias palabras<\/em> estar\u00e1 disponible en edici\u00f3n est\u00e1ndar 2LP y en edici\u00f3n limitada &#8216;Enchanted Night&#8217; Color 2LP.<\/p>\n<div align=\"center\">\n<div class=\"udiscover-store-container\">\n<div id='udiscover-store-three-product'><\/div>\n<\/div>\n<p>\/*<!(CDATA(*\/(function (){var scriptURL='https:\/\/sdks.shopifycdn.com\/buy-button\/latest\/buy-button-storefront.min.js';if(window.ShopifyBuy){if(window.ShopifyBuy.UI){ShopifyBuyInit();}else{loadScript();}}else{loadScript();}funci\u00f3n loadScript(){var script=document.createElement('script');script.async=true;script.src=scriptURL;(document.getElementsByTagName('head')(0)|| document.getElementsByTagName('body')(0)).appendChild(script);script.onload=ShopifyBuyInit;} function ShopifyBuyInit(){var cliente=ShopifyBuy.buildClient({dominio:'udiscover.myshopify.com',storefrontAccessToken: 'bdc89f347d2ce61c1feeb9f8c60b2b98',}); ShopifyBuy.UI.onReady(cliente).luego(funci\u00f3n(ui){ ui.createComponent('productSet',{ id:(7780596875341,7780596842573,7780596809805), nodo:document.getElementById('udiscover-store-tres-producto'), moneyFormat:'%24%7B%7Bamount%7D%7D', opciones:{&quot;producto&quot;:{&quot;marco flotante&quot;:FALSO,&quot;eventos&quot;:{antes deInit:funci\u00f3n(producto){Objeto.defineProperty(producto,&quot;es bot\u00f3n&quot;,{get:function(){return true;}});Object.defineProperty(producto,&quot;opciones&quot;{get:function(){return this.config(this.typeKey);}});var actualOnButtonClick=product.onButtonClick;product.onButtonClick=function(event,target) {event.stopImmediatePropagation();this.options.buttonDestination=&quot;modal&quot;;actualOnButtonClick.call(este,evento,destino);};}},\n&quot;bot\u00f3nDestino&quot;:&quot;modal&quot;,&quot;contenido&quot;:{&quot;opciones&quot;:verdadero},&quot;texto&quot;:{&quot;bot\u00f3n&quot;:&quot;Ordene ahora&quot;,&quot;Agotado&quot;:&quot;Lo sentimos, esto est\u00e1 agotado.&quot;}},&quot;conjunto de productos&quot;:{&quot;marco flotante&quot;:FALSO},&quot;modalProducto&quot;:{&quot;marco flotante&quot;:FALSO,&quot;contenido&quot;:{&quot;imagen&quot;:FALSO,&quot;imgConCarrusel&quot;:verdadero,&quot;bot\u00f3n&quot;:FALSO,&quot;bot\u00f3nConCantidad&quot;:verdadero}},&quot;modal&quot;:{&quot;marco flotante&quot;:FALSO},&quot;opci\u00f3n&quot;:{&quot;marco flotante&quot;:FALSO},&quot;carro&quot;:{&quot;marco flotante&quot;:FALSO},&quot;palanca&quot;:{&quot;marco flotante&quot;:FALSO,&quot;contenido&quot;:{&quot;icono&quot;:FALSO}},&quot;art\u00edculo de l\u00ednea&quot;:{&quot;marco flotante&quot;:FALSO}},}); }); } })(); \/*))>*\/ <\/div>\n<\/p>\n<p><em>En mis propias palabras<\/em> Se considera el \u00e1lbum revolucionario de Ne-Yo. El \u00e1lbum debut\u00f3 en el n\u00famero 1 del Billboard 200 de EE. UU., vendi\u00f3 m\u00e1s de 300.000 unidades y recibi\u00f3 una nominaci\u00f3n al Grammy en la categor\u00eda de Mejor \u00c1lbum de R&#038;B Contempor\u00e1neo. Incluye el gran \u00e9xito &#8220;So Sick&#8221;. Producida por el d\u00fao noruego Stargate, la canci\u00f3n alcanz\u00f3 el n\u00famero uno tanto en el Billboard Hot 100 de EE. UU. como en la lista de singles del Reino Unido.<\/p>\n<p>El a\u00f1o pasado, \u201cSo Sick\u201d se uni\u00f3 al Billions Club de Spotify, que celebra canciones que han superado m\u00e1s de mil millones de visitas en la plataforma de streaming. Fue la tercera canci\u00f3n del cantante en alcanzar este hito.<\/p>\n<div class=\"uD-YT-container\"><img decoding=\"async\" src=\"https:\/\/web.consaguirre.com.ar\/noticias\/wp-content\/uploads\/2026\/04\/1777085105_180_Ne-Yo-celebra-el-vigesimo-aniversario-de-su-debut.jpg\" alt=\"V\u00eddeo de YouTube\"><br \/>Haga clic para cargar v\u00eddeo<\/div>\n<p>&#8220;Definitivamente es el que comenz\u00f3 todo. Entonces fue cuando aprend\u00ed algo sobre la forma en que se publican los discos, o al menos en el libro de (el ejecutivo del sello discogr\u00e1fico) LA Reid&#8221;, dijo Ne-Yo anteriormente. <em>Cartelera<\/em>. &#8220;\u00c9l dice: &#8216;As\u00ed que vamos a publicar &#8216;Stay&#8217; primero y no va a explotar&#8230; pero ser\u00e1 suficiente para llamar su atenci\u00f3n. Y luego, una vez que consigamos su atenci\u00f3n, &#8216;So Sick'&#8221;. Ten\u00eda raz\u00f3n\u201d.<\/p>\n<p>Ne-Yo comenz\u00f3 su carrera musical escribiendo para estrellas de R&#038;B como Mary J. Blige y Christina Milian. Su estrella comenz\u00f3 a ascender en 2004, cuando escribi\u00f3 el exitoso sencillo &#8220;Let Me Love You&#8221; para Mario, que alcanz\u00f3 el n\u00famero uno en el Billboard Hot 100.<\/p>\n<p>En 2023, lanz\u00f3 un minidocumental que destaca su vida y carrera, titulado <em>En mis propias palabras<\/em>. En la imagen, Ne-Yo habla de sus or\u00edgenes en el g\u00e9nero R&#038;B, su diario y su pasi\u00f3n mel\u00f3dica.<\/p>\n<p><b>Compra Ne-Yo&#8217;s <em>En mis propias palabras<\/em> Lanzamientos del 20 aniversario aqu\u00ed.<\/b><\/p>\n","protected":false},"excerpt":{"rendered":"<p>Ne-Yo celebra el 20\u00b0 Aniversario de su debut En mis propias palabras con formatos especiales de vinilo. El \u00e1lbum original ha sido remezclado y remasterizado<\/p>\n","protected":false},"author":1,"featured_media":5777,"comment_status":"closed","ping_status":"","sticky":false,"template":"","format":"standard","meta":{"footnotes":""},"categories":[50],"tags":[98,114,257,2394,1130],"class_list":["post-5776","post","type-post","status-publish","format-standard","has-post-thumbnail","hentry","category-el-ultimo","tag-aniversario","tag-celebra","tag-debut","tag-neyo","tag-vigesimo","generate-columns","tablet-grid-50","mobile-grid-100","grid-parent","grid-50"],"yoast_head":"<!-- This site is optimized with the Yoast SEO plugin v23.3 - https:\/\/yoast.com\/wordpress\/plugins\/seo\/ -->\n<title>Ne-Yo celebra el vig\u00e9simo aniversario de su debut<\/title>\n<meta name=\"robots\" content=\"index, follow, max-snippet:-1, max-image-preview:large, max-video-preview:-1\" \/>\n<link rel=\"canonical\" href=\"https:\/\/web.consaguirre.com.ar\/noticias\/ne-yo-celebra-el-vigesimo-aniversario-de-su-debut\/\" \/>\n<meta property=\"og:locale\" content=\"es_ES\" \/>\n<meta property=\"og:type\" content=\"article\" \/>\n<meta property=\"og:title\" content=\"Ne-Yo celebra el vig\u00e9simo aniversario de su debut\" \/>\n<meta property=\"og:description\" content=\"Ne-Yo celebra el 20\u00b0 Aniversario de su debut En mis propias palabras con formatos especiales de vinilo. El \u00e1lbum original ha sido remezclado y remasterizado\" \/>\n<meta property=\"og:url\" content=\"https:\/\/web.consaguirre.com.ar\/noticias\/ne-yo-celebra-el-vigesimo-aniversario-de-su-debut\/\" \/>\n<meta property=\"og:site_name\" content=\"Conservatorio de M\u00fasica Juli\u00e1n Aguirre\" \/>\n<meta property=\"article:published_time\" content=\"2026-04-25T02:45:05+00:00\" \/>\n<meta property=\"article:modified_time\" content=\"2026-04-25T02:45:06+00:00\" \/>\n<meta property=\"og:image\" content=\"https:\/\/web.consaguirre.com.ar\/noticias\/wp-content\/uploads\/2026\/04\/Ne-Yo-celebra-el-vigesimo-aniversario-de-su-debut.jpg\" \/>\n\t<meta property=\"og:image:width\" content=\"820\" \/>\n\t<meta property=\"og:image:height\" content=\"820\" \/>\n\t<meta property=\"og:image:type\" content=\"image\/jpeg\" \/>\n<meta name=\"author\" content=\"Javier Figueroa\" \/>\n<meta name=\"twitter:card\" content=\"summary_large_image\" \/>\n<meta name=\"twitter:label1\" content=\"Escrito por\" \/>\n\t<meta name=\"twitter:data1\" content=\"Javier Figueroa\" \/>\n\t<meta name=\"twitter:label2\" content=\"Tiempo de lectura\" \/>\n\t<meta name=\"twitter:data2\" content=\"2 minutos\" \/>\n<script type=\"application\/ld+json\" class=\"yoast-schema-graph\">{\"@context\":\"https:\/\/schema.org\",\"@graph\":[{\"@type\":\"Article\",\"@id\":\"https:\/\/web.consaguirre.com.ar\/noticias\/ne-yo-celebra-el-vigesimo-aniversario-de-su-debut\/#article\",\"isPartOf\":{\"@id\":\"https:\/\/web.consaguirre.com.ar\/noticias\/ne-yo-celebra-el-vigesimo-aniversario-de-su-debut\/\"},\"author\":{\"name\":\"Javier Figueroa\",\"@id\":\"https:\/\/web.consaguirre.com.ar\/noticias\/#\/schema\/person\/6558b0cfedee7ddc5425602b237d5722\"},\"headline\":\"Ne-Yo celebra el vig\u00e9simo aniversario de su debut\",\"datePublished\":\"2026-04-25T02:45:05+00:00\",\"dateModified\":\"2026-04-25T02:45:06+00:00\",\"mainEntityOfPage\":{\"@id\":\"https:\/\/web.consaguirre.com.ar\/noticias\/ne-yo-celebra-el-vigesimo-aniversario-de-su-debut\/\"},\"wordCount\":362,\"publisher\":{\"@id\":\"https:\/\/web.consaguirre.com.ar\/noticias\/#organization\"},\"image\":{\"@id\":\"https:\/\/web.consaguirre.com.ar\/noticias\/ne-yo-celebra-el-vigesimo-aniversario-de-su-debut\/#primaryimage\"},\"thumbnailUrl\":\"https:\/\/web.consaguirre.com.ar\/noticias\/wp-content\/uploads\/2026\/04\/Ne-Yo-celebra-el-vigesimo-aniversario-de-su-debut.jpg\",\"keywords\":[\"aniversario\",\"celebra\",\"debut\",\"NeYo\",\"vig\u00e9simo\"],\"articleSection\":[\"El \u00faltimo\"],\"inLanguage\":\"es-AR\"},{\"@type\":\"WebPage\",\"@id\":\"https:\/\/web.consaguirre.com.ar\/noticias\/ne-yo-celebra-el-vigesimo-aniversario-de-su-debut\/\",\"url\":\"https:\/\/web.consaguirre.com.ar\/noticias\/ne-yo-celebra-el-vigesimo-aniversario-de-su-debut\/\",\"name\":\"Ne-Yo celebra el vig\u00e9simo aniversario de su debut\",\"isPartOf\":{\"@id\":\"https:\/\/web.consaguirre.com.ar\/noticias\/#website\"},\"primaryImageOfPage\":{\"@id\":\"https:\/\/web.consaguirre.com.ar\/noticias\/ne-yo-celebra-el-vigesimo-aniversario-de-su-debut\/#primaryimage\"},\"image\":{\"@id\":\"https:\/\/web.consaguirre.com.ar\/noticias\/ne-yo-celebra-el-vigesimo-aniversario-de-su-debut\/#primaryimage\"},\"thumbnailUrl\":\"https:\/\/web.consaguirre.com.ar\/noticias\/wp-content\/uploads\/2026\/04\/Ne-Yo-celebra-el-vigesimo-aniversario-de-su-debut.jpg\",\"datePublished\":\"2026-04-25T02:45:05+00:00\",\"dateModified\":\"2026-04-25T02:45:06+00:00\",\"breadcrumb\":{\"@id\":\"https:\/\/web.consaguirre.com.ar\/noticias\/ne-yo-celebra-el-vigesimo-aniversario-de-su-debut\/#breadcrumb\"},\"inLanguage\":\"es-AR\",\"potentialAction\":[{\"@type\":\"ReadAction\",\"target\":[\"https:\/\/web.consaguirre.com.ar\/noticias\/ne-yo-celebra-el-vigesimo-aniversario-de-su-debut\/\"]}]},{\"@type\":\"ImageObject\",\"inLanguage\":\"es-AR\",\"@id\":\"https:\/\/web.consaguirre.com.ar\/noticias\/ne-yo-celebra-el-vigesimo-aniversario-de-su-debut\/#primaryimage\",\"url\":\"https:\/\/web.consaguirre.com.ar\/noticias\/wp-content\/uploads\/2026\/04\/Ne-Yo-celebra-el-vigesimo-aniversario-de-su-debut.jpg\",\"contentUrl\":\"https:\/\/web.consaguirre.com.ar\/noticias\/wp-content\/uploads\/2026\/04\/Ne-Yo-celebra-el-vigesimo-aniversario-de-su-debut.jpg\",\"width\":820,\"height\":820,\"caption\":\"Ne-Yo In My Own Words\"},{\"@type\":\"BreadcrumbList\",\"@id\":\"https:\/\/web.consaguirre.com.ar\/noticias\/ne-yo-celebra-el-vigesimo-aniversario-de-su-debut\/#breadcrumb\",\"itemListElement\":[{\"@type\":\"ListItem\",\"position\":1,\"name\":\"Inicio\",\"item\":\"https:\/\/web.consaguirre.com.ar\/noticias\/\"},{\"@type\":\"ListItem\",\"position\":2,\"name\":\"Ne-Yo celebra el vig\u00e9simo aniversario de su debut\"}]},{\"@type\":\"WebSite\",\"@id\":\"https:\/\/web.consaguirre.com.ar\/noticias\/#website\",\"url\":\"https:\/\/web.consaguirre.com.ar\/noticias\/\",\"name\":\"Conservatorio de M\u00fasica Juli\u00e1n Aguirre\",\"description\":\"\",\"publisher\":{\"@id\":\"https:\/\/web.consaguirre.com.ar\/noticias\/#organization\"},\"potentialAction\":[{\"@type\":\"SearchAction\",\"target\":{\"@type\":\"EntryPoint\",\"urlTemplate\":\"https:\/\/web.consaguirre.com.ar\/noticias\/?s={search_term_string}\"},\"query-input\":\"required name=search_term_string\"}],\"inLanguage\":\"es-AR\"},{\"@type\":\"Organization\",\"@id\":\"https:\/\/web.consaguirre.com.ar\/noticias\/#organization\",\"name\":\"Conservatorio de M\u00fasica Juli\u00e1n Aguirre\",\"url\":\"https:\/\/web.consaguirre.com.ar\/noticias\/\",\"logo\":{\"@type\":\"ImageObject\",\"inLanguage\":\"es-AR\",\"@id\":\"https:\/\/web.consaguirre.com.ar\/noticias\/#\/schema\/logo\/image\/\",\"url\":\"https:\/\/web.consaguirre.com.ar\/noticias\/wp-content\/uploads\/2024\/08\/Banner-Aguirre-23.jpg\",\"contentUrl\":\"https:\/\/web.consaguirre.com.ar\/noticias\/wp-content\/uploads\/2024\/08\/Banner-Aguirre-23.jpg\",\"width\":1192,\"height\":600,\"caption\":\"Conservatorio de M\u00fasica Juli\u00e1n Aguirre\"},\"image\":{\"@id\":\"https:\/\/web.consaguirre.com.ar\/noticias\/#\/schema\/logo\/image\/\"}},{\"@type\":\"Person\",\"@id\":\"https:\/\/web.consaguirre.com.ar\/noticias\/#\/schema\/person\/6558b0cfedee7ddc5425602b237d5722\",\"name\":\"Javier Figueroa\",\"image\":{\"@type\":\"ImageObject\",\"inLanguage\":\"es-AR\",\"@id\":\"https:\/\/web.consaguirre.com.ar\/noticias\/#\/schema\/person\/image\/\",\"url\":\"https:\/\/web.consaguirre.com.ar\/noticias\/wp-content\/uploads\/2024\/08\/Consaguirre-scaled.jpg\",\"contentUrl\":\"https:\/\/web.consaguirre.com.ar\/noticias\/wp-content\/uploads\/2024\/08\/Consaguirre-scaled.jpg\",\"caption\":\"Javier Figueroa\"},\"description\":\"Me llamo Javier Figueroa y soy redactor para el sitio oficial del Conservatorio de M\u00fasica Juli\u00e1n Aguirre en Buenos Aires, consaguirre.com. Apasionado por la m\u00fasica y la escritura, me esfuerzo por destacar los talentos y eventos de nuestra prestigiosa instituci\u00f3n. Mi trayectoria se nutre de una profunda admiraci\u00f3n por los artistas, haciendo de cada art\u00edculo una celebraci\u00f3n de la creatividad y la cultura musical.\",\"sameAs\":[\"https:\/\/web.consaguirre.com.ar\/noticias\"]}]}<\/script>\n<!-- \/ Yoast SEO plugin. -->","yoast_head_json":{"title":"Ne-Yo celebra el vig\u00e9simo aniversario de su debut","robots":{"index":"index","follow":"follow","max-snippet":"max-snippet:-1","max-image-preview":"max-image-preview:large","max-video-preview":"max-video-preview:-1"},"canonical":"https:\/\/web.consaguirre.com.ar\/noticias\/ne-yo-celebra-el-vigesimo-aniversario-de-su-debut\/","og_locale":"es_ES","og_type":"article","og_title":"Ne-Yo celebra el vig\u00e9simo aniversario de su debut","og_description":"Ne-Yo celebra el 20\u00b0 Aniversario de su debut En mis propias palabras con formatos especiales de vinilo. El \u00e1lbum original ha sido remezclado y remasterizado","og_url":"https:\/\/web.consaguirre.com.ar\/noticias\/ne-yo-celebra-el-vigesimo-aniversario-de-su-debut\/","og_site_name":"Conservatorio de M\u00fasica Juli\u00e1n Aguirre","article_published_time":"2026-04-25T02:45:05+00:00","article_modified_time":"2026-04-25T02:45:06+00:00","og_image":[{"width":820,"height":820,"url":"https:\/\/web.consaguirre.com.ar\/noticias\/wp-content\/uploads\/2026\/04\/Ne-Yo-celebra-el-vigesimo-aniversario-de-su-debut.jpg","type":"image\/jpeg"}],"author":"Javier Figueroa","twitter_card":"summary_large_image","twitter_misc":{"Escrito por":"Javier Figueroa","Tiempo de lectura":"2 minutos"},"schema":{"@context":"https:\/\/schema.org","@graph":[{"@type":"Article","@id":"https:\/\/web.consaguirre.com.ar\/noticias\/ne-yo-celebra-el-vigesimo-aniversario-de-su-debut\/#article","isPartOf":{"@id":"https:\/\/web.consaguirre.com.ar\/noticias\/ne-yo-celebra-el-vigesimo-aniversario-de-su-debut\/"},"author":{"name":"Javier Figueroa","@id":"https:\/\/web.consaguirre.com.ar\/noticias\/#\/schema\/person\/6558b0cfedee7ddc5425602b237d5722"},"headline":"Ne-Yo celebra el vig\u00e9simo aniversario de su debut","datePublished":"2026-04-25T02:45:05+00:00","dateModified":"2026-04-25T02:45:06+00:00","mainEntityOfPage":{"@id":"https:\/\/web.consaguirre.com.ar\/noticias\/ne-yo-celebra-el-vigesimo-aniversario-de-su-debut\/"},"wordCount":362,"publisher":{"@id":"https:\/\/web.consaguirre.com.ar\/noticias\/#organization"},"image":{"@id":"https:\/\/web.consaguirre.com.ar\/noticias\/ne-yo-celebra-el-vigesimo-aniversario-de-su-debut\/#primaryimage"},"thumbnailUrl":"https:\/\/web.consaguirre.com.ar\/noticias\/wp-content\/uploads\/2026\/04\/Ne-Yo-celebra-el-vigesimo-aniversario-de-su-debut.jpg","keywords":["aniversario","celebra","debut","NeYo","vig\u00e9simo"],"articleSection":["El \u00faltimo"],"inLanguage":"es-AR"},{"@type":"WebPage","@id":"https:\/\/web.consaguirre.com.ar\/noticias\/ne-yo-celebra-el-vigesimo-aniversario-de-su-debut\/","url":"https:\/\/web.consaguirre.com.ar\/noticias\/ne-yo-celebra-el-vigesimo-aniversario-de-su-debut\/","name":"Ne-Yo celebra el vig\u00e9simo aniversario de su debut","isPartOf":{"@id":"https:\/\/web.consaguirre.com.ar\/noticias\/#website"},"primaryImageOfPage":{"@id":"https:\/\/web.consaguirre.com.ar\/noticias\/ne-yo-celebra-el-vigesimo-aniversario-de-su-debut\/#primaryimage"},"image":{"@id":"https:\/\/web.consaguirre.com.ar\/noticias\/ne-yo-celebra-el-vigesimo-aniversario-de-su-debut\/#primaryimage"},"thumbnailUrl":"https:\/\/web.consaguirre.com.ar\/noticias\/wp-content\/uploads\/2026\/04\/Ne-Yo-celebra-el-vigesimo-aniversario-de-su-debut.jpg","datePublished":"2026-04-25T02:45:05+00:00","dateModified":"2026-04-25T02:45:06+00:00","breadcrumb":{"@id":"https:\/\/web.consaguirre.com.ar\/noticias\/ne-yo-celebra-el-vigesimo-aniversario-de-su-debut\/#breadcrumb"},"inLanguage":"es-AR","potentialAction":[{"@type":"ReadAction","target":["https:\/\/web.consaguirre.com.ar\/noticias\/ne-yo-celebra-el-vigesimo-aniversario-de-su-debut\/"]}]},{"@type":"ImageObject","inLanguage":"es-AR","@id":"https:\/\/web.consaguirre.com.ar\/noticias\/ne-yo-celebra-el-vigesimo-aniversario-de-su-debut\/#primaryimage","url":"https:\/\/web.consaguirre.com.ar\/noticias\/wp-content\/uploads\/2026\/04\/Ne-Yo-celebra-el-vigesimo-aniversario-de-su-debut.jpg","contentUrl":"https:\/\/web.consaguirre.com.ar\/noticias\/wp-content\/uploads\/2026\/04\/Ne-Yo-celebra-el-vigesimo-aniversario-de-su-debut.jpg","width":820,"height":820,"caption":"Ne-Yo In My Own Words"},{"@type":"BreadcrumbList","@id":"https:\/\/web.consaguirre.com.ar\/noticias\/ne-yo-celebra-el-vigesimo-aniversario-de-su-debut\/#breadcrumb","itemListElement":[{"@type":"ListItem","position":1,"name":"Inicio","item":"https:\/\/web.consaguirre.com.ar\/noticias\/"},{"@type":"ListItem","position":2,"name":"Ne-Yo celebra el vig\u00e9simo aniversario de su debut"}]},{"@type":"WebSite","@id":"https:\/\/web.consaguirre.com.ar\/noticias\/#website","url":"https:\/\/web.consaguirre.com.ar\/noticias\/","name":"Conservatorio de M\u00fasica Juli\u00e1n Aguirre","description":"","publisher":{"@id":"https:\/\/web.consaguirre.com.ar\/noticias\/#organization"},"potentialAction":[{"@type":"SearchAction","target":{"@type":"EntryPoint","urlTemplate":"https:\/\/web.consaguirre.com.ar\/noticias\/?s={search_term_string}"},"query-input":"required name=search_term_string"}],"inLanguage":"es-AR"},{"@type":"Organization","@id":"https:\/\/web.consaguirre.com.ar\/noticias\/#organization","name":"Conservatorio de M\u00fasica Juli\u00e1n Aguirre","url":"https:\/\/web.consaguirre.com.ar\/noticias\/","logo":{"@type":"ImageObject","inLanguage":"es-AR","@id":"https:\/\/web.consaguirre.com.ar\/noticias\/#\/schema\/logo\/image\/","url":"https:\/\/web.consaguirre.com.ar\/noticias\/wp-content\/uploads\/2024\/08\/Banner-Aguirre-23.jpg","contentUrl":"https:\/\/web.consaguirre.com.ar\/noticias\/wp-content\/uploads\/2024\/08\/Banner-Aguirre-23.jpg","width":1192,"height":600,"caption":"Conservatorio de M\u00fasica Juli\u00e1n Aguirre"},"image":{"@id":"https:\/\/web.consaguirre.com.ar\/noticias\/#\/schema\/logo\/image\/"}},{"@type":"Person","@id":"https:\/\/web.consaguirre.com.ar\/noticias\/#\/schema\/person\/6558b0cfedee7ddc5425602b237d5722","name":"Javier Figueroa","image":{"@type":"ImageObject","inLanguage":"es-AR","@id":"https:\/\/web.consaguirre.com.ar\/noticias\/#\/schema\/person\/image\/","url":"https:\/\/web.consaguirre.com.ar\/noticias\/wp-content\/uploads\/2024\/08\/Consaguirre-scaled.jpg","contentUrl":"https:\/\/web.consaguirre.com.ar\/noticias\/wp-content\/uploads\/2024\/08\/Consaguirre-scaled.jpg","caption":"Javier Figueroa"},"description":"Me llamo Javier Figueroa y soy redactor para el sitio oficial del Conservatorio de M\u00fasica Juli\u00e1n Aguirre en Buenos Aires, consaguirre.com. Apasionado por la m\u00fasica y la escritura, me esfuerzo por destacar los talentos y eventos de nuestra prestigiosa instituci\u00f3n. Mi trayectoria se nutre de una profunda admiraci\u00f3n por los artistas, haciendo de cada art\u00edculo una celebraci\u00f3n de la creatividad y la cultura musical.","sameAs":["https:\/\/web.consaguirre.com.ar\/noticias"]}]}},"_links":{"self":[{"href":"https:\/\/web.consaguirre.com.ar\/noticias\/wp-json\/wp\/v2\/posts\/5776"}],"collection":[{"href":"https:\/\/web.consaguirre.com.ar\/noticias\/wp-json\/wp\/v2\/posts"}],"about":[{"href":"https:\/\/web.consaguirre.com.ar\/noticias\/wp-json\/wp\/v2\/types\/post"}],"author":[{"embeddable":true,"href":"https:\/\/web.consaguirre.com.ar\/noticias\/wp-json\/wp\/v2\/users\/1"}],"replies":[{"embeddable":true,"href":"https:\/\/web.consaguirre.com.ar\/noticias\/wp-json\/wp\/v2\/comments?post=5776"}],"version-history":[{"count":1,"href":"https:\/\/web.consaguirre.com.ar\/noticias\/wp-json\/wp\/v2\/posts\/5776\/revisions"}],"predecessor-version":[{"id":5778,"href":"https:\/\/web.consaguirre.com.ar\/noticias\/wp-json\/wp\/v2\/posts\/5776\/revisions\/5778"}],"wp:featuredmedia":[{"embeddable":true,"href":"https:\/\/web.consaguirre.com.ar\/noticias\/wp-json\/wp\/v2\/media\/5777"}],"wp:attachment":[{"href":"https:\/\/web.consaguirre.com.ar\/noticias\/wp-json\/wp\/v2\/media?parent=5776"}],"wp:term":[{"taxonomy":"category","embeddable":true,"href":"https:\/\/web.consaguirre.com.ar\/noticias\/wp-json\/wp\/v2\/categories?post=5776"},{"taxonomy":"post_tag","embeddable":true,"href":"https:\/\/web.consaguirre.com.ar\/noticias\/wp-json\/wp\/v2\/tags?post=5776"}],"curies":[{"name":"wp","href":"https:\/\/api.w.org\/{rel}","templated":true}]}}