{"id":5774,"date":"2026-04-24T20:38:15","date_gmt":"2026-04-24T23:38:15","guid":{"rendered":"https:\/\/web.consaguirre.com.ar\/noticias\/ringo-starr-lanza-su-album-solista-numero-22-long-long-road\/"},"modified":"2026-04-24T20:38:15","modified_gmt":"2026-04-24T23:38:15","slug":"ringo-starr-lanza-su-album-solista-numero-22-long-long-road","status":"publish","type":"post","link":"https:\/\/web.consaguirre.com.ar\/noticias\/ringo-starr-lanza-su-album-solista-numero-22-long-long-road\/","title":{"rendered":"Ringo Starr lanza su \u00e1lbum solista n\u00famero 22, &#8216;Long Long Road&#8217;"},"content":{"rendered":"<p>Ringo Starr ha lanzado el \u00faltimo trabajo de su dilatada carrera, el apropiadamente titulado <em>Largo, largo camino<\/em>. Tras el a\u00f1o pasado <em>Buscar<\/em>, <em>Largo, largo camino<\/em> es el \u00e1lbum n\u00famero 22 en solitario de Ringo y la segunda colaboraci\u00f3n con T-Bone Burnett como coguionista y productor. El \u00e1lbum de 10 canciones incluye colaboraciones de Sheryl Crow, Sarah Jarosz, Billy Strings, Molly Tuttle y St. Vincent.<\/p>\n<p>Adem\u00e1s del lanzamiento del \u00e1lbum, Ringo comparti\u00f3 un video de la canci\u00f3n principal, que cuenta con las voces de Sheryl Crow y Daniel Tashian. El v\u00eddeo, dirigido por Francesca Gregorini (la hijastra de Ringo), muestra a Ringo conduciendo a trav\u00e9s de su pasado e incluye algunas im\u00e1genes personales compartidas por primera vez.<\/p>\n<div align=\"center\">\n<div class=\"udiscover-store-container\">\n<div id='udiscover-store-three-product'><\/div>\n<\/div>\n<p>\/*<!(CDATA(*\/(function (){var scriptURL='https:\/\/sdks.shopifycdn.com\/buy-button\/latest\/buy-button-storefront.min.js';if(window.ShopifyBuy){if(window.ShopifyBuy.UI){ShopifyBuyInit();}else{loadScript();}}else{loadScript();}funci\u00f3n loadScript(){var script=document.createElement('script');script.async=true;script.src=scriptURL;(document.getElementsByTagName('head')(0)|| document.getElementsByTagName('body')(0)).appendChild(script);script.onload=ShopifyBuyInit;} function ShopifyBuyInit(){var cliente=ShopifyBuy.buildClient({dominio:'udiscover.myshopify.com',storefrontAccessToken: 'bdc89f347d2ce61c1feeb9f8c60b2b98',}); ShopifyBuy.UI.onReady(cliente).luego(funci\u00f3n(ui){ ui.createComponent('productSet',{ id:(7717246763085,7717249318989,7717240799309), nodo:document.getElementById('udiscover-store-tres-productos'), moneyFormat:'%24%7B%7Bamount%7D%7D', opciones:{&quot;producto&quot;:{&quot;marco flotante&quot;:FALSO,&quot;eventos&quot;:{antes deInit:funci\u00f3n(producto){Objeto.defineProperty(producto,&quot;es bot\u00f3n&quot;,{get:function(){return true;}});Object.defineProperty(producto,&quot;opciones&quot;{get:function(){return this.config(this.typeKey);}});var actualOnButtonClick=product.onButtonClick;product.onButtonClick=function(event,target) {event.stopImmediatePropagation();this.options.buttonDestination=&quot;modal&quot;;actualOnButtonClick.call(este,evento,destino);};}},\n&quot;bot\u00f3nDestino&quot;:&quot;modal&quot;,&quot;contenido&quot;:{&quot;opciones&quot;:verdadero},&quot;texto&quot;:{&quot;bot\u00f3n&quot;:&quot;Ordene ahora&quot;,&quot;Agotado&quot;:&quot;Lo sentimos, esto est\u00e1 agotado.&quot;}},&quot;conjunto de productos&quot;:{&quot;marco flotante&quot;:FALSO},&quot;modalProducto&quot;:{&quot;marco flotante&quot;:FALSO,&quot;contenido&quot;:{&quot;imagen&quot;:FALSO,&quot;imgConCarrusel&quot;:verdadero,&quot;bot\u00f3n&quot;:FALSO,&quot;bot\u00f3nConCantidad&quot;:verdadero}},&quot;modal&quot;:{&quot;marco flotante&quot;:FALSO},&quot;opci\u00f3n&quot;:{&quot;marco flotante&quot;:FALSO},&quot;carro&quot;:{&quot;marco flotante&quot;:FALSO},&quot;palanca&quot;:{&quot;marco flotante&quot;:FALSO,&quot;contenido&quot;:{&quot;icono&quot;:FALSO}},&quot;art\u00edculo de l\u00ednea&quot;:{&quot;marco flotante&quot;:FALSO}},}); }); } })(); \/*))>*\/ <\/div>\n<\/p>\n<p>\u201cEstamos hablando de este largo camino que he recorrido y he estado pensando en el camino que he tomado\u201d, reflexion\u00f3 Ringo. &#8220;Comenzar en Liverpool, estar en varias bandas, luego con The Beatles&#8230; todas esas paradas en tu vida, est\u00e1n muy lejos. \u00bfQu\u00e9 hubiera pasado si hubiera emigrado a Texas para estar cerca de Lightnin&#8217; Hopkins? No lo sabemos. Podr\u00eda haber tomado otro camino, pero tom\u00e9 este y termin\u00e9 aqu\u00ed, todav\u00eda en este Long Long Road. Me encant\u00f3 hacer este disco con T Bone y espero que disfrutes escuch\u00e1ndolo&#8221;.<\/p>\n<div class=\"uD-YT-container\"><img decoding=\"async\" src=\"https:\/\/web.consaguirre.com.ar\/noticias\/wp-content\/uploads\/2026\/04\/Ringo-Starr-lanza-su-album-solista-numero-22-Long-Long.jpg\" alt=\"V\u00eddeo de YouTube\"><br \/>Haga clic para cargar v\u00eddeo<\/div>\n<p>Burnett a\u00f1adi\u00f3: &#8220;Me ha encantado la forma en que Ringo toca y canta durante toda mi vida. Y siempre escuch\u00e9 a Ringo como un artista de Texas; la forma en que tocaba se sent\u00eda como m\u00fasica de Texas para m\u00ed. Ringo Starr es un m\u00fasico maestro y un artista de grabaci\u00f3n del m\u00e1s alto calibre, y quer\u00eda rodearlo de estos j\u00f3venes maestros, aportando algo de esta extraordinaria energ\u00eda joven que est\u00e1 ocurriendo en Nashville para ambos discos&#8221;.<\/p>\n<p><em>Largo, largo camino<\/em> incluye 10 canciones, 6 escritas o coescritas por T Bone Burnett y tres coescritas por Ringo con Bruce Sugar, Mark Hudson y Gary Burr.<\/p>\n<p><b>Comprar Ringo Starr&#8217;s <em>Largo, largo camino<\/em> aqu\u00ed.<\/b><\/p>\n","protected":false},"excerpt":{"rendered":"<p>Ringo Starr ha lanzado el \u00faltimo trabajo de su dilatada carrera, el apropiadamente titulado Largo, largo camino. Tras el a\u00f1o pasado Buscar, Largo, largo camino<\/p>\n","protected":false},"author":1,"featured_media":5255,"comment_status":"closed","ping_status":"","sticky":false,"template":"","format":"standard","meta":{"footnotes":""},"categories":[50],"tags":[147,218,274,744,1009,677,4183,1010],"class_list":["post-5774","post","type-post","status-publish","format-standard","has-post-thumbnail","hentry","category-el-ultimo","tag-album","tag-lanza","tag-long","tag-numero","tag-ringo","tag-road","tag-solista","tag-starr","generate-columns","tablet-grid-50","mobile-grid-100","grid-parent","grid-50"],"yoast_head":"<!-- This site is optimized with the Yoast SEO plugin v23.3 - https:\/\/yoast.com\/wordpress\/plugins\/seo\/ -->\n<title>Ringo Starr lanza su \u00e1lbum solista n\u00famero 22, &#039;Long Long Road&#039;<\/title>\n<meta name=\"robots\" content=\"index, follow, max-snippet:-1, max-image-preview:large, max-video-preview:-1\" \/>\n<link rel=\"canonical\" href=\"https:\/\/web.consaguirre.com.ar\/noticias\/ringo-starr-lanza-su-album-solista-numero-22-long-long-road\/\" \/>\n<meta property=\"og:locale\" content=\"es_ES\" \/>\n<meta property=\"og:type\" content=\"article\" \/>\n<meta property=\"og:title\" content=\"Ringo Starr lanza su \u00e1lbum solista n\u00famero 22, &#039;Long Long Road&#039;\" \/>\n<meta property=\"og:description\" content=\"Ringo Starr ha lanzado el \u00faltimo trabajo de su dilatada carrera, el apropiadamente titulado Largo, largo camino. Tras el a\u00f1o pasado Buscar, Largo, largo camino\" \/>\n<meta property=\"og:url\" content=\"https:\/\/web.consaguirre.com.ar\/noticias\/ringo-starr-lanza-su-album-solista-numero-22-long-long-road\/\" \/>\n<meta property=\"og:site_name\" content=\"Conservatorio de M\u00fasica Juli\u00e1n Aguirre\" \/>\n<meta property=\"article:published_time\" content=\"2026-04-24T23:38:15+00:00\" \/>\n<meta property=\"og:image\" content=\"https:\/\/web.consaguirre.com.ar\/noticias\/wp-content\/uploads\/2026\/03\/1772548722_Ringo-Starr-anuncia-Largo-largo-camino.jpg\" \/>\n\t<meta property=\"og:image:width\" content=\"1000\" \/>\n\t<meta property=\"og:image:height\" content=\"1000\" \/>\n\t<meta property=\"og:image:type\" content=\"image\/jpeg\" \/>\n<meta name=\"author\" content=\"Javier Figueroa\" \/>\n<meta name=\"twitter:card\" content=\"summary_large_image\" \/>\n<meta name=\"twitter:label1\" content=\"Escrito por\" \/>\n\t<meta name=\"twitter:data1\" content=\"Javier Figueroa\" \/>\n\t<meta name=\"twitter:label2\" content=\"Tiempo de lectura\" \/>\n\t<meta name=\"twitter:data2\" content=\"2 minutos\" \/>\n<script type=\"application\/ld+json\" class=\"yoast-schema-graph\">{\"@context\":\"https:\/\/schema.org\",\"@graph\":[{\"@type\":\"Article\",\"@id\":\"https:\/\/web.consaguirre.com.ar\/noticias\/ringo-starr-lanza-su-album-solista-numero-22-long-long-road\/#article\",\"isPartOf\":{\"@id\":\"https:\/\/web.consaguirre.com.ar\/noticias\/ringo-starr-lanza-su-album-solista-numero-22-long-long-road\/\"},\"author\":{\"name\":\"Javier Figueroa\",\"@id\":\"https:\/\/web.consaguirre.com.ar\/noticias\/#\/schema\/person\/6558b0cfedee7ddc5425602b237d5722\"},\"headline\":\"Ringo Starr lanza su \u00e1lbum solista n\u00famero 22, &#8216;Long Long Road&#8217;\",\"datePublished\":\"2026-04-24T23:38:15+00:00\",\"dateModified\":\"2026-04-24T23:38:15+00:00\",\"mainEntityOfPage\":{\"@id\":\"https:\/\/web.consaguirre.com.ar\/noticias\/ringo-starr-lanza-su-album-solista-numero-22-long-long-road\/\"},\"wordCount\":350,\"publisher\":{\"@id\":\"https:\/\/web.consaguirre.com.ar\/noticias\/#organization\"},\"image\":{\"@id\":\"https:\/\/web.consaguirre.com.ar\/noticias\/ringo-starr-lanza-su-album-solista-numero-22-long-long-road\/#primaryimage\"},\"thumbnailUrl\":\"https:\/\/web.consaguirre.com.ar\/noticias\/wp-content\/uploads\/2026\/03\/1772548722_Ringo-Starr-anuncia-Largo-largo-camino.jpg\",\"keywords\":[\"\u00e1lbum\",\"lanza\",\"Long\",\"n\u00famero\",\"Ringo\",\"Road\",\"solista\",\"Starr\"],\"articleSection\":[\"El \u00faltimo\"],\"inLanguage\":\"es-AR\"},{\"@type\":\"WebPage\",\"@id\":\"https:\/\/web.consaguirre.com.ar\/noticias\/ringo-starr-lanza-su-album-solista-numero-22-long-long-road\/\",\"url\":\"https:\/\/web.consaguirre.com.ar\/noticias\/ringo-starr-lanza-su-album-solista-numero-22-long-long-road\/\",\"name\":\"Ringo Starr lanza su \u00e1lbum solista n\u00famero 22, 'Long Long Road'\",\"isPartOf\":{\"@id\":\"https:\/\/web.consaguirre.com.ar\/noticias\/#website\"},\"primaryImageOfPage\":{\"@id\":\"https:\/\/web.consaguirre.com.ar\/noticias\/ringo-starr-lanza-su-album-solista-numero-22-long-long-road\/#primaryimage\"},\"image\":{\"@id\":\"https:\/\/web.consaguirre.com.ar\/noticias\/ringo-starr-lanza-su-album-solista-numero-22-long-long-road\/#primaryimage\"},\"thumbnailUrl\":\"https:\/\/web.consaguirre.com.ar\/noticias\/wp-content\/uploads\/2026\/03\/1772548722_Ringo-Starr-anuncia-Largo-largo-camino.jpg\",\"datePublished\":\"2026-04-24T23:38:15+00:00\",\"dateModified\":\"2026-04-24T23:38:15+00:00\",\"breadcrumb\":{\"@id\":\"https:\/\/web.consaguirre.com.ar\/noticias\/ringo-starr-lanza-su-album-solista-numero-22-long-long-road\/#breadcrumb\"},\"inLanguage\":\"es-AR\",\"potentialAction\":[{\"@type\":\"ReadAction\",\"target\":[\"https:\/\/web.consaguirre.com.ar\/noticias\/ringo-starr-lanza-su-album-solista-numero-22-long-long-road\/\"]}]},{\"@type\":\"ImageObject\",\"inLanguage\":\"es-AR\",\"@id\":\"https:\/\/web.consaguirre.com.ar\/noticias\/ringo-starr-lanza-su-album-solista-numero-22-long-long-road\/#primaryimage\",\"url\":\"https:\/\/web.consaguirre.com.ar\/noticias\/wp-content\/uploads\/2026\/03\/1772548722_Ringo-Starr-anuncia-Largo-largo-camino.jpg\",\"contentUrl\":\"https:\/\/web.consaguirre.com.ar\/noticias\/wp-content\/uploads\/2026\/03\/1772548722_Ringo-Starr-anuncia-Largo-largo-camino.jpg\",\"width\":1000,\"height\":1000,\"caption\":\"Ringo Starr Long Long Road\"},{\"@type\":\"BreadcrumbList\",\"@id\":\"https:\/\/web.consaguirre.com.ar\/noticias\/ringo-starr-lanza-su-album-solista-numero-22-long-long-road\/#breadcrumb\",\"itemListElement\":[{\"@type\":\"ListItem\",\"position\":1,\"name\":\"Inicio\",\"item\":\"https:\/\/web.consaguirre.com.ar\/noticias\/\"},{\"@type\":\"ListItem\",\"position\":2,\"name\":\"Ringo Starr lanza su \u00e1lbum solista n\u00famero 22, &#8216;Long Long Road&#8217;\"}]},{\"@type\":\"WebSite\",\"@id\":\"https:\/\/web.consaguirre.com.ar\/noticias\/#website\",\"url\":\"https:\/\/web.consaguirre.com.ar\/noticias\/\",\"name\":\"Conservatorio de M\u00fasica Juli\u00e1n Aguirre\",\"description\":\"\",\"publisher\":{\"@id\":\"https:\/\/web.consaguirre.com.ar\/noticias\/#organization\"},\"potentialAction\":[{\"@type\":\"SearchAction\",\"target\":{\"@type\":\"EntryPoint\",\"urlTemplate\":\"https:\/\/web.consaguirre.com.ar\/noticias\/?s={search_term_string}\"},\"query-input\":\"required name=search_term_string\"}],\"inLanguage\":\"es-AR\"},{\"@type\":\"Organization\",\"@id\":\"https:\/\/web.consaguirre.com.ar\/noticias\/#organization\",\"name\":\"Conservatorio de M\u00fasica Juli\u00e1n Aguirre\",\"url\":\"https:\/\/web.consaguirre.com.ar\/noticias\/\",\"logo\":{\"@type\":\"ImageObject\",\"inLanguage\":\"es-AR\",\"@id\":\"https:\/\/web.consaguirre.com.ar\/noticias\/#\/schema\/logo\/image\/\",\"url\":\"https:\/\/web.consaguirre.com.ar\/noticias\/wp-content\/uploads\/2024\/08\/Banner-Aguirre-23.jpg\",\"contentUrl\":\"https:\/\/web.consaguirre.com.ar\/noticias\/wp-content\/uploads\/2024\/08\/Banner-Aguirre-23.jpg\",\"width\":1192,\"height\":600,\"caption\":\"Conservatorio de M\u00fasica Juli\u00e1n Aguirre\"},\"image\":{\"@id\":\"https:\/\/web.consaguirre.com.ar\/noticias\/#\/schema\/logo\/image\/\"}},{\"@type\":\"Person\",\"@id\":\"https:\/\/web.consaguirre.com.ar\/noticias\/#\/schema\/person\/6558b0cfedee7ddc5425602b237d5722\",\"name\":\"Javier Figueroa\",\"image\":{\"@type\":\"ImageObject\",\"inLanguage\":\"es-AR\",\"@id\":\"https:\/\/web.consaguirre.com.ar\/noticias\/#\/schema\/person\/image\/\",\"url\":\"https:\/\/web.consaguirre.com.ar\/noticias\/wp-content\/uploads\/2024\/08\/Consaguirre-scaled.jpg\",\"contentUrl\":\"https:\/\/web.consaguirre.com.ar\/noticias\/wp-content\/uploads\/2024\/08\/Consaguirre-scaled.jpg\",\"caption\":\"Javier Figueroa\"},\"description\":\"Me llamo Javier Figueroa y soy redactor para el sitio oficial del Conservatorio de M\u00fasica Juli\u00e1n Aguirre en Buenos Aires, consaguirre.com. Apasionado por la m\u00fasica y la escritura, me esfuerzo por destacar los talentos y eventos de nuestra prestigiosa instituci\u00f3n. Mi trayectoria se nutre de una profunda admiraci\u00f3n por los artistas, haciendo de cada art\u00edculo una celebraci\u00f3n de la creatividad y la cultura musical.\",\"sameAs\":[\"https:\/\/web.consaguirre.com.ar\/noticias\"]}]}<\/script>\n<!-- \/ Yoast SEO plugin. -->","yoast_head_json":{"title":"Ringo Starr lanza su \u00e1lbum solista n\u00famero 22, 'Long Long Road'","robots":{"index":"index","follow":"follow","max-snippet":"max-snippet:-1","max-image-preview":"max-image-preview:large","max-video-preview":"max-video-preview:-1"},"canonical":"https:\/\/web.consaguirre.com.ar\/noticias\/ringo-starr-lanza-su-album-solista-numero-22-long-long-road\/","og_locale":"es_ES","og_type":"article","og_title":"Ringo Starr lanza su \u00e1lbum solista n\u00famero 22, 'Long Long Road'","og_description":"Ringo Starr ha lanzado el \u00faltimo trabajo de su dilatada carrera, el apropiadamente titulado Largo, largo camino. Tras el a\u00f1o pasado Buscar, Largo, largo camino","og_url":"https:\/\/web.consaguirre.com.ar\/noticias\/ringo-starr-lanza-su-album-solista-numero-22-long-long-road\/","og_site_name":"Conservatorio de M\u00fasica Juli\u00e1n Aguirre","article_published_time":"2026-04-24T23:38:15+00:00","og_image":[{"width":1000,"height":1000,"url":"https:\/\/web.consaguirre.com.ar\/noticias\/wp-content\/uploads\/2026\/03\/1772548722_Ringo-Starr-anuncia-Largo-largo-camino.jpg","type":"image\/jpeg"}],"author":"Javier Figueroa","twitter_card":"summary_large_image","twitter_misc":{"Escrito por":"Javier Figueroa","Tiempo de lectura":"2 minutos"},"schema":{"@context":"https:\/\/schema.org","@graph":[{"@type":"Article","@id":"https:\/\/web.consaguirre.com.ar\/noticias\/ringo-starr-lanza-su-album-solista-numero-22-long-long-road\/#article","isPartOf":{"@id":"https:\/\/web.consaguirre.com.ar\/noticias\/ringo-starr-lanza-su-album-solista-numero-22-long-long-road\/"},"author":{"name":"Javier Figueroa","@id":"https:\/\/web.consaguirre.com.ar\/noticias\/#\/schema\/person\/6558b0cfedee7ddc5425602b237d5722"},"headline":"Ringo Starr lanza su \u00e1lbum solista n\u00famero 22, &#8216;Long Long Road&#8217;","datePublished":"2026-04-24T23:38:15+00:00","dateModified":"2026-04-24T23:38:15+00:00","mainEntityOfPage":{"@id":"https:\/\/web.consaguirre.com.ar\/noticias\/ringo-starr-lanza-su-album-solista-numero-22-long-long-road\/"},"wordCount":350,"publisher":{"@id":"https:\/\/web.consaguirre.com.ar\/noticias\/#organization"},"image":{"@id":"https:\/\/web.consaguirre.com.ar\/noticias\/ringo-starr-lanza-su-album-solista-numero-22-long-long-road\/#primaryimage"},"thumbnailUrl":"https:\/\/web.consaguirre.com.ar\/noticias\/wp-content\/uploads\/2026\/03\/1772548722_Ringo-Starr-anuncia-Largo-largo-camino.jpg","keywords":["\u00e1lbum","lanza","Long","n\u00famero","Ringo","Road","solista","Starr"],"articleSection":["El \u00faltimo"],"inLanguage":"es-AR"},{"@type":"WebPage","@id":"https:\/\/web.consaguirre.com.ar\/noticias\/ringo-starr-lanza-su-album-solista-numero-22-long-long-road\/","url":"https:\/\/web.consaguirre.com.ar\/noticias\/ringo-starr-lanza-su-album-solista-numero-22-long-long-road\/","name":"Ringo Starr lanza su \u00e1lbum solista n\u00famero 22, 'Long Long Road'","isPartOf":{"@id":"https:\/\/web.consaguirre.com.ar\/noticias\/#website"},"primaryImageOfPage":{"@id":"https:\/\/web.consaguirre.com.ar\/noticias\/ringo-starr-lanza-su-album-solista-numero-22-long-long-road\/#primaryimage"},"image":{"@id":"https:\/\/web.consaguirre.com.ar\/noticias\/ringo-starr-lanza-su-album-solista-numero-22-long-long-road\/#primaryimage"},"thumbnailUrl":"https:\/\/web.consaguirre.com.ar\/noticias\/wp-content\/uploads\/2026\/03\/1772548722_Ringo-Starr-anuncia-Largo-largo-camino.jpg","datePublished":"2026-04-24T23:38:15+00:00","dateModified":"2026-04-24T23:38:15+00:00","breadcrumb":{"@id":"https:\/\/web.consaguirre.com.ar\/noticias\/ringo-starr-lanza-su-album-solista-numero-22-long-long-road\/#breadcrumb"},"inLanguage":"es-AR","potentialAction":[{"@type":"ReadAction","target":["https:\/\/web.consaguirre.com.ar\/noticias\/ringo-starr-lanza-su-album-solista-numero-22-long-long-road\/"]}]},{"@type":"ImageObject","inLanguage":"es-AR","@id":"https:\/\/web.consaguirre.com.ar\/noticias\/ringo-starr-lanza-su-album-solista-numero-22-long-long-road\/#primaryimage","url":"https:\/\/web.consaguirre.com.ar\/noticias\/wp-content\/uploads\/2026\/03\/1772548722_Ringo-Starr-anuncia-Largo-largo-camino.jpg","contentUrl":"https:\/\/web.consaguirre.com.ar\/noticias\/wp-content\/uploads\/2026\/03\/1772548722_Ringo-Starr-anuncia-Largo-largo-camino.jpg","width":1000,"height":1000,"caption":"Ringo Starr Long Long Road"},{"@type":"BreadcrumbList","@id":"https:\/\/web.consaguirre.com.ar\/noticias\/ringo-starr-lanza-su-album-solista-numero-22-long-long-road\/#breadcrumb","itemListElement":[{"@type":"ListItem","position":1,"name":"Inicio","item":"https:\/\/web.consaguirre.com.ar\/noticias\/"},{"@type":"ListItem","position":2,"name":"Ringo Starr lanza su \u00e1lbum solista n\u00famero 22, &#8216;Long Long Road&#8217;"}]},{"@type":"WebSite","@id":"https:\/\/web.consaguirre.com.ar\/noticias\/#website","url":"https:\/\/web.consaguirre.com.ar\/noticias\/","name":"Conservatorio de M\u00fasica Juli\u00e1n Aguirre","description":"","publisher":{"@id":"https:\/\/web.consaguirre.com.ar\/noticias\/#organization"},"potentialAction":[{"@type":"SearchAction","target":{"@type":"EntryPoint","urlTemplate":"https:\/\/web.consaguirre.com.ar\/noticias\/?s={search_term_string}"},"query-input":"required name=search_term_string"}],"inLanguage":"es-AR"},{"@type":"Organization","@id":"https:\/\/web.consaguirre.com.ar\/noticias\/#organization","name":"Conservatorio de M\u00fasica Juli\u00e1n Aguirre","url":"https:\/\/web.consaguirre.com.ar\/noticias\/","logo":{"@type":"ImageObject","inLanguage":"es-AR","@id":"https:\/\/web.consaguirre.com.ar\/noticias\/#\/schema\/logo\/image\/","url":"https:\/\/web.consaguirre.com.ar\/noticias\/wp-content\/uploads\/2024\/08\/Banner-Aguirre-23.jpg","contentUrl":"https:\/\/web.consaguirre.com.ar\/noticias\/wp-content\/uploads\/2024\/08\/Banner-Aguirre-23.jpg","width":1192,"height":600,"caption":"Conservatorio de M\u00fasica Juli\u00e1n Aguirre"},"image":{"@id":"https:\/\/web.consaguirre.com.ar\/noticias\/#\/schema\/logo\/image\/"}},{"@type":"Person","@id":"https:\/\/web.consaguirre.com.ar\/noticias\/#\/schema\/person\/6558b0cfedee7ddc5425602b237d5722","name":"Javier Figueroa","image":{"@type":"ImageObject","inLanguage":"es-AR","@id":"https:\/\/web.consaguirre.com.ar\/noticias\/#\/schema\/person\/image\/","url":"https:\/\/web.consaguirre.com.ar\/noticias\/wp-content\/uploads\/2024\/08\/Consaguirre-scaled.jpg","contentUrl":"https:\/\/web.consaguirre.com.ar\/noticias\/wp-content\/uploads\/2024\/08\/Consaguirre-scaled.jpg","caption":"Javier Figueroa"},"description":"Me llamo Javier Figueroa y soy redactor para el sitio oficial del Conservatorio de M\u00fasica Juli\u00e1n Aguirre en Buenos Aires, consaguirre.com. Apasionado por la m\u00fasica y la escritura, me esfuerzo por destacar los talentos y eventos de nuestra prestigiosa instituci\u00f3n. Mi trayectoria se nutre de una profunda admiraci\u00f3n por los artistas, haciendo de cada art\u00edculo una celebraci\u00f3n de la creatividad y la cultura musical.","sameAs":["https:\/\/web.consaguirre.com.ar\/noticias"]}]}},"_links":{"self":[{"href":"https:\/\/web.consaguirre.com.ar\/noticias\/wp-json\/wp\/v2\/posts\/5774"}],"collection":[{"href":"https:\/\/web.consaguirre.com.ar\/noticias\/wp-json\/wp\/v2\/posts"}],"about":[{"href":"https:\/\/web.consaguirre.com.ar\/noticias\/wp-json\/wp\/v2\/types\/post"}],"author":[{"embeddable":true,"href":"https:\/\/web.consaguirre.com.ar\/noticias\/wp-json\/wp\/v2\/users\/1"}],"replies":[{"embeddable":true,"href":"https:\/\/web.consaguirre.com.ar\/noticias\/wp-json\/wp\/v2\/comments?post=5774"}],"version-history":[{"count":1,"href":"https:\/\/web.consaguirre.com.ar\/noticias\/wp-json\/wp\/v2\/posts\/5774\/revisions"}],"predecessor-version":[{"id":5775,"href":"https:\/\/web.consaguirre.com.ar\/noticias\/wp-json\/wp\/v2\/posts\/5774\/revisions\/5775"}],"wp:featuredmedia":[{"embeddable":true,"href":"https:\/\/web.consaguirre.com.ar\/noticias\/wp-json\/wp\/v2\/media\/5255"}],"wp:attachment":[{"href":"https:\/\/web.consaguirre.com.ar\/noticias\/wp-json\/wp\/v2\/media?parent=5774"}],"wp:term":[{"taxonomy":"category","embeddable":true,"href":"https:\/\/web.consaguirre.com.ar\/noticias\/wp-json\/wp\/v2\/categories?post=5774"},{"taxonomy":"post_tag","embeddable":true,"href":"https:\/\/web.consaguirre.com.ar\/noticias\/wp-json\/wp\/v2\/tags?post=5774"}],"curies":[{"name":"wp","href":"https:\/\/api.w.org\/{rel}","templated":true}]}}