{"id":5768,"date":"2026-04-24T14:39:43","date_gmt":"2026-04-24T17:39:43","guid":{"rendered":"https:\/\/web.consaguirre.com.ar\/noticias\/supertramp-anuncia-dos-reediciones-clasicas-mas-en-vinilo\/"},"modified":"2026-04-24T14:39:44","modified_gmt":"2026-04-24T17:39:44","slug":"supertramp-anuncia-dos-reediciones-clasicas-mas-en-vinilo","status":"publish","type":"post","link":"https:\/\/web.consaguirre.com.ar\/noticias\/supertramp-anuncia-dos-reediciones-clasicas-mas-en-vinilo\/","title":{"rendered":"Supertramp anuncia dos reediciones cl\u00e1sicas m\u00e1s en vinilo"},"content":{"rendered":"<p>Supertramp mantiene su serie de reediciones en vinilo con el anuncio de dos lanzamientos m\u00e1s: 1985 <em>Hermano donde est\u00e1s atado<\/em> y 1987 <em>Libre como un p\u00e1jaro<\/em>.<\/p>\n<p>El audio de ambos \u00e1lbumes fue transferido a Abbey Road Studios por Miles Showell. Cort\u00f3 el master de media velocidad utilizado para imprimir los discos, que se puede escuchar en vinilo negro de 180 g.<\/p>\n<p><em>Hermano donde est\u00e1s atado<\/em>el octavo \u00e1lbum de la banda de rock brit\u00e1nica, marc\u00f3 su primer LP tras la partida del miembro original Roger Hodgson. Con el \u00e9xito Top 30 \u201cCannonball\u201d, el \u00e1lbum alcanz\u00f3 el puesto 20 en el Billboard 200 y el puesto 20 en la lista de \u00e1lbumes del Reino Unido.<\/p>\n<div align=\"center\">\n<div class=\"udiscover-store-container\">\n<div id='udiscover-store-two-product'><\/div>\n<\/div>\n<p>\/*<!(CDATA(*\/(function (){var scriptURL='https:\/\/sdks.shopifycdn.com\/buy-button\/latest\/buy-button-storefront.min.js';if(window.ShopifyBuy){if(window.ShopifyBuy.UI){ShopifyBuyInit();}else{loadScript();}}else{loadScript();}funci\u00f3n loadScript(){var script=document.createElement('script');script.async=true;script.src=scriptURL;(document.getElementsByTagName('head')(0)|| document.getElementsByTagName('body')(0)).appendChild(script);script.onload=ShopifyBuyInit;} function ShopifyBuyInit(){var cliente=ShopifyBuy.buildClient({dominio:'udiscover.myshopify.com',storefrontAccessToken: 'bdc89f347d2ce61c1feeb9f8c60b2b98',}); ShopifyBuy.UI.onReady(cliente).luego(funci\u00f3n(ui){ ui.createComponent('productSet',{ id:(7782539264077,7782524911693), nodo:document.getElementById('udiscover-store-two-product'), moneyFormat:'%24%7B%7Bamount%7D%7D', opciones:{&quot;producto&quot;:{&quot;marco flotante&quot;:FALSO,&quot;eventos&quot;:{antes deInit:funci\u00f3n(producto){Objeto.defineProperty(producto,&quot;es bot\u00f3n&quot;,{get:function(){return true;}});Object.defineProperty(producto,&quot;opciones&quot;{get:function(){return this.config(this.typeKey);}});var actualOnButtonClick=product.onButtonClick;product.onButtonClick=function(event,target) {event.stopImmediatePropagation();this.options.buttonDestination=&quot;modal&quot;;actualOnButtonClick.call(este,evento,destino);};}},\n&quot;bot\u00f3nDestino&quot;:&quot;modal&quot;,&quot;contenido&quot;:{&quot;opciones&quot;:verdadero},&quot;texto&quot;:{&quot;bot\u00f3n&quot;:&quot;Ordene ahora&quot;,&quot;Agotado&quot;:&quot;Lo sentimos, esto est\u00e1 agotado.&quot;}},&quot;conjunto de productos&quot;:{&quot;marco flotante&quot;:FALSO},&quot;modalProducto&quot;:{&quot;marco flotante&quot;:FALSO,&quot;contenido&quot;:{&quot;imagen&quot;:FALSO,&quot;imgConCarrusel&quot;:verdadero,&quot;bot\u00f3n&quot;:FALSO,&quot;bot\u00f3nConCantidad&quot;:verdadero}},&quot;modal&quot;:{&quot;marco flotante&quot;:FALSO},&quot;opci\u00f3n&quot;:{&quot;marco flotante&quot;:FALSO},&quot;carro&quot;:{&quot;marco flotante&quot;:FALSO},&quot;palanca&quot;:{&quot;marco flotante&quot;:FALSO,&quot;contenido&quot;:{&quot;icono&quot;:FALSO}},&quot;art\u00edculo de l\u00ednea&quot;:{&quot;marco flotante&quot;:FALSO}},}); }); } })(); \/*))>*\/ <\/div>\n<\/p>\n<p><em>Libre como un p\u00e1jaro<\/em>su noveno LP, encontr\u00f3 a la banda sumergi\u00e9ndose m\u00e1s en ritmos y ritmos de baile sintetizados y alej\u00e1ndose de su caracter\u00edstico sonido de rock progresivo. Tambi\u00e9n fue el primer \u00e1lbum de Supertramp que cont\u00f3 con la participaci\u00f3n del guitarrista y vocalista Mark Hart, quien m\u00e1s tarde se convertir\u00eda en miembro oficial del grupo en los a\u00f1os 90. Incluye los sencillos &#8220;I&#8217;m Beggin&#8217; You&#8221;, que encabez\u00f3 la lista de canciones de clubes de baile de EE. UU., y &#8220;Free as a Bird&#8221;. Supertramp tom\u00f3 una pausa despu\u00e9s de la gira de 1988 apoyando <em>Libre como un p\u00e1jaro<\/em>y luego se reunieron para 1997. <em>Algunas cosas nunca cambian<\/em>.<\/p>\n<p><em>Hermano donde est\u00e1s atado<\/em> y <em>Libre como un p\u00e1jaro<\/em> \u00danase a otras reediciones de vinilo recientes y fundamentales, incluidas nuevas versiones de 1977. <em>Incluso en los momentos m\u00e1s tranquilos&#8230;<\/em>a\u00f1os 1979 <em>Desayuno en Am\u00e9rica<\/em>y 1982 <em>\u00daltimas palabras famosas&#8230;<\/em> El pasado mes de julio, la banda anunci\u00f3 los primeros \u00e1lbumes que se lanzar\u00e1n en la serie: 1974&#8217;s <em>Crimen del siglo<\/em> y 1975 <em>\u00bfCrisis? \u00bfQu\u00e9 crisis?<\/em> Ambas reediciones fueron supervisadas por la banda y el coproductor Ken Scott.<\/p>\n<p>En septiembre pasado, el fundador, compositor, cantante y teclista de la banda, Rick Davies, muri\u00f3 a los 81 a\u00f1os despu\u00e9s de luchar contra el mieloma m\u00faltiple durante m\u00e1s de diez a\u00f1os. &#8220;Supertramp Partnership est\u00e1 muy triste al anunciar la muerte del fundador de Supertramp, Rick Davies, despu\u00e9s de una larga enfermedad&#8221;, se lee en un comunicado. &#8220;Tuvimos el privilegio de conocerlo y tocar con \u00e9l durante m\u00e1s de cincuenta a\u00f1os. Ofrecemos nuestro m\u00e1s sentido p\u00e9same a Sue Davies&#8221;.<\/p>\n<p><b>Compra aqu\u00ed las reediciones en vinilo de Supertramp.<\/b><\/p>\n","protected":false},"excerpt":{"rendered":"<p>Supertramp mantiene su serie de reediciones en vinilo con el anuncio de dos lanzamientos m\u00e1s: 1985 Hermano donde est\u00e1s atado y 1987 Libre como un<\/p>\n","protected":false},"author":1,"featured_media":5769,"comment_status":"closed","ping_status":"","sticky":false,"template":"","format":"standard","meta":{"footnotes":""},"categories":[50],"tags":[56,1348,103,707,1347,1686,87],"class_list":["post-5768","post","type-post","status-publish","format-standard","has-post-thumbnail","hentry","category-el-ultimo","tag-anuncia","tag-clasicas","tag-dos","tag-mas","tag-reediciones","tag-supertramp","tag-vinilo","generate-columns","tablet-grid-50","mobile-grid-100","grid-parent","grid-50"],"yoast_head":"<!-- This site is optimized with the Yoast SEO plugin v23.3 - https:\/\/yoast.com\/wordpress\/plugins\/seo\/ -->\n<title>Supertramp anuncia dos reediciones cl\u00e1sicas m\u00e1s en vinilo<\/title>\n<meta name=\"robots\" content=\"index, follow, max-snippet:-1, max-image-preview:large, max-video-preview:-1\" \/>\n<link rel=\"canonical\" href=\"https:\/\/web.consaguirre.com.ar\/noticias\/supertramp-anuncia-dos-reediciones-clasicas-mas-en-vinilo\/\" \/>\n<meta property=\"og:locale\" content=\"es_ES\" \/>\n<meta property=\"og:type\" content=\"article\" \/>\n<meta property=\"og:title\" content=\"Supertramp anuncia dos reediciones cl\u00e1sicas m\u00e1s en vinilo\" \/>\n<meta property=\"og:description\" content=\"Supertramp mantiene su serie de reediciones en vinilo con el anuncio de dos lanzamientos m\u00e1s: 1985 Hermano donde est\u00e1s atado y 1987 Libre como un\" \/>\n<meta property=\"og:url\" content=\"https:\/\/web.consaguirre.com.ar\/noticias\/supertramp-anuncia-dos-reediciones-clasicas-mas-en-vinilo\/\" \/>\n<meta property=\"og:site_name\" content=\"Conservatorio de M\u00fasica Juli\u00e1n Aguirre\" \/>\n<meta property=\"article:published_time\" content=\"2026-04-24T17:39:43+00:00\" \/>\n<meta property=\"article:modified_time\" content=\"2026-04-24T17:39:44+00:00\" \/>\n<meta property=\"og:image\" content=\"https:\/\/web.consaguirre.com.ar\/noticias\/wp-content\/uploads\/2026\/04\/Supertramp-anuncia-dos-reediciones-clasicas-mas-en-vinilo.jpg\" \/>\n\t<meta property=\"og:image:width\" content=\"820\" \/>\n\t<meta property=\"og:image:height\" content=\"820\" \/>\n\t<meta property=\"og:image:type\" content=\"image\/jpeg\" \/>\n<meta name=\"author\" content=\"Javier Figueroa\" \/>\n<meta name=\"twitter:card\" content=\"summary_large_image\" \/>\n<meta name=\"twitter:label1\" content=\"Escrito por\" \/>\n\t<meta name=\"twitter:data1\" content=\"Javier Figueroa\" \/>\n\t<meta name=\"twitter:label2\" content=\"Tiempo de lectura\" \/>\n\t<meta name=\"twitter:data2\" content=\"2 minutos\" \/>\n<script type=\"application\/ld+json\" class=\"yoast-schema-graph\">{\"@context\":\"https:\/\/schema.org\",\"@graph\":[{\"@type\":\"Article\",\"@id\":\"https:\/\/web.consaguirre.com.ar\/noticias\/supertramp-anuncia-dos-reediciones-clasicas-mas-en-vinilo\/#article\",\"isPartOf\":{\"@id\":\"https:\/\/web.consaguirre.com.ar\/noticias\/supertramp-anuncia-dos-reediciones-clasicas-mas-en-vinilo\/\"},\"author\":{\"name\":\"Javier Figueroa\",\"@id\":\"https:\/\/web.consaguirre.com.ar\/noticias\/#\/schema\/person\/6558b0cfedee7ddc5425602b237d5722\"},\"headline\":\"Supertramp anuncia dos reediciones cl\u00e1sicas m\u00e1s en vinilo\",\"datePublished\":\"2026-04-24T17:39:43+00:00\",\"dateModified\":\"2026-04-24T17:39:44+00:00\",\"mainEntityOfPage\":{\"@id\":\"https:\/\/web.consaguirre.com.ar\/noticias\/supertramp-anuncia-dos-reediciones-clasicas-mas-en-vinilo\/\"},\"wordCount\":412,\"publisher\":{\"@id\":\"https:\/\/web.consaguirre.com.ar\/noticias\/#organization\"},\"image\":{\"@id\":\"https:\/\/web.consaguirre.com.ar\/noticias\/supertramp-anuncia-dos-reediciones-clasicas-mas-en-vinilo\/#primaryimage\"},\"thumbnailUrl\":\"https:\/\/web.consaguirre.com.ar\/noticias\/wp-content\/uploads\/2026\/04\/Supertramp-anuncia-dos-reediciones-clasicas-mas-en-vinilo.jpg\",\"keywords\":[\"anuncia\",\"cl\u00e1sicas\",\"dos\",\"m\u00e1s\",\"reediciones\",\"Supertramp\",\"vinilo\"],\"articleSection\":[\"El \u00faltimo\"],\"inLanguage\":\"es-AR\"},{\"@type\":\"WebPage\",\"@id\":\"https:\/\/web.consaguirre.com.ar\/noticias\/supertramp-anuncia-dos-reediciones-clasicas-mas-en-vinilo\/\",\"url\":\"https:\/\/web.consaguirre.com.ar\/noticias\/supertramp-anuncia-dos-reediciones-clasicas-mas-en-vinilo\/\",\"name\":\"Supertramp anuncia dos reediciones cl\u00e1sicas m\u00e1s en vinilo\",\"isPartOf\":{\"@id\":\"https:\/\/web.consaguirre.com.ar\/noticias\/#website\"},\"primaryImageOfPage\":{\"@id\":\"https:\/\/web.consaguirre.com.ar\/noticias\/supertramp-anuncia-dos-reediciones-clasicas-mas-en-vinilo\/#primaryimage\"},\"image\":{\"@id\":\"https:\/\/web.consaguirre.com.ar\/noticias\/supertramp-anuncia-dos-reediciones-clasicas-mas-en-vinilo\/#primaryimage\"},\"thumbnailUrl\":\"https:\/\/web.consaguirre.com.ar\/noticias\/wp-content\/uploads\/2026\/04\/Supertramp-anuncia-dos-reediciones-clasicas-mas-en-vinilo.jpg\",\"datePublished\":\"2026-04-24T17:39:43+00:00\",\"dateModified\":\"2026-04-24T17:39:44+00:00\",\"breadcrumb\":{\"@id\":\"https:\/\/web.consaguirre.com.ar\/noticias\/supertramp-anuncia-dos-reediciones-clasicas-mas-en-vinilo\/#breadcrumb\"},\"inLanguage\":\"es-AR\",\"potentialAction\":[{\"@type\":\"ReadAction\",\"target\":[\"https:\/\/web.consaguirre.com.ar\/noticias\/supertramp-anuncia-dos-reediciones-clasicas-mas-en-vinilo\/\"]}]},{\"@type\":\"ImageObject\",\"inLanguage\":\"es-AR\",\"@id\":\"https:\/\/web.consaguirre.com.ar\/noticias\/supertramp-anuncia-dos-reediciones-clasicas-mas-en-vinilo\/#primaryimage\",\"url\":\"https:\/\/web.consaguirre.com.ar\/noticias\/wp-content\/uploads\/2026\/04\/Supertramp-anuncia-dos-reediciones-clasicas-mas-en-vinilo.jpg\",\"contentUrl\":\"https:\/\/web.consaguirre.com.ar\/noticias\/wp-content\/uploads\/2026\/04\/Supertramp-anuncia-dos-reediciones-clasicas-mas-en-vinilo.jpg\",\"width\":820,\"height\":820,\"caption\":\"Supertramp Free As A Bird\"},{\"@type\":\"BreadcrumbList\",\"@id\":\"https:\/\/web.consaguirre.com.ar\/noticias\/supertramp-anuncia-dos-reediciones-clasicas-mas-en-vinilo\/#breadcrumb\",\"itemListElement\":[{\"@type\":\"ListItem\",\"position\":1,\"name\":\"Inicio\",\"item\":\"https:\/\/web.consaguirre.com.ar\/noticias\/\"},{\"@type\":\"ListItem\",\"position\":2,\"name\":\"Supertramp anuncia dos reediciones cl\u00e1sicas m\u00e1s en vinilo\"}]},{\"@type\":\"WebSite\",\"@id\":\"https:\/\/web.consaguirre.com.ar\/noticias\/#website\",\"url\":\"https:\/\/web.consaguirre.com.ar\/noticias\/\",\"name\":\"Conservatorio de M\u00fasica Juli\u00e1n Aguirre\",\"description\":\"\",\"publisher\":{\"@id\":\"https:\/\/web.consaguirre.com.ar\/noticias\/#organization\"},\"potentialAction\":[{\"@type\":\"SearchAction\",\"target\":{\"@type\":\"EntryPoint\",\"urlTemplate\":\"https:\/\/web.consaguirre.com.ar\/noticias\/?s={search_term_string}\"},\"query-input\":\"required name=search_term_string\"}],\"inLanguage\":\"es-AR\"},{\"@type\":\"Organization\",\"@id\":\"https:\/\/web.consaguirre.com.ar\/noticias\/#organization\",\"name\":\"Conservatorio de M\u00fasica Juli\u00e1n Aguirre\",\"url\":\"https:\/\/web.consaguirre.com.ar\/noticias\/\",\"logo\":{\"@type\":\"ImageObject\",\"inLanguage\":\"es-AR\",\"@id\":\"https:\/\/web.consaguirre.com.ar\/noticias\/#\/schema\/logo\/image\/\",\"url\":\"https:\/\/web.consaguirre.com.ar\/noticias\/wp-content\/uploads\/2024\/08\/Banner-Aguirre-23.jpg\",\"contentUrl\":\"https:\/\/web.consaguirre.com.ar\/noticias\/wp-content\/uploads\/2024\/08\/Banner-Aguirre-23.jpg\",\"width\":1192,\"height\":600,\"caption\":\"Conservatorio de M\u00fasica Juli\u00e1n Aguirre\"},\"image\":{\"@id\":\"https:\/\/web.consaguirre.com.ar\/noticias\/#\/schema\/logo\/image\/\"}},{\"@type\":\"Person\",\"@id\":\"https:\/\/web.consaguirre.com.ar\/noticias\/#\/schema\/person\/6558b0cfedee7ddc5425602b237d5722\",\"name\":\"Javier Figueroa\",\"image\":{\"@type\":\"ImageObject\",\"inLanguage\":\"es-AR\",\"@id\":\"https:\/\/web.consaguirre.com.ar\/noticias\/#\/schema\/person\/image\/\",\"url\":\"https:\/\/web.consaguirre.com.ar\/noticias\/wp-content\/uploads\/2024\/08\/Consaguirre-scaled.jpg\",\"contentUrl\":\"https:\/\/web.consaguirre.com.ar\/noticias\/wp-content\/uploads\/2024\/08\/Consaguirre-scaled.jpg\",\"caption\":\"Javier Figueroa\"},\"description\":\"Me llamo Javier Figueroa y soy redactor para el sitio oficial del Conservatorio de M\u00fasica Juli\u00e1n Aguirre en Buenos Aires, consaguirre.com. Apasionado por la m\u00fasica y la escritura, me esfuerzo por destacar los talentos y eventos de nuestra prestigiosa instituci\u00f3n. Mi trayectoria se nutre de una profunda admiraci\u00f3n por los artistas, haciendo de cada art\u00edculo una celebraci\u00f3n de la creatividad y la cultura musical.\",\"sameAs\":[\"https:\/\/web.consaguirre.com.ar\/noticias\"]}]}<\/script>\n<!-- \/ Yoast SEO plugin. -->","yoast_head_json":{"title":"Supertramp anuncia dos reediciones cl\u00e1sicas m\u00e1s en vinilo","robots":{"index":"index","follow":"follow","max-snippet":"max-snippet:-1","max-image-preview":"max-image-preview:large","max-video-preview":"max-video-preview:-1"},"canonical":"https:\/\/web.consaguirre.com.ar\/noticias\/supertramp-anuncia-dos-reediciones-clasicas-mas-en-vinilo\/","og_locale":"es_ES","og_type":"article","og_title":"Supertramp anuncia dos reediciones cl\u00e1sicas m\u00e1s en vinilo","og_description":"Supertramp mantiene su serie de reediciones en vinilo con el anuncio de dos lanzamientos m\u00e1s: 1985 Hermano donde est\u00e1s atado y 1987 Libre como un","og_url":"https:\/\/web.consaguirre.com.ar\/noticias\/supertramp-anuncia-dos-reediciones-clasicas-mas-en-vinilo\/","og_site_name":"Conservatorio de M\u00fasica Juli\u00e1n Aguirre","article_published_time":"2026-04-24T17:39:43+00:00","article_modified_time":"2026-04-24T17:39:44+00:00","og_image":[{"width":820,"height":820,"url":"https:\/\/web.consaguirre.com.ar\/noticias\/wp-content\/uploads\/2026\/04\/Supertramp-anuncia-dos-reediciones-clasicas-mas-en-vinilo.jpg","type":"image\/jpeg"}],"author":"Javier Figueroa","twitter_card":"summary_large_image","twitter_misc":{"Escrito por":"Javier Figueroa","Tiempo de lectura":"2 minutos"},"schema":{"@context":"https:\/\/schema.org","@graph":[{"@type":"Article","@id":"https:\/\/web.consaguirre.com.ar\/noticias\/supertramp-anuncia-dos-reediciones-clasicas-mas-en-vinilo\/#article","isPartOf":{"@id":"https:\/\/web.consaguirre.com.ar\/noticias\/supertramp-anuncia-dos-reediciones-clasicas-mas-en-vinilo\/"},"author":{"name":"Javier Figueroa","@id":"https:\/\/web.consaguirre.com.ar\/noticias\/#\/schema\/person\/6558b0cfedee7ddc5425602b237d5722"},"headline":"Supertramp anuncia dos reediciones cl\u00e1sicas m\u00e1s en vinilo","datePublished":"2026-04-24T17:39:43+00:00","dateModified":"2026-04-24T17:39:44+00:00","mainEntityOfPage":{"@id":"https:\/\/web.consaguirre.com.ar\/noticias\/supertramp-anuncia-dos-reediciones-clasicas-mas-en-vinilo\/"},"wordCount":412,"publisher":{"@id":"https:\/\/web.consaguirre.com.ar\/noticias\/#organization"},"image":{"@id":"https:\/\/web.consaguirre.com.ar\/noticias\/supertramp-anuncia-dos-reediciones-clasicas-mas-en-vinilo\/#primaryimage"},"thumbnailUrl":"https:\/\/web.consaguirre.com.ar\/noticias\/wp-content\/uploads\/2026\/04\/Supertramp-anuncia-dos-reediciones-clasicas-mas-en-vinilo.jpg","keywords":["anuncia","cl\u00e1sicas","dos","m\u00e1s","reediciones","Supertramp","vinilo"],"articleSection":["El \u00faltimo"],"inLanguage":"es-AR"},{"@type":"WebPage","@id":"https:\/\/web.consaguirre.com.ar\/noticias\/supertramp-anuncia-dos-reediciones-clasicas-mas-en-vinilo\/","url":"https:\/\/web.consaguirre.com.ar\/noticias\/supertramp-anuncia-dos-reediciones-clasicas-mas-en-vinilo\/","name":"Supertramp anuncia dos reediciones cl\u00e1sicas m\u00e1s en vinilo","isPartOf":{"@id":"https:\/\/web.consaguirre.com.ar\/noticias\/#website"},"primaryImageOfPage":{"@id":"https:\/\/web.consaguirre.com.ar\/noticias\/supertramp-anuncia-dos-reediciones-clasicas-mas-en-vinilo\/#primaryimage"},"image":{"@id":"https:\/\/web.consaguirre.com.ar\/noticias\/supertramp-anuncia-dos-reediciones-clasicas-mas-en-vinilo\/#primaryimage"},"thumbnailUrl":"https:\/\/web.consaguirre.com.ar\/noticias\/wp-content\/uploads\/2026\/04\/Supertramp-anuncia-dos-reediciones-clasicas-mas-en-vinilo.jpg","datePublished":"2026-04-24T17:39:43+00:00","dateModified":"2026-04-24T17:39:44+00:00","breadcrumb":{"@id":"https:\/\/web.consaguirre.com.ar\/noticias\/supertramp-anuncia-dos-reediciones-clasicas-mas-en-vinilo\/#breadcrumb"},"inLanguage":"es-AR","potentialAction":[{"@type":"ReadAction","target":["https:\/\/web.consaguirre.com.ar\/noticias\/supertramp-anuncia-dos-reediciones-clasicas-mas-en-vinilo\/"]}]},{"@type":"ImageObject","inLanguage":"es-AR","@id":"https:\/\/web.consaguirre.com.ar\/noticias\/supertramp-anuncia-dos-reediciones-clasicas-mas-en-vinilo\/#primaryimage","url":"https:\/\/web.consaguirre.com.ar\/noticias\/wp-content\/uploads\/2026\/04\/Supertramp-anuncia-dos-reediciones-clasicas-mas-en-vinilo.jpg","contentUrl":"https:\/\/web.consaguirre.com.ar\/noticias\/wp-content\/uploads\/2026\/04\/Supertramp-anuncia-dos-reediciones-clasicas-mas-en-vinilo.jpg","width":820,"height":820,"caption":"Supertramp Free As A Bird"},{"@type":"BreadcrumbList","@id":"https:\/\/web.consaguirre.com.ar\/noticias\/supertramp-anuncia-dos-reediciones-clasicas-mas-en-vinilo\/#breadcrumb","itemListElement":[{"@type":"ListItem","position":1,"name":"Inicio","item":"https:\/\/web.consaguirre.com.ar\/noticias\/"},{"@type":"ListItem","position":2,"name":"Supertramp anuncia dos reediciones cl\u00e1sicas m\u00e1s en vinilo"}]},{"@type":"WebSite","@id":"https:\/\/web.consaguirre.com.ar\/noticias\/#website","url":"https:\/\/web.consaguirre.com.ar\/noticias\/","name":"Conservatorio de M\u00fasica Juli\u00e1n Aguirre","description":"","publisher":{"@id":"https:\/\/web.consaguirre.com.ar\/noticias\/#organization"},"potentialAction":[{"@type":"SearchAction","target":{"@type":"EntryPoint","urlTemplate":"https:\/\/web.consaguirre.com.ar\/noticias\/?s={search_term_string}"},"query-input":"required name=search_term_string"}],"inLanguage":"es-AR"},{"@type":"Organization","@id":"https:\/\/web.consaguirre.com.ar\/noticias\/#organization","name":"Conservatorio de M\u00fasica Juli\u00e1n Aguirre","url":"https:\/\/web.consaguirre.com.ar\/noticias\/","logo":{"@type":"ImageObject","inLanguage":"es-AR","@id":"https:\/\/web.consaguirre.com.ar\/noticias\/#\/schema\/logo\/image\/","url":"https:\/\/web.consaguirre.com.ar\/noticias\/wp-content\/uploads\/2024\/08\/Banner-Aguirre-23.jpg","contentUrl":"https:\/\/web.consaguirre.com.ar\/noticias\/wp-content\/uploads\/2024\/08\/Banner-Aguirre-23.jpg","width":1192,"height":600,"caption":"Conservatorio de M\u00fasica Juli\u00e1n Aguirre"},"image":{"@id":"https:\/\/web.consaguirre.com.ar\/noticias\/#\/schema\/logo\/image\/"}},{"@type":"Person","@id":"https:\/\/web.consaguirre.com.ar\/noticias\/#\/schema\/person\/6558b0cfedee7ddc5425602b237d5722","name":"Javier Figueroa","image":{"@type":"ImageObject","inLanguage":"es-AR","@id":"https:\/\/web.consaguirre.com.ar\/noticias\/#\/schema\/person\/image\/","url":"https:\/\/web.consaguirre.com.ar\/noticias\/wp-content\/uploads\/2024\/08\/Consaguirre-scaled.jpg","contentUrl":"https:\/\/web.consaguirre.com.ar\/noticias\/wp-content\/uploads\/2024\/08\/Consaguirre-scaled.jpg","caption":"Javier Figueroa"},"description":"Me llamo Javier Figueroa y soy redactor para el sitio oficial del Conservatorio de M\u00fasica Juli\u00e1n Aguirre en Buenos Aires, consaguirre.com. Apasionado por la m\u00fasica y la escritura, me esfuerzo por destacar los talentos y eventos de nuestra prestigiosa instituci\u00f3n. Mi trayectoria se nutre de una profunda admiraci\u00f3n por los artistas, haciendo de cada art\u00edculo una celebraci\u00f3n de la creatividad y la cultura musical.","sameAs":["https:\/\/web.consaguirre.com.ar\/noticias"]}]}},"_links":{"self":[{"href":"https:\/\/web.consaguirre.com.ar\/noticias\/wp-json\/wp\/v2\/posts\/5768"}],"collection":[{"href":"https:\/\/web.consaguirre.com.ar\/noticias\/wp-json\/wp\/v2\/posts"}],"about":[{"href":"https:\/\/web.consaguirre.com.ar\/noticias\/wp-json\/wp\/v2\/types\/post"}],"author":[{"embeddable":true,"href":"https:\/\/web.consaguirre.com.ar\/noticias\/wp-json\/wp\/v2\/users\/1"}],"replies":[{"embeddable":true,"href":"https:\/\/web.consaguirre.com.ar\/noticias\/wp-json\/wp\/v2\/comments?post=5768"}],"version-history":[{"count":1,"href":"https:\/\/web.consaguirre.com.ar\/noticias\/wp-json\/wp\/v2\/posts\/5768\/revisions"}],"predecessor-version":[{"id":5770,"href":"https:\/\/web.consaguirre.com.ar\/noticias\/wp-json\/wp\/v2\/posts\/5768\/revisions\/5770"}],"wp:featuredmedia":[{"embeddable":true,"href":"https:\/\/web.consaguirre.com.ar\/noticias\/wp-json\/wp\/v2\/media\/5769"}],"wp:attachment":[{"href":"https:\/\/web.consaguirre.com.ar\/noticias\/wp-json\/wp\/v2\/media?parent=5768"}],"wp:term":[{"taxonomy":"category","embeddable":true,"href":"https:\/\/web.consaguirre.com.ar\/noticias\/wp-json\/wp\/v2\/categories?post=5768"},{"taxonomy":"post_tag","embeddable":true,"href":"https:\/\/web.consaguirre.com.ar\/noticias\/wp-json\/wp\/v2\/tags?post=5768"}],"curies":[{"name":"wp","href":"https:\/\/api.w.org\/{rel}","templated":true}]}}