{"id":5765,"date":"2026-04-24T11:40:07","date_gmt":"2026-04-24T14:40:07","guid":{"rendered":"https:\/\/web.consaguirre.com.ar\/noticias\/decemberunderground-de-afi-recibira-una-reedicion-del-20-aniversario\/"},"modified":"2026-04-24T11:40:08","modified_gmt":"2026-04-24T14:40:08","slug":"decemberunderground-de-afi-recibira-una-reedicion-del-20-aniversario","status":"publish","type":"post","link":"https:\/\/web.consaguirre.com.ar\/noticias\/decemberunderground-de-afi-recibira-una-reedicion-del-20-aniversario\/","title":{"rendered":"&#8216;DECEMBERUNDERGROUND&#8217; de AFI recibir\u00e1 una reedici\u00f3n del 20 aniversario"},"content":{"rendered":"<p>En celebraci\u00f3n de los 20 a\u00f1os de AFI <em>DICIEMBREUNDERGROUND<\/em> \u00e1lbum, se lanzar\u00e1 una reedici\u00f3n especial de aniversario en dos versiones. La reedici\u00f3n, cuyo lanzamiento est\u00e1 previsto para finales de este a\u00f1o, ya est\u00e1 disponible para pedidos anticipados.<\/p>\n<p>La primera edici\u00f3n incluir\u00e1 una versi\u00f3n de 12&#8221; del \u00e1lbum, impresa en una sorprendente configuraci\u00f3n de color \u201cA Side B Side B&#038;W\u201d alojada en una cubierta plegable que recrea el LP original. La segunda edici\u00f3n incluir\u00e1 tanto el LP como un vinilo de 7 pulgadas con prensado blanco opaco. El vinilo incluir\u00e1 dos temas extra, el in\u00e9dito \u201cWolf and The Lamb (Demo)\u201d y el poco com\u00fan \u201cOn The Arrow\u201d.<\/p>\n<div align=\"center\">\n<div class=\"udiscover-store-container\">\n<div id='udiscover-store-two-product'><\/div>\n<\/div>\n<p>\/*<!(CDATA(*\/(function (){var scriptURL='https:\/\/sdks.shopifycdn.com\/buy-button\/latest\/buy-button-storefront.min.js';if(window.ShopifyBuy){if(window.ShopifyBuy.UI){ShopifyBuyInit();}else{loadScript();}}else{loadScript();}funci\u00f3n loadScript(){var script=document.createElement('script');script.async=true;script.src=scriptURL;(document.getElementsByTagName('head')(0)|| document.getElementsByTagName('body')(0)).appendChild(script);script.onload=ShopifyBuyInit;} function ShopifyBuyInit(){var cliente=ShopifyBuy.buildClient({dominio:'udiscover.myshopify.com',storefrontAccessToken: 'bdc89f347d2ce61c1feeb9f8c60b2b98',}); ShopifyBuy.UI.onReady(cliente).luego(funci\u00f3n(ui){ ui.createComponent('productSet',{ id:(7782655983693,7782653460557), nodo:document.getElementById('udiscover-store-two-product'), moneyFormat:'%24%7B%7Bamount%7D%7D', opciones:{&quot;producto&quot;:{&quot;marco flotante&quot;:FALSO,&quot;eventos&quot;:{antes deInit:funci\u00f3n(producto){Objeto.defineProperty(producto,&quot;es bot\u00f3n&quot;,{get:function(){return true;}});Object.defineProperty(producto,&quot;opciones&quot;{get:function(){return this.config(this.typeKey);}});var actualOnButtonClick=product.onButtonClick;product.onButtonClick=function(event,target) {event.stopImmediatePropagation();this.options.buttonDestination=&quot;modal&quot;;actualOnButtonClick.call(este,evento,destino);};}},\n&quot;bot\u00f3nDestino&quot;:&quot;modal&quot;,&quot;contenido&quot;:{&quot;opciones&quot;:verdadero},&quot;texto&quot;:{&quot;bot\u00f3n&quot;:&quot;Ordene ahora&quot;,&quot;Agotado&quot;:&quot;Lo sentimos, esto est\u00e1 agotado.&quot;}},&quot;conjunto de productos&quot;:{&quot;marco flotante&quot;:FALSO},&quot;modalProducto&quot;:{&quot;marco flotante&quot;:FALSO,&quot;contenido&quot;:{&quot;imagen&quot;:FALSO,&quot;imgConCarrusel&quot;:verdadero,&quot;bot\u00f3n&quot;:FALSO,&quot;bot\u00f3nConCantidad&quot;:verdadero}},&quot;modal&quot;:{&quot;marco flotante&quot;:FALSO},&quot;opci\u00f3n&quot;:{&quot;marco flotante&quot;:FALSO},&quot;carro&quot;:{&quot;marco flotante&quot;:FALSO},&quot;palanca&quot;:{&quot;marco flotante&quot;:FALSO,&quot;contenido&quot;:{&quot;icono&quot;:FALSO}},&quot;art\u00edculo de l\u00ednea&quot;:{&quot;marco flotante&quot;:FALSO}},}); }); } })(); \/*))>*\/ <\/div>\n<\/p>\n<p>\u201c<em>DICIEMBREUNDERGROUND<\/em> &#8220;Es un tiempo y un lugar&#8221;, comparti\u00f3 el l\u00edder de AFI, Davey Havok, sobre la inspiraci\u00f3n del t\u00edtulo del \u00e1lbum. &#8220;Es donde el fr\u00edo puede agruparse en la oscuridad y el aislamiento. Es una comunidad de aquellos desapegados y desilusionados que huyen para amar, como el invierno, en los rincones m\u00e1s profundos del resto del mundo\u201d.<\/p>\n<div class=\"uD-YT-container\"><img decoding=\"async\" src=\"https:\/\/web.consaguirre.com.ar\/noticias\/wp-content\/uploads\/2026\/04\/1777041607_414_DECEMBERUNDERGROUND-de-AFI-recibira-una-reedicion-del-20-aniversario.jpg\" alt=\"V\u00eddeo de YouTube\"><br \/>Haga clic para cargar v\u00eddeo<\/div>\n<p><em>DICIEMBREUNDERGROUND<\/em>lanzado originalmente en 2006, marca el s\u00e9ptimo \u00e1lbum de AFI. Incluye el sencillo principal &#8220;Miss Murder&#8221;, &#8220;Love Like Winter&#8221; y &#8220;The Missing Frame&#8221;. \u201cMiss Murder\u201d es el sencillo de mayor \u00e9xito comercial de la banda hasta la fecha, alcanzando el puesto 24 en el Billboard Hot 100 y encabezando la lista de Canciones Alternativas. El \u00e1lbum debut\u00f3 en el n\u00famero 1 del Billboard 200 y est\u00e1 certificado como Platino por la RIAA.<\/p>\n<p>Desde <em>DICIEMBREUNDERGROUND<\/em>AFI ha lanzado cinco \u00e1lbumes m\u00e1s, siendo el \u00faltimo el de inspiraci\u00f3n g\u00f3tica de 2025. <em>La plata sangra el sol negro&#8230;<\/em> La banda se encuentra actualmente de gira con el invitado especial Choir Boy. La caminata, que es su segunda etapa en Am\u00e9rica del Norte despu\u00e9s de su gira de oto\u00f1o, comenz\u00f3 el 15 de abril en Seattle. Pasar\u00e1 por ciudades como Portland, Vancouver, Las Vegas y Omaha antes de finalizar el 24 de octubre en Fort Worth, TX. La banda tambi\u00e9n se dirigir\u00e1 al Reino Unido y Europa este agosto para shows selectos y fechas de festivales.<\/p>\n<p><b>Comprar AFI <em>diciembrebajo tierra<\/em> en vinilo aqu\u00ed.<\/b><\/p>\n<p><script async src=\"\/\/www.instagram.com\/embed.js\"><\/script><\/p>\n","protected":false},"excerpt":{"rendered":"<p>En celebraci\u00f3n de los 20 a\u00f1os de AFI DICIEMBREUNDERGROUND \u00e1lbum, se lanzar\u00e1 una reedici\u00f3n especial de aniversario en dos versiones. La reedici\u00f3n, cuyo lanzamiento est\u00e1<\/p>\n","protected":false},"author":1,"featured_media":5766,"comment_status":"closed","ping_status":"","sticky":false,"template":"","format":"standard","meta":{"footnotes":""},"categories":[50],"tags":[94,98,4182,10,306,117,191],"class_list":["post-5765","post","type-post","status-publish","format-standard","has-post-thumbnail","hentry","category-el-ultimo","tag-afi","tag-aniversario","tag-decemberunderground","tag-del","tag-recibira","tag-reedicion","tag-una","generate-columns","tablet-grid-50","mobile-grid-100","grid-parent","grid-50"],"yoast_head":"<!-- This site is optimized with the Yoast SEO plugin v23.3 - https:\/\/yoast.com\/wordpress\/plugins\/seo\/ -->\n<title>&#039;DECEMBERUNDERGROUND&#039; de AFI recibir\u00e1 una reedici\u00f3n del 20 aniversario<\/title>\n<meta name=\"robots\" content=\"index, follow, max-snippet:-1, max-image-preview:large, max-video-preview:-1\" \/>\n<link rel=\"canonical\" href=\"https:\/\/web.consaguirre.com.ar\/noticias\/decemberunderground-de-afi-recibira-una-reedicion-del-20-aniversario\/\" \/>\n<meta property=\"og:locale\" content=\"es_ES\" \/>\n<meta property=\"og:type\" content=\"article\" \/>\n<meta property=\"og:title\" content=\"&#039;DECEMBERUNDERGROUND&#039; de AFI recibir\u00e1 una reedici\u00f3n del 20 aniversario\" \/>\n<meta property=\"og:description\" content=\"En celebraci\u00f3n de los 20 a\u00f1os de AFI DICIEMBREUNDERGROUND \u00e1lbum, se lanzar\u00e1 una reedici\u00f3n especial de aniversario en dos versiones. La reedici\u00f3n, cuyo lanzamiento est\u00e1\" \/>\n<meta property=\"og:url\" content=\"https:\/\/web.consaguirre.com.ar\/noticias\/decemberunderground-de-afi-recibira-una-reedicion-del-20-aniversario\/\" \/>\n<meta property=\"og:site_name\" content=\"Conservatorio de M\u00fasica Juli\u00e1n Aguirre\" \/>\n<meta property=\"article:published_time\" content=\"2026-04-24T14:40:07+00:00\" \/>\n<meta property=\"article:modified_time\" content=\"2026-04-24T14:40:08+00:00\" \/>\n<meta property=\"og:image\" content=\"https:\/\/web.consaguirre.com.ar\/noticias\/wp-content\/uploads\/2026\/04\/DECEMBERUNDERGROUND-de-AFI-recibira-una-reedicion-del-20-aniversario.jpg\" \/>\n\t<meta property=\"og:image:width\" content=\"820\" \/>\n\t<meta property=\"og:image:height\" content=\"820\" \/>\n\t<meta property=\"og:image:type\" content=\"image\/jpeg\" \/>\n<meta name=\"author\" content=\"Javier Figueroa\" \/>\n<meta name=\"twitter:card\" content=\"summary_large_image\" \/>\n<meta name=\"twitter:label1\" content=\"Escrito por\" \/>\n\t<meta name=\"twitter:data1\" content=\"Javier Figueroa\" \/>\n\t<meta name=\"twitter:label2\" content=\"Tiempo de lectura\" \/>\n\t<meta name=\"twitter:data2\" content=\"2 minutos\" \/>\n<script type=\"application\/ld+json\" class=\"yoast-schema-graph\">{\"@context\":\"https:\/\/schema.org\",\"@graph\":[{\"@type\":\"Article\",\"@id\":\"https:\/\/web.consaguirre.com.ar\/noticias\/decemberunderground-de-afi-recibira-una-reedicion-del-20-aniversario\/#article\",\"isPartOf\":{\"@id\":\"https:\/\/web.consaguirre.com.ar\/noticias\/decemberunderground-de-afi-recibira-una-reedicion-del-20-aniversario\/\"},\"author\":{\"name\":\"Javier Figueroa\",\"@id\":\"https:\/\/web.consaguirre.com.ar\/noticias\/#\/schema\/person\/6558b0cfedee7ddc5425602b237d5722\"},\"headline\":\"&#8216;DECEMBERUNDERGROUND&#8217; de AFI recibir\u00e1 una reedici\u00f3n del 20 aniversario\",\"datePublished\":\"2026-04-24T14:40:07+00:00\",\"dateModified\":\"2026-04-24T14:40:08+00:00\",\"mainEntityOfPage\":{\"@id\":\"https:\/\/web.consaguirre.com.ar\/noticias\/decemberunderground-de-afi-recibira-una-reedicion-del-20-aniversario\/\"},\"wordCount\":371,\"publisher\":{\"@id\":\"https:\/\/web.consaguirre.com.ar\/noticias\/#organization\"},\"image\":{\"@id\":\"https:\/\/web.consaguirre.com.ar\/noticias\/decemberunderground-de-afi-recibira-una-reedicion-del-20-aniversario\/#primaryimage\"},\"thumbnailUrl\":\"https:\/\/web.consaguirre.com.ar\/noticias\/wp-content\/uploads\/2026\/04\/DECEMBERUNDERGROUND-de-AFI-recibira-una-reedicion-del-20-aniversario.jpg\",\"keywords\":[\"AFI\",\"aniversario\",\"DECEMBERUNDERGROUND\",\"del\",\"recibir\u00e1\",\"reedici\u00f3n\",\"una\"],\"articleSection\":[\"El \u00faltimo\"],\"inLanguage\":\"es-AR\"},{\"@type\":\"WebPage\",\"@id\":\"https:\/\/web.consaguirre.com.ar\/noticias\/decemberunderground-de-afi-recibira-una-reedicion-del-20-aniversario\/\",\"url\":\"https:\/\/web.consaguirre.com.ar\/noticias\/decemberunderground-de-afi-recibira-una-reedicion-del-20-aniversario\/\",\"name\":\"'DECEMBERUNDERGROUND' de AFI recibir\u00e1 una reedici\u00f3n del 20 aniversario\",\"isPartOf\":{\"@id\":\"https:\/\/web.consaguirre.com.ar\/noticias\/#website\"},\"primaryImageOfPage\":{\"@id\":\"https:\/\/web.consaguirre.com.ar\/noticias\/decemberunderground-de-afi-recibira-una-reedicion-del-20-aniversario\/#primaryimage\"},\"image\":{\"@id\":\"https:\/\/web.consaguirre.com.ar\/noticias\/decemberunderground-de-afi-recibira-una-reedicion-del-20-aniversario\/#primaryimage\"},\"thumbnailUrl\":\"https:\/\/web.consaguirre.com.ar\/noticias\/wp-content\/uploads\/2026\/04\/DECEMBERUNDERGROUND-de-AFI-recibira-una-reedicion-del-20-aniversario.jpg\",\"datePublished\":\"2026-04-24T14:40:07+00:00\",\"dateModified\":\"2026-04-24T14:40:08+00:00\",\"breadcrumb\":{\"@id\":\"https:\/\/web.consaguirre.com.ar\/noticias\/decemberunderground-de-afi-recibira-una-reedicion-del-20-aniversario\/#breadcrumb\"},\"inLanguage\":\"es-AR\",\"potentialAction\":[{\"@type\":\"ReadAction\",\"target\":[\"https:\/\/web.consaguirre.com.ar\/noticias\/decemberunderground-de-afi-recibira-una-reedicion-del-20-aniversario\/\"]}]},{\"@type\":\"ImageObject\",\"inLanguage\":\"es-AR\",\"@id\":\"https:\/\/web.consaguirre.com.ar\/noticias\/decemberunderground-de-afi-recibira-una-reedicion-del-20-aniversario\/#primaryimage\",\"url\":\"https:\/\/web.consaguirre.com.ar\/noticias\/wp-content\/uploads\/2026\/04\/DECEMBERUNDERGROUND-de-AFI-recibira-una-reedicion-del-20-aniversario.jpg\",\"contentUrl\":\"https:\/\/web.consaguirre.com.ar\/noticias\/wp-content\/uploads\/2026\/04\/DECEMBERUNDERGROUND-de-AFI-recibira-una-reedicion-del-20-aniversario.jpg\",\"width\":820,\"height\":820,\"caption\":\"'DECEMBERUNDERGROUND' de AFI recibir\u00e1 una reedici\u00f3n del 20 aniversario\"},{\"@type\":\"BreadcrumbList\",\"@id\":\"https:\/\/web.consaguirre.com.ar\/noticias\/decemberunderground-de-afi-recibira-una-reedicion-del-20-aniversario\/#breadcrumb\",\"itemListElement\":[{\"@type\":\"ListItem\",\"position\":1,\"name\":\"Inicio\",\"item\":\"https:\/\/web.consaguirre.com.ar\/noticias\/\"},{\"@type\":\"ListItem\",\"position\":2,\"name\":\"&#8216;DECEMBERUNDERGROUND&#8217; de AFI recibir\u00e1 una reedici\u00f3n del 20 aniversario\"}]},{\"@type\":\"WebSite\",\"@id\":\"https:\/\/web.consaguirre.com.ar\/noticias\/#website\",\"url\":\"https:\/\/web.consaguirre.com.ar\/noticias\/\",\"name\":\"Conservatorio de M\u00fasica Juli\u00e1n Aguirre\",\"description\":\"\",\"publisher\":{\"@id\":\"https:\/\/web.consaguirre.com.ar\/noticias\/#organization\"},\"potentialAction\":[{\"@type\":\"SearchAction\",\"target\":{\"@type\":\"EntryPoint\",\"urlTemplate\":\"https:\/\/web.consaguirre.com.ar\/noticias\/?s={search_term_string}\"},\"query-input\":\"required name=search_term_string\"}],\"inLanguage\":\"es-AR\"},{\"@type\":\"Organization\",\"@id\":\"https:\/\/web.consaguirre.com.ar\/noticias\/#organization\",\"name\":\"Conservatorio de M\u00fasica Juli\u00e1n Aguirre\",\"url\":\"https:\/\/web.consaguirre.com.ar\/noticias\/\",\"logo\":{\"@type\":\"ImageObject\",\"inLanguage\":\"es-AR\",\"@id\":\"https:\/\/web.consaguirre.com.ar\/noticias\/#\/schema\/logo\/image\/\",\"url\":\"https:\/\/web.consaguirre.com.ar\/noticias\/wp-content\/uploads\/2024\/08\/Banner-Aguirre-23.jpg\",\"contentUrl\":\"https:\/\/web.consaguirre.com.ar\/noticias\/wp-content\/uploads\/2024\/08\/Banner-Aguirre-23.jpg\",\"width\":1192,\"height\":600,\"caption\":\"Conservatorio de M\u00fasica Juli\u00e1n Aguirre\"},\"image\":{\"@id\":\"https:\/\/web.consaguirre.com.ar\/noticias\/#\/schema\/logo\/image\/\"}},{\"@type\":\"Person\",\"@id\":\"https:\/\/web.consaguirre.com.ar\/noticias\/#\/schema\/person\/6558b0cfedee7ddc5425602b237d5722\",\"name\":\"Javier Figueroa\",\"image\":{\"@type\":\"ImageObject\",\"inLanguage\":\"es-AR\",\"@id\":\"https:\/\/web.consaguirre.com.ar\/noticias\/#\/schema\/person\/image\/\",\"url\":\"https:\/\/web.consaguirre.com.ar\/noticias\/wp-content\/uploads\/2024\/08\/Consaguirre-scaled.jpg\",\"contentUrl\":\"https:\/\/web.consaguirre.com.ar\/noticias\/wp-content\/uploads\/2024\/08\/Consaguirre-scaled.jpg\",\"caption\":\"Javier Figueroa\"},\"description\":\"Me llamo Javier Figueroa y soy redactor para el sitio oficial del Conservatorio de M\u00fasica Juli\u00e1n Aguirre en Buenos Aires, consaguirre.com. Apasionado por la m\u00fasica y la escritura, me esfuerzo por destacar los talentos y eventos de nuestra prestigiosa instituci\u00f3n. Mi trayectoria se nutre de una profunda admiraci\u00f3n por los artistas, haciendo de cada art\u00edculo una celebraci\u00f3n de la creatividad y la cultura musical.\",\"sameAs\":[\"https:\/\/web.consaguirre.com.ar\/noticias\"]}]}<\/script>\n<!-- \/ Yoast SEO plugin. -->","yoast_head_json":{"title":"'DECEMBERUNDERGROUND' de AFI recibir\u00e1 una reedici\u00f3n del 20 aniversario","robots":{"index":"index","follow":"follow","max-snippet":"max-snippet:-1","max-image-preview":"max-image-preview:large","max-video-preview":"max-video-preview:-1"},"canonical":"https:\/\/web.consaguirre.com.ar\/noticias\/decemberunderground-de-afi-recibira-una-reedicion-del-20-aniversario\/","og_locale":"es_ES","og_type":"article","og_title":"'DECEMBERUNDERGROUND' de AFI recibir\u00e1 una reedici\u00f3n del 20 aniversario","og_description":"En celebraci\u00f3n de los 20 a\u00f1os de AFI DICIEMBREUNDERGROUND \u00e1lbum, se lanzar\u00e1 una reedici\u00f3n especial de aniversario en dos versiones. La reedici\u00f3n, cuyo lanzamiento est\u00e1","og_url":"https:\/\/web.consaguirre.com.ar\/noticias\/decemberunderground-de-afi-recibira-una-reedicion-del-20-aniversario\/","og_site_name":"Conservatorio de M\u00fasica Juli\u00e1n Aguirre","article_published_time":"2026-04-24T14:40:07+00:00","article_modified_time":"2026-04-24T14:40:08+00:00","og_image":[{"width":820,"height":820,"url":"https:\/\/web.consaguirre.com.ar\/noticias\/wp-content\/uploads\/2026\/04\/DECEMBERUNDERGROUND-de-AFI-recibira-una-reedicion-del-20-aniversario.jpg","type":"image\/jpeg"}],"author":"Javier Figueroa","twitter_card":"summary_large_image","twitter_misc":{"Escrito por":"Javier Figueroa","Tiempo de lectura":"2 minutos"},"schema":{"@context":"https:\/\/schema.org","@graph":[{"@type":"Article","@id":"https:\/\/web.consaguirre.com.ar\/noticias\/decemberunderground-de-afi-recibira-una-reedicion-del-20-aniversario\/#article","isPartOf":{"@id":"https:\/\/web.consaguirre.com.ar\/noticias\/decemberunderground-de-afi-recibira-una-reedicion-del-20-aniversario\/"},"author":{"name":"Javier Figueroa","@id":"https:\/\/web.consaguirre.com.ar\/noticias\/#\/schema\/person\/6558b0cfedee7ddc5425602b237d5722"},"headline":"&#8216;DECEMBERUNDERGROUND&#8217; de AFI recibir\u00e1 una reedici\u00f3n del 20 aniversario","datePublished":"2026-04-24T14:40:07+00:00","dateModified":"2026-04-24T14:40:08+00:00","mainEntityOfPage":{"@id":"https:\/\/web.consaguirre.com.ar\/noticias\/decemberunderground-de-afi-recibira-una-reedicion-del-20-aniversario\/"},"wordCount":371,"publisher":{"@id":"https:\/\/web.consaguirre.com.ar\/noticias\/#organization"},"image":{"@id":"https:\/\/web.consaguirre.com.ar\/noticias\/decemberunderground-de-afi-recibira-una-reedicion-del-20-aniversario\/#primaryimage"},"thumbnailUrl":"https:\/\/web.consaguirre.com.ar\/noticias\/wp-content\/uploads\/2026\/04\/DECEMBERUNDERGROUND-de-AFI-recibira-una-reedicion-del-20-aniversario.jpg","keywords":["AFI","aniversario","DECEMBERUNDERGROUND","del","recibir\u00e1","reedici\u00f3n","una"],"articleSection":["El \u00faltimo"],"inLanguage":"es-AR"},{"@type":"WebPage","@id":"https:\/\/web.consaguirre.com.ar\/noticias\/decemberunderground-de-afi-recibira-una-reedicion-del-20-aniversario\/","url":"https:\/\/web.consaguirre.com.ar\/noticias\/decemberunderground-de-afi-recibira-una-reedicion-del-20-aniversario\/","name":"'DECEMBERUNDERGROUND' de AFI recibir\u00e1 una reedici\u00f3n del 20 aniversario","isPartOf":{"@id":"https:\/\/web.consaguirre.com.ar\/noticias\/#website"},"primaryImageOfPage":{"@id":"https:\/\/web.consaguirre.com.ar\/noticias\/decemberunderground-de-afi-recibira-una-reedicion-del-20-aniversario\/#primaryimage"},"image":{"@id":"https:\/\/web.consaguirre.com.ar\/noticias\/decemberunderground-de-afi-recibira-una-reedicion-del-20-aniversario\/#primaryimage"},"thumbnailUrl":"https:\/\/web.consaguirre.com.ar\/noticias\/wp-content\/uploads\/2026\/04\/DECEMBERUNDERGROUND-de-AFI-recibira-una-reedicion-del-20-aniversario.jpg","datePublished":"2026-04-24T14:40:07+00:00","dateModified":"2026-04-24T14:40:08+00:00","breadcrumb":{"@id":"https:\/\/web.consaguirre.com.ar\/noticias\/decemberunderground-de-afi-recibira-una-reedicion-del-20-aniversario\/#breadcrumb"},"inLanguage":"es-AR","potentialAction":[{"@type":"ReadAction","target":["https:\/\/web.consaguirre.com.ar\/noticias\/decemberunderground-de-afi-recibira-una-reedicion-del-20-aniversario\/"]}]},{"@type":"ImageObject","inLanguage":"es-AR","@id":"https:\/\/web.consaguirre.com.ar\/noticias\/decemberunderground-de-afi-recibira-una-reedicion-del-20-aniversario\/#primaryimage","url":"https:\/\/web.consaguirre.com.ar\/noticias\/wp-content\/uploads\/2026\/04\/DECEMBERUNDERGROUND-de-AFI-recibira-una-reedicion-del-20-aniversario.jpg","contentUrl":"https:\/\/web.consaguirre.com.ar\/noticias\/wp-content\/uploads\/2026\/04\/DECEMBERUNDERGROUND-de-AFI-recibira-una-reedicion-del-20-aniversario.jpg","width":820,"height":820,"caption":"'DECEMBERUNDERGROUND' de AFI recibir\u00e1 una reedici\u00f3n del 20 aniversario"},{"@type":"BreadcrumbList","@id":"https:\/\/web.consaguirre.com.ar\/noticias\/decemberunderground-de-afi-recibira-una-reedicion-del-20-aniversario\/#breadcrumb","itemListElement":[{"@type":"ListItem","position":1,"name":"Inicio","item":"https:\/\/web.consaguirre.com.ar\/noticias\/"},{"@type":"ListItem","position":2,"name":"&#8216;DECEMBERUNDERGROUND&#8217; de AFI recibir\u00e1 una reedici\u00f3n del 20 aniversario"}]},{"@type":"WebSite","@id":"https:\/\/web.consaguirre.com.ar\/noticias\/#website","url":"https:\/\/web.consaguirre.com.ar\/noticias\/","name":"Conservatorio de M\u00fasica Juli\u00e1n Aguirre","description":"","publisher":{"@id":"https:\/\/web.consaguirre.com.ar\/noticias\/#organization"},"potentialAction":[{"@type":"SearchAction","target":{"@type":"EntryPoint","urlTemplate":"https:\/\/web.consaguirre.com.ar\/noticias\/?s={search_term_string}"},"query-input":"required name=search_term_string"}],"inLanguage":"es-AR"},{"@type":"Organization","@id":"https:\/\/web.consaguirre.com.ar\/noticias\/#organization","name":"Conservatorio de M\u00fasica Juli\u00e1n Aguirre","url":"https:\/\/web.consaguirre.com.ar\/noticias\/","logo":{"@type":"ImageObject","inLanguage":"es-AR","@id":"https:\/\/web.consaguirre.com.ar\/noticias\/#\/schema\/logo\/image\/","url":"https:\/\/web.consaguirre.com.ar\/noticias\/wp-content\/uploads\/2024\/08\/Banner-Aguirre-23.jpg","contentUrl":"https:\/\/web.consaguirre.com.ar\/noticias\/wp-content\/uploads\/2024\/08\/Banner-Aguirre-23.jpg","width":1192,"height":600,"caption":"Conservatorio de M\u00fasica Juli\u00e1n Aguirre"},"image":{"@id":"https:\/\/web.consaguirre.com.ar\/noticias\/#\/schema\/logo\/image\/"}},{"@type":"Person","@id":"https:\/\/web.consaguirre.com.ar\/noticias\/#\/schema\/person\/6558b0cfedee7ddc5425602b237d5722","name":"Javier Figueroa","image":{"@type":"ImageObject","inLanguage":"es-AR","@id":"https:\/\/web.consaguirre.com.ar\/noticias\/#\/schema\/person\/image\/","url":"https:\/\/web.consaguirre.com.ar\/noticias\/wp-content\/uploads\/2024\/08\/Consaguirre-scaled.jpg","contentUrl":"https:\/\/web.consaguirre.com.ar\/noticias\/wp-content\/uploads\/2024\/08\/Consaguirre-scaled.jpg","caption":"Javier Figueroa"},"description":"Me llamo Javier Figueroa y soy redactor para el sitio oficial del Conservatorio de M\u00fasica Juli\u00e1n Aguirre en Buenos Aires, consaguirre.com. Apasionado por la m\u00fasica y la escritura, me esfuerzo por destacar los talentos y eventos de nuestra prestigiosa instituci\u00f3n. Mi trayectoria se nutre de una profunda admiraci\u00f3n por los artistas, haciendo de cada art\u00edculo una celebraci\u00f3n de la creatividad y la cultura musical.","sameAs":["https:\/\/web.consaguirre.com.ar\/noticias"]}]}},"_links":{"self":[{"href":"https:\/\/web.consaguirre.com.ar\/noticias\/wp-json\/wp\/v2\/posts\/5765"}],"collection":[{"href":"https:\/\/web.consaguirre.com.ar\/noticias\/wp-json\/wp\/v2\/posts"}],"about":[{"href":"https:\/\/web.consaguirre.com.ar\/noticias\/wp-json\/wp\/v2\/types\/post"}],"author":[{"embeddable":true,"href":"https:\/\/web.consaguirre.com.ar\/noticias\/wp-json\/wp\/v2\/users\/1"}],"replies":[{"embeddable":true,"href":"https:\/\/web.consaguirre.com.ar\/noticias\/wp-json\/wp\/v2\/comments?post=5765"}],"version-history":[{"count":1,"href":"https:\/\/web.consaguirre.com.ar\/noticias\/wp-json\/wp\/v2\/posts\/5765\/revisions"}],"predecessor-version":[{"id":5767,"href":"https:\/\/web.consaguirre.com.ar\/noticias\/wp-json\/wp\/v2\/posts\/5765\/revisions\/5767"}],"wp:featuredmedia":[{"embeddable":true,"href":"https:\/\/web.consaguirre.com.ar\/noticias\/wp-json\/wp\/v2\/media\/5766"}],"wp:attachment":[{"href":"https:\/\/web.consaguirre.com.ar\/noticias\/wp-json\/wp\/v2\/media?parent=5765"}],"wp:term":[{"taxonomy":"category","embeddable":true,"href":"https:\/\/web.consaguirre.com.ar\/noticias\/wp-json\/wp\/v2\/categories?post=5765"},{"taxonomy":"post_tag","embeddable":true,"href":"https:\/\/web.consaguirre.com.ar\/noticias\/wp-json\/wp\/v2\/tags?post=5765"}],"curies":[{"name":"wp","href":"https:\/\/api.w.org\/{rel}","templated":true}]}}