{"id":5759,"date":"2026-04-23T05:38:22","date_gmt":"2026-04-23T08:38:22","guid":{"rendered":"https:\/\/web.consaguirre.com.ar\/noticias\/dave-mason-cofundador-de-traffic-muere-a-los-79-anos\/"},"modified":"2026-04-23T05:38:23","modified_gmt":"2026-04-23T08:38:23","slug":"dave-mason-cofundador-de-traffic-muere-a-los-79-anos","status":"publish","type":"post","link":"https:\/\/web.consaguirre.com.ar\/noticias\/dave-mason-cofundador-de-traffic-muere-a-los-79-anos\/","title":{"rendered":"Dave Mason, cofundador de Traffic, muere a los 79 a\u00f1os"},"content":{"rendered":"<p>Dave Mason, el c\u00e9lebre vocalista y guitarrista conocido por su trabajo con Traffic y como solista, falleci\u00f3. Ten\u00eda 79 a\u00f1os.<\/p>\n<p>\u201cEn nombre de su familia, con profunda tristeza compartimos la noticia del fallecimiento de Dave Mason\u201d, dijo un comunicado de la familia compartido con <em>Piedra rodante<\/em>. &#8220;Dave Mason vivi\u00f3 una vida extraordinaria dedicada a la m\u00fasica y a las personas que amaba&#8221;.<\/p>\n<p>Mason, quien cofund\u00f3 Traffic y se uni\u00f3 al Sal\u00f3n de la Fama del Rock and Roll como miembro del grupo, fue el escritor detr\u00e1s de \u201cFeelin&#8217; Alright?\u201d del grupo de 1968, que luego se convirti\u00f3 en un gran \u00e9xito de Joe Cocker. Mason anot\u00f3 su propio \u00e9xito en solitario en Estados Unidos en 1977 con &#8220;We Just Disagree&#8221;, coescrito con Jim Krueger.<\/p>\n<p>Cuando era adolescente, Mason aspiraba a unirse a la Royal Air Force, pero r\u00e1pidamente descubri\u00f3 su inclinaci\u00f3n por tocar la guitarra y cantar. A\u00fan en su adolescencia, se uni\u00f3 a su primera banda, The Jaguars, antes de lanzar The Hellions con el baterista Jim Capaldi. Mason y Capaldi crearon otra banda, The Deep Feeling, antes de reclutar a Steve Winwood y Chris Wood para unirse a un grupo al que llamar\u00edan Traffic.<\/p>\n<div class=\"uD-YT-container\"><img decoding=\"async\" src=\"https:\/\/web.consaguirre.com.ar\/noticias\/wp-content\/uploads\/2026\/04\/1776933502_772_Dave-Mason-cofundador-de-Traffic-muere-a-los-79-anos.jpg\" alt=\"V\u00eddeo de YouTube\"><br \/>Haga clic para cargar v\u00eddeo<\/div>\n<p>Traffic encontr\u00f3 un \u00e9xito inmediato con su excelente debut en 1967, <em>se\u00f1or fantas\u00eda<\/em>. \u201cHole in My Shoe\u201d, que fue escrita por Mason, subi\u00f3 hasta el puesto n\u00famero 2 en las listas del Reino Unido. Mason dej\u00f3 el grupo despu\u00e9s de la llegada del \u00e1lbum debut debido a desacuerdos art\u00edsticos y r\u00e1pidamente escribi\u00f3 una canci\u00f3n en solitario, &#8220;Little Woman&#8221;. La cara B del sencillo, &#8220;Last Exit&#8221;, finalmente lleg\u00f3 al tercer LP de Traffic.<\/p>\n<p>Mason tuvo algunos coqueteos adicionales con el grupo, reuni\u00e9ndose con ellos mientras grababan su segundo \u00e1lbum. Despu\u00e9s de ese per\u00edodo, se mud\u00f3 a los Estados Unidos y sigui\u00f3 su carrera en solitario, aunque ocasionalmente volvi\u00f3 a unirse a la banda para su primera gira por los Estados Unidos.<\/p>\n<p>Aparte de su c\u00e9lebre trabajo con Traffic, Mason ha acumulado un vasto cat\u00e1logo de lanzamientos en solitario a lo largo de su carrera, comenzando con su primer \u00e1lbum con su propio nombre, <em>solos juntos<\/em>en 1970. Su lista de cr\u00e9ditos como colaborador incluye \u00edconos como Jimi Hendrix (tocando la guitarra ac\u00fastica en \u201cAll Along The Watchtower\u201d), George Harrison, Paul McCartney, Stevie Wonder, Michael Jackson, Graham Nash, Stephen Stills, Rita Coolidge, Delaney &#038; Bonnie, Leon Russell, Ronnie Wood y Eric Clapton.<\/p>\n<p>El oto\u00f1o pasado, Mason anunci\u00f3 su retiro de las giras, citando problemas de salud en curso como la raz\u00f3n detr\u00e1s de su decisi\u00f3n. \u201cSe retira de la gira como un hombre feliz con un coraz\u00f3n lleno de gratitud hacia los miembros de su banda, sus colegas de negocios y especialmente sus legiones de fans que hicieron de su vida una vida de profunda satisfacci\u00f3n y plenitud\u201d, se lee en el anuncio. \u201cLa inmensidad de su alegr\u00eda permanece s\u00f3lida cuando se aleja del escenario\u201d.<\/p>\n","protected":false},"excerpt":{"rendered":"<p>Dave Mason, el c\u00e9lebre vocalista y guitarrista conocido por su trabajo con Traffic y como solista, falleci\u00f3. Ten\u00eda 79 a\u00f1os. \u201cEn nombre de su familia,<\/p>\n","protected":false},"author":1,"featured_media":5760,"comment_status":"closed","ping_status":"","sticky":false,"template":"","format":"standard","meta":{"footnotes":""},"categories":[50],"tags":[115,1559,3415,180,4176,564,4180],"class_list":["post-5759","post","type-post","status-publish","format-standard","has-post-thumbnail","hentry","category-el-ultimo","tag-anos","tag-cofundador","tag-dave","tag-los","tag-mason","tag-muere","tag-traffic","generate-columns","tablet-grid-50","mobile-grid-100","grid-parent","grid-50"],"yoast_head":"<!-- This site is optimized with the Yoast SEO plugin v23.3 - https:\/\/yoast.com\/wordpress\/plugins\/seo\/ -->\n<title>Dave Mason, cofundador de Traffic, muere a los 79 a\u00f1os<\/title>\n<meta name=\"robots\" content=\"index, follow, max-snippet:-1, max-image-preview:large, max-video-preview:-1\" \/>\n<link rel=\"canonical\" href=\"https:\/\/web.consaguirre.com.ar\/noticias\/dave-mason-cofundador-de-traffic-muere-a-los-79-anos\/\" \/>\n<meta property=\"og:locale\" content=\"es_ES\" \/>\n<meta property=\"og:type\" content=\"article\" \/>\n<meta property=\"og:title\" content=\"Dave Mason, cofundador de Traffic, muere a los 79 a\u00f1os\" \/>\n<meta property=\"og:description\" content=\"Dave Mason, el c\u00e9lebre vocalista y guitarrista conocido por su trabajo con Traffic y como solista, falleci\u00f3. Ten\u00eda 79 a\u00f1os. \u201cEn nombre de su familia,\" \/>\n<meta property=\"og:url\" content=\"https:\/\/web.consaguirre.com.ar\/noticias\/dave-mason-cofundador-de-traffic-muere-a-los-79-anos\/\" \/>\n<meta property=\"og:site_name\" content=\"Conservatorio de M\u00fasica Juli\u00e1n Aguirre\" \/>\n<meta property=\"article:published_time\" content=\"2026-04-23T08:38:22+00:00\" \/>\n<meta property=\"article:modified_time\" content=\"2026-04-23T08:38:23+00:00\" \/>\n<meta property=\"og:image\" content=\"https:\/\/web.consaguirre.com.ar\/noticias\/wp-content\/uploads\/2026\/04\/Dave-Mason-cofundador-de-Traffic-muere-a-los-79-anos.jpg\" \/>\n\t<meta property=\"og:image:width\" content=\"820\" \/>\n\t<meta property=\"og:image:height\" content=\"820\" \/>\n\t<meta property=\"og:image:type\" content=\"image\/jpeg\" \/>\n<meta name=\"author\" content=\"Javier Figueroa\" \/>\n<meta name=\"twitter:card\" content=\"summary_large_image\" \/>\n<meta name=\"twitter:label1\" content=\"Escrito por\" \/>\n\t<meta name=\"twitter:data1\" content=\"Javier Figueroa\" \/>\n\t<meta name=\"twitter:label2\" content=\"Tiempo de lectura\" \/>\n\t<meta name=\"twitter:data2\" content=\"3 minutos\" \/>\n<script type=\"application\/ld+json\" class=\"yoast-schema-graph\">{\"@context\":\"https:\/\/schema.org\",\"@graph\":[{\"@type\":\"Article\",\"@id\":\"https:\/\/web.consaguirre.com.ar\/noticias\/dave-mason-cofundador-de-traffic-muere-a-los-79-anos\/#article\",\"isPartOf\":{\"@id\":\"https:\/\/web.consaguirre.com.ar\/noticias\/dave-mason-cofundador-de-traffic-muere-a-los-79-anos\/\"},\"author\":{\"name\":\"Javier Figueroa\",\"@id\":\"https:\/\/web.consaguirre.com.ar\/noticias\/#\/schema\/person\/6558b0cfedee7ddc5425602b237d5722\"},\"headline\":\"Dave Mason, cofundador de Traffic, muere a los 79 a\u00f1os\",\"datePublished\":\"2026-04-23T08:38:22+00:00\",\"dateModified\":\"2026-04-23T08:38:23+00:00\",\"mainEntityOfPage\":{\"@id\":\"https:\/\/web.consaguirre.com.ar\/noticias\/dave-mason-cofundador-de-traffic-muere-a-los-79-anos\/\"},\"wordCount\":519,\"publisher\":{\"@id\":\"https:\/\/web.consaguirre.com.ar\/noticias\/#organization\"},\"image\":{\"@id\":\"https:\/\/web.consaguirre.com.ar\/noticias\/dave-mason-cofundador-de-traffic-muere-a-los-79-anos\/#primaryimage\"},\"thumbnailUrl\":\"https:\/\/web.consaguirre.com.ar\/noticias\/wp-content\/uploads\/2026\/04\/Dave-Mason-cofundador-de-Traffic-muere-a-los-79-anos.jpg\",\"keywords\":[\"a\u00f1os\",\"cofundador\",\"Dave\",\"los\",\"Mason\",\"muere\",\"Traffic\"],\"articleSection\":[\"El \u00faltimo\"],\"inLanguage\":\"es-AR\"},{\"@type\":\"WebPage\",\"@id\":\"https:\/\/web.consaguirre.com.ar\/noticias\/dave-mason-cofundador-de-traffic-muere-a-los-79-anos\/\",\"url\":\"https:\/\/web.consaguirre.com.ar\/noticias\/dave-mason-cofundador-de-traffic-muere-a-los-79-anos\/\",\"name\":\"Dave Mason, cofundador de Traffic, muere a los 79 a\u00f1os\",\"isPartOf\":{\"@id\":\"https:\/\/web.consaguirre.com.ar\/noticias\/#website\"},\"primaryImageOfPage\":{\"@id\":\"https:\/\/web.consaguirre.com.ar\/noticias\/dave-mason-cofundador-de-traffic-muere-a-los-79-anos\/#primaryimage\"},\"image\":{\"@id\":\"https:\/\/web.consaguirre.com.ar\/noticias\/dave-mason-cofundador-de-traffic-muere-a-los-79-anos\/#primaryimage\"},\"thumbnailUrl\":\"https:\/\/web.consaguirre.com.ar\/noticias\/wp-content\/uploads\/2026\/04\/Dave-Mason-cofundador-de-Traffic-muere-a-los-79-anos.jpg\",\"datePublished\":\"2026-04-23T08:38:22+00:00\",\"dateModified\":\"2026-04-23T08:38:23+00:00\",\"breadcrumb\":{\"@id\":\"https:\/\/web.consaguirre.com.ar\/noticias\/dave-mason-cofundador-de-traffic-muere-a-los-79-anos\/#breadcrumb\"},\"inLanguage\":\"es-AR\",\"potentialAction\":[{\"@type\":\"ReadAction\",\"target\":[\"https:\/\/web.consaguirre.com.ar\/noticias\/dave-mason-cofundador-de-traffic-muere-a-los-79-anos\/\"]}]},{\"@type\":\"ImageObject\",\"inLanguage\":\"es-AR\",\"@id\":\"https:\/\/web.consaguirre.com.ar\/noticias\/dave-mason-cofundador-de-traffic-muere-a-los-79-anos\/#primaryimage\",\"url\":\"https:\/\/web.consaguirre.com.ar\/noticias\/wp-content\/uploads\/2026\/04\/Dave-Mason-cofundador-de-Traffic-muere-a-los-79-anos.jpg\",\"contentUrl\":\"https:\/\/web.consaguirre.com.ar\/noticias\/wp-content\/uploads\/2026\/04\/Dave-Mason-cofundador-de-Traffic-muere-a-los-79-anos.jpg\",\"width\":820,\"height\":820,\"caption\":\"Traffic\"},{\"@type\":\"BreadcrumbList\",\"@id\":\"https:\/\/web.consaguirre.com.ar\/noticias\/dave-mason-cofundador-de-traffic-muere-a-los-79-anos\/#breadcrumb\",\"itemListElement\":[{\"@type\":\"ListItem\",\"position\":1,\"name\":\"Inicio\",\"item\":\"https:\/\/web.consaguirre.com.ar\/noticias\/\"},{\"@type\":\"ListItem\",\"position\":2,\"name\":\"Dave Mason, cofundador de Traffic, muere a los 79 a\u00f1os\"}]},{\"@type\":\"WebSite\",\"@id\":\"https:\/\/web.consaguirre.com.ar\/noticias\/#website\",\"url\":\"https:\/\/web.consaguirre.com.ar\/noticias\/\",\"name\":\"Conservatorio de M\u00fasica Juli\u00e1n Aguirre\",\"description\":\"\",\"publisher\":{\"@id\":\"https:\/\/web.consaguirre.com.ar\/noticias\/#organization\"},\"potentialAction\":[{\"@type\":\"SearchAction\",\"target\":{\"@type\":\"EntryPoint\",\"urlTemplate\":\"https:\/\/web.consaguirre.com.ar\/noticias\/?s={search_term_string}\"},\"query-input\":\"required name=search_term_string\"}],\"inLanguage\":\"es-AR\"},{\"@type\":\"Organization\",\"@id\":\"https:\/\/web.consaguirre.com.ar\/noticias\/#organization\",\"name\":\"Conservatorio de M\u00fasica Juli\u00e1n Aguirre\",\"url\":\"https:\/\/web.consaguirre.com.ar\/noticias\/\",\"logo\":{\"@type\":\"ImageObject\",\"inLanguage\":\"es-AR\",\"@id\":\"https:\/\/web.consaguirre.com.ar\/noticias\/#\/schema\/logo\/image\/\",\"url\":\"https:\/\/web.consaguirre.com.ar\/noticias\/wp-content\/uploads\/2024\/08\/Banner-Aguirre-23.jpg\",\"contentUrl\":\"https:\/\/web.consaguirre.com.ar\/noticias\/wp-content\/uploads\/2024\/08\/Banner-Aguirre-23.jpg\",\"width\":1192,\"height\":600,\"caption\":\"Conservatorio de M\u00fasica Juli\u00e1n Aguirre\"},\"image\":{\"@id\":\"https:\/\/web.consaguirre.com.ar\/noticias\/#\/schema\/logo\/image\/\"}},{\"@type\":\"Person\",\"@id\":\"https:\/\/web.consaguirre.com.ar\/noticias\/#\/schema\/person\/6558b0cfedee7ddc5425602b237d5722\",\"name\":\"Javier Figueroa\",\"image\":{\"@type\":\"ImageObject\",\"inLanguage\":\"es-AR\",\"@id\":\"https:\/\/web.consaguirre.com.ar\/noticias\/#\/schema\/person\/image\/\",\"url\":\"https:\/\/web.consaguirre.com.ar\/noticias\/wp-content\/uploads\/2024\/08\/Consaguirre-scaled.jpg\",\"contentUrl\":\"https:\/\/web.consaguirre.com.ar\/noticias\/wp-content\/uploads\/2024\/08\/Consaguirre-scaled.jpg\",\"caption\":\"Javier Figueroa\"},\"description\":\"Me llamo Javier Figueroa y soy redactor para el sitio oficial del Conservatorio de M\u00fasica Juli\u00e1n Aguirre en Buenos Aires, consaguirre.com. Apasionado por la m\u00fasica y la escritura, me esfuerzo por destacar los talentos y eventos de nuestra prestigiosa instituci\u00f3n. Mi trayectoria se nutre de una profunda admiraci\u00f3n por los artistas, haciendo de cada art\u00edculo una celebraci\u00f3n de la creatividad y la cultura musical.\",\"sameAs\":[\"https:\/\/web.consaguirre.com.ar\/noticias\"]}]}<\/script>\n<!-- \/ Yoast SEO plugin. -->","yoast_head_json":{"title":"Dave Mason, cofundador de Traffic, muere a los 79 a\u00f1os","robots":{"index":"index","follow":"follow","max-snippet":"max-snippet:-1","max-image-preview":"max-image-preview:large","max-video-preview":"max-video-preview:-1"},"canonical":"https:\/\/web.consaguirre.com.ar\/noticias\/dave-mason-cofundador-de-traffic-muere-a-los-79-anos\/","og_locale":"es_ES","og_type":"article","og_title":"Dave Mason, cofundador de Traffic, muere a los 79 a\u00f1os","og_description":"Dave Mason, el c\u00e9lebre vocalista y guitarrista conocido por su trabajo con Traffic y como solista, falleci\u00f3. Ten\u00eda 79 a\u00f1os. \u201cEn nombre de su familia,","og_url":"https:\/\/web.consaguirre.com.ar\/noticias\/dave-mason-cofundador-de-traffic-muere-a-los-79-anos\/","og_site_name":"Conservatorio de M\u00fasica Juli\u00e1n Aguirre","article_published_time":"2026-04-23T08:38:22+00:00","article_modified_time":"2026-04-23T08:38:23+00:00","og_image":[{"width":820,"height":820,"url":"https:\/\/web.consaguirre.com.ar\/noticias\/wp-content\/uploads\/2026\/04\/Dave-Mason-cofundador-de-Traffic-muere-a-los-79-anos.jpg","type":"image\/jpeg"}],"author":"Javier Figueroa","twitter_card":"summary_large_image","twitter_misc":{"Escrito por":"Javier Figueroa","Tiempo de lectura":"3 minutos"},"schema":{"@context":"https:\/\/schema.org","@graph":[{"@type":"Article","@id":"https:\/\/web.consaguirre.com.ar\/noticias\/dave-mason-cofundador-de-traffic-muere-a-los-79-anos\/#article","isPartOf":{"@id":"https:\/\/web.consaguirre.com.ar\/noticias\/dave-mason-cofundador-de-traffic-muere-a-los-79-anos\/"},"author":{"name":"Javier Figueroa","@id":"https:\/\/web.consaguirre.com.ar\/noticias\/#\/schema\/person\/6558b0cfedee7ddc5425602b237d5722"},"headline":"Dave Mason, cofundador de Traffic, muere a los 79 a\u00f1os","datePublished":"2026-04-23T08:38:22+00:00","dateModified":"2026-04-23T08:38:23+00:00","mainEntityOfPage":{"@id":"https:\/\/web.consaguirre.com.ar\/noticias\/dave-mason-cofundador-de-traffic-muere-a-los-79-anos\/"},"wordCount":519,"publisher":{"@id":"https:\/\/web.consaguirre.com.ar\/noticias\/#organization"},"image":{"@id":"https:\/\/web.consaguirre.com.ar\/noticias\/dave-mason-cofundador-de-traffic-muere-a-los-79-anos\/#primaryimage"},"thumbnailUrl":"https:\/\/web.consaguirre.com.ar\/noticias\/wp-content\/uploads\/2026\/04\/Dave-Mason-cofundador-de-Traffic-muere-a-los-79-anos.jpg","keywords":["a\u00f1os","cofundador","Dave","los","Mason","muere","Traffic"],"articleSection":["El \u00faltimo"],"inLanguage":"es-AR"},{"@type":"WebPage","@id":"https:\/\/web.consaguirre.com.ar\/noticias\/dave-mason-cofundador-de-traffic-muere-a-los-79-anos\/","url":"https:\/\/web.consaguirre.com.ar\/noticias\/dave-mason-cofundador-de-traffic-muere-a-los-79-anos\/","name":"Dave Mason, cofundador de Traffic, muere a los 79 a\u00f1os","isPartOf":{"@id":"https:\/\/web.consaguirre.com.ar\/noticias\/#website"},"primaryImageOfPage":{"@id":"https:\/\/web.consaguirre.com.ar\/noticias\/dave-mason-cofundador-de-traffic-muere-a-los-79-anos\/#primaryimage"},"image":{"@id":"https:\/\/web.consaguirre.com.ar\/noticias\/dave-mason-cofundador-de-traffic-muere-a-los-79-anos\/#primaryimage"},"thumbnailUrl":"https:\/\/web.consaguirre.com.ar\/noticias\/wp-content\/uploads\/2026\/04\/Dave-Mason-cofundador-de-Traffic-muere-a-los-79-anos.jpg","datePublished":"2026-04-23T08:38:22+00:00","dateModified":"2026-04-23T08:38:23+00:00","breadcrumb":{"@id":"https:\/\/web.consaguirre.com.ar\/noticias\/dave-mason-cofundador-de-traffic-muere-a-los-79-anos\/#breadcrumb"},"inLanguage":"es-AR","potentialAction":[{"@type":"ReadAction","target":["https:\/\/web.consaguirre.com.ar\/noticias\/dave-mason-cofundador-de-traffic-muere-a-los-79-anos\/"]}]},{"@type":"ImageObject","inLanguage":"es-AR","@id":"https:\/\/web.consaguirre.com.ar\/noticias\/dave-mason-cofundador-de-traffic-muere-a-los-79-anos\/#primaryimage","url":"https:\/\/web.consaguirre.com.ar\/noticias\/wp-content\/uploads\/2026\/04\/Dave-Mason-cofundador-de-Traffic-muere-a-los-79-anos.jpg","contentUrl":"https:\/\/web.consaguirre.com.ar\/noticias\/wp-content\/uploads\/2026\/04\/Dave-Mason-cofundador-de-Traffic-muere-a-los-79-anos.jpg","width":820,"height":820,"caption":"Traffic"},{"@type":"BreadcrumbList","@id":"https:\/\/web.consaguirre.com.ar\/noticias\/dave-mason-cofundador-de-traffic-muere-a-los-79-anos\/#breadcrumb","itemListElement":[{"@type":"ListItem","position":1,"name":"Inicio","item":"https:\/\/web.consaguirre.com.ar\/noticias\/"},{"@type":"ListItem","position":2,"name":"Dave Mason, cofundador de Traffic, muere a los 79 a\u00f1os"}]},{"@type":"WebSite","@id":"https:\/\/web.consaguirre.com.ar\/noticias\/#website","url":"https:\/\/web.consaguirre.com.ar\/noticias\/","name":"Conservatorio de M\u00fasica Juli\u00e1n Aguirre","description":"","publisher":{"@id":"https:\/\/web.consaguirre.com.ar\/noticias\/#organization"},"potentialAction":[{"@type":"SearchAction","target":{"@type":"EntryPoint","urlTemplate":"https:\/\/web.consaguirre.com.ar\/noticias\/?s={search_term_string}"},"query-input":"required name=search_term_string"}],"inLanguage":"es-AR"},{"@type":"Organization","@id":"https:\/\/web.consaguirre.com.ar\/noticias\/#organization","name":"Conservatorio de M\u00fasica Juli\u00e1n Aguirre","url":"https:\/\/web.consaguirre.com.ar\/noticias\/","logo":{"@type":"ImageObject","inLanguage":"es-AR","@id":"https:\/\/web.consaguirre.com.ar\/noticias\/#\/schema\/logo\/image\/","url":"https:\/\/web.consaguirre.com.ar\/noticias\/wp-content\/uploads\/2024\/08\/Banner-Aguirre-23.jpg","contentUrl":"https:\/\/web.consaguirre.com.ar\/noticias\/wp-content\/uploads\/2024\/08\/Banner-Aguirre-23.jpg","width":1192,"height":600,"caption":"Conservatorio de M\u00fasica Juli\u00e1n Aguirre"},"image":{"@id":"https:\/\/web.consaguirre.com.ar\/noticias\/#\/schema\/logo\/image\/"}},{"@type":"Person","@id":"https:\/\/web.consaguirre.com.ar\/noticias\/#\/schema\/person\/6558b0cfedee7ddc5425602b237d5722","name":"Javier Figueroa","image":{"@type":"ImageObject","inLanguage":"es-AR","@id":"https:\/\/web.consaguirre.com.ar\/noticias\/#\/schema\/person\/image\/","url":"https:\/\/web.consaguirre.com.ar\/noticias\/wp-content\/uploads\/2024\/08\/Consaguirre-scaled.jpg","contentUrl":"https:\/\/web.consaguirre.com.ar\/noticias\/wp-content\/uploads\/2024\/08\/Consaguirre-scaled.jpg","caption":"Javier Figueroa"},"description":"Me llamo Javier Figueroa y soy redactor para el sitio oficial del Conservatorio de M\u00fasica Juli\u00e1n Aguirre en Buenos Aires, consaguirre.com. Apasionado por la m\u00fasica y la escritura, me esfuerzo por destacar los talentos y eventos de nuestra prestigiosa instituci\u00f3n. Mi trayectoria se nutre de una profunda admiraci\u00f3n por los artistas, haciendo de cada art\u00edculo una celebraci\u00f3n de la creatividad y la cultura musical.","sameAs":["https:\/\/web.consaguirre.com.ar\/noticias"]}]}},"_links":{"self":[{"href":"https:\/\/web.consaguirre.com.ar\/noticias\/wp-json\/wp\/v2\/posts\/5759"}],"collection":[{"href":"https:\/\/web.consaguirre.com.ar\/noticias\/wp-json\/wp\/v2\/posts"}],"about":[{"href":"https:\/\/web.consaguirre.com.ar\/noticias\/wp-json\/wp\/v2\/types\/post"}],"author":[{"embeddable":true,"href":"https:\/\/web.consaguirre.com.ar\/noticias\/wp-json\/wp\/v2\/users\/1"}],"replies":[{"embeddable":true,"href":"https:\/\/web.consaguirre.com.ar\/noticias\/wp-json\/wp\/v2\/comments?post=5759"}],"version-history":[{"count":1,"href":"https:\/\/web.consaguirre.com.ar\/noticias\/wp-json\/wp\/v2\/posts\/5759\/revisions"}],"predecessor-version":[{"id":5761,"href":"https:\/\/web.consaguirre.com.ar\/noticias\/wp-json\/wp\/v2\/posts\/5759\/revisions\/5761"}],"wp:featuredmedia":[{"embeddable":true,"href":"https:\/\/web.consaguirre.com.ar\/noticias\/wp-json\/wp\/v2\/media\/5760"}],"wp:attachment":[{"href":"https:\/\/web.consaguirre.com.ar\/noticias\/wp-json\/wp\/v2\/media?parent=5759"}],"wp:term":[{"taxonomy":"category","embeddable":true,"href":"https:\/\/web.consaguirre.com.ar\/noticias\/wp-json\/wp\/v2\/categories?post=5759"},{"taxonomy":"post_tag","embeddable":true,"href":"https:\/\/web.consaguirre.com.ar\/noticias\/wp-json\/wp\/v2\/tags?post=5759"}],"curies":[{"name":"wp","href":"https:\/\/api.w.org\/{rel}","templated":true}]}}