{"id":5751,"date":"2026-04-22T20:43:48","date_gmt":"2026-04-22T23:43:48","guid":{"rendered":"https:\/\/web.consaguirre.com.ar\/noticias\/beck-lanza-ride-lonesome-y-anuncia-gira-por-norteamerica\/"},"modified":"2026-04-22T20:43:49","modified_gmt":"2026-04-22T23:43:49","slug":"beck-lanza-ride-lonesome-y-anuncia-gira-por-norteamerica","status":"publish","type":"post","link":"https:\/\/web.consaguirre.com.ar\/noticias\/beck-lanza-ride-lonesome-y-anuncia-gira-por-norteamerica\/","title":{"rendered":"Beck lanza &#8216;Ride Lonesome&#8217; y anuncia gira por Norteam\u00e9rica"},"content":{"rendered":"<p>Beck ha compartido un nuevo sencillo, \u201cRide Lonesome\u201d, junto con una gira por Norteam\u00e9rica del mismo nombre.<\/p>\n<p>La gira de 25 fechas encontrar\u00e1 a Beck actuando en teatros y anfiteatros famosos de toda Am\u00e9rica del Norte. La presentaci\u00f3n comenzar\u00e1 el 16 de septiembre en el Teatro Queen Elizabeth de Vancouver. Luego, Beck actuar\u00e1 en Portland, Oregon y se dirigir\u00e1 al Santa Barbara Bowl, al Greek en Los \u00c1ngeles y a Red Rocks.<\/p>\n<p>El cantante actuar\u00e1 dos noches cada uno en The Masonic en San Francisco, Massey Hall en Toronto y Brooklyn Paramount. La carrera concluir\u00e1 con un espect\u00e1culo de Halloween en The Truth en Nashville. Los boletos para el Ride Lonesome Tour salen a la venta el viernes 24 de abril a las 10 a.m. hora local.<\/p>\n<div class=\"uD-YT-container\"><img decoding=\"async\" src=\"https:\/\/web.consaguirre.com.ar\/noticias\/wp-content\/uploads\/2026\/04\/1776901428_579_Beck-lanza-Ride-Lonesome-y-anuncia-gira-por-Norteamerica.jpg\" alt=\"V\u00eddeo de YouTube\"><br \/>Haga clic para cargar v\u00eddeo<\/div>\n<p>En el nuevo sencillo, Beck canta durante el coro: \u201cTienes que viajar solo\/ Tienes que tratar de encontrar el camino\/ Tienes que llorar un r\u00edo\/ Y seguirlo hasta casa\/ Solo\u201d. La canci\u00f3n fue producida y mezclada por Nigel Godrich.<\/p>\n<p>El v\u00eddeo adjunto, dirigido por Mikai Karl y Beck, muestra al cantante de \u201cLoser\u201d caminando por paisajes des\u00e9rticos abandonados, v\u00edas de tren y molinos de viento.<\/p>\n<p>La \u00faltima vez que Beck sali\u00f3 de gira fue para una serie especial de espect\u00e1culos orquestales en 2025. La gira comprendi\u00f3 nueve espect\u00e1culos en Norteam\u00e9rica en julio pasado. Beck y su banda contaron con el respaldo de orquestas locales, bajo la supervisi\u00f3n de directores como Edwin Outwater y Christopher Dragon.<\/p>\n<p>M\u00e1s recientemente, el cantante se emocion\u00f3 por el d\u00eda de San Valent\u00edn cuando lanz\u00f3 una recopilaci\u00f3n de rarezas titulada <em>Todo el mundo tiene que aprender alguna vez<\/em>. La edici\u00f3n en vinilo rojo del proyecto se lanz\u00f3 el 13 de febrero y la versi\u00f3n digital lleg\u00f3 a los servicios de transmisi\u00f3n a fines de enero.<\/p>\n<p>En una declaraci\u00f3n de Instagram anunciando el lanzamiento, Beck escribi\u00f3 que se trata de: \u201cuna colecci\u00f3n cuidadosamente seleccionada de rarezas, cortes profundos y versiones que presenta grabaciones nunca antes publicadas de &#8216;Your Cheatin&#8217; Heart&#8217; y &#8216;True Love Will Find You in the End&#8217;\u201d.<\/p>\n<p><b>Compre \u201cRide Lonesome\u201d de Beck aqu\u00ed.<\/b><\/p>\n<p><script async src=\"\/\/www.instagram.com\/embed.js\"><\/script><\/p>\n","protected":false},"excerpt":{"rendered":"<p>Beck ha compartido un nuevo sencillo, \u201cRide Lonesome\u201d, junto con una gira por Norteam\u00e9rica del mismo nombre. La gira de 25 fechas encontrar\u00e1 a Beck<\/p>\n","protected":false},"author":1,"featured_media":5752,"comment_status":"closed","ping_status":"","sticky":false,"template":"","format":"standard","meta":{"footnotes":""},"categories":[50],"tags":[56,2025,492,218,3876,1377,96,3965],"class_list":["post-5751","post","type-post","status-publish","format-standard","has-post-thumbnail","hentry","category-el-ultimo","tag-anuncia","tag-beck","tag-gira","tag-lanza","tag-lonesome","tag-norteamerica","tag-por","tag-ride","generate-columns","tablet-grid-50","mobile-grid-100","grid-parent","grid-50"],"yoast_head":"<!-- This site is optimized with the Yoast SEO plugin v23.3 - https:\/\/yoast.com\/wordpress\/plugins\/seo\/ -->\n<title>Beck lanza &#039;Ride Lonesome&#039; y anuncia gira por Norteam\u00e9rica<\/title>\n<meta name=\"robots\" content=\"index, follow, max-snippet:-1, max-image-preview:large, max-video-preview:-1\" \/>\n<link rel=\"canonical\" href=\"https:\/\/web.consaguirre.com.ar\/noticias\/beck-lanza-ride-lonesome-y-anuncia-gira-por-norteamerica\/\" \/>\n<meta property=\"og:locale\" content=\"es_ES\" \/>\n<meta property=\"og:type\" content=\"article\" \/>\n<meta property=\"og:title\" content=\"Beck lanza &#039;Ride Lonesome&#039; y anuncia gira por Norteam\u00e9rica\" \/>\n<meta property=\"og:description\" content=\"Beck ha compartido un nuevo sencillo, \u201cRide Lonesome\u201d, junto con una gira por Norteam\u00e9rica del mismo nombre. La gira de 25 fechas encontrar\u00e1 a Beck\" \/>\n<meta property=\"og:url\" content=\"https:\/\/web.consaguirre.com.ar\/noticias\/beck-lanza-ride-lonesome-y-anuncia-gira-por-norteamerica\/\" \/>\n<meta property=\"og:site_name\" content=\"Conservatorio de M\u00fasica Juli\u00e1n Aguirre\" \/>\n<meta property=\"article:published_time\" content=\"2026-04-22T23:43:48+00:00\" \/>\n<meta property=\"article:modified_time\" content=\"2026-04-22T23:43:49+00:00\" \/>\n<meta property=\"og:image\" content=\"https:\/\/web.consaguirre.com.ar\/noticias\/wp-content\/uploads\/2026\/04\/Beck-lanza-Ride-Lonesome-y-anuncia-gira-por-Norteamerica.jpg\" \/>\n\t<meta property=\"og:image:width\" content=\"820\" \/>\n\t<meta property=\"og:image:height\" content=\"820\" \/>\n\t<meta property=\"og:image:type\" content=\"image\/jpeg\" \/>\n<meta name=\"author\" content=\"Javier Figueroa\" \/>\n<meta name=\"twitter:card\" content=\"summary_large_image\" \/>\n<meta name=\"twitter:label1\" content=\"Escrito por\" \/>\n\t<meta name=\"twitter:data1\" content=\"Javier Figueroa\" \/>\n\t<meta name=\"twitter:label2\" content=\"Tiempo de lectura\" \/>\n\t<meta name=\"twitter:data2\" content=\"2 minutos\" \/>\n<script type=\"application\/ld+json\" class=\"yoast-schema-graph\">{\"@context\":\"https:\/\/schema.org\",\"@graph\":[{\"@type\":\"Article\",\"@id\":\"https:\/\/web.consaguirre.com.ar\/noticias\/beck-lanza-ride-lonesome-y-anuncia-gira-por-norteamerica\/#article\",\"isPartOf\":{\"@id\":\"https:\/\/web.consaguirre.com.ar\/noticias\/beck-lanza-ride-lonesome-y-anuncia-gira-por-norteamerica\/\"},\"author\":{\"name\":\"Javier Figueroa\",\"@id\":\"https:\/\/web.consaguirre.com.ar\/noticias\/#\/schema\/person\/6558b0cfedee7ddc5425602b237d5722\"},\"headline\":\"Beck lanza &#8216;Ride Lonesome&#8217; y anuncia gira por Norteam\u00e9rica\",\"datePublished\":\"2026-04-22T23:43:48+00:00\",\"dateModified\":\"2026-04-22T23:43:49+00:00\",\"mainEntityOfPage\":{\"@id\":\"https:\/\/web.consaguirre.com.ar\/noticias\/beck-lanza-ride-lonesome-y-anuncia-gira-por-norteamerica\/\"},\"wordCount\":378,\"publisher\":{\"@id\":\"https:\/\/web.consaguirre.com.ar\/noticias\/#organization\"},\"image\":{\"@id\":\"https:\/\/web.consaguirre.com.ar\/noticias\/beck-lanza-ride-lonesome-y-anuncia-gira-por-norteamerica\/#primaryimage\"},\"thumbnailUrl\":\"https:\/\/web.consaguirre.com.ar\/noticias\/wp-content\/uploads\/2026\/04\/Beck-lanza-Ride-Lonesome-y-anuncia-gira-por-Norteamerica.jpg\",\"keywords\":[\"anuncia\",\"Beck\",\"gira\",\"lanza\",\"Lonesome\",\"Norteam\u00e9rica\",\"por\",\"Ride\"],\"articleSection\":[\"El \u00faltimo\"],\"inLanguage\":\"es-AR\"},{\"@type\":\"WebPage\",\"@id\":\"https:\/\/web.consaguirre.com.ar\/noticias\/beck-lanza-ride-lonesome-y-anuncia-gira-por-norteamerica\/\",\"url\":\"https:\/\/web.consaguirre.com.ar\/noticias\/beck-lanza-ride-lonesome-y-anuncia-gira-por-norteamerica\/\",\"name\":\"Beck lanza 'Ride Lonesome' y anuncia gira por Norteam\u00e9rica\",\"isPartOf\":{\"@id\":\"https:\/\/web.consaguirre.com.ar\/noticias\/#website\"},\"primaryImageOfPage\":{\"@id\":\"https:\/\/web.consaguirre.com.ar\/noticias\/beck-lanza-ride-lonesome-y-anuncia-gira-por-norteamerica\/#primaryimage\"},\"image\":{\"@id\":\"https:\/\/web.consaguirre.com.ar\/noticias\/beck-lanza-ride-lonesome-y-anuncia-gira-por-norteamerica\/#primaryimage\"},\"thumbnailUrl\":\"https:\/\/web.consaguirre.com.ar\/noticias\/wp-content\/uploads\/2026\/04\/Beck-lanza-Ride-Lonesome-y-anuncia-gira-por-Norteamerica.jpg\",\"datePublished\":\"2026-04-22T23:43:48+00:00\",\"dateModified\":\"2026-04-22T23:43:49+00:00\",\"breadcrumb\":{\"@id\":\"https:\/\/web.consaguirre.com.ar\/noticias\/beck-lanza-ride-lonesome-y-anuncia-gira-por-norteamerica\/#breadcrumb\"},\"inLanguage\":\"es-AR\",\"potentialAction\":[{\"@type\":\"ReadAction\",\"target\":[\"https:\/\/web.consaguirre.com.ar\/noticias\/beck-lanza-ride-lonesome-y-anuncia-gira-por-norteamerica\/\"]}]},{\"@type\":\"ImageObject\",\"inLanguage\":\"es-AR\",\"@id\":\"https:\/\/web.consaguirre.com.ar\/noticias\/beck-lanza-ride-lonesome-y-anuncia-gira-por-norteamerica\/#primaryimage\",\"url\":\"https:\/\/web.consaguirre.com.ar\/noticias\/wp-content\/uploads\/2026\/04\/Beck-lanza-Ride-Lonesome-y-anuncia-gira-por-Norteamerica.jpg\",\"contentUrl\":\"https:\/\/web.consaguirre.com.ar\/noticias\/wp-content\/uploads\/2026\/04\/Beck-lanza-Ride-Lonesome-y-anuncia-gira-por-Norteamerica.jpg\",\"width\":820,\"height\":820,\"caption\":\"Beck Ride Lonesome album cover\"},{\"@type\":\"BreadcrumbList\",\"@id\":\"https:\/\/web.consaguirre.com.ar\/noticias\/beck-lanza-ride-lonesome-y-anuncia-gira-por-norteamerica\/#breadcrumb\",\"itemListElement\":[{\"@type\":\"ListItem\",\"position\":1,\"name\":\"Inicio\",\"item\":\"https:\/\/web.consaguirre.com.ar\/noticias\/\"},{\"@type\":\"ListItem\",\"position\":2,\"name\":\"Beck lanza &#8216;Ride Lonesome&#8217; y anuncia gira por Norteam\u00e9rica\"}]},{\"@type\":\"WebSite\",\"@id\":\"https:\/\/web.consaguirre.com.ar\/noticias\/#website\",\"url\":\"https:\/\/web.consaguirre.com.ar\/noticias\/\",\"name\":\"Conservatorio de M\u00fasica Juli\u00e1n Aguirre\",\"description\":\"\",\"publisher\":{\"@id\":\"https:\/\/web.consaguirre.com.ar\/noticias\/#organization\"},\"potentialAction\":[{\"@type\":\"SearchAction\",\"target\":{\"@type\":\"EntryPoint\",\"urlTemplate\":\"https:\/\/web.consaguirre.com.ar\/noticias\/?s={search_term_string}\"},\"query-input\":\"required name=search_term_string\"}],\"inLanguage\":\"es-AR\"},{\"@type\":\"Organization\",\"@id\":\"https:\/\/web.consaguirre.com.ar\/noticias\/#organization\",\"name\":\"Conservatorio de M\u00fasica Juli\u00e1n Aguirre\",\"url\":\"https:\/\/web.consaguirre.com.ar\/noticias\/\",\"logo\":{\"@type\":\"ImageObject\",\"inLanguage\":\"es-AR\",\"@id\":\"https:\/\/web.consaguirre.com.ar\/noticias\/#\/schema\/logo\/image\/\",\"url\":\"https:\/\/web.consaguirre.com.ar\/noticias\/wp-content\/uploads\/2024\/08\/Banner-Aguirre-23.jpg\",\"contentUrl\":\"https:\/\/web.consaguirre.com.ar\/noticias\/wp-content\/uploads\/2024\/08\/Banner-Aguirre-23.jpg\",\"width\":1192,\"height\":600,\"caption\":\"Conservatorio de M\u00fasica Juli\u00e1n Aguirre\"},\"image\":{\"@id\":\"https:\/\/web.consaguirre.com.ar\/noticias\/#\/schema\/logo\/image\/\"}},{\"@type\":\"Person\",\"@id\":\"https:\/\/web.consaguirre.com.ar\/noticias\/#\/schema\/person\/6558b0cfedee7ddc5425602b237d5722\",\"name\":\"Javier Figueroa\",\"image\":{\"@type\":\"ImageObject\",\"inLanguage\":\"es-AR\",\"@id\":\"https:\/\/web.consaguirre.com.ar\/noticias\/#\/schema\/person\/image\/\",\"url\":\"https:\/\/web.consaguirre.com.ar\/noticias\/wp-content\/uploads\/2024\/08\/Consaguirre-scaled.jpg\",\"contentUrl\":\"https:\/\/web.consaguirre.com.ar\/noticias\/wp-content\/uploads\/2024\/08\/Consaguirre-scaled.jpg\",\"caption\":\"Javier Figueroa\"},\"description\":\"Me llamo Javier Figueroa y soy redactor para el sitio oficial del Conservatorio de M\u00fasica Juli\u00e1n Aguirre en Buenos Aires, consaguirre.com. Apasionado por la m\u00fasica y la escritura, me esfuerzo por destacar los talentos y eventos de nuestra prestigiosa instituci\u00f3n. Mi trayectoria se nutre de una profunda admiraci\u00f3n por los artistas, haciendo de cada art\u00edculo una celebraci\u00f3n de la creatividad y la cultura musical.\",\"sameAs\":[\"https:\/\/web.consaguirre.com.ar\/noticias\"]}]}<\/script>\n<!-- \/ Yoast SEO plugin. -->","yoast_head_json":{"title":"Beck lanza 'Ride Lonesome' y anuncia gira por Norteam\u00e9rica","robots":{"index":"index","follow":"follow","max-snippet":"max-snippet:-1","max-image-preview":"max-image-preview:large","max-video-preview":"max-video-preview:-1"},"canonical":"https:\/\/web.consaguirre.com.ar\/noticias\/beck-lanza-ride-lonesome-y-anuncia-gira-por-norteamerica\/","og_locale":"es_ES","og_type":"article","og_title":"Beck lanza 'Ride Lonesome' y anuncia gira por Norteam\u00e9rica","og_description":"Beck ha compartido un nuevo sencillo, \u201cRide Lonesome\u201d, junto con una gira por Norteam\u00e9rica del mismo nombre. La gira de 25 fechas encontrar\u00e1 a Beck","og_url":"https:\/\/web.consaguirre.com.ar\/noticias\/beck-lanza-ride-lonesome-y-anuncia-gira-por-norteamerica\/","og_site_name":"Conservatorio de M\u00fasica Juli\u00e1n Aguirre","article_published_time":"2026-04-22T23:43:48+00:00","article_modified_time":"2026-04-22T23:43:49+00:00","og_image":[{"width":820,"height":820,"url":"https:\/\/web.consaguirre.com.ar\/noticias\/wp-content\/uploads\/2026\/04\/Beck-lanza-Ride-Lonesome-y-anuncia-gira-por-Norteamerica.jpg","type":"image\/jpeg"}],"author":"Javier Figueroa","twitter_card":"summary_large_image","twitter_misc":{"Escrito por":"Javier Figueroa","Tiempo de lectura":"2 minutos"},"schema":{"@context":"https:\/\/schema.org","@graph":[{"@type":"Article","@id":"https:\/\/web.consaguirre.com.ar\/noticias\/beck-lanza-ride-lonesome-y-anuncia-gira-por-norteamerica\/#article","isPartOf":{"@id":"https:\/\/web.consaguirre.com.ar\/noticias\/beck-lanza-ride-lonesome-y-anuncia-gira-por-norteamerica\/"},"author":{"name":"Javier Figueroa","@id":"https:\/\/web.consaguirre.com.ar\/noticias\/#\/schema\/person\/6558b0cfedee7ddc5425602b237d5722"},"headline":"Beck lanza &#8216;Ride Lonesome&#8217; y anuncia gira por Norteam\u00e9rica","datePublished":"2026-04-22T23:43:48+00:00","dateModified":"2026-04-22T23:43:49+00:00","mainEntityOfPage":{"@id":"https:\/\/web.consaguirre.com.ar\/noticias\/beck-lanza-ride-lonesome-y-anuncia-gira-por-norteamerica\/"},"wordCount":378,"publisher":{"@id":"https:\/\/web.consaguirre.com.ar\/noticias\/#organization"},"image":{"@id":"https:\/\/web.consaguirre.com.ar\/noticias\/beck-lanza-ride-lonesome-y-anuncia-gira-por-norteamerica\/#primaryimage"},"thumbnailUrl":"https:\/\/web.consaguirre.com.ar\/noticias\/wp-content\/uploads\/2026\/04\/Beck-lanza-Ride-Lonesome-y-anuncia-gira-por-Norteamerica.jpg","keywords":["anuncia","Beck","gira","lanza","Lonesome","Norteam\u00e9rica","por","Ride"],"articleSection":["El \u00faltimo"],"inLanguage":"es-AR"},{"@type":"WebPage","@id":"https:\/\/web.consaguirre.com.ar\/noticias\/beck-lanza-ride-lonesome-y-anuncia-gira-por-norteamerica\/","url":"https:\/\/web.consaguirre.com.ar\/noticias\/beck-lanza-ride-lonesome-y-anuncia-gira-por-norteamerica\/","name":"Beck lanza 'Ride Lonesome' y anuncia gira por Norteam\u00e9rica","isPartOf":{"@id":"https:\/\/web.consaguirre.com.ar\/noticias\/#website"},"primaryImageOfPage":{"@id":"https:\/\/web.consaguirre.com.ar\/noticias\/beck-lanza-ride-lonesome-y-anuncia-gira-por-norteamerica\/#primaryimage"},"image":{"@id":"https:\/\/web.consaguirre.com.ar\/noticias\/beck-lanza-ride-lonesome-y-anuncia-gira-por-norteamerica\/#primaryimage"},"thumbnailUrl":"https:\/\/web.consaguirre.com.ar\/noticias\/wp-content\/uploads\/2026\/04\/Beck-lanza-Ride-Lonesome-y-anuncia-gira-por-Norteamerica.jpg","datePublished":"2026-04-22T23:43:48+00:00","dateModified":"2026-04-22T23:43:49+00:00","breadcrumb":{"@id":"https:\/\/web.consaguirre.com.ar\/noticias\/beck-lanza-ride-lonesome-y-anuncia-gira-por-norteamerica\/#breadcrumb"},"inLanguage":"es-AR","potentialAction":[{"@type":"ReadAction","target":["https:\/\/web.consaguirre.com.ar\/noticias\/beck-lanza-ride-lonesome-y-anuncia-gira-por-norteamerica\/"]}]},{"@type":"ImageObject","inLanguage":"es-AR","@id":"https:\/\/web.consaguirre.com.ar\/noticias\/beck-lanza-ride-lonesome-y-anuncia-gira-por-norteamerica\/#primaryimage","url":"https:\/\/web.consaguirre.com.ar\/noticias\/wp-content\/uploads\/2026\/04\/Beck-lanza-Ride-Lonesome-y-anuncia-gira-por-Norteamerica.jpg","contentUrl":"https:\/\/web.consaguirre.com.ar\/noticias\/wp-content\/uploads\/2026\/04\/Beck-lanza-Ride-Lonesome-y-anuncia-gira-por-Norteamerica.jpg","width":820,"height":820,"caption":"Beck Ride Lonesome album cover"},{"@type":"BreadcrumbList","@id":"https:\/\/web.consaguirre.com.ar\/noticias\/beck-lanza-ride-lonesome-y-anuncia-gira-por-norteamerica\/#breadcrumb","itemListElement":[{"@type":"ListItem","position":1,"name":"Inicio","item":"https:\/\/web.consaguirre.com.ar\/noticias\/"},{"@type":"ListItem","position":2,"name":"Beck lanza &#8216;Ride Lonesome&#8217; y anuncia gira por Norteam\u00e9rica"}]},{"@type":"WebSite","@id":"https:\/\/web.consaguirre.com.ar\/noticias\/#website","url":"https:\/\/web.consaguirre.com.ar\/noticias\/","name":"Conservatorio de M\u00fasica Juli\u00e1n Aguirre","description":"","publisher":{"@id":"https:\/\/web.consaguirre.com.ar\/noticias\/#organization"},"potentialAction":[{"@type":"SearchAction","target":{"@type":"EntryPoint","urlTemplate":"https:\/\/web.consaguirre.com.ar\/noticias\/?s={search_term_string}"},"query-input":"required name=search_term_string"}],"inLanguage":"es-AR"},{"@type":"Organization","@id":"https:\/\/web.consaguirre.com.ar\/noticias\/#organization","name":"Conservatorio de M\u00fasica Juli\u00e1n Aguirre","url":"https:\/\/web.consaguirre.com.ar\/noticias\/","logo":{"@type":"ImageObject","inLanguage":"es-AR","@id":"https:\/\/web.consaguirre.com.ar\/noticias\/#\/schema\/logo\/image\/","url":"https:\/\/web.consaguirre.com.ar\/noticias\/wp-content\/uploads\/2024\/08\/Banner-Aguirre-23.jpg","contentUrl":"https:\/\/web.consaguirre.com.ar\/noticias\/wp-content\/uploads\/2024\/08\/Banner-Aguirre-23.jpg","width":1192,"height":600,"caption":"Conservatorio de M\u00fasica Juli\u00e1n Aguirre"},"image":{"@id":"https:\/\/web.consaguirre.com.ar\/noticias\/#\/schema\/logo\/image\/"}},{"@type":"Person","@id":"https:\/\/web.consaguirre.com.ar\/noticias\/#\/schema\/person\/6558b0cfedee7ddc5425602b237d5722","name":"Javier Figueroa","image":{"@type":"ImageObject","inLanguage":"es-AR","@id":"https:\/\/web.consaguirre.com.ar\/noticias\/#\/schema\/person\/image\/","url":"https:\/\/web.consaguirre.com.ar\/noticias\/wp-content\/uploads\/2024\/08\/Consaguirre-scaled.jpg","contentUrl":"https:\/\/web.consaguirre.com.ar\/noticias\/wp-content\/uploads\/2024\/08\/Consaguirre-scaled.jpg","caption":"Javier Figueroa"},"description":"Me llamo Javier Figueroa y soy redactor para el sitio oficial del Conservatorio de M\u00fasica Juli\u00e1n Aguirre en Buenos Aires, consaguirre.com. Apasionado por la m\u00fasica y la escritura, me esfuerzo por destacar los talentos y eventos de nuestra prestigiosa instituci\u00f3n. Mi trayectoria se nutre de una profunda admiraci\u00f3n por los artistas, haciendo de cada art\u00edculo una celebraci\u00f3n de la creatividad y la cultura musical.","sameAs":["https:\/\/web.consaguirre.com.ar\/noticias"]}]}},"_links":{"self":[{"href":"https:\/\/web.consaguirre.com.ar\/noticias\/wp-json\/wp\/v2\/posts\/5751"}],"collection":[{"href":"https:\/\/web.consaguirre.com.ar\/noticias\/wp-json\/wp\/v2\/posts"}],"about":[{"href":"https:\/\/web.consaguirre.com.ar\/noticias\/wp-json\/wp\/v2\/types\/post"}],"author":[{"embeddable":true,"href":"https:\/\/web.consaguirre.com.ar\/noticias\/wp-json\/wp\/v2\/users\/1"}],"replies":[{"embeddable":true,"href":"https:\/\/web.consaguirre.com.ar\/noticias\/wp-json\/wp\/v2\/comments?post=5751"}],"version-history":[{"count":1,"href":"https:\/\/web.consaguirre.com.ar\/noticias\/wp-json\/wp\/v2\/posts\/5751\/revisions"}],"predecessor-version":[{"id":5753,"href":"https:\/\/web.consaguirre.com.ar\/noticias\/wp-json\/wp\/v2\/posts\/5751\/revisions\/5753"}],"wp:featuredmedia":[{"embeddable":true,"href":"https:\/\/web.consaguirre.com.ar\/noticias\/wp-json\/wp\/v2\/media\/5752"}],"wp:attachment":[{"href":"https:\/\/web.consaguirre.com.ar\/noticias\/wp-json\/wp\/v2\/media?parent=5751"}],"wp:term":[{"taxonomy":"category","embeddable":true,"href":"https:\/\/web.consaguirre.com.ar\/noticias\/wp-json\/wp\/v2\/categories?post=5751"},{"taxonomy":"post_tag","embeddable":true,"href":"https:\/\/web.consaguirre.com.ar\/noticias\/wp-json\/wp\/v2\/tags?post=5751"}],"curies":[{"name":"wp","href":"https:\/\/api.w.org\/{rel}","templated":true}]}}