{"id":5748,"date":"2026-04-22T17:38:18","date_gmt":"2026-04-22T20:38:18","guid":{"rendered":"https:\/\/web.consaguirre.com.ar\/noticias\/mgk-y-fred-durst-comparten-el-sencillo-fix-ur-face\/"},"modified":"2026-04-22T17:38:19","modified_gmt":"2026-04-22T20:38:19","slug":"mgk-y-fred-durst-comparten-el-sencillo-fix-ur-face","status":"publish","type":"post","link":"https:\/\/web.consaguirre.com.ar\/noticias\/mgk-y-fred-durst-comparten-el-sencillo-fix-ur-face\/","title":{"rendered":"mgk y Fred Durst comparten el sencillo &#8216;FIX UR FACE&#8217;"},"content":{"rendered":"<p><b>mgk<\/b> ha lanzado su nuevo sencillo \u201cFIX UR FACE\u201d con Fred Durst, junto con un v\u00eddeo musical que lo acompa\u00f1a. La canci\u00f3n y el visual se estrenaron el 21 de abril y el video se transmiti\u00f3 en los carteles publicitarios de MTV Live, MTVU y Paramount Times Square.<\/p>\n<div align=\"center\">\n<div class=\"udiscover-store-container\">\n<div id='udiscover-store-three-product'><\/div>\n<\/div>\n<p>\/*<!(CDATA(*\/(function (){var scriptURL='https:\/\/sdks.shopifycdn.com\/buy-button\/latest\/buy-button-storefront.min.js';if(window.ShopifyBuy){if(window.ShopifyBuy.UI){ShopifyBuyInit();}else{loadScript();}}else{loadScript();}funci\u00f3n loadScript(){var script=document.createElement('script');script.async=true;script.src=scriptURL;(document.getElementsByTagName('head')(0)|| document.getElementsByTagName('body')(0)).appendChild(script);script.onload=ShopifyBuyInit;} function ShopifyBuyInit(){var cliente=ShopifyBuy.buildClient({dominio:'udiscover.myshopify.com',storefrontAccessToken: 'bdc89f347d2ce61c1feeb9f8c60b2b98',}); ShopifyBuy.UI.onReady(cliente).luego(funci\u00f3n(ui){ ui.createComponent('productSet',{ id:(7454002151501,7454001233997,7453982589005), nodo:document.getElementById('udiscover-store-tres-producto'), moneyFormat:'%24%7B%7Bamount%7D%7D', opciones:{&quot;producto&quot;:{&quot;marco flotante&quot;:FALSO,&quot;eventos&quot;:{antes deInit:funci\u00f3n(producto){Objeto.defineProperty(producto,&quot;es bot\u00f3n&quot;,{get:function(){return true;}});Object.defineProperty(producto,&quot;opciones&quot;{get:function(){return this.config(this.typeKey);}});var actualOnButtonClick=product.onButtonClick;product.onButtonClick=function(event,target) {event.stopImmediatePropagation();this.options.buttonDestination=&quot;modal&quot;;actualOnButtonClick.call(este,evento,destino);};}},\n&quot;bot\u00f3nDestino&quot;:&quot;modal&quot;,&quot;contenido&quot;:{&quot;opciones&quot;:verdadero},&quot;texto&quot;:{&quot;bot\u00f3n&quot;:&quot;Ordene ahora&quot;,&quot;Agotado&quot;:&quot;Lo sentimos, esto est\u00e1 agotado.&quot;}},&quot;conjunto de productos&quot;:{&quot;marco flotante&quot;:FALSO},&quot;modalProducto&quot;:{&quot;marco flotante&quot;:FALSO,&quot;contenido&quot;:{&quot;imagen&quot;:FALSO,&quot;imgConCarrusel&quot;:verdadero,&quot;bot\u00f3n&quot;:FALSO,&quot;bot\u00f3nConCantidad&quot;:verdadero}},&quot;modal&quot;:{&quot;marco flotante&quot;:FALSO},&quot;opci\u00f3n&quot;:{&quot;marco flotante&quot;:FALSO},&quot;carro&quot;:{&quot;marco flotante&quot;:FALSO},&quot;palanca&quot;:{&quot;marco flotante&quot;:FALSO,&quot;contenido&quot;:{&quot;icono&quot;:FALSO}},&quot;art\u00edculo de l\u00ednea&quot;:{&quot;marco flotante&quot;:FALSO}},}); }); } })(); \/*))>*\/ <\/div>\n<\/p>\n<p>El sencillo empareja a mgk con el l\u00edder de Limp Bizkit, reuniendo elementos del nu-metal de finales de los 90 y la producci\u00f3n alternativa contempor\u00e1nea. \u201cFIX UR FACE\u201d fue escrito y producido junto con sus colaboradores SlimXX, BazeXX, RookXX, Nick Long y No Love For The Middle Child. La canci\u00f3n fue objeto de adelantos por primera vez durante la etapa europea de la gira Lost Americana de mgk antes de ser vista previa nuevamente durante su reciente gira por Australia.<\/p>\n<div class=\"uD-YT-container\"><img decoding=\"async\" src=\"https:\/\/web.consaguirre.com.ar\/noticias\/wp-content\/uploads\/2026\/04\/1776890298_177_mgk-y-Fred-Durst-comparten-el-sencillo-FIX-UR-FACE.jpg\" alt=\"V\u00eddeo de YouTube\"><br \/>Haga clic para cargar v\u00eddeo<\/div>\n<p>El v\u00eddeo oficial, dirigido por Sam Cahill, fue filmado en blanco y negro en ciudades como Berl\u00edn, Dubl\u00edn, D\u00fcsseldorf, Londres, Praga, Colonia, Nashville y Los \u00c1ngeles. Filmado durante la gira de Lost Americana, documenta las interacciones de los fan\u00e1ticos y los momentos en vivo, con elementos visuales adicionales creados por los artistas callejeros Lugosis y Strato, y el dise\u00f1o de personajes de Slawn Olaolu. mgk y Durst han colaborado en m\u00faltiples escenarios en vivo durante la \u00faltima d\u00e9cada, incluidas fechas de gira compartidas en 2014.<\/p>\n<p>El lanzamiento sigue al \u00e1lbum 2025 de mgk. <i>americana perdida<\/i>que se convirti\u00f3 en su tercer n\u00famero uno consecutivo en la lista Top Rock &#038; Alternative Albums de Billboard. En noviembre de 2025, se asoci\u00f3 con Jonas Brothers para un remix de \u201cclich\u00e9\u201d. A principios de 2026, lanz\u00f3 el sencillo \u201ctiempos de mi vida\u201d. Tambi\u00e9n public\u00f3 v\u00eddeos musicales para temas de \u00e1lbumes que incluyen \u201cstarman\u201d y \u201cgoddamn\u201d durante el mismo per\u00edodo.<\/p>\n<p><b>Escuche \u201cFIX UR FACE\u201d aqu\u00ed.<\/b><\/p>\n","protected":false},"excerpt":{"rendered":"<p>mgk ha lanzado su nuevo sencillo \u201cFIX UR FACE\u201d con Fred Durst, junto con un v\u00eddeo musical que lo acompa\u00f1a. La canci\u00f3n y el visual<\/p>\n","protected":false},"author":1,"featured_media":5749,"comment_status":"closed","ping_status":"","sticky":false,"template":"","format":"standard","meta":{"footnotes":""},"categories":[50],"tags":[194,4177,2444,4178,3389,2726,204],"class_list":["post-5748","post","type-post","status-publish","format-standard","has-post-thumbnail","hentry","category-el-ultimo","tag-comparten","tag-durst","tag-face","tag-fix","tag-fred","tag-mgk","tag-sencillo","generate-columns","tablet-grid-50","mobile-grid-100","grid-parent","grid-50"],"yoast_head":"<!-- This site is optimized with the Yoast SEO plugin v23.3 - https:\/\/yoast.com\/wordpress\/plugins\/seo\/ -->\n<title>mgk y Fred Durst comparten el sencillo &#039;FIX UR FACE&#039;<\/title>\n<meta name=\"robots\" content=\"index, follow, max-snippet:-1, max-image-preview:large, max-video-preview:-1\" \/>\n<link rel=\"canonical\" href=\"https:\/\/web.consaguirre.com.ar\/noticias\/mgk-y-fred-durst-comparten-el-sencillo-fix-ur-face\/\" \/>\n<meta property=\"og:locale\" content=\"es_ES\" \/>\n<meta property=\"og:type\" content=\"article\" \/>\n<meta property=\"og:title\" content=\"mgk y Fred Durst comparten el sencillo &#039;FIX UR FACE&#039;\" \/>\n<meta property=\"og:description\" content=\"mgk ha lanzado su nuevo sencillo \u201cFIX UR FACE\u201d con Fred Durst, junto con un v\u00eddeo musical que lo acompa\u00f1a. La canci\u00f3n y el visual\" \/>\n<meta property=\"og:url\" content=\"https:\/\/web.consaguirre.com.ar\/noticias\/mgk-y-fred-durst-comparten-el-sencillo-fix-ur-face\/\" \/>\n<meta property=\"og:site_name\" content=\"Conservatorio de M\u00fasica Juli\u00e1n Aguirre\" \/>\n<meta property=\"article:published_time\" content=\"2026-04-22T20:38:18+00:00\" \/>\n<meta property=\"article:modified_time\" content=\"2026-04-22T20:38:19+00:00\" \/>\n<meta property=\"og:image\" content=\"https:\/\/web.consaguirre.com.ar\/noticias\/wp-content\/uploads\/2026\/04\/mgk-y-Fred-Durst-comparten-el-sencillo-FIX-UR-FACE.jpg\" \/>\n\t<meta property=\"og:image:width\" content=\"820\" \/>\n\t<meta property=\"og:image:height\" content=\"820\" \/>\n\t<meta property=\"og:image:type\" content=\"image\/jpeg\" \/>\n<meta name=\"author\" content=\"Javier Figueroa\" \/>\n<meta name=\"twitter:card\" content=\"summary_large_image\" \/>\n<meta name=\"twitter:label1\" content=\"Escrito por\" \/>\n\t<meta name=\"twitter:data1\" content=\"Javier Figueroa\" \/>\n\t<meta name=\"twitter:label2\" content=\"Tiempo de lectura\" \/>\n\t<meta name=\"twitter:data2\" content=\"2 minutos\" \/>\n<script type=\"application\/ld+json\" class=\"yoast-schema-graph\">{\"@context\":\"https:\/\/schema.org\",\"@graph\":[{\"@type\":\"Article\",\"@id\":\"https:\/\/web.consaguirre.com.ar\/noticias\/mgk-y-fred-durst-comparten-el-sencillo-fix-ur-face\/#article\",\"isPartOf\":{\"@id\":\"https:\/\/web.consaguirre.com.ar\/noticias\/mgk-y-fred-durst-comparten-el-sencillo-fix-ur-face\/\"},\"author\":{\"name\":\"Javier Figueroa\",\"@id\":\"https:\/\/web.consaguirre.com.ar\/noticias\/#\/schema\/person\/6558b0cfedee7ddc5425602b237d5722\"},\"headline\":\"mgk y Fred Durst comparten el sencillo &#8216;FIX UR FACE&#8217;\",\"datePublished\":\"2026-04-22T20:38:18+00:00\",\"dateModified\":\"2026-04-22T20:38:19+00:00\",\"mainEntityOfPage\":{\"@id\":\"https:\/\/web.consaguirre.com.ar\/noticias\/mgk-y-fred-durst-comparten-el-sencillo-fix-ur-face\/\"},\"wordCount\":316,\"publisher\":{\"@id\":\"https:\/\/web.consaguirre.com.ar\/noticias\/#organization\"},\"image\":{\"@id\":\"https:\/\/web.consaguirre.com.ar\/noticias\/mgk-y-fred-durst-comparten-el-sencillo-fix-ur-face\/#primaryimage\"},\"thumbnailUrl\":\"https:\/\/web.consaguirre.com.ar\/noticias\/wp-content\/uploads\/2026\/04\/mgk-y-Fred-Durst-comparten-el-sencillo-FIX-UR-FACE.jpg\",\"keywords\":[\"comparten\",\"Durst\",\"Face\",\"FIX\",\"Fred\",\"MGK\",\"sencillo\"],\"articleSection\":[\"El \u00faltimo\"],\"inLanguage\":\"es-AR\"},{\"@type\":\"WebPage\",\"@id\":\"https:\/\/web.consaguirre.com.ar\/noticias\/mgk-y-fred-durst-comparten-el-sencillo-fix-ur-face\/\",\"url\":\"https:\/\/web.consaguirre.com.ar\/noticias\/mgk-y-fred-durst-comparten-el-sencillo-fix-ur-face\/\",\"name\":\"mgk y Fred Durst comparten el sencillo 'FIX UR FACE'\",\"isPartOf\":{\"@id\":\"https:\/\/web.consaguirre.com.ar\/noticias\/#website\"},\"primaryImageOfPage\":{\"@id\":\"https:\/\/web.consaguirre.com.ar\/noticias\/mgk-y-fred-durst-comparten-el-sencillo-fix-ur-face\/#primaryimage\"},\"image\":{\"@id\":\"https:\/\/web.consaguirre.com.ar\/noticias\/mgk-y-fred-durst-comparten-el-sencillo-fix-ur-face\/#primaryimage\"},\"thumbnailUrl\":\"https:\/\/web.consaguirre.com.ar\/noticias\/wp-content\/uploads\/2026\/04\/mgk-y-Fred-Durst-comparten-el-sencillo-FIX-UR-FACE.jpg\",\"datePublished\":\"2026-04-22T20:38:18+00:00\",\"dateModified\":\"2026-04-22T20:38:19+00:00\",\"breadcrumb\":{\"@id\":\"https:\/\/web.consaguirre.com.ar\/noticias\/mgk-y-fred-durst-comparten-el-sencillo-fix-ur-face\/#breadcrumb\"},\"inLanguage\":\"es-AR\",\"potentialAction\":[{\"@type\":\"ReadAction\",\"target\":[\"https:\/\/web.consaguirre.com.ar\/noticias\/mgk-y-fred-durst-comparten-el-sencillo-fix-ur-face\/\"]}]},{\"@type\":\"ImageObject\",\"inLanguage\":\"es-AR\",\"@id\":\"https:\/\/web.consaguirre.com.ar\/noticias\/mgk-y-fred-durst-comparten-el-sencillo-fix-ur-face\/#primaryimage\",\"url\":\"https:\/\/web.consaguirre.com.ar\/noticias\/wp-content\/uploads\/2026\/04\/mgk-y-Fred-Durst-comparten-el-sencillo-FIX-UR-FACE.jpg\",\"contentUrl\":\"https:\/\/web.consaguirre.com.ar\/noticias\/wp-content\/uploads\/2026\/04\/mgk-y-Fred-Durst-comparten-el-sencillo-FIX-UR-FACE.jpg\",\"width\":820,\"height\":820,\"caption\":\"mgk Fred Durst FIX UR FACE cover\"},{\"@type\":\"BreadcrumbList\",\"@id\":\"https:\/\/web.consaguirre.com.ar\/noticias\/mgk-y-fred-durst-comparten-el-sencillo-fix-ur-face\/#breadcrumb\",\"itemListElement\":[{\"@type\":\"ListItem\",\"position\":1,\"name\":\"Inicio\",\"item\":\"https:\/\/web.consaguirre.com.ar\/noticias\/\"},{\"@type\":\"ListItem\",\"position\":2,\"name\":\"mgk y Fred Durst comparten el sencillo &#8216;FIX UR FACE&#8217;\"}]},{\"@type\":\"WebSite\",\"@id\":\"https:\/\/web.consaguirre.com.ar\/noticias\/#website\",\"url\":\"https:\/\/web.consaguirre.com.ar\/noticias\/\",\"name\":\"Conservatorio de M\u00fasica Juli\u00e1n Aguirre\",\"description\":\"\",\"publisher\":{\"@id\":\"https:\/\/web.consaguirre.com.ar\/noticias\/#organization\"},\"potentialAction\":[{\"@type\":\"SearchAction\",\"target\":{\"@type\":\"EntryPoint\",\"urlTemplate\":\"https:\/\/web.consaguirre.com.ar\/noticias\/?s={search_term_string}\"},\"query-input\":\"required name=search_term_string\"}],\"inLanguage\":\"es-AR\"},{\"@type\":\"Organization\",\"@id\":\"https:\/\/web.consaguirre.com.ar\/noticias\/#organization\",\"name\":\"Conservatorio de M\u00fasica Juli\u00e1n Aguirre\",\"url\":\"https:\/\/web.consaguirre.com.ar\/noticias\/\",\"logo\":{\"@type\":\"ImageObject\",\"inLanguage\":\"es-AR\",\"@id\":\"https:\/\/web.consaguirre.com.ar\/noticias\/#\/schema\/logo\/image\/\",\"url\":\"https:\/\/web.consaguirre.com.ar\/noticias\/wp-content\/uploads\/2024\/08\/Banner-Aguirre-23.jpg\",\"contentUrl\":\"https:\/\/web.consaguirre.com.ar\/noticias\/wp-content\/uploads\/2024\/08\/Banner-Aguirre-23.jpg\",\"width\":1192,\"height\":600,\"caption\":\"Conservatorio de M\u00fasica Juli\u00e1n Aguirre\"},\"image\":{\"@id\":\"https:\/\/web.consaguirre.com.ar\/noticias\/#\/schema\/logo\/image\/\"}},{\"@type\":\"Person\",\"@id\":\"https:\/\/web.consaguirre.com.ar\/noticias\/#\/schema\/person\/6558b0cfedee7ddc5425602b237d5722\",\"name\":\"Javier Figueroa\",\"image\":{\"@type\":\"ImageObject\",\"inLanguage\":\"es-AR\",\"@id\":\"https:\/\/web.consaguirre.com.ar\/noticias\/#\/schema\/person\/image\/\",\"url\":\"https:\/\/web.consaguirre.com.ar\/noticias\/wp-content\/uploads\/2024\/08\/Consaguirre-scaled.jpg\",\"contentUrl\":\"https:\/\/web.consaguirre.com.ar\/noticias\/wp-content\/uploads\/2024\/08\/Consaguirre-scaled.jpg\",\"caption\":\"Javier Figueroa\"},\"description\":\"Me llamo Javier Figueroa y soy redactor para el sitio oficial del Conservatorio de M\u00fasica Juli\u00e1n Aguirre en Buenos Aires, consaguirre.com. Apasionado por la m\u00fasica y la escritura, me esfuerzo por destacar los talentos y eventos de nuestra prestigiosa instituci\u00f3n. Mi trayectoria se nutre de una profunda admiraci\u00f3n por los artistas, haciendo de cada art\u00edculo una celebraci\u00f3n de la creatividad y la cultura musical.\",\"sameAs\":[\"https:\/\/web.consaguirre.com.ar\/noticias\"]}]}<\/script>\n<!-- \/ Yoast SEO plugin. -->","yoast_head_json":{"title":"mgk y Fred Durst comparten el sencillo 'FIX UR FACE'","robots":{"index":"index","follow":"follow","max-snippet":"max-snippet:-1","max-image-preview":"max-image-preview:large","max-video-preview":"max-video-preview:-1"},"canonical":"https:\/\/web.consaguirre.com.ar\/noticias\/mgk-y-fred-durst-comparten-el-sencillo-fix-ur-face\/","og_locale":"es_ES","og_type":"article","og_title":"mgk y Fred Durst comparten el sencillo 'FIX UR FACE'","og_description":"mgk ha lanzado su nuevo sencillo \u201cFIX UR FACE\u201d con Fred Durst, junto con un v\u00eddeo musical que lo acompa\u00f1a. La canci\u00f3n y el visual","og_url":"https:\/\/web.consaguirre.com.ar\/noticias\/mgk-y-fred-durst-comparten-el-sencillo-fix-ur-face\/","og_site_name":"Conservatorio de M\u00fasica Juli\u00e1n Aguirre","article_published_time":"2026-04-22T20:38:18+00:00","article_modified_time":"2026-04-22T20:38:19+00:00","og_image":[{"width":820,"height":820,"url":"https:\/\/web.consaguirre.com.ar\/noticias\/wp-content\/uploads\/2026\/04\/mgk-y-Fred-Durst-comparten-el-sencillo-FIX-UR-FACE.jpg","type":"image\/jpeg"}],"author":"Javier Figueroa","twitter_card":"summary_large_image","twitter_misc":{"Escrito por":"Javier Figueroa","Tiempo de lectura":"2 minutos"},"schema":{"@context":"https:\/\/schema.org","@graph":[{"@type":"Article","@id":"https:\/\/web.consaguirre.com.ar\/noticias\/mgk-y-fred-durst-comparten-el-sencillo-fix-ur-face\/#article","isPartOf":{"@id":"https:\/\/web.consaguirre.com.ar\/noticias\/mgk-y-fred-durst-comparten-el-sencillo-fix-ur-face\/"},"author":{"name":"Javier Figueroa","@id":"https:\/\/web.consaguirre.com.ar\/noticias\/#\/schema\/person\/6558b0cfedee7ddc5425602b237d5722"},"headline":"mgk y Fred Durst comparten el sencillo &#8216;FIX UR FACE&#8217;","datePublished":"2026-04-22T20:38:18+00:00","dateModified":"2026-04-22T20:38:19+00:00","mainEntityOfPage":{"@id":"https:\/\/web.consaguirre.com.ar\/noticias\/mgk-y-fred-durst-comparten-el-sencillo-fix-ur-face\/"},"wordCount":316,"publisher":{"@id":"https:\/\/web.consaguirre.com.ar\/noticias\/#organization"},"image":{"@id":"https:\/\/web.consaguirre.com.ar\/noticias\/mgk-y-fred-durst-comparten-el-sencillo-fix-ur-face\/#primaryimage"},"thumbnailUrl":"https:\/\/web.consaguirre.com.ar\/noticias\/wp-content\/uploads\/2026\/04\/mgk-y-Fred-Durst-comparten-el-sencillo-FIX-UR-FACE.jpg","keywords":["comparten","Durst","Face","FIX","Fred","MGK","sencillo"],"articleSection":["El \u00faltimo"],"inLanguage":"es-AR"},{"@type":"WebPage","@id":"https:\/\/web.consaguirre.com.ar\/noticias\/mgk-y-fred-durst-comparten-el-sencillo-fix-ur-face\/","url":"https:\/\/web.consaguirre.com.ar\/noticias\/mgk-y-fred-durst-comparten-el-sencillo-fix-ur-face\/","name":"mgk y Fred Durst comparten el sencillo 'FIX UR FACE'","isPartOf":{"@id":"https:\/\/web.consaguirre.com.ar\/noticias\/#website"},"primaryImageOfPage":{"@id":"https:\/\/web.consaguirre.com.ar\/noticias\/mgk-y-fred-durst-comparten-el-sencillo-fix-ur-face\/#primaryimage"},"image":{"@id":"https:\/\/web.consaguirre.com.ar\/noticias\/mgk-y-fred-durst-comparten-el-sencillo-fix-ur-face\/#primaryimage"},"thumbnailUrl":"https:\/\/web.consaguirre.com.ar\/noticias\/wp-content\/uploads\/2026\/04\/mgk-y-Fred-Durst-comparten-el-sencillo-FIX-UR-FACE.jpg","datePublished":"2026-04-22T20:38:18+00:00","dateModified":"2026-04-22T20:38:19+00:00","breadcrumb":{"@id":"https:\/\/web.consaguirre.com.ar\/noticias\/mgk-y-fred-durst-comparten-el-sencillo-fix-ur-face\/#breadcrumb"},"inLanguage":"es-AR","potentialAction":[{"@type":"ReadAction","target":["https:\/\/web.consaguirre.com.ar\/noticias\/mgk-y-fred-durst-comparten-el-sencillo-fix-ur-face\/"]}]},{"@type":"ImageObject","inLanguage":"es-AR","@id":"https:\/\/web.consaguirre.com.ar\/noticias\/mgk-y-fred-durst-comparten-el-sencillo-fix-ur-face\/#primaryimage","url":"https:\/\/web.consaguirre.com.ar\/noticias\/wp-content\/uploads\/2026\/04\/mgk-y-Fred-Durst-comparten-el-sencillo-FIX-UR-FACE.jpg","contentUrl":"https:\/\/web.consaguirre.com.ar\/noticias\/wp-content\/uploads\/2026\/04\/mgk-y-Fred-Durst-comparten-el-sencillo-FIX-UR-FACE.jpg","width":820,"height":820,"caption":"mgk Fred Durst FIX UR FACE cover"},{"@type":"BreadcrumbList","@id":"https:\/\/web.consaguirre.com.ar\/noticias\/mgk-y-fred-durst-comparten-el-sencillo-fix-ur-face\/#breadcrumb","itemListElement":[{"@type":"ListItem","position":1,"name":"Inicio","item":"https:\/\/web.consaguirre.com.ar\/noticias\/"},{"@type":"ListItem","position":2,"name":"mgk y Fred Durst comparten el sencillo &#8216;FIX UR FACE&#8217;"}]},{"@type":"WebSite","@id":"https:\/\/web.consaguirre.com.ar\/noticias\/#website","url":"https:\/\/web.consaguirre.com.ar\/noticias\/","name":"Conservatorio de M\u00fasica Juli\u00e1n Aguirre","description":"","publisher":{"@id":"https:\/\/web.consaguirre.com.ar\/noticias\/#organization"},"potentialAction":[{"@type":"SearchAction","target":{"@type":"EntryPoint","urlTemplate":"https:\/\/web.consaguirre.com.ar\/noticias\/?s={search_term_string}"},"query-input":"required name=search_term_string"}],"inLanguage":"es-AR"},{"@type":"Organization","@id":"https:\/\/web.consaguirre.com.ar\/noticias\/#organization","name":"Conservatorio de M\u00fasica Juli\u00e1n Aguirre","url":"https:\/\/web.consaguirre.com.ar\/noticias\/","logo":{"@type":"ImageObject","inLanguage":"es-AR","@id":"https:\/\/web.consaguirre.com.ar\/noticias\/#\/schema\/logo\/image\/","url":"https:\/\/web.consaguirre.com.ar\/noticias\/wp-content\/uploads\/2024\/08\/Banner-Aguirre-23.jpg","contentUrl":"https:\/\/web.consaguirre.com.ar\/noticias\/wp-content\/uploads\/2024\/08\/Banner-Aguirre-23.jpg","width":1192,"height":600,"caption":"Conservatorio de M\u00fasica Juli\u00e1n Aguirre"},"image":{"@id":"https:\/\/web.consaguirre.com.ar\/noticias\/#\/schema\/logo\/image\/"}},{"@type":"Person","@id":"https:\/\/web.consaguirre.com.ar\/noticias\/#\/schema\/person\/6558b0cfedee7ddc5425602b237d5722","name":"Javier Figueroa","image":{"@type":"ImageObject","inLanguage":"es-AR","@id":"https:\/\/web.consaguirre.com.ar\/noticias\/#\/schema\/person\/image\/","url":"https:\/\/web.consaguirre.com.ar\/noticias\/wp-content\/uploads\/2024\/08\/Consaguirre-scaled.jpg","contentUrl":"https:\/\/web.consaguirre.com.ar\/noticias\/wp-content\/uploads\/2024\/08\/Consaguirre-scaled.jpg","caption":"Javier Figueroa"},"description":"Me llamo Javier Figueroa y soy redactor para el sitio oficial del Conservatorio de M\u00fasica Juli\u00e1n Aguirre en Buenos Aires, consaguirre.com. Apasionado por la m\u00fasica y la escritura, me esfuerzo por destacar los talentos y eventos de nuestra prestigiosa instituci\u00f3n. Mi trayectoria se nutre de una profunda admiraci\u00f3n por los artistas, haciendo de cada art\u00edculo una celebraci\u00f3n de la creatividad y la cultura musical.","sameAs":["https:\/\/web.consaguirre.com.ar\/noticias"]}]}},"_links":{"self":[{"href":"https:\/\/web.consaguirre.com.ar\/noticias\/wp-json\/wp\/v2\/posts\/5748"}],"collection":[{"href":"https:\/\/web.consaguirre.com.ar\/noticias\/wp-json\/wp\/v2\/posts"}],"about":[{"href":"https:\/\/web.consaguirre.com.ar\/noticias\/wp-json\/wp\/v2\/types\/post"}],"author":[{"embeddable":true,"href":"https:\/\/web.consaguirre.com.ar\/noticias\/wp-json\/wp\/v2\/users\/1"}],"replies":[{"embeddable":true,"href":"https:\/\/web.consaguirre.com.ar\/noticias\/wp-json\/wp\/v2\/comments?post=5748"}],"version-history":[{"count":1,"href":"https:\/\/web.consaguirre.com.ar\/noticias\/wp-json\/wp\/v2\/posts\/5748\/revisions"}],"predecessor-version":[{"id":5750,"href":"https:\/\/web.consaguirre.com.ar\/noticias\/wp-json\/wp\/v2\/posts\/5748\/revisions\/5750"}],"wp:featuredmedia":[{"embeddable":true,"href":"https:\/\/web.consaguirre.com.ar\/noticias\/wp-json\/wp\/v2\/media\/5749"}],"wp:attachment":[{"href":"https:\/\/web.consaguirre.com.ar\/noticias\/wp-json\/wp\/v2\/media?parent=5748"}],"wp:term":[{"taxonomy":"category","embeddable":true,"href":"https:\/\/web.consaguirre.com.ar\/noticias\/wp-json\/wp\/v2\/categories?post=5748"},{"taxonomy":"post_tag","embeddable":true,"href":"https:\/\/web.consaguirre.com.ar\/noticias\/wp-json\/wp\/v2\/tags?post=5748"}],"curies":[{"name":"wp","href":"https:\/\/api.w.org\/{rel}","templated":true}]}}