{"id":5742,"date":"2026-04-22T11:38:30","date_gmt":"2026-04-22T14:38:30","guid":{"rendered":"https:\/\/web.consaguirre.com.ar\/noticias\/camylio-anuncia-album-debut-take-my-bones\/"},"modified":"2026-04-22T11:38:31","modified_gmt":"2026-04-22T14:38:31","slug":"camylio-anuncia-album-debut-take-my-bones","status":"publish","type":"post","link":"https:\/\/web.consaguirre.com.ar\/noticias\/camylio-anuncia-album-debut-take-my-bones\/","title":{"rendered":"Camylio anuncia \u00e1lbum debut &#8216;take my Bones&#8217;"},"content":{"rendered":"<p><b>camilio<\/b> ha anunciado su \u00e1lbum debut <i>toma mis huesos<\/i>cuyo lanzamiento est\u00e1 previsto para el 29 de mayo a trav\u00e9s de Mercury Records, y comparti\u00f3 un nuevo sencillo, \u201chow far down\u201d. El proyecto de 13 pistas marca el primer lanzamiento completo del cantante, compositor y productor nacido en Nueva York y radicado en Los \u00c1ngeles.<\/p>\n<p>El \u00e1lbum incluye temas lanzados anteriormente como \u201cfall into you\u201d y \u201cpsycho\u201d, y \u201chow far down\u201d llega como su \u00faltimo adelanto. Camylio dijo sobre el proyecto: &#8220;He recorrido un largo camino desde que el ni\u00f1o cantaba versiones en las redes sociales frente a un fondo negro y las luces de Amazon en 2021. Sin embargo, todos esos momentos contribuyeron a lo que se ha convertido mi m\u00fasica. Me tom\u00f3 a\u00f1os, pero encontr\u00e9 ad\u00f3nde quiero ir y la direcci\u00f3n en la que quiero vivir&#8221;. El disco refleja un enfoque personal a la composici\u00f3n de canciones, en el que el artista posiciona el material como una forma para que los oyentes conecten sus propias experiencias.<\/p>\n<div class=\"uD-YT-container\"><img decoding=\"async\" src=\"https:\/\/web.consaguirre.com.ar\/noticias\/wp-content\/uploads\/2026\/04\/1776868710_820_Camylio-anuncia-album-debut-take-my-Bones.jpg\" alt=\"V\u00eddeo de YouTube\"><br \/>Haga clic para cargar v\u00eddeo<\/div>\n<p>Y a\u00f1adi\u00f3: \u201cCuando escuchas <em>toma mis huesos<\/em>espero que me conozcas. Al mismo tiempo, estas canciones ahora pertenecen a todos los dem\u00e1s. Tal vez pienses en tu vida, tu relaci\u00f3n, tus padres o tus amigos. Quiero que te veas a ti mismo en las canciones\u201d. Camylio, guitarrista autodidacta desde los ocho a\u00f1os, se bas\u00f3 en influencias como Kaleo, Eric Clapton, Stevie Ray Vaughan, Hozier y John Mayer mientras daba forma al sonido del \u00e1lbum.<\/p>\n<p>El anuncio sigue a un per\u00edodo de crecimiento constante para Camylio en las plataformas sociales y de streaming. Ha acumulado casi 500 millones de transmisiones profesionales y m\u00e1s de 5 millones de seguidores en sus canales. En los \u00faltimos a\u00f1os, lanz\u00f3 cuatro EP, entre ellos <i>todas las canciones que sol\u00eda amar<\/i> y <i>antes de decir adi\u00f3s<\/i>. Tambi\u00e9n ha realizado giras por Norteam\u00e9rica con artistas como Dean Lewis, Forest Blakk y Livingston.<\/p>\n<p><b>Escuche \u201cqu\u00e9 tan abajo\u201d aqu\u00ed.<\/b><\/p>\n","protected":false},"excerpt":{"rendered":"<p>camilio ha anunciado su \u00e1lbum debut toma mis huesoscuyo lanzamiento est\u00e1 previsto para el 29 de mayo a trav\u00e9s de Mercury Records, y comparti\u00f3 un<\/p>\n","protected":false},"author":1,"featured_media":5743,"comment_status":"closed","ping_status":"","sticky":false,"template":"","format":"standard","meta":{"footnotes":""},"categories":[50],"tags":[147,56,4174,4173,257],"class_list":["post-5742","post","type-post","status-publish","format-standard","has-post-thumbnail","hentry","category-el-ultimo","tag-album","tag-anuncia","tag-bones","tag-camylio","tag-debut","generate-columns","tablet-grid-50","mobile-grid-100","grid-parent","grid-50"],"yoast_head":"<!-- This site is optimized with the Yoast SEO plugin v23.3 - https:\/\/yoast.com\/wordpress\/plugins\/seo\/ -->\n<title>Camylio anuncia \u00e1lbum debut &#039;take my Bones&#039;<\/title>\n<meta name=\"robots\" content=\"index, follow, max-snippet:-1, max-image-preview:large, max-video-preview:-1\" \/>\n<link rel=\"canonical\" href=\"https:\/\/web.consaguirre.com.ar\/noticias\/camylio-anuncia-album-debut-take-my-bones\/\" \/>\n<meta property=\"og:locale\" content=\"es_ES\" \/>\n<meta property=\"og:type\" content=\"article\" \/>\n<meta property=\"og:title\" content=\"Camylio anuncia \u00e1lbum debut &#039;take my Bones&#039;\" \/>\n<meta property=\"og:description\" content=\"camilio ha anunciado su \u00e1lbum debut toma mis huesoscuyo lanzamiento est\u00e1 previsto para el 29 de mayo a trav\u00e9s de Mercury Records, y comparti\u00f3 un\" \/>\n<meta property=\"og:url\" content=\"https:\/\/web.consaguirre.com.ar\/noticias\/camylio-anuncia-album-debut-take-my-bones\/\" \/>\n<meta property=\"og:site_name\" content=\"Conservatorio de M\u00fasica Juli\u00e1n Aguirre\" \/>\n<meta property=\"article:published_time\" content=\"2026-04-22T14:38:30+00:00\" \/>\n<meta property=\"article:modified_time\" content=\"2026-04-22T14:38:31+00:00\" \/>\n<meta property=\"og:image\" content=\"https:\/\/web.consaguirre.com.ar\/noticias\/wp-content\/uploads\/2026\/04\/1776868711_Camylio-anuncia-album-debut-take-my-Bones.jpg\" \/>\n\t<meta property=\"og:image:width\" content=\"820\" \/>\n\t<meta property=\"og:image:height\" content=\"820\" \/>\n\t<meta property=\"og:image:type\" content=\"image\/jpeg\" \/>\n<meta name=\"author\" content=\"Javier Figueroa\" \/>\n<meta name=\"twitter:card\" content=\"summary_large_image\" \/>\n<meta name=\"twitter:label1\" content=\"Escrito por\" \/>\n\t<meta name=\"twitter:data1\" content=\"Javier Figueroa\" \/>\n\t<meta name=\"twitter:label2\" content=\"Tiempo de lectura\" \/>\n\t<meta name=\"twitter:data2\" content=\"2 minutos\" \/>\n<script type=\"application\/ld+json\" class=\"yoast-schema-graph\">{\"@context\":\"https:\/\/schema.org\",\"@graph\":[{\"@type\":\"Article\",\"@id\":\"https:\/\/web.consaguirre.com.ar\/noticias\/camylio-anuncia-album-debut-take-my-bones\/#article\",\"isPartOf\":{\"@id\":\"https:\/\/web.consaguirre.com.ar\/noticias\/camylio-anuncia-album-debut-take-my-bones\/\"},\"author\":{\"name\":\"Javier Figueroa\",\"@id\":\"https:\/\/web.consaguirre.com.ar\/noticias\/#\/schema\/person\/6558b0cfedee7ddc5425602b237d5722\"},\"headline\":\"Camylio anuncia \u00e1lbum debut &#8216;take my Bones&#8217;\",\"datePublished\":\"2026-04-22T14:38:30+00:00\",\"dateModified\":\"2026-04-22T14:38:31+00:00\",\"mainEntityOfPage\":{\"@id\":\"https:\/\/web.consaguirre.com.ar\/noticias\/camylio-anuncia-album-debut-take-my-bones\/\"},\"wordCount\":342,\"publisher\":{\"@id\":\"https:\/\/web.consaguirre.com.ar\/noticias\/#organization\"},\"image\":{\"@id\":\"https:\/\/web.consaguirre.com.ar\/noticias\/camylio-anuncia-album-debut-take-my-bones\/#primaryimage\"},\"thumbnailUrl\":\"https:\/\/web.consaguirre.com.ar\/noticias\/wp-content\/uploads\/2026\/04\/1776868711_Camylio-anuncia-album-debut-take-my-Bones.jpg\",\"keywords\":[\"\u00e1lbum\",\"anuncia\",\"Bones\",\"Camylio\",\"debut\"],\"articleSection\":[\"El \u00faltimo\"],\"inLanguage\":\"es-AR\"},{\"@type\":\"WebPage\",\"@id\":\"https:\/\/web.consaguirre.com.ar\/noticias\/camylio-anuncia-album-debut-take-my-bones\/\",\"url\":\"https:\/\/web.consaguirre.com.ar\/noticias\/camylio-anuncia-album-debut-take-my-bones\/\",\"name\":\"Camylio anuncia \u00e1lbum debut 'take my Bones'\",\"isPartOf\":{\"@id\":\"https:\/\/web.consaguirre.com.ar\/noticias\/#website\"},\"primaryImageOfPage\":{\"@id\":\"https:\/\/web.consaguirre.com.ar\/noticias\/camylio-anuncia-album-debut-take-my-bones\/#primaryimage\"},\"image\":{\"@id\":\"https:\/\/web.consaguirre.com.ar\/noticias\/camylio-anuncia-album-debut-take-my-bones\/#primaryimage\"},\"thumbnailUrl\":\"https:\/\/web.consaguirre.com.ar\/noticias\/wp-content\/uploads\/2026\/04\/1776868711_Camylio-anuncia-album-debut-take-my-Bones.jpg\",\"datePublished\":\"2026-04-22T14:38:30+00:00\",\"dateModified\":\"2026-04-22T14:38:31+00:00\",\"breadcrumb\":{\"@id\":\"https:\/\/web.consaguirre.com.ar\/noticias\/camylio-anuncia-album-debut-take-my-bones\/#breadcrumb\"},\"inLanguage\":\"es-AR\",\"potentialAction\":[{\"@type\":\"ReadAction\",\"target\":[\"https:\/\/web.consaguirre.com.ar\/noticias\/camylio-anuncia-album-debut-take-my-bones\/\"]}]},{\"@type\":\"ImageObject\",\"inLanguage\":\"es-AR\",\"@id\":\"https:\/\/web.consaguirre.com.ar\/noticias\/camylio-anuncia-album-debut-take-my-bones\/#primaryimage\",\"url\":\"https:\/\/web.consaguirre.com.ar\/noticias\/wp-content\/uploads\/2026\/04\/1776868711_Camylio-anuncia-album-debut-take-my-Bones.jpg\",\"contentUrl\":\"https:\/\/web.consaguirre.com.ar\/noticias\/wp-content\/uploads\/2026\/04\/1776868711_Camylio-anuncia-album-debut-take-my-Bones.jpg\",\"width\":820,\"height\":820,\"caption\":\"Camylio take my bones\"},{\"@type\":\"BreadcrumbList\",\"@id\":\"https:\/\/web.consaguirre.com.ar\/noticias\/camylio-anuncia-album-debut-take-my-bones\/#breadcrumb\",\"itemListElement\":[{\"@type\":\"ListItem\",\"position\":1,\"name\":\"Inicio\",\"item\":\"https:\/\/web.consaguirre.com.ar\/noticias\/\"},{\"@type\":\"ListItem\",\"position\":2,\"name\":\"Camylio anuncia \u00e1lbum debut &#8216;take my Bones&#8217;\"}]},{\"@type\":\"WebSite\",\"@id\":\"https:\/\/web.consaguirre.com.ar\/noticias\/#website\",\"url\":\"https:\/\/web.consaguirre.com.ar\/noticias\/\",\"name\":\"Conservatorio de M\u00fasica Juli\u00e1n Aguirre\",\"description\":\"\",\"publisher\":{\"@id\":\"https:\/\/web.consaguirre.com.ar\/noticias\/#organization\"},\"potentialAction\":[{\"@type\":\"SearchAction\",\"target\":{\"@type\":\"EntryPoint\",\"urlTemplate\":\"https:\/\/web.consaguirre.com.ar\/noticias\/?s={search_term_string}\"},\"query-input\":\"required name=search_term_string\"}],\"inLanguage\":\"es-AR\"},{\"@type\":\"Organization\",\"@id\":\"https:\/\/web.consaguirre.com.ar\/noticias\/#organization\",\"name\":\"Conservatorio de M\u00fasica Juli\u00e1n Aguirre\",\"url\":\"https:\/\/web.consaguirre.com.ar\/noticias\/\",\"logo\":{\"@type\":\"ImageObject\",\"inLanguage\":\"es-AR\",\"@id\":\"https:\/\/web.consaguirre.com.ar\/noticias\/#\/schema\/logo\/image\/\",\"url\":\"https:\/\/web.consaguirre.com.ar\/noticias\/wp-content\/uploads\/2024\/08\/Banner-Aguirre-23.jpg\",\"contentUrl\":\"https:\/\/web.consaguirre.com.ar\/noticias\/wp-content\/uploads\/2024\/08\/Banner-Aguirre-23.jpg\",\"width\":1192,\"height\":600,\"caption\":\"Conservatorio de M\u00fasica Juli\u00e1n Aguirre\"},\"image\":{\"@id\":\"https:\/\/web.consaguirre.com.ar\/noticias\/#\/schema\/logo\/image\/\"}},{\"@type\":\"Person\",\"@id\":\"https:\/\/web.consaguirre.com.ar\/noticias\/#\/schema\/person\/6558b0cfedee7ddc5425602b237d5722\",\"name\":\"Javier Figueroa\",\"image\":{\"@type\":\"ImageObject\",\"inLanguage\":\"es-AR\",\"@id\":\"https:\/\/web.consaguirre.com.ar\/noticias\/#\/schema\/person\/image\/\",\"url\":\"https:\/\/web.consaguirre.com.ar\/noticias\/wp-content\/uploads\/2024\/08\/Consaguirre-scaled.jpg\",\"contentUrl\":\"https:\/\/web.consaguirre.com.ar\/noticias\/wp-content\/uploads\/2024\/08\/Consaguirre-scaled.jpg\",\"caption\":\"Javier Figueroa\"},\"description\":\"Me llamo Javier Figueroa y soy redactor para el sitio oficial del Conservatorio de M\u00fasica Juli\u00e1n Aguirre en Buenos Aires, consaguirre.com. Apasionado por la m\u00fasica y la escritura, me esfuerzo por destacar los talentos y eventos de nuestra prestigiosa instituci\u00f3n. Mi trayectoria se nutre de una profunda admiraci\u00f3n por los artistas, haciendo de cada art\u00edculo una celebraci\u00f3n de la creatividad y la cultura musical.\",\"sameAs\":[\"https:\/\/web.consaguirre.com.ar\/noticias\"]}]}<\/script>\n<!-- \/ Yoast SEO plugin. -->","yoast_head_json":{"title":"Camylio anuncia \u00e1lbum debut 'take my Bones'","robots":{"index":"index","follow":"follow","max-snippet":"max-snippet:-1","max-image-preview":"max-image-preview:large","max-video-preview":"max-video-preview:-1"},"canonical":"https:\/\/web.consaguirre.com.ar\/noticias\/camylio-anuncia-album-debut-take-my-bones\/","og_locale":"es_ES","og_type":"article","og_title":"Camylio anuncia \u00e1lbum debut 'take my Bones'","og_description":"camilio ha anunciado su \u00e1lbum debut toma mis huesoscuyo lanzamiento est\u00e1 previsto para el 29 de mayo a trav\u00e9s de Mercury Records, y comparti\u00f3 un","og_url":"https:\/\/web.consaguirre.com.ar\/noticias\/camylio-anuncia-album-debut-take-my-bones\/","og_site_name":"Conservatorio de M\u00fasica Juli\u00e1n Aguirre","article_published_time":"2026-04-22T14:38:30+00:00","article_modified_time":"2026-04-22T14:38:31+00:00","og_image":[{"width":820,"height":820,"url":"https:\/\/web.consaguirre.com.ar\/noticias\/wp-content\/uploads\/2026\/04\/1776868711_Camylio-anuncia-album-debut-take-my-Bones.jpg","type":"image\/jpeg"}],"author":"Javier Figueroa","twitter_card":"summary_large_image","twitter_misc":{"Escrito por":"Javier Figueroa","Tiempo de lectura":"2 minutos"},"schema":{"@context":"https:\/\/schema.org","@graph":[{"@type":"Article","@id":"https:\/\/web.consaguirre.com.ar\/noticias\/camylio-anuncia-album-debut-take-my-bones\/#article","isPartOf":{"@id":"https:\/\/web.consaguirre.com.ar\/noticias\/camylio-anuncia-album-debut-take-my-bones\/"},"author":{"name":"Javier Figueroa","@id":"https:\/\/web.consaguirre.com.ar\/noticias\/#\/schema\/person\/6558b0cfedee7ddc5425602b237d5722"},"headline":"Camylio anuncia \u00e1lbum debut &#8216;take my Bones&#8217;","datePublished":"2026-04-22T14:38:30+00:00","dateModified":"2026-04-22T14:38:31+00:00","mainEntityOfPage":{"@id":"https:\/\/web.consaguirre.com.ar\/noticias\/camylio-anuncia-album-debut-take-my-bones\/"},"wordCount":342,"publisher":{"@id":"https:\/\/web.consaguirre.com.ar\/noticias\/#organization"},"image":{"@id":"https:\/\/web.consaguirre.com.ar\/noticias\/camylio-anuncia-album-debut-take-my-bones\/#primaryimage"},"thumbnailUrl":"https:\/\/web.consaguirre.com.ar\/noticias\/wp-content\/uploads\/2026\/04\/1776868711_Camylio-anuncia-album-debut-take-my-Bones.jpg","keywords":["\u00e1lbum","anuncia","Bones","Camylio","debut"],"articleSection":["El \u00faltimo"],"inLanguage":"es-AR"},{"@type":"WebPage","@id":"https:\/\/web.consaguirre.com.ar\/noticias\/camylio-anuncia-album-debut-take-my-bones\/","url":"https:\/\/web.consaguirre.com.ar\/noticias\/camylio-anuncia-album-debut-take-my-bones\/","name":"Camylio anuncia \u00e1lbum debut 'take my Bones'","isPartOf":{"@id":"https:\/\/web.consaguirre.com.ar\/noticias\/#website"},"primaryImageOfPage":{"@id":"https:\/\/web.consaguirre.com.ar\/noticias\/camylio-anuncia-album-debut-take-my-bones\/#primaryimage"},"image":{"@id":"https:\/\/web.consaguirre.com.ar\/noticias\/camylio-anuncia-album-debut-take-my-bones\/#primaryimage"},"thumbnailUrl":"https:\/\/web.consaguirre.com.ar\/noticias\/wp-content\/uploads\/2026\/04\/1776868711_Camylio-anuncia-album-debut-take-my-Bones.jpg","datePublished":"2026-04-22T14:38:30+00:00","dateModified":"2026-04-22T14:38:31+00:00","breadcrumb":{"@id":"https:\/\/web.consaguirre.com.ar\/noticias\/camylio-anuncia-album-debut-take-my-bones\/#breadcrumb"},"inLanguage":"es-AR","potentialAction":[{"@type":"ReadAction","target":["https:\/\/web.consaguirre.com.ar\/noticias\/camylio-anuncia-album-debut-take-my-bones\/"]}]},{"@type":"ImageObject","inLanguage":"es-AR","@id":"https:\/\/web.consaguirre.com.ar\/noticias\/camylio-anuncia-album-debut-take-my-bones\/#primaryimage","url":"https:\/\/web.consaguirre.com.ar\/noticias\/wp-content\/uploads\/2026\/04\/1776868711_Camylio-anuncia-album-debut-take-my-Bones.jpg","contentUrl":"https:\/\/web.consaguirre.com.ar\/noticias\/wp-content\/uploads\/2026\/04\/1776868711_Camylio-anuncia-album-debut-take-my-Bones.jpg","width":820,"height":820,"caption":"Camylio take my bones"},{"@type":"BreadcrumbList","@id":"https:\/\/web.consaguirre.com.ar\/noticias\/camylio-anuncia-album-debut-take-my-bones\/#breadcrumb","itemListElement":[{"@type":"ListItem","position":1,"name":"Inicio","item":"https:\/\/web.consaguirre.com.ar\/noticias\/"},{"@type":"ListItem","position":2,"name":"Camylio anuncia \u00e1lbum debut &#8216;take my Bones&#8217;"}]},{"@type":"WebSite","@id":"https:\/\/web.consaguirre.com.ar\/noticias\/#website","url":"https:\/\/web.consaguirre.com.ar\/noticias\/","name":"Conservatorio de M\u00fasica Juli\u00e1n Aguirre","description":"","publisher":{"@id":"https:\/\/web.consaguirre.com.ar\/noticias\/#organization"},"potentialAction":[{"@type":"SearchAction","target":{"@type":"EntryPoint","urlTemplate":"https:\/\/web.consaguirre.com.ar\/noticias\/?s={search_term_string}"},"query-input":"required name=search_term_string"}],"inLanguage":"es-AR"},{"@type":"Organization","@id":"https:\/\/web.consaguirre.com.ar\/noticias\/#organization","name":"Conservatorio de M\u00fasica Juli\u00e1n Aguirre","url":"https:\/\/web.consaguirre.com.ar\/noticias\/","logo":{"@type":"ImageObject","inLanguage":"es-AR","@id":"https:\/\/web.consaguirre.com.ar\/noticias\/#\/schema\/logo\/image\/","url":"https:\/\/web.consaguirre.com.ar\/noticias\/wp-content\/uploads\/2024\/08\/Banner-Aguirre-23.jpg","contentUrl":"https:\/\/web.consaguirre.com.ar\/noticias\/wp-content\/uploads\/2024\/08\/Banner-Aguirre-23.jpg","width":1192,"height":600,"caption":"Conservatorio de M\u00fasica Juli\u00e1n Aguirre"},"image":{"@id":"https:\/\/web.consaguirre.com.ar\/noticias\/#\/schema\/logo\/image\/"}},{"@type":"Person","@id":"https:\/\/web.consaguirre.com.ar\/noticias\/#\/schema\/person\/6558b0cfedee7ddc5425602b237d5722","name":"Javier Figueroa","image":{"@type":"ImageObject","inLanguage":"es-AR","@id":"https:\/\/web.consaguirre.com.ar\/noticias\/#\/schema\/person\/image\/","url":"https:\/\/web.consaguirre.com.ar\/noticias\/wp-content\/uploads\/2024\/08\/Consaguirre-scaled.jpg","contentUrl":"https:\/\/web.consaguirre.com.ar\/noticias\/wp-content\/uploads\/2024\/08\/Consaguirre-scaled.jpg","caption":"Javier Figueroa"},"description":"Me llamo Javier Figueroa y soy redactor para el sitio oficial del Conservatorio de M\u00fasica Juli\u00e1n Aguirre en Buenos Aires, consaguirre.com. Apasionado por la m\u00fasica y la escritura, me esfuerzo por destacar los talentos y eventos de nuestra prestigiosa instituci\u00f3n. Mi trayectoria se nutre de una profunda admiraci\u00f3n por los artistas, haciendo de cada art\u00edculo una celebraci\u00f3n de la creatividad y la cultura musical.","sameAs":["https:\/\/web.consaguirre.com.ar\/noticias"]}]}},"_links":{"self":[{"href":"https:\/\/web.consaguirre.com.ar\/noticias\/wp-json\/wp\/v2\/posts\/5742"}],"collection":[{"href":"https:\/\/web.consaguirre.com.ar\/noticias\/wp-json\/wp\/v2\/posts"}],"about":[{"href":"https:\/\/web.consaguirre.com.ar\/noticias\/wp-json\/wp\/v2\/types\/post"}],"author":[{"embeddable":true,"href":"https:\/\/web.consaguirre.com.ar\/noticias\/wp-json\/wp\/v2\/users\/1"}],"replies":[{"embeddable":true,"href":"https:\/\/web.consaguirre.com.ar\/noticias\/wp-json\/wp\/v2\/comments?post=5742"}],"version-history":[{"count":1,"href":"https:\/\/web.consaguirre.com.ar\/noticias\/wp-json\/wp\/v2\/posts\/5742\/revisions"}],"predecessor-version":[{"id":5744,"href":"https:\/\/web.consaguirre.com.ar\/noticias\/wp-json\/wp\/v2\/posts\/5742\/revisions\/5744"}],"wp:featuredmedia":[{"embeddable":true,"href":"https:\/\/web.consaguirre.com.ar\/noticias\/wp-json\/wp\/v2\/media\/5743"}],"wp:attachment":[{"href":"https:\/\/web.consaguirre.com.ar\/noticias\/wp-json\/wp\/v2\/media?parent=5742"}],"wp:term":[{"taxonomy":"category","embeddable":true,"href":"https:\/\/web.consaguirre.com.ar\/noticias\/wp-json\/wp\/v2\/categories?post=5742"},{"taxonomy":"post_tag","embeddable":true,"href":"https:\/\/web.consaguirre.com.ar\/noticias\/wp-json\/wp\/v2\/tags?post=5742"}],"curies":[{"name":"wp","href":"https:\/\/api.w.org\/{rel}","templated":true}]}}