{"id":5737,"date":"2026-04-21T20:38:21","date_gmt":"2026-04-21T23:38:21","guid":{"rendered":"https:\/\/web.consaguirre.com.ar\/noticias\/kaya-de-bob-marley-the-wailers-obtiene-una-reedicion-420\/"},"modified":"2026-04-21T20:38:22","modified_gmt":"2026-04-21T23:38:22","slug":"kaya-de-bob-marley-the-wailers-obtiene-una-reedicion-420","status":"publish","type":"post","link":"https:\/\/web.consaguirre.com.ar\/noticias\/kaya-de-bob-marley-the-wailers-obtiene-una-reedicion-420\/","title":{"rendered":"&#8216;Kaya&#8217; de Bob Marley &#038; The Wailers obtiene una reedici\u00f3n 420"},"content":{"rendered":"<p>Para celebrar el 420, una nueva reedici\u00f3n de Bob Marley &#038; The Wailers <em>kaya<\/em> Ha llegado. El \u00e1lbum de 1978 del \u00edcono de la m\u00fasica, que incluye el \u00e9xito atemporal \u201cIs This Love\u201d, ahora est\u00e1 a la venta como un disco de im\u00e1genes de edici\u00f3n especial \u201c420\u201d con un tratamiento de portada \u00fanico con un laminado de espejo plateado. Esta reedici\u00f3n del disco de im\u00e1genes est\u00e1 disponible \u00fanicamente a trav\u00e9s de la tienda online oficial de Bob Marley.<\/p>\n<p>Los Wailers liberados <em>kaya<\/em> en marzo de 1978, un mes antes del concierto One Love Peace en Kingston, que marc\u00f3 el regreso de Marley a Jamaica desde Londres. El \u00e1lbum surgi\u00f3 en un momento en que Marley, una gran estrella en Europa, el Reino Unido y Jamaica, estaba preparado para triunfar en los Estados Unidos.<\/p>\n<p>\u201c<em>kaya<\/em> present\u00f3 una versi\u00f3n m\u00e1s amable y amigable de Bob Marley &#038; the Wailers, pero tambi\u00e9n document\u00f3 a Marley y su grupo en la cima de sus habilidades\u201d, escribi\u00f3 m\u00e1s tarde Mark Deming en <em>Toda la gu\u00eda musical<\/em>. \u201cLos matices en la voz de Marley en &#8216;Running Away&#8217;, &#8216;She&#8217;s Gone&#8217; e &#8216;Is This Love&#8217; mostraron cu\u00e1nto hab\u00eda crecido como int\u00e9rprete desde entonces. <em>atrapar un fuego<\/em>y su pasi\u00f3n eleva &#8216;Misty Morning&#8217; a uno de los aspectos m\u00e1s destacados del \u00e1lbum\u201d.<\/p>\n<p>\u201c<em>kaya<\/em>como <em>\u00e9xodo<\/em> antes, fue grabado en Londres, durante el per\u00edodo de &#8220;exilio&#8221; de Marley en Jamaica, y a menudo se lo conoce como un \u00e1lbum hermano de <em>\u00e9xodo<\/em>&#8220;, explic\u00f3 David Sinclair en una retrospectiva de uDiscoverMusic. &#8220;Pero las dos colecciones dif\u00edcilmente podr\u00edan haber ofrecido mayor contraste en el tono. Despu\u00e9s de las visiones apocal\u00edpticas y las majestuosas cumbres de <em>\u00e9xodo<\/em>el ambiente musical de <em>kaya<\/em> reflejaba un estado mental m\u00e1s pac\u00edfico y armonioso\u201d.<\/p>\n<p>Aunque incorpor\u00f3 tres canciones grabadas por primera vez en 1971. <em>Revoluci\u00f3n del alma Parte II<\/em>\u2014incluido \u201cSun Is Shining\u201d, que p\u00f3stumamente se convirti\u00f3 en uno de los temas m\u00e1s queridos de Marley, y \u201cSatisfy My Soul\u201d\u2014<em>kaya<\/em> es mejor conocido por &#8220;Is This Love&#8221;, la canci\u00f3n de amor deslumbrante que lleg\u00f3 al top 10 del Reino Unido en el momento de su lanzamiento y que luego se convirti\u00f3 en la canci\u00f3n de apertura del tema esencial de Marley. <em>Leyenda<\/em> compilaci\u00f3n. Naomi Campbell, de siete a\u00f1os, apareci\u00f3 en el v\u00eddeo musical, filmado en el Keskidee Arts Centre de Londres.<\/p>\n<p><b>Comprar Bob Marley&#8217;s <em>kaya<\/em> en vinilo de disco de imagen aqu\u00ed.<\/b><\/p>\n","protected":false},"excerpt":{"rendered":"<p>Para celebrar el 420, una nueva reedici\u00f3n de Bob Marley &#038; The Wailers kaya Ha llegado. El \u00e1lbum de 1978 del \u00edcono de la m\u00fasica,<\/p>\n","protected":false},"author":1,"featured_media":5738,"comment_status":"closed","ping_status":"","sticky":false,"template":"","format":"standard","meta":{"footnotes":""},"categories":[50],"tags":[780,4170,781,800,117,191,2847],"class_list":["post-5737","post","type-post","status-publish","format-standard","has-post-thumbnail","hentry","category-el-ultimo","tag-bob","tag-kaya","tag-marley","tag-obtiene","tag-reedicion","tag-una","tag-wailers","generate-columns","tablet-grid-50","mobile-grid-100","grid-parent","grid-50"],"yoast_head":"<!-- This site is optimized with the Yoast SEO plugin v23.3 - https:\/\/yoast.com\/wordpress\/plugins\/seo\/ -->\n<title>&#039;Kaya&#039; de Bob Marley &amp; The Wailers obtiene una reedici\u00f3n 420<\/title>\n<meta name=\"robots\" content=\"index, follow, max-snippet:-1, max-image-preview:large, max-video-preview:-1\" \/>\n<link rel=\"canonical\" href=\"https:\/\/web.consaguirre.com.ar\/noticias\/kaya-de-bob-marley-the-wailers-obtiene-una-reedicion-420\/\" \/>\n<meta property=\"og:locale\" content=\"es_ES\" \/>\n<meta property=\"og:type\" content=\"article\" \/>\n<meta property=\"og:title\" content=\"&#039;Kaya&#039; de Bob Marley &amp; The Wailers obtiene una reedici\u00f3n 420\" \/>\n<meta property=\"og:description\" content=\"Para celebrar el 420, una nueva reedici\u00f3n de Bob Marley &#038; The Wailers kaya Ha llegado. El \u00e1lbum de 1978 del \u00edcono de la m\u00fasica,\" \/>\n<meta property=\"og:url\" content=\"https:\/\/web.consaguirre.com.ar\/noticias\/kaya-de-bob-marley-the-wailers-obtiene-una-reedicion-420\/\" \/>\n<meta property=\"og:site_name\" content=\"Conservatorio de M\u00fasica Juli\u00e1n Aguirre\" \/>\n<meta property=\"article:published_time\" content=\"2026-04-21T23:38:21+00:00\" \/>\n<meta property=\"article:modified_time\" content=\"2026-04-21T23:38:22+00:00\" \/>\n<meta property=\"og:image\" content=\"https:\/\/web.consaguirre.com.ar\/noticias\/wp-content\/uploads\/2026\/04\/Kaya-de-Bob-Marley-The-Wailers-obtiene-una-reedicion.jpg\" \/>\n\t<meta property=\"og:image:width\" content=\"820\" \/>\n\t<meta property=\"og:image:height\" content=\"820\" \/>\n\t<meta property=\"og:image:type\" content=\"image\/jpeg\" \/>\n<meta name=\"author\" content=\"Javier Figueroa\" \/>\n<meta name=\"twitter:card\" content=\"summary_large_image\" \/>\n<meta name=\"twitter:label1\" content=\"Escrito por\" \/>\n\t<meta name=\"twitter:data1\" content=\"Javier Figueroa\" \/>\n\t<meta name=\"twitter:label2\" content=\"Tiempo de lectura\" \/>\n\t<meta name=\"twitter:data2\" content=\"2 minutos\" \/>\n<script type=\"application\/ld+json\" class=\"yoast-schema-graph\">{\"@context\":\"https:\/\/schema.org\",\"@graph\":[{\"@type\":\"Article\",\"@id\":\"https:\/\/web.consaguirre.com.ar\/noticias\/kaya-de-bob-marley-the-wailers-obtiene-una-reedicion-420\/#article\",\"isPartOf\":{\"@id\":\"https:\/\/web.consaguirre.com.ar\/noticias\/kaya-de-bob-marley-the-wailers-obtiene-una-reedicion-420\/\"},\"author\":{\"name\":\"Javier Figueroa\",\"@id\":\"https:\/\/web.consaguirre.com.ar\/noticias\/#\/schema\/person\/6558b0cfedee7ddc5425602b237d5722\"},\"headline\":\"&#8216;Kaya&#8217; de Bob Marley &#038; The Wailers obtiene una reedici\u00f3n 420\",\"datePublished\":\"2026-04-21T23:38:21+00:00\",\"dateModified\":\"2026-04-21T23:38:22+00:00\",\"mainEntityOfPage\":{\"@id\":\"https:\/\/web.consaguirre.com.ar\/noticias\/kaya-de-bob-marley-the-wailers-obtiene-una-reedicion-420\/\"},\"wordCount\":429,\"publisher\":{\"@id\":\"https:\/\/web.consaguirre.com.ar\/noticias\/#organization\"},\"image\":{\"@id\":\"https:\/\/web.consaguirre.com.ar\/noticias\/kaya-de-bob-marley-the-wailers-obtiene-una-reedicion-420\/#primaryimage\"},\"thumbnailUrl\":\"https:\/\/web.consaguirre.com.ar\/noticias\/wp-content\/uploads\/2026\/04\/Kaya-de-Bob-Marley-The-Wailers-obtiene-una-reedicion.jpg\",\"keywords\":[\"Bob\",\"Kaya\",\"Marley\",\"obtiene\",\"reedici\u00f3n\",\"una\",\"Wailers\"],\"articleSection\":[\"El \u00faltimo\"],\"inLanguage\":\"es-AR\"},{\"@type\":\"WebPage\",\"@id\":\"https:\/\/web.consaguirre.com.ar\/noticias\/kaya-de-bob-marley-the-wailers-obtiene-una-reedicion-420\/\",\"url\":\"https:\/\/web.consaguirre.com.ar\/noticias\/kaya-de-bob-marley-the-wailers-obtiene-una-reedicion-420\/\",\"name\":\"'Kaya' de Bob Marley & The Wailers obtiene una reedici\u00f3n 420\",\"isPartOf\":{\"@id\":\"https:\/\/web.consaguirre.com.ar\/noticias\/#website\"},\"primaryImageOfPage\":{\"@id\":\"https:\/\/web.consaguirre.com.ar\/noticias\/kaya-de-bob-marley-the-wailers-obtiene-una-reedicion-420\/#primaryimage\"},\"image\":{\"@id\":\"https:\/\/web.consaguirre.com.ar\/noticias\/kaya-de-bob-marley-the-wailers-obtiene-una-reedicion-420\/#primaryimage\"},\"thumbnailUrl\":\"https:\/\/web.consaguirre.com.ar\/noticias\/wp-content\/uploads\/2026\/04\/Kaya-de-Bob-Marley-The-Wailers-obtiene-una-reedicion.jpg\",\"datePublished\":\"2026-04-21T23:38:21+00:00\",\"dateModified\":\"2026-04-21T23:38:22+00:00\",\"breadcrumb\":{\"@id\":\"https:\/\/web.consaguirre.com.ar\/noticias\/kaya-de-bob-marley-the-wailers-obtiene-una-reedicion-420\/#breadcrumb\"},\"inLanguage\":\"es-AR\",\"potentialAction\":[{\"@type\":\"ReadAction\",\"target\":[\"https:\/\/web.consaguirre.com.ar\/noticias\/kaya-de-bob-marley-the-wailers-obtiene-una-reedicion-420\/\"]}]},{\"@type\":\"ImageObject\",\"inLanguage\":\"es-AR\",\"@id\":\"https:\/\/web.consaguirre.com.ar\/noticias\/kaya-de-bob-marley-the-wailers-obtiene-una-reedicion-420\/#primaryimage\",\"url\":\"https:\/\/web.consaguirre.com.ar\/noticias\/wp-content\/uploads\/2026\/04\/Kaya-de-Bob-Marley-The-Wailers-obtiene-una-reedicion.jpg\",\"contentUrl\":\"https:\/\/web.consaguirre.com.ar\/noticias\/wp-content\/uploads\/2026\/04\/Kaya-de-Bob-Marley-The-Wailers-obtiene-una-reedicion.jpg\",\"width\":820,\"height\":820,\"caption\":\"Bob Marley Kaya Picture Disc\"},{\"@type\":\"BreadcrumbList\",\"@id\":\"https:\/\/web.consaguirre.com.ar\/noticias\/kaya-de-bob-marley-the-wailers-obtiene-una-reedicion-420\/#breadcrumb\",\"itemListElement\":[{\"@type\":\"ListItem\",\"position\":1,\"name\":\"Inicio\",\"item\":\"https:\/\/web.consaguirre.com.ar\/noticias\/\"},{\"@type\":\"ListItem\",\"position\":2,\"name\":\"&#8216;Kaya&#8217; de Bob Marley &#038; The Wailers obtiene una reedici\u00f3n 420\"}]},{\"@type\":\"WebSite\",\"@id\":\"https:\/\/web.consaguirre.com.ar\/noticias\/#website\",\"url\":\"https:\/\/web.consaguirre.com.ar\/noticias\/\",\"name\":\"Conservatorio de M\u00fasica Juli\u00e1n Aguirre\",\"description\":\"\",\"publisher\":{\"@id\":\"https:\/\/web.consaguirre.com.ar\/noticias\/#organization\"},\"potentialAction\":[{\"@type\":\"SearchAction\",\"target\":{\"@type\":\"EntryPoint\",\"urlTemplate\":\"https:\/\/web.consaguirre.com.ar\/noticias\/?s={search_term_string}\"},\"query-input\":\"required name=search_term_string\"}],\"inLanguage\":\"es-AR\"},{\"@type\":\"Organization\",\"@id\":\"https:\/\/web.consaguirre.com.ar\/noticias\/#organization\",\"name\":\"Conservatorio de M\u00fasica Juli\u00e1n Aguirre\",\"url\":\"https:\/\/web.consaguirre.com.ar\/noticias\/\",\"logo\":{\"@type\":\"ImageObject\",\"inLanguage\":\"es-AR\",\"@id\":\"https:\/\/web.consaguirre.com.ar\/noticias\/#\/schema\/logo\/image\/\",\"url\":\"https:\/\/web.consaguirre.com.ar\/noticias\/wp-content\/uploads\/2024\/08\/Banner-Aguirre-23.jpg\",\"contentUrl\":\"https:\/\/web.consaguirre.com.ar\/noticias\/wp-content\/uploads\/2024\/08\/Banner-Aguirre-23.jpg\",\"width\":1192,\"height\":600,\"caption\":\"Conservatorio de M\u00fasica Juli\u00e1n Aguirre\"},\"image\":{\"@id\":\"https:\/\/web.consaguirre.com.ar\/noticias\/#\/schema\/logo\/image\/\"}},{\"@type\":\"Person\",\"@id\":\"https:\/\/web.consaguirre.com.ar\/noticias\/#\/schema\/person\/6558b0cfedee7ddc5425602b237d5722\",\"name\":\"Javier Figueroa\",\"image\":{\"@type\":\"ImageObject\",\"inLanguage\":\"es-AR\",\"@id\":\"https:\/\/web.consaguirre.com.ar\/noticias\/#\/schema\/person\/image\/\",\"url\":\"https:\/\/web.consaguirre.com.ar\/noticias\/wp-content\/uploads\/2024\/08\/Consaguirre-scaled.jpg\",\"contentUrl\":\"https:\/\/web.consaguirre.com.ar\/noticias\/wp-content\/uploads\/2024\/08\/Consaguirre-scaled.jpg\",\"caption\":\"Javier Figueroa\"},\"description\":\"Me llamo Javier Figueroa y soy redactor para el sitio oficial del Conservatorio de M\u00fasica Juli\u00e1n Aguirre en Buenos Aires, consaguirre.com. Apasionado por la m\u00fasica y la escritura, me esfuerzo por destacar los talentos y eventos de nuestra prestigiosa instituci\u00f3n. Mi trayectoria se nutre de una profunda admiraci\u00f3n por los artistas, haciendo de cada art\u00edculo una celebraci\u00f3n de la creatividad y la cultura musical.\",\"sameAs\":[\"https:\/\/web.consaguirre.com.ar\/noticias\"]}]}<\/script>\n<!-- \/ Yoast SEO plugin. -->","yoast_head_json":{"title":"'Kaya' de Bob Marley & The Wailers obtiene una reedici\u00f3n 420","robots":{"index":"index","follow":"follow","max-snippet":"max-snippet:-1","max-image-preview":"max-image-preview:large","max-video-preview":"max-video-preview:-1"},"canonical":"https:\/\/web.consaguirre.com.ar\/noticias\/kaya-de-bob-marley-the-wailers-obtiene-una-reedicion-420\/","og_locale":"es_ES","og_type":"article","og_title":"'Kaya' de Bob Marley & The Wailers obtiene una reedici\u00f3n 420","og_description":"Para celebrar el 420, una nueva reedici\u00f3n de Bob Marley &#038; The Wailers kaya Ha llegado. El \u00e1lbum de 1978 del \u00edcono de la m\u00fasica,","og_url":"https:\/\/web.consaguirre.com.ar\/noticias\/kaya-de-bob-marley-the-wailers-obtiene-una-reedicion-420\/","og_site_name":"Conservatorio de M\u00fasica Juli\u00e1n Aguirre","article_published_time":"2026-04-21T23:38:21+00:00","article_modified_time":"2026-04-21T23:38:22+00:00","og_image":[{"width":820,"height":820,"url":"https:\/\/web.consaguirre.com.ar\/noticias\/wp-content\/uploads\/2026\/04\/Kaya-de-Bob-Marley-The-Wailers-obtiene-una-reedicion.jpg","type":"image\/jpeg"}],"author":"Javier Figueroa","twitter_card":"summary_large_image","twitter_misc":{"Escrito por":"Javier Figueroa","Tiempo de lectura":"2 minutos"},"schema":{"@context":"https:\/\/schema.org","@graph":[{"@type":"Article","@id":"https:\/\/web.consaguirre.com.ar\/noticias\/kaya-de-bob-marley-the-wailers-obtiene-una-reedicion-420\/#article","isPartOf":{"@id":"https:\/\/web.consaguirre.com.ar\/noticias\/kaya-de-bob-marley-the-wailers-obtiene-una-reedicion-420\/"},"author":{"name":"Javier Figueroa","@id":"https:\/\/web.consaguirre.com.ar\/noticias\/#\/schema\/person\/6558b0cfedee7ddc5425602b237d5722"},"headline":"&#8216;Kaya&#8217; de Bob Marley &#038; The Wailers obtiene una reedici\u00f3n 420","datePublished":"2026-04-21T23:38:21+00:00","dateModified":"2026-04-21T23:38:22+00:00","mainEntityOfPage":{"@id":"https:\/\/web.consaguirre.com.ar\/noticias\/kaya-de-bob-marley-the-wailers-obtiene-una-reedicion-420\/"},"wordCount":429,"publisher":{"@id":"https:\/\/web.consaguirre.com.ar\/noticias\/#organization"},"image":{"@id":"https:\/\/web.consaguirre.com.ar\/noticias\/kaya-de-bob-marley-the-wailers-obtiene-una-reedicion-420\/#primaryimage"},"thumbnailUrl":"https:\/\/web.consaguirre.com.ar\/noticias\/wp-content\/uploads\/2026\/04\/Kaya-de-Bob-Marley-The-Wailers-obtiene-una-reedicion.jpg","keywords":["Bob","Kaya","Marley","obtiene","reedici\u00f3n","una","Wailers"],"articleSection":["El \u00faltimo"],"inLanguage":"es-AR"},{"@type":"WebPage","@id":"https:\/\/web.consaguirre.com.ar\/noticias\/kaya-de-bob-marley-the-wailers-obtiene-una-reedicion-420\/","url":"https:\/\/web.consaguirre.com.ar\/noticias\/kaya-de-bob-marley-the-wailers-obtiene-una-reedicion-420\/","name":"'Kaya' de Bob Marley & The Wailers obtiene una reedici\u00f3n 420","isPartOf":{"@id":"https:\/\/web.consaguirre.com.ar\/noticias\/#website"},"primaryImageOfPage":{"@id":"https:\/\/web.consaguirre.com.ar\/noticias\/kaya-de-bob-marley-the-wailers-obtiene-una-reedicion-420\/#primaryimage"},"image":{"@id":"https:\/\/web.consaguirre.com.ar\/noticias\/kaya-de-bob-marley-the-wailers-obtiene-una-reedicion-420\/#primaryimage"},"thumbnailUrl":"https:\/\/web.consaguirre.com.ar\/noticias\/wp-content\/uploads\/2026\/04\/Kaya-de-Bob-Marley-The-Wailers-obtiene-una-reedicion.jpg","datePublished":"2026-04-21T23:38:21+00:00","dateModified":"2026-04-21T23:38:22+00:00","breadcrumb":{"@id":"https:\/\/web.consaguirre.com.ar\/noticias\/kaya-de-bob-marley-the-wailers-obtiene-una-reedicion-420\/#breadcrumb"},"inLanguage":"es-AR","potentialAction":[{"@type":"ReadAction","target":["https:\/\/web.consaguirre.com.ar\/noticias\/kaya-de-bob-marley-the-wailers-obtiene-una-reedicion-420\/"]}]},{"@type":"ImageObject","inLanguage":"es-AR","@id":"https:\/\/web.consaguirre.com.ar\/noticias\/kaya-de-bob-marley-the-wailers-obtiene-una-reedicion-420\/#primaryimage","url":"https:\/\/web.consaguirre.com.ar\/noticias\/wp-content\/uploads\/2026\/04\/Kaya-de-Bob-Marley-The-Wailers-obtiene-una-reedicion.jpg","contentUrl":"https:\/\/web.consaguirre.com.ar\/noticias\/wp-content\/uploads\/2026\/04\/Kaya-de-Bob-Marley-The-Wailers-obtiene-una-reedicion.jpg","width":820,"height":820,"caption":"Bob Marley Kaya Picture Disc"},{"@type":"BreadcrumbList","@id":"https:\/\/web.consaguirre.com.ar\/noticias\/kaya-de-bob-marley-the-wailers-obtiene-una-reedicion-420\/#breadcrumb","itemListElement":[{"@type":"ListItem","position":1,"name":"Inicio","item":"https:\/\/web.consaguirre.com.ar\/noticias\/"},{"@type":"ListItem","position":2,"name":"&#8216;Kaya&#8217; de Bob Marley &#038; The Wailers obtiene una reedici\u00f3n 420"}]},{"@type":"WebSite","@id":"https:\/\/web.consaguirre.com.ar\/noticias\/#website","url":"https:\/\/web.consaguirre.com.ar\/noticias\/","name":"Conservatorio de M\u00fasica Juli\u00e1n Aguirre","description":"","publisher":{"@id":"https:\/\/web.consaguirre.com.ar\/noticias\/#organization"},"potentialAction":[{"@type":"SearchAction","target":{"@type":"EntryPoint","urlTemplate":"https:\/\/web.consaguirre.com.ar\/noticias\/?s={search_term_string}"},"query-input":"required name=search_term_string"}],"inLanguage":"es-AR"},{"@type":"Organization","@id":"https:\/\/web.consaguirre.com.ar\/noticias\/#organization","name":"Conservatorio de M\u00fasica Juli\u00e1n Aguirre","url":"https:\/\/web.consaguirre.com.ar\/noticias\/","logo":{"@type":"ImageObject","inLanguage":"es-AR","@id":"https:\/\/web.consaguirre.com.ar\/noticias\/#\/schema\/logo\/image\/","url":"https:\/\/web.consaguirre.com.ar\/noticias\/wp-content\/uploads\/2024\/08\/Banner-Aguirre-23.jpg","contentUrl":"https:\/\/web.consaguirre.com.ar\/noticias\/wp-content\/uploads\/2024\/08\/Banner-Aguirre-23.jpg","width":1192,"height":600,"caption":"Conservatorio de M\u00fasica Juli\u00e1n Aguirre"},"image":{"@id":"https:\/\/web.consaguirre.com.ar\/noticias\/#\/schema\/logo\/image\/"}},{"@type":"Person","@id":"https:\/\/web.consaguirre.com.ar\/noticias\/#\/schema\/person\/6558b0cfedee7ddc5425602b237d5722","name":"Javier Figueroa","image":{"@type":"ImageObject","inLanguage":"es-AR","@id":"https:\/\/web.consaguirre.com.ar\/noticias\/#\/schema\/person\/image\/","url":"https:\/\/web.consaguirre.com.ar\/noticias\/wp-content\/uploads\/2024\/08\/Consaguirre-scaled.jpg","contentUrl":"https:\/\/web.consaguirre.com.ar\/noticias\/wp-content\/uploads\/2024\/08\/Consaguirre-scaled.jpg","caption":"Javier Figueroa"},"description":"Me llamo Javier Figueroa y soy redactor para el sitio oficial del Conservatorio de M\u00fasica Juli\u00e1n Aguirre en Buenos Aires, consaguirre.com. Apasionado por la m\u00fasica y la escritura, me esfuerzo por destacar los talentos y eventos de nuestra prestigiosa instituci\u00f3n. Mi trayectoria se nutre de una profunda admiraci\u00f3n por los artistas, haciendo de cada art\u00edculo una celebraci\u00f3n de la creatividad y la cultura musical.","sameAs":["https:\/\/web.consaguirre.com.ar\/noticias"]}]}},"_links":{"self":[{"href":"https:\/\/web.consaguirre.com.ar\/noticias\/wp-json\/wp\/v2\/posts\/5737"}],"collection":[{"href":"https:\/\/web.consaguirre.com.ar\/noticias\/wp-json\/wp\/v2\/posts"}],"about":[{"href":"https:\/\/web.consaguirre.com.ar\/noticias\/wp-json\/wp\/v2\/types\/post"}],"author":[{"embeddable":true,"href":"https:\/\/web.consaguirre.com.ar\/noticias\/wp-json\/wp\/v2\/users\/1"}],"replies":[{"embeddable":true,"href":"https:\/\/web.consaguirre.com.ar\/noticias\/wp-json\/wp\/v2\/comments?post=5737"}],"version-history":[{"count":1,"href":"https:\/\/web.consaguirre.com.ar\/noticias\/wp-json\/wp\/v2\/posts\/5737\/revisions"}],"predecessor-version":[{"id":5739,"href":"https:\/\/web.consaguirre.com.ar\/noticias\/wp-json\/wp\/v2\/posts\/5737\/revisions\/5739"}],"wp:featuredmedia":[{"embeddable":true,"href":"https:\/\/web.consaguirre.com.ar\/noticias\/wp-json\/wp\/v2\/media\/5738"}],"wp:attachment":[{"href":"https:\/\/web.consaguirre.com.ar\/noticias\/wp-json\/wp\/v2\/media?parent=5737"}],"wp:term":[{"taxonomy":"category","embeddable":true,"href":"https:\/\/web.consaguirre.com.ar\/noticias\/wp-json\/wp\/v2\/categories?post=5737"},{"taxonomy":"post_tag","embeddable":true,"href":"https:\/\/web.consaguirre.com.ar\/noticias\/wp-json\/wp\/v2\/tags?post=5737"}],"curies":[{"name":"wp","href":"https:\/\/api.w.org\/{rel}","templated":true}]}}