{"id":5734,"date":"2026-04-21T17:39:17","date_gmt":"2026-04-21T20:39:17","guid":{"rendered":"https:\/\/web.consaguirre.com.ar\/noticias\/miranda-lambert-se-alinea-con-mca-records\/"},"modified":"2026-04-21T17:39:18","modified_gmt":"2026-04-21T20:39:18","slug":"miranda-lambert-se-alinea-con-mca-records","status":"publish","type":"post","link":"https:\/\/web.consaguirre.com.ar\/noticias\/miranda-lambert-se-alinea-con-mca-records\/","title":{"rendered":"Miranda Lambert se alinea con MCA Records"},"content":{"rendered":"<p>Miranda Lambert est\u00e1 de camino a MCA. La tres veces ganadora del Grammy lanzar\u00e1 su futura m\u00fasica con el sello, seg\u00fan los planes anunciados el lunes. El acuerdo marca un compromiso continuo con la comunidad creativa de Nashville por parte de Lambert, una de las cantautoras m\u00e1s aclamadas y exitosas de su generaci\u00f3n, y le brindar\u00e1 la fuerza promocional global de MCA.<\/p>\n<p>&#8220;Miranda es una artista generacional cuya influencia y arte contin\u00faan dando forma a la m\u00fasica moderna&#8221;, dijo el presidente y director ejecutivo de MCA, Mike Harris. &#8220;Nos sentimos honrados de trabajar junto a ella mientras ingresa en este pr\u00f3ximo cap\u00edtulo y esperamos construir algo realmente especial juntos&#8221;.<\/p>\n<p>Lambert tambi\u00e9n comparti\u00f3 una declaraci\u00f3n sobre el nuevo acuerdo. \u201cA lo largo de mi vida y mi carrera, he descubierto que el hilo conductor de cada cap\u00edtulo es encontrar a las personas adecuadas (compositores, m\u00fasicos, colaboradores y miembros del equipo) que est\u00e9n a la altura del momento\u201d, dijo. &#8220;Me siento honrado de unirme a una lista y un equipo con una historia tan rica de defensa del arte. Espero compartir esta nueva m\u00fasica con el mundo bajo su bandera&#8221;.<\/p>\n<div align=\"center\">\n<div class=\"udiscover-store-container\">\n<div id='udiscover-store-two-product'><\/div>\n<\/div>\n<p>\/*<!(CDATA(*\/(function (){var scriptURL='https:\/\/sdks.shopifycdn.com\/buy-button\/latest\/buy-button-storefront.min.js';if(window.ShopifyBuy){if(window.ShopifyBuy.UI){ShopifyBuyInit();}else{loadScript();}}else{loadScript();}funci\u00f3n loadScript(){var script=document.createElement('script');script.async=true;script.src=scriptURL;(document.getElementsByTagName('head')(0)|| document.getElementsByTagName('body')(0)).appendChild(script);script.onload=ShopifyBuyInit;} function ShopifyBuyInit(){var cliente=ShopifyBuy.buildClient({dominio:'udiscover.myshopify.com',storefrontAccessToken: 'bdc89f347d2ce61c1feeb9f8c60b2b98',}); ShopifyBuy.UI.onReady(cliente).luego(funci\u00f3n(ui){ ui.createComponent('productSet',{ id:(7543123640397,7543123607629), nodo:document.getElementById('udiscover-store-two-product'), moneyFormat:'%24%7B%7Bamount%7D%7D', opciones:{&quot;producto&quot;:{&quot;marco flotante&quot;:FALSO,&quot;eventos&quot;:{antes deInit:funci\u00f3n(producto){Objeto.defineProperty(producto,&quot;es bot\u00f3n&quot;,{get:function(){return true;}});Object.defineProperty(producto,&quot;opciones&quot;{get:function(){return this.config(this.typeKey);}});var actualOnButtonClick=product.onButtonClick;product.onButtonClick=function(event,target) {event.stopImmediatePropagation();this.options.buttonDestination=&quot;modal&quot;;actualOnButtonClick.call(este,evento,destino);};}},\n&quot;bot\u00f3nDestino&quot;:&quot;modal&quot;,&quot;contenido&quot;:{&quot;opciones&quot;:verdadero},&quot;texto&quot;:{&quot;bot\u00f3n&quot;:&quot;Ordene ahora&quot;,&quot;Agotado&quot;:&quot;Lo sentimos, esto est\u00e1 agotado.&quot;}},&quot;conjunto de productos&quot;:{&quot;marco flotante&quot;:FALSO},&quot;modalProducto&quot;:{&quot;marco flotante&quot;:FALSO,&quot;contenido&quot;:{&quot;imagen&quot;:FALSO,&quot;imgConCarrusel&quot;:verdadero,&quot;bot\u00f3n&quot;:FALSO,&quot;bot\u00f3nConCantidad&quot;:verdadero}},&quot;modal&quot;:{&quot;marco flotante&quot;:FALSO},&quot;opci\u00f3n&quot;:{&quot;marco flotante&quot;:FALSO},&quot;carro&quot;:{&quot;marco flotante&quot;:FALSO},&quot;palanca&quot;:{&quot;marco flotante&quot;:FALSO,&quot;contenido&quot;:{&quot;icono&quot;:FALSO}},&quot;art\u00edculo de l\u00ednea&quot;:{&quot;marco flotante&quot;:FALSO}},}); }); } })(); \/*))>*\/ <\/div>\n<\/p>\n<p>Los prestigiosos logros de Lambert incluyen siete \u00e1lbumes en solitario n\u00famero uno, diez sencillos de radio n\u00famero uno y m\u00e1s de 80 premios. Es la artista m\u00e1s premiada en la historia de la Academia de M\u00fasica Country y la artista m\u00e1s nominada en los pr\u00f3ximos premios ACM de este a\u00f1o. Su residencia Velvet Rodeo en Las Vegas se extendi\u00f3 dos veces y en 2022 fue incluida en la lista TIME100 de las personas m\u00e1s influyentes del mundo.<\/p>\n<p>Adem\u00e1s de su extenso trabajo en solitario, Lambert ha creado un cat\u00e1logo prol\u00edfico con el supergrupo Pistol Annies y se ha labrado un papel constante como compositor y productor para otros actos. Ella coescribi\u00f3 y cant\u00f3 coros en \u201cChoosin&#8217; Texas\u201d de Ella Langley, que actualmente pasa su s\u00e9ptima semana como la canci\u00f3n n\u00famero uno en Estados Unidos.<\/p>\n<p>Lambert continuar\u00e1 en su puesto en Big Loud Texas, el sello y editorial que cofund\u00f3 con Jon Randall, donde sigue involucrada activamente en asuntos comerciales y desarrollo de artistas.<\/p>\n<p><b>Explore nuestra colecci\u00f3n de pa\u00edses que incluye vinilos y CD de edici\u00f3n limitada aqu\u00ed.<\/b><\/p>\n","protected":false},"excerpt":{"rendered":"<p>Miranda Lambert est\u00e1 de camino a MCA. La tres veces ganadora del Grammy lanzar\u00e1 su futura m\u00fasica con el sello, seg\u00fan los planes anunciados el<\/p>\n","protected":false},"author":1,"featured_media":5735,"comment_status":"closed","ping_status":"","sticky":false,"template":"","format":"standard","meta":{"footnotes":""},"categories":[50],"tags":[4169,32,2480,2629,2479,256],"class_list":["post-5734","post","type-post","status-publish","format-standard","has-post-thumbnail","hentry","category-el-ultimo","tag-alinea","tag-con","tag-lambert","tag-mca","tag-miranda","tag-records","generate-columns","tablet-grid-50","mobile-grid-100","grid-parent","grid-50"],"yoast_head":"<!-- This site is optimized with the Yoast SEO plugin v23.3 - https:\/\/yoast.com\/wordpress\/plugins\/seo\/ -->\n<title>Miranda Lambert se alinea con MCA Records<\/title>\n<meta name=\"robots\" content=\"index, follow, max-snippet:-1, max-image-preview:large, max-video-preview:-1\" \/>\n<link rel=\"canonical\" href=\"https:\/\/web.consaguirre.com.ar\/noticias\/miranda-lambert-se-alinea-con-mca-records\/\" \/>\n<meta property=\"og:locale\" content=\"es_ES\" \/>\n<meta property=\"og:type\" content=\"article\" \/>\n<meta property=\"og:title\" content=\"Miranda Lambert se alinea con MCA Records\" \/>\n<meta property=\"og:description\" content=\"Miranda Lambert est\u00e1 de camino a MCA. La tres veces ganadora del Grammy lanzar\u00e1 su futura m\u00fasica con el sello, seg\u00fan los planes anunciados el\" \/>\n<meta property=\"og:url\" content=\"https:\/\/web.consaguirre.com.ar\/noticias\/miranda-lambert-se-alinea-con-mca-records\/\" \/>\n<meta property=\"og:site_name\" content=\"Conservatorio de M\u00fasica Juli\u00e1n Aguirre\" \/>\n<meta property=\"article:published_time\" content=\"2026-04-21T20:39:17+00:00\" \/>\n<meta property=\"article:modified_time\" content=\"2026-04-21T20:39:18+00:00\" \/>\n<meta property=\"og:image\" content=\"https:\/\/web.consaguirre.com.ar\/noticias\/wp-content\/uploads\/2026\/04\/Miranda-Lambert-se-alinea-con-MCA-Records.jpg\" \/>\n\t<meta property=\"og:image:width\" content=\"1000\" \/>\n\t<meta property=\"og:image:height\" content=\"600\" \/>\n\t<meta property=\"og:image:type\" content=\"image\/jpeg\" \/>\n<meta name=\"author\" content=\"Javier Figueroa\" \/>\n<meta name=\"twitter:card\" content=\"summary_large_image\" \/>\n<meta name=\"twitter:label1\" content=\"Escrito por\" \/>\n\t<meta name=\"twitter:data1\" content=\"Javier Figueroa\" \/>\n\t<meta name=\"twitter:label2\" content=\"Tiempo de lectura\" \/>\n\t<meta name=\"twitter:data2\" content=\"2 minutos\" \/>\n<script type=\"application\/ld+json\" class=\"yoast-schema-graph\">{\"@context\":\"https:\/\/schema.org\",\"@graph\":[{\"@type\":\"Article\",\"@id\":\"https:\/\/web.consaguirre.com.ar\/noticias\/miranda-lambert-se-alinea-con-mca-records\/#article\",\"isPartOf\":{\"@id\":\"https:\/\/web.consaguirre.com.ar\/noticias\/miranda-lambert-se-alinea-con-mca-records\/\"},\"author\":{\"name\":\"Javier Figueroa\",\"@id\":\"https:\/\/web.consaguirre.com.ar\/noticias\/#\/schema\/person\/6558b0cfedee7ddc5425602b237d5722\"},\"headline\":\"Miranda Lambert se alinea con MCA Records\",\"datePublished\":\"2026-04-21T20:39:17+00:00\",\"dateModified\":\"2026-04-21T20:39:18+00:00\",\"mainEntityOfPage\":{\"@id\":\"https:\/\/web.consaguirre.com.ar\/noticias\/miranda-lambert-se-alinea-con-mca-records\/\"},\"wordCount\":402,\"publisher\":{\"@id\":\"https:\/\/web.consaguirre.com.ar\/noticias\/#organization\"},\"image\":{\"@id\":\"https:\/\/web.consaguirre.com.ar\/noticias\/miranda-lambert-se-alinea-con-mca-records\/#primaryimage\"},\"thumbnailUrl\":\"https:\/\/web.consaguirre.com.ar\/noticias\/wp-content\/uploads\/2026\/04\/Miranda-Lambert-se-alinea-con-MCA-Records.jpg\",\"keywords\":[\"alinea\",\"con\",\"Lambert\",\"MCA\",\"Miranda\",\"Records\"],\"articleSection\":[\"El \u00faltimo\"],\"inLanguage\":\"es-AR\"},{\"@type\":\"WebPage\",\"@id\":\"https:\/\/web.consaguirre.com.ar\/noticias\/miranda-lambert-se-alinea-con-mca-records\/\",\"url\":\"https:\/\/web.consaguirre.com.ar\/noticias\/miranda-lambert-se-alinea-con-mca-records\/\",\"name\":\"Miranda Lambert se alinea con MCA Records\",\"isPartOf\":{\"@id\":\"https:\/\/web.consaguirre.com.ar\/noticias\/#website\"},\"primaryImageOfPage\":{\"@id\":\"https:\/\/web.consaguirre.com.ar\/noticias\/miranda-lambert-se-alinea-con-mca-records\/#primaryimage\"},\"image\":{\"@id\":\"https:\/\/web.consaguirre.com.ar\/noticias\/miranda-lambert-se-alinea-con-mca-records\/#primaryimage\"},\"thumbnailUrl\":\"https:\/\/web.consaguirre.com.ar\/noticias\/wp-content\/uploads\/2026\/04\/Miranda-Lambert-se-alinea-con-MCA-Records.jpg\",\"datePublished\":\"2026-04-21T20:39:17+00:00\",\"dateModified\":\"2026-04-21T20:39:18+00:00\",\"breadcrumb\":{\"@id\":\"https:\/\/web.consaguirre.com.ar\/noticias\/miranda-lambert-se-alinea-con-mca-records\/#breadcrumb\"},\"inLanguage\":\"es-AR\",\"potentialAction\":[{\"@type\":\"ReadAction\",\"target\":[\"https:\/\/web.consaguirre.com.ar\/noticias\/miranda-lambert-se-alinea-con-mca-records\/\"]}]},{\"@type\":\"ImageObject\",\"inLanguage\":\"es-AR\",\"@id\":\"https:\/\/web.consaguirre.com.ar\/noticias\/miranda-lambert-se-alinea-con-mca-records\/#primaryimage\",\"url\":\"https:\/\/web.consaguirre.com.ar\/noticias\/wp-content\/uploads\/2026\/04\/Miranda-Lambert-se-alinea-con-MCA-Records.jpg\",\"contentUrl\":\"https:\/\/web.consaguirre.com.ar\/noticias\/wp-content\/uploads\/2026\/04\/Miranda-Lambert-se-alinea-con-MCA-Records.jpg\",\"width\":1000,\"height\":600,\"caption\":\"Miranda Lambert MCA Photo by Tyler Conrad courtesy of MCA\"},{\"@type\":\"BreadcrumbList\",\"@id\":\"https:\/\/web.consaguirre.com.ar\/noticias\/miranda-lambert-se-alinea-con-mca-records\/#breadcrumb\",\"itemListElement\":[{\"@type\":\"ListItem\",\"position\":1,\"name\":\"Inicio\",\"item\":\"https:\/\/web.consaguirre.com.ar\/noticias\/\"},{\"@type\":\"ListItem\",\"position\":2,\"name\":\"Miranda Lambert se alinea con MCA Records\"}]},{\"@type\":\"WebSite\",\"@id\":\"https:\/\/web.consaguirre.com.ar\/noticias\/#website\",\"url\":\"https:\/\/web.consaguirre.com.ar\/noticias\/\",\"name\":\"Conservatorio de M\u00fasica Juli\u00e1n Aguirre\",\"description\":\"\",\"publisher\":{\"@id\":\"https:\/\/web.consaguirre.com.ar\/noticias\/#organization\"},\"potentialAction\":[{\"@type\":\"SearchAction\",\"target\":{\"@type\":\"EntryPoint\",\"urlTemplate\":\"https:\/\/web.consaguirre.com.ar\/noticias\/?s={search_term_string}\"},\"query-input\":\"required name=search_term_string\"}],\"inLanguage\":\"es-AR\"},{\"@type\":\"Organization\",\"@id\":\"https:\/\/web.consaguirre.com.ar\/noticias\/#organization\",\"name\":\"Conservatorio de M\u00fasica Juli\u00e1n Aguirre\",\"url\":\"https:\/\/web.consaguirre.com.ar\/noticias\/\",\"logo\":{\"@type\":\"ImageObject\",\"inLanguage\":\"es-AR\",\"@id\":\"https:\/\/web.consaguirre.com.ar\/noticias\/#\/schema\/logo\/image\/\",\"url\":\"https:\/\/web.consaguirre.com.ar\/noticias\/wp-content\/uploads\/2024\/08\/Banner-Aguirre-23.jpg\",\"contentUrl\":\"https:\/\/web.consaguirre.com.ar\/noticias\/wp-content\/uploads\/2024\/08\/Banner-Aguirre-23.jpg\",\"width\":1192,\"height\":600,\"caption\":\"Conservatorio de M\u00fasica Juli\u00e1n Aguirre\"},\"image\":{\"@id\":\"https:\/\/web.consaguirre.com.ar\/noticias\/#\/schema\/logo\/image\/\"}},{\"@type\":\"Person\",\"@id\":\"https:\/\/web.consaguirre.com.ar\/noticias\/#\/schema\/person\/6558b0cfedee7ddc5425602b237d5722\",\"name\":\"Javier Figueroa\",\"image\":{\"@type\":\"ImageObject\",\"inLanguage\":\"es-AR\",\"@id\":\"https:\/\/web.consaguirre.com.ar\/noticias\/#\/schema\/person\/image\/\",\"url\":\"https:\/\/web.consaguirre.com.ar\/noticias\/wp-content\/uploads\/2024\/08\/Consaguirre-scaled.jpg\",\"contentUrl\":\"https:\/\/web.consaguirre.com.ar\/noticias\/wp-content\/uploads\/2024\/08\/Consaguirre-scaled.jpg\",\"caption\":\"Javier Figueroa\"},\"description\":\"Me llamo Javier Figueroa y soy redactor para el sitio oficial del Conservatorio de M\u00fasica Juli\u00e1n Aguirre en Buenos Aires, consaguirre.com. Apasionado por la m\u00fasica y la escritura, me esfuerzo por destacar los talentos y eventos de nuestra prestigiosa instituci\u00f3n. Mi trayectoria se nutre de una profunda admiraci\u00f3n por los artistas, haciendo de cada art\u00edculo una celebraci\u00f3n de la creatividad y la cultura musical.\",\"sameAs\":[\"https:\/\/web.consaguirre.com.ar\/noticias\"]}]}<\/script>\n<!-- \/ Yoast SEO plugin. -->","yoast_head_json":{"title":"Miranda Lambert se alinea con MCA Records","robots":{"index":"index","follow":"follow","max-snippet":"max-snippet:-1","max-image-preview":"max-image-preview:large","max-video-preview":"max-video-preview:-1"},"canonical":"https:\/\/web.consaguirre.com.ar\/noticias\/miranda-lambert-se-alinea-con-mca-records\/","og_locale":"es_ES","og_type":"article","og_title":"Miranda Lambert se alinea con MCA Records","og_description":"Miranda Lambert est\u00e1 de camino a MCA. La tres veces ganadora del Grammy lanzar\u00e1 su futura m\u00fasica con el sello, seg\u00fan los planes anunciados el","og_url":"https:\/\/web.consaguirre.com.ar\/noticias\/miranda-lambert-se-alinea-con-mca-records\/","og_site_name":"Conservatorio de M\u00fasica Juli\u00e1n Aguirre","article_published_time":"2026-04-21T20:39:17+00:00","article_modified_time":"2026-04-21T20:39:18+00:00","og_image":[{"width":1000,"height":600,"url":"https:\/\/web.consaguirre.com.ar\/noticias\/wp-content\/uploads\/2026\/04\/Miranda-Lambert-se-alinea-con-MCA-Records.jpg","type":"image\/jpeg"}],"author":"Javier Figueroa","twitter_card":"summary_large_image","twitter_misc":{"Escrito por":"Javier Figueroa","Tiempo de lectura":"2 minutos"},"schema":{"@context":"https:\/\/schema.org","@graph":[{"@type":"Article","@id":"https:\/\/web.consaguirre.com.ar\/noticias\/miranda-lambert-se-alinea-con-mca-records\/#article","isPartOf":{"@id":"https:\/\/web.consaguirre.com.ar\/noticias\/miranda-lambert-se-alinea-con-mca-records\/"},"author":{"name":"Javier Figueroa","@id":"https:\/\/web.consaguirre.com.ar\/noticias\/#\/schema\/person\/6558b0cfedee7ddc5425602b237d5722"},"headline":"Miranda Lambert se alinea con MCA Records","datePublished":"2026-04-21T20:39:17+00:00","dateModified":"2026-04-21T20:39:18+00:00","mainEntityOfPage":{"@id":"https:\/\/web.consaguirre.com.ar\/noticias\/miranda-lambert-se-alinea-con-mca-records\/"},"wordCount":402,"publisher":{"@id":"https:\/\/web.consaguirre.com.ar\/noticias\/#organization"},"image":{"@id":"https:\/\/web.consaguirre.com.ar\/noticias\/miranda-lambert-se-alinea-con-mca-records\/#primaryimage"},"thumbnailUrl":"https:\/\/web.consaguirre.com.ar\/noticias\/wp-content\/uploads\/2026\/04\/Miranda-Lambert-se-alinea-con-MCA-Records.jpg","keywords":["alinea","con","Lambert","MCA","Miranda","Records"],"articleSection":["El \u00faltimo"],"inLanguage":"es-AR"},{"@type":"WebPage","@id":"https:\/\/web.consaguirre.com.ar\/noticias\/miranda-lambert-se-alinea-con-mca-records\/","url":"https:\/\/web.consaguirre.com.ar\/noticias\/miranda-lambert-se-alinea-con-mca-records\/","name":"Miranda Lambert se alinea con MCA Records","isPartOf":{"@id":"https:\/\/web.consaguirre.com.ar\/noticias\/#website"},"primaryImageOfPage":{"@id":"https:\/\/web.consaguirre.com.ar\/noticias\/miranda-lambert-se-alinea-con-mca-records\/#primaryimage"},"image":{"@id":"https:\/\/web.consaguirre.com.ar\/noticias\/miranda-lambert-se-alinea-con-mca-records\/#primaryimage"},"thumbnailUrl":"https:\/\/web.consaguirre.com.ar\/noticias\/wp-content\/uploads\/2026\/04\/Miranda-Lambert-se-alinea-con-MCA-Records.jpg","datePublished":"2026-04-21T20:39:17+00:00","dateModified":"2026-04-21T20:39:18+00:00","breadcrumb":{"@id":"https:\/\/web.consaguirre.com.ar\/noticias\/miranda-lambert-se-alinea-con-mca-records\/#breadcrumb"},"inLanguage":"es-AR","potentialAction":[{"@type":"ReadAction","target":["https:\/\/web.consaguirre.com.ar\/noticias\/miranda-lambert-se-alinea-con-mca-records\/"]}]},{"@type":"ImageObject","inLanguage":"es-AR","@id":"https:\/\/web.consaguirre.com.ar\/noticias\/miranda-lambert-se-alinea-con-mca-records\/#primaryimage","url":"https:\/\/web.consaguirre.com.ar\/noticias\/wp-content\/uploads\/2026\/04\/Miranda-Lambert-se-alinea-con-MCA-Records.jpg","contentUrl":"https:\/\/web.consaguirre.com.ar\/noticias\/wp-content\/uploads\/2026\/04\/Miranda-Lambert-se-alinea-con-MCA-Records.jpg","width":1000,"height":600,"caption":"Miranda Lambert MCA Photo by Tyler Conrad courtesy of MCA"},{"@type":"BreadcrumbList","@id":"https:\/\/web.consaguirre.com.ar\/noticias\/miranda-lambert-se-alinea-con-mca-records\/#breadcrumb","itemListElement":[{"@type":"ListItem","position":1,"name":"Inicio","item":"https:\/\/web.consaguirre.com.ar\/noticias\/"},{"@type":"ListItem","position":2,"name":"Miranda Lambert se alinea con MCA Records"}]},{"@type":"WebSite","@id":"https:\/\/web.consaguirre.com.ar\/noticias\/#website","url":"https:\/\/web.consaguirre.com.ar\/noticias\/","name":"Conservatorio de M\u00fasica Juli\u00e1n Aguirre","description":"","publisher":{"@id":"https:\/\/web.consaguirre.com.ar\/noticias\/#organization"},"potentialAction":[{"@type":"SearchAction","target":{"@type":"EntryPoint","urlTemplate":"https:\/\/web.consaguirre.com.ar\/noticias\/?s={search_term_string}"},"query-input":"required name=search_term_string"}],"inLanguage":"es-AR"},{"@type":"Organization","@id":"https:\/\/web.consaguirre.com.ar\/noticias\/#organization","name":"Conservatorio de M\u00fasica Juli\u00e1n Aguirre","url":"https:\/\/web.consaguirre.com.ar\/noticias\/","logo":{"@type":"ImageObject","inLanguage":"es-AR","@id":"https:\/\/web.consaguirre.com.ar\/noticias\/#\/schema\/logo\/image\/","url":"https:\/\/web.consaguirre.com.ar\/noticias\/wp-content\/uploads\/2024\/08\/Banner-Aguirre-23.jpg","contentUrl":"https:\/\/web.consaguirre.com.ar\/noticias\/wp-content\/uploads\/2024\/08\/Banner-Aguirre-23.jpg","width":1192,"height":600,"caption":"Conservatorio de M\u00fasica Juli\u00e1n Aguirre"},"image":{"@id":"https:\/\/web.consaguirre.com.ar\/noticias\/#\/schema\/logo\/image\/"}},{"@type":"Person","@id":"https:\/\/web.consaguirre.com.ar\/noticias\/#\/schema\/person\/6558b0cfedee7ddc5425602b237d5722","name":"Javier Figueroa","image":{"@type":"ImageObject","inLanguage":"es-AR","@id":"https:\/\/web.consaguirre.com.ar\/noticias\/#\/schema\/person\/image\/","url":"https:\/\/web.consaguirre.com.ar\/noticias\/wp-content\/uploads\/2024\/08\/Consaguirre-scaled.jpg","contentUrl":"https:\/\/web.consaguirre.com.ar\/noticias\/wp-content\/uploads\/2024\/08\/Consaguirre-scaled.jpg","caption":"Javier Figueroa"},"description":"Me llamo Javier Figueroa y soy redactor para el sitio oficial del Conservatorio de M\u00fasica Juli\u00e1n Aguirre en Buenos Aires, consaguirre.com. Apasionado por la m\u00fasica y la escritura, me esfuerzo por destacar los talentos y eventos de nuestra prestigiosa instituci\u00f3n. Mi trayectoria se nutre de una profunda admiraci\u00f3n por los artistas, haciendo de cada art\u00edculo una celebraci\u00f3n de la creatividad y la cultura musical.","sameAs":["https:\/\/web.consaguirre.com.ar\/noticias"]}]}},"_links":{"self":[{"href":"https:\/\/web.consaguirre.com.ar\/noticias\/wp-json\/wp\/v2\/posts\/5734"}],"collection":[{"href":"https:\/\/web.consaguirre.com.ar\/noticias\/wp-json\/wp\/v2\/posts"}],"about":[{"href":"https:\/\/web.consaguirre.com.ar\/noticias\/wp-json\/wp\/v2\/types\/post"}],"author":[{"embeddable":true,"href":"https:\/\/web.consaguirre.com.ar\/noticias\/wp-json\/wp\/v2\/users\/1"}],"replies":[{"embeddable":true,"href":"https:\/\/web.consaguirre.com.ar\/noticias\/wp-json\/wp\/v2\/comments?post=5734"}],"version-history":[{"count":1,"href":"https:\/\/web.consaguirre.com.ar\/noticias\/wp-json\/wp\/v2\/posts\/5734\/revisions"}],"predecessor-version":[{"id":5736,"href":"https:\/\/web.consaguirre.com.ar\/noticias\/wp-json\/wp\/v2\/posts\/5734\/revisions\/5736"}],"wp:featuredmedia":[{"embeddable":true,"href":"https:\/\/web.consaguirre.com.ar\/noticias\/wp-json\/wp\/v2\/media\/5735"}],"wp:attachment":[{"href":"https:\/\/web.consaguirre.com.ar\/noticias\/wp-json\/wp\/v2\/media?parent=5734"}],"wp:term":[{"taxonomy":"category","embeddable":true,"href":"https:\/\/web.consaguirre.com.ar\/noticias\/wp-json\/wp\/v2\/categories?post=5734"},{"taxonomy":"post_tag","embeddable":true,"href":"https:\/\/web.consaguirre.com.ar\/noticias\/wp-json\/wp\/v2\/tags?post=5734"}],"curies":[{"name":"wp","href":"https:\/\/api.w.org\/{rel}","templated":true}]}}