{"id":5728,"date":"2026-04-21T11:39:31","date_gmt":"2026-04-21T14:39:31","guid":{"rendered":"https:\/\/web.consaguirre.com.ar\/noticias\/personas-que-he-conocido-anuncian-su-ep-debut-bunny\/"},"modified":"2026-04-21T11:39:32","modified_gmt":"2026-04-21T14:39:32","slug":"personas-que-he-conocido-anuncian-su-ep-debut-bunny","status":"publish","type":"post","link":"https:\/\/web.consaguirre.com.ar\/noticias\/personas-que-he-conocido-anuncian-su-ep-debut-bunny\/","title":{"rendered":"Personas que he conocido anuncian su EP debut &#8216;Bunny&#8217;"},"content":{"rendered":"<p><b>personas que he conocido<\/b> lanzar\u00e1 su EP debut <i>Conejito<\/i> el 1 de mayo a trav\u00e9s de Interscope Records. El tr\u00edo de rock alternativo tambi\u00e9n confirm\u00f3 un espect\u00e1culo de lanzamiento el 2 de mayo en Mercury Lounge en la ciudad de Nueva York, junto con pr\u00f3ximas apariciones en festivales en Reading y Leeds en agosto.<\/p>\n<p>El proyecto de cinco pistas fue producido por la banda junto a Noah Conrad, cuyos cr\u00e9ditos incluyen trabajos con Chappell Roan y Role Model. <i>Conejito<\/i> incluye el sencillo lanzado anteriormente, \u201cPromise\u201d, que introdujo el enfoque del grupo en la composici\u00f3n de canciones. El bajista Andrew Suster dijo: &#8220;Una gran parte de la creaci\u00f3n de este EP fue incorporar esos sonidos que capturan la sensaci\u00f3n de cuando la canci\u00f3n tom\u00f3 forma por primera vez. Puede que esas partes no sean t\u00e9cnicamente perfectas, pero la emoci\u00f3n realmente se transmite&#8221;.<\/p>\n<div class=\"uD-YT-container\"><img decoding=\"async\" src=\"https:\/\/web.consaguirre.com.ar\/noticias\/wp-content\/uploads\/2026\/04\/1776782371_159_Personas-que-he-conocido-anuncian-su-EP-debut-Bunny.jpg\" alt=\"V\u00eddeo de YouTube\"><br \/>Haga clic para cargar v\u00eddeo<\/div>\n<p>Las pistas adicionales del EP incluyen \u201cFor Hire\u201d, \u201cLoving One\u201d, \u201cBastards\u201d y \u201cI Want It I Want It\u201d. A lo largo del lanzamiento, la banda se mueve entre arreglos de guitarra m\u00e1s tranquilos y momentos m\u00e1s expansivos de banda completa. El vocalista y guitarrista Moses Martin dijo sobre su enfoque: &#8220;Queremos que nuestras canciones se sientan como un mundo en el que puedas entrar. Algo en lo que puedas perderte y regresar cambiado&#8221;.<\/p>\n<p>People I&#8217;ve Met se form\u00f3 por primera vez en Los \u00c1ngeles mientras los miembros estaban en la escuela secundaria, inicialmente grabando canciones en el garaje del baterista Orlando Wiltshire. La banda comenz\u00f3 a tocar en vivo despu\u00e9s de mudarse a la costa este para asistir a la universidad en el oto\u00f1o de 2024, y los miembros dividieron el tiempo entre Providence y la ciudad de Nueva York. En 2025, apoyaron a Royel Otis en una gira y tocaron en una serie de espect\u00e1culos en Baby&#8217;s All Right en Brooklyn. El grupo har\u00e1 su debut en un festival este verano con actuaciones en el Reading Festival el 28 de agosto y en el Leeds Festival el 29 de agosto.<\/p>\n<p><b>Escuche a la gente que conoc\u00ed <em>Conejito<\/em> aqu\u00ed.<\/b><\/p>\n","protected":false},"excerpt":{"rendered":"<p>personas que he conocido lanzar\u00e1 su EP debut Conejito el 1 de mayo a trav\u00e9s de Interscope Records. El tr\u00edo de rock alternativo tambi\u00e9n confirm\u00f3<\/p>\n","protected":false},"author":1,"featured_media":5729,"comment_status":"closed","ping_status":"","sticky":false,"template":"","format":"standard","meta":{"footnotes":""},"categories":[50],"tags":[725,3800,4166,257,1096],"class_list":["post-5728","post","type-post","status-publish","format-standard","has-post-thumbnail","hentry","category-el-ultimo","tag-anuncian","tag-bunny","tag-conocido","tag-debut","tag-personas","generate-columns","tablet-grid-50","mobile-grid-100","grid-parent","grid-50"],"yoast_head":"<!-- This site is optimized with the Yoast SEO plugin v23.3 - https:\/\/yoast.com\/wordpress\/plugins\/seo\/ -->\n<title>Personas que he conocido anuncian su EP debut &#039;Bunny&#039;<\/title>\n<meta name=\"robots\" content=\"index, follow, max-snippet:-1, max-image-preview:large, max-video-preview:-1\" \/>\n<link rel=\"canonical\" href=\"https:\/\/web.consaguirre.com.ar\/noticias\/personas-que-he-conocido-anuncian-su-ep-debut-bunny\/\" \/>\n<meta property=\"og:locale\" content=\"es_ES\" \/>\n<meta property=\"og:type\" content=\"article\" \/>\n<meta property=\"og:title\" content=\"Personas que he conocido anuncian su EP debut &#039;Bunny&#039;\" \/>\n<meta property=\"og:description\" content=\"personas que he conocido lanzar\u00e1 su EP debut Conejito el 1 de mayo a trav\u00e9s de Interscope Records. El tr\u00edo de rock alternativo tambi\u00e9n confirm\u00f3\" \/>\n<meta property=\"og:url\" content=\"https:\/\/web.consaguirre.com.ar\/noticias\/personas-que-he-conocido-anuncian-su-ep-debut-bunny\/\" \/>\n<meta property=\"og:site_name\" content=\"Conservatorio de M\u00fasica Juli\u00e1n Aguirre\" \/>\n<meta property=\"article:published_time\" content=\"2026-04-21T14:39:31+00:00\" \/>\n<meta property=\"article:modified_time\" content=\"2026-04-21T14:39:32+00:00\" \/>\n<meta property=\"og:image\" content=\"https:\/\/web.consaguirre.com.ar\/noticias\/wp-content\/uploads\/2026\/04\/Personas-que-he-conocido-anuncian-su-EP-debut-Bunny.jpg\" \/>\n\t<meta property=\"og:image:width\" content=\"820\" \/>\n\t<meta property=\"og:image:height\" content=\"820\" \/>\n\t<meta property=\"og:image:type\" content=\"image\/jpeg\" \/>\n<meta name=\"author\" content=\"Javier Figueroa\" \/>\n<meta name=\"twitter:card\" content=\"summary_large_image\" \/>\n<meta name=\"twitter:label1\" content=\"Escrito por\" \/>\n\t<meta name=\"twitter:data1\" content=\"Javier Figueroa\" \/>\n\t<meta name=\"twitter:label2\" content=\"Tiempo de lectura\" \/>\n\t<meta name=\"twitter:data2\" content=\"2 minutos\" \/>\n<script type=\"application\/ld+json\" class=\"yoast-schema-graph\">{\"@context\":\"https:\/\/schema.org\",\"@graph\":[{\"@type\":\"Article\",\"@id\":\"https:\/\/web.consaguirre.com.ar\/noticias\/personas-que-he-conocido-anuncian-su-ep-debut-bunny\/#article\",\"isPartOf\":{\"@id\":\"https:\/\/web.consaguirre.com.ar\/noticias\/personas-que-he-conocido-anuncian-su-ep-debut-bunny\/\"},\"author\":{\"name\":\"Javier Figueroa\",\"@id\":\"https:\/\/web.consaguirre.com.ar\/noticias\/#\/schema\/person\/6558b0cfedee7ddc5425602b237d5722\"},\"headline\":\"Personas que he conocido anuncian su EP debut &#8216;Bunny&#8217;\",\"datePublished\":\"2026-04-21T14:39:31+00:00\",\"dateModified\":\"2026-04-21T14:39:32+00:00\",\"mainEntityOfPage\":{\"@id\":\"https:\/\/web.consaguirre.com.ar\/noticias\/personas-que-he-conocido-anuncian-su-ep-debut-bunny\/\"},\"wordCount\":368,\"publisher\":{\"@id\":\"https:\/\/web.consaguirre.com.ar\/noticias\/#organization\"},\"image\":{\"@id\":\"https:\/\/web.consaguirre.com.ar\/noticias\/personas-que-he-conocido-anuncian-su-ep-debut-bunny\/#primaryimage\"},\"thumbnailUrl\":\"https:\/\/web.consaguirre.com.ar\/noticias\/wp-content\/uploads\/2026\/04\/Personas-que-he-conocido-anuncian-su-EP-debut-Bunny.jpg\",\"keywords\":[\"anuncian\",\"Bunny\",\"conocido\",\"debut\",\"personas\"],\"articleSection\":[\"El \u00faltimo\"],\"inLanguage\":\"es-AR\"},{\"@type\":\"WebPage\",\"@id\":\"https:\/\/web.consaguirre.com.ar\/noticias\/personas-que-he-conocido-anuncian-su-ep-debut-bunny\/\",\"url\":\"https:\/\/web.consaguirre.com.ar\/noticias\/personas-que-he-conocido-anuncian-su-ep-debut-bunny\/\",\"name\":\"Personas que he conocido anuncian su EP debut 'Bunny'\",\"isPartOf\":{\"@id\":\"https:\/\/web.consaguirre.com.ar\/noticias\/#website\"},\"primaryImageOfPage\":{\"@id\":\"https:\/\/web.consaguirre.com.ar\/noticias\/personas-que-he-conocido-anuncian-su-ep-debut-bunny\/#primaryimage\"},\"image\":{\"@id\":\"https:\/\/web.consaguirre.com.ar\/noticias\/personas-que-he-conocido-anuncian-su-ep-debut-bunny\/#primaryimage\"},\"thumbnailUrl\":\"https:\/\/web.consaguirre.com.ar\/noticias\/wp-content\/uploads\/2026\/04\/Personas-que-he-conocido-anuncian-su-EP-debut-Bunny.jpg\",\"datePublished\":\"2026-04-21T14:39:31+00:00\",\"dateModified\":\"2026-04-21T14:39:32+00:00\",\"breadcrumb\":{\"@id\":\"https:\/\/web.consaguirre.com.ar\/noticias\/personas-que-he-conocido-anuncian-su-ep-debut-bunny\/#breadcrumb\"},\"inLanguage\":\"es-AR\",\"potentialAction\":[{\"@type\":\"ReadAction\",\"target\":[\"https:\/\/web.consaguirre.com.ar\/noticias\/personas-que-he-conocido-anuncian-su-ep-debut-bunny\/\"]}]},{\"@type\":\"ImageObject\",\"inLanguage\":\"es-AR\",\"@id\":\"https:\/\/web.consaguirre.com.ar\/noticias\/personas-que-he-conocido-anuncian-su-ep-debut-bunny\/#primaryimage\",\"url\":\"https:\/\/web.consaguirre.com.ar\/noticias\/wp-content\/uploads\/2026\/04\/Personas-que-he-conocido-anuncian-su-EP-debut-Bunny.jpg\",\"contentUrl\":\"https:\/\/web.consaguirre.com.ar\/noticias\/wp-content\/uploads\/2026\/04\/Personas-que-he-conocido-anuncian-su-EP-debut-Bunny.jpg\",\"width\":820,\"height\":820,\"caption\":\"People I\"},{\"@type\":\"BreadcrumbList\",\"@id\":\"https:\/\/web.consaguirre.com.ar\/noticias\/personas-que-he-conocido-anuncian-su-ep-debut-bunny\/#breadcrumb\",\"itemListElement\":[{\"@type\":\"ListItem\",\"position\":1,\"name\":\"Inicio\",\"item\":\"https:\/\/web.consaguirre.com.ar\/noticias\/\"},{\"@type\":\"ListItem\",\"position\":2,\"name\":\"Personas que he conocido anuncian su EP debut &#8216;Bunny&#8217;\"}]},{\"@type\":\"WebSite\",\"@id\":\"https:\/\/web.consaguirre.com.ar\/noticias\/#website\",\"url\":\"https:\/\/web.consaguirre.com.ar\/noticias\/\",\"name\":\"Conservatorio de M\u00fasica Juli\u00e1n Aguirre\",\"description\":\"\",\"publisher\":{\"@id\":\"https:\/\/web.consaguirre.com.ar\/noticias\/#organization\"},\"potentialAction\":[{\"@type\":\"SearchAction\",\"target\":{\"@type\":\"EntryPoint\",\"urlTemplate\":\"https:\/\/web.consaguirre.com.ar\/noticias\/?s={search_term_string}\"},\"query-input\":\"required name=search_term_string\"}],\"inLanguage\":\"es-AR\"},{\"@type\":\"Organization\",\"@id\":\"https:\/\/web.consaguirre.com.ar\/noticias\/#organization\",\"name\":\"Conservatorio de M\u00fasica Juli\u00e1n Aguirre\",\"url\":\"https:\/\/web.consaguirre.com.ar\/noticias\/\",\"logo\":{\"@type\":\"ImageObject\",\"inLanguage\":\"es-AR\",\"@id\":\"https:\/\/web.consaguirre.com.ar\/noticias\/#\/schema\/logo\/image\/\",\"url\":\"https:\/\/web.consaguirre.com.ar\/noticias\/wp-content\/uploads\/2024\/08\/Banner-Aguirre-23.jpg\",\"contentUrl\":\"https:\/\/web.consaguirre.com.ar\/noticias\/wp-content\/uploads\/2024\/08\/Banner-Aguirre-23.jpg\",\"width\":1192,\"height\":600,\"caption\":\"Conservatorio de M\u00fasica Juli\u00e1n Aguirre\"},\"image\":{\"@id\":\"https:\/\/web.consaguirre.com.ar\/noticias\/#\/schema\/logo\/image\/\"}},{\"@type\":\"Person\",\"@id\":\"https:\/\/web.consaguirre.com.ar\/noticias\/#\/schema\/person\/6558b0cfedee7ddc5425602b237d5722\",\"name\":\"Javier Figueroa\",\"image\":{\"@type\":\"ImageObject\",\"inLanguage\":\"es-AR\",\"@id\":\"https:\/\/web.consaguirre.com.ar\/noticias\/#\/schema\/person\/image\/\",\"url\":\"https:\/\/web.consaguirre.com.ar\/noticias\/wp-content\/uploads\/2024\/08\/Consaguirre-scaled.jpg\",\"contentUrl\":\"https:\/\/web.consaguirre.com.ar\/noticias\/wp-content\/uploads\/2024\/08\/Consaguirre-scaled.jpg\",\"caption\":\"Javier Figueroa\"},\"description\":\"Me llamo Javier Figueroa y soy redactor para el sitio oficial del Conservatorio de M\u00fasica Juli\u00e1n Aguirre en Buenos Aires, consaguirre.com. Apasionado por la m\u00fasica y la escritura, me esfuerzo por destacar los talentos y eventos de nuestra prestigiosa instituci\u00f3n. Mi trayectoria se nutre de una profunda admiraci\u00f3n por los artistas, haciendo de cada art\u00edculo una celebraci\u00f3n de la creatividad y la cultura musical.\",\"sameAs\":[\"https:\/\/web.consaguirre.com.ar\/noticias\"]}]}<\/script>\n<!-- \/ Yoast SEO plugin. -->","yoast_head_json":{"title":"Personas que he conocido anuncian su EP debut 'Bunny'","robots":{"index":"index","follow":"follow","max-snippet":"max-snippet:-1","max-image-preview":"max-image-preview:large","max-video-preview":"max-video-preview:-1"},"canonical":"https:\/\/web.consaguirre.com.ar\/noticias\/personas-que-he-conocido-anuncian-su-ep-debut-bunny\/","og_locale":"es_ES","og_type":"article","og_title":"Personas que he conocido anuncian su EP debut 'Bunny'","og_description":"personas que he conocido lanzar\u00e1 su EP debut Conejito el 1 de mayo a trav\u00e9s de Interscope Records. El tr\u00edo de rock alternativo tambi\u00e9n confirm\u00f3","og_url":"https:\/\/web.consaguirre.com.ar\/noticias\/personas-que-he-conocido-anuncian-su-ep-debut-bunny\/","og_site_name":"Conservatorio de M\u00fasica Juli\u00e1n Aguirre","article_published_time":"2026-04-21T14:39:31+00:00","article_modified_time":"2026-04-21T14:39:32+00:00","og_image":[{"width":820,"height":820,"url":"https:\/\/web.consaguirre.com.ar\/noticias\/wp-content\/uploads\/2026\/04\/Personas-que-he-conocido-anuncian-su-EP-debut-Bunny.jpg","type":"image\/jpeg"}],"author":"Javier Figueroa","twitter_card":"summary_large_image","twitter_misc":{"Escrito por":"Javier Figueroa","Tiempo de lectura":"2 minutos"},"schema":{"@context":"https:\/\/schema.org","@graph":[{"@type":"Article","@id":"https:\/\/web.consaguirre.com.ar\/noticias\/personas-que-he-conocido-anuncian-su-ep-debut-bunny\/#article","isPartOf":{"@id":"https:\/\/web.consaguirre.com.ar\/noticias\/personas-que-he-conocido-anuncian-su-ep-debut-bunny\/"},"author":{"name":"Javier Figueroa","@id":"https:\/\/web.consaguirre.com.ar\/noticias\/#\/schema\/person\/6558b0cfedee7ddc5425602b237d5722"},"headline":"Personas que he conocido anuncian su EP debut &#8216;Bunny&#8217;","datePublished":"2026-04-21T14:39:31+00:00","dateModified":"2026-04-21T14:39:32+00:00","mainEntityOfPage":{"@id":"https:\/\/web.consaguirre.com.ar\/noticias\/personas-que-he-conocido-anuncian-su-ep-debut-bunny\/"},"wordCount":368,"publisher":{"@id":"https:\/\/web.consaguirre.com.ar\/noticias\/#organization"},"image":{"@id":"https:\/\/web.consaguirre.com.ar\/noticias\/personas-que-he-conocido-anuncian-su-ep-debut-bunny\/#primaryimage"},"thumbnailUrl":"https:\/\/web.consaguirre.com.ar\/noticias\/wp-content\/uploads\/2026\/04\/Personas-que-he-conocido-anuncian-su-EP-debut-Bunny.jpg","keywords":["anuncian","Bunny","conocido","debut","personas"],"articleSection":["El \u00faltimo"],"inLanguage":"es-AR"},{"@type":"WebPage","@id":"https:\/\/web.consaguirre.com.ar\/noticias\/personas-que-he-conocido-anuncian-su-ep-debut-bunny\/","url":"https:\/\/web.consaguirre.com.ar\/noticias\/personas-que-he-conocido-anuncian-su-ep-debut-bunny\/","name":"Personas que he conocido anuncian su EP debut 'Bunny'","isPartOf":{"@id":"https:\/\/web.consaguirre.com.ar\/noticias\/#website"},"primaryImageOfPage":{"@id":"https:\/\/web.consaguirre.com.ar\/noticias\/personas-que-he-conocido-anuncian-su-ep-debut-bunny\/#primaryimage"},"image":{"@id":"https:\/\/web.consaguirre.com.ar\/noticias\/personas-que-he-conocido-anuncian-su-ep-debut-bunny\/#primaryimage"},"thumbnailUrl":"https:\/\/web.consaguirre.com.ar\/noticias\/wp-content\/uploads\/2026\/04\/Personas-que-he-conocido-anuncian-su-EP-debut-Bunny.jpg","datePublished":"2026-04-21T14:39:31+00:00","dateModified":"2026-04-21T14:39:32+00:00","breadcrumb":{"@id":"https:\/\/web.consaguirre.com.ar\/noticias\/personas-que-he-conocido-anuncian-su-ep-debut-bunny\/#breadcrumb"},"inLanguage":"es-AR","potentialAction":[{"@type":"ReadAction","target":["https:\/\/web.consaguirre.com.ar\/noticias\/personas-que-he-conocido-anuncian-su-ep-debut-bunny\/"]}]},{"@type":"ImageObject","inLanguage":"es-AR","@id":"https:\/\/web.consaguirre.com.ar\/noticias\/personas-que-he-conocido-anuncian-su-ep-debut-bunny\/#primaryimage","url":"https:\/\/web.consaguirre.com.ar\/noticias\/wp-content\/uploads\/2026\/04\/Personas-que-he-conocido-anuncian-su-EP-debut-Bunny.jpg","contentUrl":"https:\/\/web.consaguirre.com.ar\/noticias\/wp-content\/uploads\/2026\/04\/Personas-que-he-conocido-anuncian-su-EP-debut-Bunny.jpg","width":820,"height":820,"caption":"People I"},{"@type":"BreadcrumbList","@id":"https:\/\/web.consaguirre.com.ar\/noticias\/personas-que-he-conocido-anuncian-su-ep-debut-bunny\/#breadcrumb","itemListElement":[{"@type":"ListItem","position":1,"name":"Inicio","item":"https:\/\/web.consaguirre.com.ar\/noticias\/"},{"@type":"ListItem","position":2,"name":"Personas que he conocido anuncian su EP debut &#8216;Bunny&#8217;"}]},{"@type":"WebSite","@id":"https:\/\/web.consaguirre.com.ar\/noticias\/#website","url":"https:\/\/web.consaguirre.com.ar\/noticias\/","name":"Conservatorio de M\u00fasica Juli\u00e1n Aguirre","description":"","publisher":{"@id":"https:\/\/web.consaguirre.com.ar\/noticias\/#organization"},"potentialAction":[{"@type":"SearchAction","target":{"@type":"EntryPoint","urlTemplate":"https:\/\/web.consaguirre.com.ar\/noticias\/?s={search_term_string}"},"query-input":"required name=search_term_string"}],"inLanguage":"es-AR"},{"@type":"Organization","@id":"https:\/\/web.consaguirre.com.ar\/noticias\/#organization","name":"Conservatorio de M\u00fasica Juli\u00e1n Aguirre","url":"https:\/\/web.consaguirre.com.ar\/noticias\/","logo":{"@type":"ImageObject","inLanguage":"es-AR","@id":"https:\/\/web.consaguirre.com.ar\/noticias\/#\/schema\/logo\/image\/","url":"https:\/\/web.consaguirre.com.ar\/noticias\/wp-content\/uploads\/2024\/08\/Banner-Aguirre-23.jpg","contentUrl":"https:\/\/web.consaguirre.com.ar\/noticias\/wp-content\/uploads\/2024\/08\/Banner-Aguirre-23.jpg","width":1192,"height":600,"caption":"Conservatorio de M\u00fasica Juli\u00e1n Aguirre"},"image":{"@id":"https:\/\/web.consaguirre.com.ar\/noticias\/#\/schema\/logo\/image\/"}},{"@type":"Person","@id":"https:\/\/web.consaguirre.com.ar\/noticias\/#\/schema\/person\/6558b0cfedee7ddc5425602b237d5722","name":"Javier Figueroa","image":{"@type":"ImageObject","inLanguage":"es-AR","@id":"https:\/\/web.consaguirre.com.ar\/noticias\/#\/schema\/person\/image\/","url":"https:\/\/web.consaguirre.com.ar\/noticias\/wp-content\/uploads\/2024\/08\/Consaguirre-scaled.jpg","contentUrl":"https:\/\/web.consaguirre.com.ar\/noticias\/wp-content\/uploads\/2024\/08\/Consaguirre-scaled.jpg","caption":"Javier Figueroa"},"description":"Me llamo Javier Figueroa y soy redactor para el sitio oficial del Conservatorio de M\u00fasica Juli\u00e1n Aguirre en Buenos Aires, consaguirre.com. Apasionado por la m\u00fasica y la escritura, me esfuerzo por destacar los talentos y eventos de nuestra prestigiosa instituci\u00f3n. Mi trayectoria se nutre de una profunda admiraci\u00f3n por los artistas, haciendo de cada art\u00edculo una celebraci\u00f3n de la creatividad y la cultura musical.","sameAs":["https:\/\/web.consaguirre.com.ar\/noticias"]}]}},"_links":{"self":[{"href":"https:\/\/web.consaguirre.com.ar\/noticias\/wp-json\/wp\/v2\/posts\/5728"}],"collection":[{"href":"https:\/\/web.consaguirre.com.ar\/noticias\/wp-json\/wp\/v2\/posts"}],"about":[{"href":"https:\/\/web.consaguirre.com.ar\/noticias\/wp-json\/wp\/v2\/types\/post"}],"author":[{"embeddable":true,"href":"https:\/\/web.consaguirre.com.ar\/noticias\/wp-json\/wp\/v2\/users\/1"}],"replies":[{"embeddable":true,"href":"https:\/\/web.consaguirre.com.ar\/noticias\/wp-json\/wp\/v2\/comments?post=5728"}],"version-history":[{"count":1,"href":"https:\/\/web.consaguirre.com.ar\/noticias\/wp-json\/wp\/v2\/posts\/5728\/revisions"}],"predecessor-version":[{"id":5730,"href":"https:\/\/web.consaguirre.com.ar\/noticias\/wp-json\/wp\/v2\/posts\/5728\/revisions\/5730"}],"wp:featuredmedia":[{"embeddable":true,"href":"https:\/\/web.consaguirre.com.ar\/noticias\/wp-json\/wp\/v2\/media\/5729"}],"wp:attachment":[{"href":"https:\/\/web.consaguirre.com.ar\/noticias\/wp-json\/wp\/v2\/media?parent=5728"}],"wp:term":[{"taxonomy":"category","embeddable":true,"href":"https:\/\/web.consaguirre.com.ar\/noticias\/wp-json\/wp\/v2\/categories?post=5728"},{"taxonomy":"post_tag","embeddable":true,"href":"https:\/\/web.consaguirre.com.ar\/noticias\/wp-json\/wp\/v2\/tags?post=5728"}],"curies":[{"name":"wp","href":"https:\/\/api.w.org\/{rel}","templated":true}]}}