{"id":5722,"date":"2026-04-20T23:38:57","date_gmt":"2026-04-21T02:38:57","guid":{"rendered":"https:\/\/web.consaguirre.com.ar\/noticias\/demi-lovato-lanza-nuevo-sencillo-low-rise-jeans\/"},"modified":"2026-04-20T23:38:58","modified_gmt":"2026-04-21T02:38:58","slug":"demi-lovato-lanza-nuevo-sencillo-low-rise-jeans","status":"publish","type":"post","link":"https:\/\/web.consaguirre.com.ar\/noticias\/demi-lovato-lanza-nuevo-sencillo-low-rise-jeans\/","title":{"rendered":"Demi Lovato lanza nuevo sencillo &#8216;Low Rise Jeans&#8217;"},"content":{"rendered":"<p>Demi Lovato est\u00e1 lista para llevar a los fan\u00e1ticos m\u00e1s profundamente <em>No es tan profundo<\/em>. La estrella del pop ha anunciado una edici\u00f3n de lujo del \u00e1lbum, <em>No es tan profundo (a menos que quieras que lo sea)<\/em>que se lanzar\u00e1 este viernes 24 de abril. Junto con el anuncio, comparti\u00f3 el nuevo sencillo &#8220;Low Rise Jeans&#8221;.<\/p>\n<p>Escuchado por primera vez en el escenario la noche inaugural de la gira It&#8217;s Not That Deep Tour de Lovato en Orlando la semana pasada, &#8220;Low Rise Jeans&#8221; ampl\u00eda el sonido dance-pop que ella estableci\u00f3. <em>No es tan profundo<\/em>. Los sintetizadores estrobosc\u00f3picos y la percusi\u00f3n intermitente crean un tel\u00f3n de fondo brillante para las letras de Lovato sobre un encuentro coqueto. \u201cPuedo sentir tu anticipaci\u00f3n\u201d, canta, un sentimiento que f\u00e1cilmente podr\u00eda aplicarse a los fan\u00e1ticos que esperan el nuevo LP de lujo.<\/p>\n<div class=\"uD-YT-container\"><img decoding=\"async\" src=\"https:\/\/web.consaguirre.com.ar\/noticias\/wp-content\/uploads\/2026\/04\/1776739137_381_Demi-Lovato-lanza-nuevo-sencillo-Low-Rise-Jeans.jpg\" alt=\"V\u00eddeo de YouTube\"><br \/>Haga clic para cargar v\u00eddeo<\/div>\n<p>\u201cLow Rise Jeans\u201d es una de las ocho nuevas pistas de <em>No es tan profundo (a menos que quieras que lo sea)<\/em>. Esas nuevas incorporaciones se unir\u00e1n a un conjunto de trabajos que han sido aclamados como los mejores de Lovato hasta la fecha. La pista de baile lista <em>No es tan profundo<\/em> obtuvo las cr\u00edticas m\u00e1s entusiastas de su carrera, incluso de <em>Piedra rodante<\/em>quien elogi\u00f3: &#8220;Ha encontrado el amor, est\u00e1 m\u00e1s centrada y est\u00e1 lista para divertirse&#8221;, al tiempo que elogi\u00f3 el trabajo de su cercano colaborador Zhone: &#8220;En cuanto a la producci\u00f3n, el \u00e1lbum se dispara&#8221;.<\/p>\n<p><em>No es tan profundo (a menos que quieras que lo sea)<\/em> llega en medio de la gira It&#8217;s Not That Deep, la primera gira de Lovato en casi ocho a\u00f1os. La gira continuar\u00e1 durante toda la primavera, con paradas a\u00fan por hacer en Boston, Detroit, Chicago, San Francisco, Seattle, Los \u00c1ngeles, Dallas y muchos otros mercados antes de concluir el 25 de mayo en Houston.<\/p>\n<p>La gira ha sido tan aclamada como el \u00e1lbum, con <em>El reportero de Hollywood<\/em> se\u00f1alando &#8220;un nuevo aire de confianza&#8221; de Lovato &#8220;mientras se pavoneaba por la pasarela durante la noche del estreno&#8221;. La rese\u00f1a continuaba: &#8220;Sus sonrisas eran amplias, su barbilla en alto y se fijaba en la multitud con una clara comprensi\u00f3n del poder que tiene con su micr\u00f3fono. Es por eso que el concierto inaugural del lunes por la noche se sinti\u00f3 muy especial: era Lovato regresando a lo que mejor sabe hacer&#8221;.<\/p>\n<p><b>Escuche \u201cLow Rise Jeans\u201d aqu\u00ed.<\/b><\/p>\n","protected":false},"excerpt":{"rendered":"<p>Demi Lovato est\u00e1 lista para llevar a los fan\u00e1ticos m\u00e1s profundamente No es tan profundo. La estrella del pop ha anunciado una edici\u00f3n de lujo<\/p>\n","protected":false},"author":1,"featured_media":5723,"comment_status":"closed","ping_status":"","sticky":false,"template":"","format":"standard","meta":{"footnotes":""},"categories":[50],"tags":[2640,4163,218,2641,146,3812,204],"class_list":["post-5722","post","type-post","status-publish","format-standard","has-post-thumbnail","hentry","category-el-ultimo","tag-demi","tag-jeans","tag-lanza","tag-lovato","tag-nuevo","tag-rise","tag-sencillo","generate-columns","tablet-grid-50","mobile-grid-100","grid-parent","grid-50"],"yoast_head":"<!-- This site is optimized with the Yoast SEO plugin v23.3 - https:\/\/yoast.com\/wordpress\/plugins\/seo\/ -->\n<title>Demi Lovato lanza nuevo sencillo &#039;Low Rise Jeans&#039;<\/title>\n<meta name=\"robots\" content=\"index, follow, max-snippet:-1, max-image-preview:large, max-video-preview:-1\" \/>\n<link rel=\"canonical\" href=\"https:\/\/web.consaguirre.com.ar\/noticias\/demi-lovato-lanza-nuevo-sencillo-low-rise-jeans\/\" \/>\n<meta property=\"og:locale\" content=\"es_ES\" \/>\n<meta property=\"og:type\" content=\"article\" \/>\n<meta property=\"og:title\" content=\"Demi Lovato lanza nuevo sencillo &#039;Low Rise Jeans&#039;\" \/>\n<meta property=\"og:description\" content=\"Demi Lovato est\u00e1 lista para llevar a los fan\u00e1ticos m\u00e1s profundamente No es tan profundo. La estrella del pop ha anunciado una edici\u00f3n de lujo\" \/>\n<meta property=\"og:url\" content=\"https:\/\/web.consaguirre.com.ar\/noticias\/demi-lovato-lanza-nuevo-sencillo-low-rise-jeans\/\" \/>\n<meta property=\"og:site_name\" content=\"Conservatorio de M\u00fasica Juli\u00e1n Aguirre\" \/>\n<meta property=\"article:published_time\" content=\"2026-04-21T02:38:57+00:00\" \/>\n<meta property=\"article:modified_time\" content=\"2026-04-21T02:38:58+00:00\" \/>\n<meta property=\"og:image\" content=\"https:\/\/web.consaguirre.com.ar\/noticias\/wp-content\/uploads\/2026\/04\/Demi-Lovato-lanza-nuevo-sencillo-Low-Rise-Jeans.jpg\" \/>\n\t<meta property=\"og:image:width\" content=\"820\" \/>\n\t<meta property=\"og:image:height\" content=\"820\" \/>\n\t<meta property=\"og:image:type\" content=\"image\/jpeg\" \/>\n<meta name=\"author\" content=\"Javier Figueroa\" \/>\n<meta name=\"twitter:card\" content=\"summary_large_image\" \/>\n<meta name=\"twitter:label1\" content=\"Escrito por\" \/>\n\t<meta name=\"twitter:data1\" content=\"Javier Figueroa\" \/>\n\t<meta name=\"twitter:label2\" content=\"Tiempo de lectura\" \/>\n\t<meta name=\"twitter:data2\" content=\"2 minutos\" \/>\n<script type=\"application\/ld+json\" class=\"yoast-schema-graph\">{\"@context\":\"https:\/\/schema.org\",\"@graph\":[{\"@type\":\"Article\",\"@id\":\"https:\/\/web.consaguirre.com.ar\/noticias\/demi-lovato-lanza-nuevo-sencillo-low-rise-jeans\/#article\",\"isPartOf\":{\"@id\":\"https:\/\/web.consaguirre.com.ar\/noticias\/demi-lovato-lanza-nuevo-sencillo-low-rise-jeans\/\"},\"author\":{\"name\":\"Javier Figueroa\",\"@id\":\"https:\/\/web.consaguirre.com.ar\/noticias\/#\/schema\/person\/6558b0cfedee7ddc5425602b237d5722\"},\"headline\":\"Demi Lovato lanza nuevo sencillo &#8216;Low Rise Jeans&#8217;\",\"datePublished\":\"2026-04-21T02:38:57+00:00\",\"dateModified\":\"2026-04-21T02:38:58+00:00\",\"mainEntityOfPage\":{\"@id\":\"https:\/\/web.consaguirre.com.ar\/noticias\/demi-lovato-lanza-nuevo-sencillo-low-rise-jeans\/\"},\"wordCount\":429,\"publisher\":{\"@id\":\"https:\/\/web.consaguirre.com.ar\/noticias\/#organization\"},\"image\":{\"@id\":\"https:\/\/web.consaguirre.com.ar\/noticias\/demi-lovato-lanza-nuevo-sencillo-low-rise-jeans\/#primaryimage\"},\"thumbnailUrl\":\"https:\/\/web.consaguirre.com.ar\/noticias\/wp-content\/uploads\/2026\/04\/Demi-Lovato-lanza-nuevo-sencillo-Low-Rise-Jeans.jpg\",\"keywords\":[\"Demi\",\"Jeans\",\"lanza\",\"Lovato\",\"nuevo\",\"Rise\",\"sencillo\"],\"articleSection\":[\"El \u00faltimo\"],\"inLanguage\":\"es-AR\"},{\"@type\":\"WebPage\",\"@id\":\"https:\/\/web.consaguirre.com.ar\/noticias\/demi-lovato-lanza-nuevo-sencillo-low-rise-jeans\/\",\"url\":\"https:\/\/web.consaguirre.com.ar\/noticias\/demi-lovato-lanza-nuevo-sencillo-low-rise-jeans\/\",\"name\":\"Demi Lovato lanza nuevo sencillo 'Low Rise Jeans'\",\"isPartOf\":{\"@id\":\"https:\/\/web.consaguirre.com.ar\/noticias\/#website\"},\"primaryImageOfPage\":{\"@id\":\"https:\/\/web.consaguirre.com.ar\/noticias\/demi-lovato-lanza-nuevo-sencillo-low-rise-jeans\/#primaryimage\"},\"image\":{\"@id\":\"https:\/\/web.consaguirre.com.ar\/noticias\/demi-lovato-lanza-nuevo-sencillo-low-rise-jeans\/#primaryimage\"},\"thumbnailUrl\":\"https:\/\/web.consaguirre.com.ar\/noticias\/wp-content\/uploads\/2026\/04\/Demi-Lovato-lanza-nuevo-sencillo-Low-Rise-Jeans.jpg\",\"datePublished\":\"2026-04-21T02:38:57+00:00\",\"dateModified\":\"2026-04-21T02:38:58+00:00\",\"breadcrumb\":{\"@id\":\"https:\/\/web.consaguirre.com.ar\/noticias\/demi-lovato-lanza-nuevo-sencillo-low-rise-jeans\/#breadcrumb\"},\"inLanguage\":\"es-AR\",\"potentialAction\":[{\"@type\":\"ReadAction\",\"target\":[\"https:\/\/web.consaguirre.com.ar\/noticias\/demi-lovato-lanza-nuevo-sencillo-low-rise-jeans\/\"]}]},{\"@type\":\"ImageObject\",\"inLanguage\":\"es-AR\",\"@id\":\"https:\/\/web.consaguirre.com.ar\/noticias\/demi-lovato-lanza-nuevo-sencillo-low-rise-jeans\/#primaryimage\",\"url\":\"https:\/\/web.consaguirre.com.ar\/noticias\/wp-content\/uploads\/2026\/04\/Demi-Lovato-lanza-nuevo-sencillo-Low-Rise-Jeans.jpg\",\"contentUrl\":\"https:\/\/web.consaguirre.com.ar\/noticias\/wp-content\/uploads\/2026\/04\/Demi-Lovato-lanza-nuevo-sencillo-Low-Rise-Jeans.jpg\",\"width\":820,\"height\":820,\"caption\":\"Demi Lovato Low Rise Jeans album cover\"},{\"@type\":\"BreadcrumbList\",\"@id\":\"https:\/\/web.consaguirre.com.ar\/noticias\/demi-lovato-lanza-nuevo-sencillo-low-rise-jeans\/#breadcrumb\",\"itemListElement\":[{\"@type\":\"ListItem\",\"position\":1,\"name\":\"Inicio\",\"item\":\"https:\/\/web.consaguirre.com.ar\/noticias\/\"},{\"@type\":\"ListItem\",\"position\":2,\"name\":\"Demi Lovato lanza nuevo sencillo &#8216;Low Rise Jeans&#8217;\"}]},{\"@type\":\"WebSite\",\"@id\":\"https:\/\/web.consaguirre.com.ar\/noticias\/#website\",\"url\":\"https:\/\/web.consaguirre.com.ar\/noticias\/\",\"name\":\"Conservatorio de M\u00fasica Juli\u00e1n Aguirre\",\"description\":\"\",\"publisher\":{\"@id\":\"https:\/\/web.consaguirre.com.ar\/noticias\/#organization\"},\"potentialAction\":[{\"@type\":\"SearchAction\",\"target\":{\"@type\":\"EntryPoint\",\"urlTemplate\":\"https:\/\/web.consaguirre.com.ar\/noticias\/?s={search_term_string}\"},\"query-input\":\"required name=search_term_string\"}],\"inLanguage\":\"es-AR\"},{\"@type\":\"Organization\",\"@id\":\"https:\/\/web.consaguirre.com.ar\/noticias\/#organization\",\"name\":\"Conservatorio de M\u00fasica Juli\u00e1n Aguirre\",\"url\":\"https:\/\/web.consaguirre.com.ar\/noticias\/\",\"logo\":{\"@type\":\"ImageObject\",\"inLanguage\":\"es-AR\",\"@id\":\"https:\/\/web.consaguirre.com.ar\/noticias\/#\/schema\/logo\/image\/\",\"url\":\"https:\/\/web.consaguirre.com.ar\/noticias\/wp-content\/uploads\/2024\/08\/Banner-Aguirre-23.jpg\",\"contentUrl\":\"https:\/\/web.consaguirre.com.ar\/noticias\/wp-content\/uploads\/2024\/08\/Banner-Aguirre-23.jpg\",\"width\":1192,\"height\":600,\"caption\":\"Conservatorio de M\u00fasica Juli\u00e1n Aguirre\"},\"image\":{\"@id\":\"https:\/\/web.consaguirre.com.ar\/noticias\/#\/schema\/logo\/image\/\"}},{\"@type\":\"Person\",\"@id\":\"https:\/\/web.consaguirre.com.ar\/noticias\/#\/schema\/person\/6558b0cfedee7ddc5425602b237d5722\",\"name\":\"Javier Figueroa\",\"image\":{\"@type\":\"ImageObject\",\"inLanguage\":\"es-AR\",\"@id\":\"https:\/\/web.consaguirre.com.ar\/noticias\/#\/schema\/person\/image\/\",\"url\":\"https:\/\/web.consaguirre.com.ar\/noticias\/wp-content\/uploads\/2024\/08\/Consaguirre-scaled.jpg\",\"contentUrl\":\"https:\/\/web.consaguirre.com.ar\/noticias\/wp-content\/uploads\/2024\/08\/Consaguirre-scaled.jpg\",\"caption\":\"Javier Figueroa\"},\"description\":\"Me llamo Javier Figueroa y soy redactor para el sitio oficial del Conservatorio de M\u00fasica Juli\u00e1n Aguirre en Buenos Aires, consaguirre.com. Apasionado por la m\u00fasica y la escritura, me esfuerzo por destacar los talentos y eventos de nuestra prestigiosa instituci\u00f3n. Mi trayectoria se nutre de una profunda admiraci\u00f3n por los artistas, haciendo de cada art\u00edculo una celebraci\u00f3n de la creatividad y la cultura musical.\",\"sameAs\":[\"https:\/\/web.consaguirre.com.ar\/noticias\"]}]}<\/script>\n<!-- \/ Yoast SEO plugin. -->","yoast_head_json":{"title":"Demi Lovato lanza nuevo sencillo 'Low Rise Jeans'","robots":{"index":"index","follow":"follow","max-snippet":"max-snippet:-1","max-image-preview":"max-image-preview:large","max-video-preview":"max-video-preview:-1"},"canonical":"https:\/\/web.consaguirre.com.ar\/noticias\/demi-lovato-lanza-nuevo-sencillo-low-rise-jeans\/","og_locale":"es_ES","og_type":"article","og_title":"Demi Lovato lanza nuevo sencillo 'Low Rise Jeans'","og_description":"Demi Lovato est\u00e1 lista para llevar a los fan\u00e1ticos m\u00e1s profundamente No es tan profundo. La estrella del pop ha anunciado una edici\u00f3n de lujo","og_url":"https:\/\/web.consaguirre.com.ar\/noticias\/demi-lovato-lanza-nuevo-sencillo-low-rise-jeans\/","og_site_name":"Conservatorio de M\u00fasica Juli\u00e1n Aguirre","article_published_time":"2026-04-21T02:38:57+00:00","article_modified_time":"2026-04-21T02:38:58+00:00","og_image":[{"width":820,"height":820,"url":"https:\/\/web.consaguirre.com.ar\/noticias\/wp-content\/uploads\/2026\/04\/Demi-Lovato-lanza-nuevo-sencillo-Low-Rise-Jeans.jpg","type":"image\/jpeg"}],"author":"Javier Figueroa","twitter_card":"summary_large_image","twitter_misc":{"Escrito por":"Javier Figueroa","Tiempo de lectura":"2 minutos"},"schema":{"@context":"https:\/\/schema.org","@graph":[{"@type":"Article","@id":"https:\/\/web.consaguirre.com.ar\/noticias\/demi-lovato-lanza-nuevo-sencillo-low-rise-jeans\/#article","isPartOf":{"@id":"https:\/\/web.consaguirre.com.ar\/noticias\/demi-lovato-lanza-nuevo-sencillo-low-rise-jeans\/"},"author":{"name":"Javier Figueroa","@id":"https:\/\/web.consaguirre.com.ar\/noticias\/#\/schema\/person\/6558b0cfedee7ddc5425602b237d5722"},"headline":"Demi Lovato lanza nuevo sencillo &#8216;Low Rise Jeans&#8217;","datePublished":"2026-04-21T02:38:57+00:00","dateModified":"2026-04-21T02:38:58+00:00","mainEntityOfPage":{"@id":"https:\/\/web.consaguirre.com.ar\/noticias\/demi-lovato-lanza-nuevo-sencillo-low-rise-jeans\/"},"wordCount":429,"publisher":{"@id":"https:\/\/web.consaguirre.com.ar\/noticias\/#organization"},"image":{"@id":"https:\/\/web.consaguirre.com.ar\/noticias\/demi-lovato-lanza-nuevo-sencillo-low-rise-jeans\/#primaryimage"},"thumbnailUrl":"https:\/\/web.consaguirre.com.ar\/noticias\/wp-content\/uploads\/2026\/04\/Demi-Lovato-lanza-nuevo-sencillo-Low-Rise-Jeans.jpg","keywords":["Demi","Jeans","lanza","Lovato","nuevo","Rise","sencillo"],"articleSection":["El \u00faltimo"],"inLanguage":"es-AR"},{"@type":"WebPage","@id":"https:\/\/web.consaguirre.com.ar\/noticias\/demi-lovato-lanza-nuevo-sencillo-low-rise-jeans\/","url":"https:\/\/web.consaguirre.com.ar\/noticias\/demi-lovato-lanza-nuevo-sencillo-low-rise-jeans\/","name":"Demi Lovato lanza nuevo sencillo 'Low Rise Jeans'","isPartOf":{"@id":"https:\/\/web.consaguirre.com.ar\/noticias\/#website"},"primaryImageOfPage":{"@id":"https:\/\/web.consaguirre.com.ar\/noticias\/demi-lovato-lanza-nuevo-sencillo-low-rise-jeans\/#primaryimage"},"image":{"@id":"https:\/\/web.consaguirre.com.ar\/noticias\/demi-lovato-lanza-nuevo-sencillo-low-rise-jeans\/#primaryimage"},"thumbnailUrl":"https:\/\/web.consaguirre.com.ar\/noticias\/wp-content\/uploads\/2026\/04\/Demi-Lovato-lanza-nuevo-sencillo-Low-Rise-Jeans.jpg","datePublished":"2026-04-21T02:38:57+00:00","dateModified":"2026-04-21T02:38:58+00:00","breadcrumb":{"@id":"https:\/\/web.consaguirre.com.ar\/noticias\/demi-lovato-lanza-nuevo-sencillo-low-rise-jeans\/#breadcrumb"},"inLanguage":"es-AR","potentialAction":[{"@type":"ReadAction","target":["https:\/\/web.consaguirre.com.ar\/noticias\/demi-lovato-lanza-nuevo-sencillo-low-rise-jeans\/"]}]},{"@type":"ImageObject","inLanguage":"es-AR","@id":"https:\/\/web.consaguirre.com.ar\/noticias\/demi-lovato-lanza-nuevo-sencillo-low-rise-jeans\/#primaryimage","url":"https:\/\/web.consaguirre.com.ar\/noticias\/wp-content\/uploads\/2026\/04\/Demi-Lovato-lanza-nuevo-sencillo-Low-Rise-Jeans.jpg","contentUrl":"https:\/\/web.consaguirre.com.ar\/noticias\/wp-content\/uploads\/2026\/04\/Demi-Lovato-lanza-nuevo-sencillo-Low-Rise-Jeans.jpg","width":820,"height":820,"caption":"Demi Lovato Low Rise Jeans album cover"},{"@type":"BreadcrumbList","@id":"https:\/\/web.consaguirre.com.ar\/noticias\/demi-lovato-lanza-nuevo-sencillo-low-rise-jeans\/#breadcrumb","itemListElement":[{"@type":"ListItem","position":1,"name":"Inicio","item":"https:\/\/web.consaguirre.com.ar\/noticias\/"},{"@type":"ListItem","position":2,"name":"Demi Lovato lanza nuevo sencillo &#8216;Low Rise Jeans&#8217;"}]},{"@type":"WebSite","@id":"https:\/\/web.consaguirre.com.ar\/noticias\/#website","url":"https:\/\/web.consaguirre.com.ar\/noticias\/","name":"Conservatorio de M\u00fasica Juli\u00e1n Aguirre","description":"","publisher":{"@id":"https:\/\/web.consaguirre.com.ar\/noticias\/#organization"},"potentialAction":[{"@type":"SearchAction","target":{"@type":"EntryPoint","urlTemplate":"https:\/\/web.consaguirre.com.ar\/noticias\/?s={search_term_string}"},"query-input":"required name=search_term_string"}],"inLanguage":"es-AR"},{"@type":"Organization","@id":"https:\/\/web.consaguirre.com.ar\/noticias\/#organization","name":"Conservatorio de M\u00fasica Juli\u00e1n Aguirre","url":"https:\/\/web.consaguirre.com.ar\/noticias\/","logo":{"@type":"ImageObject","inLanguage":"es-AR","@id":"https:\/\/web.consaguirre.com.ar\/noticias\/#\/schema\/logo\/image\/","url":"https:\/\/web.consaguirre.com.ar\/noticias\/wp-content\/uploads\/2024\/08\/Banner-Aguirre-23.jpg","contentUrl":"https:\/\/web.consaguirre.com.ar\/noticias\/wp-content\/uploads\/2024\/08\/Banner-Aguirre-23.jpg","width":1192,"height":600,"caption":"Conservatorio de M\u00fasica Juli\u00e1n Aguirre"},"image":{"@id":"https:\/\/web.consaguirre.com.ar\/noticias\/#\/schema\/logo\/image\/"}},{"@type":"Person","@id":"https:\/\/web.consaguirre.com.ar\/noticias\/#\/schema\/person\/6558b0cfedee7ddc5425602b237d5722","name":"Javier Figueroa","image":{"@type":"ImageObject","inLanguage":"es-AR","@id":"https:\/\/web.consaguirre.com.ar\/noticias\/#\/schema\/person\/image\/","url":"https:\/\/web.consaguirre.com.ar\/noticias\/wp-content\/uploads\/2024\/08\/Consaguirre-scaled.jpg","contentUrl":"https:\/\/web.consaguirre.com.ar\/noticias\/wp-content\/uploads\/2024\/08\/Consaguirre-scaled.jpg","caption":"Javier Figueroa"},"description":"Me llamo Javier Figueroa y soy redactor para el sitio oficial del Conservatorio de M\u00fasica Juli\u00e1n Aguirre en Buenos Aires, consaguirre.com. Apasionado por la m\u00fasica y la escritura, me esfuerzo por destacar los talentos y eventos de nuestra prestigiosa instituci\u00f3n. Mi trayectoria se nutre de una profunda admiraci\u00f3n por los artistas, haciendo de cada art\u00edculo una celebraci\u00f3n de la creatividad y la cultura musical.","sameAs":["https:\/\/web.consaguirre.com.ar\/noticias"]}]}},"_links":{"self":[{"href":"https:\/\/web.consaguirre.com.ar\/noticias\/wp-json\/wp\/v2\/posts\/5722"}],"collection":[{"href":"https:\/\/web.consaguirre.com.ar\/noticias\/wp-json\/wp\/v2\/posts"}],"about":[{"href":"https:\/\/web.consaguirre.com.ar\/noticias\/wp-json\/wp\/v2\/types\/post"}],"author":[{"embeddable":true,"href":"https:\/\/web.consaguirre.com.ar\/noticias\/wp-json\/wp\/v2\/users\/1"}],"replies":[{"embeddable":true,"href":"https:\/\/web.consaguirre.com.ar\/noticias\/wp-json\/wp\/v2\/comments?post=5722"}],"version-history":[{"count":1,"href":"https:\/\/web.consaguirre.com.ar\/noticias\/wp-json\/wp\/v2\/posts\/5722\/revisions"}],"predecessor-version":[{"id":5724,"href":"https:\/\/web.consaguirre.com.ar\/noticias\/wp-json\/wp\/v2\/posts\/5722\/revisions\/5724"}],"wp:featuredmedia":[{"embeddable":true,"href":"https:\/\/web.consaguirre.com.ar\/noticias\/wp-json\/wp\/v2\/media\/5723"}],"wp:attachment":[{"href":"https:\/\/web.consaguirre.com.ar\/noticias\/wp-json\/wp\/v2\/media?parent=5722"}],"wp:term":[{"taxonomy":"category","embeddable":true,"href":"https:\/\/web.consaguirre.com.ar\/noticias\/wp-json\/wp\/v2\/categories?post=5722"},{"taxonomy":"post_tag","embeddable":true,"href":"https:\/\/web.consaguirre.com.ar\/noticias\/wp-json\/wp\/v2\/tags?post=5722"}],"curies":[{"name":"wp","href":"https:\/\/api.w.org\/{rel}","templated":true}]}}