{"id":5707,"date":"2026-04-20T07:38:13","date_gmt":"2026-04-20T10:38:13","guid":{"rendered":"https:\/\/web.consaguirre.com.ar\/noticias\/resena-del-cd-beto-paciello-la-suite-estoica\/"},"modified":"2026-04-20T07:38:13","modified_gmt":"2026-04-20T10:38:13","slug":"resena-del-cd-beto-paciello-la-suite-estoica","status":"publish","type":"post","link":"https:\/\/web.consaguirre.com.ar\/noticias\/resena-del-cd-beto-paciello-la-suite-estoica\/","title":{"rendered":"Rese\u00f1a del CD: Beto Paciello, La suite estoica"},"content":{"rendered":"<div class=\"entry\" itemprop=\"text\">\n<p><strong><em>El pianista y compositor brasile\u00f1o Beto Paciello ha pasado m\u00e1s de cuatro d\u00e9cadas como uno de los m\u00fasicos comerciales m\u00e1s solicitados de S\u00e3o Paulo: siete temporadas como director musical del grupo brasile\u00f1o <em>\u00cddolos<\/em>trabajo de sesi\u00f3n de primera convocatoria en cine, televisi\u00f3n y pop, y un cr\u00e9dito en el <em>sen<\/em> banda sonora junto a Ant\u00f4nio Pinto. <em>La suite estoica<\/em> es su tercer \u00e1lbum de m\u00fasica original y, al igual que sus predecesores, una colaboraci\u00f3n con el percusionista Rog\u00e9rio Boccato, nacido en S\u00e3o Paulo y radicado en Nueva York, cuya red aporta un elenco notable al proyecto: John Patitucci al bajo, Eric Harland a la bater\u00eda, John Ellis a las leng\u00fcetas y la vocalista Anne Boccato. El \u00e1lbum fue grabado en Oktaven en el Bronx y lanzado el 17 de abril de 2026.<\/em><\/strong><\/p>\n<p>La historia de fondo importa aqu\u00ed. Durante la pandemia, Paciello se encontr\u00f3 varado solo en S\u00e3o Paulo. Su esposa, una neuropsic\u00f3loga, estaba atrapada en Estados Unidos. Su padre y su madre murieron ambos de COVID. Pas\u00f3 un a\u00f1o en casa con su piano y los fil\u00f3sofos estoicos (S\u00e9neca, Epicteto, Marco Aurelio) y reconoci\u00f3 algo de s\u00ed mismo en lo que ley\u00f3. Las siete composiciones que componen esta suite surgieron directamente de ese per\u00edodo de aislamiento y dolor. \u201cAmor Fati\u201d \u2013 ama tu destino \u2013 fue escrito sobre la primera angustia de su hija. \u201cMemento Mori\u201d recuerda a sus padres. Este no es el color de fondo; es el marco completo a trav\u00e9s del cual la m\u00fasica tiene sentido.<\/p>\n<p>\u201cAmor Fati\u201d abre el \u00e1lbum con una sencilla sensaci\u00f3n latina de m\u00e9trica extra\u00f1a, la flauta de Ellis prepara la escena pacientemente antes de que las voces sin palabras y el saxof\u00f3n al un\u00edsono den un segundo pase a la melod\u00eda. El solo de piano de Paciello es lo m\u00e1s destacado para m\u00ed, espec\u00edficamente la forma en que un sentimiento montuno emerge y retrocede sin siquiera anunciarse, simplemente como parte del pensamiento r\u00edtmico. \u201cTempus Fugit\u201d comparte el mismo paisaje sonoro pero construye una densidad arm\u00f3nica que le da su propio car\u00e1cter. \u201cMemento Mori\u201d es la pista m\u00e1s ambiciosa desde el punto de vista compositivo aqu\u00ed: en gran parte compuesta, con violonchelo desde los primeros compases, la voz sin palabras y las voces al un\u00edsono tienen un peso real antes de que un solo de bater\u00eda y saxof\u00f3n abra brevemente las cosas.<\/p>\n<p>El estado de \u00e1nimo cambia en \u201cEternal Love\u201d, una balada dirigida por piano en la que Ellis toma la melod\u00eda con un lirismo directo: es el momento m\u00e1s inmediato del disco y un bienvenido cambio de ritmo. \u201cSunset Skies\u201d restablece el movimiento con algunos de los mejores trabajos de saxof\u00f3n soprano del \u00e1lbum. \u201cMediterranean Sea\u201d comienza con una escritura de clarinete que se gana su t\u00edtulo sin caer en clich\u00e9s, y el cierre \u201cNostalgia (For My Mother)\u201d hace exactamente lo que dice: oscuro, melanc\u00f3lico y la manera correcta de terminar.<\/p>\n<p>Mi \u00fanica reserva es la consistencia del estado de \u00e1nimo del \u00e1lbum en todo momento, y quiero tener cuidado al enmarcar eso, porque se siente inseparable del concepto. Los estoicos valoraban la ecuanimidad: la aceptaci\u00f3n de lo que no se puede cambiar, la constante contemplaci\u00f3n del destino, la p\u00e9rdida y el tiempo. Al escuchar este disco, escucho esa cualidad reflejada en cada paso: una interioridad sostenida que, en mi opini\u00f3n, es la caracter\u00edstica definitoria de la suite. Considerada como una declaraci\u00f3n emocional unificada, esa coherencia es una fortaleza. Pero admito que en siete piezas, ocasionalmente me encontr\u00e9 deseando m\u00e1s contraste: un momento de interrupci\u00f3n o liberaci\u00f3n que la filosof\u00eda, tal vez deliberadamente, no permite. Si eso se lee como una limitaci\u00f3n o como una integridad probablemente dice tanto sobre el oyente como sobre la m\u00fasica.<\/p>\n<p><img loading=\"lazy\" decoding=\"async\" class=\"aligncenter size-large wp-image-63793\" src=\"https:\/\/web.consaguirre.com.ar\/noticias\/wp-content\/uploads\/2026\/04\/1776681492_519_Resena-del-CD-Beto-Paciello-La-suite-estoica.jpg\" alt=\"\" width=\"1024\" height=\"576\"  ><\/p>\n<p>De lo que no hay duda es de la calidad del juego en todo momento. Paciello es un pianista formidable y el ancla central de casi todos los arreglos aqu\u00ed: su toque es infalible, su sentido del espacio admirable. La percusi\u00f3n de Boccato es meticulosa sin llegar nunca a ser decorativa. Patitucci y Harland est\u00e1n, como siempre, irreprochables. Ellis se mueve con fluidez entre el saxof\u00f3n tenor y soprano, la flauta y el clarinete bajo, y su contribuci\u00f3n al car\u00e1cter del \u00e1lbum es considerable. El sonido de Oktaven es excelente: claro, c\u00e1lido y bien equilibrado. Para aquellos que a\u00fan no han conocido el nombre de Paciello, <em>La suite estoica<\/em> Es una introducci\u00f3n persuasiva y profundamente personal. La escena del jazz de S\u00e3o Paulo merece mucha m\u00e1s atenci\u00f3n internacional de la que recibe, y \u00e1lbumes como este lo demuestran de manera convincente.<\/p>\n<p><!-- PULL QUOTE: \"What struck me most was Paciello's piano solo &mdash; the way a montuno feel surfaces and recedes with great subtlety, never announcing itself, simply present in the rhythmic thinking.\" --><\/p>\n<p><!-- PULL QUOTE: \"'Eternal Love' is where the album's emotional core &mdash; grief, love, acceptance &mdash; feels most directly expressed rather than formally constructed.\" --><\/p>\n<p><strong>Listado de pistas:<\/strong><\/p>\n<p>1. Amor Fati | 2. Tempus Fugit | 3. Recuerdo Mori | 4. Amor eterno | 5. Cielos al atardecer | 6. Mar Mediterr\u00e1neo | 7. Nostalgia (por mi madre)<\/p>\n<p><strong>P\u00f3ngase en fila:<\/strong><\/p>\n<p>Beto Paciello \u2013 Piano | John Patitucci \u2013 Bajo | Eric Harland \u2013 Bater\u00eda | John Ellis \u2013 Saxo tenor, saxo soprano, flauta, clarinete bajo | Rogerio Boccato \u2013 Percusi\u00f3n | Anne Boccato \u2013 Voz<\/p>\n<p><strong>Fecha de lanzamiento:<\/strong> 17 de abril de 2026<br \/>\n<strong>Formato:<\/strong> CD | Transmisi\u00f3n<br \/>\n<strong>Etiqueta:<\/strong> 11 Lunas Artes<\/p>\n<\/p>\n<p><img loading=\"lazy\" decoding=\"async\" class=\"aligncenter size-medium wp-image-36519\" src=\"https:\/\/web.consaguirre.com.ar\/noticias\/wp-content\/uploads\/2024\/08\/1724715697_68_Resena-de-CD-Hyeonseon-Baek-Longing.png\" alt=\"\" width=\"300\" height=\"43\"  ><\/p>\n<p><img loading=\"lazy\" decoding=\"async\" class=\"aligncenter wp-image-62988 size-large\" src=\"https:\/\/web.consaguirre.com.ar\/noticias\/wp-content\/uploads\/2025\/09\/1759257520_498_Orquesta-de-jazz-de-Zurich-que-aun-se-expande-los.jpg\" rel=\"prettyPhoto\" alt=\"\" width=\"1024\" height=\"289\"  ><\/p>\n<div class=\"post-pagination\"><\/div>\n<div class=\"clearfix\"><\/div>\n<\/p><\/div>\n","protected":false},"excerpt":{"rendered":"<p>El pianista y compositor brasile\u00f1o Beto Paciello ha pasado m\u00e1s de cuatro d\u00e9cadas como uno de los m\u00fasicos comerciales m\u00e1s solicitados de S\u00e3o Paulo: siete<\/p>\n","protected":false},"author":1,"featured_media":5708,"comment_status":"closed","ping_status":"","sticky":false,"template":"","format":"standard","meta":{"footnotes":""},"categories":[4],"tags":[4153,10,4156,4154,6,4155],"class_list":["post-5707","post","type-post","status-publish","format-standard","has-post-thumbnail","hentry","category-critica","tag-beto","tag-del","tag-estoica","tag-paciello","tag-resena","tag-suite","generate-columns","tablet-grid-50","mobile-grid-100","grid-parent","grid-50"],"yoast_head":"<!-- This site is optimized with the Yoast SEO plugin v23.3 - https:\/\/yoast.com\/wordpress\/plugins\/seo\/ -->\n<title>Rese\u00f1a del CD: Beto Paciello, La suite estoica<\/title>\n<meta name=\"robots\" content=\"index, follow, max-snippet:-1, max-image-preview:large, max-video-preview:-1\" \/>\n<link rel=\"canonical\" href=\"https:\/\/web.consaguirre.com.ar\/noticias\/resena-del-cd-beto-paciello-la-suite-estoica\/\" \/>\n<meta property=\"og:locale\" content=\"es_ES\" \/>\n<meta property=\"og:type\" content=\"article\" \/>\n<meta property=\"og:title\" content=\"Rese\u00f1a del CD: Beto Paciello, La suite estoica\" \/>\n<meta property=\"og:description\" content=\"El pianista y compositor brasile\u00f1o Beto Paciello ha pasado m\u00e1s de cuatro d\u00e9cadas como uno de los m\u00fasicos comerciales m\u00e1s solicitados de S\u00e3o Paulo: siete\" \/>\n<meta property=\"og:url\" content=\"https:\/\/web.consaguirre.com.ar\/noticias\/resena-del-cd-beto-paciello-la-suite-estoica\/\" \/>\n<meta property=\"og:site_name\" content=\"Conservatorio de M\u00fasica Juli\u00e1n Aguirre\" \/>\n<meta property=\"article:published_time\" content=\"2026-04-20T10:38:13+00:00\" \/>\n<meta property=\"og:image\" content=\"https:\/\/web.consaguirre.com.ar\/noticias\/wp-content\/uploads\/2026\/04\/Resena-del-CD-Beto-Paciello-La-suite-estoica.jpg\" \/>\n\t<meta property=\"og:image:width\" content=\"300\" \/>\n\t<meta property=\"og:image:height\" content=\"300\" \/>\n\t<meta property=\"og:image:type\" content=\"image\/jpeg\" \/>\n<meta name=\"author\" content=\"Javier Figueroa\" \/>\n<meta name=\"twitter:card\" content=\"summary_large_image\" \/>\n<meta name=\"twitter:label1\" content=\"Escrito por\" \/>\n\t<meta name=\"twitter:data1\" content=\"Javier Figueroa\" \/>\n\t<meta name=\"twitter:label2\" content=\"Tiempo de lectura\" \/>\n\t<meta name=\"twitter:data2\" content=\"4 minutos\" \/>\n<script type=\"application\/ld+json\" class=\"yoast-schema-graph\">{\"@context\":\"https:\/\/schema.org\",\"@graph\":[{\"@type\":\"Article\",\"@id\":\"https:\/\/web.consaguirre.com.ar\/noticias\/resena-del-cd-beto-paciello-la-suite-estoica\/#article\",\"isPartOf\":{\"@id\":\"https:\/\/web.consaguirre.com.ar\/noticias\/resena-del-cd-beto-paciello-la-suite-estoica\/\"},\"author\":{\"name\":\"Javier Figueroa\",\"@id\":\"https:\/\/web.consaguirre.com.ar\/noticias\/#\/schema\/person\/6558b0cfedee7ddc5425602b237d5722\"},\"headline\":\"Rese\u00f1a del CD: Beto Paciello, La suite estoica\",\"datePublished\":\"2026-04-20T10:38:13+00:00\",\"dateModified\":\"2026-04-20T10:38:13+00:00\",\"mainEntityOfPage\":{\"@id\":\"https:\/\/web.consaguirre.com.ar\/noticias\/resena-del-cd-beto-paciello-la-suite-estoica\/\"},\"wordCount\":893,\"publisher\":{\"@id\":\"https:\/\/web.consaguirre.com.ar\/noticias\/#organization\"},\"image\":{\"@id\":\"https:\/\/web.consaguirre.com.ar\/noticias\/resena-del-cd-beto-paciello-la-suite-estoica\/#primaryimage\"},\"thumbnailUrl\":\"https:\/\/web.consaguirre.com.ar\/noticias\/wp-content\/uploads\/2026\/04\/Resena-del-CD-Beto-Paciello-La-suite-estoica.jpg\",\"keywords\":[\"Beto\",\"del\",\"estoica\",\"Paciello\",\"Rese\u00f1a\",\"suite\"],\"articleSection\":[\"Cr\u00edtica\"],\"inLanguage\":\"es-AR\"},{\"@type\":\"WebPage\",\"@id\":\"https:\/\/web.consaguirre.com.ar\/noticias\/resena-del-cd-beto-paciello-la-suite-estoica\/\",\"url\":\"https:\/\/web.consaguirre.com.ar\/noticias\/resena-del-cd-beto-paciello-la-suite-estoica\/\",\"name\":\"Rese\u00f1a del CD: Beto Paciello, La suite estoica\",\"isPartOf\":{\"@id\":\"https:\/\/web.consaguirre.com.ar\/noticias\/#website\"},\"primaryImageOfPage\":{\"@id\":\"https:\/\/web.consaguirre.com.ar\/noticias\/resena-del-cd-beto-paciello-la-suite-estoica\/#primaryimage\"},\"image\":{\"@id\":\"https:\/\/web.consaguirre.com.ar\/noticias\/resena-del-cd-beto-paciello-la-suite-estoica\/#primaryimage\"},\"thumbnailUrl\":\"https:\/\/web.consaguirre.com.ar\/noticias\/wp-content\/uploads\/2026\/04\/Resena-del-CD-Beto-Paciello-La-suite-estoica.jpg\",\"datePublished\":\"2026-04-20T10:38:13+00:00\",\"dateModified\":\"2026-04-20T10:38:13+00:00\",\"breadcrumb\":{\"@id\":\"https:\/\/web.consaguirre.com.ar\/noticias\/resena-del-cd-beto-paciello-la-suite-estoica\/#breadcrumb\"},\"inLanguage\":\"es-AR\",\"potentialAction\":[{\"@type\":\"ReadAction\",\"target\":[\"https:\/\/web.consaguirre.com.ar\/noticias\/resena-del-cd-beto-paciello-la-suite-estoica\/\"]}]},{\"@type\":\"ImageObject\",\"inLanguage\":\"es-AR\",\"@id\":\"https:\/\/web.consaguirre.com.ar\/noticias\/resena-del-cd-beto-paciello-la-suite-estoica\/#primaryimage\",\"url\":\"https:\/\/web.consaguirre.com.ar\/noticias\/wp-content\/uploads\/2026\/04\/Resena-del-CD-Beto-Paciello-La-suite-estoica.jpg\",\"contentUrl\":\"https:\/\/web.consaguirre.com.ar\/noticias\/wp-content\/uploads\/2026\/04\/Resena-del-CD-Beto-Paciello-La-suite-estoica.jpg\",\"width\":300,\"height\":300,\"caption\":\"Rese\u00f1a del CD: Beto Paciello, La suite estoica\"},{\"@type\":\"BreadcrumbList\",\"@id\":\"https:\/\/web.consaguirre.com.ar\/noticias\/resena-del-cd-beto-paciello-la-suite-estoica\/#breadcrumb\",\"itemListElement\":[{\"@type\":\"ListItem\",\"position\":1,\"name\":\"Inicio\",\"item\":\"https:\/\/web.consaguirre.com.ar\/noticias\/\"},{\"@type\":\"ListItem\",\"position\":2,\"name\":\"Rese\u00f1a del CD: Beto Paciello, La suite estoica\"}]},{\"@type\":\"WebSite\",\"@id\":\"https:\/\/web.consaguirre.com.ar\/noticias\/#website\",\"url\":\"https:\/\/web.consaguirre.com.ar\/noticias\/\",\"name\":\"Conservatorio de M\u00fasica Juli\u00e1n Aguirre\",\"description\":\"\",\"publisher\":{\"@id\":\"https:\/\/web.consaguirre.com.ar\/noticias\/#organization\"},\"potentialAction\":[{\"@type\":\"SearchAction\",\"target\":{\"@type\":\"EntryPoint\",\"urlTemplate\":\"https:\/\/web.consaguirre.com.ar\/noticias\/?s={search_term_string}\"},\"query-input\":\"required name=search_term_string\"}],\"inLanguage\":\"es-AR\"},{\"@type\":\"Organization\",\"@id\":\"https:\/\/web.consaguirre.com.ar\/noticias\/#organization\",\"name\":\"Conservatorio de M\u00fasica Juli\u00e1n Aguirre\",\"url\":\"https:\/\/web.consaguirre.com.ar\/noticias\/\",\"logo\":{\"@type\":\"ImageObject\",\"inLanguage\":\"es-AR\",\"@id\":\"https:\/\/web.consaguirre.com.ar\/noticias\/#\/schema\/logo\/image\/\",\"url\":\"https:\/\/web.consaguirre.com.ar\/noticias\/wp-content\/uploads\/2024\/08\/Banner-Aguirre-23.jpg\",\"contentUrl\":\"https:\/\/web.consaguirre.com.ar\/noticias\/wp-content\/uploads\/2024\/08\/Banner-Aguirre-23.jpg\",\"width\":1192,\"height\":600,\"caption\":\"Conservatorio de M\u00fasica Juli\u00e1n Aguirre\"},\"image\":{\"@id\":\"https:\/\/web.consaguirre.com.ar\/noticias\/#\/schema\/logo\/image\/\"}},{\"@type\":\"Person\",\"@id\":\"https:\/\/web.consaguirre.com.ar\/noticias\/#\/schema\/person\/6558b0cfedee7ddc5425602b237d5722\",\"name\":\"Javier Figueroa\",\"image\":{\"@type\":\"ImageObject\",\"inLanguage\":\"es-AR\",\"@id\":\"https:\/\/web.consaguirre.com.ar\/noticias\/#\/schema\/person\/image\/\",\"url\":\"https:\/\/web.consaguirre.com.ar\/noticias\/wp-content\/uploads\/2024\/08\/Consaguirre-scaled.jpg\",\"contentUrl\":\"https:\/\/web.consaguirre.com.ar\/noticias\/wp-content\/uploads\/2024\/08\/Consaguirre-scaled.jpg\",\"caption\":\"Javier Figueroa\"},\"description\":\"Me llamo Javier Figueroa y soy redactor para el sitio oficial del Conservatorio de M\u00fasica Juli\u00e1n Aguirre en Buenos Aires, consaguirre.com. Apasionado por la m\u00fasica y la escritura, me esfuerzo por destacar los talentos y eventos de nuestra prestigiosa instituci\u00f3n. Mi trayectoria se nutre de una profunda admiraci\u00f3n por los artistas, haciendo de cada art\u00edculo una celebraci\u00f3n de la creatividad y la cultura musical.\",\"sameAs\":[\"https:\/\/web.consaguirre.com.ar\/noticias\"]}]}<\/script>\n<!-- \/ Yoast SEO plugin. -->","yoast_head_json":{"title":"Rese\u00f1a del CD: Beto Paciello, La suite estoica","robots":{"index":"index","follow":"follow","max-snippet":"max-snippet:-1","max-image-preview":"max-image-preview:large","max-video-preview":"max-video-preview:-1"},"canonical":"https:\/\/web.consaguirre.com.ar\/noticias\/resena-del-cd-beto-paciello-la-suite-estoica\/","og_locale":"es_ES","og_type":"article","og_title":"Rese\u00f1a del CD: Beto Paciello, La suite estoica","og_description":"El pianista y compositor brasile\u00f1o Beto Paciello ha pasado m\u00e1s de cuatro d\u00e9cadas como uno de los m\u00fasicos comerciales m\u00e1s solicitados de S\u00e3o Paulo: siete","og_url":"https:\/\/web.consaguirre.com.ar\/noticias\/resena-del-cd-beto-paciello-la-suite-estoica\/","og_site_name":"Conservatorio de M\u00fasica Juli\u00e1n Aguirre","article_published_time":"2026-04-20T10:38:13+00:00","og_image":[{"width":300,"height":300,"url":"https:\/\/web.consaguirre.com.ar\/noticias\/wp-content\/uploads\/2026\/04\/Resena-del-CD-Beto-Paciello-La-suite-estoica.jpg","type":"image\/jpeg"}],"author":"Javier Figueroa","twitter_card":"summary_large_image","twitter_misc":{"Escrito por":"Javier Figueroa","Tiempo de lectura":"4 minutos"},"schema":{"@context":"https:\/\/schema.org","@graph":[{"@type":"Article","@id":"https:\/\/web.consaguirre.com.ar\/noticias\/resena-del-cd-beto-paciello-la-suite-estoica\/#article","isPartOf":{"@id":"https:\/\/web.consaguirre.com.ar\/noticias\/resena-del-cd-beto-paciello-la-suite-estoica\/"},"author":{"name":"Javier Figueroa","@id":"https:\/\/web.consaguirre.com.ar\/noticias\/#\/schema\/person\/6558b0cfedee7ddc5425602b237d5722"},"headline":"Rese\u00f1a del CD: Beto Paciello, La suite estoica","datePublished":"2026-04-20T10:38:13+00:00","dateModified":"2026-04-20T10:38:13+00:00","mainEntityOfPage":{"@id":"https:\/\/web.consaguirre.com.ar\/noticias\/resena-del-cd-beto-paciello-la-suite-estoica\/"},"wordCount":893,"publisher":{"@id":"https:\/\/web.consaguirre.com.ar\/noticias\/#organization"},"image":{"@id":"https:\/\/web.consaguirre.com.ar\/noticias\/resena-del-cd-beto-paciello-la-suite-estoica\/#primaryimage"},"thumbnailUrl":"https:\/\/web.consaguirre.com.ar\/noticias\/wp-content\/uploads\/2026\/04\/Resena-del-CD-Beto-Paciello-La-suite-estoica.jpg","keywords":["Beto","del","estoica","Paciello","Rese\u00f1a","suite"],"articleSection":["Cr\u00edtica"],"inLanguage":"es-AR"},{"@type":"WebPage","@id":"https:\/\/web.consaguirre.com.ar\/noticias\/resena-del-cd-beto-paciello-la-suite-estoica\/","url":"https:\/\/web.consaguirre.com.ar\/noticias\/resena-del-cd-beto-paciello-la-suite-estoica\/","name":"Rese\u00f1a del CD: Beto Paciello, La suite estoica","isPartOf":{"@id":"https:\/\/web.consaguirre.com.ar\/noticias\/#website"},"primaryImageOfPage":{"@id":"https:\/\/web.consaguirre.com.ar\/noticias\/resena-del-cd-beto-paciello-la-suite-estoica\/#primaryimage"},"image":{"@id":"https:\/\/web.consaguirre.com.ar\/noticias\/resena-del-cd-beto-paciello-la-suite-estoica\/#primaryimage"},"thumbnailUrl":"https:\/\/web.consaguirre.com.ar\/noticias\/wp-content\/uploads\/2026\/04\/Resena-del-CD-Beto-Paciello-La-suite-estoica.jpg","datePublished":"2026-04-20T10:38:13+00:00","dateModified":"2026-04-20T10:38:13+00:00","breadcrumb":{"@id":"https:\/\/web.consaguirre.com.ar\/noticias\/resena-del-cd-beto-paciello-la-suite-estoica\/#breadcrumb"},"inLanguage":"es-AR","potentialAction":[{"@type":"ReadAction","target":["https:\/\/web.consaguirre.com.ar\/noticias\/resena-del-cd-beto-paciello-la-suite-estoica\/"]}]},{"@type":"ImageObject","inLanguage":"es-AR","@id":"https:\/\/web.consaguirre.com.ar\/noticias\/resena-del-cd-beto-paciello-la-suite-estoica\/#primaryimage","url":"https:\/\/web.consaguirre.com.ar\/noticias\/wp-content\/uploads\/2026\/04\/Resena-del-CD-Beto-Paciello-La-suite-estoica.jpg","contentUrl":"https:\/\/web.consaguirre.com.ar\/noticias\/wp-content\/uploads\/2026\/04\/Resena-del-CD-Beto-Paciello-La-suite-estoica.jpg","width":300,"height":300,"caption":"Rese\u00f1a del CD: Beto Paciello, La suite estoica"},{"@type":"BreadcrumbList","@id":"https:\/\/web.consaguirre.com.ar\/noticias\/resena-del-cd-beto-paciello-la-suite-estoica\/#breadcrumb","itemListElement":[{"@type":"ListItem","position":1,"name":"Inicio","item":"https:\/\/web.consaguirre.com.ar\/noticias\/"},{"@type":"ListItem","position":2,"name":"Rese\u00f1a del CD: Beto Paciello, La suite estoica"}]},{"@type":"WebSite","@id":"https:\/\/web.consaguirre.com.ar\/noticias\/#website","url":"https:\/\/web.consaguirre.com.ar\/noticias\/","name":"Conservatorio de M\u00fasica Juli\u00e1n Aguirre","description":"","publisher":{"@id":"https:\/\/web.consaguirre.com.ar\/noticias\/#organization"},"potentialAction":[{"@type":"SearchAction","target":{"@type":"EntryPoint","urlTemplate":"https:\/\/web.consaguirre.com.ar\/noticias\/?s={search_term_string}"},"query-input":"required name=search_term_string"}],"inLanguage":"es-AR"},{"@type":"Organization","@id":"https:\/\/web.consaguirre.com.ar\/noticias\/#organization","name":"Conservatorio de M\u00fasica Juli\u00e1n Aguirre","url":"https:\/\/web.consaguirre.com.ar\/noticias\/","logo":{"@type":"ImageObject","inLanguage":"es-AR","@id":"https:\/\/web.consaguirre.com.ar\/noticias\/#\/schema\/logo\/image\/","url":"https:\/\/web.consaguirre.com.ar\/noticias\/wp-content\/uploads\/2024\/08\/Banner-Aguirre-23.jpg","contentUrl":"https:\/\/web.consaguirre.com.ar\/noticias\/wp-content\/uploads\/2024\/08\/Banner-Aguirre-23.jpg","width":1192,"height":600,"caption":"Conservatorio de M\u00fasica Juli\u00e1n Aguirre"},"image":{"@id":"https:\/\/web.consaguirre.com.ar\/noticias\/#\/schema\/logo\/image\/"}},{"@type":"Person","@id":"https:\/\/web.consaguirre.com.ar\/noticias\/#\/schema\/person\/6558b0cfedee7ddc5425602b237d5722","name":"Javier Figueroa","image":{"@type":"ImageObject","inLanguage":"es-AR","@id":"https:\/\/web.consaguirre.com.ar\/noticias\/#\/schema\/person\/image\/","url":"https:\/\/web.consaguirre.com.ar\/noticias\/wp-content\/uploads\/2024\/08\/Consaguirre-scaled.jpg","contentUrl":"https:\/\/web.consaguirre.com.ar\/noticias\/wp-content\/uploads\/2024\/08\/Consaguirre-scaled.jpg","caption":"Javier Figueroa"},"description":"Me llamo Javier Figueroa y soy redactor para el sitio oficial del Conservatorio de M\u00fasica Juli\u00e1n Aguirre en Buenos Aires, consaguirre.com. Apasionado por la m\u00fasica y la escritura, me esfuerzo por destacar los talentos y eventos de nuestra prestigiosa instituci\u00f3n. Mi trayectoria se nutre de una profunda admiraci\u00f3n por los artistas, haciendo de cada art\u00edculo una celebraci\u00f3n de la creatividad y la cultura musical.","sameAs":["https:\/\/web.consaguirre.com.ar\/noticias"]}]}},"_links":{"self":[{"href":"https:\/\/web.consaguirre.com.ar\/noticias\/wp-json\/wp\/v2\/posts\/5707"}],"collection":[{"href":"https:\/\/web.consaguirre.com.ar\/noticias\/wp-json\/wp\/v2\/posts"}],"about":[{"href":"https:\/\/web.consaguirre.com.ar\/noticias\/wp-json\/wp\/v2\/types\/post"}],"author":[{"embeddable":true,"href":"https:\/\/web.consaguirre.com.ar\/noticias\/wp-json\/wp\/v2\/users\/1"}],"replies":[{"embeddable":true,"href":"https:\/\/web.consaguirre.com.ar\/noticias\/wp-json\/wp\/v2\/comments?post=5707"}],"version-history":[{"count":1,"href":"https:\/\/web.consaguirre.com.ar\/noticias\/wp-json\/wp\/v2\/posts\/5707\/revisions"}],"predecessor-version":[{"id":5709,"href":"https:\/\/web.consaguirre.com.ar\/noticias\/wp-json\/wp\/v2\/posts\/5707\/revisions\/5709"}],"wp:featuredmedia":[{"embeddable":true,"href":"https:\/\/web.consaguirre.com.ar\/noticias\/wp-json\/wp\/v2\/media\/5708"}],"wp:attachment":[{"href":"https:\/\/web.consaguirre.com.ar\/noticias\/wp-json\/wp\/v2\/media?parent=5707"}],"wp:term":[{"taxonomy":"category","embeddable":true,"href":"https:\/\/web.consaguirre.com.ar\/noticias\/wp-json\/wp\/v2\/categories?post=5707"},{"taxonomy":"post_tag","embeddable":true,"href":"https:\/\/web.consaguirre.com.ar\/noticias\/wp-json\/wp\/v2\/tags?post=5707"}],"curies":[{"name":"wp","href":"https:\/\/api.w.org\/{rel}","templated":true}]}}