{"id":5679,"date":"2026-04-16T07:38:26","date_gmt":"2026-04-16T10:38:26","guid":{"rendered":"https:\/\/web.consaguirre.com.ar\/noticias\/resena-del-cd-bobby-wiens-focus\/"},"modified":"2026-04-16T07:38:27","modified_gmt":"2026-04-16T10:38:27","slug":"resena-del-cd-bobby-wiens-focus","status":"publish","type":"post","link":"https:\/\/web.consaguirre.com.ar\/noticias\/resena-del-cd-bobby-wiens-focus\/","title":{"rendered":"Rese\u00f1a del CD: Bobby Wiens, Focus"},"content":{"rendered":"<div class=\"entry\" itemprop=\"text\">\n<p><strong><em>El baterista Bobby Wiens, radicado en Denver, llega a su segundo \u00e1lbum como l\u00edder con algo que decir, y la confianza en la composici\u00f3n, la banda y la grabaci\u00f3n para decirlo correctamente. Este es un disco que recompensa la paciencia y la escucha repetida, y llega como uno de los lanzamientos de jazz para grupos peque\u00f1os m\u00e1s satisfactorios que he escuchado en lo que va del a\u00f1o.<\/em><\/strong><\/p>\n<p>Han pasado seis a\u00f1os desde que Wiens debutara con <em>tambores parlantes<\/em> en Cellar Music, y el crecimiento documentado aqu\u00ed es real y audible. D\u00f3nde <em>tambores parlantes<\/em> estableci\u00f3 sus credenciales como un baterista con un ritmo fuerte y una sensibilidad mel\u00f3dica genuina, <em>Enfocar<\/em> va mucho m\u00e1s all\u00e1. Once de los doce temas son composiciones propias, y Wiens ha utilizado esa libertad creativa sabiamente, creando un programa que es genuinamente variado en sensaci\u00f3n y textura, manteniendo al mismo tiempo una l\u00ednea inconfundible desde el primer tema hasta el \u00faltimo.<\/p>\n<p>La banda que ha formado merece igual valoraci\u00f3n. El trompetista Gabriel Mervine y el pianista Tom Amend son las estrellas del espect\u00e1culo aqu\u00ed: ambos m\u00fasicos de verdadero calibre que contribuyen con solos y trabajos en conjunto de la m\u00e1s alta calidad en todo momento. El bajista Seth Lewis completa una secci\u00f3n r\u00edtmica que juega con inteligencia colectiva. Sin embargo, lo que te sorprende a medida que se desarrolla el \u00e1lbum es cu\u00e1n central es el propio Wiens en todo, no por estar al frente, sino por ser la base sobre la que se basa todo. Es s\u00f3lido en todos los temas, nunca desv\u00eda la atenci\u00f3n del conjunto, pero siempre est\u00e1 presente, siempre dirige. Es la marca de un l\u00edder fuerte, y en <em>Enfocar<\/em> lo usa naturalmente. Tambi\u00e9n hay que darle cr\u00e9dito al ingeniero de grabaci\u00f3n y mezclador Colin Bricker, cuyo trabajo captura el car\u00e1cter ac\u00fastico del grupo con una claridad excepcional. La calidad del sonido de este disco es excepcional.<\/p>\n<p>El \u00e1lbum se abre con \u201cGo Back to the Beginning\u201d, que parece una declaraci\u00f3n de intenciones: la introducci\u00f3n de bater\u00eda de dos compases da paso a un ritmo de segunda l\u00ednea de Nueva Orleans con la trompeta abierta de Mervine cortando la parte superior. Es inmediatamente atractivo y plantea una pregunta en la mente del oyente sobre hacia d\u00f3nde ir\u00e1 exactamente este disco. La canci\u00f3n principal, \u201cFocus\u201d, responde enf\u00e1ticamente que se trata de un neo-bop de swing fuerte que huele a Coltrane, con solos imponentes de Amend y Mervine, este \u00faltimo extendi\u00e9ndose hasta los registros superiores con seguridad. Sigue \u201cHat Trick\u201d, un swing de ritmo medio con una fuerte sensaci\u00f3n de dos y una calidad de preguntas y respuestas en la escritura que pone la interacci\u00f3n de la banda al frente y al centro.<\/p>\n<p>\u201cDevoted Heart\u201d llega como un bienvenido cambio de ritmo: una inquietante balada de octava recta que proporciona un verdadero punto de descanso despu\u00e9s de la energ\u00eda de los dos temas anteriores. \u201cSun Dance\u201d, dedicada a Al Foster, es un calipso bien elaborado que la banda toca con cuidado y compromiso. Hace su trabajo perfectamente bien; simplemente se encuentra un nivel por debajo del inter\u00e9s compositivo de las piezas que lo rodean, una peque\u00f1a ca\u00edda en un programa que, de otro modo, sigue elevando el list\u00f3n. \u201cHermann\u201d lo compensa con creces: una pieza que comienza en territorio exploratorio antes de convertirse en un swinger post-bop comprometido y acelerado, con contribuciones particularmente impresionantes de Amend y Mervine. Este sali\u00f3 maravillosamente y es uno de los aspectos m\u00e1s destacados del \u00e1lbum.<\/p>\n<p><img loading=\"lazy\" decoding=\"async\" class=\"aligncenter size-large wp-image-63738\" src=\"https:\/\/web.consaguirre.com.ar\/noticias\/wp-content\/uploads\/2026\/04\/1776335906_987_Resena-del-CD-Bobby-Wiens-Focus.jpg\" alt=\"\" width=\"1024\" height=\"576\"  ><\/p>\n<p>\u201cHeaded East\u201d introduce un nuevo color en la paleta, con Amend movi\u00e9ndose a Fender Rhodes y d\u00e1ndole a la pista un sutil matiz de fusi\u00f3n que le sienta bien. \u201cMorning Run\u201d comienza con una declaraci\u00f3n entrecortada (una trompeta apagada que conduce a otro swinger acelerado) antes de que \u201cMantra\u201d llegue como la pieza central de la segunda mitad. Esta es la canci\u00f3n donde el propio Wiens llama m\u00e1s la atenci\u00f3n: su forma de tocar aqu\u00ed canaliza el esp\u00edritu de Elvin Jones con convicci\u00f3n genuina, y el resultado es algo que se siente a la vez arraigado en la tradici\u00f3n y distintivamente suyo.<\/p>\n<p>\u201cFor AJ\u201d agrega un \u00f3rgano Hammond al conjunto, y Wiens tiene el buen instinto de usarlo con moderaci\u00f3n: la composici\u00f3n bajo un solo de bajo es un toque genuinamente fresco, no es algo que se encuentre todos los d\u00edas en este idioma. \u201cMinor Dilemma\u201d es otro punto destacado, construido sobre una interacci\u00f3n particularmente efectiva entre Rhodes y la trompeta que le da un car\u00e1cter casi conversacional. El \u00e1lbum se cierra con \u201cWith God on Our Side\u201d de Bob Dylan, la \u00fanica elecci\u00f3n no original y, hay que decirlo, audaz. Wiens se inclina hacia una lectura infundida de gospel e interpretada libremente que sale del lenguaje del \u00e1lbum. Es un giro ligeramente inesperado, pero constituye una conclusi\u00f3n adecuada para una serie que ha mantenido sus opciones genuinamente abiertas en todo momento.<\/p>\n<p>lo que distingue <em>Enfocar<\/em> En \u00faltima instancia, es la forma en que Wiens lidera: la tranquila autoridad de un m\u00fasico que entiende que el trabajo del baterista es ser la base, no el espect\u00e1culo. Ha reunido la banda adecuada, ha escrito el material adecuado y ha tenido la sabidur\u00eda de dejarlo respirar. Teniendo en cuenta esta evidencia, su crecimiento como compositor y l\u00edder es la verdadera historia. Altamente recomendado.<\/p>\n<p><strong>Listado de pistas:<\/strong><\/p>\n<p>1. Regresar al principio (2:15) | 2. Enfoque (7:09) | 3. Truco de sombrero (5:37) | 4. Coraz\u00f3n Devoto (7:25) | 5. Danza del sol (para Al Foster) (5:50) | 6. Hermann (3:56) | 7. Hacia el este (6:48) | 8. Carrera matutina (4:14) | 9. Mantra (7:49) | 10. Para AJ (6:38) | 11. Dilema menor (4:23) | 12. Con Dios de nuestro lado (7:23)<\/p>\n<p><em>Todas las composiciones de Bobby Wiens, excepto \u201cWith God on Our Side\u201d de Bob Dylan<\/em><\/p>\n<p><strong>P\u00f3ngase en fila:<\/strong><\/p>\n<p>Gabriel Mervine \u2013 Trompeta y fliscorno | Tom Amend \u2013 Piano y teclados | Seth Lewis \u2013 Bajo | Bobby Wiens &#8211; Bater\u00eda<\/p>\n<p><strong>Fecha de lanzamiento:<\/strong> 31 de marzo de 2026<br \/>\n<strong>Formato:<\/strong> CD | Transmisi\u00f3n<br \/>\n<strong>Etiqueta:<\/strong> Autoliberaci\u00f3n<\/p>\n<p><img loading=\"lazy\" decoding=\"async\" class=\"aligncenter size-full wp-image-36519\" src=\"https:\/\/web.consaguirre.com.ar\/noticias\/wp-content\/uploads\/2024\/08\/Resena-de-CD-Stephen-Henderson-Tales-of-the-Skald.png\" alt=\"\" width=\"527\" height=\"77\"  ><\/p>\n<p><img loading=\"lazy\" decoding=\"async\" class=\"aligncenter wp-image-63739 size-large\" src=\"https:\/\/web.consaguirre.com.ar\/noticias\/wp-content\/uploads\/2026\/04\/1776335906_43_Resena-del-CD-Bobby-Wiens-Focus.jpg\" rel=\"prettyPhoto\" alt=\"\" width=\"1024\" height=\"276\"  ><\/p>\n<div class=\"post-pagination\"><\/div>\n<div class=\"clearfix\"><\/div>\n<\/p><\/div>\n","protected":false},"excerpt":{"rendered":"<p>El baterista Bobby Wiens, radicado en Denver, llega a su segundo \u00e1lbum como l\u00edder con algo que decir, y la confianza en la composici\u00f3n, la<\/p>\n","protected":false},"author":1,"featured_media":5680,"comment_status":"closed","ping_status":"","sticky":false,"template":"","format":"standard","meta":{"footnotes":""},"categories":[4],"tags":[517,10,3175,6,4137],"class_list":["post-5679","post","type-post","status-publish","format-standard","has-post-thumbnail","hentry","category-critica","tag-bobby","tag-del","tag-focus","tag-resena","tag-wiens","generate-columns","tablet-grid-50","mobile-grid-100","grid-parent","grid-50"],"yoast_head":"<!-- This site is optimized with the Yoast SEO plugin v23.3 - https:\/\/yoast.com\/wordpress\/plugins\/seo\/ -->\n<title>Rese\u00f1a del CD: Bobby Wiens, Focus<\/title>\n<meta name=\"robots\" content=\"index, follow, max-snippet:-1, max-image-preview:large, max-video-preview:-1\" \/>\n<link rel=\"canonical\" href=\"https:\/\/web.consaguirre.com.ar\/noticias\/resena-del-cd-bobby-wiens-focus\/\" \/>\n<meta property=\"og:locale\" content=\"es_ES\" \/>\n<meta property=\"og:type\" content=\"article\" \/>\n<meta property=\"og:title\" content=\"Rese\u00f1a del CD: Bobby Wiens, Focus\" \/>\n<meta property=\"og:description\" content=\"El baterista Bobby Wiens, radicado en Denver, llega a su segundo \u00e1lbum como l\u00edder con algo que decir, y la confianza en la composici\u00f3n, la\" \/>\n<meta property=\"og:url\" content=\"https:\/\/web.consaguirre.com.ar\/noticias\/resena-del-cd-bobby-wiens-focus\/\" \/>\n<meta property=\"og:site_name\" content=\"Conservatorio de M\u00fasica Juli\u00e1n Aguirre\" \/>\n<meta property=\"article:published_time\" content=\"2026-04-16T10:38:26+00:00\" \/>\n<meta property=\"article:modified_time\" content=\"2026-04-16T10:38:27+00:00\" \/>\n<meta property=\"og:image\" content=\"https:\/\/web.consaguirre.com.ar\/noticias\/wp-content\/uploads\/2026\/04\/Resena-del-CD-Bobby-Wiens-Focus.jpg\" \/>\n\t<meta property=\"og:image:width\" content=\"300\" \/>\n\t<meta property=\"og:image:height\" content=\"300\" \/>\n\t<meta property=\"og:image:type\" content=\"image\/jpeg\" \/>\n<meta name=\"author\" content=\"Javier Figueroa\" \/>\n<meta name=\"twitter:card\" content=\"summary_large_image\" \/>\n<meta name=\"twitter:label1\" content=\"Escrito por\" \/>\n\t<meta name=\"twitter:data1\" content=\"Javier Figueroa\" \/>\n\t<meta name=\"twitter:label2\" content=\"Tiempo de lectura\" \/>\n\t<meta name=\"twitter:data2\" content=\"5 minutos\" \/>\n<script type=\"application\/ld+json\" class=\"yoast-schema-graph\">{\"@context\":\"https:\/\/schema.org\",\"@graph\":[{\"@type\":\"Article\",\"@id\":\"https:\/\/web.consaguirre.com.ar\/noticias\/resena-del-cd-bobby-wiens-focus\/#article\",\"isPartOf\":{\"@id\":\"https:\/\/web.consaguirre.com.ar\/noticias\/resena-del-cd-bobby-wiens-focus\/\"},\"author\":{\"name\":\"Javier Figueroa\",\"@id\":\"https:\/\/web.consaguirre.com.ar\/noticias\/#\/schema\/person\/6558b0cfedee7ddc5425602b237d5722\"},\"headline\":\"Rese\u00f1a del CD: Bobby Wiens, Focus\",\"datePublished\":\"2026-04-16T10:38:26+00:00\",\"dateModified\":\"2026-04-16T10:38:27+00:00\",\"mainEntityOfPage\":{\"@id\":\"https:\/\/web.consaguirre.com.ar\/noticias\/resena-del-cd-bobby-wiens-focus\/\"},\"wordCount\":1035,\"publisher\":{\"@id\":\"https:\/\/web.consaguirre.com.ar\/noticias\/#organization\"},\"image\":{\"@id\":\"https:\/\/web.consaguirre.com.ar\/noticias\/resena-del-cd-bobby-wiens-focus\/#primaryimage\"},\"thumbnailUrl\":\"https:\/\/web.consaguirre.com.ar\/noticias\/wp-content\/uploads\/2026\/04\/Resena-del-CD-Bobby-Wiens-Focus.jpg\",\"keywords\":[\"Bobby\",\"del\",\"Focus\",\"Rese\u00f1a\",\"Wiens\"],\"articleSection\":[\"Cr\u00edtica\"],\"inLanguage\":\"es-AR\"},{\"@type\":\"WebPage\",\"@id\":\"https:\/\/web.consaguirre.com.ar\/noticias\/resena-del-cd-bobby-wiens-focus\/\",\"url\":\"https:\/\/web.consaguirre.com.ar\/noticias\/resena-del-cd-bobby-wiens-focus\/\",\"name\":\"Rese\u00f1a del CD: Bobby Wiens, Focus\",\"isPartOf\":{\"@id\":\"https:\/\/web.consaguirre.com.ar\/noticias\/#website\"},\"primaryImageOfPage\":{\"@id\":\"https:\/\/web.consaguirre.com.ar\/noticias\/resena-del-cd-bobby-wiens-focus\/#primaryimage\"},\"image\":{\"@id\":\"https:\/\/web.consaguirre.com.ar\/noticias\/resena-del-cd-bobby-wiens-focus\/#primaryimage\"},\"thumbnailUrl\":\"https:\/\/web.consaguirre.com.ar\/noticias\/wp-content\/uploads\/2026\/04\/Resena-del-CD-Bobby-Wiens-Focus.jpg\",\"datePublished\":\"2026-04-16T10:38:26+00:00\",\"dateModified\":\"2026-04-16T10:38:27+00:00\",\"breadcrumb\":{\"@id\":\"https:\/\/web.consaguirre.com.ar\/noticias\/resena-del-cd-bobby-wiens-focus\/#breadcrumb\"},\"inLanguage\":\"es-AR\",\"potentialAction\":[{\"@type\":\"ReadAction\",\"target\":[\"https:\/\/web.consaguirre.com.ar\/noticias\/resena-del-cd-bobby-wiens-focus\/\"]}]},{\"@type\":\"ImageObject\",\"inLanguage\":\"es-AR\",\"@id\":\"https:\/\/web.consaguirre.com.ar\/noticias\/resena-del-cd-bobby-wiens-focus\/#primaryimage\",\"url\":\"https:\/\/web.consaguirre.com.ar\/noticias\/wp-content\/uploads\/2026\/04\/Resena-del-CD-Bobby-Wiens-Focus.jpg\",\"contentUrl\":\"https:\/\/web.consaguirre.com.ar\/noticias\/wp-content\/uploads\/2026\/04\/Resena-del-CD-Bobby-Wiens-Focus.jpg\",\"width\":300,\"height\":300,\"caption\":\"Rese\u00f1a del CD: Bobby Wiens, Focus\"},{\"@type\":\"BreadcrumbList\",\"@id\":\"https:\/\/web.consaguirre.com.ar\/noticias\/resena-del-cd-bobby-wiens-focus\/#breadcrumb\",\"itemListElement\":[{\"@type\":\"ListItem\",\"position\":1,\"name\":\"Inicio\",\"item\":\"https:\/\/web.consaguirre.com.ar\/noticias\/\"},{\"@type\":\"ListItem\",\"position\":2,\"name\":\"Rese\u00f1a del CD: Bobby Wiens, Focus\"}]},{\"@type\":\"WebSite\",\"@id\":\"https:\/\/web.consaguirre.com.ar\/noticias\/#website\",\"url\":\"https:\/\/web.consaguirre.com.ar\/noticias\/\",\"name\":\"Conservatorio de M\u00fasica Juli\u00e1n Aguirre\",\"description\":\"\",\"publisher\":{\"@id\":\"https:\/\/web.consaguirre.com.ar\/noticias\/#organization\"},\"potentialAction\":[{\"@type\":\"SearchAction\",\"target\":{\"@type\":\"EntryPoint\",\"urlTemplate\":\"https:\/\/web.consaguirre.com.ar\/noticias\/?s={search_term_string}\"},\"query-input\":\"required name=search_term_string\"}],\"inLanguage\":\"es-AR\"},{\"@type\":\"Organization\",\"@id\":\"https:\/\/web.consaguirre.com.ar\/noticias\/#organization\",\"name\":\"Conservatorio de M\u00fasica Juli\u00e1n Aguirre\",\"url\":\"https:\/\/web.consaguirre.com.ar\/noticias\/\",\"logo\":{\"@type\":\"ImageObject\",\"inLanguage\":\"es-AR\",\"@id\":\"https:\/\/web.consaguirre.com.ar\/noticias\/#\/schema\/logo\/image\/\",\"url\":\"https:\/\/web.consaguirre.com.ar\/noticias\/wp-content\/uploads\/2024\/08\/Banner-Aguirre-23.jpg\",\"contentUrl\":\"https:\/\/web.consaguirre.com.ar\/noticias\/wp-content\/uploads\/2024\/08\/Banner-Aguirre-23.jpg\",\"width\":1192,\"height\":600,\"caption\":\"Conservatorio de M\u00fasica Juli\u00e1n Aguirre\"},\"image\":{\"@id\":\"https:\/\/web.consaguirre.com.ar\/noticias\/#\/schema\/logo\/image\/\"}},{\"@type\":\"Person\",\"@id\":\"https:\/\/web.consaguirre.com.ar\/noticias\/#\/schema\/person\/6558b0cfedee7ddc5425602b237d5722\",\"name\":\"Javier Figueroa\",\"image\":{\"@type\":\"ImageObject\",\"inLanguage\":\"es-AR\",\"@id\":\"https:\/\/web.consaguirre.com.ar\/noticias\/#\/schema\/person\/image\/\",\"url\":\"https:\/\/web.consaguirre.com.ar\/noticias\/wp-content\/uploads\/2024\/08\/Consaguirre-scaled.jpg\",\"contentUrl\":\"https:\/\/web.consaguirre.com.ar\/noticias\/wp-content\/uploads\/2024\/08\/Consaguirre-scaled.jpg\",\"caption\":\"Javier Figueroa\"},\"description\":\"Me llamo Javier Figueroa y soy redactor para el sitio oficial del Conservatorio de M\u00fasica Juli\u00e1n Aguirre en Buenos Aires, consaguirre.com. Apasionado por la m\u00fasica y la escritura, me esfuerzo por destacar los talentos y eventos de nuestra prestigiosa instituci\u00f3n. Mi trayectoria se nutre de una profunda admiraci\u00f3n por los artistas, haciendo de cada art\u00edculo una celebraci\u00f3n de la creatividad y la cultura musical.\",\"sameAs\":[\"https:\/\/web.consaguirre.com.ar\/noticias\"]}]}<\/script>\n<!-- \/ Yoast SEO plugin. -->","yoast_head_json":{"title":"Rese\u00f1a del CD: Bobby Wiens, Focus","robots":{"index":"index","follow":"follow","max-snippet":"max-snippet:-1","max-image-preview":"max-image-preview:large","max-video-preview":"max-video-preview:-1"},"canonical":"https:\/\/web.consaguirre.com.ar\/noticias\/resena-del-cd-bobby-wiens-focus\/","og_locale":"es_ES","og_type":"article","og_title":"Rese\u00f1a del CD: Bobby Wiens, Focus","og_description":"El baterista Bobby Wiens, radicado en Denver, llega a su segundo \u00e1lbum como l\u00edder con algo que decir, y la confianza en la composici\u00f3n, la","og_url":"https:\/\/web.consaguirre.com.ar\/noticias\/resena-del-cd-bobby-wiens-focus\/","og_site_name":"Conservatorio de M\u00fasica Juli\u00e1n Aguirre","article_published_time":"2026-04-16T10:38:26+00:00","article_modified_time":"2026-04-16T10:38:27+00:00","og_image":[{"width":300,"height":300,"url":"https:\/\/web.consaguirre.com.ar\/noticias\/wp-content\/uploads\/2026\/04\/Resena-del-CD-Bobby-Wiens-Focus.jpg","type":"image\/jpeg"}],"author":"Javier Figueroa","twitter_card":"summary_large_image","twitter_misc":{"Escrito por":"Javier Figueroa","Tiempo de lectura":"5 minutos"},"schema":{"@context":"https:\/\/schema.org","@graph":[{"@type":"Article","@id":"https:\/\/web.consaguirre.com.ar\/noticias\/resena-del-cd-bobby-wiens-focus\/#article","isPartOf":{"@id":"https:\/\/web.consaguirre.com.ar\/noticias\/resena-del-cd-bobby-wiens-focus\/"},"author":{"name":"Javier Figueroa","@id":"https:\/\/web.consaguirre.com.ar\/noticias\/#\/schema\/person\/6558b0cfedee7ddc5425602b237d5722"},"headline":"Rese\u00f1a del CD: Bobby Wiens, Focus","datePublished":"2026-04-16T10:38:26+00:00","dateModified":"2026-04-16T10:38:27+00:00","mainEntityOfPage":{"@id":"https:\/\/web.consaguirre.com.ar\/noticias\/resena-del-cd-bobby-wiens-focus\/"},"wordCount":1035,"publisher":{"@id":"https:\/\/web.consaguirre.com.ar\/noticias\/#organization"},"image":{"@id":"https:\/\/web.consaguirre.com.ar\/noticias\/resena-del-cd-bobby-wiens-focus\/#primaryimage"},"thumbnailUrl":"https:\/\/web.consaguirre.com.ar\/noticias\/wp-content\/uploads\/2026\/04\/Resena-del-CD-Bobby-Wiens-Focus.jpg","keywords":["Bobby","del","Focus","Rese\u00f1a","Wiens"],"articleSection":["Cr\u00edtica"],"inLanguage":"es-AR"},{"@type":"WebPage","@id":"https:\/\/web.consaguirre.com.ar\/noticias\/resena-del-cd-bobby-wiens-focus\/","url":"https:\/\/web.consaguirre.com.ar\/noticias\/resena-del-cd-bobby-wiens-focus\/","name":"Rese\u00f1a del CD: Bobby Wiens, Focus","isPartOf":{"@id":"https:\/\/web.consaguirre.com.ar\/noticias\/#website"},"primaryImageOfPage":{"@id":"https:\/\/web.consaguirre.com.ar\/noticias\/resena-del-cd-bobby-wiens-focus\/#primaryimage"},"image":{"@id":"https:\/\/web.consaguirre.com.ar\/noticias\/resena-del-cd-bobby-wiens-focus\/#primaryimage"},"thumbnailUrl":"https:\/\/web.consaguirre.com.ar\/noticias\/wp-content\/uploads\/2026\/04\/Resena-del-CD-Bobby-Wiens-Focus.jpg","datePublished":"2026-04-16T10:38:26+00:00","dateModified":"2026-04-16T10:38:27+00:00","breadcrumb":{"@id":"https:\/\/web.consaguirre.com.ar\/noticias\/resena-del-cd-bobby-wiens-focus\/#breadcrumb"},"inLanguage":"es-AR","potentialAction":[{"@type":"ReadAction","target":["https:\/\/web.consaguirre.com.ar\/noticias\/resena-del-cd-bobby-wiens-focus\/"]}]},{"@type":"ImageObject","inLanguage":"es-AR","@id":"https:\/\/web.consaguirre.com.ar\/noticias\/resena-del-cd-bobby-wiens-focus\/#primaryimage","url":"https:\/\/web.consaguirre.com.ar\/noticias\/wp-content\/uploads\/2026\/04\/Resena-del-CD-Bobby-Wiens-Focus.jpg","contentUrl":"https:\/\/web.consaguirre.com.ar\/noticias\/wp-content\/uploads\/2026\/04\/Resena-del-CD-Bobby-Wiens-Focus.jpg","width":300,"height":300,"caption":"Rese\u00f1a del CD: Bobby Wiens, Focus"},{"@type":"BreadcrumbList","@id":"https:\/\/web.consaguirre.com.ar\/noticias\/resena-del-cd-bobby-wiens-focus\/#breadcrumb","itemListElement":[{"@type":"ListItem","position":1,"name":"Inicio","item":"https:\/\/web.consaguirre.com.ar\/noticias\/"},{"@type":"ListItem","position":2,"name":"Rese\u00f1a del CD: Bobby Wiens, Focus"}]},{"@type":"WebSite","@id":"https:\/\/web.consaguirre.com.ar\/noticias\/#website","url":"https:\/\/web.consaguirre.com.ar\/noticias\/","name":"Conservatorio de M\u00fasica Juli\u00e1n Aguirre","description":"","publisher":{"@id":"https:\/\/web.consaguirre.com.ar\/noticias\/#organization"},"potentialAction":[{"@type":"SearchAction","target":{"@type":"EntryPoint","urlTemplate":"https:\/\/web.consaguirre.com.ar\/noticias\/?s={search_term_string}"},"query-input":"required name=search_term_string"}],"inLanguage":"es-AR"},{"@type":"Organization","@id":"https:\/\/web.consaguirre.com.ar\/noticias\/#organization","name":"Conservatorio de M\u00fasica Juli\u00e1n Aguirre","url":"https:\/\/web.consaguirre.com.ar\/noticias\/","logo":{"@type":"ImageObject","inLanguage":"es-AR","@id":"https:\/\/web.consaguirre.com.ar\/noticias\/#\/schema\/logo\/image\/","url":"https:\/\/web.consaguirre.com.ar\/noticias\/wp-content\/uploads\/2024\/08\/Banner-Aguirre-23.jpg","contentUrl":"https:\/\/web.consaguirre.com.ar\/noticias\/wp-content\/uploads\/2024\/08\/Banner-Aguirre-23.jpg","width":1192,"height":600,"caption":"Conservatorio de M\u00fasica Juli\u00e1n Aguirre"},"image":{"@id":"https:\/\/web.consaguirre.com.ar\/noticias\/#\/schema\/logo\/image\/"}},{"@type":"Person","@id":"https:\/\/web.consaguirre.com.ar\/noticias\/#\/schema\/person\/6558b0cfedee7ddc5425602b237d5722","name":"Javier Figueroa","image":{"@type":"ImageObject","inLanguage":"es-AR","@id":"https:\/\/web.consaguirre.com.ar\/noticias\/#\/schema\/person\/image\/","url":"https:\/\/web.consaguirre.com.ar\/noticias\/wp-content\/uploads\/2024\/08\/Consaguirre-scaled.jpg","contentUrl":"https:\/\/web.consaguirre.com.ar\/noticias\/wp-content\/uploads\/2024\/08\/Consaguirre-scaled.jpg","caption":"Javier Figueroa"},"description":"Me llamo Javier Figueroa y soy redactor para el sitio oficial del Conservatorio de M\u00fasica Juli\u00e1n Aguirre en Buenos Aires, consaguirre.com. Apasionado por la m\u00fasica y la escritura, me esfuerzo por destacar los talentos y eventos de nuestra prestigiosa instituci\u00f3n. Mi trayectoria se nutre de una profunda admiraci\u00f3n por los artistas, haciendo de cada art\u00edculo una celebraci\u00f3n de la creatividad y la cultura musical.","sameAs":["https:\/\/web.consaguirre.com.ar\/noticias"]}]}},"_links":{"self":[{"href":"https:\/\/web.consaguirre.com.ar\/noticias\/wp-json\/wp\/v2\/posts\/5679"}],"collection":[{"href":"https:\/\/web.consaguirre.com.ar\/noticias\/wp-json\/wp\/v2\/posts"}],"about":[{"href":"https:\/\/web.consaguirre.com.ar\/noticias\/wp-json\/wp\/v2\/types\/post"}],"author":[{"embeddable":true,"href":"https:\/\/web.consaguirre.com.ar\/noticias\/wp-json\/wp\/v2\/users\/1"}],"replies":[{"embeddable":true,"href":"https:\/\/web.consaguirre.com.ar\/noticias\/wp-json\/wp\/v2\/comments?post=5679"}],"version-history":[{"count":1,"href":"https:\/\/web.consaguirre.com.ar\/noticias\/wp-json\/wp\/v2\/posts\/5679\/revisions"}],"predecessor-version":[{"id":5681,"href":"https:\/\/web.consaguirre.com.ar\/noticias\/wp-json\/wp\/v2\/posts\/5679\/revisions\/5681"}],"wp:featuredmedia":[{"embeddable":true,"href":"https:\/\/web.consaguirre.com.ar\/noticias\/wp-json\/wp\/v2\/media\/5680"}],"wp:attachment":[{"href":"https:\/\/web.consaguirre.com.ar\/noticias\/wp-json\/wp\/v2\/media?parent=5679"}],"wp:term":[{"taxonomy":"category","embeddable":true,"href":"https:\/\/web.consaguirre.com.ar\/noticias\/wp-json\/wp\/v2\/categories?post=5679"},{"taxonomy":"post_tag","embeddable":true,"href":"https:\/\/web.consaguirre.com.ar\/noticias\/wp-json\/wp\/v2\/tags?post=5679"}],"curies":[{"name":"wp","href":"https:\/\/api.w.org\/{rel}","templated":true}]}}