{"id":5665,"date":"2026-04-15T02:39:27","date_gmt":"2026-04-15T05:39:27","guid":{"rendered":"https:\/\/web.consaguirre.com.ar\/noticias\/oasis-ed-sullivan-y-wu-tang-clan-entre-la-clase-del-salon-de-la-fama-del-rock-roll-de-2026\/"},"modified":"2026-04-15T02:39:27","modified_gmt":"2026-04-15T05:39:27","slug":"oasis-ed-sullivan-y-wu-tang-clan-entre-la-clase-del-salon-de-la-fama-del-rock-roll-de-2026","status":"publish","type":"post","link":"https:\/\/web.consaguirre.com.ar\/noticias\/oasis-ed-sullivan-y-wu-tang-clan-entre-la-clase-del-salon-de-la-fama-del-rock-roll-de-2026\/","title":{"rendered":"Oasis, Ed Sullivan y Wu-Tang Clan entre la clase del Sal\u00f3n de la Fama del Rock &#038; Roll de 2026"},"content":{"rendered":"<p>Se ha anunciado la clase del Sal\u00f3n de la Fama del Rock &#038; Roll de este a\u00f1o. Ocho nuevos artistas ingresar\u00e1n al sal\u00f3n para 2026: Oasis, Wu-Tang Clan, Billy Idol, Iron Maiden, Phil Collins, Sade, Luther Vandross y Joy Division\/New Order. Estos int\u00e9rpretes han sido seleccionados por crear \u201cm\u00fasica cuya originalidad, impacto e influencia ha cambiado el curso del rock &#038; roll\u201d. Mientras tanto, Ed Sullivan ser\u00e1 honrado este a\u00f1o con el apreciado Premio Ahmet Ertegun, destinado a \u201cprofesionales de la industria no esc\u00e9nica que han tenido una gran influencia en el desarrollo creativo y el crecimiento del rock &#038; roll y la m\u00fasica que ha impactado la cultura\u201d.<\/p>\n<p>Los artistas son elegibles para ingresar al Rock Hall 25 a\u00f1os despu\u00e9s del lanzamiento de su primera grabaci\u00f3n comercial. Vandross y Wu-Tang son nominados por primera vez. El resto del campo ha sido nominado antes.<\/p>\n<div class=\"uD-YT-container\"><img decoding=\"async\" src=\"https:\/\/web.consaguirre.com.ar\/noticias\/wp-content\/uploads\/2026\/04\/1776231567_532_Oasis-Ed-Sullivan-y-Wu-Tang-Clan-entre-la-clase-del.jpg\" alt=\"V\u00eddeo de YouTube\"><br \/>Haga clic para cargar v\u00eddeo<\/div>\n<p>Adem\u00e1s, el Rock Hall honrar\u00e1 a una variedad de pioneros con el premio Early Influence, incluidos Queen Latifah, MC Lyte, Celia Cruz, Fela Kuti y Gram Parsons. El premio reconoce a \u201cartistas cuya m\u00fasica y estilo de interpretaci\u00f3n han influido, inspirado y evolucionado directamente el rock &#038; roll y la m\u00fasica impactando la cultura\u201d. El Premio a la Excelencia Musical, otorgado a \u201cartistas, m\u00fasicos, compositores y productores cuya originalidad e influencia han tenido un impacto dram\u00e1tico en la m\u00fasica\u201d, ser\u00e1 para Linda Creed, Arif Mardin, Jimmy Miller y Rick Rubin.<\/p>\n<p>&#8220;La incorporaci\u00f3n al Sal\u00f3n de la Fama del Rock &#038; Roll es el mayor honor de la m\u00fasica&#8221;, dijo John Sykes, presidente del Sal\u00f3n del Rock. &#8220;Esperamos celebrar a estos destacados artistas en la ceremonia de este a\u00f1o; ser\u00e1 una noche inolvidable&#8221;.<\/p>\n<p>La ceremonia de incorporaci\u00f3n al Rock Hall de este a\u00f1o se llevar\u00e1 a cabo el 14 de noviembre en el Peacock Theatre de Los \u00c1ngeles. En diciembre, saldr\u00e1 al aire por ABC y por Disney+. En 2027, la ceremonia regresar\u00e1 a Cleveland, donde se encuentra el Rock Hall. Se celebr\u00f3 por \u00faltima vez en Cleveland en 2024.<\/p>\n<p><b>Compre nuestra colecci\u00f3n de rock con vinilos y CD de edici\u00f3n limitada aqu\u00ed.<\/b><\/p>\n","protected":false},"excerpt":{"rendered":"<p>Se ha anunciado la clase del Sal\u00f3n de la Fama del Rock &#038; Roll de este a\u00f1o. Ocho nuevos artistas ingresar\u00e1n al sal\u00f3n para 2026:<\/p>\n","protected":false},"author":1,"featured_media":5666,"comment_status":"closed","ping_status":"","sticky":false,"template":"","format":"standard","meta":{"footnotes":""},"categories":[50],"tags":[4136,3107,10,1563,870,4134,516,145,1019,82,4135],"class_list":["post-5665","post","type-post","status-publish","format-standard","has-post-thumbnail","hentry","category-el-ultimo","tag-clan","tag-clase","tag-del","tag-entre","tag-fama","tag-oasis","tag-rock","tag-roll","tag-salon","tag-sullivan","tag-wutang","generate-columns","tablet-grid-50","mobile-grid-100","grid-parent","grid-50"],"yoast_head":"<!-- This site is optimized with the Yoast SEO plugin v23.3 - https:\/\/yoast.com\/wordpress\/plugins\/seo\/ -->\n<title>Oasis, Ed Sullivan y Wu-Tang Clan entre la clase del Sal\u00f3n de la Fama del Rock &amp; Roll de 2026<\/title>\n<meta name=\"robots\" content=\"index, follow, max-snippet:-1, max-image-preview:large, max-video-preview:-1\" \/>\n<link rel=\"canonical\" href=\"https:\/\/web.consaguirre.com.ar\/noticias\/oasis-ed-sullivan-y-wu-tang-clan-entre-la-clase-del-salon-de-la-fama-del-rock-roll-de-2026\/\" \/>\n<meta property=\"og:locale\" content=\"es_ES\" \/>\n<meta property=\"og:type\" content=\"article\" \/>\n<meta property=\"og:title\" content=\"Oasis, Ed Sullivan y Wu-Tang Clan entre la clase del Sal\u00f3n de la Fama del Rock &amp; Roll de 2026\" \/>\n<meta property=\"og:description\" content=\"Se ha anunciado la clase del Sal\u00f3n de la Fama del Rock &#038; Roll de este a\u00f1o. Ocho nuevos artistas ingresar\u00e1n al sal\u00f3n para 2026:\" \/>\n<meta property=\"og:url\" content=\"https:\/\/web.consaguirre.com.ar\/noticias\/oasis-ed-sullivan-y-wu-tang-clan-entre-la-clase-del-salon-de-la-fama-del-rock-roll-de-2026\/\" \/>\n<meta property=\"og:site_name\" content=\"Conservatorio de M\u00fasica Juli\u00e1n Aguirre\" \/>\n<meta property=\"article:published_time\" content=\"2026-04-15T05:39:27+00:00\" \/>\n<meta property=\"og:image\" content=\"https:\/\/web.consaguirre.com.ar\/noticias\/wp-content\/uploads\/2026\/04\/Oasis-Ed-Sullivan-y-Wu-Tang-Clan-entre-la-clase-del.jpg\" \/>\n\t<meta property=\"og:image:width\" content=\"1440\" \/>\n\t<meta property=\"og:image:height\" content=\"864\" \/>\n\t<meta property=\"og:image:type\" content=\"image\/jpeg\" \/>\n<meta name=\"author\" content=\"Javier Figueroa\" \/>\n<meta name=\"twitter:card\" content=\"summary_large_image\" \/>\n<meta name=\"twitter:label1\" content=\"Escrito por\" \/>\n\t<meta name=\"twitter:data1\" content=\"Javier Figueroa\" \/>\n\t<meta name=\"twitter:label2\" content=\"Tiempo de lectura\" \/>\n\t<meta name=\"twitter:data2\" content=\"2 minutos\" \/>\n<script type=\"application\/ld+json\" class=\"yoast-schema-graph\">{\"@context\":\"https:\/\/schema.org\",\"@graph\":[{\"@type\":\"Article\",\"@id\":\"https:\/\/web.consaguirre.com.ar\/noticias\/oasis-ed-sullivan-y-wu-tang-clan-entre-la-clase-del-salon-de-la-fama-del-rock-roll-de-2026\/#article\",\"isPartOf\":{\"@id\":\"https:\/\/web.consaguirre.com.ar\/noticias\/oasis-ed-sullivan-y-wu-tang-clan-entre-la-clase-del-salon-de-la-fama-del-rock-roll-de-2026\/\"},\"author\":{\"name\":\"Javier Figueroa\",\"@id\":\"https:\/\/web.consaguirre.com.ar\/noticias\/#\/schema\/person\/6558b0cfedee7ddc5425602b237d5722\"},\"headline\":\"Oasis, Ed Sullivan y Wu-Tang Clan entre la clase del Sal\u00f3n de la Fama del Rock &#038; Roll de 2026\",\"datePublished\":\"2026-04-15T05:39:27+00:00\",\"dateModified\":\"2026-04-15T05:39:27+00:00\",\"mainEntityOfPage\":{\"@id\":\"https:\/\/web.consaguirre.com.ar\/noticias\/oasis-ed-sullivan-y-wu-tang-clan-entre-la-clase-del-salon-de-la-fama-del-rock-roll-de-2026\/\"},\"wordCount\":390,\"publisher\":{\"@id\":\"https:\/\/web.consaguirre.com.ar\/noticias\/#organization\"},\"image\":{\"@id\":\"https:\/\/web.consaguirre.com.ar\/noticias\/oasis-ed-sullivan-y-wu-tang-clan-entre-la-clase-del-salon-de-la-fama-del-rock-roll-de-2026\/#primaryimage\"},\"thumbnailUrl\":\"https:\/\/web.consaguirre.com.ar\/noticias\/wp-content\/uploads\/2026\/04\/Oasis-Ed-Sullivan-y-Wu-Tang-Clan-entre-la-clase-del.jpg\",\"keywords\":[\"Clan\",\"clase\",\"del\",\"entre\",\"Fama\",\"Oasis\",\"Rock\",\"Roll\",\"Sal\u00f3n\",\"Sullivan\",\"WuTang\"],\"articleSection\":[\"El \u00faltimo\"],\"inLanguage\":\"es-AR\"},{\"@type\":\"WebPage\",\"@id\":\"https:\/\/web.consaguirre.com.ar\/noticias\/oasis-ed-sullivan-y-wu-tang-clan-entre-la-clase-del-salon-de-la-fama-del-rock-roll-de-2026\/\",\"url\":\"https:\/\/web.consaguirre.com.ar\/noticias\/oasis-ed-sullivan-y-wu-tang-clan-entre-la-clase-del-salon-de-la-fama-del-rock-roll-de-2026\/\",\"name\":\"Oasis, Ed Sullivan y Wu-Tang Clan entre la clase del Sal\u00f3n de la Fama del Rock & Roll de 2026\",\"isPartOf\":{\"@id\":\"https:\/\/web.consaguirre.com.ar\/noticias\/#website\"},\"primaryImageOfPage\":{\"@id\":\"https:\/\/web.consaguirre.com.ar\/noticias\/oasis-ed-sullivan-y-wu-tang-clan-entre-la-clase-del-salon-de-la-fama-del-rock-roll-de-2026\/#primaryimage\"},\"image\":{\"@id\":\"https:\/\/web.consaguirre.com.ar\/noticias\/oasis-ed-sullivan-y-wu-tang-clan-entre-la-clase-del-salon-de-la-fama-del-rock-roll-de-2026\/#primaryimage\"},\"thumbnailUrl\":\"https:\/\/web.consaguirre.com.ar\/noticias\/wp-content\/uploads\/2026\/04\/Oasis-Ed-Sullivan-y-Wu-Tang-Clan-entre-la-clase-del.jpg\",\"datePublished\":\"2026-04-15T05:39:27+00:00\",\"dateModified\":\"2026-04-15T05:39:27+00:00\",\"breadcrumb\":{\"@id\":\"https:\/\/web.consaguirre.com.ar\/noticias\/oasis-ed-sullivan-y-wu-tang-clan-entre-la-clase-del-salon-de-la-fama-del-rock-roll-de-2026\/#breadcrumb\"},\"inLanguage\":\"es-AR\",\"potentialAction\":[{\"@type\":\"ReadAction\",\"target\":[\"https:\/\/web.consaguirre.com.ar\/noticias\/oasis-ed-sullivan-y-wu-tang-clan-entre-la-clase-del-salon-de-la-fama-del-rock-roll-de-2026\/\"]}]},{\"@type\":\"ImageObject\",\"inLanguage\":\"es-AR\",\"@id\":\"https:\/\/web.consaguirre.com.ar\/noticias\/oasis-ed-sullivan-y-wu-tang-clan-entre-la-clase-del-salon-de-la-fama-del-rock-roll-de-2026\/#primaryimage\",\"url\":\"https:\/\/web.consaguirre.com.ar\/noticias\/wp-content\/uploads\/2026\/04\/Oasis-Ed-Sullivan-y-Wu-Tang-Clan-entre-la-clase-del.jpg\",\"contentUrl\":\"https:\/\/web.consaguirre.com.ar\/noticias\/wp-content\/uploads\/2026\/04\/Oasis-Ed-Sullivan-y-Wu-Tang-Clan-entre-la-clase-del.jpg\",\"width\":1440,\"height\":864,\"caption\":\"Ed Sullivan photo - Courtesy of SOFA Entertainment\"},{\"@type\":\"BreadcrumbList\",\"@id\":\"https:\/\/web.consaguirre.com.ar\/noticias\/oasis-ed-sullivan-y-wu-tang-clan-entre-la-clase-del-salon-de-la-fama-del-rock-roll-de-2026\/#breadcrumb\",\"itemListElement\":[{\"@type\":\"ListItem\",\"position\":1,\"name\":\"Inicio\",\"item\":\"https:\/\/web.consaguirre.com.ar\/noticias\/\"},{\"@type\":\"ListItem\",\"position\":2,\"name\":\"Oasis, Ed Sullivan y Wu-Tang Clan entre la clase del Sal\u00f3n de la Fama del Rock &#038; Roll de 2026\"}]},{\"@type\":\"WebSite\",\"@id\":\"https:\/\/web.consaguirre.com.ar\/noticias\/#website\",\"url\":\"https:\/\/web.consaguirre.com.ar\/noticias\/\",\"name\":\"Conservatorio de M\u00fasica Juli\u00e1n Aguirre\",\"description\":\"\",\"publisher\":{\"@id\":\"https:\/\/web.consaguirre.com.ar\/noticias\/#organization\"},\"potentialAction\":[{\"@type\":\"SearchAction\",\"target\":{\"@type\":\"EntryPoint\",\"urlTemplate\":\"https:\/\/web.consaguirre.com.ar\/noticias\/?s={search_term_string}\"},\"query-input\":\"required name=search_term_string\"}],\"inLanguage\":\"es-AR\"},{\"@type\":\"Organization\",\"@id\":\"https:\/\/web.consaguirre.com.ar\/noticias\/#organization\",\"name\":\"Conservatorio de M\u00fasica Juli\u00e1n Aguirre\",\"url\":\"https:\/\/web.consaguirre.com.ar\/noticias\/\",\"logo\":{\"@type\":\"ImageObject\",\"inLanguage\":\"es-AR\",\"@id\":\"https:\/\/web.consaguirre.com.ar\/noticias\/#\/schema\/logo\/image\/\",\"url\":\"https:\/\/web.consaguirre.com.ar\/noticias\/wp-content\/uploads\/2024\/08\/Banner-Aguirre-23.jpg\",\"contentUrl\":\"https:\/\/web.consaguirre.com.ar\/noticias\/wp-content\/uploads\/2024\/08\/Banner-Aguirre-23.jpg\",\"width\":1192,\"height\":600,\"caption\":\"Conservatorio de M\u00fasica Juli\u00e1n Aguirre\"},\"image\":{\"@id\":\"https:\/\/web.consaguirre.com.ar\/noticias\/#\/schema\/logo\/image\/\"}},{\"@type\":\"Person\",\"@id\":\"https:\/\/web.consaguirre.com.ar\/noticias\/#\/schema\/person\/6558b0cfedee7ddc5425602b237d5722\",\"name\":\"Javier Figueroa\",\"image\":{\"@type\":\"ImageObject\",\"inLanguage\":\"es-AR\",\"@id\":\"https:\/\/web.consaguirre.com.ar\/noticias\/#\/schema\/person\/image\/\",\"url\":\"https:\/\/web.consaguirre.com.ar\/noticias\/wp-content\/uploads\/2024\/08\/Consaguirre-scaled.jpg\",\"contentUrl\":\"https:\/\/web.consaguirre.com.ar\/noticias\/wp-content\/uploads\/2024\/08\/Consaguirre-scaled.jpg\",\"caption\":\"Javier Figueroa\"},\"description\":\"Me llamo Javier Figueroa y soy redactor para el sitio oficial del Conservatorio de M\u00fasica Juli\u00e1n Aguirre en Buenos Aires, consaguirre.com. Apasionado por la m\u00fasica y la escritura, me esfuerzo por destacar los talentos y eventos de nuestra prestigiosa instituci\u00f3n. Mi trayectoria se nutre de una profunda admiraci\u00f3n por los artistas, haciendo de cada art\u00edculo una celebraci\u00f3n de la creatividad y la cultura musical.\",\"sameAs\":[\"https:\/\/web.consaguirre.com.ar\/noticias\"]}]}<\/script>\n<!-- \/ Yoast SEO plugin. -->","yoast_head_json":{"title":"Oasis, Ed Sullivan y Wu-Tang Clan entre la clase del Sal\u00f3n de la Fama del Rock & Roll de 2026","robots":{"index":"index","follow":"follow","max-snippet":"max-snippet:-1","max-image-preview":"max-image-preview:large","max-video-preview":"max-video-preview:-1"},"canonical":"https:\/\/web.consaguirre.com.ar\/noticias\/oasis-ed-sullivan-y-wu-tang-clan-entre-la-clase-del-salon-de-la-fama-del-rock-roll-de-2026\/","og_locale":"es_ES","og_type":"article","og_title":"Oasis, Ed Sullivan y Wu-Tang Clan entre la clase del Sal\u00f3n de la Fama del Rock & Roll de 2026","og_description":"Se ha anunciado la clase del Sal\u00f3n de la Fama del Rock &#038; Roll de este a\u00f1o. Ocho nuevos artistas ingresar\u00e1n al sal\u00f3n para 2026:","og_url":"https:\/\/web.consaguirre.com.ar\/noticias\/oasis-ed-sullivan-y-wu-tang-clan-entre-la-clase-del-salon-de-la-fama-del-rock-roll-de-2026\/","og_site_name":"Conservatorio de M\u00fasica Juli\u00e1n Aguirre","article_published_time":"2026-04-15T05:39:27+00:00","og_image":[{"width":1440,"height":864,"url":"https:\/\/web.consaguirre.com.ar\/noticias\/wp-content\/uploads\/2026\/04\/Oasis-Ed-Sullivan-y-Wu-Tang-Clan-entre-la-clase-del.jpg","type":"image\/jpeg"}],"author":"Javier Figueroa","twitter_card":"summary_large_image","twitter_misc":{"Escrito por":"Javier Figueroa","Tiempo de lectura":"2 minutos"},"schema":{"@context":"https:\/\/schema.org","@graph":[{"@type":"Article","@id":"https:\/\/web.consaguirre.com.ar\/noticias\/oasis-ed-sullivan-y-wu-tang-clan-entre-la-clase-del-salon-de-la-fama-del-rock-roll-de-2026\/#article","isPartOf":{"@id":"https:\/\/web.consaguirre.com.ar\/noticias\/oasis-ed-sullivan-y-wu-tang-clan-entre-la-clase-del-salon-de-la-fama-del-rock-roll-de-2026\/"},"author":{"name":"Javier Figueroa","@id":"https:\/\/web.consaguirre.com.ar\/noticias\/#\/schema\/person\/6558b0cfedee7ddc5425602b237d5722"},"headline":"Oasis, Ed Sullivan y Wu-Tang Clan entre la clase del Sal\u00f3n de la Fama del Rock &#038; Roll de 2026","datePublished":"2026-04-15T05:39:27+00:00","dateModified":"2026-04-15T05:39:27+00:00","mainEntityOfPage":{"@id":"https:\/\/web.consaguirre.com.ar\/noticias\/oasis-ed-sullivan-y-wu-tang-clan-entre-la-clase-del-salon-de-la-fama-del-rock-roll-de-2026\/"},"wordCount":390,"publisher":{"@id":"https:\/\/web.consaguirre.com.ar\/noticias\/#organization"},"image":{"@id":"https:\/\/web.consaguirre.com.ar\/noticias\/oasis-ed-sullivan-y-wu-tang-clan-entre-la-clase-del-salon-de-la-fama-del-rock-roll-de-2026\/#primaryimage"},"thumbnailUrl":"https:\/\/web.consaguirre.com.ar\/noticias\/wp-content\/uploads\/2026\/04\/Oasis-Ed-Sullivan-y-Wu-Tang-Clan-entre-la-clase-del.jpg","keywords":["Clan","clase","del","entre","Fama","Oasis","Rock","Roll","Sal\u00f3n","Sullivan","WuTang"],"articleSection":["El \u00faltimo"],"inLanguage":"es-AR"},{"@type":"WebPage","@id":"https:\/\/web.consaguirre.com.ar\/noticias\/oasis-ed-sullivan-y-wu-tang-clan-entre-la-clase-del-salon-de-la-fama-del-rock-roll-de-2026\/","url":"https:\/\/web.consaguirre.com.ar\/noticias\/oasis-ed-sullivan-y-wu-tang-clan-entre-la-clase-del-salon-de-la-fama-del-rock-roll-de-2026\/","name":"Oasis, Ed Sullivan y Wu-Tang Clan entre la clase del Sal\u00f3n de la Fama del Rock & Roll de 2026","isPartOf":{"@id":"https:\/\/web.consaguirre.com.ar\/noticias\/#website"},"primaryImageOfPage":{"@id":"https:\/\/web.consaguirre.com.ar\/noticias\/oasis-ed-sullivan-y-wu-tang-clan-entre-la-clase-del-salon-de-la-fama-del-rock-roll-de-2026\/#primaryimage"},"image":{"@id":"https:\/\/web.consaguirre.com.ar\/noticias\/oasis-ed-sullivan-y-wu-tang-clan-entre-la-clase-del-salon-de-la-fama-del-rock-roll-de-2026\/#primaryimage"},"thumbnailUrl":"https:\/\/web.consaguirre.com.ar\/noticias\/wp-content\/uploads\/2026\/04\/Oasis-Ed-Sullivan-y-Wu-Tang-Clan-entre-la-clase-del.jpg","datePublished":"2026-04-15T05:39:27+00:00","dateModified":"2026-04-15T05:39:27+00:00","breadcrumb":{"@id":"https:\/\/web.consaguirre.com.ar\/noticias\/oasis-ed-sullivan-y-wu-tang-clan-entre-la-clase-del-salon-de-la-fama-del-rock-roll-de-2026\/#breadcrumb"},"inLanguage":"es-AR","potentialAction":[{"@type":"ReadAction","target":["https:\/\/web.consaguirre.com.ar\/noticias\/oasis-ed-sullivan-y-wu-tang-clan-entre-la-clase-del-salon-de-la-fama-del-rock-roll-de-2026\/"]}]},{"@type":"ImageObject","inLanguage":"es-AR","@id":"https:\/\/web.consaguirre.com.ar\/noticias\/oasis-ed-sullivan-y-wu-tang-clan-entre-la-clase-del-salon-de-la-fama-del-rock-roll-de-2026\/#primaryimage","url":"https:\/\/web.consaguirre.com.ar\/noticias\/wp-content\/uploads\/2026\/04\/Oasis-Ed-Sullivan-y-Wu-Tang-Clan-entre-la-clase-del.jpg","contentUrl":"https:\/\/web.consaguirre.com.ar\/noticias\/wp-content\/uploads\/2026\/04\/Oasis-Ed-Sullivan-y-Wu-Tang-Clan-entre-la-clase-del.jpg","width":1440,"height":864,"caption":"Ed Sullivan photo - Courtesy of SOFA Entertainment"},{"@type":"BreadcrumbList","@id":"https:\/\/web.consaguirre.com.ar\/noticias\/oasis-ed-sullivan-y-wu-tang-clan-entre-la-clase-del-salon-de-la-fama-del-rock-roll-de-2026\/#breadcrumb","itemListElement":[{"@type":"ListItem","position":1,"name":"Inicio","item":"https:\/\/web.consaguirre.com.ar\/noticias\/"},{"@type":"ListItem","position":2,"name":"Oasis, Ed Sullivan y Wu-Tang Clan entre la clase del Sal\u00f3n de la Fama del Rock &#038; Roll de 2026"}]},{"@type":"WebSite","@id":"https:\/\/web.consaguirre.com.ar\/noticias\/#website","url":"https:\/\/web.consaguirre.com.ar\/noticias\/","name":"Conservatorio de M\u00fasica Juli\u00e1n Aguirre","description":"","publisher":{"@id":"https:\/\/web.consaguirre.com.ar\/noticias\/#organization"},"potentialAction":[{"@type":"SearchAction","target":{"@type":"EntryPoint","urlTemplate":"https:\/\/web.consaguirre.com.ar\/noticias\/?s={search_term_string}"},"query-input":"required name=search_term_string"}],"inLanguage":"es-AR"},{"@type":"Organization","@id":"https:\/\/web.consaguirre.com.ar\/noticias\/#organization","name":"Conservatorio de M\u00fasica Juli\u00e1n Aguirre","url":"https:\/\/web.consaguirre.com.ar\/noticias\/","logo":{"@type":"ImageObject","inLanguage":"es-AR","@id":"https:\/\/web.consaguirre.com.ar\/noticias\/#\/schema\/logo\/image\/","url":"https:\/\/web.consaguirre.com.ar\/noticias\/wp-content\/uploads\/2024\/08\/Banner-Aguirre-23.jpg","contentUrl":"https:\/\/web.consaguirre.com.ar\/noticias\/wp-content\/uploads\/2024\/08\/Banner-Aguirre-23.jpg","width":1192,"height":600,"caption":"Conservatorio de M\u00fasica Juli\u00e1n Aguirre"},"image":{"@id":"https:\/\/web.consaguirre.com.ar\/noticias\/#\/schema\/logo\/image\/"}},{"@type":"Person","@id":"https:\/\/web.consaguirre.com.ar\/noticias\/#\/schema\/person\/6558b0cfedee7ddc5425602b237d5722","name":"Javier Figueroa","image":{"@type":"ImageObject","inLanguage":"es-AR","@id":"https:\/\/web.consaguirre.com.ar\/noticias\/#\/schema\/person\/image\/","url":"https:\/\/web.consaguirre.com.ar\/noticias\/wp-content\/uploads\/2024\/08\/Consaguirre-scaled.jpg","contentUrl":"https:\/\/web.consaguirre.com.ar\/noticias\/wp-content\/uploads\/2024\/08\/Consaguirre-scaled.jpg","caption":"Javier Figueroa"},"description":"Me llamo Javier Figueroa y soy redactor para el sitio oficial del Conservatorio de M\u00fasica Juli\u00e1n Aguirre en Buenos Aires, consaguirre.com. Apasionado por la m\u00fasica y la escritura, me esfuerzo por destacar los talentos y eventos de nuestra prestigiosa instituci\u00f3n. Mi trayectoria se nutre de una profunda admiraci\u00f3n por los artistas, haciendo de cada art\u00edculo una celebraci\u00f3n de la creatividad y la cultura musical.","sameAs":["https:\/\/web.consaguirre.com.ar\/noticias"]}]}},"_links":{"self":[{"href":"https:\/\/web.consaguirre.com.ar\/noticias\/wp-json\/wp\/v2\/posts\/5665"}],"collection":[{"href":"https:\/\/web.consaguirre.com.ar\/noticias\/wp-json\/wp\/v2\/posts"}],"about":[{"href":"https:\/\/web.consaguirre.com.ar\/noticias\/wp-json\/wp\/v2\/types\/post"}],"author":[{"embeddable":true,"href":"https:\/\/web.consaguirre.com.ar\/noticias\/wp-json\/wp\/v2\/users\/1"}],"replies":[{"embeddable":true,"href":"https:\/\/web.consaguirre.com.ar\/noticias\/wp-json\/wp\/v2\/comments?post=5665"}],"version-history":[{"count":1,"href":"https:\/\/web.consaguirre.com.ar\/noticias\/wp-json\/wp\/v2\/posts\/5665\/revisions"}],"predecessor-version":[{"id":5667,"href":"https:\/\/web.consaguirre.com.ar\/noticias\/wp-json\/wp\/v2\/posts\/5665\/revisions\/5667"}],"wp:featuredmedia":[{"embeddable":true,"href":"https:\/\/web.consaguirre.com.ar\/noticias\/wp-json\/wp\/v2\/media\/5666"}],"wp:attachment":[{"href":"https:\/\/web.consaguirre.com.ar\/noticias\/wp-json\/wp\/v2\/media?parent=5665"}],"wp:term":[{"taxonomy":"category","embeddable":true,"href":"https:\/\/web.consaguirre.com.ar\/noticias\/wp-json\/wp\/v2\/categories?post=5665"},{"taxonomy":"post_tag","embeddable":true,"href":"https:\/\/web.consaguirre.com.ar\/noticias\/wp-json\/wp\/v2\/tags?post=5665"}],"curies":[{"name":"wp","href":"https:\/\/api.w.org\/{rel}","templated":true}]}}