{"id":5662,"date":"2026-04-14T23:39:47","date_gmt":"2026-04-15T02:39:47","guid":{"rendered":"https:\/\/web.consaguirre.com.ar\/noticias\/tippin-on-through-de-curtis-amy-se-une-a-la-alineacion-de-tone-poet-de-blue-note\/"},"modified":"2026-04-14T23:39:48","modified_gmt":"2026-04-15T02:39:48","slug":"tippin-on-through-de-curtis-amy-se-une-a-la-alineacion-de-tone-poet-de-blue-note","status":"publish","type":"post","link":"https:\/\/web.consaguirre.com.ar\/noticias\/tippin-on-through-de-curtis-amy-se-une-a-la-alineacion-de-tone-poet-de-blue-note\/","title":{"rendered":"&#8216;Tippin&#8217; On Through&#8217; de Curtis Amy se une a la alineaci\u00f3n de Tone Poet de Blue Note"},"content":{"rendered":"<p>\u00c1lbum en vivo de 1962 del saxofonista Curtis Amy <em>Inclin\u00e1ndose hacia adelante<\/em> se une a la alineaci\u00f3n de la serie de reedici\u00f3n en vinilo Tone Poet Audiophile de Blue Note. Lanzado originalmente en el sello Pacific Jazz, el disco reci\u00e9n reeditado estar\u00e1 disponible el 5 de junio.<\/p>\n<p>Amy llev\u00f3 un sexteto al legendario lugar The Lighthouse en Hermosa Beach, California, el 29 de julio de 1962, para grabar el \u00e1lbum en vivo. Con Roy Brewster al tromb\u00f3n, Roy Ayers al vibr\u00e1fono, John Houston al piano, Bob Whitlock al bajo y Lawrence Marable a la bater\u00eda, Amy toc\u00f3 un conjunto de seis canciones que inclu\u00edan tres de sus propios originales m\u00e1s melod\u00edas de Benny Golson, Dave Brubeck y George Gershwin.<\/p>\n<p>El a\u00f1o anterior <em>Tippin<\/em>&#8216; fue grabado, Amy se asoci\u00f3 con el baterista Frank Butler para el \u00e1lbum <em>Azul bailando<\/em>que fue reeditado en la serie Tone Poet en 2025. Ese \u00e1lbum presenta algunos de los primeros trabajos grabados del vibrafonista Bobby Hutcherson, cuyo disco <em>Componentes<\/em> se reedita junto con <em>Tippin<\/em>&#8216;.<\/p>\n<div align='center'>\n<div class=\"udiscover-store-container\">\n<div id='udiscover-store-one-product'><\/div>\n<\/div>\n<p>\/*<!(CDATA(*\/(function (){var scriptURL='https:\/\/sdks.shopifycdn.com\/buy-button\/latest\/buy-button-storefront.min.js';if(window.ShopifyBuy){if(window.ShopifyBuy.UI){ShopifyBuyInit();}else{loadScript();}}else{loadScript();}funci\u00f3n loadScript(){var script=document.createElement('script');script.async=true;script.src=scriptURL;(document.getElementsByTagName('head')(0)|| document.getElementsByTagName('body')(0)).appendChild(script);script.onload=ShopifyBuyInit;} function ShopifyBuyInit(){var cliente=ShopifyBuy.buildClient({dominio:'udiscover.myshopify.com',storefrontAccessToken: 'bdc89f347d2ce61c1feeb9f8c60b2b98',}); ShopifyBuy.UI.onReady(cliente).luego(funci\u00f3n(ui){ ui.createComponent('producto',{ id:(7765297201229), nodo:document.getElementById('udiscover-store-one-product'), moneyFormat:'%24%7B%7Bamount%7D%7D', opciones:{&quot;producto&quot;:{&quot;marco flotante&quot;:FALSO,&quot;eventos&quot;:{antes deInit:funci\u00f3n(producto){Objeto.defineProperty(producto,&quot;es bot\u00f3n&quot;,{get:function(){return true;}});Object.defineProperty(producto,&quot;opciones&quot;{get:function(){return this.config(this.typeKey);}});var actualOnButtonClick=product.onButtonClick;product.onButtonClick=function(event,target) {event.stopImmediatePropagation();this.options.buttonDestination=&quot;modal&quot;;actualOnButtonClick.call(este,evento,destino);};}},\n&quot;bot\u00f3nDestino&quot;:&quot;modal&quot;,&quot;contenido&quot;:{&quot;opciones&quot;:verdadero},&quot;texto&quot;:{&quot;bot\u00f3n&quot;:&quot;PEDIR AHORA&quot;,&quot;Agotado&quot;:&quot;Lo sentimos, esto est\u00e1 agotado.&quot;}},&quot;conjunto de productos&quot;:{&quot;marco flotante&quot;:FALSO},&quot;modalProducto&quot;:{&quot;marco flotante&quot;:FALSO,&quot;contenido&quot;:{&quot;imagen&quot;:FALSO,&quot;imgConCarrusel&quot;:verdadero,&quot;bot\u00f3n&quot;:FALSO,&quot;bot\u00f3nConCantidad&quot;:verdadero}},&quot;modal&quot;:{&quot;marco flotante&quot;:FALSO},&quot;opci\u00f3n&quot;:{&quot;marco flotante&quot;:FALSO},&quot;carro&quot;:{&quot;marco flotante&quot;:FALSO},&quot;palanca&quot;:{&quot;marco flotante&quot;:FALSO,&quot;contenido&quot;:{&quot;icono&quot;:FALSO}},&quot;art\u00edculo de l\u00ednea&quot;:{&quot;marco flotante&quot;:FALSO}},}); }); } })(); \/*))>*\/ <\/div>\n<\/p>\n<p>La serie de reediciones en vinilo para audi\u00f3filos de Tone Poet naci\u00f3 de la admiraci\u00f3n del presidente de Blue Note, Don Was, por las excepcionales reediciones de LP de Blue Note para audi\u00f3filos presentadas por Music Matters. Se incorpor\u00f3 a Joe Harley, tambi\u00e9n conocido como &#8220;Tone Poet&#8221;, para curar y supervisar una serie de reediciones de la familia de sellos Blue Note, incluido Pacific Jazz.<\/p>\n<p>La edici\u00f3n en vinilo del Tone Poet de <em>Tippin<\/em>&#8216; fue producido por Joe Harley, masterizado por Kevin Gray (Cohearent Audio) a partir de las cintas maestras anal\u00f3gicas originales, impreso en vinilo de 180 g en Record Technology Inc. (RTI) y empaquetado en una funda de lujo.<\/p>\n<p>\u201cDurante la temporada 2026 de Tone Poet, volveremos a visitar gemas raras, fechas audaces subestimadas y, por supuesto, t\u00edtulos queridos del cat\u00e1logo de Blue Note que los fan\u00e1ticos han estado esperando pacientemente\u201d, comparti\u00f3 Harley a principios de este a\u00f1o. \u201cTone Poet 2026 est\u00e1 dise\u00f1ado para profundizar su experiencia auditiva y celebrar toda la amplitud del legado del jazz que todos atesoramos\u201d.<\/p>\n<p><b>Tienda Curtis Amy&#8217;s <em>Inclin\u00e1ndose hacia adelante<\/em> en vinilo aqu\u00ed.<\/b><\/p>\n","protected":false},"excerpt":{"rendered":"<p>\u00c1lbum en vivo de 1962 del saxofonista Curtis Amy Inclin\u00e1ndose hacia adelante se une a la alineaci\u00f3n de la serie de reedici\u00f3n en vinilo Tone<\/p>\n","protected":false},"author":1,"featured_media":5663,"comment_status":"closed","ping_status":"","sticky":false,"template":"","format":"standard","meta":{"footnotes":""},"categories":[50],"tags":[3187,51,498,2006,1238,1242,4133,1241,455],"class_list":["post-5662","post","type-post","status-publish","format-standard","has-post-thumbnail","hentry","category-el-ultimo","tag-alineacion","tag-amy","tag-blue","tag-curtis","tag-note","tag-poet","tag-tippin","tag-tone","tag-une","generate-columns","tablet-grid-50","mobile-grid-100","grid-parent","grid-50"],"yoast_head":"<!-- This site is optimized with the Yoast SEO plugin v23.3 - https:\/\/yoast.com\/wordpress\/plugins\/seo\/ -->\n<title>&#039;Tippin&#039; On Through&#039; de Curtis Amy se une a la alineaci\u00f3n de Tone Poet de Blue Note<\/title>\n<meta name=\"robots\" content=\"index, follow, max-snippet:-1, max-image-preview:large, max-video-preview:-1\" \/>\n<link rel=\"canonical\" href=\"https:\/\/web.consaguirre.com.ar\/noticias\/tippin-on-through-de-curtis-amy-se-une-a-la-alineacion-de-tone-poet-de-blue-note\/\" \/>\n<meta property=\"og:locale\" content=\"es_ES\" \/>\n<meta property=\"og:type\" content=\"article\" \/>\n<meta property=\"og:title\" content=\"&#039;Tippin&#039; On Through&#039; de Curtis Amy se une a la alineaci\u00f3n de Tone Poet de Blue Note\" \/>\n<meta property=\"og:description\" content=\"\u00c1lbum en vivo de 1962 del saxofonista Curtis Amy Inclin\u00e1ndose hacia adelante se une a la alineaci\u00f3n de la serie de reedici\u00f3n en vinilo Tone\" \/>\n<meta property=\"og:url\" content=\"https:\/\/web.consaguirre.com.ar\/noticias\/tippin-on-through-de-curtis-amy-se-une-a-la-alineacion-de-tone-poet-de-blue-note\/\" \/>\n<meta property=\"og:site_name\" content=\"Conservatorio de M\u00fasica Juli\u00e1n Aguirre\" \/>\n<meta property=\"article:published_time\" content=\"2026-04-15T02:39:47+00:00\" \/>\n<meta property=\"article:modified_time\" content=\"2026-04-15T02:39:48+00:00\" \/>\n<meta property=\"og:image\" content=\"https:\/\/web.consaguirre.com.ar\/noticias\/wp-content\/uploads\/2026\/04\/Tippin-On-Through-de-Curtis-Amy-se-une-a-la.jpg\" \/>\n\t<meta property=\"og:image:width\" content=\"1000\" \/>\n\t<meta property=\"og:image:height\" content=\"600\" \/>\n\t<meta property=\"og:image:type\" content=\"image\/jpeg\" \/>\n<meta name=\"author\" content=\"Javier Figueroa\" \/>\n<meta name=\"twitter:card\" content=\"summary_large_image\" \/>\n<meta name=\"twitter:label1\" content=\"Escrito por\" \/>\n\t<meta name=\"twitter:data1\" content=\"Javier Figueroa\" \/>\n\t<meta name=\"twitter:label2\" content=\"Tiempo de lectura\" \/>\n\t<meta name=\"twitter:data2\" content=\"2 minutos\" \/>\n<script type=\"application\/ld+json\" class=\"yoast-schema-graph\">{\"@context\":\"https:\/\/schema.org\",\"@graph\":[{\"@type\":\"Article\",\"@id\":\"https:\/\/web.consaguirre.com.ar\/noticias\/tippin-on-through-de-curtis-amy-se-une-a-la-alineacion-de-tone-poet-de-blue-note\/#article\",\"isPartOf\":{\"@id\":\"https:\/\/web.consaguirre.com.ar\/noticias\/tippin-on-through-de-curtis-amy-se-une-a-la-alineacion-de-tone-poet-de-blue-note\/\"},\"author\":{\"name\":\"Javier Figueroa\",\"@id\":\"https:\/\/web.consaguirre.com.ar\/noticias\/#\/schema\/person\/6558b0cfedee7ddc5425602b237d5722\"},\"headline\":\"&#8216;Tippin&#8217; On Through&#8217; de Curtis Amy se une a la alineaci\u00f3n de Tone Poet de Blue Note\",\"datePublished\":\"2026-04-15T02:39:47+00:00\",\"dateModified\":\"2026-04-15T02:39:48+00:00\",\"mainEntityOfPage\":{\"@id\":\"https:\/\/web.consaguirre.com.ar\/noticias\/tippin-on-through-de-curtis-amy-se-une-a-la-alineacion-de-tone-poet-de-blue-note\/\"},\"wordCount\":383,\"publisher\":{\"@id\":\"https:\/\/web.consaguirre.com.ar\/noticias\/#organization\"},\"image\":{\"@id\":\"https:\/\/web.consaguirre.com.ar\/noticias\/tippin-on-through-de-curtis-amy-se-une-a-la-alineacion-de-tone-poet-de-blue-note\/#primaryimage\"},\"thumbnailUrl\":\"https:\/\/web.consaguirre.com.ar\/noticias\/wp-content\/uploads\/2026\/04\/Tippin-On-Through-de-Curtis-Amy-se-une-a-la.jpg\",\"keywords\":[\"alineaci\u00f3n\",\"Amy\",\"Blue\",\"Curtis\",\"Note\",\"Poet\",\"Tippin\",\"Tone\",\"une\"],\"articleSection\":[\"El \u00faltimo\"],\"inLanguage\":\"es-AR\"},{\"@type\":\"WebPage\",\"@id\":\"https:\/\/web.consaguirre.com.ar\/noticias\/tippin-on-through-de-curtis-amy-se-une-a-la-alineacion-de-tone-poet-de-blue-note\/\",\"url\":\"https:\/\/web.consaguirre.com.ar\/noticias\/tippin-on-through-de-curtis-amy-se-une-a-la-alineacion-de-tone-poet-de-blue-note\/\",\"name\":\"'Tippin' On Through' de Curtis Amy se une a la alineaci\u00f3n de Tone Poet de Blue Note\",\"isPartOf\":{\"@id\":\"https:\/\/web.consaguirre.com.ar\/noticias\/#website\"},\"primaryImageOfPage\":{\"@id\":\"https:\/\/web.consaguirre.com.ar\/noticias\/tippin-on-through-de-curtis-amy-se-une-a-la-alineacion-de-tone-poet-de-blue-note\/#primaryimage\"},\"image\":{\"@id\":\"https:\/\/web.consaguirre.com.ar\/noticias\/tippin-on-through-de-curtis-amy-se-une-a-la-alineacion-de-tone-poet-de-blue-note\/#primaryimage\"},\"thumbnailUrl\":\"https:\/\/web.consaguirre.com.ar\/noticias\/wp-content\/uploads\/2026\/04\/Tippin-On-Through-de-Curtis-Amy-se-une-a-la.jpg\",\"datePublished\":\"2026-04-15T02:39:47+00:00\",\"dateModified\":\"2026-04-15T02:39:48+00:00\",\"breadcrumb\":{\"@id\":\"https:\/\/web.consaguirre.com.ar\/noticias\/tippin-on-through-de-curtis-amy-se-une-a-la-alineacion-de-tone-poet-de-blue-note\/#breadcrumb\"},\"inLanguage\":\"es-AR\",\"potentialAction\":[{\"@type\":\"ReadAction\",\"target\":[\"https:\/\/web.consaguirre.com.ar\/noticias\/tippin-on-through-de-curtis-amy-se-une-a-la-alineacion-de-tone-poet-de-blue-note\/\"]}]},{\"@type\":\"ImageObject\",\"inLanguage\":\"es-AR\",\"@id\":\"https:\/\/web.consaguirre.com.ar\/noticias\/tippin-on-through-de-curtis-amy-se-une-a-la-alineacion-de-tone-poet-de-blue-note\/#primaryimage\",\"url\":\"https:\/\/web.consaguirre.com.ar\/noticias\/wp-content\/uploads\/2026\/04\/Tippin-On-Through-de-Curtis-Amy-se-une-a-la.jpg\",\"contentUrl\":\"https:\/\/web.consaguirre.com.ar\/noticias\/wp-content\/uploads\/2026\/04\/Tippin-On-Through-de-Curtis-Amy-se-une-a-la.jpg\",\"width\":1000,\"height\":600,\"caption\":\"Curtis Amy Tippin On Through\"},{\"@type\":\"BreadcrumbList\",\"@id\":\"https:\/\/web.consaguirre.com.ar\/noticias\/tippin-on-through-de-curtis-amy-se-une-a-la-alineacion-de-tone-poet-de-blue-note\/#breadcrumb\",\"itemListElement\":[{\"@type\":\"ListItem\",\"position\":1,\"name\":\"Inicio\",\"item\":\"https:\/\/web.consaguirre.com.ar\/noticias\/\"},{\"@type\":\"ListItem\",\"position\":2,\"name\":\"&#8216;Tippin&#8217; On Through&#8217; de Curtis Amy se une a la alineaci\u00f3n de Tone Poet de Blue Note\"}]},{\"@type\":\"WebSite\",\"@id\":\"https:\/\/web.consaguirre.com.ar\/noticias\/#website\",\"url\":\"https:\/\/web.consaguirre.com.ar\/noticias\/\",\"name\":\"Conservatorio de M\u00fasica Juli\u00e1n Aguirre\",\"description\":\"\",\"publisher\":{\"@id\":\"https:\/\/web.consaguirre.com.ar\/noticias\/#organization\"},\"potentialAction\":[{\"@type\":\"SearchAction\",\"target\":{\"@type\":\"EntryPoint\",\"urlTemplate\":\"https:\/\/web.consaguirre.com.ar\/noticias\/?s={search_term_string}\"},\"query-input\":\"required name=search_term_string\"}],\"inLanguage\":\"es-AR\"},{\"@type\":\"Organization\",\"@id\":\"https:\/\/web.consaguirre.com.ar\/noticias\/#organization\",\"name\":\"Conservatorio de M\u00fasica Juli\u00e1n Aguirre\",\"url\":\"https:\/\/web.consaguirre.com.ar\/noticias\/\",\"logo\":{\"@type\":\"ImageObject\",\"inLanguage\":\"es-AR\",\"@id\":\"https:\/\/web.consaguirre.com.ar\/noticias\/#\/schema\/logo\/image\/\",\"url\":\"https:\/\/web.consaguirre.com.ar\/noticias\/wp-content\/uploads\/2024\/08\/Banner-Aguirre-23.jpg\",\"contentUrl\":\"https:\/\/web.consaguirre.com.ar\/noticias\/wp-content\/uploads\/2024\/08\/Banner-Aguirre-23.jpg\",\"width\":1192,\"height\":600,\"caption\":\"Conservatorio de M\u00fasica Juli\u00e1n Aguirre\"},\"image\":{\"@id\":\"https:\/\/web.consaguirre.com.ar\/noticias\/#\/schema\/logo\/image\/\"}},{\"@type\":\"Person\",\"@id\":\"https:\/\/web.consaguirre.com.ar\/noticias\/#\/schema\/person\/6558b0cfedee7ddc5425602b237d5722\",\"name\":\"Javier Figueroa\",\"image\":{\"@type\":\"ImageObject\",\"inLanguage\":\"es-AR\",\"@id\":\"https:\/\/web.consaguirre.com.ar\/noticias\/#\/schema\/person\/image\/\",\"url\":\"https:\/\/web.consaguirre.com.ar\/noticias\/wp-content\/uploads\/2024\/08\/Consaguirre-scaled.jpg\",\"contentUrl\":\"https:\/\/web.consaguirre.com.ar\/noticias\/wp-content\/uploads\/2024\/08\/Consaguirre-scaled.jpg\",\"caption\":\"Javier Figueroa\"},\"description\":\"Me llamo Javier Figueroa y soy redactor para el sitio oficial del Conservatorio de M\u00fasica Juli\u00e1n Aguirre en Buenos Aires, consaguirre.com. Apasionado por la m\u00fasica y la escritura, me esfuerzo por destacar los talentos y eventos de nuestra prestigiosa instituci\u00f3n. Mi trayectoria se nutre de una profunda admiraci\u00f3n por los artistas, haciendo de cada art\u00edculo una celebraci\u00f3n de la creatividad y la cultura musical.\",\"sameAs\":[\"https:\/\/web.consaguirre.com.ar\/noticias\"]}]}<\/script>\n<!-- \/ Yoast SEO plugin. -->","yoast_head_json":{"title":"'Tippin' On Through' de Curtis Amy se une a la alineaci\u00f3n de Tone Poet de Blue Note","robots":{"index":"index","follow":"follow","max-snippet":"max-snippet:-1","max-image-preview":"max-image-preview:large","max-video-preview":"max-video-preview:-1"},"canonical":"https:\/\/web.consaguirre.com.ar\/noticias\/tippin-on-through-de-curtis-amy-se-une-a-la-alineacion-de-tone-poet-de-blue-note\/","og_locale":"es_ES","og_type":"article","og_title":"'Tippin' On Through' de Curtis Amy se une a la alineaci\u00f3n de Tone Poet de Blue Note","og_description":"\u00c1lbum en vivo de 1962 del saxofonista Curtis Amy Inclin\u00e1ndose hacia adelante se une a la alineaci\u00f3n de la serie de reedici\u00f3n en vinilo Tone","og_url":"https:\/\/web.consaguirre.com.ar\/noticias\/tippin-on-through-de-curtis-amy-se-une-a-la-alineacion-de-tone-poet-de-blue-note\/","og_site_name":"Conservatorio de M\u00fasica Juli\u00e1n Aguirre","article_published_time":"2026-04-15T02:39:47+00:00","article_modified_time":"2026-04-15T02:39:48+00:00","og_image":[{"width":1000,"height":600,"url":"https:\/\/web.consaguirre.com.ar\/noticias\/wp-content\/uploads\/2026\/04\/Tippin-On-Through-de-Curtis-Amy-se-une-a-la.jpg","type":"image\/jpeg"}],"author":"Javier Figueroa","twitter_card":"summary_large_image","twitter_misc":{"Escrito por":"Javier Figueroa","Tiempo de lectura":"2 minutos"},"schema":{"@context":"https:\/\/schema.org","@graph":[{"@type":"Article","@id":"https:\/\/web.consaguirre.com.ar\/noticias\/tippin-on-through-de-curtis-amy-se-une-a-la-alineacion-de-tone-poet-de-blue-note\/#article","isPartOf":{"@id":"https:\/\/web.consaguirre.com.ar\/noticias\/tippin-on-through-de-curtis-amy-se-une-a-la-alineacion-de-tone-poet-de-blue-note\/"},"author":{"name":"Javier Figueroa","@id":"https:\/\/web.consaguirre.com.ar\/noticias\/#\/schema\/person\/6558b0cfedee7ddc5425602b237d5722"},"headline":"&#8216;Tippin&#8217; On Through&#8217; de Curtis Amy se une a la alineaci\u00f3n de Tone Poet de Blue Note","datePublished":"2026-04-15T02:39:47+00:00","dateModified":"2026-04-15T02:39:48+00:00","mainEntityOfPage":{"@id":"https:\/\/web.consaguirre.com.ar\/noticias\/tippin-on-through-de-curtis-amy-se-une-a-la-alineacion-de-tone-poet-de-blue-note\/"},"wordCount":383,"publisher":{"@id":"https:\/\/web.consaguirre.com.ar\/noticias\/#organization"},"image":{"@id":"https:\/\/web.consaguirre.com.ar\/noticias\/tippin-on-through-de-curtis-amy-se-une-a-la-alineacion-de-tone-poet-de-blue-note\/#primaryimage"},"thumbnailUrl":"https:\/\/web.consaguirre.com.ar\/noticias\/wp-content\/uploads\/2026\/04\/Tippin-On-Through-de-Curtis-Amy-se-une-a-la.jpg","keywords":["alineaci\u00f3n","Amy","Blue","Curtis","Note","Poet","Tippin","Tone","une"],"articleSection":["El \u00faltimo"],"inLanguage":"es-AR"},{"@type":"WebPage","@id":"https:\/\/web.consaguirre.com.ar\/noticias\/tippin-on-through-de-curtis-amy-se-une-a-la-alineacion-de-tone-poet-de-blue-note\/","url":"https:\/\/web.consaguirre.com.ar\/noticias\/tippin-on-through-de-curtis-amy-se-une-a-la-alineacion-de-tone-poet-de-blue-note\/","name":"'Tippin' On Through' de Curtis Amy se une a la alineaci\u00f3n de Tone Poet de Blue Note","isPartOf":{"@id":"https:\/\/web.consaguirre.com.ar\/noticias\/#website"},"primaryImageOfPage":{"@id":"https:\/\/web.consaguirre.com.ar\/noticias\/tippin-on-through-de-curtis-amy-se-une-a-la-alineacion-de-tone-poet-de-blue-note\/#primaryimage"},"image":{"@id":"https:\/\/web.consaguirre.com.ar\/noticias\/tippin-on-through-de-curtis-amy-se-une-a-la-alineacion-de-tone-poet-de-blue-note\/#primaryimage"},"thumbnailUrl":"https:\/\/web.consaguirre.com.ar\/noticias\/wp-content\/uploads\/2026\/04\/Tippin-On-Through-de-Curtis-Amy-se-une-a-la.jpg","datePublished":"2026-04-15T02:39:47+00:00","dateModified":"2026-04-15T02:39:48+00:00","breadcrumb":{"@id":"https:\/\/web.consaguirre.com.ar\/noticias\/tippin-on-through-de-curtis-amy-se-une-a-la-alineacion-de-tone-poet-de-blue-note\/#breadcrumb"},"inLanguage":"es-AR","potentialAction":[{"@type":"ReadAction","target":["https:\/\/web.consaguirre.com.ar\/noticias\/tippin-on-through-de-curtis-amy-se-une-a-la-alineacion-de-tone-poet-de-blue-note\/"]}]},{"@type":"ImageObject","inLanguage":"es-AR","@id":"https:\/\/web.consaguirre.com.ar\/noticias\/tippin-on-through-de-curtis-amy-se-une-a-la-alineacion-de-tone-poet-de-blue-note\/#primaryimage","url":"https:\/\/web.consaguirre.com.ar\/noticias\/wp-content\/uploads\/2026\/04\/Tippin-On-Through-de-Curtis-Amy-se-une-a-la.jpg","contentUrl":"https:\/\/web.consaguirre.com.ar\/noticias\/wp-content\/uploads\/2026\/04\/Tippin-On-Through-de-Curtis-Amy-se-une-a-la.jpg","width":1000,"height":600,"caption":"Curtis Amy Tippin On Through"},{"@type":"BreadcrumbList","@id":"https:\/\/web.consaguirre.com.ar\/noticias\/tippin-on-through-de-curtis-amy-se-une-a-la-alineacion-de-tone-poet-de-blue-note\/#breadcrumb","itemListElement":[{"@type":"ListItem","position":1,"name":"Inicio","item":"https:\/\/web.consaguirre.com.ar\/noticias\/"},{"@type":"ListItem","position":2,"name":"&#8216;Tippin&#8217; On Through&#8217; de Curtis Amy se une a la alineaci\u00f3n de Tone Poet de Blue Note"}]},{"@type":"WebSite","@id":"https:\/\/web.consaguirre.com.ar\/noticias\/#website","url":"https:\/\/web.consaguirre.com.ar\/noticias\/","name":"Conservatorio de M\u00fasica Juli\u00e1n Aguirre","description":"","publisher":{"@id":"https:\/\/web.consaguirre.com.ar\/noticias\/#organization"},"potentialAction":[{"@type":"SearchAction","target":{"@type":"EntryPoint","urlTemplate":"https:\/\/web.consaguirre.com.ar\/noticias\/?s={search_term_string}"},"query-input":"required name=search_term_string"}],"inLanguage":"es-AR"},{"@type":"Organization","@id":"https:\/\/web.consaguirre.com.ar\/noticias\/#organization","name":"Conservatorio de M\u00fasica Juli\u00e1n Aguirre","url":"https:\/\/web.consaguirre.com.ar\/noticias\/","logo":{"@type":"ImageObject","inLanguage":"es-AR","@id":"https:\/\/web.consaguirre.com.ar\/noticias\/#\/schema\/logo\/image\/","url":"https:\/\/web.consaguirre.com.ar\/noticias\/wp-content\/uploads\/2024\/08\/Banner-Aguirre-23.jpg","contentUrl":"https:\/\/web.consaguirre.com.ar\/noticias\/wp-content\/uploads\/2024\/08\/Banner-Aguirre-23.jpg","width":1192,"height":600,"caption":"Conservatorio de M\u00fasica Juli\u00e1n Aguirre"},"image":{"@id":"https:\/\/web.consaguirre.com.ar\/noticias\/#\/schema\/logo\/image\/"}},{"@type":"Person","@id":"https:\/\/web.consaguirre.com.ar\/noticias\/#\/schema\/person\/6558b0cfedee7ddc5425602b237d5722","name":"Javier Figueroa","image":{"@type":"ImageObject","inLanguage":"es-AR","@id":"https:\/\/web.consaguirre.com.ar\/noticias\/#\/schema\/person\/image\/","url":"https:\/\/web.consaguirre.com.ar\/noticias\/wp-content\/uploads\/2024\/08\/Consaguirre-scaled.jpg","contentUrl":"https:\/\/web.consaguirre.com.ar\/noticias\/wp-content\/uploads\/2024\/08\/Consaguirre-scaled.jpg","caption":"Javier Figueroa"},"description":"Me llamo Javier Figueroa y soy redactor para el sitio oficial del Conservatorio de M\u00fasica Juli\u00e1n Aguirre en Buenos Aires, consaguirre.com. Apasionado por la m\u00fasica y la escritura, me esfuerzo por destacar los talentos y eventos de nuestra prestigiosa instituci\u00f3n. Mi trayectoria se nutre de una profunda admiraci\u00f3n por los artistas, haciendo de cada art\u00edculo una celebraci\u00f3n de la creatividad y la cultura musical.","sameAs":["https:\/\/web.consaguirre.com.ar\/noticias"]}]}},"_links":{"self":[{"href":"https:\/\/web.consaguirre.com.ar\/noticias\/wp-json\/wp\/v2\/posts\/5662"}],"collection":[{"href":"https:\/\/web.consaguirre.com.ar\/noticias\/wp-json\/wp\/v2\/posts"}],"about":[{"href":"https:\/\/web.consaguirre.com.ar\/noticias\/wp-json\/wp\/v2\/types\/post"}],"author":[{"embeddable":true,"href":"https:\/\/web.consaguirre.com.ar\/noticias\/wp-json\/wp\/v2\/users\/1"}],"replies":[{"embeddable":true,"href":"https:\/\/web.consaguirre.com.ar\/noticias\/wp-json\/wp\/v2\/comments?post=5662"}],"version-history":[{"count":1,"href":"https:\/\/web.consaguirre.com.ar\/noticias\/wp-json\/wp\/v2\/posts\/5662\/revisions"}],"predecessor-version":[{"id":5664,"href":"https:\/\/web.consaguirre.com.ar\/noticias\/wp-json\/wp\/v2\/posts\/5662\/revisions\/5664"}],"wp:featuredmedia":[{"embeddable":true,"href":"https:\/\/web.consaguirre.com.ar\/noticias\/wp-json\/wp\/v2\/media\/5663"}],"wp:attachment":[{"href":"https:\/\/web.consaguirre.com.ar\/noticias\/wp-json\/wp\/v2\/media?parent=5662"}],"wp:term":[{"taxonomy":"category","embeddable":true,"href":"https:\/\/web.consaguirre.com.ar\/noticias\/wp-json\/wp\/v2\/categories?post=5662"},{"taxonomy":"post_tag","embeddable":true,"href":"https:\/\/web.consaguirre.com.ar\/noticias\/wp-json\/wp\/v2\/tags?post=5662"}],"curies":[{"name":"wp","href":"https:\/\/api.w.org\/{rel}","templated":true}]}}