{"id":5650,"date":"2026-04-14T11:38:53","date_gmt":"2026-04-14T14:38:53","guid":{"rendered":"https:\/\/web.consaguirre.com.ar\/noticias\/audioslave-anuncia-nuevos-formatos-out-of-exile\/"},"modified":"2026-04-14T11:38:54","modified_gmt":"2026-04-14T14:38:54","slug":"audioslave-anuncia-nuevos-formatos-out-of-exile","status":"publish","type":"post","link":"https:\/\/web.consaguirre.com.ar\/noticias\/audioslave-anuncia-nuevos-formatos-out-of-exile\/","title":{"rendered":"Audioslave anuncia nuevos formatos &#8216;Out of Exile&#8217;"},"content":{"rendered":"<p>Audioslave lanzar\u00e1 su segundo \u00e1lbum de estudio <em>Fuera del exilio<\/em> en dos nuevos formatos de vinilo. El disco de 2005 del supergrupo de rock estadounidense estar\u00e1 disponible en una edici\u00f3n negra de 2LP de 180 gramos y una edici\u00f3n limitada de vinilo negro relleno de l\u00edquido de 2LP, disponible para ordenar exclusivamente en uDiscover Music. <b>aqu\u00ed.<\/b><\/p>\n<p>La edici\u00f3n l\u00edquida marca la primera vez que estas canciones se imprimen en este formato especial, y la cubierta del disco se ha ampliado a una cubierta plegable con agujeros troquelados en los paneles internos para mostrar el vinilo l\u00edquido negro. Ambas versiones han sido remasterizadas recientemente por Levi Seitz de Black Belt Mastering.<\/p>\n<div align=\"center\">\n<div class=\"udiscover-store-container\">\n<div id='udiscover-store-two-product'><\/div>\n<\/div>\n<p>\/*<!(CDATA(*\/(function (){var scriptURL='https:\/\/sdks.shopifycdn.com\/buy-button\/latest\/buy-button-storefront.min.js';if(window.ShopifyBuy){if(window.ShopifyBuy.UI){ShopifyBuyInit();}else{loadScript();}}else{loadScript();}funci\u00f3n loadScript(){var script=document.createElement('script');script.async=true;script.src=scriptURL;(document.getElementsByTagName('head')(0)|| document.getElementsByTagName('body')(0)).appendChild(script);script.onload=ShopifyBuyInit;} function ShopifyBuyInit(){var cliente=ShopifyBuy.buildClient({dominio:'udiscover.myshopify.com',storefrontAccessToken: 'bdc89f347d2ce61c1feeb9f8c60b2b98',}); ShopifyBuy.UI.onReady(cliente).luego(funci\u00f3n(ui){ ui.createComponent('productSet',{ id:(7765135261773,7765135327309), nodo:document.getElementById('udiscover-store-two-product'), moneyFormat:'%24%7B%7Bamount%7D%7D', opciones:{&quot;producto&quot;:{&quot;marco flotante&quot;:FALSO,&quot;bot\u00f3nDestino&quot;:&quot;modal&quot;,&quot;contenido&quot;:{&quot;opciones&quot;:verdadero},&quot;texto&quot;:{&quot;bot\u00f3n&quot;:&quot;PEDIR AHORA&quot;,&quot;Agotado&quot;:&quot;Lo sentimos, esto est\u00e1 agotado.&quot;}},&quot;conjunto de productos&quot;:{&quot;marco flotante&quot;:FALSO},&quot;modalProducto&quot;:{&quot;marco flotante&quot;:FALSO,&quot;contenido&quot;:{&quot;imagen&quot;:FALSO,&quot;imgConCarrusel&quot;:verdadero,&quot;bot\u00f3n&quot;:FALSO,&quot;bot\u00f3nConCantidad&quot;:verdadero}},&quot;modal&quot;:{&quot;marco flotante&quot;:FALSO},&quot;opci\u00f3n&quot;:{&quot;marco flotante&quot;:FALSO},&quot;carro&quot;:{&quot;marco flotante&quot;:FALSO},&quot;palanca&quot;:{&quot;marco flotante&quot;:FALSO,&quot;contenido&quot;:{&quot;icono&quot;:FALSO}},&quot;art\u00edculo de l\u00ednea&quot;:{&quot;marco flotante&quot;:FALSO}}, }); }); } })(); \/*))>*\/ <\/div>\n<\/p>\n<p><em>Fuera del exilio<\/em> fue producido por Rick Rubin y presenta sencillos como \u201cBe Yourself\u201d y \u201cDoes&#8217;t Remind Me\u201d, adem\u00e1s de la canci\u00f3n principal. Uno de los discos de rock m\u00e1s emblem\u00e1ticos de la d\u00e9cada, el \u00e1lbum debut\u00f3 en el puesto n\u00famero 1 del Billboard 200 y obtuvo platino.<\/p>\n<p>Seg\u00fan Wilk, &#8220;La banda Audioslave ha llegado. El primer disco fue gente de otras dos bandas con historia adjunta. No siento eso con este disco&#8221;.<\/p>\n<div class=\"uD-YT-container\"><img decoding=\"async\" src=\"https:\/\/web.consaguirre.com.ar\/noticias\/wp-content\/uploads\/2026\/04\/1776177532_176_Audioslave-anuncia-nuevos-formatos-Out-of-Exile.jpg\" alt=\"V\u00eddeo de YouTube\"><br \/>Haga clic para cargar v\u00eddeo<\/div>\n<p>La banda hizo historia antes del lanzamiento de <em>Fuera del exilio<\/em> cuando se convirtieron en el primer grupo de rock estadounidense en tocar en Cuba, realizando un espect\u00e1culo gratuito para unas 70.000 personas en La Habana el 6 de mayo de 2005.<\/p>\n<p>Audioslave estaba compuesto por el cantante y guitarrista de Soundgarden, Chris Cornell, con los miembros de Rage Against the Machine Tom Morello (guitarra principal), Tim Commerford (bajo\/coros) y Brad Wilk (bater\u00eda). Lanzaron su debut hom\u00f3nimo en 2002; El sencillo &#8220;Like a Stone&#8221; fue nominado a Mejor Interpretaci\u00f3n de Hard Rock en la 46\u00aa edici\u00f3n de los Premios Grammy. El tercer y \u00faltimo \u00e1lbum de estudio del grupo, <em>Revelaciones<\/em>fue lanzado el 4 de septiembre de 2006.<\/p>\n<p>Audioslave se reuni\u00f3 en 2017 en el baile anti-inauguraci\u00f3n de Prophets of Rage, en protesta por la toma de posesi\u00f3n del presidente Donald Trump. En mayo de ese a\u00f1o, Cornell muri\u00f3 a la edad de 52 a\u00f1os.<\/p>\n<p>Morello apareci\u00f3 recientemente en el nuevo tema de Peter Frampton, \u201cLions At The Gate\u201d, de su pr\u00f3ximo disco. <em>llevar la luz<\/em>.<\/p>\n<p><b>Comprar Audioslave <em>Fuera del exilio<\/em> aqu\u00ed.<\/b><\/p>\n<p><img loading=\"lazy\" decoding=\"async\" class=\"aligncenter wp-image-2759074 size-full\" src=\"https:\/\/web.consaguirre.com.ar\/noticias\/wp-content\/uploads\/2026\/04\/1776177533_799_Audioslave-anuncia-nuevos-formatos-Out-of-Exile.jpg\" alt=\"audioesclavo\" width=\"1000\" height=\"600\" \/><\/p>\n","protected":false},"excerpt":{"rendered":"<p>Audioslave lanzar\u00e1 su segundo \u00e1lbum de estudio Fuera del exilio en dos nuevos formatos de vinilo. El disco de 2005 del supergrupo de rock estadounidense<\/p>\n","protected":false},"author":1,"featured_media":5651,"comment_status":"closed","ping_status":"","sticky":false,"template":"","format":"standard","meta":{"footnotes":""},"categories":[50],"tags":[56,2619,2618,2761,715],"class_list":["post-5650","post","type-post","status-publish","format-standard","has-post-thumbnail","hentry","category-el-ultimo","tag-anuncia","tag-audioslave","tag-exile","tag-formatos","tag-nuevos","generate-columns","tablet-grid-50","mobile-grid-100","grid-parent","grid-50"],"yoast_head":"<!-- This site is optimized with the Yoast SEO plugin v23.3 - https:\/\/yoast.com\/wordpress\/plugins\/seo\/ -->\n<title>Audioslave anuncia nuevos formatos &#039;Out of Exile&#039;<\/title>\n<meta name=\"robots\" content=\"index, follow, max-snippet:-1, max-image-preview:large, max-video-preview:-1\" \/>\n<link rel=\"canonical\" href=\"https:\/\/web.consaguirre.com.ar\/noticias\/audioslave-anuncia-nuevos-formatos-out-of-exile\/\" \/>\n<meta property=\"og:locale\" content=\"es_ES\" \/>\n<meta property=\"og:type\" content=\"article\" \/>\n<meta property=\"og:title\" content=\"Audioslave anuncia nuevos formatos &#039;Out of Exile&#039;\" \/>\n<meta property=\"og:description\" content=\"Audioslave lanzar\u00e1 su segundo \u00e1lbum de estudio Fuera del exilio en dos nuevos formatos de vinilo. El disco de 2005 del supergrupo de rock estadounidense\" \/>\n<meta property=\"og:url\" content=\"https:\/\/web.consaguirre.com.ar\/noticias\/audioslave-anuncia-nuevos-formatos-out-of-exile\/\" \/>\n<meta property=\"og:site_name\" content=\"Conservatorio de M\u00fasica Juli\u00e1n Aguirre\" \/>\n<meta property=\"article:published_time\" content=\"2026-04-14T14:38:53+00:00\" \/>\n<meta property=\"article:modified_time\" content=\"2026-04-14T14:38:54+00:00\" \/>\n<meta property=\"og:image\" content=\"https:\/\/web.consaguirre.com.ar\/noticias\/wp-content\/uploads\/2026\/04\/1776177533_Audioslave-anuncia-nuevos-formatos-Out-of-Exile.jpg\" \/>\n\t<meta property=\"og:image:width\" content=\"820\" \/>\n\t<meta property=\"og:image:height\" content=\"820\" \/>\n\t<meta property=\"og:image:type\" content=\"image\/jpeg\" \/>\n<meta name=\"author\" content=\"Javier Figueroa\" \/>\n<meta name=\"twitter:card\" content=\"summary_large_image\" \/>\n<meta name=\"twitter:label1\" content=\"Escrito por\" \/>\n\t<meta name=\"twitter:data1\" content=\"Javier Figueroa\" \/>\n\t<meta name=\"twitter:label2\" content=\"Tiempo de lectura\" \/>\n\t<meta name=\"twitter:data2\" content=\"2 minutos\" \/>\n<script type=\"application\/ld+json\" class=\"yoast-schema-graph\">{\"@context\":\"https:\/\/schema.org\",\"@graph\":[{\"@type\":\"Article\",\"@id\":\"https:\/\/web.consaguirre.com.ar\/noticias\/audioslave-anuncia-nuevos-formatos-out-of-exile\/#article\",\"isPartOf\":{\"@id\":\"https:\/\/web.consaguirre.com.ar\/noticias\/audioslave-anuncia-nuevos-formatos-out-of-exile\/\"},\"author\":{\"name\":\"Javier Figueroa\",\"@id\":\"https:\/\/web.consaguirre.com.ar\/noticias\/#\/schema\/person\/6558b0cfedee7ddc5425602b237d5722\"},\"headline\":\"Audioslave anuncia nuevos formatos &#8216;Out of Exile&#8217;\",\"datePublished\":\"2026-04-14T14:38:53+00:00\",\"dateModified\":\"2026-04-14T14:38:54+00:00\",\"mainEntityOfPage\":{\"@id\":\"https:\/\/web.consaguirre.com.ar\/noticias\/audioslave-anuncia-nuevos-formatos-out-of-exile\/\"},\"wordCount\":389,\"publisher\":{\"@id\":\"https:\/\/web.consaguirre.com.ar\/noticias\/#organization\"},\"image\":{\"@id\":\"https:\/\/web.consaguirre.com.ar\/noticias\/audioslave-anuncia-nuevos-formatos-out-of-exile\/#primaryimage\"},\"thumbnailUrl\":\"https:\/\/web.consaguirre.com.ar\/noticias\/wp-content\/uploads\/2026\/04\/1776177533_Audioslave-anuncia-nuevos-formatos-Out-of-Exile.jpg\",\"keywords\":[\"anuncia\",\"Audioslave\",\"Exile\",\"formatos\",\"nuevos\"],\"articleSection\":[\"El \u00faltimo\"],\"inLanguage\":\"es-AR\"},{\"@type\":\"WebPage\",\"@id\":\"https:\/\/web.consaguirre.com.ar\/noticias\/audioslave-anuncia-nuevos-formatos-out-of-exile\/\",\"url\":\"https:\/\/web.consaguirre.com.ar\/noticias\/audioslave-anuncia-nuevos-formatos-out-of-exile\/\",\"name\":\"Audioslave anuncia nuevos formatos 'Out of Exile'\",\"isPartOf\":{\"@id\":\"https:\/\/web.consaguirre.com.ar\/noticias\/#website\"},\"primaryImageOfPage\":{\"@id\":\"https:\/\/web.consaguirre.com.ar\/noticias\/audioslave-anuncia-nuevos-formatos-out-of-exile\/#primaryimage\"},\"image\":{\"@id\":\"https:\/\/web.consaguirre.com.ar\/noticias\/audioslave-anuncia-nuevos-formatos-out-of-exile\/#primaryimage\"},\"thumbnailUrl\":\"https:\/\/web.consaguirre.com.ar\/noticias\/wp-content\/uploads\/2026\/04\/1776177533_Audioslave-anuncia-nuevos-formatos-Out-of-Exile.jpg\",\"datePublished\":\"2026-04-14T14:38:53+00:00\",\"dateModified\":\"2026-04-14T14:38:54+00:00\",\"breadcrumb\":{\"@id\":\"https:\/\/web.consaguirre.com.ar\/noticias\/audioslave-anuncia-nuevos-formatos-out-of-exile\/#breadcrumb\"},\"inLanguage\":\"es-AR\",\"potentialAction\":[{\"@type\":\"ReadAction\",\"target\":[\"https:\/\/web.consaguirre.com.ar\/noticias\/audioslave-anuncia-nuevos-formatos-out-of-exile\/\"]}]},{\"@type\":\"ImageObject\",\"inLanguage\":\"es-AR\",\"@id\":\"https:\/\/web.consaguirre.com.ar\/noticias\/audioslave-anuncia-nuevos-formatos-out-of-exile\/#primaryimage\",\"url\":\"https:\/\/web.consaguirre.com.ar\/noticias\/wp-content\/uploads\/2026\/04\/1776177533_Audioslave-anuncia-nuevos-formatos-Out-of-Exile.jpg\",\"contentUrl\":\"https:\/\/web.consaguirre.com.ar\/noticias\/wp-content\/uploads\/2026\/04\/1776177533_Audioslave-anuncia-nuevos-formatos-Out-of-Exile.jpg\",\"width\":820,\"height\":820,\"caption\":\"Audioslave Out Of Exile\"},{\"@type\":\"BreadcrumbList\",\"@id\":\"https:\/\/web.consaguirre.com.ar\/noticias\/audioslave-anuncia-nuevos-formatos-out-of-exile\/#breadcrumb\",\"itemListElement\":[{\"@type\":\"ListItem\",\"position\":1,\"name\":\"Inicio\",\"item\":\"https:\/\/web.consaguirre.com.ar\/noticias\/\"},{\"@type\":\"ListItem\",\"position\":2,\"name\":\"Audioslave anuncia nuevos formatos &#8216;Out of Exile&#8217;\"}]},{\"@type\":\"WebSite\",\"@id\":\"https:\/\/web.consaguirre.com.ar\/noticias\/#website\",\"url\":\"https:\/\/web.consaguirre.com.ar\/noticias\/\",\"name\":\"Conservatorio de M\u00fasica Juli\u00e1n Aguirre\",\"description\":\"\",\"publisher\":{\"@id\":\"https:\/\/web.consaguirre.com.ar\/noticias\/#organization\"},\"potentialAction\":[{\"@type\":\"SearchAction\",\"target\":{\"@type\":\"EntryPoint\",\"urlTemplate\":\"https:\/\/web.consaguirre.com.ar\/noticias\/?s={search_term_string}\"},\"query-input\":\"required name=search_term_string\"}],\"inLanguage\":\"es-AR\"},{\"@type\":\"Organization\",\"@id\":\"https:\/\/web.consaguirre.com.ar\/noticias\/#organization\",\"name\":\"Conservatorio de M\u00fasica Juli\u00e1n Aguirre\",\"url\":\"https:\/\/web.consaguirre.com.ar\/noticias\/\",\"logo\":{\"@type\":\"ImageObject\",\"inLanguage\":\"es-AR\",\"@id\":\"https:\/\/web.consaguirre.com.ar\/noticias\/#\/schema\/logo\/image\/\",\"url\":\"https:\/\/web.consaguirre.com.ar\/noticias\/wp-content\/uploads\/2024\/08\/Banner-Aguirre-23.jpg\",\"contentUrl\":\"https:\/\/web.consaguirre.com.ar\/noticias\/wp-content\/uploads\/2024\/08\/Banner-Aguirre-23.jpg\",\"width\":1192,\"height\":600,\"caption\":\"Conservatorio de M\u00fasica Juli\u00e1n Aguirre\"},\"image\":{\"@id\":\"https:\/\/web.consaguirre.com.ar\/noticias\/#\/schema\/logo\/image\/\"}},{\"@type\":\"Person\",\"@id\":\"https:\/\/web.consaguirre.com.ar\/noticias\/#\/schema\/person\/6558b0cfedee7ddc5425602b237d5722\",\"name\":\"Javier Figueroa\",\"image\":{\"@type\":\"ImageObject\",\"inLanguage\":\"es-AR\",\"@id\":\"https:\/\/web.consaguirre.com.ar\/noticias\/#\/schema\/person\/image\/\",\"url\":\"https:\/\/web.consaguirre.com.ar\/noticias\/wp-content\/uploads\/2024\/08\/Consaguirre-scaled.jpg\",\"contentUrl\":\"https:\/\/web.consaguirre.com.ar\/noticias\/wp-content\/uploads\/2024\/08\/Consaguirre-scaled.jpg\",\"caption\":\"Javier Figueroa\"},\"description\":\"Me llamo Javier Figueroa y soy redactor para el sitio oficial del Conservatorio de M\u00fasica Juli\u00e1n Aguirre en Buenos Aires, consaguirre.com. Apasionado por la m\u00fasica y la escritura, me esfuerzo por destacar los talentos y eventos de nuestra prestigiosa instituci\u00f3n. Mi trayectoria se nutre de una profunda admiraci\u00f3n por los artistas, haciendo de cada art\u00edculo una celebraci\u00f3n de la creatividad y la cultura musical.\",\"sameAs\":[\"https:\/\/web.consaguirre.com.ar\/noticias\"]}]}<\/script>\n<!-- \/ Yoast SEO plugin. -->","yoast_head_json":{"title":"Audioslave anuncia nuevos formatos 'Out of Exile'","robots":{"index":"index","follow":"follow","max-snippet":"max-snippet:-1","max-image-preview":"max-image-preview:large","max-video-preview":"max-video-preview:-1"},"canonical":"https:\/\/web.consaguirre.com.ar\/noticias\/audioslave-anuncia-nuevos-formatos-out-of-exile\/","og_locale":"es_ES","og_type":"article","og_title":"Audioslave anuncia nuevos formatos 'Out of Exile'","og_description":"Audioslave lanzar\u00e1 su segundo \u00e1lbum de estudio Fuera del exilio en dos nuevos formatos de vinilo. El disco de 2005 del supergrupo de rock estadounidense","og_url":"https:\/\/web.consaguirre.com.ar\/noticias\/audioslave-anuncia-nuevos-formatos-out-of-exile\/","og_site_name":"Conservatorio de M\u00fasica Juli\u00e1n Aguirre","article_published_time":"2026-04-14T14:38:53+00:00","article_modified_time":"2026-04-14T14:38:54+00:00","og_image":[{"width":820,"height":820,"url":"https:\/\/web.consaguirre.com.ar\/noticias\/wp-content\/uploads\/2026\/04\/1776177533_Audioslave-anuncia-nuevos-formatos-Out-of-Exile.jpg","type":"image\/jpeg"}],"author":"Javier Figueroa","twitter_card":"summary_large_image","twitter_misc":{"Escrito por":"Javier Figueroa","Tiempo de lectura":"2 minutos"},"schema":{"@context":"https:\/\/schema.org","@graph":[{"@type":"Article","@id":"https:\/\/web.consaguirre.com.ar\/noticias\/audioslave-anuncia-nuevos-formatos-out-of-exile\/#article","isPartOf":{"@id":"https:\/\/web.consaguirre.com.ar\/noticias\/audioslave-anuncia-nuevos-formatos-out-of-exile\/"},"author":{"name":"Javier Figueroa","@id":"https:\/\/web.consaguirre.com.ar\/noticias\/#\/schema\/person\/6558b0cfedee7ddc5425602b237d5722"},"headline":"Audioslave anuncia nuevos formatos &#8216;Out of Exile&#8217;","datePublished":"2026-04-14T14:38:53+00:00","dateModified":"2026-04-14T14:38:54+00:00","mainEntityOfPage":{"@id":"https:\/\/web.consaguirre.com.ar\/noticias\/audioslave-anuncia-nuevos-formatos-out-of-exile\/"},"wordCount":389,"publisher":{"@id":"https:\/\/web.consaguirre.com.ar\/noticias\/#organization"},"image":{"@id":"https:\/\/web.consaguirre.com.ar\/noticias\/audioslave-anuncia-nuevos-formatos-out-of-exile\/#primaryimage"},"thumbnailUrl":"https:\/\/web.consaguirre.com.ar\/noticias\/wp-content\/uploads\/2026\/04\/1776177533_Audioslave-anuncia-nuevos-formatos-Out-of-Exile.jpg","keywords":["anuncia","Audioslave","Exile","formatos","nuevos"],"articleSection":["El \u00faltimo"],"inLanguage":"es-AR"},{"@type":"WebPage","@id":"https:\/\/web.consaguirre.com.ar\/noticias\/audioslave-anuncia-nuevos-formatos-out-of-exile\/","url":"https:\/\/web.consaguirre.com.ar\/noticias\/audioslave-anuncia-nuevos-formatos-out-of-exile\/","name":"Audioslave anuncia nuevos formatos 'Out of Exile'","isPartOf":{"@id":"https:\/\/web.consaguirre.com.ar\/noticias\/#website"},"primaryImageOfPage":{"@id":"https:\/\/web.consaguirre.com.ar\/noticias\/audioslave-anuncia-nuevos-formatos-out-of-exile\/#primaryimage"},"image":{"@id":"https:\/\/web.consaguirre.com.ar\/noticias\/audioslave-anuncia-nuevos-formatos-out-of-exile\/#primaryimage"},"thumbnailUrl":"https:\/\/web.consaguirre.com.ar\/noticias\/wp-content\/uploads\/2026\/04\/1776177533_Audioslave-anuncia-nuevos-formatos-Out-of-Exile.jpg","datePublished":"2026-04-14T14:38:53+00:00","dateModified":"2026-04-14T14:38:54+00:00","breadcrumb":{"@id":"https:\/\/web.consaguirre.com.ar\/noticias\/audioslave-anuncia-nuevos-formatos-out-of-exile\/#breadcrumb"},"inLanguage":"es-AR","potentialAction":[{"@type":"ReadAction","target":["https:\/\/web.consaguirre.com.ar\/noticias\/audioslave-anuncia-nuevos-formatos-out-of-exile\/"]}]},{"@type":"ImageObject","inLanguage":"es-AR","@id":"https:\/\/web.consaguirre.com.ar\/noticias\/audioslave-anuncia-nuevos-formatos-out-of-exile\/#primaryimage","url":"https:\/\/web.consaguirre.com.ar\/noticias\/wp-content\/uploads\/2026\/04\/1776177533_Audioslave-anuncia-nuevos-formatos-Out-of-Exile.jpg","contentUrl":"https:\/\/web.consaguirre.com.ar\/noticias\/wp-content\/uploads\/2026\/04\/1776177533_Audioslave-anuncia-nuevos-formatos-Out-of-Exile.jpg","width":820,"height":820,"caption":"Audioslave Out Of Exile"},{"@type":"BreadcrumbList","@id":"https:\/\/web.consaguirre.com.ar\/noticias\/audioslave-anuncia-nuevos-formatos-out-of-exile\/#breadcrumb","itemListElement":[{"@type":"ListItem","position":1,"name":"Inicio","item":"https:\/\/web.consaguirre.com.ar\/noticias\/"},{"@type":"ListItem","position":2,"name":"Audioslave anuncia nuevos formatos &#8216;Out of Exile&#8217;"}]},{"@type":"WebSite","@id":"https:\/\/web.consaguirre.com.ar\/noticias\/#website","url":"https:\/\/web.consaguirre.com.ar\/noticias\/","name":"Conservatorio de M\u00fasica Juli\u00e1n Aguirre","description":"","publisher":{"@id":"https:\/\/web.consaguirre.com.ar\/noticias\/#organization"},"potentialAction":[{"@type":"SearchAction","target":{"@type":"EntryPoint","urlTemplate":"https:\/\/web.consaguirre.com.ar\/noticias\/?s={search_term_string}"},"query-input":"required name=search_term_string"}],"inLanguage":"es-AR"},{"@type":"Organization","@id":"https:\/\/web.consaguirre.com.ar\/noticias\/#organization","name":"Conservatorio de M\u00fasica Juli\u00e1n Aguirre","url":"https:\/\/web.consaguirre.com.ar\/noticias\/","logo":{"@type":"ImageObject","inLanguage":"es-AR","@id":"https:\/\/web.consaguirre.com.ar\/noticias\/#\/schema\/logo\/image\/","url":"https:\/\/web.consaguirre.com.ar\/noticias\/wp-content\/uploads\/2024\/08\/Banner-Aguirre-23.jpg","contentUrl":"https:\/\/web.consaguirre.com.ar\/noticias\/wp-content\/uploads\/2024\/08\/Banner-Aguirre-23.jpg","width":1192,"height":600,"caption":"Conservatorio de M\u00fasica Juli\u00e1n Aguirre"},"image":{"@id":"https:\/\/web.consaguirre.com.ar\/noticias\/#\/schema\/logo\/image\/"}},{"@type":"Person","@id":"https:\/\/web.consaguirre.com.ar\/noticias\/#\/schema\/person\/6558b0cfedee7ddc5425602b237d5722","name":"Javier Figueroa","image":{"@type":"ImageObject","inLanguage":"es-AR","@id":"https:\/\/web.consaguirre.com.ar\/noticias\/#\/schema\/person\/image\/","url":"https:\/\/web.consaguirre.com.ar\/noticias\/wp-content\/uploads\/2024\/08\/Consaguirre-scaled.jpg","contentUrl":"https:\/\/web.consaguirre.com.ar\/noticias\/wp-content\/uploads\/2024\/08\/Consaguirre-scaled.jpg","caption":"Javier Figueroa"},"description":"Me llamo Javier Figueroa y soy redactor para el sitio oficial del Conservatorio de M\u00fasica Juli\u00e1n Aguirre en Buenos Aires, consaguirre.com. Apasionado por la m\u00fasica y la escritura, me esfuerzo por destacar los talentos y eventos de nuestra prestigiosa instituci\u00f3n. Mi trayectoria se nutre de una profunda admiraci\u00f3n por los artistas, haciendo de cada art\u00edculo una celebraci\u00f3n de la creatividad y la cultura musical.","sameAs":["https:\/\/web.consaguirre.com.ar\/noticias"]}]}},"_links":{"self":[{"href":"https:\/\/web.consaguirre.com.ar\/noticias\/wp-json\/wp\/v2\/posts\/5650"}],"collection":[{"href":"https:\/\/web.consaguirre.com.ar\/noticias\/wp-json\/wp\/v2\/posts"}],"about":[{"href":"https:\/\/web.consaguirre.com.ar\/noticias\/wp-json\/wp\/v2\/types\/post"}],"author":[{"embeddable":true,"href":"https:\/\/web.consaguirre.com.ar\/noticias\/wp-json\/wp\/v2\/users\/1"}],"replies":[{"embeddable":true,"href":"https:\/\/web.consaguirre.com.ar\/noticias\/wp-json\/wp\/v2\/comments?post=5650"}],"version-history":[{"count":1,"href":"https:\/\/web.consaguirre.com.ar\/noticias\/wp-json\/wp\/v2\/posts\/5650\/revisions"}],"predecessor-version":[{"id":5652,"href":"https:\/\/web.consaguirre.com.ar\/noticias\/wp-json\/wp\/v2\/posts\/5650\/revisions\/5652"}],"wp:featuredmedia":[{"embeddable":true,"href":"https:\/\/web.consaguirre.com.ar\/noticias\/wp-json\/wp\/v2\/media\/5651"}],"wp:attachment":[{"href":"https:\/\/web.consaguirre.com.ar\/noticias\/wp-json\/wp\/v2\/media?parent=5650"}],"wp:term":[{"taxonomy":"category","embeddable":true,"href":"https:\/\/web.consaguirre.com.ar\/noticias\/wp-json\/wp\/v2\/categories?post=5650"},{"taxonomy":"post_tag","embeddable":true,"href":"https:\/\/web.consaguirre.com.ar\/noticias\/wp-json\/wp\/v2\/tags?post=5650"}],"curies":[{"name":"wp","href":"https:\/\/api.w.org\/{rel}","templated":true}]}}