{"id":565,"date":"2024-09-12T19:57:37","date_gmt":"2024-09-12T22:57:37","guid":{"rendered":"https:\/\/web.consaguirre.com.ar\/noticias\/audible-anuncia-the-wonder-of-stevie-un-podcast-que-explora-la-carrera-de-stevie-wonder\/"},"modified":"2024-09-12T19:57:39","modified_gmt":"2024-09-12T22:57:39","slug":"audible-anuncia-the-wonder-of-stevie-un-podcast-que-explora-la-carrera-de-stevie-wonder","status":"publish","type":"post","link":"https:\/\/web.consaguirre.com.ar\/noticias\/audible-anuncia-the-wonder-of-stevie-un-podcast-que-explora-la-carrera-de-stevie-wonder\/","title":{"rendered":"Audible anuncia &#8216;The Wonder of Stevie&#8217;, un podcast que explora la carrera de Stevie Wonder"},"content":{"rendered":"<p>Audible y Higher Ground, la productora fundada por <span style=\"font-weight: 400\">El presidente Barack Obama y Michelle Obama anunciaron una nueva serie de podcast de siete episodios <em>La maravilla de Stevie<\/em>explorando el trabajo y el legado del \u00edcono de la m\u00fasica. <strong>Stevie Wonder<\/strong>El podcast fue producido por Higher Ground junto con <strong>Amor de b\u00fasqueda<\/strong> a trav\u00e9s de su sello Two One Five Entertainment y con la producci\u00f3n ejecutiva del propio Stevie Wonder. El primer episodio se estren\u00f3 junto con el anuncio y ya est\u00e1 disponible en Audible. <\/span><\/p>\n<p>La serie se centrar\u00e1 en Wonder. <span style=\"font-weight: 400\">\u201cPer\u00edodo cl\u00e1sico\u201d, de 1972 a 1976, cuando lanz\u00f3 una serie de cinco \u00e1lbumes que le valieron m\u00e1s de media docena de premios Grammy y m\u00e1s de 10 millones de ventas, consolidando su lugar en la historia de la m\u00fasica estadounidense. El programa es presentado por el cr\u00edtico cultural ganador de dos premios Pulitzer, Wesley Morris, y cuenta con un elenco de invitados repleto de estrellas. Adem\u00e1s de conversaciones exclusivas con Wonder, el programa contar\u00e1 con productores <\/span><span style=\"font-weight: 400\">Presidente <\/span>Barack Obama,<span style=\"font-weight: 400\"> <\/span>Michelle Obama<span style=\"font-weight: 400\">y <\/span>Ahmir \u201cQuestlove\u201d Thompson,<span style=\"font-weight: 400\"> m\u00fasicos famosos <\/span><strong>Robinson ahumado<\/strong>, <strong>Dionne Warwick<\/strong>Rey Britt, <strong>Cara de bebe<\/strong>Bob Margouleff, Jimmy Jam, Ray Parker Jr., Janelle Mon\u00e1e, Mereba, Yolanda Adams, Greg Phillinganes, Rick McLaughlin, Will Butler, Deniece Williams<span style=\"font-weight: 400\">periodistas <\/span>Robert Christgau, Maureen Orth y Alex Pappademas <span style=\"font-weight: 400\">y <\/span>Breta\u00f1a Luse, <span style=\"font-weight: 400\">curador de arte <\/span>Thelma Dorada, <span style=\"font-weight: 400\">artista <\/span>Lorna Simpson<span style=\"font-weight: 400\">activist <\/span>Michaela Angela Davis<span style=\"font-weight: 400\">y legendario ejecutivo del entretenimiento <\/span>Suzanne de Passe.<\/p>\n<p>El programa culminar\u00e1 con un episodio final en el que Stevie se unir\u00e1 al presidente Obama y a Wesley Morris en el estudio para reflexionar sobre el legado de esos a\u00f1os. <span style=\"font-weight: 400\">El presidente Obama y Stevie Wonder incluso cantan <\/span><i><span style=\"font-weight: 400\">Dama dorada <\/span><\/i><span style=\"font-weight: 400\">juntos. <\/span><\/p>\n<p><span style=\"font-weight: 400\">El expresidente comparti\u00f3: <\/span><span style=\"font-weight: 400\">\u201cEl primer \u00e1lbum que compr\u00e9 con mi propio dinero fue <\/span><i><span style=\"font-weight: 400\"><strong>Libro parlante<\/strong>, <\/span><\/i><span style=\"font-weight: 400\">de Stevie Wonder. Desde entonces, su m\u00fasica ha aportado calidez y humanidad a mi vida, al igual que a la de muchos otros. Con una incre\u00edble variedad de artistas, expertos y la leyenda en persona, este podcast te permite apreciar a\u00fan m\u00e1s el genio de Stevie y su impacto en la cultura estadounidense\u201d. <\/span><\/p>\n<p><strong>Escuchar <em>La maravilla de<\/em> <em>Stevie<\/em> ahora.<\/strong><\/p><\/p>\n","protected":false},"excerpt":{"rendered":"<p>Audible y Higher Ground, la productora fundada por El presidente Barack Obama y Michelle Obama anunciaron una nueva serie de podcast de siete episodios La<\/p>\n","protected":false},"author":1,"featured_media":566,"comment_status":"closed","ping_status":"","sticky":false,"template":"","format":"standard","meta":{"footnotes":""},"categories":[50],"tags":[56,648,650,649,357,446],"class_list":["post-565","post","type-post","status-publish","format-standard","has-post-thumbnail","hentry","category-el-ultimo","tag-anuncia","tag-audible","tag-carrera","tag-explora","tag-podcast","tag-stevie","generate-columns","tablet-grid-50","mobile-grid-100","grid-parent","grid-50"],"yoast_head":"<!-- This site is optimized with the Yoast SEO plugin v23.3 - https:\/\/yoast.com\/wordpress\/plugins\/seo\/ -->\n<title>Audible anuncia &#039;The Wonder of Stevie&#039;, un podcast que explora la carrera de Stevie Wonder<\/title>\n<meta name=\"robots\" content=\"index, follow, max-snippet:-1, max-image-preview:large, max-video-preview:-1\" \/>\n<link rel=\"canonical\" href=\"https:\/\/web.consaguirre.com.ar\/noticias\/audible-anuncia-the-wonder-of-stevie-un-podcast-que-explora-la-carrera-de-stevie-wonder\/\" \/>\n<meta property=\"og:locale\" content=\"es_ES\" \/>\n<meta property=\"og:type\" content=\"article\" \/>\n<meta property=\"og:title\" content=\"Audible anuncia &#039;The Wonder of Stevie&#039;, un podcast que explora la carrera de Stevie Wonder\" \/>\n<meta property=\"og:description\" content=\"Audible y Higher Ground, la productora fundada por El presidente Barack Obama y Michelle Obama anunciaron una nueva serie de podcast de siete episodios La\" \/>\n<meta property=\"og:url\" content=\"https:\/\/web.consaguirre.com.ar\/noticias\/audible-anuncia-the-wonder-of-stevie-un-podcast-que-explora-la-carrera-de-stevie-wonder\/\" \/>\n<meta property=\"og:site_name\" content=\"Conservatorio de M\u00fasica Juli\u00e1n Aguirre\" \/>\n<meta property=\"article:published_time\" content=\"2024-09-12T22:57:37+00:00\" \/>\n<meta property=\"article:modified_time\" content=\"2024-09-12T22:57:39+00:00\" \/>\n<meta property=\"og:image\" content=\"https:\/\/web.consaguirre.com.ar\/noticias\/wp-content\/uploads\/2024\/09\/Audible-anuncia-The-Wonder-of-Stevie-un-podcast-que-explora.jpg\" \/>\n\t<meta property=\"og:image:width\" content=\"1440\" \/>\n\t<meta property=\"og:image:height\" content=\"864\" \/>\n\t<meta property=\"og:image:type\" content=\"image\/jpeg\" \/>\n<meta name=\"author\" content=\"Javier Figueroa\" \/>\n<meta name=\"twitter:card\" content=\"summary_large_image\" \/>\n<meta name=\"twitter:label1\" content=\"Escrito por\" \/>\n\t<meta name=\"twitter:data1\" content=\"Javier Figueroa\" \/>\n\t<meta name=\"twitter:label2\" content=\"Tiempo de lectura\" \/>\n\t<meta name=\"twitter:data2\" content=\"2 minutos\" \/>\n<script type=\"application\/ld+json\" class=\"yoast-schema-graph\">{\"@context\":\"https:\/\/schema.org\",\"@graph\":[{\"@type\":\"Article\",\"@id\":\"https:\/\/web.consaguirre.com.ar\/noticias\/audible-anuncia-the-wonder-of-stevie-un-podcast-que-explora-la-carrera-de-stevie-wonder\/#article\",\"isPartOf\":{\"@id\":\"https:\/\/web.consaguirre.com.ar\/noticias\/audible-anuncia-the-wonder-of-stevie-un-podcast-que-explora-la-carrera-de-stevie-wonder\/\"},\"author\":{\"name\":\"Javier Figueroa\",\"@id\":\"https:\/\/web.consaguirre.com.ar\/noticias\/#\/schema\/person\/6558b0cfedee7ddc5425602b237d5722\"},\"headline\":\"Audible anuncia &#8216;The Wonder of Stevie&#8217;, un podcast que explora la carrera de Stevie Wonder\",\"datePublished\":\"2024-09-12T22:57:37+00:00\",\"dateModified\":\"2024-09-12T22:57:39+00:00\",\"mainEntityOfPage\":{\"@id\":\"https:\/\/web.consaguirre.com.ar\/noticias\/audible-anuncia-the-wonder-of-stevie-un-podcast-que-explora-la-carrera-de-stevie-wonder\/\"},\"wordCount\":378,\"publisher\":{\"@id\":\"https:\/\/web.consaguirre.com.ar\/noticias\/#organization\"},\"image\":{\"@id\":\"https:\/\/web.consaguirre.com.ar\/noticias\/audible-anuncia-the-wonder-of-stevie-un-podcast-que-explora-la-carrera-de-stevie-wonder\/#primaryimage\"},\"thumbnailUrl\":\"https:\/\/web.consaguirre.com.ar\/noticias\/wp-content\/uploads\/2024\/09\/Audible-anuncia-The-Wonder-of-Stevie-un-podcast-que-explora.jpg\",\"keywords\":[\"anuncia\",\"Audible\",\"carrera\",\"explora\",\"podcast\",\"Stevie\"],\"articleSection\":[\"El \u00faltimo\"],\"inLanguage\":\"es-AR\"},{\"@type\":\"WebPage\",\"@id\":\"https:\/\/web.consaguirre.com.ar\/noticias\/audible-anuncia-the-wonder-of-stevie-un-podcast-que-explora-la-carrera-de-stevie-wonder\/\",\"url\":\"https:\/\/web.consaguirre.com.ar\/noticias\/audible-anuncia-the-wonder-of-stevie-un-podcast-que-explora-la-carrera-de-stevie-wonder\/\",\"name\":\"Audible anuncia 'The Wonder of Stevie', un podcast que explora la carrera de Stevie Wonder\",\"isPartOf\":{\"@id\":\"https:\/\/web.consaguirre.com.ar\/noticias\/#website\"},\"primaryImageOfPage\":{\"@id\":\"https:\/\/web.consaguirre.com.ar\/noticias\/audible-anuncia-the-wonder-of-stevie-un-podcast-que-explora-la-carrera-de-stevie-wonder\/#primaryimage\"},\"image\":{\"@id\":\"https:\/\/web.consaguirre.com.ar\/noticias\/audible-anuncia-the-wonder-of-stevie-un-podcast-que-explora-la-carrera-de-stevie-wonder\/#primaryimage\"},\"thumbnailUrl\":\"https:\/\/web.consaguirre.com.ar\/noticias\/wp-content\/uploads\/2024\/09\/Audible-anuncia-The-Wonder-of-Stevie-un-podcast-que-explora.jpg\",\"datePublished\":\"2024-09-12T22:57:37+00:00\",\"dateModified\":\"2024-09-12T22:57:39+00:00\",\"breadcrumb\":{\"@id\":\"https:\/\/web.consaguirre.com.ar\/noticias\/audible-anuncia-the-wonder-of-stevie-un-podcast-que-explora-la-carrera-de-stevie-wonder\/#breadcrumb\"},\"inLanguage\":\"es-AR\",\"potentialAction\":[{\"@type\":\"ReadAction\",\"target\":[\"https:\/\/web.consaguirre.com.ar\/noticias\/audible-anuncia-the-wonder-of-stevie-un-podcast-que-explora-la-carrera-de-stevie-wonder\/\"]}]},{\"@type\":\"ImageObject\",\"inLanguage\":\"es-AR\",\"@id\":\"https:\/\/web.consaguirre.com.ar\/noticias\/audible-anuncia-the-wonder-of-stevie-un-podcast-que-explora-la-carrera-de-stevie-wonder\/#primaryimage\",\"url\":\"https:\/\/web.consaguirre.com.ar\/noticias\/wp-content\/uploads\/2024\/09\/Audible-anuncia-The-Wonder-of-Stevie-un-podcast-que-explora.jpg\",\"contentUrl\":\"https:\/\/web.consaguirre.com.ar\/noticias\/wp-content\/uploads\/2024\/09\/Audible-anuncia-The-Wonder-of-Stevie-un-podcast-que-explora.jpg\",\"width\":1440,\"height\":864,\"caption\":\"Audible anuncia 'The Wonder of Stevie', un podcast que explora la carrera de Stevie Wonder\"},{\"@type\":\"BreadcrumbList\",\"@id\":\"https:\/\/web.consaguirre.com.ar\/noticias\/audible-anuncia-the-wonder-of-stevie-un-podcast-que-explora-la-carrera-de-stevie-wonder\/#breadcrumb\",\"itemListElement\":[{\"@type\":\"ListItem\",\"position\":1,\"name\":\"Inicio\",\"item\":\"https:\/\/web.consaguirre.com.ar\/noticias\/\"},{\"@type\":\"ListItem\",\"position\":2,\"name\":\"Audible anuncia &#8216;The Wonder of Stevie&#8217;, un podcast que explora la carrera de Stevie Wonder\"}]},{\"@type\":\"WebSite\",\"@id\":\"https:\/\/web.consaguirre.com.ar\/noticias\/#website\",\"url\":\"https:\/\/web.consaguirre.com.ar\/noticias\/\",\"name\":\"Conservatorio de M\u00fasica Juli\u00e1n Aguirre\",\"description\":\"\",\"publisher\":{\"@id\":\"https:\/\/web.consaguirre.com.ar\/noticias\/#organization\"},\"potentialAction\":[{\"@type\":\"SearchAction\",\"target\":{\"@type\":\"EntryPoint\",\"urlTemplate\":\"https:\/\/web.consaguirre.com.ar\/noticias\/?s={search_term_string}\"},\"query-input\":\"required name=search_term_string\"}],\"inLanguage\":\"es-AR\"},{\"@type\":\"Organization\",\"@id\":\"https:\/\/web.consaguirre.com.ar\/noticias\/#organization\",\"name\":\"Conservatorio de M\u00fasica Juli\u00e1n Aguirre\",\"url\":\"https:\/\/web.consaguirre.com.ar\/noticias\/\",\"logo\":{\"@type\":\"ImageObject\",\"inLanguage\":\"es-AR\",\"@id\":\"https:\/\/web.consaguirre.com.ar\/noticias\/#\/schema\/logo\/image\/\",\"url\":\"https:\/\/web.consaguirre.com.ar\/noticias\/wp-content\/uploads\/2024\/08\/Banner-Aguirre-23.jpg\",\"contentUrl\":\"https:\/\/web.consaguirre.com.ar\/noticias\/wp-content\/uploads\/2024\/08\/Banner-Aguirre-23.jpg\",\"width\":1192,\"height\":600,\"caption\":\"Conservatorio de M\u00fasica Juli\u00e1n Aguirre\"},\"image\":{\"@id\":\"https:\/\/web.consaguirre.com.ar\/noticias\/#\/schema\/logo\/image\/\"}},{\"@type\":\"Person\",\"@id\":\"https:\/\/web.consaguirre.com.ar\/noticias\/#\/schema\/person\/6558b0cfedee7ddc5425602b237d5722\",\"name\":\"Javier Figueroa\",\"image\":{\"@type\":\"ImageObject\",\"inLanguage\":\"es-AR\",\"@id\":\"https:\/\/web.consaguirre.com.ar\/noticias\/#\/schema\/person\/image\/\",\"url\":\"https:\/\/web.consaguirre.com.ar\/noticias\/wp-content\/uploads\/2024\/08\/Consaguirre-scaled.jpg\",\"contentUrl\":\"https:\/\/web.consaguirre.com.ar\/noticias\/wp-content\/uploads\/2024\/08\/Consaguirre-scaled.jpg\",\"caption\":\"Javier Figueroa\"},\"description\":\"Me llamo Javier Figueroa y soy redactor para el sitio oficial del Conservatorio de M\u00fasica Juli\u00e1n Aguirre en Buenos Aires, consaguirre.com. Apasionado por la m\u00fasica y la escritura, me esfuerzo por destacar los talentos y eventos de nuestra prestigiosa instituci\u00f3n. Mi trayectoria se nutre de una profunda admiraci\u00f3n por los artistas, haciendo de cada art\u00edculo una celebraci\u00f3n de la creatividad y la cultura musical.\",\"sameAs\":[\"https:\/\/web.consaguirre.com.ar\/noticias\"]}]}<\/script>\n<!-- \/ Yoast SEO plugin. -->","yoast_head_json":{"title":"Audible anuncia 'The Wonder of Stevie', un podcast que explora la carrera de Stevie Wonder","robots":{"index":"index","follow":"follow","max-snippet":"max-snippet:-1","max-image-preview":"max-image-preview:large","max-video-preview":"max-video-preview:-1"},"canonical":"https:\/\/web.consaguirre.com.ar\/noticias\/audible-anuncia-the-wonder-of-stevie-un-podcast-que-explora-la-carrera-de-stevie-wonder\/","og_locale":"es_ES","og_type":"article","og_title":"Audible anuncia 'The Wonder of Stevie', un podcast que explora la carrera de Stevie Wonder","og_description":"Audible y Higher Ground, la productora fundada por El presidente Barack Obama y Michelle Obama anunciaron una nueva serie de podcast de siete episodios La","og_url":"https:\/\/web.consaguirre.com.ar\/noticias\/audible-anuncia-the-wonder-of-stevie-un-podcast-que-explora-la-carrera-de-stevie-wonder\/","og_site_name":"Conservatorio de M\u00fasica Juli\u00e1n Aguirre","article_published_time":"2024-09-12T22:57:37+00:00","article_modified_time":"2024-09-12T22:57:39+00:00","og_image":[{"width":1440,"height":864,"url":"https:\/\/web.consaguirre.com.ar\/noticias\/wp-content\/uploads\/2024\/09\/Audible-anuncia-The-Wonder-of-Stevie-un-podcast-que-explora.jpg","type":"image\/jpeg"}],"author":"Javier Figueroa","twitter_card":"summary_large_image","twitter_misc":{"Escrito por":"Javier Figueroa","Tiempo de lectura":"2 minutos"},"schema":{"@context":"https:\/\/schema.org","@graph":[{"@type":"Article","@id":"https:\/\/web.consaguirre.com.ar\/noticias\/audible-anuncia-the-wonder-of-stevie-un-podcast-que-explora-la-carrera-de-stevie-wonder\/#article","isPartOf":{"@id":"https:\/\/web.consaguirre.com.ar\/noticias\/audible-anuncia-the-wonder-of-stevie-un-podcast-que-explora-la-carrera-de-stevie-wonder\/"},"author":{"name":"Javier Figueroa","@id":"https:\/\/web.consaguirre.com.ar\/noticias\/#\/schema\/person\/6558b0cfedee7ddc5425602b237d5722"},"headline":"Audible anuncia &#8216;The Wonder of Stevie&#8217;, un podcast que explora la carrera de Stevie Wonder","datePublished":"2024-09-12T22:57:37+00:00","dateModified":"2024-09-12T22:57:39+00:00","mainEntityOfPage":{"@id":"https:\/\/web.consaguirre.com.ar\/noticias\/audible-anuncia-the-wonder-of-stevie-un-podcast-que-explora-la-carrera-de-stevie-wonder\/"},"wordCount":378,"publisher":{"@id":"https:\/\/web.consaguirre.com.ar\/noticias\/#organization"},"image":{"@id":"https:\/\/web.consaguirre.com.ar\/noticias\/audible-anuncia-the-wonder-of-stevie-un-podcast-que-explora-la-carrera-de-stevie-wonder\/#primaryimage"},"thumbnailUrl":"https:\/\/web.consaguirre.com.ar\/noticias\/wp-content\/uploads\/2024\/09\/Audible-anuncia-The-Wonder-of-Stevie-un-podcast-que-explora.jpg","keywords":["anuncia","Audible","carrera","explora","podcast","Stevie"],"articleSection":["El \u00faltimo"],"inLanguage":"es-AR"},{"@type":"WebPage","@id":"https:\/\/web.consaguirre.com.ar\/noticias\/audible-anuncia-the-wonder-of-stevie-un-podcast-que-explora-la-carrera-de-stevie-wonder\/","url":"https:\/\/web.consaguirre.com.ar\/noticias\/audible-anuncia-the-wonder-of-stevie-un-podcast-que-explora-la-carrera-de-stevie-wonder\/","name":"Audible anuncia 'The Wonder of Stevie', un podcast que explora la carrera de Stevie Wonder","isPartOf":{"@id":"https:\/\/web.consaguirre.com.ar\/noticias\/#website"},"primaryImageOfPage":{"@id":"https:\/\/web.consaguirre.com.ar\/noticias\/audible-anuncia-the-wonder-of-stevie-un-podcast-que-explora-la-carrera-de-stevie-wonder\/#primaryimage"},"image":{"@id":"https:\/\/web.consaguirre.com.ar\/noticias\/audible-anuncia-the-wonder-of-stevie-un-podcast-que-explora-la-carrera-de-stevie-wonder\/#primaryimage"},"thumbnailUrl":"https:\/\/web.consaguirre.com.ar\/noticias\/wp-content\/uploads\/2024\/09\/Audible-anuncia-The-Wonder-of-Stevie-un-podcast-que-explora.jpg","datePublished":"2024-09-12T22:57:37+00:00","dateModified":"2024-09-12T22:57:39+00:00","breadcrumb":{"@id":"https:\/\/web.consaguirre.com.ar\/noticias\/audible-anuncia-the-wonder-of-stevie-un-podcast-que-explora-la-carrera-de-stevie-wonder\/#breadcrumb"},"inLanguage":"es-AR","potentialAction":[{"@type":"ReadAction","target":["https:\/\/web.consaguirre.com.ar\/noticias\/audible-anuncia-the-wonder-of-stevie-un-podcast-que-explora-la-carrera-de-stevie-wonder\/"]}]},{"@type":"ImageObject","inLanguage":"es-AR","@id":"https:\/\/web.consaguirre.com.ar\/noticias\/audible-anuncia-the-wonder-of-stevie-un-podcast-que-explora-la-carrera-de-stevie-wonder\/#primaryimage","url":"https:\/\/web.consaguirre.com.ar\/noticias\/wp-content\/uploads\/2024\/09\/Audible-anuncia-The-Wonder-of-Stevie-un-podcast-que-explora.jpg","contentUrl":"https:\/\/web.consaguirre.com.ar\/noticias\/wp-content\/uploads\/2024\/09\/Audible-anuncia-The-Wonder-of-Stevie-un-podcast-que-explora.jpg","width":1440,"height":864,"caption":"Audible anuncia 'The Wonder of Stevie', un podcast que explora la carrera de Stevie Wonder"},{"@type":"BreadcrumbList","@id":"https:\/\/web.consaguirre.com.ar\/noticias\/audible-anuncia-the-wonder-of-stevie-un-podcast-que-explora-la-carrera-de-stevie-wonder\/#breadcrumb","itemListElement":[{"@type":"ListItem","position":1,"name":"Inicio","item":"https:\/\/web.consaguirre.com.ar\/noticias\/"},{"@type":"ListItem","position":2,"name":"Audible anuncia &#8216;The Wonder of Stevie&#8217;, un podcast que explora la carrera de Stevie Wonder"}]},{"@type":"WebSite","@id":"https:\/\/web.consaguirre.com.ar\/noticias\/#website","url":"https:\/\/web.consaguirre.com.ar\/noticias\/","name":"Conservatorio de M\u00fasica Juli\u00e1n Aguirre","description":"","publisher":{"@id":"https:\/\/web.consaguirre.com.ar\/noticias\/#organization"},"potentialAction":[{"@type":"SearchAction","target":{"@type":"EntryPoint","urlTemplate":"https:\/\/web.consaguirre.com.ar\/noticias\/?s={search_term_string}"},"query-input":"required name=search_term_string"}],"inLanguage":"es-AR"},{"@type":"Organization","@id":"https:\/\/web.consaguirre.com.ar\/noticias\/#organization","name":"Conservatorio de M\u00fasica Juli\u00e1n Aguirre","url":"https:\/\/web.consaguirre.com.ar\/noticias\/","logo":{"@type":"ImageObject","inLanguage":"es-AR","@id":"https:\/\/web.consaguirre.com.ar\/noticias\/#\/schema\/logo\/image\/","url":"https:\/\/web.consaguirre.com.ar\/noticias\/wp-content\/uploads\/2024\/08\/Banner-Aguirre-23.jpg","contentUrl":"https:\/\/web.consaguirre.com.ar\/noticias\/wp-content\/uploads\/2024\/08\/Banner-Aguirre-23.jpg","width":1192,"height":600,"caption":"Conservatorio de M\u00fasica Juli\u00e1n Aguirre"},"image":{"@id":"https:\/\/web.consaguirre.com.ar\/noticias\/#\/schema\/logo\/image\/"}},{"@type":"Person","@id":"https:\/\/web.consaguirre.com.ar\/noticias\/#\/schema\/person\/6558b0cfedee7ddc5425602b237d5722","name":"Javier Figueroa","image":{"@type":"ImageObject","inLanguage":"es-AR","@id":"https:\/\/web.consaguirre.com.ar\/noticias\/#\/schema\/person\/image\/","url":"https:\/\/web.consaguirre.com.ar\/noticias\/wp-content\/uploads\/2024\/08\/Consaguirre-scaled.jpg","contentUrl":"https:\/\/web.consaguirre.com.ar\/noticias\/wp-content\/uploads\/2024\/08\/Consaguirre-scaled.jpg","caption":"Javier Figueroa"},"description":"Me llamo Javier Figueroa y soy redactor para el sitio oficial del Conservatorio de M\u00fasica Juli\u00e1n Aguirre en Buenos Aires, consaguirre.com. Apasionado por la m\u00fasica y la escritura, me esfuerzo por destacar los talentos y eventos de nuestra prestigiosa instituci\u00f3n. Mi trayectoria se nutre de una profunda admiraci\u00f3n por los artistas, haciendo de cada art\u00edculo una celebraci\u00f3n de la creatividad y la cultura musical.","sameAs":["https:\/\/web.consaguirre.com.ar\/noticias"]}]}},"_links":{"self":[{"href":"https:\/\/web.consaguirre.com.ar\/noticias\/wp-json\/wp\/v2\/posts\/565"}],"collection":[{"href":"https:\/\/web.consaguirre.com.ar\/noticias\/wp-json\/wp\/v2\/posts"}],"about":[{"href":"https:\/\/web.consaguirre.com.ar\/noticias\/wp-json\/wp\/v2\/types\/post"}],"author":[{"embeddable":true,"href":"https:\/\/web.consaguirre.com.ar\/noticias\/wp-json\/wp\/v2\/users\/1"}],"replies":[{"embeddable":true,"href":"https:\/\/web.consaguirre.com.ar\/noticias\/wp-json\/wp\/v2\/comments?post=565"}],"version-history":[{"count":1,"href":"https:\/\/web.consaguirre.com.ar\/noticias\/wp-json\/wp\/v2\/posts\/565\/revisions"}],"predecessor-version":[{"id":567,"href":"https:\/\/web.consaguirre.com.ar\/noticias\/wp-json\/wp\/v2\/posts\/565\/revisions\/567"}],"wp:featuredmedia":[{"embeddable":true,"href":"https:\/\/web.consaguirre.com.ar\/noticias\/wp-json\/wp\/v2\/media\/566"}],"wp:attachment":[{"href":"https:\/\/web.consaguirre.com.ar\/noticias\/wp-json\/wp\/v2\/media?parent=565"}],"wp:term":[{"taxonomy":"category","embeddable":true,"href":"https:\/\/web.consaguirre.com.ar\/noticias\/wp-json\/wp\/v2\/categories?post=565"},{"taxonomy":"post_tag","embeddable":true,"href":"https:\/\/web.consaguirre.com.ar\/noticias\/wp-json\/wp\/v2\/tags?post=565"}],"curies":[{"name":"wp","href":"https:\/\/api.w.org\/{rel}","templated":true}]}}