{"id":5644,"date":"2026-04-13T23:38:53","date_gmt":"2026-04-14T02:38:53","guid":{"rendered":"https:\/\/web.consaguirre.com.ar\/noticias\/ebony-riley-lanza-el-album-beautiful-tragedy\/"},"modified":"2026-04-13T23:38:54","modified_gmt":"2026-04-14T02:38:54","slug":"ebony-riley-lanza-el-album-beautiful-tragedy","status":"publish","type":"post","link":"https:\/\/web.consaguirre.com.ar\/noticias\/ebony-riley-lanza-el-album-beautiful-tragedy\/","title":{"rendered":"Ebony Riley lanza el \u00e1lbum &#8216;Beautiful Tragedy&#8217;"},"content":{"rendered":"<p>Ebony Riley ha lanzado la reserva de su \u00e1lbum debut <i>Hermosa tragedia<\/i>revelando el arte oficial del proyecto y compartiendo una nueva canci\u00f3n, \u201cThrough The Motions (Interlude)\u201d. El lanzamiento tambi\u00e9n incluye un avance en blanco y negro que presenta los temas y las im\u00e1genes detr\u00e1s del \u00e1lbum.<\/p>\n<p>La obra de arte recientemente revelada muestra a Riley sentada encima de una pila de prendas, haciendo referencia a su experiencia en la moda y al mismo tiempo se\u00f1alando un cambio hacia su trabajo como artista discogr\u00e1fica. La imagen conecta su carrera anterior con su enfoque actual en la m\u00fasica, trazando una l\u00ednea entre esos dos cap\u00edtulos. Los fan\u00e1ticos que reserven el \u00e1lbum recibir\u00e1n acceso inmediato a \u201cThrough The Motions (Interlude)\u201d, una breve pieza construida en torno a un mensaje de voz de un ser querido que ofrece una mirada temprana al tono del proyecto.<\/p>\n<div class=\"uD-YT-container\"><img decoding=\"async\" src=\"https:\/\/web.consaguirre.com.ar\/noticias\/wp-content\/uploads\/2026\/04\/1776134333_787_Ebony-Riley-lanza-el-album-Beautiful-Tragedy.jpg\" alt=\"V\u00eddeo de YouTube\"><br \/>Haga clic para cargar v\u00eddeo<\/div>\n<p>Riley tambi\u00e9n lanz\u00f3 un avance que acompa\u00f1a a <i>Hermosa tragedia<\/i>. La imagen la sigue corriendo antes de detenerse y abrazar a una joven que mira im\u00e1genes de archivo de Riley en un televisor. Los clips incluyen momentos de su infancia, sus primeras actuaciones y su formaci\u00f3n, presentando una narrativa que refleja las experiencias personales detr\u00e1s del \u00e1lbum. La secuencia concluye con el t\u00edtulo del \u00e1lbum, estableciendo el marco para la historia del proyecto.<\/p>\n<p>El anuncio sigue a un per\u00edodo de impulso para la cantante nacida en Detroit. Su sencillo de 2025, \u201cOnly You\u201d, alcanz\u00f3 el puesto 15 en la lista Adult R&#038;B Airplay de Billboard. Continu\u00f3 hasta 2026 con \u201cHONEST\u201d, producida por Rodney \u201cDarkchild\u201d Jerkins. Antes de centrarse completamente en la m\u00fasica, Riley construy\u00f3 una carrera en el modelaje, apareciendo en campa\u00f1as para las principales casas de moda.<\/p>\n<p><b>Escuche \u201cThrough The Motions (Interlude)\u201d de Ebony Riley aqu\u00ed.<\/b><\/p>\n","protected":false},"excerpt":{"rendered":"<p>Ebony Riley ha lanzado la reserva de su \u00e1lbum debut Hermosa tragediarevelando el arte oficial del proyecto y compartiendo una nueva canci\u00f3n, \u201cThrough The Motions<\/p>\n","protected":false},"author":1,"featured_media":5645,"comment_status":"closed","ping_status":"","sticky":false,"template":"","format":"standard","meta":{"footnotes":""},"categories":[50],"tags":[147,1774,4124,218,4125,4126],"class_list":["post-5644","post","type-post","status-publish","format-standard","has-post-thumbnail","hentry","category-el-ultimo","tag-album","tag-beautiful","tag-ebony","tag-lanza","tag-riley","tag-tragedy","generate-columns","tablet-grid-50","mobile-grid-100","grid-parent","grid-50"],"yoast_head":"<!-- This site is optimized with the Yoast SEO plugin v23.3 - https:\/\/yoast.com\/wordpress\/plugins\/seo\/ -->\n<title>Ebony Riley lanza el \u00e1lbum &#039;Beautiful Tragedy&#039;<\/title>\n<meta name=\"robots\" content=\"index, follow, max-snippet:-1, max-image-preview:large, max-video-preview:-1\" \/>\n<link rel=\"canonical\" href=\"https:\/\/web.consaguirre.com.ar\/noticias\/ebony-riley-lanza-el-album-beautiful-tragedy\/\" \/>\n<meta property=\"og:locale\" content=\"es_ES\" \/>\n<meta property=\"og:type\" content=\"article\" \/>\n<meta property=\"og:title\" content=\"Ebony Riley lanza el \u00e1lbum &#039;Beautiful Tragedy&#039;\" \/>\n<meta property=\"og:description\" content=\"Ebony Riley ha lanzado la reserva de su \u00e1lbum debut Hermosa tragediarevelando el arte oficial del proyecto y compartiendo una nueva canci\u00f3n, \u201cThrough The Motions\" \/>\n<meta property=\"og:url\" content=\"https:\/\/web.consaguirre.com.ar\/noticias\/ebony-riley-lanza-el-album-beautiful-tragedy\/\" \/>\n<meta property=\"og:site_name\" content=\"Conservatorio de M\u00fasica Juli\u00e1n Aguirre\" \/>\n<meta property=\"article:published_time\" content=\"2026-04-14T02:38:53+00:00\" \/>\n<meta property=\"article:modified_time\" content=\"2026-04-14T02:38:54+00:00\" \/>\n<meta property=\"og:image\" content=\"https:\/\/web.consaguirre.com.ar\/noticias\/wp-content\/uploads\/2026\/04\/Ebony-Riley-lanza-el-album-Beautiful-Tragedy.jpg\" \/>\n\t<meta property=\"og:image:width\" content=\"820\" \/>\n\t<meta property=\"og:image:height\" content=\"820\" \/>\n\t<meta property=\"og:image:type\" content=\"image\/jpeg\" \/>\n<meta name=\"author\" content=\"Javier Figueroa\" \/>\n<meta name=\"twitter:card\" content=\"summary_large_image\" \/>\n<meta name=\"twitter:label1\" content=\"Escrito por\" \/>\n\t<meta name=\"twitter:data1\" content=\"Javier Figueroa\" \/>\n\t<meta name=\"twitter:label2\" content=\"Tiempo de lectura\" \/>\n\t<meta name=\"twitter:data2\" content=\"2 minutos\" \/>\n<script type=\"application\/ld+json\" class=\"yoast-schema-graph\">{\"@context\":\"https:\/\/schema.org\",\"@graph\":[{\"@type\":\"Article\",\"@id\":\"https:\/\/web.consaguirre.com.ar\/noticias\/ebony-riley-lanza-el-album-beautiful-tragedy\/#article\",\"isPartOf\":{\"@id\":\"https:\/\/web.consaguirre.com.ar\/noticias\/ebony-riley-lanza-el-album-beautiful-tragedy\/\"},\"author\":{\"name\":\"Javier Figueroa\",\"@id\":\"https:\/\/web.consaguirre.com.ar\/noticias\/#\/schema\/person\/6558b0cfedee7ddc5425602b237d5722\"},\"headline\":\"Ebony Riley lanza el \u00e1lbum &#8216;Beautiful Tragedy&#8217;\",\"datePublished\":\"2026-04-14T02:38:53+00:00\",\"dateModified\":\"2026-04-14T02:38:54+00:00\",\"mainEntityOfPage\":{\"@id\":\"https:\/\/web.consaguirre.com.ar\/noticias\/ebony-riley-lanza-el-album-beautiful-tragedy\/\"},\"wordCount\":319,\"publisher\":{\"@id\":\"https:\/\/web.consaguirre.com.ar\/noticias\/#organization\"},\"image\":{\"@id\":\"https:\/\/web.consaguirre.com.ar\/noticias\/ebony-riley-lanza-el-album-beautiful-tragedy\/#primaryimage\"},\"thumbnailUrl\":\"https:\/\/web.consaguirre.com.ar\/noticias\/wp-content\/uploads\/2026\/04\/Ebony-Riley-lanza-el-album-Beautiful-Tragedy.jpg\",\"keywords\":[\"\u00e1lbum\",\"Beautiful\",\"Ebony\",\"lanza\",\"Riley\",\"Tragedy\"],\"articleSection\":[\"El \u00faltimo\"],\"inLanguage\":\"es-AR\"},{\"@type\":\"WebPage\",\"@id\":\"https:\/\/web.consaguirre.com.ar\/noticias\/ebony-riley-lanza-el-album-beautiful-tragedy\/\",\"url\":\"https:\/\/web.consaguirre.com.ar\/noticias\/ebony-riley-lanza-el-album-beautiful-tragedy\/\",\"name\":\"Ebony Riley lanza el \u00e1lbum 'Beautiful Tragedy'\",\"isPartOf\":{\"@id\":\"https:\/\/web.consaguirre.com.ar\/noticias\/#website\"},\"primaryImageOfPage\":{\"@id\":\"https:\/\/web.consaguirre.com.ar\/noticias\/ebony-riley-lanza-el-album-beautiful-tragedy\/#primaryimage\"},\"image\":{\"@id\":\"https:\/\/web.consaguirre.com.ar\/noticias\/ebony-riley-lanza-el-album-beautiful-tragedy\/#primaryimage\"},\"thumbnailUrl\":\"https:\/\/web.consaguirre.com.ar\/noticias\/wp-content\/uploads\/2026\/04\/Ebony-Riley-lanza-el-album-Beautiful-Tragedy.jpg\",\"datePublished\":\"2026-04-14T02:38:53+00:00\",\"dateModified\":\"2026-04-14T02:38:54+00:00\",\"breadcrumb\":{\"@id\":\"https:\/\/web.consaguirre.com.ar\/noticias\/ebony-riley-lanza-el-album-beautiful-tragedy\/#breadcrumb\"},\"inLanguage\":\"es-AR\",\"potentialAction\":[{\"@type\":\"ReadAction\",\"target\":[\"https:\/\/web.consaguirre.com.ar\/noticias\/ebony-riley-lanza-el-album-beautiful-tragedy\/\"]}]},{\"@type\":\"ImageObject\",\"inLanguage\":\"es-AR\",\"@id\":\"https:\/\/web.consaguirre.com.ar\/noticias\/ebony-riley-lanza-el-album-beautiful-tragedy\/#primaryimage\",\"url\":\"https:\/\/web.consaguirre.com.ar\/noticias\/wp-content\/uploads\/2026\/04\/Ebony-Riley-lanza-el-album-Beautiful-Tragedy.jpg\",\"contentUrl\":\"https:\/\/web.consaguirre.com.ar\/noticias\/wp-content\/uploads\/2026\/04\/Ebony-Riley-lanza-el-album-Beautiful-Tragedy.jpg\",\"width\":820,\"height\":820,\"caption\":\"Ebony Riley Beautiful Tragedy\"},{\"@type\":\"BreadcrumbList\",\"@id\":\"https:\/\/web.consaguirre.com.ar\/noticias\/ebony-riley-lanza-el-album-beautiful-tragedy\/#breadcrumb\",\"itemListElement\":[{\"@type\":\"ListItem\",\"position\":1,\"name\":\"Inicio\",\"item\":\"https:\/\/web.consaguirre.com.ar\/noticias\/\"},{\"@type\":\"ListItem\",\"position\":2,\"name\":\"Ebony Riley lanza el \u00e1lbum &#8216;Beautiful Tragedy&#8217;\"}]},{\"@type\":\"WebSite\",\"@id\":\"https:\/\/web.consaguirre.com.ar\/noticias\/#website\",\"url\":\"https:\/\/web.consaguirre.com.ar\/noticias\/\",\"name\":\"Conservatorio de M\u00fasica Juli\u00e1n Aguirre\",\"description\":\"\",\"publisher\":{\"@id\":\"https:\/\/web.consaguirre.com.ar\/noticias\/#organization\"},\"potentialAction\":[{\"@type\":\"SearchAction\",\"target\":{\"@type\":\"EntryPoint\",\"urlTemplate\":\"https:\/\/web.consaguirre.com.ar\/noticias\/?s={search_term_string}\"},\"query-input\":\"required name=search_term_string\"}],\"inLanguage\":\"es-AR\"},{\"@type\":\"Organization\",\"@id\":\"https:\/\/web.consaguirre.com.ar\/noticias\/#organization\",\"name\":\"Conservatorio de M\u00fasica Juli\u00e1n Aguirre\",\"url\":\"https:\/\/web.consaguirre.com.ar\/noticias\/\",\"logo\":{\"@type\":\"ImageObject\",\"inLanguage\":\"es-AR\",\"@id\":\"https:\/\/web.consaguirre.com.ar\/noticias\/#\/schema\/logo\/image\/\",\"url\":\"https:\/\/web.consaguirre.com.ar\/noticias\/wp-content\/uploads\/2024\/08\/Banner-Aguirre-23.jpg\",\"contentUrl\":\"https:\/\/web.consaguirre.com.ar\/noticias\/wp-content\/uploads\/2024\/08\/Banner-Aguirre-23.jpg\",\"width\":1192,\"height\":600,\"caption\":\"Conservatorio de M\u00fasica Juli\u00e1n Aguirre\"},\"image\":{\"@id\":\"https:\/\/web.consaguirre.com.ar\/noticias\/#\/schema\/logo\/image\/\"}},{\"@type\":\"Person\",\"@id\":\"https:\/\/web.consaguirre.com.ar\/noticias\/#\/schema\/person\/6558b0cfedee7ddc5425602b237d5722\",\"name\":\"Javier Figueroa\",\"image\":{\"@type\":\"ImageObject\",\"inLanguage\":\"es-AR\",\"@id\":\"https:\/\/web.consaguirre.com.ar\/noticias\/#\/schema\/person\/image\/\",\"url\":\"https:\/\/web.consaguirre.com.ar\/noticias\/wp-content\/uploads\/2024\/08\/Consaguirre-scaled.jpg\",\"contentUrl\":\"https:\/\/web.consaguirre.com.ar\/noticias\/wp-content\/uploads\/2024\/08\/Consaguirre-scaled.jpg\",\"caption\":\"Javier Figueroa\"},\"description\":\"Me llamo Javier Figueroa y soy redactor para el sitio oficial del Conservatorio de M\u00fasica Juli\u00e1n Aguirre en Buenos Aires, consaguirre.com. Apasionado por la m\u00fasica y la escritura, me esfuerzo por destacar los talentos y eventos de nuestra prestigiosa instituci\u00f3n. Mi trayectoria se nutre de una profunda admiraci\u00f3n por los artistas, haciendo de cada art\u00edculo una celebraci\u00f3n de la creatividad y la cultura musical.\",\"sameAs\":[\"https:\/\/web.consaguirre.com.ar\/noticias\"]}]}<\/script>\n<!-- \/ Yoast SEO plugin. -->","yoast_head_json":{"title":"Ebony Riley lanza el \u00e1lbum 'Beautiful Tragedy'","robots":{"index":"index","follow":"follow","max-snippet":"max-snippet:-1","max-image-preview":"max-image-preview:large","max-video-preview":"max-video-preview:-1"},"canonical":"https:\/\/web.consaguirre.com.ar\/noticias\/ebony-riley-lanza-el-album-beautiful-tragedy\/","og_locale":"es_ES","og_type":"article","og_title":"Ebony Riley lanza el \u00e1lbum 'Beautiful Tragedy'","og_description":"Ebony Riley ha lanzado la reserva de su \u00e1lbum debut Hermosa tragediarevelando el arte oficial del proyecto y compartiendo una nueva canci\u00f3n, \u201cThrough The Motions","og_url":"https:\/\/web.consaguirre.com.ar\/noticias\/ebony-riley-lanza-el-album-beautiful-tragedy\/","og_site_name":"Conservatorio de M\u00fasica Juli\u00e1n Aguirre","article_published_time":"2026-04-14T02:38:53+00:00","article_modified_time":"2026-04-14T02:38:54+00:00","og_image":[{"width":820,"height":820,"url":"https:\/\/web.consaguirre.com.ar\/noticias\/wp-content\/uploads\/2026\/04\/Ebony-Riley-lanza-el-album-Beautiful-Tragedy.jpg","type":"image\/jpeg"}],"author":"Javier Figueroa","twitter_card":"summary_large_image","twitter_misc":{"Escrito por":"Javier Figueroa","Tiempo de lectura":"2 minutos"},"schema":{"@context":"https:\/\/schema.org","@graph":[{"@type":"Article","@id":"https:\/\/web.consaguirre.com.ar\/noticias\/ebony-riley-lanza-el-album-beautiful-tragedy\/#article","isPartOf":{"@id":"https:\/\/web.consaguirre.com.ar\/noticias\/ebony-riley-lanza-el-album-beautiful-tragedy\/"},"author":{"name":"Javier Figueroa","@id":"https:\/\/web.consaguirre.com.ar\/noticias\/#\/schema\/person\/6558b0cfedee7ddc5425602b237d5722"},"headline":"Ebony Riley lanza el \u00e1lbum &#8216;Beautiful Tragedy&#8217;","datePublished":"2026-04-14T02:38:53+00:00","dateModified":"2026-04-14T02:38:54+00:00","mainEntityOfPage":{"@id":"https:\/\/web.consaguirre.com.ar\/noticias\/ebony-riley-lanza-el-album-beautiful-tragedy\/"},"wordCount":319,"publisher":{"@id":"https:\/\/web.consaguirre.com.ar\/noticias\/#organization"},"image":{"@id":"https:\/\/web.consaguirre.com.ar\/noticias\/ebony-riley-lanza-el-album-beautiful-tragedy\/#primaryimage"},"thumbnailUrl":"https:\/\/web.consaguirre.com.ar\/noticias\/wp-content\/uploads\/2026\/04\/Ebony-Riley-lanza-el-album-Beautiful-Tragedy.jpg","keywords":["\u00e1lbum","Beautiful","Ebony","lanza","Riley","Tragedy"],"articleSection":["El \u00faltimo"],"inLanguage":"es-AR"},{"@type":"WebPage","@id":"https:\/\/web.consaguirre.com.ar\/noticias\/ebony-riley-lanza-el-album-beautiful-tragedy\/","url":"https:\/\/web.consaguirre.com.ar\/noticias\/ebony-riley-lanza-el-album-beautiful-tragedy\/","name":"Ebony Riley lanza el \u00e1lbum 'Beautiful Tragedy'","isPartOf":{"@id":"https:\/\/web.consaguirre.com.ar\/noticias\/#website"},"primaryImageOfPage":{"@id":"https:\/\/web.consaguirre.com.ar\/noticias\/ebony-riley-lanza-el-album-beautiful-tragedy\/#primaryimage"},"image":{"@id":"https:\/\/web.consaguirre.com.ar\/noticias\/ebony-riley-lanza-el-album-beautiful-tragedy\/#primaryimage"},"thumbnailUrl":"https:\/\/web.consaguirre.com.ar\/noticias\/wp-content\/uploads\/2026\/04\/Ebony-Riley-lanza-el-album-Beautiful-Tragedy.jpg","datePublished":"2026-04-14T02:38:53+00:00","dateModified":"2026-04-14T02:38:54+00:00","breadcrumb":{"@id":"https:\/\/web.consaguirre.com.ar\/noticias\/ebony-riley-lanza-el-album-beautiful-tragedy\/#breadcrumb"},"inLanguage":"es-AR","potentialAction":[{"@type":"ReadAction","target":["https:\/\/web.consaguirre.com.ar\/noticias\/ebony-riley-lanza-el-album-beautiful-tragedy\/"]}]},{"@type":"ImageObject","inLanguage":"es-AR","@id":"https:\/\/web.consaguirre.com.ar\/noticias\/ebony-riley-lanza-el-album-beautiful-tragedy\/#primaryimage","url":"https:\/\/web.consaguirre.com.ar\/noticias\/wp-content\/uploads\/2026\/04\/Ebony-Riley-lanza-el-album-Beautiful-Tragedy.jpg","contentUrl":"https:\/\/web.consaguirre.com.ar\/noticias\/wp-content\/uploads\/2026\/04\/Ebony-Riley-lanza-el-album-Beautiful-Tragedy.jpg","width":820,"height":820,"caption":"Ebony Riley Beautiful Tragedy"},{"@type":"BreadcrumbList","@id":"https:\/\/web.consaguirre.com.ar\/noticias\/ebony-riley-lanza-el-album-beautiful-tragedy\/#breadcrumb","itemListElement":[{"@type":"ListItem","position":1,"name":"Inicio","item":"https:\/\/web.consaguirre.com.ar\/noticias\/"},{"@type":"ListItem","position":2,"name":"Ebony Riley lanza el \u00e1lbum &#8216;Beautiful Tragedy&#8217;"}]},{"@type":"WebSite","@id":"https:\/\/web.consaguirre.com.ar\/noticias\/#website","url":"https:\/\/web.consaguirre.com.ar\/noticias\/","name":"Conservatorio de M\u00fasica Juli\u00e1n Aguirre","description":"","publisher":{"@id":"https:\/\/web.consaguirre.com.ar\/noticias\/#organization"},"potentialAction":[{"@type":"SearchAction","target":{"@type":"EntryPoint","urlTemplate":"https:\/\/web.consaguirre.com.ar\/noticias\/?s={search_term_string}"},"query-input":"required name=search_term_string"}],"inLanguage":"es-AR"},{"@type":"Organization","@id":"https:\/\/web.consaguirre.com.ar\/noticias\/#organization","name":"Conservatorio de M\u00fasica Juli\u00e1n Aguirre","url":"https:\/\/web.consaguirre.com.ar\/noticias\/","logo":{"@type":"ImageObject","inLanguage":"es-AR","@id":"https:\/\/web.consaguirre.com.ar\/noticias\/#\/schema\/logo\/image\/","url":"https:\/\/web.consaguirre.com.ar\/noticias\/wp-content\/uploads\/2024\/08\/Banner-Aguirre-23.jpg","contentUrl":"https:\/\/web.consaguirre.com.ar\/noticias\/wp-content\/uploads\/2024\/08\/Banner-Aguirre-23.jpg","width":1192,"height":600,"caption":"Conservatorio de M\u00fasica Juli\u00e1n Aguirre"},"image":{"@id":"https:\/\/web.consaguirre.com.ar\/noticias\/#\/schema\/logo\/image\/"}},{"@type":"Person","@id":"https:\/\/web.consaguirre.com.ar\/noticias\/#\/schema\/person\/6558b0cfedee7ddc5425602b237d5722","name":"Javier Figueroa","image":{"@type":"ImageObject","inLanguage":"es-AR","@id":"https:\/\/web.consaguirre.com.ar\/noticias\/#\/schema\/person\/image\/","url":"https:\/\/web.consaguirre.com.ar\/noticias\/wp-content\/uploads\/2024\/08\/Consaguirre-scaled.jpg","contentUrl":"https:\/\/web.consaguirre.com.ar\/noticias\/wp-content\/uploads\/2024\/08\/Consaguirre-scaled.jpg","caption":"Javier Figueroa"},"description":"Me llamo Javier Figueroa y soy redactor para el sitio oficial del Conservatorio de M\u00fasica Juli\u00e1n Aguirre en Buenos Aires, consaguirre.com. Apasionado por la m\u00fasica y la escritura, me esfuerzo por destacar los talentos y eventos de nuestra prestigiosa instituci\u00f3n. Mi trayectoria se nutre de una profunda admiraci\u00f3n por los artistas, haciendo de cada art\u00edculo una celebraci\u00f3n de la creatividad y la cultura musical.","sameAs":["https:\/\/web.consaguirre.com.ar\/noticias"]}]}},"_links":{"self":[{"href":"https:\/\/web.consaguirre.com.ar\/noticias\/wp-json\/wp\/v2\/posts\/5644"}],"collection":[{"href":"https:\/\/web.consaguirre.com.ar\/noticias\/wp-json\/wp\/v2\/posts"}],"about":[{"href":"https:\/\/web.consaguirre.com.ar\/noticias\/wp-json\/wp\/v2\/types\/post"}],"author":[{"embeddable":true,"href":"https:\/\/web.consaguirre.com.ar\/noticias\/wp-json\/wp\/v2\/users\/1"}],"replies":[{"embeddable":true,"href":"https:\/\/web.consaguirre.com.ar\/noticias\/wp-json\/wp\/v2\/comments?post=5644"}],"version-history":[{"count":1,"href":"https:\/\/web.consaguirre.com.ar\/noticias\/wp-json\/wp\/v2\/posts\/5644\/revisions"}],"predecessor-version":[{"id":5646,"href":"https:\/\/web.consaguirre.com.ar\/noticias\/wp-json\/wp\/v2\/posts\/5644\/revisions\/5646"}],"wp:featuredmedia":[{"embeddable":true,"href":"https:\/\/web.consaguirre.com.ar\/noticias\/wp-json\/wp\/v2\/media\/5645"}],"wp:attachment":[{"href":"https:\/\/web.consaguirre.com.ar\/noticias\/wp-json\/wp\/v2\/media?parent=5644"}],"wp:term":[{"taxonomy":"category","embeddable":true,"href":"https:\/\/web.consaguirre.com.ar\/noticias\/wp-json\/wp\/v2\/categories?post=5644"},{"taxonomy":"post_tag","embeddable":true,"href":"https:\/\/web.consaguirre.com.ar\/noticias\/wp-json\/wp\/v2\/tags?post=5644"}],"curies":[{"name":"wp","href":"https:\/\/api.w.org\/{rel}","templated":true}]}}