{"id":5641,"date":"2026-04-13T20:38:17","date_gmt":"2026-04-13T23:38:17","guid":{"rendered":"https:\/\/web.consaguirre.com.ar\/noticias\/marshmello-lanza-adonde-vamos-con-thomas-rhett\/"},"modified":"2026-04-13T20:38:18","modified_gmt":"2026-04-13T23:38:18","slug":"marshmello-lanza-adonde-vamos-con-thomas-rhett","status":"publish","type":"post","link":"https:\/\/web.consaguirre.com.ar\/noticias\/marshmello-lanza-adonde-vamos-con-thomas-rhett\/","title":{"rendered":"Marshmello lanza &#8216;Ad\u00f3nde vamos&#8217; con Thomas Rhett"},"content":{"rendered":"<p>Marshmello lanz\u00f3 su nuevo sencillo \u201cWhere We Go\u201d, con el artista country Thomas Rhett, el 10 de abril. La canci\u00f3n marca la \u00faltima de una serie de colaboraciones centradas en el country del productor, que ha trabajado cada vez m\u00e1s en el g\u00e9nero en los \u00faltimos a\u00f1os.<\/p>\n<p>\u201cWhere We Go\u201d re\u00fane la producci\u00f3n electr\u00f3nica de Marshmello con la voz country de Thomas Rhett. La canci\u00f3n se centra en un estribillo que incluye la frase: &#8220;Ni siquiera he bebido, pero estoy borracho, pierdo la cabeza cada vez que me besas, no me importa ad\u00f3nde vayamos mientras est\u00e9s aqu\u00ed conmigo&#8221;.<\/p>\n<div class=\"uD-YT-container\"><img decoding=\"async\" src=\"https:\/\/web.consaguirre.com.ar\/noticias\/wp-content\/uploads\/2026\/04\/1776123497_644_Marshmello-lanza-Adonde-vamos-con-Thomas-Rhett.jpg\" alt=\"V\u00eddeo de YouTube\"><br \/>Haga clic para cargar v\u00eddeo<\/div>\n<p>El lanzamiento sigue a varios sencillos de tendencia country de Marshmello durante el a\u00f1o pasado. M\u00e1s recientemente, public\u00f3 \u201cBetter Man Than Me\u201d con Hudson Westbrook, as\u00ed como \u201cHoly Water\u201d con Jelly Roll. Su anterior colaboraci\u00f3n con Kane Brown, \u201cMiles On It\u201d, debut\u00f3 en el puesto n\u00famero 1 tanto en la lista Top Dance\/Electronic Songs de Billboard como en la lista Top Country Songs, convirti\u00e9ndose en la primera canci\u00f3n en encabezar ambas listas simult\u00e1neamente. Adem\u00e1s de estos lanzamientos, Marshmello tambi\u00e9n ha colaborado en todos los g\u00e9neros en 2025 con temas que incluyen \u201cSlow Motion\u201d con Jonas Brothers y \u201cSave My Love\u201d con Ellie Goulding y AVAION.<\/p>\n<p>Para Thomas Rhett, \u201cAd\u00f3nde vamos\u201d llega durante un per\u00edodo de actividad continua. Su reciente sencillo &#8220;Ain&#8217;t A Bad Life&#8221; con Jordan Davis alcanz\u00f3 el Top 5 en la radio country y recientemente lanz\u00f3 &#8220;Georgia On My Mind&#8221;, que aparece en la campa\u00f1a de ESPN para el Torneo Masters. Rhett tambi\u00e9n est\u00e1 listo para lanzar su \u201cSoundtrack To Life Tour\u201d, una gira por m\u00e1s de 20 ciudades que incluye un espect\u00e1culo co-estelar en el estadio con Niall Horan en el GEODIS Park de Nashville y fechas adicionales en el Hersheypark Stadium.<\/p>\n<p><b>Escuche \u201cAd\u00f3nde vamos\u201d aqu\u00ed.<\/b><\/p>\n","protected":false},"excerpt":{"rendered":"<p>Marshmello lanz\u00f3 su nuevo sencillo \u201cWhere We Go\u201d, con el artista country Thomas Rhett, el 10 de abril. La canci\u00f3n marca la \u00faltima de una<\/p>\n","protected":false},"author":1,"featured_media":5642,"comment_status":"closed","ping_status":"","sticky":false,"template":"","format":"standard","meta":{"footnotes":""},"categories":[50],"tags":[4123,32,218,1567,3400,1158,3952],"class_list":["post-5641","post","type-post","status-publish","format-standard","has-post-thumbnail","hentry","category-el-ultimo","tag-adonde","tag-con","tag-lanza","tag-marshmello","tag-rhett","tag-thomas","tag-vamos","generate-columns","tablet-grid-50","mobile-grid-100","grid-parent","grid-50"],"yoast_head":"<!-- This site is optimized with the Yoast SEO plugin v23.3 - https:\/\/yoast.com\/wordpress\/plugins\/seo\/ -->\n<title>Marshmello lanza &#039;Ad\u00f3nde vamos&#039; con Thomas Rhett<\/title>\n<meta name=\"robots\" content=\"index, follow, max-snippet:-1, max-image-preview:large, max-video-preview:-1\" \/>\n<link rel=\"canonical\" href=\"https:\/\/web.consaguirre.com.ar\/noticias\/marshmello-lanza-adonde-vamos-con-thomas-rhett\/\" \/>\n<meta property=\"og:locale\" content=\"es_ES\" \/>\n<meta property=\"og:type\" content=\"article\" \/>\n<meta property=\"og:title\" content=\"Marshmello lanza &#039;Ad\u00f3nde vamos&#039; con Thomas Rhett\" \/>\n<meta property=\"og:description\" content=\"Marshmello lanz\u00f3 su nuevo sencillo \u201cWhere We Go\u201d, con el artista country Thomas Rhett, el 10 de abril. La canci\u00f3n marca la \u00faltima de una\" \/>\n<meta property=\"og:url\" content=\"https:\/\/web.consaguirre.com.ar\/noticias\/marshmello-lanza-adonde-vamos-con-thomas-rhett\/\" \/>\n<meta property=\"og:site_name\" content=\"Conservatorio de M\u00fasica Juli\u00e1n Aguirre\" \/>\n<meta property=\"article:published_time\" content=\"2026-04-13T23:38:17+00:00\" \/>\n<meta property=\"article:modified_time\" content=\"2026-04-13T23:38:18+00:00\" \/>\n<meta property=\"og:image\" content=\"https:\/\/web.consaguirre.com.ar\/noticias\/wp-content\/uploads\/2026\/04\/Marshmello-lanza-Adonde-vamos-con-Thomas-Rhett.jpg\" \/>\n\t<meta property=\"og:image:width\" content=\"820\" \/>\n\t<meta property=\"og:image:height\" content=\"820\" \/>\n\t<meta property=\"og:image:type\" content=\"image\/jpeg\" \/>\n<meta name=\"author\" content=\"Javier Figueroa\" \/>\n<meta name=\"twitter:card\" content=\"summary_large_image\" \/>\n<meta name=\"twitter:label1\" content=\"Escrito por\" \/>\n\t<meta name=\"twitter:data1\" content=\"Javier Figueroa\" \/>\n\t<meta name=\"twitter:label2\" content=\"Tiempo de lectura\" \/>\n\t<meta name=\"twitter:data2\" content=\"2 minutos\" \/>\n<script type=\"application\/ld+json\" class=\"yoast-schema-graph\">{\"@context\":\"https:\/\/schema.org\",\"@graph\":[{\"@type\":\"Article\",\"@id\":\"https:\/\/web.consaguirre.com.ar\/noticias\/marshmello-lanza-adonde-vamos-con-thomas-rhett\/#article\",\"isPartOf\":{\"@id\":\"https:\/\/web.consaguirre.com.ar\/noticias\/marshmello-lanza-adonde-vamos-con-thomas-rhett\/\"},\"author\":{\"name\":\"Javier Figueroa\",\"@id\":\"https:\/\/web.consaguirre.com.ar\/noticias\/#\/schema\/person\/6558b0cfedee7ddc5425602b237d5722\"},\"headline\":\"Marshmello lanza &#8216;Ad\u00f3nde vamos&#8217; con Thomas Rhett\",\"datePublished\":\"2026-04-13T23:38:17+00:00\",\"dateModified\":\"2026-04-13T23:38:18+00:00\",\"mainEntityOfPage\":{\"@id\":\"https:\/\/web.consaguirre.com.ar\/noticias\/marshmello-lanza-adonde-vamos-con-thomas-rhett\/\"},\"wordCount\":335,\"publisher\":{\"@id\":\"https:\/\/web.consaguirre.com.ar\/noticias\/#organization\"},\"image\":{\"@id\":\"https:\/\/web.consaguirre.com.ar\/noticias\/marshmello-lanza-adonde-vamos-con-thomas-rhett\/#primaryimage\"},\"thumbnailUrl\":\"https:\/\/web.consaguirre.com.ar\/noticias\/wp-content\/uploads\/2026\/04\/Marshmello-lanza-Adonde-vamos-con-Thomas-Rhett.jpg\",\"keywords\":[\"Ad\u00f3nde\",\"con\",\"lanza\",\"Marshmello\",\"Rhett\",\"Thomas\",\"vamos\"],\"articleSection\":[\"El \u00faltimo\"],\"inLanguage\":\"es-AR\"},{\"@type\":\"WebPage\",\"@id\":\"https:\/\/web.consaguirre.com.ar\/noticias\/marshmello-lanza-adonde-vamos-con-thomas-rhett\/\",\"url\":\"https:\/\/web.consaguirre.com.ar\/noticias\/marshmello-lanza-adonde-vamos-con-thomas-rhett\/\",\"name\":\"Marshmello lanza 'Ad\u00f3nde vamos' con Thomas Rhett\",\"isPartOf\":{\"@id\":\"https:\/\/web.consaguirre.com.ar\/noticias\/#website\"},\"primaryImageOfPage\":{\"@id\":\"https:\/\/web.consaguirre.com.ar\/noticias\/marshmello-lanza-adonde-vamos-con-thomas-rhett\/#primaryimage\"},\"image\":{\"@id\":\"https:\/\/web.consaguirre.com.ar\/noticias\/marshmello-lanza-adonde-vamos-con-thomas-rhett\/#primaryimage\"},\"thumbnailUrl\":\"https:\/\/web.consaguirre.com.ar\/noticias\/wp-content\/uploads\/2026\/04\/Marshmello-lanza-Adonde-vamos-con-Thomas-Rhett.jpg\",\"datePublished\":\"2026-04-13T23:38:17+00:00\",\"dateModified\":\"2026-04-13T23:38:18+00:00\",\"breadcrumb\":{\"@id\":\"https:\/\/web.consaguirre.com.ar\/noticias\/marshmello-lanza-adonde-vamos-con-thomas-rhett\/#breadcrumb\"},\"inLanguage\":\"es-AR\",\"potentialAction\":[{\"@type\":\"ReadAction\",\"target\":[\"https:\/\/web.consaguirre.com.ar\/noticias\/marshmello-lanza-adonde-vamos-con-thomas-rhett\/\"]}]},{\"@type\":\"ImageObject\",\"inLanguage\":\"es-AR\",\"@id\":\"https:\/\/web.consaguirre.com.ar\/noticias\/marshmello-lanza-adonde-vamos-con-thomas-rhett\/#primaryimage\",\"url\":\"https:\/\/web.consaguirre.com.ar\/noticias\/wp-content\/uploads\/2026\/04\/Marshmello-lanza-Adonde-vamos-con-Thomas-Rhett.jpg\",\"contentUrl\":\"https:\/\/web.consaguirre.com.ar\/noticias\/wp-content\/uploads\/2026\/04\/Marshmello-lanza-Adonde-vamos-con-Thomas-Rhett.jpg\",\"width\":820,\"height\":820,\"caption\":\"Thomas Rhett Where We Go\"},{\"@type\":\"BreadcrumbList\",\"@id\":\"https:\/\/web.consaguirre.com.ar\/noticias\/marshmello-lanza-adonde-vamos-con-thomas-rhett\/#breadcrumb\",\"itemListElement\":[{\"@type\":\"ListItem\",\"position\":1,\"name\":\"Inicio\",\"item\":\"https:\/\/web.consaguirre.com.ar\/noticias\/\"},{\"@type\":\"ListItem\",\"position\":2,\"name\":\"Marshmello lanza &#8216;Ad\u00f3nde vamos&#8217; con Thomas Rhett\"}]},{\"@type\":\"WebSite\",\"@id\":\"https:\/\/web.consaguirre.com.ar\/noticias\/#website\",\"url\":\"https:\/\/web.consaguirre.com.ar\/noticias\/\",\"name\":\"Conservatorio de M\u00fasica Juli\u00e1n Aguirre\",\"description\":\"\",\"publisher\":{\"@id\":\"https:\/\/web.consaguirre.com.ar\/noticias\/#organization\"},\"potentialAction\":[{\"@type\":\"SearchAction\",\"target\":{\"@type\":\"EntryPoint\",\"urlTemplate\":\"https:\/\/web.consaguirre.com.ar\/noticias\/?s={search_term_string}\"},\"query-input\":\"required name=search_term_string\"}],\"inLanguage\":\"es-AR\"},{\"@type\":\"Organization\",\"@id\":\"https:\/\/web.consaguirre.com.ar\/noticias\/#organization\",\"name\":\"Conservatorio de M\u00fasica Juli\u00e1n Aguirre\",\"url\":\"https:\/\/web.consaguirre.com.ar\/noticias\/\",\"logo\":{\"@type\":\"ImageObject\",\"inLanguage\":\"es-AR\",\"@id\":\"https:\/\/web.consaguirre.com.ar\/noticias\/#\/schema\/logo\/image\/\",\"url\":\"https:\/\/web.consaguirre.com.ar\/noticias\/wp-content\/uploads\/2024\/08\/Banner-Aguirre-23.jpg\",\"contentUrl\":\"https:\/\/web.consaguirre.com.ar\/noticias\/wp-content\/uploads\/2024\/08\/Banner-Aguirre-23.jpg\",\"width\":1192,\"height\":600,\"caption\":\"Conservatorio de M\u00fasica Juli\u00e1n Aguirre\"},\"image\":{\"@id\":\"https:\/\/web.consaguirre.com.ar\/noticias\/#\/schema\/logo\/image\/\"}},{\"@type\":\"Person\",\"@id\":\"https:\/\/web.consaguirre.com.ar\/noticias\/#\/schema\/person\/6558b0cfedee7ddc5425602b237d5722\",\"name\":\"Javier Figueroa\",\"image\":{\"@type\":\"ImageObject\",\"inLanguage\":\"es-AR\",\"@id\":\"https:\/\/web.consaguirre.com.ar\/noticias\/#\/schema\/person\/image\/\",\"url\":\"https:\/\/web.consaguirre.com.ar\/noticias\/wp-content\/uploads\/2024\/08\/Consaguirre-scaled.jpg\",\"contentUrl\":\"https:\/\/web.consaguirre.com.ar\/noticias\/wp-content\/uploads\/2024\/08\/Consaguirre-scaled.jpg\",\"caption\":\"Javier Figueroa\"},\"description\":\"Me llamo Javier Figueroa y soy redactor para el sitio oficial del Conservatorio de M\u00fasica Juli\u00e1n Aguirre en Buenos Aires, consaguirre.com. Apasionado por la m\u00fasica y la escritura, me esfuerzo por destacar los talentos y eventos de nuestra prestigiosa instituci\u00f3n. Mi trayectoria se nutre de una profunda admiraci\u00f3n por los artistas, haciendo de cada art\u00edculo una celebraci\u00f3n de la creatividad y la cultura musical.\",\"sameAs\":[\"https:\/\/web.consaguirre.com.ar\/noticias\"]}]}<\/script>\n<!-- \/ Yoast SEO plugin. -->","yoast_head_json":{"title":"Marshmello lanza 'Ad\u00f3nde vamos' con Thomas Rhett","robots":{"index":"index","follow":"follow","max-snippet":"max-snippet:-1","max-image-preview":"max-image-preview:large","max-video-preview":"max-video-preview:-1"},"canonical":"https:\/\/web.consaguirre.com.ar\/noticias\/marshmello-lanza-adonde-vamos-con-thomas-rhett\/","og_locale":"es_ES","og_type":"article","og_title":"Marshmello lanza 'Ad\u00f3nde vamos' con Thomas Rhett","og_description":"Marshmello lanz\u00f3 su nuevo sencillo \u201cWhere We Go\u201d, con el artista country Thomas Rhett, el 10 de abril. La canci\u00f3n marca la \u00faltima de una","og_url":"https:\/\/web.consaguirre.com.ar\/noticias\/marshmello-lanza-adonde-vamos-con-thomas-rhett\/","og_site_name":"Conservatorio de M\u00fasica Juli\u00e1n Aguirre","article_published_time":"2026-04-13T23:38:17+00:00","article_modified_time":"2026-04-13T23:38:18+00:00","og_image":[{"width":820,"height":820,"url":"https:\/\/web.consaguirre.com.ar\/noticias\/wp-content\/uploads\/2026\/04\/Marshmello-lanza-Adonde-vamos-con-Thomas-Rhett.jpg","type":"image\/jpeg"}],"author":"Javier Figueroa","twitter_card":"summary_large_image","twitter_misc":{"Escrito por":"Javier Figueroa","Tiempo de lectura":"2 minutos"},"schema":{"@context":"https:\/\/schema.org","@graph":[{"@type":"Article","@id":"https:\/\/web.consaguirre.com.ar\/noticias\/marshmello-lanza-adonde-vamos-con-thomas-rhett\/#article","isPartOf":{"@id":"https:\/\/web.consaguirre.com.ar\/noticias\/marshmello-lanza-adonde-vamos-con-thomas-rhett\/"},"author":{"name":"Javier Figueroa","@id":"https:\/\/web.consaguirre.com.ar\/noticias\/#\/schema\/person\/6558b0cfedee7ddc5425602b237d5722"},"headline":"Marshmello lanza &#8216;Ad\u00f3nde vamos&#8217; con Thomas Rhett","datePublished":"2026-04-13T23:38:17+00:00","dateModified":"2026-04-13T23:38:18+00:00","mainEntityOfPage":{"@id":"https:\/\/web.consaguirre.com.ar\/noticias\/marshmello-lanza-adonde-vamos-con-thomas-rhett\/"},"wordCount":335,"publisher":{"@id":"https:\/\/web.consaguirre.com.ar\/noticias\/#organization"},"image":{"@id":"https:\/\/web.consaguirre.com.ar\/noticias\/marshmello-lanza-adonde-vamos-con-thomas-rhett\/#primaryimage"},"thumbnailUrl":"https:\/\/web.consaguirre.com.ar\/noticias\/wp-content\/uploads\/2026\/04\/Marshmello-lanza-Adonde-vamos-con-Thomas-Rhett.jpg","keywords":["Ad\u00f3nde","con","lanza","Marshmello","Rhett","Thomas","vamos"],"articleSection":["El \u00faltimo"],"inLanguage":"es-AR"},{"@type":"WebPage","@id":"https:\/\/web.consaguirre.com.ar\/noticias\/marshmello-lanza-adonde-vamos-con-thomas-rhett\/","url":"https:\/\/web.consaguirre.com.ar\/noticias\/marshmello-lanza-adonde-vamos-con-thomas-rhett\/","name":"Marshmello lanza 'Ad\u00f3nde vamos' con Thomas Rhett","isPartOf":{"@id":"https:\/\/web.consaguirre.com.ar\/noticias\/#website"},"primaryImageOfPage":{"@id":"https:\/\/web.consaguirre.com.ar\/noticias\/marshmello-lanza-adonde-vamos-con-thomas-rhett\/#primaryimage"},"image":{"@id":"https:\/\/web.consaguirre.com.ar\/noticias\/marshmello-lanza-adonde-vamos-con-thomas-rhett\/#primaryimage"},"thumbnailUrl":"https:\/\/web.consaguirre.com.ar\/noticias\/wp-content\/uploads\/2026\/04\/Marshmello-lanza-Adonde-vamos-con-Thomas-Rhett.jpg","datePublished":"2026-04-13T23:38:17+00:00","dateModified":"2026-04-13T23:38:18+00:00","breadcrumb":{"@id":"https:\/\/web.consaguirre.com.ar\/noticias\/marshmello-lanza-adonde-vamos-con-thomas-rhett\/#breadcrumb"},"inLanguage":"es-AR","potentialAction":[{"@type":"ReadAction","target":["https:\/\/web.consaguirre.com.ar\/noticias\/marshmello-lanza-adonde-vamos-con-thomas-rhett\/"]}]},{"@type":"ImageObject","inLanguage":"es-AR","@id":"https:\/\/web.consaguirre.com.ar\/noticias\/marshmello-lanza-adonde-vamos-con-thomas-rhett\/#primaryimage","url":"https:\/\/web.consaguirre.com.ar\/noticias\/wp-content\/uploads\/2026\/04\/Marshmello-lanza-Adonde-vamos-con-Thomas-Rhett.jpg","contentUrl":"https:\/\/web.consaguirre.com.ar\/noticias\/wp-content\/uploads\/2026\/04\/Marshmello-lanza-Adonde-vamos-con-Thomas-Rhett.jpg","width":820,"height":820,"caption":"Thomas Rhett Where We Go"},{"@type":"BreadcrumbList","@id":"https:\/\/web.consaguirre.com.ar\/noticias\/marshmello-lanza-adonde-vamos-con-thomas-rhett\/#breadcrumb","itemListElement":[{"@type":"ListItem","position":1,"name":"Inicio","item":"https:\/\/web.consaguirre.com.ar\/noticias\/"},{"@type":"ListItem","position":2,"name":"Marshmello lanza &#8216;Ad\u00f3nde vamos&#8217; con Thomas Rhett"}]},{"@type":"WebSite","@id":"https:\/\/web.consaguirre.com.ar\/noticias\/#website","url":"https:\/\/web.consaguirre.com.ar\/noticias\/","name":"Conservatorio de M\u00fasica Juli\u00e1n Aguirre","description":"","publisher":{"@id":"https:\/\/web.consaguirre.com.ar\/noticias\/#organization"},"potentialAction":[{"@type":"SearchAction","target":{"@type":"EntryPoint","urlTemplate":"https:\/\/web.consaguirre.com.ar\/noticias\/?s={search_term_string}"},"query-input":"required name=search_term_string"}],"inLanguage":"es-AR"},{"@type":"Organization","@id":"https:\/\/web.consaguirre.com.ar\/noticias\/#organization","name":"Conservatorio de M\u00fasica Juli\u00e1n Aguirre","url":"https:\/\/web.consaguirre.com.ar\/noticias\/","logo":{"@type":"ImageObject","inLanguage":"es-AR","@id":"https:\/\/web.consaguirre.com.ar\/noticias\/#\/schema\/logo\/image\/","url":"https:\/\/web.consaguirre.com.ar\/noticias\/wp-content\/uploads\/2024\/08\/Banner-Aguirre-23.jpg","contentUrl":"https:\/\/web.consaguirre.com.ar\/noticias\/wp-content\/uploads\/2024\/08\/Banner-Aguirre-23.jpg","width":1192,"height":600,"caption":"Conservatorio de M\u00fasica Juli\u00e1n Aguirre"},"image":{"@id":"https:\/\/web.consaguirre.com.ar\/noticias\/#\/schema\/logo\/image\/"}},{"@type":"Person","@id":"https:\/\/web.consaguirre.com.ar\/noticias\/#\/schema\/person\/6558b0cfedee7ddc5425602b237d5722","name":"Javier Figueroa","image":{"@type":"ImageObject","inLanguage":"es-AR","@id":"https:\/\/web.consaguirre.com.ar\/noticias\/#\/schema\/person\/image\/","url":"https:\/\/web.consaguirre.com.ar\/noticias\/wp-content\/uploads\/2024\/08\/Consaguirre-scaled.jpg","contentUrl":"https:\/\/web.consaguirre.com.ar\/noticias\/wp-content\/uploads\/2024\/08\/Consaguirre-scaled.jpg","caption":"Javier Figueroa"},"description":"Me llamo Javier Figueroa y soy redactor para el sitio oficial del Conservatorio de M\u00fasica Juli\u00e1n Aguirre en Buenos Aires, consaguirre.com. Apasionado por la m\u00fasica y la escritura, me esfuerzo por destacar los talentos y eventos de nuestra prestigiosa instituci\u00f3n. Mi trayectoria se nutre de una profunda admiraci\u00f3n por los artistas, haciendo de cada art\u00edculo una celebraci\u00f3n de la creatividad y la cultura musical.","sameAs":["https:\/\/web.consaguirre.com.ar\/noticias"]}]}},"_links":{"self":[{"href":"https:\/\/web.consaguirre.com.ar\/noticias\/wp-json\/wp\/v2\/posts\/5641"}],"collection":[{"href":"https:\/\/web.consaguirre.com.ar\/noticias\/wp-json\/wp\/v2\/posts"}],"about":[{"href":"https:\/\/web.consaguirre.com.ar\/noticias\/wp-json\/wp\/v2\/types\/post"}],"author":[{"embeddable":true,"href":"https:\/\/web.consaguirre.com.ar\/noticias\/wp-json\/wp\/v2\/users\/1"}],"replies":[{"embeddable":true,"href":"https:\/\/web.consaguirre.com.ar\/noticias\/wp-json\/wp\/v2\/comments?post=5641"}],"version-history":[{"count":1,"href":"https:\/\/web.consaguirre.com.ar\/noticias\/wp-json\/wp\/v2\/posts\/5641\/revisions"}],"predecessor-version":[{"id":5643,"href":"https:\/\/web.consaguirre.com.ar\/noticias\/wp-json\/wp\/v2\/posts\/5641\/revisions\/5643"}],"wp:featuredmedia":[{"embeddable":true,"href":"https:\/\/web.consaguirre.com.ar\/noticias\/wp-json\/wp\/v2\/media\/5642"}],"wp:attachment":[{"href":"https:\/\/web.consaguirre.com.ar\/noticias\/wp-json\/wp\/v2\/media?parent=5641"}],"wp:term":[{"taxonomy":"category","embeddable":true,"href":"https:\/\/web.consaguirre.com.ar\/noticias\/wp-json\/wp\/v2\/categories?post=5641"},{"taxonomy":"post_tag","embeddable":true,"href":"https:\/\/web.consaguirre.com.ar\/noticias\/wp-json\/wp\/v2\/tags?post=5641"}],"curies":[{"name":"wp","href":"https:\/\/api.w.org\/{rel}","templated":true}]}}