{"id":5638,"date":"2026-04-13T17:41:25","date_gmt":"2026-04-13T20:41:25","guid":{"rendered":"https:\/\/web.consaguirre.com.ar\/noticias\/lady-gaga-y-doechii-lanzan-runway\/"},"modified":"2026-04-13T17:41:26","modified_gmt":"2026-04-13T20:41:26","slug":"lady-gaga-y-doechii-lanzan-runway","status":"publish","type":"post","link":"https:\/\/web.consaguirre.com.ar\/noticias\/lady-gaga-y-doechii-lanzan-runway\/","title":{"rendered":"Lady Gaga y Doechii lanzan &#8216;Runway&#8217;"},"content":{"rendered":"<p>Lady Gaga y Doechii han compartido un nuevo sencillo titulado &#8220;Runway&#8221;, que aparece en la pr\u00f3xima pel\u00edcula. <em>El diablo viste de Prada 2<\/em>. Esa pel\u00edcula saldr\u00e1 el 1 de mayo.<\/p>\n<p>En la alegre canci\u00f3n de baile, Doechii canta \u201cSirve un poco de descaro, con un poco de trasero, haz un peque\u00f1o giro\u201d. Gaga a\u00f1ade: &#8220;Me siento fabulosa, me siento libre, me siento excepcionalmente&#8221;. Pronuncian el estribillo juntos: \u201cDe lunes a domingo, puedes convertir la pista de baile en una pasarela\u201d y al final repiten: \u201cNaciste para la pasarela\u201d. Gaga har\u00e1 un cameo en la pel\u00edcula, que es una secuela de la pel\u00edcula de 2006.<\/p>\n<div class=\"uD-YT-container\"><img decoding=\"async\" src=\"https:\/\/web.consaguirre.com.ar\/noticias\/wp-content\/uploads\/2026\/04\/1776112885_509_Lady-Gaga-y-Doechii-lanzan-Runway.jpg\" alt=\"V\u00eddeo de YouTube\"><br \/>Haga clic para cargar v\u00eddeo<\/div>\n<p>Andrew Watt coprodujo el tema junto a Bruno Mars, Cirkut y Dernst \u201cD&#8217;Mile\u201d Emile II. Watt tambi\u00e9n coescribi\u00f3 la canci\u00f3n con Gaga, Mars, Doechii, Cirkut, D&#8217;Mile y Jayda Love.<\/p>\n<p>Gaga y Doechii han profesado previamente su mutua admiraci\u00f3n. El a\u00f1o pasado, Doechii le entreg\u00f3 a Gaga el Premio Innovador en los iHeartRadio Music Awards 2025, diciendo: \u201cCuando era ni\u00f1a, no me parec\u00eda en nada a la mayor\u00eda de las personas que me rodeaban y todo en m\u00ed representaba una comunidad de ni\u00f1os alternativos que estaban subrepresentados en mi entorno\u201d. Unos meses m\u00e1s tarde, Gaga elogi\u00f3 a <em>Vogue brit\u00e1nica<\/em>diciendo: &#8220;El poder de sus palabras, su vulnerabilidad, la forma en que rima con esta mezcla salvaje de audacia y precisi\u00f3n emocional, me impact\u00f3 hasta la m\u00e9dula&#8221;.<\/p>\n<p>Lady Gaga concluir\u00e1 su gira Mayhem Ball, realizando un espect\u00e1culo final el 13 de abril en el Madison Square Garden de Nueva York.<\/p>\n<p>Doechii recientemente se asoci\u00f3 con SZA para una nueva canci\u00f3n titulada \u201cgirl, get up\u201d. Ambos artistas escribieron la canci\u00f3n junto a Jahlil Gunter y Darius Scott, mientras que Jay Versace se encarg\u00f3 de la producci\u00f3n. El v\u00eddeo que lo acompa\u00f1a fue dirigido por James Mackel, quien tambi\u00e9n hizo el v\u00eddeo de Doechii nominado al Grammy por &#8220;Anxiety&#8221;.<\/p>\n<p><b>Compre aqu\u00ed la m\u00fasica de Lady Gaga en vinilos y CD de edici\u00f3n limitada.<\/b><\/p>\n","protected":false},"excerpt":{"rendered":"<p>Lady Gaga y Doechii han compartido un nuevo sencillo titulado &#8220;Runway&#8221;, que aparece en la pr\u00f3xima pel\u00edcula. El diablo viste de Prada 2. Esa pel\u00edcula<\/p>\n","protected":false},"author":1,"featured_media":5639,"comment_status":"closed","ping_status":"","sticky":false,"template":"","format":"standard","meta":{"footnotes":""},"categories":[50],"tags":[404,1051,573,393,4122],"class_list":["post-5638","post","type-post","status-publish","format-standard","has-post-thumbnail","hentry","category-el-ultimo","tag-doechii","tag-gaga","tag-lady","tag-lanzan","tag-runway","generate-columns","tablet-grid-50","mobile-grid-100","grid-parent","grid-50"],"yoast_head":"<!-- This site is optimized with the Yoast SEO plugin v23.3 - https:\/\/yoast.com\/wordpress\/plugins\/seo\/ -->\n<title>Lady Gaga y Doechii lanzan &#039;Runway&#039;<\/title>\n<meta name=\"robots\" content=\"index, follow, max-snippet:-1, max-image-preview:large, max-video-preview:-1\" \/>\n<link rel=\"canonical\" href=\"https:\/\/web.consaguirre.com.ar\/noticias\/lady-gaga-y-doechii-lanzan-runway\/\" \/>\n<meta property=\"og:locale\" content=\"es_ES\" \/>\n<meta property=\"og:type\" content=\"article\" \/>\n<meta property=\"og:title\" content=\"Lady Gaga y Doechii lanzan &#039;Runway&#039;\" \/>\n<meta property=\"og:description\" content=\"Lady Gaga y Doechii han compartido un nuevo sencillo titulado &#8220;Runway&#8221;, que aparece en la pr\u00f3xima pel\u00edcula. El diablo viste de Prada 2. Esa pel\u00edcula\" \/>\n<meta property=\"og:url\" content=\"https:\/\/web.consaguirre.com.ar\/noticias\/lady-gaga-y-doechii-lanzan-runway\/\" \/>\n<meta property=\"og:site_name\" content=\"Conservatorio de M\u00fasica Juli\u00e1n Aguirre\" \/>\n<meta property=\"article:published_time\" content=\"2026-04-13T20:41:25+00:00\" \/>\n<meta property=\"article:modified_time\" content=\"2026-04-13T20:41:26+00:00\" \/>\n<meta property=\"og:image\" content=\"https:\/\/web.consaguirre.com.ar\/noticias\/wp-content\/uploads\/2026\/04\/Lady-Gaga-y-Doechii-lanzan-Runway.jpg\" \/>\n\t<meta property=\"og:image:width\" content=\"820\" \/>\n\t<meta property=\"og:image:height\" content=\"820\" \/>\n\t<meta property=\"og:image:type\" content=\"image\/jpeg\" \/>\n<meta name=\"author\" content=\"Javier Figueroa\" \/>\n<meta name=\"twitter:card\" content=\"summary_large_image\" \/>\n<meta name=\"twitter:label1\" content=\"Escrito por\" \/>\n\t<meta name=\"twitter:data1\" content=\"Javier Figueroa\" \/>\n\t<meta name=\"twitter:label2\" content=\"Tiempo de lectura\" \/>\n\t<meta name=\"twitter:data2\" content=\"2 minutos\" \/>\n<script type=\"application\/ld+json\" class=\"yoast-schema-graph\">{\"@context\":\"https:\/\/schema.org\",\"@graph\":[{\"@type\":\"Article\",\"@id\":\"https:\/\/web.consaguirre.com.ar\/noticias\/lady-gaga-y-doechii-lanzan-runway\/#article\",\"isPartOf\":{\"@id\":\"https:\/\/web.consaguirre.com.ar\/noticias\/lady-gaga-y-doechii-lanzan-runway\/\"},\"author\":{\"name\":\"Javier Figueroa\",\"@id\":\"https:\/\/web.consaguirre.com.ar\/noticias\/#\/schema\/person\/6558b0cfedee7ddc5425602b237d5722\"},\"headline\":\"Lady Gaga y Doechii lanzan &#8216;Runway&#8217;\",\"datePublished\":\"2026-04-13T20:41:25+00:00\",\"dateModified\":\"2026-04-13T20:41:26+00:00\",\"mainEntityOfPage\":{\"@id\":\"https:\/\/web.consaguirre.com.ar\/noticias\/lady-gaga-y-doechii-lanzan-runway\/\"},\"wordCount\":361,\"publisher\":{\"@id\":\"https:\/\/web.consaguirre.com.ar\/noticias\/#organization\"},\"image\":{\"@id\":\"https:\/\/web.consaguirre.com.ar\/noticias\/lady-gaga-y-doechii-lanzan-runway\/#primaryimage\"},\"thumbnailUrl\":\"https:\/\/web.consaguirre.com.ar\/noticias\/wp-content\/uploads\/2026\/04\/Lady-Gaga-y-Doechii-lanzan-Runway.jpg\",\"keywords\":[\"Doechii\",\"Gaga\",\"Lady\",\"lanzan\",\"Runway\"],\"articleSection\":[\"El \u00faltimo\"],\"inLanguage\":\"es-AR\"},{\"@type\":\"WebPage\",\"@id\":\"https:\/\/web.consaguirre.com.ar\/noticias\/lady-gaga-y-doechii-lanzan-runway\/\",\"url\":\"https:\/\/web.consaguirre.com.ar\/noticias\/lady-gaga-y-doechii-lanzan-runway\/\",\"name\":\"Lady Gaga y Doechii lanzan 'Runway'\",\"isPartOf\":{\"@id\":\"https:\/\/web.consaguirre.com.ar\/noticias\/#website\"},\"primaryImageOfPage\":{\"@id\":\"https:\/\/web.consaguirre.com.ar\/noticias\/lady-gaga-y-doechii-lanzan-runway\/#primaryimage\"},\"image\":{\"@id\":\"https:\/\/web.consaguirre.com.ar\/noticias\/lady-gaga-y-doechii-lanzan-runway\/#primaryimage\"},\"thumbnailUrl\":\"https:\/\/web.consaguirre.com.ar\/noticias\/wp-content\/uploads\/2026\/04\/Lady-Gaga-y-Doechii-lanzan-Runway.jpg\",\"datePublished\":\"2026-04-13T20:41:25+00:00\",\"dateModified\":\"2026-04-13T20:41:26+00:00\",\"breadcrumb\":{\"@id\":\"https:\/\/web.consaguirre.com.ar\/noticias\/lady-gaga-y-doechii-lanzan-runway\/#breadcrumb\"},\"inLanguage\":\"es-AR\",\"potentialAction\":[{\"@type\":\"ReadAction\",\"target\":[\"https:\/\/web.consaguirre.com.ar\/noticias\/lady-gaga-y-doechii-lanzan-runway\/\"]}]},{\"@type\":\"ImageObject\",\"inLanguage\":\"es-AR\",\"@id\":\"https:\/\/web.consaguirre.com.ar\/noticias\/lady-gaga-y-doechii-lanzan-runway\/#primaryimage\",\"url\":\"https:\/\/web.consaguirre.com.ar\/noticias\/wp-content\/uploads\/2026\/04\/Lady-Gaga-y-Doechii-lanzan-Runway.jpg\",\"contentUrl\":\"https:\/\/web.consaguirre.com.ar\/noticias\/wp-content\/uploads\/2026\/04\/Lady-Gaga-y-Doechii-lanzan-Runway.jpg\",\"width\":820,\"height\":820,\"caption\":\"Lady Gaga Runway\"},{\"@type\":\"BreadcrumbList\",\"@id\":\"https:\/\/web.consaguirre.com.ar\/noticias\/lady-gaga-y-doechii-lanzan-runway\/#breadcrumb\",\"itemListElement\":[{\"@type\":\"ListItem\",\"position\":1,\"name\":\"Inicio\",\"item\":\"https:\/\/web.consaguirre.com.ar\/noticias\/\"},{\"@type\":\"ListItem\",\"position\":2,\"name\":\"Lady Gaga y Doechii lanzan &#8216;Runway&#8217;\"}]},{\"@type\":\"WebSite\",\"@id\":\"https:\/\/web.consaguirre.com.ar\/noticias\/#website\",\"url\":\"https:\/\/web.consaguirre.com.ar\/noticias\/\",\"name\":\"Conservatorio de M\u00fasica Juli\u00e1n Aguirre\",\"description\":\"\",\"publisher\":{\"@id\":\"https:\/\/web.consaguirre.com.ar\/noticias\/#organization\"},\"potentialAction\":[{\"@type\":\"SearchAction\",\"target\":{\"@type\":\"EntryPoint\",\"urlTemplate\":\"https:\/\/web.consaguirre.com.ar\/noticias\/?s={search_term_string}\"},\"query-input\":\"required name=search_term_string\"}],\"inLanguage\":\"es-AR\"},{\"@type\":\"Organization\",\"@id\":\"https:\/\/web.consaguirre.com.ar\/noticias\/#organization\",\"name\":\"Conservatorio de M\u00fasica Juli\u00e1n Aguirre\",\"url\":\"https:\/\/web.consaguirre.com.ar\/noticias\/\",\"logo\":{\"@type\":\"ImageObject\",\"inLanguage\":\"es-AR\",\"@id\":\"https:\/\/web.consaguirre.com.ar\/noticias\/#\/schema\/logo\/image\/\",\"url\":\"https:\/\/web.consaguirre.com.ar\/noticias\/wp-content\/uploads\/2024\/08\/Banner-Aguirre-23.jpg\",\"contentUrl\":\"https:\/\/web.consaguirre.com.ar\/noticias\/wp-content\/uploads\/2024\/08\/Banner-Aguirre-23.jpg\",\"width\":1192,\"height\":600,\"caption\":\"Conservatorio de M\u00fasica Juli\u00e1n Aguirre\"},\"image\":{\"@id\":\"https:\/\/web.consaguirre.com.ar\/noticias\/#\/schema\/logo\/image\/\"}},{\"@type\":\"Person\",\"@id\":\"https:\/\/web.consaguirre.com.ar\/noticias\/#\/schema\/person\/6558b0cfedee7ddc5425602b237d5722\",\"name\":\"Javier Figueroa\",\"image\":{\"@type\":\"ImageObject\",\"inLanguage\":\"es-AR\",\"@id\":\"https:\/\/web.consaguirre.com.ar\/noticias\/#\/schema\/person\/image\/\",\"url\":\"https:\/\/web.consaguirre.com.ar\/noticias\/wp-content\/uploads\/2024\/08\/Consaguirre-scaled.jpg\",\"contentUrl\":\"https:\/\/web.consaguirre.com.ar\/noticias\/wp-content\/uploads\/2024\/08\/Consaguirre-scaled.jpg\",\"caption\":\"Javier Figueroa\"},\"description\":\"Me llamo Javier Figueroa y soy redactor para el sitio oficial del Conservatorio de M\u00fasica Juli\u00e1n Aguirre en Buenos Aires, consaguirre.com. Apasionado por la m\u00fasica y la escritura, me esfuerzo por destacar los talentos y eventos de nuestra prestigiosa instituci\u00f3n. Mi trayectoria se nutre de una profunda admiraci\u00f3n por los artistas, haciendo de cada art\u00edculo una celebraci\u00f3n de la creatividad y la cultura musical.\",\"sameAs\":[\"https:\/\/web.consaguirre.com.ar\/noticias\"]}]}<\/script>\n<!-- \/ Yoast SEO plugin. -->","yoast_head_json":{"title":"Lady Gaga y Doechii lanzan 'Runway'","robots":{"index":"index","follow":"follow","max-snippet":"max-snippet:-1","max-image-preview":"max-image-preview:large","max-video-preview":"max-video-preview:-1"},"canonical":"https:\/\/web.consaguirre.com.ar\/noticias\/lady-gaga-y-doechii-lanzan-runway\/","og_locale":"es_ES","og_type":"article","og_title":"Lady Gaga y Doechii lanzan 'Runway'","og_description":"Lady Gaga y Doechii han compartido un nuevo sencillo titulado &#8220;Runway&#8221;, que aparece en la pr\u00f3xima pel\u00edcula. El diablo viste de Prada 2. Esa pel\u00edcula","og_url":"https:\/\/web.consaguirre.com.ar\/noticias\/lady-gaga-y-doechii-lanzan-runway\/","og_site_name":"Conservatorio de M\u00fasica Juli\u00e1n Aguirre","article_published_time":"2026-04-13T20:41:25+00:00","article_modified_time":"2026-04-13T20:41:26+00:00","og_image":[{"width":820,"height":820,"url":"https:\/\/web.consaguirre.com.ar\/noticias\/wp-content\/uploads\/2026\/04\/Lady-Gaga-y-Doechii-lanzan-Runway.jpg","type":"image\/jpeg"}],"author":"Javier Figueroa","twitter_card":"summary_large_image","twitter_misc":{"Escrito por":"Javier Figueroa","Tiempo de lectura":"2 minutos"},"schema":{"@context":"https:\/\/schema.org","@graph":[{"@type":"Article","@id":"https:\/\/web.consaguirre.com.ar\/noticias\/lady-gaga-y-doechii-lanzan-runway\/#article","isPartOf":{"@id":"https:\/\/web.consaguirre.com.ar\/noticias\/lady-gaga-y-doechii-lanzan-runway\/"},"author":{"name":"Javier Figueroa","@id":"https:\/\/web.consaguirre.com.ar\/noticias\/#\/schema\/person\/6558b0cfedee7ddc5425602b237d5722"},"headline":"Lady Gaga y Doechii lanzan &#8216;Runway&#8217;","datePublished":"2026-04-13T20:41:25+00:00","dateModified":"2026-04-13T20:41:26+00:00","mainEntityOfPage":{"@id":"https:\/\/web.consaguirre.com.ar\/noticias\/lady-gaga-y-doechii-lanzan-runway\/"},"wordCount":361,"publisher":{"@id":"https:\/\/web.consaguirre.com.ar\/noticias\/#organization"},"image":{"@id":"https:\/\/web.consaguirre.com.ar\/noticias\/lady-gaga-y-doechii-lanzan-runway\/#primaryimage"},"thumbnailUrl":"https:\/\/web.consaguirre.com.ar\/noticias\/wp-content\/uploads\/2026\/04\/Lady-Gaga-y-Doechii-lanzan-Runway.jpg","keywords":["Doechii","Gaga","Lady","lanzan","Runway"],"articleSection":["El \u00faltimo"],"inLanguage":"es-AR"},{"@type":"WebPage","@id":"https:\/\/web.consaguirre.com.ar\/noticias\/lady-gaga-y-doechii-lanzan-runway\/","url":"https:\/\/web.consaguirre.com.ar\/noticias\/lady-gaga-y-doechii-lanzan-runway\/","name":"Lady Gaga y Doechii lanzan 'Runway'","isPartOf":{"@id":"https:\/\/web.consaguirre.com.ar\/noticias\/#website"},"primaryImageOfPage":{"@id":"https:\/\/web.consaguirre.com.ar\/noticias\/lady-gaga-y-doechii-lanzan-runway\/#primaryimage"},"image":{"@id":"https:\/\/web.consaguirre.com.ar\/noticias\/lady-gaga-y-doechii-lanzan-runway\/#primaryimage"},"thumbnailUrl":"https:\/\/web.consaguirre.com.ar\/noticias\/wp-content\/uploads\/2026\/04\/Lady-Gaga-y-Doechii-lanzan-Runway.jpg","datePublished":"2026-04-13T20:41:25+00:00","dateModified":"2026-04-13T20:41:26+00:00","breadcrumb":{"@id":"https:\/\/web.consaguirre.com.ar\/noticias\/lady-gaga-y-doechii-lanzan-runway\/#breadcrumb"},"inLanguage":"es-AR","potentialAction":[{"@type":"ReadAction","target":["https:\/\/web.consaguirre.com.ar\/noticias\/lady-gaga-y-doechii-lanzan-runway\/"]}]},{"@type":"ImageObject","inLanguage":"es-AR","@id":"https:\/\/web.consaguirre.com.ar\/noticias\/lady-gaga-y-doechii-lanzan-runway\/#primaryimage","url":"https:\/\/web.consaguirre.com.ar\/noticias\/wp-content\/uploads\/2026\/04\/Lady-Gaga-y-Doechii-lanzan-Runway.jpg","contentUrl":"https:\/\/web.consaguirre.com.ar\/noticias\/wp-content\/uploads\/2026\/04\/Lady-Gaga-y-Doechii-lanzan-Runway.jpg","width":820,"height":820,"caption":"Lady Gaga Runway"},{"@type":"BreadcrumbList","@id":"https:\/\/web.consaguirre.com.ar\/noticias\/lady-gaga-y-doechii-lanzan-runway\/#breadcrumb","itemListElement":[{"@type":"ListItem","position":1,"name":"Inicio","item":"https:\/\/web.consaguirre.com.ar\/noticias\/"},{"@type":"ListItem","position":2,"name":"Lady Gaga y Doechii lanzan &#8216;Runway&#8217;"}]},{"@type":"WebSite","@id":"https:\/\/web.consaguirre.com.ar\/noticias\/#website","url":"https:\/\/web.consaguirre.com.ar\/noticias\/","name":"Conservatorio de M\u00fasica Juli\u00e1n Aguirre","description":"","publisher":{"@id":"https:\/\/web.consaguirre.com.ar\/noticias\/#organization"},"potentialAction":[{"@type":"SearchAction","target":{"@type":"EntryPoint","urlTemplate":"https:\/\/web.consaguirre.com.ar\/noticias\/?s={search_term_string}"},"query-input":"required name=search_term_string"}],"inLanguage":"es-AR"},{"@type":"Organization","@id":"https:\/\/web.consaguirre.com.ar\/noticias\/#organization","name":"Conservatorio de M\u00fasica Juli\u00e1n Aguirre","url":"https:\/\/web.consaguirre.com.ar\/noticias\/","logo":{"@type":"ImageObject","inLanguage":"es-AR","@id":"https:\/\/web.consaguirre.com.ar\/noticias\/#\/schema\/logo\/image\/","url":"https:\/\/web.consaguirre.com.ar\/noticias\/wp-content\/uploads\/2024\/08\/Banner-Aguirre-23.jpg","contentUrl":"https:\/\/web.consaguirre.com.ar\/noticias\/wp-content\/uploads\/2024\/08\/Banner-Aguirre-23.jpg","width":1192,"height":600,"caption":"Conservatorio de M\u00fasica Juli\u00e1n Aguirre"},"image":{"@id":"https:\/\/web.consaguirre.com.ar\/noticias\/#\/schema\/logo\/image\/"}},{"@type":"Person","@id":"https:\/\/web.consaguirre.com.ar\/noticias\/#\/schema\/person\/6558b0cfedee7ddc5425602b237d5722","name":"Javier Figueroa","image":{"@type":"ImageObject","inLanguage":"es-AR","@id":"https:\/\/web.consaguirre.com.ar\/noticias\/#\/schema\/person\/image\/","url":"https:\/\/web.consaguirre.com.ar\/noticias\/wp-content\/uploads\/2024\/08\/Consaguirre-scaled.jpg","contentUrl":"https:\/\/web.consaguirre.com.ar\/noticias\/wp-content\/uploads\/2024\/08\/Consaguirre-scaled.jpg","caption":"Javier Figueroa"},"description":"Me llamo Javier Figueroa y soy redactor para el sitio oficial del Conservatorio de M\u00fasica Juli\u00e1n Aguirre en Buenos Aires, consaguirre.com. Apasionado por la m\u00fasica y la escritura, me esfuerzo por destacar los talentos y eventos de nuestra prestigiosa instituci\u00f3n. Mi trayectoria se nutre de una profunda admiraci\u00f3n por los artistas, haciendo de cada art\u00edculo una celebraci\u00f3n de la creatividad y la cultura musical.","sameAs":["https:\/\/web.consaguirre.com.ar\/noticias"]}]}},"_links":{"self":[{"href":"https:\/\/web.consaguirre.com.ar\/noticias\/wp-json\/wp\/v2\/posts\/5638"}],"collection":[{"href":"https:\/\/web.consaguirre.com.ar\/noticias\/wp-json\/wp\/v2\/posts"}],"about":[{"href":"https:\/\/web.consaguirre.com.ar\/noticias\/wp-json\/wp\/v2\/types\/post"}],"author":[{"embeddable":true,"href":"https:\/\/web.consaguirre.com.ar\/noticias\/wp-json\/wp\/v2\/users\/1"}],"replies":[{"embeddable":true,"href":"https:\/\/web.consaguirre.com.ar\/noticias\/wp-json\/wp\/v2\/comments?post=5638"}],"version-history":[{"count":1,"href":"https:\/\/web.consaguirre.com.ar\/noticias\/wp-json\/wp\/v2\/posts\/5638\/revisions"}],"predecessor-version":[{"id":5640,"href":"https:\/\/web.consaguirre.com.ar\/noticias\/wp-json\/wp\/v2\/posts\/5638\/revisions\/5640"}],"wp:featuredmedia":[{"embeddable":true,"href":"https:\/\/web.consaguirre.com.ar\/noticias\/wp-json\/wp\/v2\/media\/5639"}],"wp:attachment":[{"href":"https:\/\/web.consaguirre.com.ar\/noticias\/wp-json\/wp\/v2\/media?parent=5638"}],"wp:term":[{"taxonomy":"category","embeddable":true,"href":"https:\/\/web.consaguirre.com.ar\/noticias\/wp-json\/wp\/v2\/categories?post=5638"},{"taxonomy":"post_tag","embeddable":true,"href":"https:\/\/web.consaguirre.com.ar\/noticias\/wp-json\/wp\/v2\/tags?post=5638"}],"curies":[{"name":"wp","href":"https:\/\/api.w.org\/{rel}","templated":true}]}}