{"id":5635,"date":"2026-04-13T14:38:36","date_gmt":"2026-04-13T17:38:36","guid":{"rendered":"https:\/\/web.consaguirre.com.ar\/noticias\/chris-stapleton-y-miranda-lambert-reciben-nominaciones-a-los-premios-acm-2026\/"},"modified":"2026-04-13T14:38:38","modified_gmt":"2026-04-13T17:38:38","slug":"chris-stapleton-y-miranda-lambert-reciben-nominaciones-a-los-premios-acm-2026","status":"publish","type":"post","link":"https:\/\/web.consaguirre.com.ar\/noticias\/chris-stapleton-y-miranda-lambert-reciben-nominaciones-a-los-premios-acm-2026\/","title":{"rendered":"Chris Stapleton y Miranda Lambert reciben nominaciones a los premios ACM 2026"},"content":{"rendered":"<p>Se han revelado los nominados a los Premios de la Academia de M\u00fasica Country 2026. Entre los artistas nominados a premios este a\u00f1o se encuentran Chris Stapleton, Miranda Lambert, Jelly Roll y Megan Moroney.<\/p>\n<p>Los cuatro artistas m\u00e1s nominados de este a\u00f1o son todos mujeres: Moroney lidera con nueve nominaciones, seguida por Lambert (ocho) y Ella Langley y Lainey Wilson (siete cada una). Este es el segundo a\u00f1o consecutivo en el que una solista femenina lidera las nominaciones. El a\u00f1o pasado, Langley lider\u00f3 con ocho nominaciones.<\/p>\n<p>Los premios ACM se transmitir\u00e1n en vivo por Prime Video el 17 de mayo a las 8 p. m., hora del Este. Los espectadores tambi\u00e9n pueden ver la ceremonia en Twitch y la aplicaci\u00f3n Amazon Music. Kacey Musgraves, Little Big Town, Lambert, Cody Johnson, Wilson y Riley Green se encuentran entre los actos programados para actuar en el espect\u00e1culo.<\/p>\n<div class=\"uD-YT-container\"><img decoding=\"async\" src=\"https:\/\/web.consaguirre.com.ar\/noticias\/wp-content\/uploads\/2026\/04\/1776101916_966_Chris-Stapleton-y-Miranda-Lambert-reciben-nominaciones-a-los-premios.jpg\" alt=\"V\u00eddeo de YouTube\"><br \/>Haga clic para cargar v\u00eddeo<\/div>\n<p>Stapleton est\u00e1 nominado a Artista del A\u00f1o y Artista Masculino del A\u00f1o. Su colaboraci\u00f3n con Lambert, \u201cA Song To Sing\u201d, est\u00e1 nominada a Evento Musical del A\u00f1o, Canci\u00f3n del A\u00f1o y Medio Visual del A\u00f1o. Fue nominado a Mejor Interpretaci\u00f3n de D\u00fao\/Grupo Country y Mejor Canci\u00f3n Country en la 68\u00aa Entrega Anual de los Premios Grammy.<\/p>\n<p>Adem\u00e1s de las nominaciones por \u201cA Song To Sing\u201d, Lambert est\u00e1 nominada a Artista Femenina del A\u00f1o. Tambi\u00e9n est\u00e1 nominada por \u201cTrailblazer\u201d, una colaboraci\u00f3n con Reba McEntire y Wilson. Lambert recibi\u00f3 una segunda nominaci\u00f3n a Canci\u00f3n del A\u00f1o por su trabajo como compositora en \u201cChoosin&#8217; Texas\u201d de Langley, que tambi\u00e9n compite por Sencillo del A\u00f1o. Con 33 victorias, Lambert es el artista m\u00e1s condecorado en la historia de ACM.<\/p>\n<p>Adem\u00e1s de Stapleton, Jelly Roll y Morgan Wallen est\u00e1n compitiendo por Artista del A\u00f1o, al igual que Luke Combs, Johnson, Moroney y Wilson.<\/p>\n<p>49 Winchester y Flatland Cavalry se encuentran entre los nominados al Grupo del A\u00f1o, junto con Old Dominion, Rascal Flatts y The Red Clay Strays. Los nominados al D\u00fao del A\u00f1o son Brooks &#038; Dunn, Brothers Osborne, Dan + Shay, Muscadine Bloodline, Thelma &#038; James.<\/p>\n<p>Carter Faith <em>Valle de la cereza<\/em> y el disco hom\u00f3nimo de Parker McCollum son ambos candidatos al \u00c1lbum del A\u00f1o. Otras nominaciones notables incluyen a la estrella en ascenso de la m\u00fasica country Tucker Wetmore, quien compite como Nuevo Artista Masculino del A\u00f1o. Jessie Jo Dillon est\u00e1 nominada a Compositor del A\u00f1o y se encuentra entre los escritores de \u201cAm I Okay?\u201d, nominada a Canci\u00f3n del A\u00f1o de Moroney.<\/p>\n<p><b>Explore nuestra colecci\u00f3n de pa\u00edses que incluye vinilos y CD de edici\u00f3n limitada aqu\u00ed.<\/b><\/p>\n","protected":false},"excerpt":{"rendered":"<p>Se han revelado los nominados a los Premios de la Academia de M\u00fasica Country 2026. Entre los artistas nominados a premios este a\u00f1o se encuentran<\/p>\n","protected":false},"author":1,"featured_media":5636,"comment_status":"closed","ping_status":"","sticky":false,"template":"","format":"standard","meta":{"footnotes":""},"categories":[50],"tags":[181,326,2480,180,2479,481,821,1313,327],"class_list":["post-5635","post","type-post","status-publish","format-standard","has-post-thumbnail","hentry","category-el-ultimo","tag-acm","tag-chris","tag-lambert","tag-los","tag-miranda","tag-nominaciones","tag-premios","tag-reciben","tag-stapleton","generate-columns","tablet-grid-50","mobile-grid-100","grid-parent","grid-50"],"yoast_head":"<!-- This site is optimized with the Yoast SEO plugin v23.3 - https:\/\/yoast.com\/wordpress\/plugins\/seo\/ -->\n<title>Chris Stapleton y Miranda Lambert reciben nominaciones a los premios ACM 2026<\/title>\n<meta name=\"robots\" content=\"index, follow, max-snippet:-1, max-image-preview:large, max-video-preview:-1\" \/>\n<link rel=\"canonical\" href=\"https:\/\/web.consaguirre.com.ar\/noticias\/chris-stapleton-y-miranda-lambert-reciben-nominaciones-a-los-premios-acm-2026\/\" \/>\n<meta property=\"og:locale\" content=\"es_ES\" \/>\n<meta property=\"og:type\" content=\"article\" \/>\n<meta property=\"og:title\" content=\"Chris Stapleton y Miranda Lambert reciben nominaciones a los premios ACM 2026\" \/>\n<meta property=\"og:description\" content=\"Se han revelado los nominados a los Premios de la Academia de M\u00fasica Country 2026. Entre los artistas nominados a premios este a\u00f1o se encuentran\" \/>\n<meta property=\"og:url\" content=\"https:\/\/web.consaguirre.com.ar\/noticias\/chris-stapleton-y-miranda-lambert-reciben-nominaciones-a-los-premios-acm-2026\/\" \/>\n<meta property=\"og:site_name\" content=\"Conservatorio de M\u00fasica Juli\u00e1n Aguirre\" \/>\n<meta property=\"article:published_time\" content=\"2026-04-13T17:38:36+00:00\" \/>\n<meta property=\"article:modified_time\" content=\"2026-04-13T17:38:38+00:00\" \/>\n<meta property=\"og:image\" content=\"https:\/\/web.consaguirre.com.ar\/noticias\/wp-content\/uploads\/2026\/04\/Chris-Stapleton-y-Miranda-Lambert-reciben-nominaciones-a-los-premios.jpg\" \/>\n\t<meta property=\"og:image:width\" content=\"820\" \/>\n\t<meta property=\"og:image:height\" content=\"820\" \/>\n\t<meta property=\"og:image:type\" content=\"image\/jpeg\" \/>\n<meta name=\"author\" content=\"Javier Figueroa\" \/>\n<meta name=\"twitter:card\" content=\"summary_large_image\" \/>\n<meta name=\"twitter:label1\" content=\"Escrito por\" \/>\n\t<meta name=\"twitter:data1\" content=\"Javier Figueroa\" \/>\n\t<meta name=\"twitter:label2\" content=\"Tiempo de lectura\" \/>\n\t<meta name=\"twitter:data2\" content=\"2 minutos\" \/>\n<script type=\"application\/ld+json\" class=\"yoast-schema-graph\">{\"@context\":\"https:\/\/schema.org\",\"@graph\":[{\"@type\":\"Article\",\"@id\":\"https:\/\/web.consaguirre.com.ar\/noticias\/chris-stapleton-y-miranda-lambert-reciben-nominaciones-a-los-premios-acm-2026\/#article\",\"isPartOf\":{\"@id\":\"https:\/\/web.consaguirre.com.ar\/noticias\/chris-stapleton-y-miranda-lambert-reciben-nominaciones-a-los-premios-acm-2026\/\"},\"author\":{\"name\":\"Javier Figueroa\",\"@id\":\"https:\/\/web.consaguirre.com.ar\/noticias\/#\/schema\/person\/6558b0cfedee7ddc5425602b237d5722\"},\"headline\":\"Chris Stapleton y Miranda Lambert reciben nominaciones a los premios ACM 2026\",\"datePublished\":\"2026-04-13T17:38:36+00:00\",\"dateModified\":\"2026-04-13T17:38:38+00:00\",\"mainEntityOfPage\":{\"@id\":\"https:\/\/web.consaguirre.com.ar\/noticias\/chris-stapleton-y-miranda-lambert-reciben-nominaciones-a-los-premios-acm-2026\/\"},\"wordCount\":476,\"publisher\":{\"@id\":\"https:\/\/web.consaguirre.com.ar\/noticias\/#organization\"},\"image\":{\"@id\":\"https:\/\/web.consaguirre.com.ar\/noticias\/chris-stapleton-y-miranda-lambert-reciben-nominaciones-a-los-premios-acm-2026\/#primaryimage\"},\"thumbnailUrl\":\"https:\/\/web.consaguirre.com.ar\/noticias\/wp-content\/uploads\/2026\/04\/Chris-Stapleton-y-Miranda-Lambert-reciben-nominaciones-a-los-premios.jpg\",\"keywords\":[\"ACM\",\"Chris\",\"Lambert\",\"los\",\"Miranda\",\"nominaciones\",\"premios\",\"reciben\",\"Stapleton\"],\"articleSection\":[\"El \u00faltimo\"],\"inLanguage\":\"es-AR\"},{\"@type\":\"WebPage\",\"@id\":\"https:\/\/web.consaguirre.com.ar\/noticias\/chris-stapleton-y-miranda-lambert-reciben-nominaciones-a-los-premios-acm-2026\/\",\"url\":\"https:\/\/web.consaguirre.com.ar\/noticias\/chris-stapleton-y-miranda-lambert-reciben-nominaciones-a-los-premios-acm-2026\/\",\"name\":\"Chris Stapleton y Miranda Lambert reciben nominaciones a los premios ACM 2026\",\"isPartOf\":{\"@id\":\"https:\/\/web.consaguirre.com.ar\/noticias\/#website\"},\"primaryImageOfPage\":{\"@id\":\"https:\/\/web.consaguirre.com.ar\/noticias\/chris-stapleton-y-miranda-lambert-reciben-nominaciones-a-los-premios-acm-2026\/#primaryimage\"},\"image\":{\"@id\":\"https:\/\/web.consaguirre.com.ar\/noticias\/chris-stapleton-y-miranda-lambert-reciben-nominaciones-a-los-premios-acm-2026\/#primaryimage\"},\"thumbnailUrl\":\"https:\/\/web.consaguirre.com.ar\/noticias\/wp-content\/uploads\/2026\/04\/Chris-Stapleton-y-Miranda-Lambert-reciben-nominaciones-a-los-premios.jpg\",\"datePublished\":\"2026-04-13T17:38:36+00:00\",\"dateModified\":\"2026-04-13T17:38:38+00:00\",\"breadcrumb\":{\"@id\":\"https:\/\/web.consaguirre.com.ar\/noticias\/chris-stapleton-y-miranda-lambert-reciben-nominaciones-a-los-premios-acm-2026\/#breadcrumb\"},\"inLanguage\":\"es-AR\",\"potentialAction\":[{\"@type\":\"ReadAction\",\"target\":[\"https:\/\/web.consaguirre.com.ar\/noticias\/chris-stapleton-y-miranda-lambert-reciben-nominaciones-a-los-premios-acm-2026\/\"]}]},{\"@type\":\"ImageObject\",\"inLanguage\":\"es-AR\",\"@id\":\"https:\/\/web.consaguirre.com.ar\/noticias\/chris-stapleton-y-miranda-lambert-reciben-nominaciones-a-los-premios-acm-2026\/#primaryimage\",\"url\":\"https:\/\/web.consaguirre.com.ar\/noticias\/wp-content\/uploads\/2026\/04\/Chris-Stapleton-y-Miranda-Lambert-reciben-nominaciones-a-los-premios.jpg\",\"contentUrl\":\"https:\/\/web.consaguirre.com.ar\/noticias\/wp-content\/uploads\/2026\/04\/Chris-Stapleton-y-Miranda-Lambert-reciben-nominaciones-a-los-premios.jpg\",\"width\":820,\"height\":820,\"caption\":\"Miranda Lambert and Chris Stapleton A Song To Sing\"},{\"@type\":\"BreadcrumbList\",\"@id\":\"https:\/\/web.consaguirre.com.ar\/noticias\/chris-stapleton-y-miranda-lambert-reciben-nominaciones-a-los-premios-acm-2026\/#breadcrumb\",\"itemListElement\":[{\"@type\":\"ListItem\",\"position\":1,\"name\":\"Inicio\",\"item\":\"https:\/\/web.consaguirre.com.ar\/noticias\/\"},{\"@type\":\"ListItem\",\"position\":2,\"name\":\"Chris Stapleton y Miranda Lambert reciben nominaciones a los premios ACM 2026\"}]},{\"@type\":\"WebSite\",\"@id\":\"https:\/\/web.consaguirre.com.ar\/noticias\/#website\",\"url\":\"https:\/\/web.consaguirre.com.ar\/noticias\/\",\"name\":\"Conservatorio de M\u00fasica Juli\u00e1n Aguirre\",\"description\":\"\",\"publisher\":{\"@id\":\"https:\/\/web.consaguirre.com.ar\/noticias\/#organization\"},\"potentialAction\":[{\"@type\":\"SearchAction\",\"target\":{\"@type\":\"EntryPoint\",\"urlTemplate\":\"https:\/\/web.consaguirre.com.ar\/noticias\/?s={search_term_string}\"},\"query-input\":\"required name=search_term_string\"}],\"inLanguage\":\"es-AR\"},{\"@type\":\"Organization\",\"@id\":\"https:\/\/web.consaguirre.com.ar\/noticias\/#organization\",\"name\":\"Conservatorio de M\u00fasica Juli\u00e1n Aguirre\",\"url\":\"https:\/\/web.consaguirre.com.ar\/noticias\/\",\"logo\":{\"@type\":\"ImageObject\",\"inLanguage\":\"es-AR\",\"@id\":\"https:\/\/web.consaguirre.com.ar\/noticias\/#\/schema\/logo\/image\/\",\"url\":\"https:\/\/web.consaguirre.com.ar\/noticias\/wp-content\/uploads\/2024\/08\/Banner-Aguirre-23.jpg\",\"contentUrl\":\"https:\/\/web.consaguirre.com.ar\/noticias\/wp-content\/uploads\/2024\/08\/Banner-Aguirre-23.jpg\",\"width\":1192,\"height\":600,\"caption\":\"Conservatorio de M\u00fasica Juli\u00e1n Aguirre\"},\"image\":{\"@id\":\"https:\/\/web.consaguirre.com.ar\/noticias\/#\/schema\/logo\/image\/\"}},{\"@type\":\"Person\",\"@id\":\"https:\/\/web.consaguirre.com.ar\/noticias\/#\/schema\/person\/6558b0cfedee7ddc5425602b237d5722\",\"name\":\"Javier Figueroa\",\"image\":{\"@type\":\"ImageObject\",\"inLanguage\":\"es-AR\",\"@id\":\"https:\/\/web.consaguirre.com.ar\/noticias\/#\/schema\/person\/image\/\",\"url\":\"https:\/\/web.consaguirre.com.ar\/noticias\/wp-content\/uploads\/2024\/08\/Consaguirre-scaled.jpg\",\"contentUrl\":\"https:\/\/web.consaguirre.com.ar\/noticias\/wp-content\/uploads\/2024\/08\/Consaguirre-scaled.jpg\",\"caption\":\"Javier Figueroa\"},\"description\":\"Me llamo Javier Figueroa y soy redactor para el sitio oficial del Conservatorio de M\u00fasica Juli\u00e1n Aguirre en Buenos Aires, consaguirre.com. Apasionado por la m\u00fasica y la escritura, me esfuerzo por destacar los talentos y eventos de nuestra prestigiosa instituci\u00f3n. Mi trayectoria se nutre de una profunda admiraci\u00f3n por los artistas, haciendo de cada art\u00edculo una celebraci\u00f3n de la creatividad y la cultura musical.\",\"sameAs\":[\"https:\/\/web.consaguirre.com.ar\/noticias\"]}]}<\/script>\n<!-- \/ Yoast SEO plugin. -->","yoast_head_json":{"title":"Chris Stapleton y Miranda Lambert reciben nominaciones a los premios ACM 2026","robots":{"index":"index","follow":"follow","max-snippet":"max-snippet:-1","max-image-preview":"max-image-preview:large","max-video-preview":"max-video-preview:-1"},"canonical":"https:\/\/web.consaguirre.com.ar\/noticias\/chris-stapleton-y-miranda-lambert-reciben-nominaciones-a-los-premios-acm-2026\/","og_locale":"es_ES","og_type":"article","og_title":"Chris Stapleton y Miranda Lambert reciben nominaciones a los premios ACM 2026","og_description":"Se han revelado los nominados a los Premios de la Academia de M\u00fasica Country 2026. Entre los artistas nominados a premios este a\u00f1o se encuentran","og_url":"https:\/\/web.consaguirre.com.ar\/noticias\/chris-stapleton-y-miranda-lambert-reciben-nominaciones-a-los-premios-acm-2026\/","og_site_name":"Conservatorio de M\u00fasica Juli\u00e1n Aguirre","article_published_time":"2026-04-13T17:38:36+00:00","article_modified_time":"2026-04-13T17:38:38+00:00","og_image":[{"width":820,"height":820,"url":"https:\/\/web.consaguirre.com.ar\/noticias\/wp-content\/uploads\/2026\/04\/Chris-Stapleton-y-Miranda-Lambert-reciben-nominaciones-a-los-premios.jpg","type":"image\/jpeg"}],"author":"Javier Figueroa","twitter_card":"summary_large_image","twitter_misc":{"Escrito por":"Javier Figueroa","Tiempo de lectura":"2 minutos"},"schema":{"@context":"https:\/\/schema.org","@graph":[{"@type":"Article","@id":"https:\/\/web.consaguirre.com.ar\/noticias\/chris-stapleton-y-miranda-lambert-reciben-nominaciones-a-los-premios-acm-2026\/#article","isPartOf":{"@id":"https:\/\/web.consaguirre.com.ar\/noticias\/chris-stapleton-y-miranda-lambert-reciben-nominaciones-a-los-premios-acm-2026\/"},"author":{"name":"Javier Figueroa","@id":"https:\/\/web.consaguirre.com.ar\/noticias\/#\/schema\/person\/6558b0cfedee7ddc5425602b237d5722"},"headline":"Chris Stapleton y Miranda Lambert reciben nominaciones a los premios ACM 2026","datePublished":"2026-04-13T17:38:36+00:00","dateModified":"2026-04-13T17:38:38+00:00","mainEntityOfPage":{"@id":"https:\/\/web.consaguirre.com.ar\/noticias\/chris-stapleton-y-miranda-lambert-reciben-nominaciones-a-los-premios-acm-2026\/"},"wordCount":476,"publisher":{"@id":"https:\/\/web.consaguirre.com.ar\/noticias\/#organization"},"image":{"@id":"https:\/\/web.consaguirre.com.ar\/noticias\/chris-stapleton-y-miranda-lambert-reciben-nominaciones-a-los-premios-acm-2026\/#primaryimage"},"thumbnailUrl":"https:\/\/web.consaguirre.com.ar\/noticias\/wp-content\/uploads\/2026\/04\/Chris-Stapleton-y-Miranda-Lambert-reciben-nominaciones-a-los-premios.jpg","keywords":["ACM","Chris","Lambert","los","Miranda","nominaciones","premios","reciben","Stapleton"],"articleSection":["El \u00faltimo"],"inLanguage":"es-AR"},{"@type":"WebPage","@id":"https:\/\/web.consaguirre.com.ar\/noticias\/chris-stapleton-y-miranda-lambert-reciben-nominaciones-a-los-premios-acm-2026\/","url":"https:\/\/web.consaguirre.com.ar\/noticias\/chris-stapleton-y-miranda-lambert-reciben-nominaciones-a-los-premios-acm-2026\/","name":"Chris Stapleton y Miranda Lambert reciben nominaciones a los premios ACM 2026","isPartOf":{"@id":"https:\/\/web.consaguirre.com.ar\/noticias\/#website"},"primaryImageOfPage":{"@id":"https:\/\/web.consaguirre.com.ar\/noticias\/chris-stapleton-y-miranda-lambert-reciben-nominaciones-a-los-premios-acm-2026\/#primaryimage"},"image":{"@id":"https:\/\/web.consaguirre.com.ar\/noticias\/chris-stapleton-y-miranda-lambert-reciben-nominaciones-a-los-premios-acm-2026\/#primaryimage"},"thumbnailUrl":"https:\/\/web.consaguirre.com.ar\/noticias\/wp-content\/uploads\/2026\/04\/Chris-Stapleton-y-Miranda-Lambert-reciben-nominaciones-a-los-premios.jpg","datePublished":"2026-04-13T17:38:36+00:00","dateModified":"2026-04-13T17:38:38+00:00","breadcrumb":{"@id":"https:\/\/web.consaguirre.com.ar\/noticias\/chris-stapleton-y-miranda-lambert-reciben-nominaciones-a-los-premios-acm-2026\/#breadcrumb"},"inLanguage":"es-AR","potentialAction":[{"@type":"ReadAction","target":["https:\/\/web.consaguirre.com.ar\/noticias\/chris-stapleton-y-miranda-lambert-reciben-nominaciones-a-los-premios-acm-2026\/"]}]},{"@type":"ImageObject","inLanguage":"es-AR","@id":"https:\/\/web.consaguirre.com.ar\/noticias\/chris-stapleton-y-miranda-lambert-reciben-nominaciones-a-los-premios-acm-2026\/#primaryimage","url":"https:\/\/web.consaguirre.com.ar\/noticias\/wp-content\/uploads\/2026\/04\/Chris-Stapleton-y-Miranda-Lambert-reciben-nominaciones-a-los-premios.jpg","contentUrl":"https:\/\/web.consaguirre.com.ar\/noticias\/wp-content\/uploads\/2026\/04\/Chris-Stapleton-y-Miranda-Lambert-reciben-nominaciones-a-los-premios.jpg","width":820,"height":820,"caption":"Miranda Lambert and Chris Stapleton A Song To Sing"},{"@type":"BreadcrumbList","@id":"https:\/\/web.consaguirre.com.ar\/noticias\/chris-stapleton-y-miranda-lambert-reciben-nominaciones-a-los-premios-acm-2026\/#breadcrumb","itemListElement":[{"@type":"ListItem","position":1,"name":"Inicio","item":"https:\/\/web.consaguirre.com.ar\/noticias\/"},{"@type":"ListItem","position":2,"name":"Chris Stapleton y Miranda Lambert reciben nominaciones a los premios ACM 2026"}]},{"@type":"WebSite","@id":"https:\/\/web.consaguirre.com.ar\/noticias\/#website","url":"https:\/\/web.consaguirre.com.ar\/noticias\/","name":"Conservatorio de M\u00fasica Juli\u00e1n Aguirre","description":"","publisher":{"@id":"https:\/\/web.consaguirre.com.ar\/noticias\/#organization"},"potentialAction":[{"@type":"SearchAction","target":{"@type":"EntryPoint","urlTemplate":"https:\/\/web.consaguirre.com.ar\/noticias\/?s={search_term_string}"},"query-input":"required name=search_term_string"}],"inLanguage":"es-AR"},{"@type":"Organization","@id":"https:\/\/web.consaguirre.com.ar\/noticias\/#organization","name":"Conservatorio de M\u00fasica Juli\u00e1n Aguirre","url":"https:\/\/web.consaguirre.com.ar\/noticias\/","logo":{"@type":"ImageObject","inLanguage":"es-AR","@id":"https:\/\/web.consaguirre.com.ar\/noticias\/#\/schema\/logo\/image\/","url":"https:\/\/web.consaguirre.com.ar\/noticias\/wp-content\/uploads\/2024\/08\/Banner-Aguirre-23.jpg","contentUrl":"https:\/\/web.consaguirre.com.ar\/noticias\/wp-content\/uploads\/2024\/08\/Banner-Aguirre-23.jpg","width":1192,"height":600,"caption":"Conservatorio de M\u00fasica Juli\u00e1n Aguirre"},"image":{"@id":"https:\/\/web.consaguirre.com.ar\/noticias\/#\/schema\/logo\/image\/"}},{"@type":"Person","@id":"https:\/\/web.consaguirre.com.ar\/noticias\/#\/schema\/person\/6558b0cfedee7ddc5425602b237d5722","name":"Javier Figueroa","image":{"@type":"ImageObject","inLanguage":"es-AR","@id":"https:\/\/web.consaguirre.com.ar\/noticias\/#\/schema\/person\/image\/","url":"https:\/\/web.consaguirre.com.ar\/noticias\/wp-content\/uploads\/2024\/08\/Consaguirre-scaled.jpg","contentUrl":"https:\/\/web.consaguirre.com.ar\/noticias\/wp-content\/uploads\/2024\/08\/Consaguirre-scaled.jpg","caption":"Javier Figueroa"},"description":"Me llamo Javier Figueroa y soy redactor para el sitio oficial del Conservatorio de M\u00fasica Juli\u00e1n Aguirre en Buenos Aires, consaguirre.com. Apasionado por la m\u00fasica y la escritura, me esfuerzo por destacar los talentos y eventos de nuestra prestigiosa instituci\u00f3n. Mi trayectoria se nutre de una profunda admiraci\u00f3n por los artistas, haciendo de cada art\u00edculo una celebraci\u00f3n de la creatividad y la cultura musical.","sameAs":["https:\/\/web.consaguirre.com.ar\/noticias"]}]}},"_links":{"self":[{"href":"https:\/\/web.consaguirre.com.ar\/noticias\/wp-json\/wp\/v2\/posts\/5635"}],"collection":[{"href":"https:\/\/web.consaguirre.com.ar\/noticias\/wp-json\/wp\/v2\/posts"}],"about":[{"href":"https:\/\/web.consaguirre.com.ar\/noticias\/wp-json\/wp\/v2\/types\/post"}],"author":[{"embeddable":true,"href":"https:\/\/web.consaguirre.com.ar\/noticias\/wp-json\/wp\/v2\/users\/1"}],"replies":[{"embeddable":true,"href":"https:\/\/web.consaguirre.com.ar\/noticias\/wp-json\/wp\/v2\/comments?post=5635"}],"version-history":[{"count":1,"href":"https:\/\/web.consaguirre.com.ar\/noticias\/wp-json\/wp\/v2\/posts\/5635\/revisions"}],"predecessor-version":[{"id":5637,"href":"https:\/\/web.consaguirre.com.ar\/noticias\/wp-json\/wp\/v2\/posts\/5635\/revisions\/5637"}],"wp:featuredmedia":[{"embeddable":true,"href":"https:\/\/web.consaguirre.com.ar\/noticias\/wp-json\/wp\/v2\/media\/5636"}],"wp:attachment":[{"href":"https:\/\/web.consaguirre.com.ar\/noticias\/wp-json\/wp\/v2\/media?parent=5635"}],"wp:term":[{"taxonomy":"category","embeddable":true,"href":"https:\/\/web.consaguirre.com.ar\/noticias\/wp-json\/wp\/v2\/categories?post=5635"},{"taxonomy":"post_tag","embeddable":true,"href":"https:\/\/web.consaguirre.com.ar\/noticias\/wp-json\/wp\/v2\/tags?post=5635"}],"curies":[{"name":"wp","href":"https:\/\/api.w.org\/{rel}","templated":true}]}}