{"id":5624,"date":"2026-04-10T20:38:38","date_gmt":"2026-04-10T23:38:38","guid":{"rendered":"https:\/\/web.consaguirre.com.ar\/noticias\/noah-kahan-anuncia-gira-mundial-the-great-divide\/"},"modified":"2026-04-10T20:38:39","modified_gmt":"2026-04-10T23:38:39","slug":"noah-kahan-anuncia-gira-mundial-the-great-divide","status":"publish","type":"post","link":"https:\/\/web.consaguirre.com.ar\/noticias\/noah-kahan-anuncia-gira-mundial-the-great-divide\/","title":{"rendered":"Noah Kahan anuncia gira mundial &#8216;The Great Divide&#8217;"},"content":{"rendered":"<p>Noah Kahan ha anunciado nuevas fechas internacionales para su gira mundial &#8216;The Great Divide&#8217; 2026, con espect\u00e1culos en estadios programados para Australia, Nueva Zelanda, el Reino Unido y Europa este oto\u00f1o. La ruta recientemente revelada comienza el 25 de septiembre en Melbourne y contin\u00faa hasta diciembre, con paradas en Sydney, Auckland, Glasgow, Manchester, Londres, Dubl\u00edn, Amsterdam, Par\u00eds y m\u00e1s. El apoyo en fechas seleccionadas vendr\u00e1 de Michael Marcagi, Bella Kay y Mon Rov\u00eda.<\/p>\n<div align=\"center\">\n<div class=\"udiscover-store-container\">\n<div id='udiscover-store-three-product'><\/div>\n<\/div>\n<p>\/*<!(CDATA(*\/(function (){var scriptURL='https:\/\/sdks.shopifycdn.com\/buy-button\/latest\/buy-button-storefront.min.js';if(window.ShopifyBuy){if(window.ShopifyBuy.UI){ShopifyBuyInit();}else{loadScript();}}else{loadScript();}funci\u00f3n loadScript(){var script=document.createElement('script');script.async=true;script.src=scriptURL;(document.getElementsByTagName('head')(0)|| document.getElementsByTagName('body')(0)).appendChild(script);script.onload=ShopifyBuyInit;} function ShopifyBuyInit(){var cliente=ShopifyBuy.buildClient({dominio:'udiscover.myshopify.com',storefrontAccessToken: 'bdc89f347d2ce61c1feeb9f8c60b2b98',}); ShopifyBuy.UI.onReady(cliente).luego(funci\u00f3n(ui){ ui.createComponent('productSet',{ id:(7684846190669,7684846223437,7453974003789), nodo:document.getElementById('udiscover-store-tres-producto'), moneyFormat:'%24%7B%7Bamount%7D%7D', opciones:{&quot;producto&quot;:{&quot;marco flotante&quot;:FALSO,&quot;bot\u00f3nDestino&quot;:&quot;modal&quot;,&quot;contenido&quot;:{&quot;opciones&quot;:verdadero},&quot;texto&quot;:{&quot;bot\u00f3n&quot;:&quot;PEDIR AHORA&quot;,&quot;Agotado&quot;:&quot;Lo sentimos, esto est\u00e1 agotado.&quot;}},&quot;conjunto de productos&quot;:{&quot;marco flotante&quot;:FALSO},&quot;modalProducto&quot;:{&quot;marco flotante&quot;:FALSO,&quot;contenido&quot;:{&quot;imagen&quot;:FALSO,&quot;imgConCarrusel&quot;:verdadero,&quot;bot\u00f3n&quot;:FALSO,&quot;bot\u00f3nConCantidad&quot;:verdadero}},&quot;modal&quot;:{&quot;marco flotante&quot;:FALSO},&quot;opci\u00f3n&quot;:{&quot;marco flotante&quot;:FALSO},&quot;carro&quot;:{&quot;marco flotante&quot;:FALSO},&quot;palanca&quot;:{&quot;marco flotante&quot;:FALSO,&quot;contenido&quot;:{&quot;icono&quot;:FALSO}},&quot;art\u00edculo de l\u00ednea&quot;:{&quot;marco flotante&quot;:FALSO}}, }); }); } })(); \/*))>*\/ <\/div>\n<\/p>\n<p>Las entradas para los nuevos espect\u00e1culos estar\u00e1n disponibles primero a trav\u00e9s de la preventa de artistas a partir del 15 de abril, seguida de la venta general el 17 de abril. La etapa internacional sigue a la gran demanda de las fechas de Kahan en Am\u00e9rica del Norte, que lo llevar\u00e1n a un estadio con entradas agotadas este verano. Gigi P\u00e9rez actuar\u00e1 como telonero en todas las fechas, y Annabelle Dinda se unir\u00e1 a la mayor\u00eda de los shows. Entre los aspectos m\u00e1s destacados de ese itinerario se encuentran cuatro actuaciones en el Fenway Park de Boston, que subrayan la escala del \u00faltimo cap\u00edtulo en vivo del cantautor.<\/p>\n<div class=\"uD-YT-container\"><img decoding=\"async\" src=\"https:\/\/web.consaguirre.com.ar\/noticias\/wp-content\/uploads\/2026\/04\/Noah-Kahan-anuncia-gira-mundial-The-Great-Divide.jpg\" alt=\"V\u00eddeo de YouTube\"><br \/>Haga clic para cargar v\u00eddeo<\/div>\n<p>La noticia de la gira llega justo antes del lanzamiento del cuarto \u00e1lbum de estudio de Kahan, <i>La gran divisi\u00f3n<\/i>que saldr\u00e1 el 24 de abril a trav\u00e9s de Mercury Records. La canci\u00f3n que da t\u00edtulo al proyecto, \u201cThe Great Divide\u201d, ya ha presentado el \u00e1lbum, generando expectativa por lo que marca la pr\u00f3xima declaraci\u00f3n de larga duraci\u00f3n de Kahan luego del gran \u00e9xito de <i>Temporada de palos<\/i>. Adem\u00e1s del lanzamiento del \u00e1lbum, Kahan tambi\u00e9n se est\u00e1 preparando para presentar el documental de Netflix. <i>Noah Kahan: Fuera del cuerpo<\/i> el 13 de abril. Dirigida por Nick Sweeney, la pel\u00edcula se estren\u00f3 en el Festival de Cine SXSW 2026, donde recibi\u00f3 el premio del p\u00fablico de 24 latidos por segundo. El revelador documental incluye clips de sus famosos espect\u00e1culos de 2024 en Fenway Park y reflexiones sobre la fama. Cuando un amigo pregunta: &#8220;\u00bfAlguna vez te preocupa que este sea el pico?&#8221;, Kahan responde: &#8220;En realidad, eso es todo en lo que pienso&#8221;.<\/p>\n<p>El mes pasado, Kahan revel\u00f3 la segunda canci\u00f3n del disco, \u201cPorch Light\u201d. Esa canci\u00f3n fue escrita por Kahan junto al productor Aaron Dessner (Taylor Swift, Bon Iver) durante su primera sesi\u00f3n juntos, y producida por Kahan, Dessner y el productor y <em>Temporada de palos<\/em> colaborador Gabe Simon (Dua Lipa, Lana Del Rey, Koe Wetzel).<\/p>\n<p><b>Explore la m\u00fasica de Noah Kahan en vinilo y CD aqu\u00ed.<\/b><\/p>\n","protected":false},"excerpt":{"rendered":"<p>Noah Kahan ha anunciado nuevas fechas internacionales para su gira mundial &#8216;The Great Divide&#8217; 2026, con espect\u00e1culos en estadios programados para Australia, Nueva Zelanda, el<\/p>\n","protected":false},"author":1,"featured_media":5030,"comment_status":"closed","ping_status":"","sticky":false,"template":"","format":"standard","meta":{"footnotes":""},"categories":[50],"tags":[56,3773,492,1649,55,584,54],"class_list":["post-5624","post","type-post","status-publish","format-standard","has-post-thumbnail","hentry","category-el-ultimo","tag-anuncia","tag-divide","tag-gira","tag-great","tag-kahan","tag-mundial","tag-noah","generate-columns","tablet-grid-50","mobile-grid-100","grid-parent","grid-50"],"yoast_head":"<!-- This site is optimized with the Yoast SEO plugin v23.3 - https:\/\/yoast.com\/wordpress\/plugins\/seo\/ -->\n<title>Noah Kahan anuncia gira mundial &#039;The Great Divide&#039;<\/title>\n<meta name=\"robots\" content=\"index, follow, max-snippet:-1, max-image-preview:large, max-video-preview:-1\" \/>\n<link rel=\"canonical\" href=\"https:\/\/web.consaguirre.com.ar\/noticias\/noah-kahan-anuncia-gira-mundial-the-great-divide\/\" \/>\n<meta property=\"og:locale\" content=\"es_ES\" \/>\n<meta property=\"og:type\" content=\"article\" \/>\n<meta property=\"og:title\" content=\"Noah Kahan anuncia gira mundial &#039;The Great Divide&#039;\" \/>\n<meta property=\"og:description\" content=\"Noah Kahan ha anunciado nuevas fechas internacionales para su gira mundial &#8216;The Great Divide&#8217; 2026, con espect\u00e1culos en estadios programados para Australia, Nueva Zelanda, el\" \/>\n<meta property=\"og:url\" content=\"https:\/\/web.consaguirre.com.ar\/noticias\/noah-kahan-anuncia-gira-mundial-the-great-divide\/\" \/>\n<meta property=\"og:site_name\" content=\"Conservatorio de M\u00fasica Juli\u00e1n Aguirre\" \/>\n<meta property=\"article:published_time\" content=\"2026-04-10T23:38:38+00:00\" \/>\n<meta property=\"article:modified_time\" content=\"2026-04-10T23:38:39+00:00\" \/>\n<meta property=\"og:image\" content=\"https:\/\/web.consaguirre.com.ar\/noticias\/wp-content\/uploads\/2026\/02\/Noah-Kahan-anuncia-la-gira-por-el-estadio-Great-Divide.jpg\" \/>\n\t<meta property=\"og:image:width\" content=\"820\" \/>\n\t<meta property=\"og:image:height\" content=\"820\" \/>\n\t<meta property=\"og:image:type\" content=\"image\/jpeg\" \/>\n<meta name=\"author\" content=\"Javier Figueroa\" \/>\n<meta name=\"twitter:card\" content=\"summary_large_image\" \/>\n<meta name=\"twitter:label1\" content=\"Escrito por\" \/>\n\t<meta name=\"twitter:data1\" content=\"Javier Figueroa\" \/>\n\t<meta name=\"twitter:label2\" content=\"Tiempo de lectura\" \/>\n\t<meta name=\"twitter:data2\" content=\"2 minutos\" \/>\n<script type=\"application\/ld+json\" class=\"yoast-schema-graph\">{\"@context\":\"https:\/\/schema.org\",\"@graph\":[{\"@type\":\"Article\",\"@id\":\"https:\/\/web.consaguirre.com.ar\/noticias\/noah-kahan-anuncia-gira-mundial-the-great-divide\/#article\",\"isPartOf\":{\"@id\":\"https:\/\/web.consaguirre.com.ar\/noticias\/noah-kahan-anuncia-gira-mundial-the-great-divide\/\"},\"author\":{\"name\":\"Javier Figueroa\",\"@id\":\"https:\/\/web.consaguirre.com.ar\/noticias\/#\/schema\/person\/6558b0cfedee7ddc5425602b237d5722\"},\"headline\":\"Noah Kahan anuncia gira mundial &#8216;The Great Divide&#8217;\",\"datePublished\":\"2026-04-10T23:38:38+00:00\",\"dateModified\":\"2026-04-10T23:38:39+00:00\",\"mainEntityOfPage\":{\"@id\":\"https:\/\/web.consaguirre.com.ar\/noticias\/noah-kahan-anuncia-gira-mundial-the-great-divide\/\"},\"wordCount\":444,\"publisher\":{\"@id\":\"https:\/\/web.consaguirre.com.ar\/noticias\/#organization\"},\"image\":{\"@id\":\"https:\/\/web.consaguirre.com.ar\/noticias\/noah-kahan-anuncia-gira-mundial-the-great-divide\/#primaryimage\"},\"thumbnailUrl\":\"https:\/\/web.consaguirre.com.ar\/noticias\/wp-content\/uploads\/2026\/02\/Noah-Kahan-anuncia-la-gira-por-el-estadio-Great-Divide.jpg\",\"keywords\":[\"anuncia\",\"Divide\",\"gira\",\"Great\",\"Kahan\",\"mundial\",\"Noah\"],\"articleSection\":[\"El \u00faltimo\"],\"inLanguage\":\"es-AR\"},{\"@type\":\"WebPage\",\"@id\":\"https:\/\/web.consaguirre.com.ar\/noticias\/noah-kahan-anuncia-gira-mundial-the-great-divide\/\",\"url\":\"https:\/\/web.consaguirre.com.ar\/noticias\/noah-kahan-anuncia-gira-mundial-the-great-divide\/\",\"name\":\"Noah Kahan anuncia gira mundial 'The Great Divide'\",\"isPartOf\":{\"@id\":\"https:\/\/web.consaguirre.com.ar\/noticias\/#website\"},\"primaryImageOfPage\":{\"@id\":\"https:\/\/web.consaguirre.com.ar\/noticias\/noah-kahan-anuncia-gira-mundial-the-great-divide\/#primaryimage\"},\"image\":{\"@id\":\"https:\/\/web.consaguirre.com.ar\/noticias\/noah-kahan-anuncia-gira-mundial-the-great-divide\/#primaryimage\"},\"thumbnailUrl\":\"https:\/\/web.consaguirre.com.ar\/noticias\/wp-content\/uploads\/2026\/02\/Noah-Kahan-anuncia-la-gira-por-el-estadio-Great-Divide.jpg\",\"datePublished\":\"2026-04-10T23:38:38+00:00\",\"dateModified\":\"2026-04-10T23:38:39+00:00\",\"breadcrumb\":{\"@id\":\"https:\/\/web.consaguirre.com.ar\/noticias\/noah-kahan-anuncia-gira-mundial-the-great-divide\/#breadcrumb\"},\"inLanguage\":\"es-AR\",\"potentialAction\":[{\"@type\":\"ReadAction\",\"target\":[\"https:\/\/web.consaguirre.com.ar\/noticias\/noah-kahan-anuncia-gira-mundial-the-great-divide\/\"]}]},{\"@type\":\"ImageObject\",\"inLanguage\":\"es-AR\",\"@id\":\"https:\/\/web.consaguirre.com.ar\/noticias\/noah-kahan-anuncia-gira-mundial-the-great-divide\/#primaryimage\",\"url\":\"https:\/\/web.consaguirre.com.ar\/noticias\/wp-content\/uploads\/2026\/02\/Noah-Kahan-anuncia-la-gira-por-el-estadio-Great-Divide.jpg\",\"contentUrl\":\"https:\/\/web.consaguirre.com.ar\/noticias\/wp-content\/uploads\/2026\/02\/Noah-Kahan-anuncia-la-gira-por-el-estadio-Great-Divide.jpg\",\"width\":820,\"height\":820,\"caption\":\"Noah Kahan The Great Divide\"},{\"@type\":\"BreadcrumbList\",\"@id\":\"https:\/\/web.consaguirre.com.ar\/noticias\/noah-kahan-anuncia-gira-mundial-the-great-divide\/#breadcrumb\",\"itemListElement\":[{\"@type\":\"ListItem\",\"position\":1,\"name\":\"Inicio\",\"item\":\"https:\/\/web.consaguirre.com.ar\/noticias\/\"},{\"@type\":\"ListItem\",\"position\":2,\"name\":\"Noah Kahan anuncia gira mundial &#8216;The Great Divide&#8217;\"}]},{\"@type\":\"WebSite\",\"@id\":\"https:\/\/web.consaguirre.com.ar\/noticias\/#website\",\"url\":\"https:\/\/web.consaguirre.com.ar\/noticias\/\",\"name\":\"Conservatorio de M\u00fasica Juli\u00e1n Aguirre\",\"description\":\"\",\"publisher\":{\"@id\":\"https:\/\/web.consaguirre.com.ar\/noticias\/#organization\"},\"potentialAction\":[{\"@type\":\"SearchAction\",\"target\":{\"@type\":\"EntryPoint\",\"urlTemplate\":\"https:\/\/web.consaguirre.com.ar\/noticias\/?s={search_term_string}\"},\"query-input\":\"required name=search_term_string\"}],\"inLanguage\":\"es-AR\"},{\"@type\":\"Organization\",\"@id\":\"https:\/\/web.consaguirre.com.ar\/noticias\/#organization\",\"name\":\"Conservatorio de M\u00fasica Juli\u00e1n Aguirre\",\"url\":\"https:\/\/web.consaguirre.com.ar\/noticias\/\",\"logo\":{\"@type\":\"ImageObject\",\"inLanguage\":\"es-AR\",\"@id\":\"https:\/\/web.consaguirre.com.ar\/noticias\/#\/schema\/logo\/image\/\",\"url\":\"https:\/\/web.consaguirre.com.ar\/noticias\/wp-content\/uploads\/2024\/08\/Banner-Aguirre-23.jpg\",\"contentUrl\":\"https:\/\/web.consaguirre.com.ar\/noticias\/wp-content\/uploads\/2024\/08\/Banner-Aguirre-23.jpg\",\"width\":1192,\"height\":600,\"caption\":\"Conservatorio de M\u00fasica Juli\u00e1n Aguirre\"},\"image\":{\"@id\":\"https:\/\/web.consaguirre.com.ar\/noticias\/#\/schema\/logo\/image\/\"}},{\"@type\":\"Person\",\"@id\":\"https:\/\/web.consaguirre.com.ar\/noticias\/#\/schema\/person\/6558b0cfedee7ddc5425602b237d5722\",\"name\":\"Javier Figueroa\",\"image\":{\"@type\":\"ImageObject\",\"inLanguage\":\"es-AR\",\"@id\":\"https:\/\/web.consaguirre.com.ar\/noticias\/#\/schema\/person\/image\/\",\"url\":\"https:\/\/web.consaguirre.com.ar\/noticias\/wp-content\/uploads\/2024\/08\/Consaguirre-scaled.jpg\",\"contentUrl\":\"https:\/\/web.consaguirre.com.ar\/noticias\/wp-content\/uploads\/2024\/08\/Consaguirre-scaled.jpg\",\"caption\":\"Javier Figueroa\"},\"description\":\"Me llamo Javier Figueroa y soy redactor para el sitio oficial del Conservatorio de M\u00fasica Juli\u00e1n Aguirre en Buenos Aires, consaguirre.com. Apasionado por la m\u00fasica y la escritura, me esfuerzo por destacar los talentos y eventos de nuestra prestigiosa instituci\u00f3n. Mi trayectoria se nutre de una profunda admiraci\u00f3n por los artistas, haciendo de cada art\u00edculo una celebraci\u00f3n de la creatividad y la cultura musical.\",\"sameAs\":[\"https:\/\/web.consaguirre.com.ar\/noticias\"]}]}<\/script>\n<!-- \/ Yoast SEO plugin. -->","yoast_head_json":{"title":"Noah Kahan anuncia gira mundial 'The Great Divide'","robots":{"index":"index","follow":"follow","max-snippet":"max-snippet:-1","max-image-preview":"max-image-preview:large","max-video-preview":"max-video-preview:-1"},"canonical":"https:\/\/web.consaguirre.com.ar\/noticias\/noah-kahan-anuncia-gira-mundial-the-great-divide\/","og_locale":"es_ES","og_type":"article","og_title":"Noah Kahan anuncia gira mundial 'The Great Divide'","og_description":"Noah Kahan ha anunciado nuevas fechas internacionales para su gira mundial &#8216;The Great Divide&#8217; 2026, con espect\u00e1culos en estadios programados para Australia, Nueva Zelanda, el","og_url":"https:\/\/web.consaguirre.com.ar\/noticias\/noah-kahan-anuncia-gira-mundial-the-great-divide\/","og_site_name":"Conservatorio de M\u00fasica Juli\u00e1n Aguirre","article_published_time":"2026-04-10T23:38:38+00:00","article_modified_time":"2026-04-10T23:38:39+00:00","og_image":[{"width":820,"height":820,"url":"https:\/\/web.consaguirre.com.ar\/noticias\/wp-content\/uploads\/2026\/02\/Noah-Kahan-anuncia-la-gira-por-el-estadio-Great-Divide.jpg","type":"image\/jpeg"}],"author":"Javier Figueroa","twitter_card":"summary_large_image","twitter_misc":{"Escrito por":"Javier Figueroa","Tiempo de lectura":"2 minutos"},"schema":{"@context":"https:\/\/schema.org","@graph":[{"@type":"Article","@id":"https:\/\/web.consaguirre.com.ar\/noticias\/noah-kahan-anuncia-gira-mundial-the-great-divide\/#article","isPartOf":{"@id":"https:\/\/web.consaguirre.com.ar\/noticias\/noah-kahan-anuncia-gira-mundial-the-great-divide\/"},"author":{"name":"Javier Figueroa","@id":"https:\/\/web.consaguirre.com.ar\/noticias\/#\/schema\/person\/6558b0cfedee7ddc5425602b237d5722"},"headline":"Noah Kahan anuncia gira mundial &#8216;The Great Divide&#8217;","datePublished":"2026-04-10T23:38:38+00:00","dateModified":"2026-04-10T23:38:39+00:00","mainEntityOfPage":{"@id":"https:\/\/web.consaguirre.com.ar\/noticias\/noah-kahan-anuncia-gira-mundial-the-great-divide\/"},"wordCount":444,"publisher":{"@id":"https:\/\/web.consaguirre.com.ar\/noticias\/#organization"},"image":{"@id":"https:\/\/web.consaguirre.com.ar\/noticias\/noah-kahan-anuncia-gira-mundial-the-great-divide\/#primaryimage"},"thumbnailUrl":"https:\/\/web.consaguirre.com.ar\/noticias\/wp-content\/uploads\/2026\/02\/Noah-Kahan-anuncia-la-gira-por-el-estadio-Great-Divide.jpg","keywords":["anuncia","Divide","gira","Great","Kahan","mundial","Noah"],"articleSection":["El \u00faltimo"],"inLanguage":"es-AR"},{"@type":"WebPage","@id":"https:\/\/web.consaguirre.com.ar\/noticias\/noah-kahan-anuncia-gira-mundial-the-great-divide\/","url":"https:\/\/web.consaguirre.com.ar\/noticias\/noah-kahan-anuncia-gira-mundial-the-great-divide\/","name":"Noah Kahan anuncia gira mundial 'The Great Divide'","isPartOf":{"@id":"https:\/\/web.consaguirre.com.ar\/noticias\/#website"},"primaryImageOfPage":{"@id":"https:\/\/web.consaguirre.com.ar\/noticias\/noah-kahan-anuncia-gira-mundial-the-great-divide\/#primaryimage"},"image":{"@id":"https:\/\/web.consaguirre.com.ar\/noticias\/noah-kahan-anuncia-gira-mundial-the-great-divide\/#primaryimage"},"thumbnailUrl":"https:\/\/web.consaguirre.com.ar\/noticias\/wp-content\/uploads\/2026\/02\/Noah-Kahan-anuncia-la-gira-por-el-estadio-Great-Divide.jpg","datePublished":"2026-04-10T23:38:38+00:00","dateModified":"2026-04-10T23:38:39+00:00","breadcrumb":{"@id":"https:\/\/web.consaguirre.com.ar\/noticias\/noah-kahan-anuncia-gira-mundial-the-great-divide\/#breadcrumb"},"inLanguage":"es-AR","potentialAction":[{"@type":"ReadAction","target":["https:\/\/web.consaguirre.com.ar\/noticias\/noah-kahan-anuncia-gira-mundial-the-great-divide\/"]}]},{"@type":"ImageObject","inLanguage":"es-AR","@id":"https:\/\/web.consaguirre.com.ar\/noticias\/noah-kahan-anuncia-gira-mundial-the-great-divide\/#primaryimage","url":"https:\/\/web.consaguirre.com.ar\/noticias\/wp-content\/uploads\/2026\/02\/Noah-Kahan-anuncia-la-gira-por-el-estadio-Great-Divide.jpg","contentUrl":"https:\/\/web.consaguirre.com.ar\/noticias\/wp-content\/uploads\/2026\/02\/Noah-Kahan-anuncia-la-gira-por-el-estadio-Great-Divide.jpg","width":820,"height":820,"caption":"Noah Kahan The Great Divide"},{"@type":"BreadcrumbList","@id":"https:\/\/web.consaguirre.com.ar\/noticias\/noah-kahan-anuncia-gira-mundial-the-great-divide\/#breadcrumb","itemListElement":[{"@type":"ListItem","position":1,"name":"Inicio","item":"https:\/\/web.consaguirre.com.ar\/noticias\/"},{"@type":"ListItem","position":2,"name":"Noah Kahan anuncia gira mundial &#8216;The Great Divide&#8217;"}]},{"@type":"WebSite","@id":"https:\/\/web.consaguirre.com.ar\/noticias\/#website","url":"https:\/\/web.consaguirre.com.ar\/noticias\/","name":"Conservatorio de M\u00fasica Juli\u00e1n Aguirre","description":"","publisher":{"@id":"https:\/\/web.consaguirre.com.ar\/noticias\/#organization"},"potentialAction":[{"@type":"SearchAction","target":{"@type":"EntryPoint","urlTemplate":"https:\/\/web.consaguirre.com.ar\/noticias\/?s={search_term_string}"},"query-input":"required name=search_term_string"}],"inLanguage":"es-AR"},{"@type":"Organization","@id":"https:\/\/web.consaguirre.com.ar\/noticias\/#organization","name":"Conservatorio de M\u00fasica Juli\u00e1n Aguirre","url":"https:\/\/web.consaguirre.com.ar\/noticias\/","logo":{"@type":"ImageObject","inLanguage":"es-AR","@id":"https:\/\/web.consaguirre.com.ar\/noticias\/#\/schema\/logo\/image\/","url":"https:\/\/web.consaguirre.com.ar\/noticias\/wp-content\/uploads\/2024\/08\/Banner-Aguirre-23.jpg","contentUrl":"https:\/\/web.consaguirre.com.ar\/noticias\/wp-content\/uploads\/2024\/08\/Banner-Aguirre-23.jpg","width":1192,"height":600,"caption":"Conservatorio de M\u00fasica Juli\u00e1n Aguirre"},"image":{"@id":"https:\/\/web.consaguirre.com.ar\/noticias\/#\/schema\/logo\/image\/"}},{"@type":"Person","@id":"https:\/\/web.consaguirre.com.ar\/noticias\/#\/schema\/person\/6558b0cfedee7ddc5425602b237d5722","name":"Javier Figueroa","image":{"@type":"ImageObject","inLanguage":"es-AR","@id":"https:\/\/web.consaguirre.com.ar\/noticias\/#\/schema\/person\/image\/","url":"https:\/\/web.consaguirre.com.ar\/noticias\/wp-content\/uploads\/2024\/08\/Consaguirre-scaled.jpg","contentUrl":"https:\/\/web.consaguirre.com.ar\/noticias\/wp-content\/uploads\/2024\/08\/Consaguirre-scaled.jpg","caption":"Javier Figueroa"},"description":"Me llamo Javier Figueroa y soy redactor para el sitio oficial del Conservatorio de M\u00fasica Juli\u00e1n Aguirre en Buenos Aires, consaguirre.com. Apasionado por la m\u00fasica y la escritura, me esfuerzo por destacar los talentos y eventos de nuestra prestigiosa instituci\u00f3n. Mi trayectoria se nutre de una profunda admiraci\u00f3n por los artistas, haciendo de cada art\u00edculo una celebraci\u00f3n de la creatividad y la cultura musical.","sameAs":["https:\/\/web.consaguirre.com.ar\/noticias"]}]}},"_links":{"self":[{"href":"https:\/\/web.consaguirre.com.ar\/noticias\/wp-json\/wp\/v2\/posts\/5624"}],"collection":[{"href":"https:\/\/web.consaguirre.com.ar\/noticias\/wp-json\/wp\/v2\/posts"}],"about":[{"href":"https:\/\/web.consaguirre.com.ar\/noticias\/wp-json\/wp\/v2\/types\/post"}],"author":[{"embeddable":true,"href":"https:\/\/web.consaguirre.com.ar\/noticias\/wp-json\/wp\/v2\/users\/1"}],"replies":[{"embeddable":true,"href":"https:\/\/web.consaguirre.com.ar\/noticias\/wp-json\/wp\/v2\/comments?post=5624"}],"version-history":[{"count":1,"href":"https:\/\/web.consaguirre.com.ar\/noticias\/wp-json\/wp\/v2\/posts\/5624\/revisions"}],"predecessor-version":[{"id":5625,"href":"https:\/\/web.consaguirre.com.ar\/noticias\/wp-json\/wp\/v2\/posts\/5624\/revisions\/5625"}],"wp:featuredmedia":[{"embeddable":true,"href":"https:\/\/web.consaguirre.com.ar\/noticias\/wp-json\/wp\/v2\/media\/5030"}],"wp:attachment":[{"href":"https:\/\/web.consaguirre.com.ar\/noticias\/wp-json\/wp\/v2\/media?parent=5624"}],"wp:term":[{"taxonomy":"category","embeddable":true,"href":"https:\/\/web.consaguirre.com.ar\/noticias\/wp-json\/wp\/v2\/categories?post=5624"},{"taxonomy":"post_tag","embeddable":true,"href":"https:\/\/web.consaguirre.com.ar\/noticias\/wp-json\/wp\/v2\/tags?post=5624"}],"curies":[{"name":"wp","href":"https:\/\/api.w.org\/{rel}","templated":true}]}}