{"id":5621,"date":"2026-04-10T17:41:39","date_gmt":"2026-04-10T20:41:39","guid":{"rendered":"https:\/\/web.consaguirre.com.ar\/noticias\/royel-otis-regresa-con-sweet-hallelujah\/"},"modified":"2026-04-10T17:41:40","modified_gmt":"2026-04-10T20:41:40","slug":"royel-otis-regresa-con-sweet-hallelujah","status":"publish","type":"post","link":"https:\/\/web.consaguirre.com.ar\/noticias\/royel-otis-regresa-con-sweet-hallelujah\/","title":{"rendered":"Royel Otis regresa con &#8216;Sweet Hallelujah&#8217;"},"content":{"rendered":"<p>Royel Otis ha lanzado su nuevo sencillo \u201cSweet Hallelujah\u201d antes de sus presentaciones debut en el Festival de M\u00fasica y Artes de Coachella Valley 2026. El primer lanzamiento nuevo del d\u00fao australiano desde su \u00e1lbum de 2025 <i>coso<\/i>la canci\u00f3n se estren\u00f3 como el disco m\u00e1s candente del mundo de BBC Radio 1 y llega mientras Royel Otis se prepara para subir al escenario en Coachella el 11 y 18 de abril antes de salir a m\u00e1s fechas en vivo en Europa, el Reino Unido y Am\u00e9rica del Norte.<\/p>\n<p>Producida por Shawn Everett, \u201cSweet Hallelujah\u201d encuentra a Royel Otis expandiendo su sonido mientras mantiene el atractivo mel\u00f3dico que ha ayudado a definir su ascenso. En un comunicado compartido con el lanzamiento, la banda describi\u00f3 la canci\u00f3n como &#8220;una carta de amor y despedida a alguien a quien quieres saber que, pase lo que pase, las cosas no cambiar\u00e1n lo que sientes por esa persona&#8221;. El sencillo sigue una fuerte racha de impulso para la pareja, que recientemente apareci\u00f3 en la lista Artists to Watch de Vevo DSCVR y tambi\u00e9n lleg\u00f3 al puesto n\u00famero 5 en la lista Sound of 2026 de BBC Radio 1.<\/p>\n<div class=\"uD-YT-container\"><img decoding=\"async\" src=\"https:\/\/web.consaguirre.com.ar\/noticias\/wp-content\/uploads\/2026\/04\/1775853699_694_Royel-Otis-regresa-con-Sweet-Hallelujah.jpg\" alt=\"V\u00eddeo de YouTube\"><br \/>Haga clic para cargar v\u00eddeo<\/div>\n<p>Ese impulso se traslada directamente a una temporada de festivales importantes. Royel Otis est\u00e1 listo para sus primeras apariciones en Coachella en el escenario de Mojave, luego de presentaciones recientes en las ediciones de Lollapalooza en Argentina, Chile y Brasil. Despu\u00e9s de Coachella, el d\u00fao continuar\u00e1 de gira por Europa y el Reino Unido, con una combinaci\u00f3n de fechas principales, paradas en festivales y espect\u00e1culos selectos en estadios apoyando a Foo Fighters.<\/p>\n<p>Los \u00faltimos meses tambi\u00e9n han atra\u00eddo m\u00e1s atenci\u00f3n al cat\u00e1logo m\u00e1s amplio de Royel Otis. Su \u00e1lbum de 2025 <i>coso<\/i> obtuvo una nominaci\u00f3n al Premio ARIA al Mejor \u00c1lbum de Rock, mientras que su sencillo principal, \u201cmoody\u201d, pas\u00f3 siete semanas en la cima de la lista Adult Alternative Airplay de Billboard. El sencillo del \u00e1lbum &#8220;qui\u00e9n es tu novio&#8221; tambi\u00e9n apareci\u00f3 en la banda sonora de <i>Grito 7<\/i>sum\u00e1ndose a una racha que ha mantenido al d\u00fao firmemente en el centro de atenci\u00f3n a medida que avanzan hacia su pr\u00f3ximo cap\u00edtulo.<\/p><\/p>\n","protected":false},"excerpt":{"rendered":"<p>Royel Otis ha lanzado su nuevo sencillo \u201cSweet Hallelujah\u201d antes de sus presentaciones debut en el Festival de M\u00fasica y Artes de Coachella Valley 2026.<\/p>\n","protected":false},"author":1,"featured_media":5622,"comment_status":"closed","ping_status":"","sticky":false,"template":"","format":"standard","meta":{"footnotes":""},"categories":[50],"tags":[32,4118,866,538,2491,2272],"class_list":["post-5621","post","type-post","status-publish","format-standard","has-post-thumbnail","hentry","category-el-ultimo","tag-con","tag-hallelujah","tag-otis","tag-regresa","tag-royel","tag-sweet","generate-columns","tablet-grid-50","mobile-grid-100","grid-parent","grid-50"],"yoast_head":"<!-- This site is optimized with the Yoast SEO plugin v23.3 - https:\/\/yoast.com\/wordpress\/plugins\/seo\/ -->\n<title>Royel Otis regresa con &#039;Sweet Hallelujah&#039;<\/title>\n<meta name=\"robots\" content=\"index, follow, max-snippet:-1, max-image-preview:large, max-video-preview:-1\" \/>\n<link rel=\"canonical\" href=\"https:\/\/web.consaguirre.com.ar\/noticias\/royel-otis-regresa-con-sweet-hallelujah\/\" \/>\n<meta property=\"og:locale\" content=\"es_ES\" \/>\n<meta property=\"og:type\" content=\"article\" \/>\n<meta property=\"og:title\" content=\"Royel Otis regresa con &#039;Sweet Hallelujah&#039;\" \/>\n<meta property=\"og:description\" content=\"Royel Otis ha lanzado su nuevo sencillo \u201cSweet Hallelujah\u201d antes de sus presentaciones debut en el Festival de M\u00fasica y Artes de Coachella Valley 2026.\" \/>\n<meta property=\"og:url\" content=\"https:\/\/web.consaguirre.com.ar\/noticias\/royel-otis-regresa-con-sweet-hallelujah\/\" \/>\n<meta property=\"og:site_name\" content=\"Conservatorio de M\u00fasica Juli\u00e1n Aguirre\" \/>\n<meta property=\"article:published_time\" content=\"2026-04-10T20:41:39+00:00\" \/>\n<meta property=\"article:modified_time\" content=\"2026-04-10T20:41:40+00:00\" \/>\n<meta property=\"og:image\" content=\"https:\/\/web.consaguirre.com.ar\/noticias\/wp-content\/uploads\/2026\/04\/1775853699_Royel-Otis-regresa-con-Sweet-Hallelujah.jpg\" \/>\n\t<meta property=\"og:image:width\" content=\"820\" \/>\n\t<meta property=\"og:image:height\" content=\"820\" \/>\n\t<meta property=\"og:image:type\" content=\"image\/jpeg\" \/>\n<meta name=\"author\" content=\"Javier Figueroa\" \/>\n<meta name=\"twitter:card\" content=\"summary_large_image\" \/>\n<meta name=\"twitter:label1\" content=\"Escrito por\" \/>\n\t<meta name=\"twitter:data1\" content=\"Javier Figueroa\" \/>\n\t<meta name=\"twitter:label2\" content=\"Tiempo de lectura\" \/>\n\t<meta name=\"twitter:data2\" content=\"2 minutos\" \/>\n<script type=\"application\/ld+json\" class=\"yoast-schema-graph\">{\"@context\":\"https:\/\/schema.org\",\"@graph\":[{\"@type\":\"Article\",\"@id\":\"https:\/\/web.consaguirre.com.ar\/noticias\/royel-otis-regresa-con-sweet-hallelujah\/#article\",\"isPartOf\":{\"@id\":\"https:\/\/web.consaguirre.com.ar\/noticias\/royel-otis-regresa-con-sweet-hallelujah\/\"},\"author\":{\"name\":\"Javier Figueroa\",\"@id\":\"https:\/\/web.consaguirre.com.ar\/noticias\/#\/schema\/person\/6558b0cfedee7ddc5425602b237d5722\"},\"headline\":\"Royel Otis regresa con &#8216;Sweet Hallelujah&#8217;\",\"datePublished\":\"2026-04-10T20:41:39+00:00\",\"dateModified\":\"2026-04-10T20:41:40+00:00\",\"mainEntityOfPage\":{\"@id\":\"https:\/\/web.consaguirre.com.ar\/noticias\/royel-otis-regresa-con-sweet-hallelujah\/\"},\"wordCount\":387,\"publisher\":{\"@id\":\"https:\/\/web.consaguirre.com.ar\/noticias\/#organization\"},\"image\":{\"@id\":\"https:\/\/web.consaguirre.com.ar\/noticias\/royel-otis-regresa-con-sweet-hallelujah\/#primaryimage\"},\"thumbnailUrl\":\"https:\/\/web.consaguirre.com.ar\/noticias\/wp-content\/uploads\/2026\/04\/1775853699_Royel-Otis-regresa-con-Sweet-Hallelujah.jpg\",\"keywords\":[\"con\",\"Hallelujah\",\"Otis\",\"regresa\",\"Royel\",\"Sweet\"],\"articleSection\":[\"El \u00faltimo\"],\"inLanguage\":\"es-AR\"},{\"@type\":\"WebPage\",\"@id\":\"https:\/\/web.consaguirre.com.ar\/noticias\/royel-otis-regresa-con-sweet-hallelujah\/\",\"url\":\"https:\/\/web.consaguirre.com.ar\/noticias\/royel-otis-regresa-con-sweet-hallelujah\/\",\"name\":\"Royel Otis regresa con 'Sweet Hallelujah'\",\"isPartOf\":{\"@id\":\"https:\/\/web.consaguirre.com.ar\/noticias\/#website\"},\"primaryImageOfPage\":{\"@id\":\"https:\/\/web.consaguirre.com.ar\/noticias\/royel-otis-regresa-con-sweet-hallelujah\/#primaryimage\"},\"image\":{\"@id\":\"https:\/\/web.consaguirre.com.ar\/noticias\/royel-otis-regresa-con-sweet-hallelujah\/#primaryimage\"},\"thumbnailUrl\":\"https:\/\/web.consaguirre.com.ar\/noticias\/wp-content\/uploads\/2026\/04\/1775853699_Royel-Otis-regresa-con-Sweet-Hallelujah.jpg\",\"datePublished\":\"2026-04-10T20:41:39+00:00\",\"dateModified\":\"2026-04-10T20:41:40+00:00\",\"breadcrumb\":{\"@id\":\"https:\/\/web.consaguirre.com.ar\/noticias\/royel-otis-regresa-con-sweet-hallelujah\/#breadcrumb\"},\"inLanguage\":\"es-AR\",\"potentialAction\":[{\"@type\":\"ReadAction\",\"target\":[\"https:\/\/web.consaguirre.com.ar\/noticias\/royel-otis-regresa-con-sweet-hallelujah\/\"]}]},{\"@type\":\"ImageObject\",\"inLanguage\":\"es-AR\",\"@id\":\"https:\/\/web.consaguirre.com.ar\/noticias\/royel-otis-regresa-con-sweet-hallelujah\/#primaryimage\",\"url\":\"https:\/\/web.consaguirre.com.ar\/noticias\/wp-content\/uploads\/2026\/04\/1775853699_Royel-Otis-regresa-con-Sweet-Hallelujah.jpg\",\"contentUrl\":\"https:\/\/web.consaguirre.com.ar\/noticias\/wp-content\/uploads\/2026\/04\/1775853699_Royel-Otis-regresa-con-Sweet-Hallelujah.jpg\",\"width\":820,\"height\":820,\"caption\":\"Royel Otis Hallelujah\"},{\"@type\":\"BreadcrumbList\",\"@id\":\"https:\/\/web.consaguirre.com.ar\/noticias\/royel-otis-regresa-con-sweet-hallelujah\/#breadcrumb\",\"itemListElement\":[{\"@type\":\"ListItem\",\"position\":1,\"name\":\"Inicio\",\"item\":\"https:\/\/web.consaguirre.com.ar\/noticias\/\"},{\"@type\":\"ListItem\",\"position\":2,\"name\":\"Royel Otis regresa con &#8216;Sweet Hallelujah&#8217;\"}]},{\"@type\":\"WebSite\",\"@id\":\"https:\/\/web.consaguirre.com.ar\/noticias\/#website\",\"url\":\"https:\/\/web.consaguirre.com.ar\/noticias\/\",\"name\":\"Conservatorio de M\u00fasica Juli\u00e1n Aguirre\",\"description\":\"\",\"publisher\":{\"@id\":\"https:\/\/web.consaguirre.com.ar\/noticias\/#organization\"},\"potentialAction\":[{\"@type\":\"SearchAction\",\"target\":{\"@type\":\"EntryPoint\",\"urlTemplate\":\"https:\/\/web.consaguirre.com.ar\/noticias\/?s={search_term_string}\"},\"query-input\":\"required name=search_term_string\"}],\"inLanguage\":\"es-AR\"},{\"@type\":\"Organization\",\"@id\":\"https:\/\/web.consaguirre.com.ar\/noticias\/#organization\",\"name\":\"Conservatorio de M\u00fasica Juli\u00e1n Aguirre\",\"url\":\"https:\/\/web.consaguirre.com.ar\/noticias\/\",\"logo\":{\"@type\":\"ImageObject\",\"inLanguage\":\"es-AR\",\"@id\":\"https:\/\/web.consaguirre.com.ar\/noticias\/#\/schema\/logo\/image\/\",\"url\":\"https:\/\/web.consaguirre.com.ar\/noticias\/wp-content\/uploads\/2024\/08\/Banner-Aguirre-23.jpg\",\"contentUrl\":\"https:\/\/web.consaguirre.com.ar\/noticias\/wp-content\/uploads\/2024\/08\/Banner-Aguirre-23.jpg\",\"width\":1192,\"height\":600,\"caption\":\"Conservatorio de M\u00fasica Juli\u00e1n Aguirre\"},\"image\":{\"@id\":\"https:\/\/web.consaguirre.com.ar\/noticias\/#\/schema\/logo\/image\/\"}},{\"@type\":\"Person\",\"@id\":\"https:\/\/web.consaguirre.com.ar\/noticias\/#\/schema\/person\/6558b0cfedee7ddc5425602b237d5722\",\"name\":\"Javier Figueroa\",\"image\":{\"@type\":\"ImageObject\",\"inLanguage\":\"es-AR\",\"@id\":\"https:\/\/web.consaguirre.com.ar\/noticias\/#\/schema\/person\/image\/\",\"url\":\"https:\/\/web.consaguirre.com.ar\/noticias\/wp-content\/uploads\/2024\/08\/Consaguirre-scaled.jpg\",\"contentUrl\":\"https:\/\/web.consaguirre.com.ar\/noticias\/wp-content\/uploads\/2024\/08\/Consaguirre-scaled.jpg\",\"caption\":\"Javier Figueroa\"},\"description\":\"Me llamo Javier Figueroa y soy redactor para el sitio oficial del Conservatorio de M\u00fasica Juli\u00e1n Aguirre en Buenos Aires, consaguirre.com. Apasionado por la m\u00fasica y la escritura, me esfuerzo por destacar los talentos y eventos de nuestra prestigiosa instituci\u00f3n. Mi trayectoria se nutre de una profunda admiraci\u00f3n por los artistas, haciendo de cada art\u00edculo una celebraci\u00f3n de la creatividad y la cultura musical.\",\"sameAs\":[\"https:\/\/web.consaguirre.com.ar\/noticias\"]}]}<\/script>\n<!-- \/ Yoast SEO plugin. -->","yoast_head_json":{"title":"Royel Otis regresa con 'Sweet Hallelujah'","robots":{"index":"index","follow":"follow","max-snippet":"max-snippet:-1","max-image-preview":"max-image-preview:large","max-video-preview":"max-video-preview:-1"},"canonical":"https:\/\/web.consaguirre.com.ar\/noticias\/royel-otis-regresa-con-sweet-hallelujah\/","og_locale":"es_ES","og_type":"article","og_title":"Royel Otis regresa con 'Sweet Hallelujah'","og_description":"Royel Otis ha lanzado su nuevo sencillo \u201cSweet Hallelujah\u201d antes de sus presentaciones debut en el Festival de M\u00fasica y Artes de Coachella Valley 2026.","og_url":"https:\/\/web.consaguirre.com.ar\/noticias\/royel-otis-regresa-con-sweet-hallelujah\/","og_site_name":"Conservatorio de M\u00fasica Juli\u00e1n Aguirre","article_published_time":"2026-04-10T20:41:39+00:00","article_modified_time":"2026-04-10T20:41:40+00:00","og_image":[{"width":820,"height":820,"url":"https:\/\/web.consaguirre.com.ar\/noticias\/wp-content\/uploads\/2026\/04\/1775853699_Royel-Otis-regresa-con-Sweet-Hallelujah.jpg","type":"image\/jpeg"}],"author":"Javier Figueroa","twitter_card":"summary_large_image","twitter_misc":{"Escrito por":"Javier Figueroa","Tiempo de lectura":"2 minutos"},"schema":{"@context":"https:\/\/schema.org","@graph":[{"@type":"Article","@id":"https:\/\/web.consaguirre.com.ar\/noticias\/royel-otis-regresa-con-sweet-hallelujah\/#article","isPartOf":{"@id":"https:\/\/web.consaguirre.com.ar\/noticias\/royel-otis-regresa-con-sweet-hallelujah\/"},"author":{"name":"Javier Figueroa","@id":"https:\/\/web.consaguirre.com.ar\/noticias\/#\/schema\/person\/6558b0cfedee7ddc5425602b237d5722"},"headline":"Royel Otis regresa con &#8216;Sweet Hallelujah&#8217;","datePublished":"2026-04-10T20:41:39+00:00","dateModified":"2026-04-10T20:41:40+00:00","mainEntityOfPage":{"@id":"https:\/\/web.consaguirre.com.ar\/noticias\/royel-otis-regresa-con-sweet-hallelujah\/"},"wordCount":387,"publisher":{"@id":"https:\/\/web.consaguirre.com.ar\/noticias\/#organization"},"image":{"@id":"https:\/\/web.consaguirre.com.ar\/noticias\/royel-otis-regresa-con-sweet-hallelujah\/#primaryimage"},"thumbnailUrl":"https:\/\/web.consaguirre.com.ar\/noticias\/wp-content\/uploads\/2026\/04\/1775853699_Royel-Otis-regresa-con-Sweet-Hallelujah.jpg","keywords":["con","Hallelujah","Otis","regresa","Royel","Sweet"],"articleSection":["El \u00faltimo"],"inLanguage":"es-AR"},{"@type":"WebPage","@id":"https:\/\/web.consaguirre.com.ar\/noticias\/royel-otis-regresa-con-sweet-hallelujah\/","url":"https:\/\/web.consaguirre.com.ar\/noticias\/royel-otis-regresa-con-sweet-hallelujah\/","name":"Royel Otis regresa con 'Sweet Hallelujah'","isPartOf":{"@id":"https:\/\/web.consaguirre.com.ar\/noticias\/#website"},"primaryImageOfPage":{"@id":"https:\/\/web.consaguirre.com.ar\/noticias\/royel-otis-regresa-con-sweet-hallelujah\/#primaryimage"},"image":{"@id":"https:\/\/web.consaguirre.com.ar\/noticias\/royel-otis-regresa-con-sweet-hallelujah\/#primaryimage"},"thumbnailUrl":"https:\/\/web.consaguirre.com.ar\/noticias\/wp-content\/uploads\/2026\/04\/1775853699_Royel-Otis-regresa-con-Sweet-Hallelujah.jpg","datePublished":"2026-04-10T20:41:39+00:00","dateModified":"2026-04-10T20:41:40+00:00","breadcrumb":{"@id":"https:\/\/web.consaguirre.com.ar\/noticias\/royel-otis-regresa-con-sweet-hallelujah\/#breadcrumb"},"inLanguage":"es-AR","potentialAction":[{"@type":"ReadAction","target":["https:\/\/web.consaguirre.com.ar\/noticias\/royel-otis-regresa-con-sweet-hallelujah\/"]}]},{"@type":"ImageObject","inLanguage":"es-AR","@id":"https:\/\/web.consaguirre.com.ar\/noticias\/royel-otis-regresa-con-sweet-hallelujah\/#primaryimage","url":"https:\/\/web.consaguirre.com.ar\/noticias\/wp-content\/uploads\/2026\/04\/1775853699_Royel-Otis-regresa-con-Sweet-Hallelujah.jpg","contentUrl":"https:\/\/web.consaguirre.com.ar\/noticias\/wp-content\/uploads\/2026\/04\/1775853699_Royel-Otis-regresa-con-Sweet-Hallelujah.jpg","width":820,"height":820,"caption":"Royel Otis Hallelujah"},{"@type":"BreadcrumbList","@id":"https:\/\/web.consaguirre.com.ar\/noticias\/royel-otis-regresa-con-sweet-hallelujah\/#breadcrumb","itemListElement":[{"@type":"ListItem","position":1,"name":"Inicio","item":"https:\/\/web.consaguirre.com.ar\/noticias\/"},{"@type":"ListItem","position":2,"name":"Royel Otis regresa con &#8216;Sweet Hallelujah&#8217;"}]},{"@type":"WebSite","@id":"https:\/\/web.consaguirre.com.ar\/noticias\/#website","url":"https:\/\/web.consaguirre.com.ar\/noticias\/","name":"Conservatorio de M\u00fasica Juli\u00e1n Aguirre","description":"","publisher":{"@id":"https:\/\/web.consaguirre.com.ar\/noticias\/#organization"},"potentialAction":[{"@type":"SearchAction","target":{"@type":"EntryPoint","urlTemplate":"https:\/\/web.consaguirre.com.ar\/noticias\/?s={search_term_string}"},"query-input":"required name=search_term_string"}],"inLanguage":"es-AR"},{"@type":"Organization","@id":"https:\/\/web.consaguirre.com.ar\/noticias\/#organization","name":"Conservatorio de M\u00fasica Juli\u00e1n Aguirre","url":"https:\/\/web.consaguirre.com.ar\/noticias\/","logo":{"@type":"ImageObject","inLanguage":"es-AR","@id":"https:\/\/web.consaguirre.com.ar\/noticias\/#\/schema\/logo\/image\/","url":"https:\/\/web.consaguirre.com.ar\/noticias\/wp-content\/uploads\/2024\/08\/Banner-Aguirre-23.jpg","contentUrl":"https:\/\/web.consaguirre.com.ar\/noticias\/wp-content\/uploads\/2024\/08\/Banner-Aguirre-23.jpg","width":1192,"height":600,"caption":"Conservatorio de M\u00fasica Juli\u00e1n Aguirre"},"image":{"@id":"https:\/\/web.consaguirre.com.ar\/noticias\/#\/schema\/logo\/image\/"}},{"@type":"Person","@id":"https:\/\/web.consaguirre.com.ar\/noticias\/#\/schema\/person\/6558b0cfedee7ddc5425602b237d5722","name":"Javier Figueroa","image":{"@type":"ImageObject","inLanguage":"es-AR","@id":"https:\/\/web.consaguirre.com.ar\/noticias\/#\/schema\/person\/image\/","url":"https:\/\/web.consaguirre.com.ar\/noticias\/wp-content\/uploads\/2024\/08\/Consaguirre-scaled.jpg","contentUrl":"https:\/\/web.consaguirre.com.ar\/noticias\/wp-content\/uploads\/2024\/08\/Consaguirre-scaled.jpg","caption":"Javier Figueroa"},"description":"Me llamo Javier Figueroa y soy redactor para el sitio oficial del Conservatorio de M\u00fasica Juli\u00e1n Aguirre en Buenos Aires, consaguirre.com. Apasionado por la m\u00fasica y la escritura, me esfuerzo por destacar los talentos y eventos de nuestra prestigiosa instituci\u00f3n. Mi trayectoria se nutre de una profunda admiraci\u00f3n por los artistas, haciendo de cada art\u00edculo una celebraci\u00f3n de la creatividad y la cultura musical.","sameAs":["https:\/\/web.consaguirre.com.ar\/noticias"]}]}},"_links":{"self":[{"href":"https:\/\/web.consaguirre.com.ar\/noticias\/wp-json\/wp\/v2\/posts\/5621"}],"collection":[{"href":"https:\/\/web.consaguirre.com.ar\/noticias\/wp-json\/wp\/v2\/posts"}],"about":[{"href":"https:\/\/web.consaguirre.com.ar\/noticias\/wp-json\/wp\/v2\/types\/post"}],"author":[{"embeddable":true,"href":"https:\/\/web.consaguirre.com.ar\/noticias\/wp-json\/wp\/v2\/users\/1"}],"replies":[{"embeddable":true,"href":"https:\/\/web.consaguirre.com.ar\/noticias\/wp-json\/wp\/v2\/comments?post=5621"}],"version-history":[{"count":1,"href":"https:\/\/web.consaguirre.com.ar\/noticias\/wp-json\/wp\/v2\/posts\/5621\/revisions"}],"predecessor-version":[{"id":5623,"href":"https:\/\/web.consaguirre.com.ar\/noticias\/wp-json\/wp\/v2\/posts\/5621\/revisions\/5623"}],"wp:featuredmedia":[{"embeddable":true,"href":"https:\/\/web.consaguirre.com.ar\/noticias\/wp-json\/wp\/v2\/media\/5622"}],"wp:attachment":[{"href":"https:\/\/web.consaguirre.com.ar\/noticias\/wp-json\/wp\/v2\/media?parent=5621"}],"wp:term":[{"taxonomy":"category","embeddable":true,"href":"https:\/\/web.consaguirre.com.ar\/noticias\/wp-json\/wp\/v2\/categories?post=5621"},{"taxonomy":"post_tag","embeddable":true,"href":"https:\/\/web.consaguirre.com.ar\/noticias\/wp-json\/wp\/v2\/tags?post=5621"}],"curies":[{"name":"wp","href":"https:\/\/api.w.org\/{rel}","templated":true}]}}