{"id":5616,"date":"2026-04-10T11:38:22","date_gmt":"2026-04-10T14:38:22","guid":{"rendered":"https:\/\/web.consaguirre.com.ar\/noticias\/peter-frampton-comparte-leones-en-la-puerta-con-tom-morello\/"},"modified":"2026-04-10T11:38:22","modified_gmt":"2026-04-10T14:38:22","slug":"peter-frampton-comparte-leones-en-la-puerta-con-tom-morello","status":"publish","type":"post","link":"https:\/\/web.consaguirre.com.ar\/noticias\/peter-frampton-comparte-leones-en-la-puerta-con-tom-morello\/","title":{"rendered":"Peter Frampton comparte &#8216;Leones en la puerta&#8217; con Tom Morello"},"content":{"rendered":"<p>Peter Frampton ha compartido una nueva canci\u00f3n y traer\u00e1 a Tom Morello de Rage Against The Machine al centro de atenci\u00f3n. El guitarrista lanz\u00f3 oficialmente \u201cLions At The Gate\u201d, que debut\u00f3 ayer en las estaciones de iHeartRadio Classic Rock de todo el pa\u00eds.<\/p>\n<p>\u201c&#8217;Lions at the Gate&#8217; es un tema poderoso con un mensaje poderoso, y la interpretaci\u00f3n de Tom lo llev\u00f3 a otro nivel\u201d, dice Frampton. En la nueva canci\u00f3n, Frampton apunta a los ultrapoderosos y desaf\u00eda a sus oyentes a &#8220;derribar a los leones en la puerta&#8221;. A Frampton se unen en la canci\u00f3n su hijo Julian, quien contribuye con la voz, y Morello, cuyo trabajo anterior est\u00e1 claramente alineado con el mensaje que Frampton comparte aqu\u00ed.<\/p>\n<div align=\"center\">\n<div class=\"udiscover-store-container\">\n<div id='udiscover-store-three-product'><\/div>\n<\/div>\n<p>\/*<!(CDATA(*\/(function (){var scriptURL='https:\/\/sdks.shopifycdn.com\/buy-button\/latest\/buy-button-storefront.min.js';if(window.ShopifyBuy){if(window.ShopifyBuy.UI){ShopifyBuyInit();}else{loadScript();}}else{loadScript();}funci\u00f3n loadScript(){var script=document.createElement('script');script.async=true;script.src=scriptURL;(document.getElementsByTagName('head')(0)|| document.getElementsByTagName('body')(0)).appendChild(script);script.onload=ShopifyBuyInit;} function ShopifyBuyInit(){var cliente=ShopifyBuy.buildClient({dominio:'udiscover.myshopify.com',storefrontAccessToken: 'bdc89f347d2ce61c1feeb9f8c60b2b98',}); ShopifyBuy.UI.onReady(cliente).luego(funci\u00f3n(ui){ ui.createComponent('productSet',{ id:(7738979483725,7738979385421,7670105112653), nodo:document.getElementById('udiscover-store-tres-productos'), moneyFormat:'%24%7B%7Bamount%7D%7D', opciones:{&quot;producto&quot;:{&quot;marco flotante&quot;:FALSO,&quot;bot\u00f3nDestino&quot;:&quot;modal&quot;,&quot;contenido&quot;:{&quot;opciones&quot;:verdadero},&quot;texto&quot;:{&quot;bot\u00f3n&quot;:&quot;PEDIR AHORA&quot;,&quot;Agotado&quot;:&quot;Lo sentimos, esto est\u00e1 agotado.&quot;}},&quot;conjunto de productos&quot;:{&quot;marco flotante&quot;:FALSO},&quot;modalProducto&quot;:{&quot;marco flotante&quot;:FALSO,&quot;contenido&quot;:{&quot;imagen&quot;:FALSO,&quot;imgConCarrusel&quot;:verdadero,&quot;bot\u00f3n&quot;:FALSO,&quot;bot\u00f3nConCantidad&quot;:verdadero}},&quot;modal&quot;:{&quot;marco flotante&quot;:FALSO},&quot;opci\u00f3n&quot;:{&quot;marco flotante&quot;:FALSO},&quot;carro&quot;:{&quot;marco flotante&quot;:FALSO},&quot;palanca&quot;:{&quot;marco flotante&quot;:FALSO,&quot;contenido&quot;:{&quot;icono&quot;:FALSO}},&quot;art\u00edculo de l\u00ednea&quot;:{&quot;marco flotante&quot;:FALSO}}, }); }); } })(); \/*))>*\/ <\/div>\n<\/p>\n<p>La nueva canci\u00f3n es solo una de las muchas colaboraciones en el pr\u00f3ximo \u00e1lbum de Frampton. <em>llevar la luz<\/em>. En el tema &#8220;Breaking the Mold&#8221;, Frampton recluta a Sheryl Crow. El saxofonista Bill Evans se une al rockero en las canciones \u201cCan You Take Me There\u201d y \u201cTinderbox\u201d, y ELLA aporta sus admirables habilidades con la guitarra a \u201cIslamorada\u201d. Graham Nash aporta su voz a \u201cI&#8217;m Sorry Elle\u201d, mientras que \u201cBuried Treasure\u201d incluir\u00e1 claves de Benmont Tench. <em>llevar la luz<\/em> llega oficialmente el 15 de mayo en formato digital, CD y vinilo amarillo de 180 gramos.<\/p>\n<p>Incluso con todas las contribuciones de los invitados, <em>llevar la luz<\/em> Sigue siendo un \u00e1lbum profundamente personal de Frampton. &#8220;El <em>llevar la luz<\/em> El \u00e1lbum es mi primera m\u00fasica nueva en 16 a\u00f1os&#8221;, comparte el m\u00fasico. &#8220;Fue uno de los proyectos que m\u00e1s disfrut\u00e9. Pude trabajar con mi hijo Julian, escribiendo y produciendo juntos. Estoy seguro que es el primero de muchos para nosotros\u201d. Aunque <em>llevar la luz<\/em> es el primer \u00e1lbum de m\u00fasica nueva de Frampton desde 2010 <em>Gracias Sr. Churchill<\/em>el rockero nunca fue a ninguna parte. En 2021, lanz\u00f3 <em>Frampton olvida las palabras<\/em>que presenta versiones instrumentales de algunos de sus temas m\u00e1s queridos. Despu\u00e9s de ser incluido en el Sal\u00f3n de la Fama de los Grammy en 2020, Frampton fue incluido en el Sal\u00f3n de la Fama del Rock and Roll en 2024, el mismo a\u00f1o en que complet\u00f3 una importante gira mundial.<\/p>\n<p><b>Compra el nuevo \u00e1lbum de Peter Frampton, <em>llevar la luz<\/em>aqu\u00ed.<\/b><\/p>\n","protected":false},"excerpt":{"rendered":"<p>Peter Frampton ha compartido una nueva canci\u00f3n y traer\u00e1 a Tom Morello de Rage Against The Machine al centro de atenci\u00f3n. El guitarrista lanz\u00f3 oficialmente<\/p>\n","protected":false},"author":1,"featured_media":5384,"comment_status":"closed","ping_status":"","sticky":false,"template":"","format":"standard","meta":{"footnotes":""},"categories":[50],"tags":[201,32,490,4111,4113,489,4112,300],"class_list":["post-5616","post","type-post","status-publish","format-standard","has-post-thumbnail","hentry","category-el-ultimo","tag-comparte","tag-con","tag-frampton","tag-leones","tag-morello","tag-peter","tag-puerta","tag-tom","generate-columns","tablet-grid-50","mobile-grid-100","grid-parent","grid-50"],"yoast_head":"<!-- This site is optimized with the Yoast SEO plugin v23.3 - https:\/\/yoast.com\/wordpress\/plugins\/seo\/ -->\n<title>Peter Frampton comparte &#039;Leones en la puerta&#039; con Tom Morello<\/title>\n<meta name=\"robots\" content=\"index, follow, max-snippet:-1, max-image-preview:large, max-video-preview:-1\" \/>\n<link rel=\"canonical\" href=\"https:\/\/web.consaguirre.com.ar\/noticias\/peter-frampton-comparte-leones-en-la-puerta-con-tom-morello\/\" \/>\n<meta property=\"og:locale\" content=\"es_ES\" \/>\n<meta property=\"og:type\" content=\"article\" \/>\n<meta property=\"og:title\" content=\"Peter Frampton comparte &#039;Leones en la puerta&#039; con Tom Morello\" \/>\n<meta property=\"og:description\" content=\"Peter Frampton ha compartido una nueva canci\u00f3n y traer\u00e1 a Tom Morello de Rage Against The Machine al centro de atenci\u00f3n. El guitarrista lanz\u00f3 oficialmente\" \/>\n<meta property=\"og:url\" content=\"https:\/\/web.consaguirre.com.ar\/noticias\/peter-frampton-comparte-leones-en-la-puerta-con-tom-morello\/\" \/>\n<meta property=\"og:site_name\" content=\"Conservatorio de M\u00fasica Juli\u00e1n Aguirre\" \/>\n<meta property=\"article:published_time\" content=\"2026-04-10T14:38:22+00:00\" \/>\n<meta property=\"og:image\" content=\"https:\/\/web.consaguirre.com.ar\/noticias\/wp-content\/uploads\/2026\/03\/Peter-Frampton-anuncia-nuevo-album-Carry-The-Light.jpg\" \/>\n\t<meta property=\"og:image:width\" content=\"820\" \/>\n\t<meta property=\"og:image:height\" content=\"820\" \/>\n\t<meta property=\"og:image:type\" content=\"image\/jpeg\" \/>\n<meta name=\"author\" content=\"Javier Figueroa\" \/>\n<meta name=\"twitter:card\" content=\"summary_large_image\" \/>\n<meta name=\"twitter:label1\" content=\"Escrito por\" \/>\n\t<meta name=\"twitter:data1\" content=\"Javier Figueroa\" \/>\n\t<meta name=\"twitter:label2\" content=\"Tiempo de lectura\" \/>\n\t<meta name=\"twitter:data2\" content=\"2 minutos\" \/>\n<script type=\"application\/ld+json\" class=\"yoast-schema-graph\">{\"@context\":\"https:\/\/schema.org\",\"@graph\":[{\"@type\":\"Article\",\"@id\":\"https:\/\/web.consaguirre.com.ar\/noticias\/peter-frampton-comparte-leones-en-la-puerta-con-tom-morello\/#article\",\"isPartOf\":{\"@id\":\"https:\/\/web.consaguirre.com.ar\/noticias\/peter-frampton-comparte-leones-en-la-puerta-con-tom-morello\/\"},\"author\":{\"name\":\"Javier Figueroa\",\"@id\":\"https:\/\/web.consaguirre.com.ar\/noticias\/#\/schema\/person\/6558b0cfedee7ddc5425602b237d5722\"},\"headline\":\"Peter Frampton comparte &#8216;Leones en la puerta&#8217; con Tom Morello\",\"datePublished\":\"2026-04-10T14:38:22+00:00\",\"dateModified\":\"2026-04-10T14:38:22+00:00\",\"mainEntityOfPage\":{\"@id\":\"https:\/\/web.consaguirre.com.ar\/noticias\/peter-frampton-comparte-leones-en-la-puerta-con-tom-morello\/\"},\"wordCount\":393,\"publisher\":{\"@id\":\"https:\/\/web.consaguirre.com.ar\/noticias\/#organization\"},\"image\":{\"@id\":\"https:\/\/web.consaguirre.com.ar\/noticias\/peter-frampton-comparte-leones-en-la-puerta-con-tom-morello\/#primaryimage\"},\"thumbnailUrl\":\"https:\/\/web.consaguirre.com.ar\/noticias\/wp-content\/uploads\/2026\/03\/Peter-Frampton-anuncia-nuevo-album-Carry-The-Light.jpg\",\"keywords\":[\"comparte\",\"con\",\"Frampton\",\"Leones\",\"Morello\",\"Peter\",\"puerta\",\"Tom\"],\"articleSection\":[\"El \u00faltimo\"],\"inLanguage\":\"es-AR\"},{\"@type\":\"WebPage\",\"@id\":\"https:\/\/web.consaguirre.com.ar\/noticias\/peter-frampton-comparte-leones-en-la-puerta-con-tom-morello\/\",\"url\":\"https:\/\/web.consaguirre.com.ar\/noticias\/peter-frampton-comparte-leones-en-la-puerta-con-tom-morello\/\",\"name\":\"Peter Frampton comparte 'Leones en la puerta' con Tom Morello\",\"isPartOf\":{\"@id\":\"https:\/\/web.consaguirre.com.ar\/noticias\/#website\"},\"primaryImageOfPage\":{\"@id\":\"https:\/\/web.consaguirre.com.ar\/noticias\/peter-frampton-comparte-leones-en-la-puerta-con-tom-morello\/#primaryimage\"},\"image\":{\"@id\":\"https:\/\/web.consaguirre.com.ar\/noticias\/peter-frampton-comparte-leones-en-la-puerta-con-tom-morello\/#primaryimage\"},\"thumbnailUrl\":\"https:\/\/web.consaguirre.com.ar\/noticias\/wp-content\/uploads\/2026\/03\/Peter-Frampton-anuncia-nuevo-album-Carry-The-Light.jpg\",\"datePublished\":\"2026-04-10T14:38:22+00:00\",\"dateModified\":\"2026-04-10T14:38:22+00:00\",\"breadcrumb\":{\"@id\":\"https:\/\/web.consaguirre.com.ar\/noticias\/peter-frampton-comparte-leones-en-la-puerta-con-tom-morello\/#breadcrumb\"},\"inLanguage\":\"es-AR\",\"potentialAction\":[{\"@type\":\"ReadAction\",\"target\":[\"https:\/\/web.consaguirre.com.ar\/noticias\/peter-frampton-comparte-leones-en-la-puerta-con-tom-morello\/\"]}]},{\"@type\":\"ImageObject\",\"inLanguage\":\"es-AR\",\"@id\":\"https:\/\/web.consaguirre.com.ar\/noticias\/peter-frampton-comparte-leones-en-la-puerta-con-tom-morello\/#primaryimage\",\"url\":\"https:\/\/web.consaguirre.com.ar\/noticias\/wp-content\/uploads\/2026\/03\/Peter-Frampton-anuncia-nuevo-album-Carry-The-Light.jpg\",\"contentUrl\":\"https:\/\/web.consaguirre.com.ar\/noticias\/wp-content\/uploads\/2026\/03\/Peter-Frampton-anuncia-nuevo-album-Carry-The-Light.jpg\",\"width\":820,\"height\":820,\"caption\":\"Peter Frampton Carry The Light album cover\"},{\"@type\":\"BreadcrumbList\",\"@id\":\"https:\/\/web.consaguirre.com.ar\/noticias\/peter-frampton-comparte-leones-en-la-puerta-con-tom-morello\/#breadcrumb\",\"itemListElement\":[{\"@type\":\"ListItem\",\"position\":1,\"name\":\"Inicio\",\"item\":\"https:\/\/web.consaguirre.com.ar\/noticias\/\"},{\"@type\":\"ListItem\",\"position\":2,\"name\":\"Peter Frampton comparte &#8216;Leones en la puerta&#8217; con Tom Morello\"}]},{\"@type\":\"WebSite\",\"@id\":\"https:\/\/web.consaguirre.com.ar\/noticias\/#website\",\"url\":\"https:\/\/web.consaguirre.com.ar\/noticias\/\",\"name\":\"Conservatorio de M\u00fasica Juli\u00e1n Aguirre\",\"description\":\"\",\"publisher\":{\"@id\":\"https:\/\/web.consaguirre.com.ar\/noticias\/#organization\"},\"potentialAction\":[{\"@type\":\"SearchAction\",\"target\":{\"@type\":\"EntryPoint\",\"urlTemplate\":\"https:\/\/web.consaguirre.com.ar\/noticias\/?s={search_term_string}\"},\"query-input\":\"required name=search_term_string\"}],\"inLanguage\":\"es-AR\"},{\"@type\":\"Organization\",\"@id\":\"https:\/\/web.consaguirre.com.ar\/noticias\/#organization\",\"name\":\"Conservatorio de M\u00fasica Juli\u00e1n Aguirre\",\"url\":\"https:\/\/web.consaguirre.com.ar\/noticias\/\",\"logo\":{\"@type\":\"ImageObject\",\"inLanguage\":\"es-AR\",\"@id\":\"https:\/\/web.consaguirre.com.ar\/noticias\/#\/schema\/logo\/image\/\",\"url\":\"https:\/\/web.consaguirre.com.ar\/noticias\/wp-content\/uploads\/2024\/08\/Banner-Aguirre-23.jpg\",\"contentUrl\":\"https:\/\/web.consaguirre.com.ar\/noticias\/wp-content\/uploads\/2024\/08\/Banner-Aguirre-23.jpg\",\"width\":1192,\"height\":600,\"caption\":\"Conservatorio de M\u00fasica Juli\u00e1n Aguirre\"},\"image\":{\"@id\":\"https:\/\/web.consaguirre.com.ar\/noticias\/#\/schema\/logo\/image\/\"}},{\"@type\":\"Person\",\"@id\":\"https:\/\/web.consaguirre.com.ar\/noticias\/#\/schema\/person\/6558b0cfedee7ddc5425602b237d5722\",\"name\":\"Javier Figueroa\",\"image\":{\"@type\":\"ImageObject\",\"inLanguage\":\"es-AR\",\"@id\":\"https:\/\/web.consaguirre.com.ar\/noticias\/#\/schema\/person\/image\/\",\"url\":\"https:\/\/web.consaguirre.com.ar\/noticias\/wp-content\/uploads\/2024\/08\/Consaguirre-scaled.jpg\",\"contentUrl\":\"https:\/\/web.consaguirre.com.ar\/noticias\/wp-content\/uploads\/2024\/08\/Consaguirre-scaled.jpg\",\"caption\":\"Javier Figueroa\"},\"description\":\"Me llamo Javier Figueroa y soy redactor para el sitio oficial del Conservatorio de M\u00fasica Juli\u00e1n Aguirre en Buenos Aires, consaguirre.com. Apasionado por la m\u00fasica y la escritura, me esfuerzo por destacar los talentos y eventos de nuestra prestigiosa instituci\u00f3n. Mi trayectoria se nutre de una profunda admiraci\u00f3n por los artistas, haciendo de cada art\u00edculo una celebraci\u00f3n de la creatividad y la cultura musical.\",\"sameAs\":[\"https:\/\/web.consaguirre.com.ar\/noticias\"]}]}<\/script>\n<!-- \/ Yoast SEO plugin. -->","yoast_head_json":{"title":"Peter Frampton comparte 'Leones en la puerta' con Tom Morello","robots":{"index":"index","follow":"follow","max-snippet":"max-snippet:-1","max-image-preview":"max-image-preview:large","max-video-preview":"max-video-preview:-1"},"canonical":"https:\/\/web.consaguirre.com.ar\/noticias\/peter-frampton-comparte-leones-en-la-puerta-con-tom-morello\/","og_locale":"es_ES","og_type":"article","og_title":"Peter Frampton comparte 'Leones en la puerta' con Tom Morello","og_description":"Peter Frampton ha compartido una nueva canci\u00f3n y traer\u00e1 a Tom Morello de Rage Against The Machine al centro de atenci\u00f3n. El guitarrista lanz\u00f3 oficialmente","og_url":"https:\/\/web.consaguirre.com.ar\/noticias\/peter-frampton-comparte-leones-en-la-puerta-con-tom-morello\/","og_site_name":"Conservatorio de M\u00fasica Juli\u00e1n Aguirre","article_published_time":"2026-04-10T14:38:22+00:00","og_image":[{"width":820,"height":820,"url":"https:\/\/web.consaguirre.com.ar\/noticias\/wp-content\/uploads\/2026\/03\/Peter-Frampton-anuncia-nuevo-album-Carry-The-Light.jpg","type":"image\/jpeg"}],"author":"Javier Figueroa","twitter_card":"summary_large_image","twitter_misc":{"Escrito por":"Javier Figueroa","Tiempo de lectura":"2 minutos"},"schema":{"@context":"https:\/\/schema.org","@graph":[{"@type":"Article","@id":"https:\/\/web.consaguirre.com.ar\/noticias\/peter-frampton-comparte-leones-en-la-puerta-con-tom-morello\/#article","isPartOf":{"@id":"https:\/\/web.consaguirre.com.ar\/noticias\/peter-frampton-comparte-leones-en-la-puerta-con-tom-morello\/"},"author":{"name":"Javier Figueroa","@id":"https:\/\/web.consaguirre.com.ar\/noticias\/#\/schema\/person\/6558b0cfedee7ddc5425602b237d5722"},"headline":"Peter Frampton comparte &#8216;Leones en la puerta&#8217; con Tom Morello","datePublished":"2026-04-10T14:38:22+00:00","dateModified":"2026-04-10T14:38:22+00:00","mainEntityOfPage":{"@id":"https:\/\/web.consaguirre.com.ar\/noticias\/peter-frampton-comparte-leones-en-la-puerta-con-tom-morello\/"},"wordCount":393,"publisher":{"@id":"https:\/\/web.consaguirre.com.ar\/noticias\/#organization"},"image":{"@id":"https:\/\/web.consaguirre.com.ar\/noticias\/peter-frampton-comparte-leones-en-la-puerta-con-tom-morello\/#primaryimage"},"thumbnailUrl":"https:\/\/web.consaguirre.com.ar\/noticias\/wp-content\/uploads\/2026\/03\/Peter-Frampton-anuncia-nuevo-album-Carry-The-Light.jpg","keywords":["comparte","con","Frampton","Leones","Morello","Peter","puerta","Tom"],"articleSection":["El \u00faltimo"],"inLanguage":"es-AR"},{"@type":"WebPage","@id":"https:\/\/web.consaguirre.com.ar\/noticias\/peter-frampton-comparte-leones-en-la-puerta-con-tom-morello\/","url":"https:\/\/web.consaguirre.com.ar\/noticias\/peter-frampton-comparte-leones-en-la-puerta-con-tom-morello\/","name":"Peter Frampton comparte 'Leones en la puerta' con Tom Morello","isPartOf":{"@id":"https:\/\/web.consaguirre.com.ar\/noticias\/#website"},"primaryImageOfPage":{"@id":"https:\/\/web.consaguirre.com.ar\/noticias\/peter-frampton-comparte-leones-en-la-puerta-con-tom-morello\/#primaryimage"},"image":{"@id":"https:\/\/web.consaguirre.com.ar\/noticias\/peter-frampton-comparte-leones-en-la-puerta-con-tom-morello\/#primaryimage"},"thumbnailUrl":"https:\/\/web.consaguirre.com.ar\/noticias\/wp-content\/uploads\/2026\/03\/Peter-Frampton-anuncia-nuevo-album-Carry-The-Light.jpg","datePublished":"2026-04-10T14:38:22+00:00","dateModified":"2026-04-10T14:38:22+00:00","breadcrumb":{"@id":"https:\/\/web.consaguirre.com.ar\/noticias\/peter-frampton-comparte-leones-en-la-puerta-con-tom-morello\/#breadcrumb"},"inLanguage":"es-AR","potentialAction":[{"@type":"ReadAction","target":["https:\/\/web.consaguirre.com.ar\/noticias\/peter-frampton-comparte-leones-en-la-puerta-con-tom-morello\/"]}]},{"@type":"ImageObject","inLanguage":"es-AR","@id":"https:\/\/web.consaguirre.com.ar\/noticias\/peter-frampton-comparte-leones-en-la-puerta-con-tom-morello\/#primaryimage","url":"https:\/\/web.consaguirre.com.ar\/noticias\/wp-content\/uploads\/2026\/03\/Peter-Frampton-anuncia-nuevo-album-Carry-The-Light.jpg","contentUrl":"https:\/\/web.consaguirre.com.ar\/noticias\/wp-content\/uploads\/2026\/03\/Peter-Frampton-anuncia-nuevo-album-Carry-The-Light.jpg","width":820,"height":820,"caption":"Peter Frampton Carry The Light album cover"},{"@type":"BreadcrumbList","@id":"https:\/\/web.consaguirre.com.ar\/noticias\/peter-frampton-comparte-leones-en-la-puerta-con-tom-morello\/#breadcrumb","itemListElement":[{"@type":"ListItem","position":1,"name":"Inicio","item":"https:\/\/web.consaguirre.com.ar\/noticias\/"},{"@type":"ListItem","position":2,"name":"Peter Frampton comparte &#8216;Leones en la puerta&#8217; con Tom Morello"}]},{"@type":"WebSite","@id":"https:\/\/web.consaguirre.com.ar\/noticias\/#website","url":"https:\/\/web.consaguirre.com.ar\/noticias\/","name":"Conservatorio de M\u00fasica Juli\u00e1n Aguirre","description":"","publisher":{"@id":"https:\/\/web.consaguirre.com.ar\/noticias\/#organization"},"potentialAction":[{"@type":"SearchAction","target":{"@type":"EntryPoint","urlTemplate":"https:\/\/web.consaguirre.com.ar\/noticias\/?s={search_term_string}"},"query-input":"required name=search_term_string"}],"inLanguage":"es-AR"},{"@type":"Organization","@id":"https:\/\/web.consaguirre.com.ar\/noticias\/#organization","name":"Conservatorio de M\u00fasica Juli\u00e1n Aguirre","url":"https:\/\/web.consaguirre.com.ar\/noticias\/","logo":{"@type":"ImageObject","inLanguage":"es-AR","@id":"https:\/\/web.consaguirre.com.ar\/noticias\/#\/schema\/logo\/image\/","url":"https:\/\/web.consaguirre.com.ar\/noticias\/wp-content\/uploads\/2024\/08\/Banner-Aguirre-23.jpg","contentUrl":"https:\/\/web.consaguirre.com.ar\/noticias\/wp-content\/uploads\/2024\/08\/Banner-Aguirre-23.jpg","width":1192,"height":600,"caption":"Conservatorio de M\u00fasica Juli\u00e1n Aguirre"},"image":{"@id":"https:\/\/web.consaguirre.com.ar\/noticias\/#\/schema\/logo\/image\/"}},{"@type":"Person","@id":"https:\/\/web.consaguirre.com.ar\/noticias\/#\/schema\/person\/6558b0cfedee7ddc5425602b237d5722","name":"Javier Figueroa","image":{"@type":"ImageObject","inLanguage":"es-AR","@id":"https:\/\/web.consaguirre.com.ar\/noticias\/#\/schema\/person\/image\/","url":"https:\/\/web.consaguirre.com.ar\/noticias\/wp-content\/uploads\/2024\/08\/Consaguirre-scaled.jpg","contentUrl":"https:\/\/web.consaguirre.com.ar\/noticias\/wp-content\/uploads\/2024\/08\/Consaguirre-scaled.jpg","caption":"Javier Figueroa"},"description":"Me llamo Javier Figueroa y soy redactor para el sitio oficial del Conservatorio de M\u00fasica Juli\u00e1n Aguirre en Buenos Aires, consaguirre.com. Apasionado por la m\u00fasica y la escritura, me esfuerzo por destacar los talentos y eventos de nuestra prestigiosa instituci\u00f3n. Mi trayectoria se nutre de una profunda admiraci\u00f3n por los artistas, haciendo de cada art\u00edculo una celebraci\u00f3n de la creatividad y la cultura musical.","sameAs":["https:\/\/web.consaguirre.com.ar\/noticias"]}]}},"_links":{"self":[{"href":"https:\/\/web.consaguirre.com.ar\/noticias\/wp-json\/wp\/v2\/posts\/5616"}],"collection":[{"href":"https:\/\/web.consaguirre.com.ar\/noticias\/wp-json\/wp\/v2\/posts"}],"about":[{"href":"https:\/\/web.consaguirre.com.ar\/noticias\/wp-json\/wp\/v2\/types\/post"}],"author":[{"embeddable":true,"href":"https:\/\/web.consaguirre.com.ar\/noticias\/wp-json\/wp\/v2\/users\/1"}],"replies":[{"embeddable":true,"href":"https:\/\/web.consaguirre.com.ar\/noticias\/wp-json\/wp\/v2\/comments?post=5616"}],"version-history":[{"count":1,"href":"https:\/\/web.consaguirre.com.ar\/noticias\/wp-json\/wp\/v2\/posts\/5616\/revisions"}],"predecessor-version":[{"id":5617,"href":"https:\/\/web.consaguirre.com.ar\/noticias\/wp-json\/wp\/v2\/posts\/5616\/revisions\/5617"}],"wp:featuredmedia":[{"embeddable":true,"href":"https:\/\/web.consaguirre.com.ar\/noticias\/wp-json\/wp\/v2\/media\/5384"}],"wp:attachment":[{"href":"https:\/\/web.consaguirre.com.ar\/noticias\/wp-json\/wp\/v2\/media?parent=5616"}],"wp:term":[{"taxonomy":"category","embeddable":true,"href":"https:\/\/web.consaguirre.com.ar\/noticias\/wp-json\/wp\/v2\/categories?post=5616"},{"taxonomy":"post_tag","embeddable":true,"href":"https:\/\/web.consaguirre.com.ar\/noticias\/wp-json\/wp\/v2\/tags?post=5616"}],"curies":[{"name":"wp","href":"https:\/\/api.w.org\/{rel}","templated":true}]}}