{"id":5613,"date":"2026-04-09T17:38:19","date_gmt":"2026-04-09T20:38:19","guid":{"rendered":"https:\/\/web.consaguirre.com.ar\/noticias\/kurt-vile-anuncia-nuevo-album-philadelphias-been-good-to-me\/"},"modified":"2026-04-09T17:38:20","modified_gmt":"2026-04-09T20:38:20","slug":"kurt-vile-anuncia-nuevo-album-philadelphias-been-good-to-me","status":"publish","type":"post","link":"https:\/\/web.consaguirre.com.ar\/noticias\/kurt-vile-anuncia-nuevo-album-philadelphias-been-good-to-me\/","title":{"rendered":"Kurt Vile anuncia nuevo \u00e1lbum, &#8216;Philadelphia&#8217;s Been Good To Me&#8217;"},"content":{"rendered":"<p>Kurt Vile ha anunciado que su nuevo \u00e1lbum, <em>Filadelfia ha sido buena conmigo<\/em>se lanzar\u00e1 el 29 de mayo a trav\u00e9s de Verve. Para celebrar la noticia, Vile ha presentado el primer sencillo del proyecto, &#8220;Chance to Bleed&#8221;. Adem\u00e1s, ha compartido detalles de su gira mundial 2026, incluido un espect\u00e1culo en su ciudad natal de Filadelfia en The Dell como parte de la serie de conciertos Make The World Better de Connor Barwin, junto a los co-estelares Pavement.<\/p>\n<p>\u201cEste es mi disco de &#8216;traerlo todo de vuelta a Filadelfia&#8217;\u201d, explic\u00f3 Vile. &#8220;Lo estoy tratando como si fuera mi \u00faltimo disco. Puse todo en \u00e9l. Es mi mejor disco vocal. Es mi mejor disco de guitarra el\u00e9ctrica. Es mi disco m\u00e1s org\u00e1nico, hecho en la comodidad de mi propia zona&#8221;.<\/p>\n<p>\u201cChance to Bleed\u201d cuenta con las voces invitadas de Natalie Hoffman, Ethan Buckler y Greg Cartwright, quien tambi\u00e9n maneja la guitarra co-l\u00edder junto a Vile. El v\u00eddeo musical que lo acompa\u00f1a fue filmado en el famoso local musical de Fishtown, Kung Fu Necktie, y presenta cameos del comediante Jim E Brown y Schoolly D.<\/p>\n<div class=\"uD-YT-container\"><img decoding=\"async\" src=\"https:\/\/web.consaguirre.com.ar\/noticias\/wp-content\/uploads\/2026\/04\/1775767099_266_Kurt-Vile-anuncia-nuevo-album-Philadelphias-Been-Good-To-Me.jpg\" alt=\"V\u00eddeo de YouTube\"><br \/>Haga clic para cargar v\u00eddeo<\/div>\n<p>La portada del \u00e1lbum es una fotograf\u00eda de William Eggleston, que el hijo del fot\u00f3grafo, Winston, le regal\u00f3 a Vile.<\/p>\n<p>Vile grab\u00f3 el \u00e1lbum desde finales de 2023 hasta principios de 2026, lo que lo dej\u00f3, dijo, en \u201cun inspirado estado de cambio\u201d. Grab\u00f3 la mayor parte del \u00e1lbum en el estudio del s\u00f3tano de su casa, llamado &#8220;OKV Central&#8221; o &#8220;Overnight KV&#8221;.<\/p>\n<p>Vile manej\u00f3 la mayor parte de la producci\u00f3n \u00e9l mismo y reclut\u00f3 a amigos como Kurt Vile y el bajista de los Violators, Adam Langellotti, el teclista Matthew Jugenheimer, el baterista Kyle Spence, el guitarrista Jesse Trbovrich y Rob Schnapf.<\/p>\n<p>&#8220;He estado esperando que ese elemento natural aparezca nuevamente en mis grabaciones, como en los viejos tiempos de grabaci\u00f3n casera&#8221;, dijo Vile sobre el \u00e1lbum. &#8220;Creo que finalmente lo capt\u00e9 de nuevo, pero con mayor fidelidad; nunca est\u00e1 demasiado pulido, pero sigue siendo bastante brillante&#8221;.<\/p>\n<p>Lo \u00faltimo que supimos de Vile fue en 2025, cuando se asoci\u00f3 con el compositor de Nashville Luke Roberts en un EP colaborativo titulado <em>Amor cl\u00e1sico<\/em>.<\/p>\n<p><b>Escucha Kurt Vile <em>Filadelfia ha sido buena conmigo<\/em> aqu\u00ed.<\/b><\/p>\n","protected":false},"excerpt":{"rendered":"<p>Kurt Vile ha anunciado que su nuevo \u00e1lbum, Filadelfia ha sido buena conmigose lanzar\u00e1 el 29 de mayo a trav\u00e9s de Verve. Para celebrar la<\/p>\n","protected":false},"author":1,"featured_media":5614,"comment_status":"closed","ping_status":"","sticky":false,"template":"","format":"standard","meta":{"footnotes":""},"categories":[50],"tags":[147,56,1365,1449,146,4110,1450],"class_list":["post-5613","post","type-post","status-publish","format-standard","has-post-thumbnail","hentry","category-el-ultimo","tag-album","tag-anuncia","tag-good","tag-kurt","tag-nuevo","tag-philadelphias","tag-vile","generate-columns","tablet-grid-50","mobile-grid-100","grid-parent","grid-50"],"yoast_head":"<!-- This site is optimized with the Yoast SEO plugin v23.3 - https:\/\/yoast.com\/wordpress\/plugins\/seo\/ -->\n<title>Kurt Vile anuncia nuevo \u00e1lbum, &#039;Philadelphia&#039;s Been Good To Me&#039;<\/title>\n<meta name=\"robots\" content=\"index, follow, max-snippet:-1, max-image-preview:large, max-video-preview:-1\" \/>\n<link rel=\"canonical\" href=\"https:\/\/web.consaguirre.com.ar\/noticias\/kurt-vile-anuncia-nuevo-album-philadelphias-been-good-to-me\/\" \/>\n<meta property=\"og:locale\" content=\"es_ES\" \/>\n<meta property=\"og:type\" content=\"article\" \/>\n<meta property=\"og:title\" content=\"Kurt Vile anuncia nuevo \u00e1lbum, &#039;Philadelphia&#039;s Been Good To Me&#039;\" \/>\n<meta property=\"og:description\" content=\"Kurt Vile ha anunciado que su nuevo \u00e1lbum, Filadelfia ha sido buena conmigose lanzar\u00e1 el 29 de mayo a trav\u00e9s de Verve. Para celebrar la\" \/>\n<meta property=\"og:url\" content=\"https:\/\/web.consaguirre.com.ar\/noticias\/kurt-vile-anuncia-nuevo-album-philadelphias-been-good-to-me\/\" \/>\n<meta property=\"og:site_name\" content=\"Conservatorio de M\u00fasica Juli\u00e1n Aguirre\" \/>\n<meta property=\"article:published_time\" content=\"2026-04-09T20:38:19+00:00\" \/>\n<meta property=\"article:modified_time\" content=\"2026-04-09T20:38:20+00:00\" \/>\n<meta property=\"og:image\" content=\"https:\/\/web.consaguirre.com.ar\/noticias\/wp-content\/uploads\/2026\/04\/Kurt-Vile-anuncia-nuevo-album-Philadelphias-Been-Good-To-Me.jpg\" \/>\n\t<meta property=\"og:image:width\" content=\"820\" \/>\n\t<meta property=\"og:image:height\" content=\"820\" \/>\n\t<meta property=\"og:image:type\" content=\"image\/jpeg\" \/>\n<meta name=\"author\" content=\"Javier Figueroa\" \/>\n<meta name=\"twitter:card\" content=\"summary_large_image\" \/>\n<meta name=\"twitter:label1\" content=\"Escrito por\" \/>\n\t<meta name=\"twitter:data1\" content=\"Javier Figueroa\" \/>\n\t<meta name=\"twitter:label2\" content=\"Tiempo de lectura\" \/>\n\t<meta name=\"twitter:data2\" content=\"2 minutos\" \/>\n<script type=\"application\/ld+json\" class=\"yoast-schema-graph\">{\"@context\":\"https:\/\/schema.org\",\"@graph\":[{\"@type\":\"Article\",\"@id\":\"https:\/\/web.consaguirre.com.ar\/noticias\/kurt-vile-anuncia-nuevo-album-philadelphias-been-good-to-me\/#article\",\"isPartOf\":{\"@id\":\"https:\/\/web.consaguirre.com.ar\/noticias\/kurt-vile-anuncia-nuevo-album-philadelphias-been-good-to-me\/\"},\"author\":{\"name\":\"Javier Figueroa\",\"@id\":\"https:\/\/web.consaguirre.com.ar\/noticias\/#\/schema\/person\/6558b0cfedee7ddc5425602b237d5722\"},\"headline\":\"Kurt Vile anuncia nuevo \u00e1lbum, &#8216;Philadelphia&#8217;s Been Good To Me&#8217;\",\"datePublished\":\"2026-04-09T20:38:19+00:00\",\"dateModified\":\"2026-04-09T20:38:20+00:00\",\"mainEntityOfPage\":{\"@id\":\"https:\/\/web.consaguirre.com.ar\/noticias\/kurt-vile-anuncia-nuevo-album-philadelphias-been-good-to-me\/\"},\"wordCount\":393,\"publisher\":{\"@id\":\"https:\/\/web.consaguirre.com.ar\/noticias\/#organization\"},\"image\":{\"@id\":\"https:\/\/web.consaguirre.com.ar\/noticias\/kurt-vile-anuncia-nuevo-album-philadelphias-been-good-to-me\/#primaryimage\"},\"thumbnailUrl\":\"https:\/\/web.consaguirre.com.ar\/noticias\/wp-content\/uploads\/2026\/04\/Kurt-Vile-anuncia-nuevo-album-Philadelphias-Been-Good-To-Me.jpg\",\"keywords\":[\"\u00e1lbum\",\"anuncia\",\"Good\",\"Kurt\",\"nuevo\",\"Philadelphias\",\"Vile\"],\"articleSection\":[\"El \u00faltimo\"],\"inLanguage\":\"es-AR\"},{\"@type\":\"WebPage\",\"@id\":\"https:\/\/web.consaguirre.com.ar\/noticias\/kurt-vile-anuncia-nuevo-album-philadelphias-been-good-to-me\/\",\"url\":\"https:\/\/web.consaguirre.com.ar\/noticias\/kurt-vile-anuncia-nuevo-album-philadelphias-been-good-to-me\/\",\"name\":\"Kurt Vile anuncia nuevo \u00e1lbum, 'Philadelphia's Been Good To Me'\",\"isPartOf\":{\"@id\":\"https:\/\/web.consaguirre.com.ar\/noticias\/#website\"},\"primaryImageOfPage\":{\"@id\":\"https:\/\/web.consaguirre.com.ar\/noticias\/kurt-vile-anuncia-nuevo-album-philadelphias-been-good-to-me\/#primaryimage\"},\"image\":{\"@id\":\"https:\/\/web.consaguirre.com.ar\/noticias\/kurt-vile-anuncia-nuevo-album-philadelphias-been-good-to-me\/#primaryimage\"},\"thumbnailUrl\":\"https:\/\/web.consaguirre.com.ar\/noticias\/wp-content\/uploads\/2026\/04\/Kurt-Vile-anuncia-nuevo-album-Philadelphias-Been-Good-To-Me.jpg\",\"datePublished\":\"2026-04-09T20:38:19+00:00\",\"dateModified\":\"2026-04-09T20:38:20+00:00\",\"breadcrumb\":{\"@id\":\"https:\/\/web.consaguirre.com.ar\/noticias\/kurt-vile-anuncia-nuevo-album-philadelphias-been-good-to-me\/#breadcrumb\"},\"inLanguage\":\"es-AR\",\"potentialAction\":[{\"@type\":\"ReadAction\",\"target\":[\"https:\/\/web.consaguirre.com.ar\/noticias\/kurt-vile-anuncia-nuevo-album-philadelphias-been-good-to-me\/\"]}]},{\"@type\":\"ImageObject\",\"inLanguage\":\"es-AR\",\"@id\":\"https:\/\/web.consaguirre.com.ar\/noticias\/kurt-vile-anuncia-nuevo-album-philadelphias-been-good-to-me\/#primaryimage\",\"url\":\"https:\/\/web.consaguirre.com.ar\/noticias\/wp-content\/uploads\/2026\/04\/Kurt-Vile-anuncia-nuevo-album-Philadelphias-Been-Good-To-Me.jpg\",\"contentUrl\":\"https:\/\/web.consaguirre.com.ar\/noticias\/wp-content\/uploads\/2026\/04\/Kurt-Vile-anuncia-nuevo-album-Philadelphias-Been-Good-To-Me.jpg\",\"width\":820,\"height\":820,\"caption\":\"Kurt Vile Philadelphia\"},{\"@type\":\"BreadcrumbList\",\"@id\":\"https:\/\/web.consaguirre.com.ar\/noticias\/kurt-vile-anuncia-nuevo-album-philadelphias-been-good-to-me\/#breadcrumb\",\"itemListElement\":[{\"@type\":\"ListItem\",\"position\":1,\"name\":\"Inicio\",\"item\":\"https:\/\/web.consaguirre.com.ar\/noticias\/\"},{\"@type\":\"ListItem\",\"position\":2,\"name\":\"Kurt Vile anuncia nuevo \u00e1lbum, &#8216;Philadelphia&#8217;s Been Good To Me&#8217;\"}]},{\"@type\":\"WebSite\",\"@id\":\"https:\/\/web.consaguirre.com.ar\/noticias\/#website\",\"url\":\"https:\/\/web.consaguirre.com.ar\/noticias\/\",\"name\":\"Conservatorio de M\u00fasica Juli\u00e1n Aguirre\",\"description\":\"\",\"publisher\":{\"@id\":\"https:\/\/web.consaguirre.com.ar\/noticias\/#organization\"},\"potentialAction\":[{\"@type\":\"SearchAction\",\"target\":{\"@type\":\"EntryPoint\",\"urlTemplate\":\"https:\/\/web.consaguirre.com.ar\/noticias\/?s={search_term_string}\"},\"query-input\":\"required name=search_term_string\"}],\"inLanguage\":\"es-AR\"},{\"@type\":\"Organization\",\"@id\":\"https:\/\/web.consaguirre.com.ar\/noticias\/#organization\",\"name\":\"Conservatorio de M\u00fasica Juli\u00e1n Aguirre\",\"url\":\"https:\/\/web.consaguirre.com.ar\/noticias\/\",\"logo\":{\"@type\":\"ImageObject\",\"inLanguage\":\"es-AR\",\"@id\":\"https:\/\/web.consaguirre.com.ar\/noticias\/#\/schema\/logo\/image\/\",\"url\":\"https:\/\/web.consaguirre.com.ar\/noticias\/wp-content\/uploads\/2024\/08\/Banner-Aguirre-23.jpg\",\"contentUrl\":\"https:\/\/web.consaguirre.com.ar\/noticias\/wp-content\/uploads\/2024\/08\/Banner-Aguirre-23.jpg\",\"width\":1192,\"height\":600,\"caption\":\"Conservatorio de M\u00fasica Juli\u00e1n Aguirre\"},\"image\":{\"@id\":\"https:\/\/web.consaguirre.com.ar\/noticias\/#\/schema\/logo\/image\/\"}},{\"@type\":\"Person\",\"@id\":\"https:\/\/web.consaguirre.com.ar\/noticias\/#\/schema\/person\/6558b0cfedee7ddc5425602b237d5722\",\"name\":\"Javier Figueroa\",\"image\":{\"@type\":\"ImageObject\",\"inLanguage\":\"es-AR\",\"@id\":\"https:\/\/web.consaguirre.com.ar\/noticias\/#\/schema\/person\/image\/\",\"url\":\"https:\/\/web.consaguirre.com.ar\/noticias\/wp-content\/uploads\/2024\/08\/Consaguirre-scaled.jpg\",\"contentUrl\":\"https:\/\/web.consaguirre.com.ar\/noticias\/wp-content\/uploads\/2024\/08\/Consaguirre-scaled.jpg\",\"caption\":\"Javier Figueroa\"},\"description\":\"Me llamo Javier Figueroa y soy redactor para el sitio oficial del Conservatorio de M\u00fasica Juli\u00e1n Aguirre en Buenos Aires, consaguirre.com. Apasionado por la m\u00fasica y la escritura, me esfuerzo por destacar los talentos y eventos de nuestra prestigiosa instituci\u00f3n. Mi trayectoria se nutre de una profunda admiraci\u00f3n por los artistas, haciendo de cada art\u00edculo una celebraci\u00f3n de la creatividad y la cultura musical.\",\"sameAs\":[\"https:\/\/web.consaguirre.com.ar\/noticias\"]}]}<\/script>\n<!-- \/ Yoast SEO plugin. -->","yoast_head_json":{"title":"Kurt Vile anuncia nuevo \u00e1lbum, 'Philadelphia's Been Good To Me'","robots":{"index":"index","follow":"follow","max-snippet":"max-snippet:-1","max-image-preview":"max-image-preview:large","max-video-preview":"max-video-preview:-1"},"canonical":"https:\/\/web.consaguirre.com.ar\/noticias\/kurt-vile-anuncia-nuevo-album-philadelphias-been-good-to-me\/","og_locale":"es_ES","og_type":"article","og_title":"Kurt Vile anuncia nuevo \u00e1lbum, 'Philadelphia's Been Good To Me'","og_description":"Kurt Vile ha anunciado que su nuevo \u00e1lbum, Filadelfia ha sido buena conmigose lanzar\u00e1 el 29 de mayo a trav\u00e9s de Verve. Para celebrar la","og_url":"https:\/\/web.consaguirre.com.ar\/noticias\/kurt-vile-anuncia-nuevo-album-philadelphias-been-good-to-me\/","og_site_name":"Conservatorio de M\u00fasica Juli\u00e1n Aguirre","article_published_time":"2026-04-09T20:38:19+00:00","article_modified_time":"2026-04-09T20:38:20+00:00","og_image":[{"width":820,"height":820,"url":"https:\/\/web.consaguirre.com.ar\/noticias\/wp-content\/uploads\/2026\/04\/Kurt-Vile-anuncia-nuevo-album-Philadelphias-Been-Good-To-Me.jpg","type":"image\/jpeg"}],"author":"Javier Figueroa","twitter_card":"summary_large_image","twitter_misc":{"Escrito por":"Javier Figueroa","Tiempo de lectura":"2 minutos"},"schema":{"@context":"https:\/\/schema.org","@graph":[{"@type":"Article","@id":"https:\/\/web.consaguirre.com.ar\/noticias\/kurt-vile-anuncia-nuevo-album-philadelphias-been-good-to-me\/#article","isPartOf":{"@id":"https:\/\/web.consaguirre.com.ar\/noticias\/kurt-vile-anuncia-nuevo-album-philadelphias-been-good-to-me\/"},"author":{"name":"Javier Figueroa","@id":"https:\/\/web.consaguirre.com.ar\/noticias\/#\/schema\/person\/6558b0cfedee7ddc5425602b237d5722"},"headline":"Kurt Vile anuncia nuevo \u00e1lbum, &#8216;Philadelphia&#8217;s Been Good To Me&#8217;","datePublished":"2026-04-09T20:38:19+00:00","dateModified":"2026-04-09T20:38:20+00:00","mainEntityOfPage":{"@id":"https:\/\/web.consaguirre.com.ar\/noticias\/kurt-vile-anuncia-nuevo-album-philadelphias-been-good-to-me\/"},"wordCount":393,"publisher":{"@id":"https:\/\/web.consaguirre.com.ar\/noticias\/#organization"},"image":{"@id":"https:\/\/web.consaguirre.com.ar\/noticias\/kurt-vile-anuncia-nuevo-album-philadelphias-been-good-to-me\/#primaryimage"},"thumbnailUrl":"https:\/\/web.consaguirre.com.ar\/noticias\/wp-content\/uploads\/2026\/04\/Kurt-Vile-anuncia-nuevo-album-Philadelphias-Been-Good-To-Me.jpg","keywords":["\u00e1lbum","anuncia","Good","Kurt","nuevo","Philadelphias","Vile"],"articleSection":["El \u00faltimo"],"inLanguage":"es-AR"},{"@type":"WebPage","@id":"https:\/\/web.consaguirre.com.ar\/noticias\/kurt-vile-anuncia-nuevo-album-philadelphias-been-good-to-me\/","url":"https:\/\/web.consaguirre.com.ar\/noticias\/kurt-vile-anuncia-nuevo-album-philadelphias-been-good-to-me\/","name":"Kurt Vile anuncia nuevo \u00e1lbum, 'Philadelphia's Been Good To Me'","isPartOf":{"@id":"https:\/\/web.consaguirre.com.ar\/noticias\/#website"},"primaryImageOfPage":{"@id":"https:\/\/web.consaguirre.com.ar\/noticias\/kurt-vile-anuncia-nuevo-album-philadelphias-been-good-to-me\/#primaryimage"},"image":{"@id":"https:\/\/web.consaguirre.com.ar\/noticias\/kurt-vile-anuncia-nuevo-album-philadelphias-been-good-to-me\/#primaryimage"},"thumbnailUrl":"https:\/\/web.consaguirre.com.ar\/noticias\/wp-content\/uploads\/2026\/04\/Kurt-Vile-anuncia-nuevo-album-Philadelphias-Been-Good-To-Me.jpg","datePublished":"2026-04-09T20:38:19+00:00","dateModified":"2026-04-09T20:38:20+00:00","breadcrumb":{"@id":"https:\/\/web.consaguirre.com.ar\/noticias\/kurt-vile-anuncia-nuevo-album-philadelphias-been-good-to-me\/#breadcrumb"},"inLanguage":"es-AR","potentialAction":[{"@type":"ReadAction","target":["https:\/\/web.consaguirre.com.ar\/noticias\/kurt-vile-anuncia-nuevo-album-philadelphias-been-good-to-me\/"]}]},{"@type":"ImageObject","inLanguage":"es-AR","@id":"https:\/\/web.consaguirre.com.ar\/noticias\/kurt-vile-anuncia-nuevo-album-philadelphias-been-good-to-me\/#primaryimage","url":"https:\/\/web.consaguirre.com.ar\/noticias\/wp-content\/uploads\/2026\/04\/Kurt-Vile-anuncia-nuevo-album-Philadelphias-Been-Good-To-Me.jpg","contentUrl":"https:\/\/web.consaguirre.com.ar\/noticias\/wp-content\/uploads\/2026\/04\/Kurt-Vile-anuncia-nuevo-album-Philadelphias-Been-Good-To-Me.jpg","width":820,"height":820,"caption":"Kurt Vile Philadelphia"},{"@type":"BreadcrumbList","@id":"https:\/\/web.consaguirre.com.ar\/noticias\/kurt-vile-anuncia-nuevo-album-philadelphias-been-good-to-me\/#breadcrumb","itemListElement":[{"@type":"ListItem","position":1,"name":"Inicio","item":"https:\/\/web.consaguirre.com.ar\/noticias\/"},{"@type":"ListItem","position":2,"name":"Kurt Vile anuncia nuevo \u00e1lbum, &#8216;Philadelphia&#8217;s Been Good To Me&#8217;"}]},{"@type":"WebSite","@id":"https:\/\/web.consaguirre.com.ar\/noticias\/#website","url":"https:\/\/web.consaguirre.com.ar\/noticias\/","name":"Conservatorio de M\u00fasica Juli\u00e1n Aguirre","description":"","publisher":{"@id":"https:\/\/web.consaguirre.com.ar\/noticias\/#organization"},"potentialAction":[{"@type":"SearchAction","target":{"@type":"EntryPoint","urlTemplate":"https:\/\/web.consaguirre.com.ar\/noticias\/?s={search_term_string}"},"query-input":"required name=search_term_string"}],"inLanguage":"es-AR"},{"@type":"Organization","@id":"https:\/\/web.consaguirre.com.ar\/noticias\/#organization","name":"Conservatorio de M\u00fasica Juli\u00e1n Aguirre","url":"https:\/\/web.consaguirre.com.ar\/noticias\/","logo":{"@type":"ImageObject","inLanguage":"es-AR","@id":"https:\/\/web.consaguirre.com.ar\/noticias\/#\/schema\/logo\/image\/","url":"https:\/\/web.consaguirre.com.ar\/noticias\/wp-content\/uploads\/2024\/08\/Banner-Aguirre-23.jpg","contentUrl":"https:\/\/web.consaguirre.com.ar\/noticias\/wp-content\/uploads\/2024\/08\/Banner-Aguirre-23.jpg","width":1192,"height":600,"caption":"Conservatorio de M\u00fasica Juli\u00e1n Aguirre"},"image":{"@id":"https:\/\/web.consaguirre.com.ar\/noticias\/#\/schema\/logo\/image\/"}},{"@type":"Person","@id":"https:\/\/web.consaguirre.com.ar\/noticias\/#\/schema\/person\/6558b0cfedee7ddc5425602b237d5722","name":"Javier Figueroa","image":{"@type":"ImageObject","inLanguage":"es-AR","@id":"https:\/\/web.consaguirre.com.ar\/noticias\/#\/schema\/person\/image\/","url":"https:\/\/web.consaguirre.com.ar\/noticias\/wp-content\/uploads\/2024\/08\/Consaguirre-scaled.jpg","contentUrl":"https:\/\/web.consaguirre.com.ar\/noticias\/wp-content\/uploads\/2024\/08\/Consaguirre-scaled.jpg","caption":"Javier Figueroa"},"description":"Me llamo Javier Figueroa y soy redactor para el sitio oficial del Conservatorio de M\u00fasica Juli\u00e1n Aguirre en Buenos Aires, consaguirre.com. Apasionado por la m\u00fasica y la escritura, me esfuerzo por destacar los talentos y eventos de nuestra prestigiosa instituci\u00f3n. Mi trayectoria se nutre de una profunda admiraci\u00f3n por los artistas, haciendo de cada art\u00edculo una celebraci\u00f3n de la creatividad y la cultura musical.","sameAs":["https:\/\/web.consaguirre.com.ar\/noticias"]}]}},"_links":{"self":[{"href":"https:\/\/web.consaguirre.com.ar\/noticias\/wp-json\/wp\/v2\/posts\/5613"}],"collection":[{"href":"https:\/\/web.consaguirre.com.ar\/noticias\/wp-json\/wp\/v2\/posts"}],"about":[{"href":"https:\/\/web.consaguirre.com.ar\/noticias\/wp-json\/wp\/v2\/types\/post"}],"author":[{"embeddable":true,"href":"https:\/\/web.consaguirre.com.ar\/noticias\/wp-json\/wp\/v2\/users\/1"}],"replies":[{"embeddable":true,"href":"https:\/\/web.consaguirre.com.ar\/noticias\/wp-json\/wp\/v2\/comments?post=5613"}],"version-history":[{"count":1,"href":"https:\/\/web.consaguirre.com.ar\/noticias\/wp-json\/wp\/v2\/posts\/5613\/revisions"}],"predecessor-version":[{"id":5615,"href":"https:\/\/web.consaguirre.com.ar\/noticias\/wp-json\/wp\/v2\/posts\/5613\/revisions\/5615"}],"wp:featuredmedia":[{"embeddable":true,"href":"https:\/\/web.consaguirre.com.ar\/noticias\/wp-json\/wp\/v2\/media\/5614"}],"wp:attachment":[{"href":"https:\/\/web.consaguirre.com.ar\/noticias\/wp-json\/wp\/v2\/media?parent=5613"}],"wp:term":[{"taxonomy":"category","embeddable":true,"href":"https:\/\/web.consaguirre.com.ar\/noticias\/wp-json\/wp\/v2\/categories?post=5613"},{"taxonomy":"post_tag","embeddable":true,"href":"https:\/\/web.consaguirre.com.ar\/noticias\/wp-json\/wp\/v2\/tags?post=5613"}],"curies":[{"name":"wp","href":"https:\/\/api.w.org\/{rel}","templated":true}]}}