{"id":5610,"date":"2026-04-09T14:38:24","date_gmt":"2026-04-09T17:38:24","guid":{"rendered":"https:\/\/web.consaguirre.com.ar\/noticias\/gelo-lanza-el-video-musical-aye\/"},"modified":"2026-04-09T14:38:25","modified_gmt":"2026-04-09T17:38:25","slug":"gelo-lanza-el-video-musical-aye","status":"publish","type":"post","link":"https:\/\/web.consaguirre.com.ar\/noticias\/gelo-lanza-el-video-musical-aye\/","title":{"rendered":"Gelo lanza el v\u00eddeo musical &#8216;Aye&#8217;"},"content":{"rendered":"<p>La estrella del rap en ascenso Gelo mantiene su pr\u00f3xima era en movimiento con el lanzamiento de su \u00faltimo video musical para \u201cAye\u201d. El video de la canci\u00f3n llega despu\u00e9s de que la canci\u00f3n se lanzara el 27 de marzo. El clip abarca la propia historia del rapero con el baloncesto, mostrando a Gelo actuando en la cancha mientras nos intercalamos entre ni\u00f1os peque\u00f1os y sus hom\u00f3logos adultos regateando en la cancha.<\/p>\n<p>El paralelo entre las im\u00e1genes y la propia vida de Gelo es f\u00e1cil de detectar. Como hermano de Lonzo y LaMelo Ball, Gelo creci\u00f3 en la cancha de baloncesto y jug\u00f3 profesionalmente antes de dar el salto al rap, donde obtuvo un r\u00e1pido \u00e9xito con el \u00e9xito viral &#8220;Tweaker&#8221;.<\/p>\n<div class=\"uD-YT-container\"><img decoding=\"async\" src=\"https:\/\/web.consaguirre.com.ar\/noticias\/wp-content\/uploads\/2026\/04\/1775756304_738_Gelo-lanza-el-video-musical-Aye.jpg\" alt=\"V\u00eddeo de YouTube\"><br \/>Haga clic para cargar v\u00eddeo<\/div>\n<p>&#8220;Todo lo que hago, trato de hacerlo al m\u00e1s alto nivel. Entonces, cuando jugaba baloncesto, ese era mi objetivo en ese momento. Ni siquiera estoy pensando en el rap. Estoy tratando de llegar a la NBA&#8221;, dijo Gelo. <em>uproxx<\/em> de esta faceta de su trayectoria en torno al debut de su primer \u00e1lbum, <em>Liga propia<\/em>el pasado mes de julio. &#8220;Esto fue hace algunos a\u00f1os y as\u00ed fue como ocurri\u00f3 la transici\u00f3n. No todo iba tan bien como esperaba en el lado del aro. Pero cuando pas\u00e9 a la m\u00fasica, sent\u00ed que mi talento y la forma en que soy me llevar\u00e1n al nivel de la NBA, pero para la m\u00fasica. As\u00ed es como llev\u00e9 mi estilo al juego de la m\u00fasica&#8221;.<\/p>\n<p><em>Liga propia<\/em> debut\u00f3 el 18 de julio y obtuvo co-firmas de alto perfil de GloRilla y Lil Wayne. Impulsado por el sencillo viral de Gelo, &#8220;Tweaker&#8221;, que debut\u00f3 en el puesto 29 del Billboard Hot 100 y desde entonces ha sido certificado platino, Gelo obtuvo m\u00e1s \u00e9xito con canciones como &#8220;Can You Please&#8221; y &#8220;Law N Order&#8221;. Inici\u00f3 su pr\u00f3xima era en febrero de 2026 con el lanzamiento del sencillo \u201cBackyard Ball\u201d, que tambi\u00e9n inclu\u00eda un v\u00eddeo musical que mostraba baloncesto. Habr\u00e1 mucho m\u00e1s por venir; mientras Gelo rapea en \u201cAye\u201d, \u201cThis my summer\u201d.<\/p>\n<p><b>Escuche \u201cAYE\u201d de GELO aqu\u00ed.<\/b><\/p>\n","protected":false},"excerpt":{"rendered":"<p>La estrella del rap en ascenso Gelo mantiene su pr\u00f3xima era en movimiento con el lanzamiento de su \u00faltimo video musical para \u201cAye\u201d. El video<\/p>\n","protected":false},"author":1,"featured_media":5611,"comment_status":"closed","ping_status":"","sticky":false,"template":"","format":"standard","meta":{"footnotes":""},"categories":[50],"tags":[4109,1670,218,203,202],"class_list":["post-5610","post","type-post","status-publish","format-standard","has-post-thumbnail","hentry","category-el-ultimo","tag-aye","tag-gelo","tag-lanza","tag-musical","tag-video","generate-columns","tablet-grid-50","mobile-grid-100","grid-parent","grid-50"],"yoast_head":"<!-- This site is optimized with the Yoast SEO plugin v23.3 - https:\/\/yoast.com\/wordpress\/plugins\/seo\/ -->\n<title>Gelo lanza el v\u00eddeo musical &#039;Aye&#039;<\/title>\n<meta name=\"robots\" content=\"index, follow, max-snippet:-1, max-image-preview:large, max-video-preview:-1\" \/>\n<link rel=\"canonical\" href=\"https:\/\/web.consaguirre.com.ar\/noticias\/gelo-lanza-el-video-musical-aye\/\" \/>\n<meta property=\"og:locale\" content=\"es_ES\" \/>\n<meta property=\"og:type\" content=\"article\" \/>\n<meta property=\"og:title\" content=\"Gelo lanza el v\u00eddeo musical &#039;Aye&#039;\" \/>\n<meta property=\"og:description\" content=\"La estrella del rap en ascenso Gelo mantiene su pr\u00f3xima era en movimiento con el lanzamiento de su \u00faltimo video musical para \u201cAye\u201d. El video\" \/>\n<meta property=\"og:url\" content=\"https:\/\/web.consaguirre.com.ar\/noticias\/gelo-lanza-el-video-musical-aye\/\" \/>\n<meta property=\"og:site_name\" content=\"Conservatorio de M\u00fasica Juli\u00e1n Aguirre\" \/>\n<meta property=\"article:published_time\" content=\"2026-04-09T17:38:24+00:00\" \/>\n<meta property=\"article:modified_time\" content=\"2026-04-09T17:38:25+00:00\" \/>\n<meta property=\"og:image\" content=\"https:\/\/web.consaguirre.com.ar\/noticias\/wp-content\/uploads\/2026\/04\/Gelo-lanza-el-video-musical-Aye.jpg\" \/>\n\t<meta property=\"og:image:width\" content=\"820\" \/>\n\t<meta property=\"og:image:height\" content=\"820\" \/>\n\t<meta property=\"og:image:type\" content=\"image\/jpeg\" \/>\n<meta name=\"author\" content=\"Javier Figueroa\" \/>\n<meta name=\"twitter:card\" content=\"summary_large_image\" \/>\n<meta name=\"twitter:label1\" content=\"Escrito por\" \/>\n\t<meta name=\"twitter:data1\" content=\"Javier Figueroa\" \/>\n\t<meta name=\"twitter:label2\" content=\"Tiempo de lectura\" \/>\n\t<meta name=\"twitter:data2\" content=\"2 minutos\" \/>\n<script type=\"application\/ld+json\" class=\"yoast-schema-graph\">{\"@context\":\"https:\/\/schema.org\",\"@graph\":[{\"@type\":\"Article\",\"@id\":\"https:\/\/web.consaguirre.com.ar\/noticias\/gelo-lanza-el-video-musical-aye\/#article\",\"isPartOf\":{\"@id\":\"https:\/\/web.consaguirre.com.ar\/noticias\/gelo-lanza-el-video-musical-aye\/\"},\"author\":{\"name\":\"Javier Figueroa\",\"@id\":\"https:\/\/web.consaguirre.com.ar\/noticias\/#\/schema\/person\/6558b0cfedee7ddc5425602b237d5722\"},\"headline\":\"Gelo lanza el v\u00eddeo musical &#8216;Aye&#8217;\",\"datePublished\":\"2026-04-09T17:38:24+00:00\",\"dateModified\":\"2026-04-09T17:38:25+00:00\",\"mainEntityOfPage\":{\"@id\":\"https:\/\/web.consaguirre.com.ar\/noticias\/gelo-lanza-el-video-musical-aye\/\"},\"wordCount\":372,\"publisher\":{\"@id\":\"https:\/\/web.consaguirre.com.ar\/noticias\/#organization\"},\"image\":{\"@id\":\"https:\/\/web.consaguirre.com.ar\/noticias\/gelo-lanza-el-video-musical-aye\/#primaryimage\"},\"thumbnailUrl\":\"https:\/\/web.consaguirre.com.ar\/noticias\/wp-content\/uploads\/2026\/04\/Gelo-lanza-el-video-musical-Aye.jpg\",\"keywords\":[\"Aye\",\"GELO\",\"lanza\",\"musical\",\"v\u00eddeo\"],\"articleSection\":[\"El \u00faltimo\"],\"inLanguage\":\"es-AR\"},{\"@type\":\"WebPage\",\"@id\":\"https:\/\/web.consaguirre.com.ar\/noticias\/gelo-lanza-el-video-musical-aye\/\",\"url\":\"https:\/\/web.consaguirre.com.ar\/noticias\/gelo-lanza-el-video-musical-aye\/\",\"name\":\"Gelo lanza el v\u00eddeo musical 'Aye'\",\"isPartOf\":{\"@id\":\"https:\/\/web.consaguirre.com.ar\/noticias\/#website\"},\"primaryImageOfPage\":{\"@id\":\"https:\/\/web.consaguirre.com.ar\/noticias\/gelo-lanza-el-video-musical-aye\/#primaryimage\"},\"image\":{\"@id\":\"https:\/\/web.consaguirre.com.ar\/noticias\/gelo-lanza-el-video-musical-aye\/#primaryimage\"},\"thumbnailUrl\":\"https:\/\/web.consaguirre.com.ar\/noticias\/wp-content\/uploads\/2026\/04\/Gelo-lanza-el-video-musical-Aye.jpg\",\"datePublished\":\"2026-04-09T17:38:24+00:00\",\"dateModified\":\"2026-04-09T17:38:25+00:00\",\"breadcrumb\":{\"@id\":\"https:\/\/web.consaguirre.com.ar\/noticias\/gelo-lanza-el-video-musical-aye\/#breadcrumb\"},\"inLanguage\":\"es-AR\",\"potentialAction\":[{\"@type\":\"ReadAction\",\"target\":[\"https:\/\/web.consaguirre.com.ar\/noticias\/gelo-lanza-el-video-musical-aye\/\"]}]},{\"@type\":\"ImageObject\",\"inLanguage\":\"es-AR\",\"@id\":\"https:\/\/web.consaguirre.com.ar\/noticias\/gelo-lanza-el-video-musical-aye\/#primaryimage\",\"url\":\"https:\/\/web.consaguirre.com.ar\/noticias\/wp-content\/uploads\/2026\/04\/Gelo-lanza-el-video-musical-Aye.jpg\",\"contentUrl\":\"https:\/\/web.consaguirre.com.ar\/noticias\/wp-content\/uploads\/2026\/04\/Gelo-lanza-el-video-musical-Aye.jpg\",\"width\":820,\"height\":820,\"caption\":\"GELO AYE\"},{\"@type\":\"BreadcrumbList\",\"@id\":\"https:\/\/web.consaguirre.com.ar\/noticias\/gelo-lanza-el-video-musical-aye\/#breadcrumb\",\"itemListElement\":[{\"@type\":\"ListItem\",\"position\":1,\"name\":\"Inicio\",\"item\":\"https:\/\/web.consaguirre.com.ar\/noticias\/\"},{\"@type\":\"ListItem\",\"position\":2,\"name\":\"Gelo lanza el v\u00eddeo musical &#8216;Aye&#8217;\"}]},{\"@type\":\"WebSite\",\"@id\":\"https:\/\/web.consaguirre.com.ar\/noticias\/#website\",\"url\":\"https:\/\/web.consaguirre.com.ar\/noticias\/\",\"name\":\"Conservatorio de M\u00fasica Juli\u00e1n Aguirre\",\"description\":\"\",\"publisher\":{\"@id\":\"https:\/\/web.consaguirre.com.ar\/noticias\/#organization\"},\"potentialAction\":[{\"@type\":\"SearchAction\",\"target\":{\"@type\":\"EntryPoint\",\"urlTemplate\":\"https:\/\/web.consaguirre.com.ar\/noticias\/?s={search_term_string}\"},\"query-input\":\"required name=search_term_string\"}],\"inLanguage\":\"es-AR\"},{\"@type\":\"Organization\",\"@id\":\"https:\/\/web.consaguirre.com.ar\/noticias\/#organization\",\"name\":\"Conservatorio de M\u00fasica Juli\u00e1n Aguirre\",\"url\":\"https:\/\/web.consaguirre.com.ar\/noticias\/\",\"logo\":{\"@type\":\"ImageObject\",\"inLanguage\":\"es-AR\",\"@id\":\"https:\/\/web.consaguirre.com.ar\/noticias\/#\/schema\/logo\/image\/\",\"url\":\"https:\/\/web.consaguirre.com.ar\/noticias\/wp-content\/uploads\/2024\/08\/Banner-Aguirre-23.jpg\",\"contentUrl\":\"https:\/\/web.consaguirre.com.ar\/noticias\/wp-content\/uploads\/2024\/08\/Banner-Aguirre-23.jpg\",\"width\":1192,\"height\":600,\"caption\":\"Conservatorio de M\u00fasica Juli\u00e1n Aguirre\"},\"image\":{\"@id\":\"https:\/\/web.consaguirre.com.ar\/noticias\/#\/schema\/logo\/image\/\"}},{\"@type\":\"Person\",\"@id\":\"https:\/\/web.consaguirre.com.ar\/noticias\/#\/schema\/person\/6558b0cfedee7ddc5425602b237d5722\",\"name\":\"Javier Figueroa\",\"image\":{\"@type\":\"ImageObject\",\"inLanguage\":\"es-AR\",\"@id\":\"https:\/\/web.consaguirre.com.ar\/noticias\/#\/schema\/person\/image\/\",\"url\":\"https:\/\/web.consaguirre.com.ar\/noticias\/wp-content\/uploads\/2024\/08\/Consaguirre-scaled.jpg\",\"contentUrl\":\"https:\/\/web.consaguirre.com.ar\/noticias\/wp-content\/uploads\/2024\/08\/Consaguirre-scaled.jpg\",\"caption\":\"Javier Figueroa\"},\"description\":\"Me llamo Javier Figueroa y soy redactor para el sitio oficial del Conservatorio de M\u00fasica Juli\u00e1n Aguirre en Buenos Aires, consaguirre.com. Apasionado por la m\u00fasica y la escritura, me esfuerzo por destacar los talentos y eventos de nuestra prestigiosa instituci\u00f3n. Mi trayectoria se nutre de una profunda admiraci\u00f3n por los artistas, haciendo de cada art\u00edculo una celebraci\u00f3n de la creatividad y la cultura musical.\",\"sameAs\":[\"https:\/\/web.consaguirre.com.ar\/noticias\"]}]}<\/script>\n<!-- \/ Yoast SEO plugin. -->","yoast_head_json":{"title":"Gelo lanza el v\u00eddeo musical 'Aye'","robots":{"index":"index","follow":"follow","max-snippet":"max-snippet:-1","max-image-preview":"max-image-preview:large","max-video-preview":"max-video-preview:-1"},"canonical":"https:\/\/web.consaguirre.com.ar\/noticias\/gelo-lanza-el-video-musical-aye\/","og_locale":"es_ES","og_type":"article","og_title":"Gelo lanza el v\u00eddeo musical 'Aye'","og_description":"La estrella del rap en ascenso Gelo mantiene su pr\u00f3xima era en movimiento con el lanzamiento de su \u00faltimo video musical para \u201cAye\u201d. El video","og_url":"https:\/\/web.consaguirre.com.ar\/noticias\/gelo-lanza-el-video-musical-aye\/","og_site_name":"Conservatorio de M\u00fasica Juli\u00e1n Aguirre","article_published_time":"2026-04-09T17:38:24+00:00","article_modified_time":"2026-04-09T17:38:25+00:00","og_image":[{"width":820,"height":820,"url":"https:\/\/web.consaguirre.com.ar\/noticias\/wp-content\/uploads\/2026\/04\/Gelo-lanza-el-video-musical-Aye.jpg","type":"image\/jpeg"}],"author":"Javier Figueroa","twitter_card":"summary_large_image","twitter_misc":{"Escrito por":"Javier Figueroa","Tiempo de lectura":"2 minutos"},"schema":{"@context":"https:\/\/schema.org","@graph":[{"@type":"Article","@id":"https:\/\/web.consaguirre.com.ar\/noticias\/gelo-lanza-el-video-musical-aye\/#article","isPartOf":{"@id":"https:\/\/web.consaguirre.com.ar\/noticias\/gelo-lanza-el-video-musical-aye\/"},"author":{"name":"Javier Figueroa","@id":"https:\/\/web.consaguirre.com.ar\/noticias\/#\/schema\/person\/6558b0cfedee7ddc5425602b237d5722"},"headline":"Gelo lanza el v\u00eddeo musical &#8216;Aye&#8217;","datePublished":"2026-04-09T17:38:24+00:00","dateModified":"2026-04-09T17:38:25+00:00","mainEntityOfPage":{"@id":"https:\/\/web.consaguirre.com.ar\/noticias\/gelo-lanza-el-video-musical-aye\/"},"wordCount":372,"publisher":{"@id":"https:\/\/web.consaguirre.com.ar\/noticias\/#organization"},"image":{"@id":"https:\/\/web.consaguirre.com.ar\/noticias\/gelo-lanza-el-video-musical-aye\/#primaryimage"},"thumbnailUrl":"https:\/\/web.consaguirre.com.ar\/noticias\/wp-content\/uploads\/2026\/04\/Gelo-lanza-el-video-musical-Aye.jpg","keywords":["Aye","GELO","lanza","musical","v\u00eddeo"],"articleSection":["El \u00faltimo"],"inLanguage":"es-AR"},{"@type":"WebPage","@id":"https:\/\/web.consaguirre.com.ar\/noticias\/gelo-lanza-el-video-musical-aye\/","url":"https:\/\/web.consaguirre.com.ar\/noticias\/gelo-lanza-el-video-musical-aye\/","name":"Gelo lanza el v\u00eddeo musical 'Aye'","isPartOf":{"@id":"https:\/\/web.consaguirre.com.ar\/noticias\/#website"},"primaryImageOfPage":{"@id":"https:\/\/web.consaguirre.com.ar\/noticias\/gelo-lanza-el-video-musical-aye\/#primaryimage"},"image":{"@id":"https:\/\/web.consaguirre.com.ar\/noticias\/gelo-lanza-el-video-musical-aye\/#primaryimage"},"thumbnailUrl":"https:\/\/web.consaguirre.com.ar\/noticias\/wp-content\/uploads\/2026\/04\/Gelo-lanza-el-video-musical-Aye.jpg","datePublished":"2026-04-09T17:38:24+00:00","dateModified":"2026-04-09T17:38:25+00:00","breadcrumb":{"@id":"https:\/\/web.consaguirre.com.ar\/noticias\/gelo-lanza-el-video-musical-aye\/#breadcrumb"},"inLanguage":"es-AR","potentialAction":[{"@type":"ReadAction","target":["https:\/\/web.consaguirre.com.ar\/noticias\/gelo-lanza-el-video-musical-aye\/"]}]},{"@type":"ImageObject","inLanguage":"es-AR","@id":"https:\/\/web.consaguirre.com.ar\/noticias\/gelo-lanza-el-video-musical-aye\/#primaryimage","url":"https:\/\/web.consaguirre.com.ar\/noticias\/wp-content\/uploads\/2026\/04\/Gelo-lanza-el-video-musical-Aye.jpg","contentUrl":"https:\/\/web.consaguirre.com.ar\/noticias\/wp-content\/uploads\/2026\/04\/Gelo-lanza-el-video-musical-Aye.jpg","width":820,"height":820,"caption":"GELO AYE"},{"@type":"BreadcrumbList","@id":"https:\/\/web.consaguirre.com.ar\/noticias\/gelo-lanza-el-video-musical-aye\/#breadcrumb","itemListElement":[{"@type":"ListItem","position":1,"name":"Inicio","item":"https:\/\/web.consaguirre.com.ar\/noticias\/"},{"@type":"ListItem","position":2,"name":"Gelo lanza el v\u00eddeo musical &#8216;Aye&#8217;"}]},{"@type":"WebSite","@id":"https:\/\/web.consaguirre.com.ar\/noticias\/#website","url":"https:\/\/web.consaguirre.com.ar\/noticias\/","name":"Conservatorio de M\u00fasica Juli\u00e1n Aguirre","description":"","publisher":{"@id":"https:\/\/web.consaguirre.com.ar\/noticias\/#organization"},"potentialAction":[{"@type":"SearchAction","target":{"@type":"EntryPoint","urlTemplate":"https:\/\/web.consaguirre.com.ar\/noticias\/?s={search_term_string}"},"query-input":"required name=search_term_string"}],"inLanguage":"es-AR"},{"@type":"Organization","@id":"https:\/\/web.consaguirre.com.ar\/noticias\/#organization","name":"Conservatorio de M\u00fasica Juli\u00e1n Aguirre","url":"https:\/\/web.consaguirre.com.ar\/noticias\/","logo":{"@type":"ImageObject","inLanguage":"es-AR","@id":"https:\/\/web.consaguirre.com.ar\/noticias\/#\/schema\/logo\/image\/","url":"https:\/\/web.consaguirre.com.ar\/noticias\/wp-content\/uploads\/2024\/08\/Banner-Aguirre-23.jpg","contentUrl":"https:\/\/web.consaguirre.com.ar\/noticias\/wp-content\/uploads\/2024\/08\/Banner-Aguirre-23.jpg","width":1192,"height":600,"caption":"Conservatorio de M\u00fasica Juli\u00e1n Aguirre"},"image":{"@id":"https:\/\/web.consaguirre.com.ar\/noticias\/#\/schema\/logo\/image\/"}},{"@type":"Person","@id":"https:\/\/web.consaguirre.com.ar\/noticias\/#\/schema\/person\/6558b0cfedee7ddc5425602b237d5722","name":"Javier Figueroa","image":{"@type":"ImageObject","inLanguage":"es-AR","@id":"https:\/\/web.consaguirre.com.ar\/noticias\/#\/schema\/person\/image\/","url":"https:\/\/web.consaguirre.com.ar\/noticias\/wp-content\/uploads\/2024\/08\/Consaguirre-scaled.jpg","contentUrl":"https:\/\/web.consaguirre.com.ar\/noticias\/wp-content\/uploads\/2024\/08\/Consaguirre-scaled.jpg","caption":"Javier Figueroa"},"description":"Me llamo Javier Figueroa y soy redactor para el sitio oficial del Conservatorio de M\u00fasica Juli\u00e1n Aguirre en Buenos Aires, consaguirre.com. Apasionado por la m\u00fasica y la escritura, me esfuerzo por destacar los talentos y eventos de nuestra prestigiosa instituci\u00f3n. Mi trayectoria se nutre de una profunda admiraci\u00f3n por los artistas, haciendo de cada art\u00edculo una celebraci\u00f3n de la creatividad y la cultura musical.","sameAs":["https:\/\/web.consaguirre.com.ar\/noticias"]}]}},"_links":{"self":[{"href":"https:\/\/web.consaguirre.com.ar\/noticias\/wp-json\/wp\/v2\/posts\/5610"}],"collection":[{"href":"https:\/\/web.consaguirre.com.ar\/noticias\/wp-json\/wp\/v2\/posts"}],"about":[{"href":"https:\/\/web.consaguirre.com.ar\/noticias\/wp-json\/wp\/v2\/types\/post"}],"author":[{"embeddable":true,"href":"https:\/\/web.consaguirre.com.ar\/noticias\/wp-json\/wp\/v2\/users\/1"}],"replies":[{"embeddable":true,"href":"https:\/\/web.consaguirre.com.ar\/noticias\/wp-json\/wp\/v2\/comments?post=5610"}],"version-history":[{"count":1,"href":"https:\/\/web.consaguirre.com.ar\/noticias\/wp-json\/wp\/v2\/posts\/5610\/revisions"}],"predecessor-version":[{"id":5612,"href":"https:\/\/web.consaguirre.com.ar\/noticias\/wp-json\/wp\/v2\/posts\/5610\/revisions\/5612"}],"wp:featuredmedia":[{"embeddable":true,"href":"https:\/\/web.consaguirre.com.ar\/noticias\/wp-json\/wp\/v2\/media\/5611"}],"wp:attachment":[{"href":"https:\/\/web.consaguirre.com.ar\/noticias\/wp-json\/wp\/v2\/media?parent=5610"}],"wp:term":[{"taxonomy":"category","embeddable":true,"href":"https:\/\/web.consaguirre.com.ar\/noticias\/wp-json\/wp\/v2\/categories?post=5610"},{"taxonomy":"post_tag","embeddable":true,"href":"https:\/\/web.consaguirre.com.ar\/noticias\/wp-json\/wp\/v2\/tags?post=5610"}],"curies":[{"name":"wp","href":"https:\/\/api.w.org\/{rel}","templated":true}]}}