{"id":5607,"date":"2026-04-09T11:38:54","date_gmt":"2026-04-09T14:38:54","guid":{"rendered":"https:\/\/web.consaguirre.com.ar\/noticias\/anyma-y-lisa-comparten-la-colaboracion-de-bad-angel\/"},"modified":"2026-04-09T11:38:55","modified_gmt":"2026-04-09T14:38:55","slug":"anyma-y-lisa-comparten-la-colaboracion-de-bad-angel","status":"publish","type":"post","link":"https:\/\/web.consaguirre.com.ar\/noticias\/anyma-y-lisa-comparten-la-colaboracion-de-bad-angel\/","title":{"rendered":"Anyma y LISA comparten la colaboraci\u00f3n de &#8216;Bad Angel&#8217;"},"content":{"rendered":"<p>Anyma y LISA han lanzado su nuevo sencillo \u201cBad Angel\u201d, ya disponible a trav\u00e9s de Interscope Records. La colaboraci\u00f3n de Anyma y LISA llega con un v\u00eddeo musical oficial y re\u00fane a dos artistas mundialmente reconocidos para uno de los nuevos lanzamientos m\u00e1s importantes de la semana.<\/p>\n<p>Escrita y producida por Anyma, \u201cBad Angel\u201d combina su estilo de producci\u00f3n electr\u00f3nica cinematogr\u00e1fica con la imponente presencia vocal de LISA. La canci\u00f3n abre un nuevo cap\u00edtulo para ambos artistas, combinando un impulso listo para los clubes con una elegante sensibilidad pop que se siente construida para una amplia audiencia. Llega pocas horas antes de que Anyma act\u00fae en el escenario principal de Coachella el 10 y 17 de abril.<\/p>\n<div class=\"uD-YT-container\"><img decoding=\"async\" src=\"https:\/\/web.consaguirre.com.ar\/noticias\/wp-content\/uploads\/2026\/04\/1775745534_564_Anyma-y-LISA-comparten-la-colaboracion-de-Bad-Angel.jpg\" alt=\"V\u00eddeo de YouTube\"><br \/>Haga clic para cargar v\u00eddeo<\/div>\n<p>Anyma ha construido su reputaci\u00f3n a trav\u00e9s de trabajos audiovisuales a gran escala, ambiciosos shows en vivo y una serie de lanzamientos que acaparan los titulares. Mejor conocido como el proyecto solista de Matteo Milleri, r\u00e1pidamente se ha convertido en una de las voces creativas m\u00e1s distintivas de la m\u00fasica electr\u00f3nica. &#8220;Este disco vive entre mundos: el humano y el digital, el \u00edntimo y el infinito&#8221;, dice Anyma. \u201cLisa y yo hemos hablado de trabajar juntas desde hace un tiempo y ella fue mi musa para &#8216;Bad Angel&#8217;. Su energ\u00eda y actuaci\u00f3n me dejaron boquiabierto y no puedo imaginar a nadie m\u00e1s cantando esta canci\u00f3n\u201d.<\/p>\n<p>En cuanto a LISA, &#8220;Siempre me ha encantado el EDM, as\u00ed que hac\u00eda tiempo que quer\u00eda probar algo como esto. Anyma es muy creativo y tiene una visi\u00f3n \u00fanica, por lo que trabajar con \u00e9l fue muy divertido. Sus shows son s\u00faper inmersivos y creo que puedes sentir esa energ\u00eda en la pista&#8221;. La canci\u00f3n a\u00f1ade otra entrada importante a una carrera en solitario que la ha mantenido en el centro de la conversaci\u00f3n sobre m\u00fasica y cultura pop.<\/p>\n<p><b>Escuche \u201cBad Angel\u201d aqu\u00ed.<\/b><\/p>\n","protected":false},"excerpt":{"rendered":"<p>Anyma y LISA han lanzado su nuevo sencillo \u201cBad Angel\u201d, ya disponible a trav\u00e9s de Interscope Records. La colaboraci\u00f3n de Anyma y LISA llega con<\/p>\n","protected":false},"author":1,"featured_media":5608,"comment_status":"closed","ping_status":"","sticky":false,"template":"","format":"standard","meta":{"footnotes":""},"categories":[50],"tags":[601,4108,939,756,194,2410],"class_list":["post-5607","post","type-post","status-publish","format-standard","has-post-thumbnail","hentry","category-el-ultimo","tag-angel","tag-anyma","tag-bad","tag-colaboracion","tag-comparten","tag-lisa","generate-columns","tablet-grid-50","mobile-grid-100","grid-parent","grid-50"],"yoast_head":"<!-- This site is optimized with the Yoast SEO plugin v23.3 - https:\/\/yoast.com\/wordpress\/plugins\/seo\/ -->\n<title>Anyma y LISA comparten la colaboraci\u00f3n de &#039;Bad Angel&#039;<\/title>\n<meta name=\"robots\" content=\"index, follow, max-snippet:-1, max-image-preview:large, max-video-preview:-1\" \/>\n<link rel=\"canonical\" href=\"https:\/\/web.consaguirre.com.ar\/noticias\/anyma-y-lisa-comparten-la-colaboracion-de-bad-angel\/\" \/>\n<meta property=\"og:locale\" content=\"es_ES\" \/>\n<meta property=\"og:type\" content=\"article\" \/>\n<meta property=\"og:title\" content=\"Anyma y LISA comparten la colaboraci\u00f3n de &#039;Bad Angel&#039;\" \/>\n<meta property=\"og:description\" content=\"Anyma y LISA han lanzado su nuevo sencillo \u201cBad Angel\u201d, ya disponible a trav\u00e9s de Interscope Records. La colaboraci\u00f3n de Anyma y LISA llega con\" \/>\n<meta property=\"og:url\" content=\"https:\/\/web.consaguirre.com.ar\/noticias\/anyma-y-lisa-comparten-la-colaboracion-de-bad-angel\/\" \/>\n<meta property=\"og:site_name\" content=\"Conservatorio de M\u00fasica Juli\u00e1n Aguirre\" \/>\n<meta property=\"article:published_time\" content=\"2026-04-09T14:38:54+00:00\" \/>\n<meta property=\"article:modified_time\" content=\"2026-04-09T14:38:55+00:00\" \/>\n<meta property=\"og:image\" content=\"https:\/\/web.consaguirre.com.ar\/noticias\/wp-content\/uploads\/2026\/04\/1775745535_Anyma-y-LISA-comparten-la-colaboracion-de-Bad-Angel.jpg\" \/>\n\t<meta property=\"og:image:width\" content=\"820\" \/>\n\t<meta property=\"og:image:height\" content=\"820\" \/>\n\t<meta property=\"og:image:type\" content=\"image\/jpeg\" \/>\n<meta name=\"author\" content=\"Javier Figueroa\" \/>\n<meta name=\"twitter:card\" content=\"summary_large_image\" \/>\n<meta name=\"twitter:label1\" content=\"Escrito por\" \/>\n\t<meta name=\"twitter:data1\" content=\"Javier Figueroa\" \/>\n\t<meta name=\"twitter:label2\" content=\"Tiempo de lectura\" \/>\n\t<meta name=\"twitter:data2\" content=\"2 minutos\" \/>\n<script type=\"application\/ld+json\" class=\"yoast-schema-graph\">{\"@context\":\"https:\/\/schema.org\",\"@graph\":[{\"@type\":\"Article\",\"@id\":\"https:\/\/web.consaguirre.com.ar\/noticias\/anyma-y-lisa-comparten-la-colaboracion-de-bad-angel\/#article\",\"isPartOf\":{\"@id\":\"https:\/\/web.consaguirre.com.ar\/noticias\/anyma-y-lisa-comparten-la-colaboracion-de-bad-angel\/\"},\"author\":{\"name\":\"Javier Figueroa\",\"@id\":\"https:\/\/web.consaguirre.com.ar\/noticias\/#\/schema\/person\/6558b0cfedee7ddc5425602b237d5722\"},\"headline\":\"Anyma y LISA comparten la colaboraci\u00f3n de &#8216;Bad Angel&#8217;\",\"datePublished\":\"2026-04-09T14:38:54+00:00\",\"dateModified\":\"2026-04-09T14:38:55+00:00\",\"mainEntityOfPage\":{\"@id\":\"https:\/\/web.consaguirre.com.ar\/noticias\/anyma-y-lisa-comparten-la-colaboracion-de-bad-angel\/\"},\"wordCount\":349,\"publisher\":{\"@id\":\"https:\/\/web.consaguirre.com.ar\/noticias\/#organization\"},\"image\":{\"@id\":\"https:\/\/web.consaguirre.com.ar\/noticias\/anyma-y-lisa-comparten-la-colaboracion-de-bad-angel\/#primaryimage\"},\"thumbnailUrl\":\"https:\/\/web.consaguirre.com.ar\/noticias\/wp-content\/uploads\/2026\/04\/1775745535_Anyma-y-LISA-comparten-la-colaboracion-de-Bad-Angel.jpg\",\"keywords\":[\"Angel\",\"Anyma\",\"Bad\",\"colaboraci\u00f3n\",\"comparten\",\"Lisa\"],\"articleSection\":[\"El \u00faltimo\"],\"inLanguage\":\"es-AR\"},{\"@type\":\"WebPage\",\"@id\":\"https:\/\/web.consaguirre.com.ar\/noticias\/anyma-y-lisa-comparten-la-colaboracion-de-bad-angel\/\",\"url\":\"https:\/\/web.consaguirre.com.ar\/noticias\/anyma-y-lisa-comparten-la-colaboracion-de-bad-angel\/\",\"name\":\"Anyma y LISA comparten la colaboraci\u00f3n de 'Bad Angel'\",\"isPartOf\":{\"@id\":\"https:\/\/web.consaguirre.com.ar\/noticias\/#website\"},\"primaryImageOfPage\":{\"@id\":\"https:\/\/web.consaguirre.com.ar\/noticias\/anyma-y-lisa-comparten-la-colaboracion-de-bad-angel\/#primaryimage\"},\"image\":{\"@id\":\"https:\/\/web.consaguirre.com.ar\/noticias\/anyma-y-lisa-comparten-la-colaboracion-de-bad-angel\/#primaryimage\"},\"thumbnailUrl\":\"https:\/\/web.consaguirre.com.ar\/noticias\/wp-content\/uploads\/2026\/04\/1775745535_Anyma-y-LISA-comparten-la-colaboracion-de-Bad-Angel.jpg\",\"datePublished\":\"2026-04-09T14:38:54+00:00\",\"dateModified\":\"2026-04-09T14:38:55+00:00\",\"breadcrumb\":{\"@id\":\"https:\/\/web.consaguirre.com.ar\/noticias\/anyma-y-lisa-comparten-la-colaboracion-de-bad-angel\/#breadcrumb\"},\"inLanguage\":\"es-AR\",\"potentialAction\":[{\"@type\":\"ReadAction\",\"target\":[\"https:\/\/web.consaguirre.com.ar\/noticias\/anyma-y-lisa-comparten-la-colaboracion-de-bad-angel\/\"]}]},{\"@type\":\"ImageObject\",\"inLanguage\":\"es-AR\",\"@id\":\"https:\/\/web.consaguirre.com.ar\/noticias\/anyma-y-lisa-comparten-la-colaboracion-de-bad-angel\/#primaryimage\",\"url\":\"https:\/\/web.consaguirre.com.ar\/noticias\/wp-content\/uploads\/2026\/04\/1775745535_Anyma-y-LISA-comparten-la-colaboracion-de-Bad-Angel.jpg\",\"contentUrl\":\"https:\/\/web.consaguirre.com.ar\/noticias\/wp-content\/uploads\/2026\/04\/1775745535_Anyma-y-LISA-comparten-la-colaboracion-de-Bad-Angel.jpg\",\"width\":820,\"height\":820,\"caption\":\"Anyma Lisa Bad Angels\"},{\"@type\":\"BreadcrumbList\",\"@id\":\"https:\/\/web.consaguirre.com.ar\/noticias\/anyma-y-lisa-comparten-la-colaboracion-de-bad-angel\/#breadcrumb\",\"itemListElement\":[{\"@type\":\"ListItem\",\"position\":1,\"name\":\"Inicio\",\"item\":\"https:\/\/web.consaguirre.com.ar\/noticias\/\"},{\"@type\":\"ListItem\",\"position\":2,\"name\":\"Anyma y LISA comparten la colaboraci\u00f3n de &#8216;Bad Angel&#8217;\"}]},{\"@type\":\"WebSite\",\"@id\":\"https:\/\/web.consaguirre.com.ar\/noticias\/#website\",\"url\":\"https:\/\/web.consaguirre.com.ar\/noticias\/\",\"name\":\"Conservatorio de M\u00fasica Juli\u00e1n Aguirre\",\"description\":\"\",\"publisher\":{\"@id\":\"https:\/\/web.consaguirre.com.ar\/noticias\/#organization\"},\"potentialAction\":[{\"@type\":\"SearchAction\",\"target\":{\"@type\":\"EntryPoint\",\"urlTemplate\":\"https:\/\/web.consaguirre.com.ar\/noticias\/?s={search_term_string}\"},\"query-input\":\"required name=search_term_string\"}],\"inLanguage\":\"es-AR\"},{\"@type\":\"Organization\",\"@id\":\"https:\/\/web.consaguirre.com.ar\/noticias\/#organization\",\"name\":\"Conservatorio de M\u00fasica Juli\u00e1n Aguirre\",\"url\":\"https:\/\/web.consaguirre.com.ar\/noticias\/\",\"logo\":{\"@type\":\"ImageObject\",\"inLanguage\":\"es-AR\",\"@id\":\"https:\/\/web.consaguirre.com.ar\/noticias\/#\/schema\/logo\/image\/\",\"url\":\"https:\/\/web.consaguirre.com.ar\/noticias\/wp-content\/uploads\/2024\/08\/Banner-Aguirre-23.jpg\",\"contentUrl\":\"https:\/\/web.consaguirre.com.ar\/noticias\/wp-content\/uploads\/2024\/08\/Banner-Aguirre-23.jpg\",\"width\":1192,\"height\":600,\"caption\":\"Conservatorio de M\u00fasica Juli\u00e1n Aguirre\"},\"image\":{\"@id\":\"https:\/\/web.consaguirre.com.ar\/noticias\/#\/schema\/logo\/image\/\"}},{\"@type\":\"Person\",\"@id\":\"https:\/\/web.consaguirre.com.ar\/noticias\/#\/schema\/person\/6558b0cfedee7ddc5425602b237d5722\",\"name\":\"Javier Figueroa\",\"image\":{\"@type\":\"ImageObject\",\"inLanguage\":\"es-AR\",\"@id\":\"https:\/\/web.consaguirre.com.ar\/noticias\/#\/schema\/person\/image\/\",\"url\":\"https:\/\/web.consaguirre.com.ar\/noticias\/wp-content\/uploads\/2024\/08\/Consaguirre-scaled.jpg\",\"contentUrl\":\"https:\/\/web.consaguirre.com.ar\/noticias\/wp-content\/uploads\/2024\/08\/Consaguirre-scaled.jpg\",\"caption\":\"Javier Figueroa\"},\"description\":\"Me llamo Javier Figueroa y soy redactor para el sitio oficial del Conservatorio de M\u00fasica Juli\u00e1n Aguirre en Buenos Aires, consaguirre.com. Apasionado por la m\u00fasica y la escritura, me esfuerzo por destacar los talentos y eventos de nuestra prestigiosa instituci\u00f3n. Mi trayectoria se nutre de una profunda admiraci\u00f3n por los artistas, haciendo de cada art\u00edculo una celebraci\u00f3n de la creatividad y la cultura musical.\",\"sameAs\":[\"https:\/\/web.consaguirre.com.ar\/noticias\"]}]}<\/script>\n<!-- \/ Yoast SEO plugin. -->","yoast_head_json":{"title":"Anyma y LISA comparten la colaboraci\u00f3n de 'Bad Angel'","robots":{"index":"index","follow":"follow","max-snippet":"max-snippet:-1","max-image-preview":"max-image-preview:large","max-video-preview":"max-video-preview:-1"},"canonical":"https:\/\/web.consaguirre.com.ar\/noticias\/anyma-y-lisa-comparten-la-colaboracion-de-bad-angel\/","og_locale":"es_ES","og_type":"article","og_title":"Anyma y LISA comparten la colaboraci\u00f3n de 'Bad Angel'","og_description":"Anyma y LISA han lanzado su nuevo sencillo \u201cBad Angel\u201d, ya disponible a trav\u00e9s de Interscope Records. La colaboraci\u00f3n de Anyma y LISA llega con","og_url":"https:\/\/web.consaguirre.com.ar\/noticias\/anyma-y-lisa-comparten-la-colaboracion-de-bad-angel\/","og_site_name":"Conservatorio de M\u00fasica Juli\u00e1n Aguirre","article_published_time":"2026-04-09T14:38:54+00:00","article_modified_time":"2026-04-09T14:38:55+00:00","og_image":[{"width":820,"height":820,"url":"https:\/\/web.consaguirre.com.ar\/noticias\/wp-content\/uploads\/2026\/04\/1775745535_Anyma-y-LISA-comparten-la-colaboracion-de-Bad-Angel.jpg","type":"image\/jpeg"}],"author":"Javier Figueroa","twitter_card":"summary_large_image","twitter_misc":{"Escrito por":"Javier Figueroa","Tiempo de lectura":"2 minutos"},"schema":{"@context":"https:\/\/schema.org","@graph":[{"@type":"Article","@id":"https:\/\/web.consaguirre.com.ar\/noticias\/anyma-y-lisa-comparten-la-colaboracion-de-bad-angel\/#article","isPartOf":{"@id":"https:\/\/web.consaguirre.com.ar\/noticias\/anyma-y-lisa-comparten-la-colaboracion-de-bad-angel\/"},"author":{"name":"Javier Figueroa","@id":"https:\/\/web.consaguirre.com.ar\/noticias\/#\/schema\/person\/6558b0cfedee7ddc5425602b237d5722"},"headline":"Anyma y LISA comparten la colaboraci\u00f3n de &#8216;Bad Angel&#8217;","datePublished":"2026-04-09T14:38:54+00:00","dateModified":"2026-04-09T14:38:55+00:00","mainEntityOfPage":{"@id":"https:\/\/web.consaguirre.com.ar\/noticias\/anyma-y-lisa-comparten-la-colaboracion-de-bad-angel\/"},"wordCount":349,"publisher":{"@id":"https:\/\/web.consaguirre.com.ar\/noticias\/#organization"},"image":{"@id":"https:\/\/web.consaguirre.com.ar\/noticias\/anyma-y-lisa-comparten-la-colaboracion-de-bad-angel\/#primaryimage"},"thumbnailUrl":"https:\/\/web.consaguirre.com.ar\/noticias\/wp-content\/uploads\/2026\/04\/1775745535_Anyma-y-LISA-comparten-la-colaboracion-de-Bad-Angel.jpg","keywords":["Angel","Anyma","Bad","colaboraci\u00f3n","comparten","Lisa"],"articleSection":["El \u00faltimo"],"inLanguage":"es-AR"},{"@type":"WebPage","@id":"https:\/\/web.consaguirre.com.ar\/noticias\/anyma-y-lisa-comparten-la-colaboracion-de-bad-angel\/","url":"https:\/\/web.consaguirre.com.ar\/noticias\/anyma-y-lisa-comparten-la-colaboracion-de-bad-angel\/","name":"Anyma y LISA comparten la colaboraci\u00f3n de 'Bad Angel'","isPartOf":{"@id":"https:\/\/web.consaguirre.com.ar\/noticias\/#website"},"primaryImageOfPage":{"@id":"https:\/\/web.consaguirre.com.ar\/noticias\/anyma-y-lisa-comparten-la-colaboracion-de-bad-angel\/#primaryimage"},"image":{"@id":"https:\/\/web.consaguirre.com.ar\/noticias\/anyma-y-lisa-comparten-la-colaboracion-de-bad-angel\/#primaryimage"},"thumbnailUrl":"https:\/\/web.consaguirre.com.ar\/noticias\/wp-content\/uploads\/2026\/04\/1775745535_Anyma-y-LISA-comparten-la-colaboracion-de-Bad-Angel.jpg","datePublished":"2026-04-09T14:38:54+00:00","dateModified":"2026-04-09T14:38:55+00:00","breadcrumb":{"@id":"https:\/\/web.consaguirre.com.ar\/noticias\/anyma-y-lisa-comparten-la-colaboracion-de-bad-angel\/#breadcrumb"},"inLanguage":"es-AR","potentialAction":[{"@type":"ReadAction","target":["https:\/\/web.consaguirre.com.ar\/noticias\/anyma-y-lisa-comparten-la-colaboracion-de-bad-angel\/"]}]},{"@type":"ImageObject","inLanguage":"es-AR","@id":"https:\/\/web.consaguirre.com.ar\/noticias\/anyma-y-lisa-comparten-la-colaboracion-de-bad-angel\/#primaryimage","url":"https:\/\/web.consaguirre.com.ar\/noticias\/wp-content\/uploads\/2026\/04\/1775745535_Anyma-y-LISA-comparten-la-colaboracion-de-Bad-Angel.jpg","contentUrl":"https:\/\/web.consaguirre.com.ar\/noticias\/wp-content\/uploads\/2026\/04\/1775745535_Anyma-y-LISA-comparten-la-colaboracion-de-Bad-Angel.jpg","width":820,"height":820,"caption":"Anyma Lisa Bad Angels"},{"@type":"BreadcrumbList","@id":"https:\/\/web.consaguirre.com.ar\/noticias\/anyma-y-lisa-comparten-la-colaboracion-de-bad-angel\/#breadcrumb","itemListElement":[{"@type":"ListItem","position":1,"name":"Inicio","item":"https:\/\/web.consaguirre.com.ar\/noticias\/"},{"@type":"ListItem","position":2,"name":"Anyma y LISA comparten la colaboraci\u00f3n de &#8216;Bad Angel&#8217;"}]},{"@type":"WebSite","@id":"https:\/\/web.consaguirre.com.ar\/noticias\/#website","url":"https:\/\/web.consaguirre.com.ar\/noticias\/","name":"Conservatorio de M\u00fasica Juli\u00e1n Aguirre","description":"","publisher":{"@id":"https:\/\/web.consaguirre.com.ar\/noticias\/#organization"},"potentialAction":[{"@type":"SearchAction","target":{"@type":"EntryPoint","urlTemplate":"https:\/\/web.consaguirre.com.ar\/noticias\/?s={search_term_string}"},"query-input":"required name=search_term_string"}],"inLanguage":"es-AR"},{"@type":"Organization","@id":"https:\/\/web.consaguirre.com.ar\/noticias\/#organization","name":"Conservatorio de M\u00fasica Juli\u00e1n Aguirre","url":"https:\/\/web.consaguirre.com.ar\/noticias\/","logo":{"@type":"ImageObject","inLanguage":"es-AR","@id":"https:\/\/web.consaguirre.com.ar\/noticias\/#\/schema\/logo\/image\/","url":"https:\/\/web.consaguirre.com.ar\/noticias\/wp-content\/uploads\/2024\/08\/Banner-Aguirre-23.jpg","contentUrl":"https:\/\/web.consaguirre.com.ar\/noticias\/wp-content\/uploads\/2024\/08\/Banner-Aguirre-23.jpg","width":1192,"height":600,"caption":"Conservatorio de M\u00fasica Juli\u00e1n Aguirre"},"image":{"@id":"https:\/\/web.consaguirre.com.ar\/noticias\/#\/schema\/logo\/image\/"}},{"@type":"Person","@id":"https:\/\/web.consaguirre.com.ar\/noticias\/#\/schema\/person\/6558b0cfedee7ddc5425602b237d5722","name":"Javier Figueroa","image":{"@type":"ImageObject","inLanguage":"es-AR","@id":"https:\/\/web.consaguirre.com.ar\/noticias\/#\/schema\/person\/image\/","url":"https:\/\/web.consaguirre.com.ar\/noticias\/wp-content\/uploads\/2024\/08\/Consaguirre-scaled.jpg","contentUrl":"https:\/\/web.consaguirre.com.ar\/noticias\/wp-content\/uploads\/2024\/08\/Consaguirre-scaled.jpg","caption":"Javier Figueroa"},"description":"Me llamo Javier Figueroa y soy redactor para el sitio oficial del Conservatorio de M\u00fasica Juli\u00e1n Aguirre en Buenos Aires, consaguirre.com. Apasionado por la m\u00fasica y la escritura, me esfuerzo por destacar los talentos y eventos de nuestra prestigiosa instituci\u00f3n. Mi trayectoria se nutre de una profunda admiraci\u00f3n por los artistas, haciendo de cada art\u00edculo una celebraci\u00f3n de la creatividad y la cultura musical.","sameAs":["https:\/\/web.consaguirre.com.ar\/noticias"]}]}},"_links":{"self":[{"href":"https:\/\/web.consaguirre.com.ar\/noticias\/wp-json\/wp\/v2\/posts\/5607"}],"collection":[{"href":"https:\/\/web.consaguirre.com.ar\/noticias\/wp-json\/wp\/v2\/posts"}],"about":[{"href":"https:\/\/web.consaguirre.com.ar\/noticias\/wp-json\/wp\/v2\/types\/post"}],"author":[{"embeddable":true,"href":"https:\/\/web.consaguirre.com.ar\/noticias\/wp-json\/wp\/v2\/users\/1"}],"replies":[{"embeddable":true,"href":"https:\/\/web.consaguirre.com.ar\/noticias\/wp-json\/wp\/v2\/comments?post=5607"}],"version-history":[{"count":1,"href":"https:\/\/web.consaguirre.com.ar\/noticias\/wp-json\/wp\/v2\/posts\/5607\/revisions"}],"predecessor-version":[{"id":5609,"href":"https:\/\/web.consaguirre.com.ar\/noticias\/wp-json\/wp\/v2\/posts\/5607\/revisions\/5609"}],"wp:featuredmedia":[{"embeddable":true,"href":"https:\/\/web.consaguirre.com.ar\/noticias\/wp-json\/wp\/v2\/media\/5608"}],"wp:attachment":[{"href":"https:\/\/web.consaguirre.com.ar\/noticias\/wp-json\/wp\/v2\/media?parent=5607"}],"wp:term":[{"taxonomy":"category","embeddable":true,"href":"https:\/\/web.consaguirre.com.ar\/noticias\/wp-json\/wp\/v2\/categories?post=5607"},{"taxonomy":"post_tag","embeddable":true,"href":"https:\/\/web.consaguirre.com.ar\/noticias\/wp-json\/wp\/v2\/tags?post=5607"}],"curies":[{"name":"wp","href":"https:\/\/api.w.org\/{rel}","templated":true}]}}