{"id":5604,"date":"2026-04-08T20:38:46","date_gmt":"2026-04-08T23:38:46","guid":{"rendered":"https:\/\/web.consaguirre.com.ar\/noticias\/leyla-ebrahimi-comparte-nuevo-sencillo-im-sorry-maria\/"},"modified":"2026-04-08T20:38:47","modified_gmt":"2026-04-08T23:38:47","slug":"leyla-ebrahimi-comparte-nuevo-sencillo-im-sorry-maria","status":"publish","type":"post","link":"https:\/\/web.consaguirre.com.ar\/noticias\/leyla-ebrahimi-comparte-nuevo-sencillo-im-sorry-maria\/","title":{"rendered":"Leyla Ebrahimi comparte nuevo sencillo &#8216;I&#8217;m Sorry Maria&#8217;"},"content":{"rendered":"<p>Leyla Ebrahimi ha compartido un nuevo sencillo \u201cI&#8217;m Sorry Maria\u201d, que ya est\u00e1 disponible a trav\u00e9s de Deerfield Records\/Interscope Records.<\/p>\n<p>La canci\u00f3n, o al menos un fragmento de ella, ha sido una de las favoritas de los fan\u00e1ticos desde que Ebrahimi comenz\u00f3 a promocionar la canci\u00f3n en las redes sociales en enero. &#8220;Esta canci\u00f3n trata sobre el arrepentimiento&#8221;, explic\u00f3 el cantante. &#8220;Arrepentimiento, y tambi\u00e9n confusi\u00f3n, enojo y reconocer el hecho de que puedes estar 100 por ciento convencido de que sabes lo que es correcto para ti en cualquier situaci\u00f3n dada, y descubrir m\u00e1s tarde (cuando sea demasiado tarde) que estabas totalmente equivocado. Tambi\u00e9n se trata, sobre todo, de dejar salir esa verdad a todo pulm\u00f3n&#8221;. Es a todo pulm\u00f3n que canta el estribillo: \u201cLo siento, Mar\u00eda\/ Sabes que ha sido dif\u00edcil, sabes que sigo aferr\u00e1ndome\/ A esta idea, Mar\u00eda\/ Que podr\u00eda ser libre, es tan triste que no lo soy\u201d.<\/p>\n<div class=\"uD-YT-container\"><img decoding=\"async\" src=\"https:\/\/web.consaguirre.com.ar\/noticias\/wp-content\/uploads\/2026\/04\/1775691526_165_Leyla-Ebrahimi-comparte-nuevo-sencillo-Im-Sorry-Maria.jpg\" alt=\"V\u00eddeo de YouTube\"><br \/>Haga clic para cargar v\u00eddeo<\/div>\n<p>El v\u00eddeo musical que lo acompa\u00f1a fue dirigido por Hannah De Vries y presenta a Leyla destac\u00e1ndose vestida de negro mientras el mundo que la rodea es de color beige. La canci\u00f3n fue hecha con los coproductores Alexander 23 y Shane Pielocik, quienes tambi\u00e9n se unieron a ella para \u201cI Don&#8217;t Like Being Left Behind\u201d, que se lanz\u00f3 en noviembre.<\/p>\n<p>En otras noticias recientes de Ebrahimi, recientemente concluy\u00f3 sus primeros espect\u00e1culos como cabeza de cartel, actuando en School Night de Hollywood y Union Pool de Brooklyn. Tiene una conexi\u00f3n especial con este \u00faltimo lugar, ya que es donde sol\u00eda hacer barback, aprovechando cualquier segundo libre para trabajar clandestinamente en la m\u00fasica.<\/p>\n<p>En una entrevista de 2025 con <em>Revista Intersectar<\/em>Leyla reflexion\u00f3 sobre la forma en que pasa de un g\u00e9nero a otro, un h\u00e1bito que qued\u00f3 claro en sencillos como \u201cI&#8217;m Sorry Maria\u201d, \u201ci don&#8217;t like be left left back\u201d y \u201cnobody imports but You\u201d de septiembre. Ella dijo: &#8220;Definitivamente me veo como una artista de g\u00e9nero fluido. La gente me pregunta qu\u00e9 g\u00e9nero musical hago y literalmente no s\u00e9 c\u00f3mo responder a esa pregunta. Creo que es m\u00e1s de una cosa, y con cada canci\u00f3n, aprovecho diferentes subg\u00e9neros dependiendo de lo que estoy escribiendo o c\u00f3mo me siento&#8221;.<\/p>\n<p><b>Escuche \u201cI&#8217;m Sorry Maria\u201d de Leyla Ebrahimi aqu\u00ed.<\/b><\/p>\n","protected":false},"excerpt":{"rendered":"<p>Leyla Ebrahimi ha compartido un nuevo sencillo \u201cI&#8217;m Sorry Maria\u201d, que ya est\u00e1 disponible a trav\u00e9s de Deerfield Records\/Interscope Records. La canci\u00f3n, o al menos<\/p>\n","protected":false},"author":1,"featured_media":5605,"comment_status":"closed","ping_status":"","sticky":false,"template":"","format":"standard","meta":{"footnotes":""},"categories":[50],"tags":[201,4106,4105,4107,146,204],"class_list":["post-5604","post","type-post","status-publish","format-standard","has-post-thumbnail","hentry","category-el-ultimo","tag-comparte","tag-ebrahimi","tag-leyla","tag-maria","tag-nuevo","tag-sencillo","generate-columns","tablet-grid-50","mobile-grid-100","grid-parent","grid-50"],"yoast_head":"<!-- This site is optimized with the Yoast SEO plugin v23.3 - https:\/\/yoast.com\/wordpress\/plugins\/seo\/ -->\n<title>Leyla Ebrahimi comparte nuevo sencillo &#039;I&#039;m Sorry Maria&#039;<\/title>\n<meta name=\"robots\" content=\"index, follow, max-snippet:-1, max-image-preview:large, max-video-preview:-1\" \/>\n<link rel=\"canonical\" href=\"https:\/\/web.consaguirre.com.ar\/noticias\/leyla-ebrahimi-comparte-nuevo-sencillo-im-sorry-maria\/\" \/>\n<meta property=\"og:locale\" content=\"es_ES\" \/>\n<meta property=\"og:type\" content=\"article\" \/>\n<meta property=\"og:title\" content=\"Leyla Ebrahimi comparte nuevo sencillo &#039;I&#039;m Sorry Maria&#039;\" \/>\n<meta property=\"og:description\" content=\"Leyla Ebrahimi ha compartido un nuevo sencillo \u201cI&#8217;m Sorry Maria\u201d, que ya est\u00e1 disponible a trav\u00e9s de Deerfield Records\/Interscope Records. La canci\u00f3n, o al menos\" \/>\n<meta property=\"og:url\" content=\"https:\/\/web.consaguirre.com.ar\/noticias\/leyla-ebrahimi-comparte-nuevo-sencillo-im-sorry-maria\/\" \/>\n<meta property=\"og:site_name\" content=\"Conservatorio de M\u00fasica Juli\u00e1n Aguirre\" \/>\n<meta property=\"article:published_time\" content=\"2026-04-08T23:38:46+00:00\" \/>\n<meta property=\"article:modified_time\" content=\"2026-04-08T23:38:47+00:00\" \/>\n<meta property=\"og:image\" content=\"https:\/\/web.consaguirre.com.ar\/noticias\/wp-content\/uploads\/2026\/04\/Leyla-Ebrahimi-comparte-nuevo-sencillo-Im-Sorry-Maria.jpg\" \/>\n\t<meta property=\"og:image:width\" content=\"820\" \/>\n\t<meta property=\"og:image:height\" content=\"820\" \/>\n\t<meta property=\"og:image:type\" content=\"image\/jpeg\" \/>\n<meta name=\"author\" content=\"Javier Figueroa\" \/>\n<meta name=\"twitter:card\" content=\"summary_large_image\" \/>\n<meta name=\"twitter:label1\" content=\"Escrito por\" \/>\n\t<meta name=\"twitter:data1\" content=\"Javier Figueroa\" \/>\n\t<meta name=\"twitter:label2\" content=\"Tiempo de lectura\" \/>\n\t<meta name=\"twitter:data2\" content=\"2 minutos\" \/>\n<script type=\"application\/ld+json\" class=\"yoast-schema-graph\">{\"@context\":\"https:\/\/schema.org\",\"@graph\":[{\"@type\":\"Article\",\"@id\":\"https:\/\/web.consaguirre.com.ar\/noticias\/leyla-ebrahimi-comparte-nuevo-sencillo-im-sorry-maria\/#article\",\"isPartOf\":{\"@id\":\"https:\/\/web.consaguirre.com.ar\/noticias\/leyla-ebrahimi-comparte-nuevo-sencillo-im-sorry-maria\/\"},\"author\":{\"name\":\"Javier Figueroa\",\"@id\":\"https:\/\/web.consaguirre.com.ar\/noticias\/#\/schema\/person\/6558b0cfedee7ddc5425602b237d5722\"},\"headline\":\"Leyla Ebrahimi comparte nuevo sencillo &#8216;I&#8217;m Sorry Maria&#8217;\",\"datePublished\":\"2026-04-08T23:38:46+00:00\",\"dateModified\":\"2026-04-08T23:38:47+00:00\",\"mainEntityOfPage\":{\"@id\":\"https:\/\/web.consaguirre.com.ar\/noticias\/leyla-ebrahimi-comparte-nuevo-sencillo-im-sorry-maria\/\"},\"wordCount\":420,\"publisher\":{\"@id\":\"https:\/\/web.consaguirre.com.ar\/noticias\/#organization\"},\"image\":{\"@id\":\"https:\/\/web.consaguirre.com.ar\/noticias\/leyla-ebrahimi-comparte-nuevo-sencillo-im-sorry-maria\/#primaryimage\"},\"thumbnailUrl\":\"https:\/\/web.consaguirre.com.ar\/noticias\/wp-content\/uploads\/2026\/04\/Leyla-Ebrahimi-comparte-nuevo-sencillo-Im-Sorry-Maria.jpg\",\"keywords\":[\"comparte\",\"Ebrahimi\",\"Leyla\",\"Maria\",\"nuevo\",\"sencillo\"],\"articleSection\":[\"El \u00faltimo\"],\"inLanguage\":\"es-AR\"},{\"@type\":\"WebPage\",\"@id\":\"https:\/\/web.consaguirre.com.ar\/noticias\/leyla-ebrahimi-comparte-nuevo-sencillo-im-sorry-maria\/\",\"url\":\"https:\/\/web.consaguirre.com.ar\/noticias\/leyla-ebrahimi-comparte-nuevo-sencillo-im-sorry-maria\/\",\"name\":\"Leyla Ebrahimi comparte nuevo sencillo 'I'm Sorry Maria'\",\"isPartOf\":{\"@id\":\"https:\/\/web.consaguirre.com.ar\/noticias\/#website\"},\"primaryImageOfPage\":{\"@id\":\"https:\/\/web.consaguirre.com.ar\/noticias\/leyla-ebrahimi-comparte-nuevo-sencillo-im-sorry-maria\/#primaryimage\"},\"image\":{\"@id\":\"https:\/\/web.consaguirre.com.ar\/noticias\/leyla-ebrahimi-comparte-nuevo-sencillo-im-sorry-maria\/#primaryimage\"},\"thumbnailUrl\":\"https:\/\/web.consaguirre.com.ar\/noticias\/wp-content\/uploads\/2026\/04\/Leyla-Ebrahimi-comparte-nuevo-sencillo-Im-Sorry-Maria.jpg\",\"datePublished\":\"2026-04-08T23:38:46+00:00\",\"dateModified\":\"2026-04-08T23:38:47+00:00\",\"breadcrumb\":{\"@id\":\"https:\/\/web.consaguirre.com.ar\/noticias\/leyla-ebrahimi-comparte-nuevo-sencillo-im-sorry-maria\/#breadcrumb\"},\"inLanguage\":\"es-AR\",\"potentialAction\":[{\"@type\":\"ReadAction\",\"target\":[\"https:\/\/web.consaguirre.com.ar\/noticias\/leyla-ebrahimi-comparte-nuevo-sencillo-im-sorry-maria\/\"]}]},{\"@type\":\"ImageObject\",\"inLanguage\":\"es-AR\",\"@id\":\"https:\/\/web.consaguirre.com.ar\/noticias\/leyla-ebrahimi-comparte-nuevo-sencillo-im-sorry-maria\/#primaryimage\",\"url\":\"https:\/\/web.consaguirre.com.ar\/noticias\/wp-content\/uploads\/2026\/04\/Leyla-Ebrahimi-comparte-nuevo-sencillo-Im-Sorry-Maria.jpg\",\"contentUrl\":\"https:\/\/web.consaguirre.com.ar\/noticias\/wp-content\/uploads\/2026\/04\/Leyla-Ebrahimi-comparte-nuevo-sencillo-Im-Sorry-Maria.jpg\",\"width\":820,\"height\":820,\"caption\":\"Leyla Ebrahimi I\"},{\"@type\":\"BreadcrumbList\",\"@id\":\"https:\/\/web.consaguirre.com.ar\/noticias\/leyla-ebrahimi-comparte-nuevo-sencillo-im-sorry-maria\/#breadcrumb\",\"itemListElement\":[{\"@type\":\"ListItem\",\"position\":1,\"name\":\"Inicio\",\"item\":\"https:\/\/web.consaguirre.com.ar\/noticias\/\"},{\"@type\":\"ListItem\",\"position\":2,\"name\":\"Leyla Ebrahimi comparte nuevo sencillo &#8216;I&#8217;m Sorry Maria&#8217;\"}]},{\"@type\":\"WebSite\",\"@id\":\"https:\/\/web.consaguirre.com.ar\/noticias\/#website\",\"url\":\"https:\/\/web.consaguirre.com.ar\/noticias\/\",\"name\":\"Conservatorio de M\u00fasica Juli\u00e1n Aguirre\",\"description\":\"\",\"publisher\":{\"@id\":\"https:\/\/web.consaguirre.com.ar\/noticias\/#organization\"},\"potentialAction\":[{\"@type\":\"SearchAction\",\"target\":{\"@type\":\"EntryPoint\",\"urlTemplate\":\"https:\/\/web.consaguirre.com.ar\/noticias\/?s={search_term_string}\"},\"query-input\":\"required name=search_term_string\"}],\"inLanguage\":\"es-AR\"},{\"@type\":\"Organization\",\"@id\":\"https:\/\/web.consaguirre.com.ar\/noticias\/#organization\",\"name\":\"Conservatorio de M\u00fasica Juli\u00e1n Aguirre\",\"url\":\"https:\/\/web.consaguirre.com.ar\/noticias\/\",\"logo\":{\"@type\":\"ImageObject\",\"inLanguage\":\"es-AR\",\"@id\":\"https:\/\/web.consaguirre.com.ar\/noticias\/#\/schema\/logo\/image\/\",\"url\":\"https:\/\/web.consaguirre.com.ar\/noticias\/wp-content\/uploads\/2024\/08\/Banner-Aguirre-23.jpg\",\"contentUrl\":\"https:\/\/web.consaguirre.com.ar\/noticias\/wp-content\/uploads\/2024\/08\/Banner-Aguirre-23.jpg\",\"width\":1192,\"height\":600,\"caption\":\"Conservatorio de M\u00fasica Juli\u00e1n Aguirre\"},\"image\":{\"@id\":\"https:\/\/web.consaguirre.com.ar\/noticias\/#\/schema\/logo\/image\/\"}},{\"@type\":\"Person\",\"@id\":\"https:\/\/web.consaguirre.com.ar\/noticias\/#\/schema\/person\/6558b0cfedee7ddc5425602b237d5722\",\"name\":\"Javier Figueroa\",\"image\":{\"@type\":\"ImageObject\",\"inLanguage\":\"es-AR\",\"@id\":\"https:\/\/web.consaguirre.com.ar\/noticias\/#\/schema\/person\/image\/\",\"url\":\"https:\/\/web.consaguirre.com.ar\/noticias\/wp-content\/uploads\/2024\/08\/Consaguirre-scaled.jpg\",\"contentUrl\":\"https:\/\/web.consaguirre.com.ar\/noticias\/wp-content\/uploads\/2024\/08\/Consaguirre-scaled.jpg\",\"caption\":\"Javier Figueroa\"},\"description\":\"Me llamo Javier Figueroa y soy redactor para el sitio oficial del Conservatorio de M\u00fasica Juli\u00e1n Aguirre en Buenos Aires, consaguirre.com. Apasionado por la m\u00fasica y la escritura, me esfuerzo por destacar los talentos y eventos de nuestra prestigiosa instituci\u00f3n. Mi trayectoria se nutre de una profunda admiraci\u00f3n por los artistas, haciendo de cada art\u00edculo una celebraci\u00f3n de la creatividad y la cultura musical.\",\"sameAs\":[\"https:\/\/web.consaguirre.com.ar\/noticias\"]}]}<\/script>\n<!-- \/ Yoast SEO plugin. -->","yoast_head_json":{"title":"Leyla Ebrahimi comparte nuevo sencillo 'I'm Sorry Maria'","robots":{"index":"index","follow":"follow","max-snippet":"max-snippet:-1","max-image-preview":"max-image-preview:large","max-video-preview":"max-video-preview:-1"},"canonical":"https:\/\/web.consaguirre.com.ar\/noticias\/leyla-ebrahimi-comparte-nuevo-sencillo-im-sorry-maria\/","og_locale":"es_ES","og_type":"article","og_title":"Leyla Ebrahimi comparte nuevo sencillo 'I'm Sorry Maria'","og_description":"Leyla Ebrahimi ha compartido un nuevo sencillo \u201cI&#8217;m Sorry Maria\u201d, que ya est\u00e1 disponible a trav\u00e9s de Deerfield Records\/Interscope Records. La canci\u00f3n, o al menos","og_url":"https:\/\/web.consaguirre.com.ar\/noticias\/leyla-ebrahimi-comparte-nuevo-sencillo-im-sorry-maria\/","og_site_name":"Conservatorio de M\u00fasica Juli\u00e1n Aguirre","article_published_time":"2026-04-08T23:38:46+00:00","article_modified_time":"2026-04-08T23:38:47+00:00","og_image":[{"width":820,"height":820,"url":"https:\/\/web.consaguirre.com.ar\/noticias\/wp-content\/uploads\/2026\/04\/Leyla-Ebrahimi-comparte-nuevo-sencillo-Im-Sorry-Maria.jpg","type":"image\/jpeg"}],"author":"Javier Figueroa","twitter_card":"summary_large_image","twitter_misc":{"Escrito por":"Javier Figueroa","Tiempo de lectura":"2 minutos"},"schema":{"@context":"https:\/\/schema.org","@graph":[{"@type":"Article","@id":"https:\/\/web.consaguirre.com.ar\/noticias\/leyla-ebrahimi-comparte-nuevo-sencillo-im-sorry-maria\/#article","isPartOf":{"@id":"https:\/\/web.consaguirre.com.ar\/noticias\/leyla-ebrahimi-comparte-nuevo-sencillo-im-sorry-maria\/"},"author":{"name":"Javier Figueroa","@id":"https:\/\/web.consaguirre.com.ar\/noticias\/#\/schema\/person\/6558b0cfedee7ddc5425602b237d5722"},"headline":"Leyla Ebrahimi comparte nuevo sencillo &#8216;I&#8217;m Sorry Maria&#8217;","datePublished":"2026-04-08T23:38:46+00:00","dateModified":"2026-04-08T23:38:47+00:00","mainEntityOfPage":{"@id":"https:\/\/web.consaguirre.com.ar\/noticias\/leyla-ebrahimi-comparte-nuevo-sencillo-im-sorry-maria\/"},"wordCount":420,"publisher":{"@id":"https:\/\/web.consaguirre.com.ar\/noticias\/#organization"},"image":{"@id":"https:\/\/web.consaguirre.com.ar\/noticias\/leyla-ebrahimi-comparte-nuevo-sencillo-im-sorry-maria\/#primaryimage"},"thumbnailUrl":"https:\/\/web.consaguirre.com.ar\/noticias\/wp-content\/uploads\/2026\/04\/Leyla-Ebrahimi-comparte-nuevo-sencillo-Im-Sorry-Maria.jpg","keywords":["comparte","Ebrahimi","Leyla","Maria","nuevo","sencillo"],"articleSection":["El \u00faltimo"],"inLanguage":"es-AR"},{"@type":"WebPage","@id":"https:\/\/web.consaguirre.com.ar\/noticias\/leyla-ebrahimi-comparte-nuevo-sencillo-im-sorry-maria\/","url":"https:\/\/web.consaguirre.com.ar\/noticias\/leyla-ebrahimi-comparte-nuevo-sencillo-im-sorry-maria\/","name":"Leyla Ebrahimi comparte nuevo sencillo 'I'm Sorry Maria'","isPartOf":{"@id":"https:\/\/web.consaguirre.com.ar\/noticias\/#website"},"primaryImageOfPage":{"@id":"https:\/\/web.consaguirre.com.ar\/noticias\/leyla-ebrahimi-comparte-nuevo-sencillo-im-sorry-maria\/#primaryimage"},"image":{"@id":"https:\/\/web.consaguirre.com.ar\/noticias\/leyla-ebrahimi-comparte-nuevo-sencillo-im-sorry-maria\/#primaryimage"},"thumbnailUrl":"https:\/\/web.consaguirre.com.ar\/noticias\/wp-content\/uploads\/2026\/04\/Leyla-Ebrahimi-comparte-nuevo-sencillo-Im-Sorry-Maria.jpg","datePublished":"2026-04-08T23:38:46+00:00","dateModified":"2026-04-08T23:38:47+00:00","breadcrumb":{"@id":"https:\/\/web.consaguirre.com.ar\/noticias\/leyla-ebrahimi-comparte-nuevo-sencillo-im-sorry-maria\/#breadcrumb"},"inLanguage":"es-AR","potentialAction":[{"@type":"ReadAction","target":["https:\/\/web.consaguirre.com.ar\/noticias\/leyla-ebrahimi-comparte-nuevo-sencillo-im-sorry-maria\/"]}]},{"@type":"ImageObject","inLanguage":"es-AR","@id":"https:\/\/web.consaguirre.com.ar\/noticias\/leyla-ebrahimi-comparte-nuevo-sencillo-im-sorry-maria\/#primaryimage","url":"https:\/\/web.consaguirre.com.ar\/noticias\/wp-content\/uploads\/2026\/04\/Leyla-Ebrahimi-comparte-nuevo-sencillo-Im-Sorry-Maria.jpg","contentUrl":"https:\/\/web.consaguirre.com.ar\/noticias\/wp-content\/uploads\/2026\/04\/Leyla-Ebrahimi-comparte-nuevo-sencillo-Im-Sorry-Maria.jpg","width":820,"height":820,"caption":"Leyla Ebrahimi I"},{"@type":"BreadcrumbList","@id":"https:\/\/web.consaguirre.com.ar\/noticias\/leyla-ebrahimi-comparte-nuevo-sencillo-im-sorry-maria\/#breadcrumb","itemListElement":[{"@type":"ListItem","position":1,"name":"Inicio","item":"https:\/\/web.consaguirre.com.ar\/noticias\/"},{"@type":"ListItem","position":2,"name":"Leyla Ebrahimi comparte nuevo sencillo &#8216;I&#8217;m Sorry Maria&#8217;"}]},{"@type":"WebSite","@id":"https:\/\/web.consaguirre.com.ar\/noticias\/#website","url":"https:\/\/web.consaguirre.com.ar\/noticias\/","name":"Conservatorio de M\u00fasica Juli\u00e1n Aguirre","description":"","publisher":{"@id":"https:\/\/web.consaguirre.com.ar\/noticias\/#organization"},"potentialAction":[{"@type":"SearchAction","target":{"@type":"EntryPoint","urlTemplate":"https:\/\/web.consaguirre.com.ar\/noticias\/?s={search_term_string}"},"query-input":"required name=search_term_string"}],"inLanguage":"es-AR"},{"@type":"Organization","@id":"https:\/\/web.consaguirre.com.ar\/noticias\/#organization","name":"Conservatorio de M\u00fasica Juli\u00e1n Aguirre","url":"https:\/\/web.consaguirre.com.ar\/noticias\/","logo":{"@type":"ImageObject","inLanguage":"es-AR","@id":"https:\/\/web.consaguirre.com.ar\/noticias\/#\/schema\/logo\/image\/","url":"https:\/\/web.consaguirre.com.ar\/noticias\/wp-content\/uploads\/2024\/08\/Banner-Aguirre-23.jpg","contentUrl":"https:\/\/web.consaguirre.com.ar\/noticias\/wp-content\/uploads\/2024\/08\/Banner-Aguirre-23.jpg","width":1192,"height":600,"caption":"Conservatorio de M\u00fasica Juli\u00e1n Aguirre"},"image":{"@id":"https:\/\/web.consaguirre.com.ar\/noticias\/#\/schema\/logo\/image\/"}},{"@type":"Person","@id":"https:\/\/web.consaguirre.com.ar\/noticias\/#\/schema\/person\/6558b0cfedee7ddc5425602b237d5722","name":"Javier Figueroa","image":{"@type":"ImageObject","inLanguage":"es-AR","@id":"https:\/\/web.consaguirre.com.ar\/noticias\/#\/schema\/person\/image\/","url":"https:\/\/web.consaguirre.com.ar\/noticias\/wp-content\/uploads\/2024\/08\/Consaguirre-scaled.jpg","contentUrl":"https:\/\/web.consaguirre.com.ar\/noticias\/wp-content\/uploads\/2024\/08\/Consaguirre-scaled.jpg","caption":"Javier Figueroa"},"description":"Me llamo Javier Figueroa y soy redactor para el sitio oficial del Conservatorio de M\u00fasica Juli\u00e1n Aguirre en Buenos Aires, consaguirre.com. Apasionado por la m\u00fasica y la escritura, me esfuerzo por destacar los talentos y eventos de nuestra prestigiosa instituci\u00f3n. Mi trayectoria se nutre de una profunda admiraci\u00f3n por los artistas, haciendo de cada art\u00edculo una celebraci\u00f3n de la creatividad y la cultura musical.","sameAs":["https:\/\/web.consaguirre.com.ar\/noticias"]}]}},"_links":{"self":[{"href":"https:\/\/web.consaguirre.com.ar\/noticias\/wp-json\/wp\/v2\/posts\/5604"}],"collection":[{"href":"https:\/\/web.consaguirre.com.ar\/noticias\/wp-json\/wp\/v2\/posts"}],"about":[{"href":"https:\/\/web.consaguirre.com.ar\/noticias\/wp-json\/wp\/v2\/types\/post"}],"author":[{"embeddable":true,"href":"https:\/\/web.consaguirre.com.ar\/noticias\/wp-json\/wp\/v2\/users\/1"}],"replies":[{"embeddable":true,"href":"https:\/\/web.consaguirre.com.ar\/noticias\/wp-json\/wp\/v2\/comments?post=5604"}],"version-history":[{"count":1,"href":"https:\/\/web.consaguirre.com.ar\/noticias\/wp-json\/wp\/v2\/posts\/5604\/revisions"}],"predecessor-version":[{"id":5606,"href":"https:\/\/web.consaguirre.com.ar\/noticias\/wp-json\/wp\/v2\/posts\/5604\/revisions\/5606"}],"wp:featuredmedia":[{"embeddable":true,"href":"https:\/\/web.consaguirre.com.ar\/noticias\/wp-json\/wp\/v2\/media\/5605"}],"wp:attachment":[{"href":"https:\/\/web.consaguirre.com.ar\/noticias\/wp-json\/wp\/v2\/media?parent=5604"}],"wp:term":[{"taxonomy":"category","embeddable":true,"href":"https:\/\/web.consaguirre.com.ar\/noticias\/wp-json\/wp\/v2\/categories?post=5604"},{"taxonomy":"post_tag","embeddable":true,"href":"https:\/\/web.consaguirre.com.ar\/noticias\/wp-json\/wp\/v2\/tags?post=5604"}],"curies":[{"name":"wp","href":"https:\/\/api.w.org\/{rel}","templated":true}]}}