{"id":5601,"date":"2026-04-08T17:39:02","date_gmt":"2026-04-08T20:39:02","guid":{"rendered":"https:\/\/web.consaguirre.com.ar\/noticias\/la-estrella-en-ascenso-del-rock-alternativo-novulent-se-prepara-para-vol-3-la-gira-final-del-album\/"},"modified":"2026-04-08T17:39:03","modified_gmt":"2026-04-08T20:39:03","slug":"la-estrella-en-ascenso-del-rock-alternativo-novulent-se-prepara-para-vol-3-la-gira-final-del-album","status":"publish","type":"post","link":"https:\/\/web.consaguirre.com.ar\/noticias\/la-estrella-en-ascenso-del-rock-alternativo-novulent-se-prepara-para-vol-3-la-gira-final-del-album\/","title":{"rendered":"La estrella en ascenso del rock alternativo Novulent se prepara para VOL.3 LA GIRA FINAL DEL \u00c1LBUM"},"content":{"rendered":"<p>La estrella en ascenso del rock alternativo y shoegaze de Dallas, Novulent, ha anunciado su gira como cabeza de cartel m\u00e1s extensa hasta la fecha. \u201cVOL.3 THE FINAL ALBUM TOUR\u201d llegar\u00e1 a lugares de Am\u00e9rica del Norte a partir del 11 de junio en El Paso.<\/p>\n<p>A partir de ah\u00ed, Novulent y el acto secundario Babyteeth (en fechas seleccionadas) se dirigir\u00e1n a Phoenix, Los \u00c1ngeles, San Francisco, Minneapolis, Chicago y m\u00e1s, antes de concluir el 8 de agosto en Houston.<\/p>\n<div class=\"uD-YT-container\"><img decoding=\"async\" src=\"https:\/\/web.consaguirre.com.ar\/noticias\/wp-content\/uploads\/2026\/04\/1775680742_837_La-estrella-en-ascenso-del-rock-alternativo-Novulent-se-prepara.jpg\" alt=\"V\u00eddeo de YouTube\"><br \/>Haga clic para cargar v\u00eddeo<\/div>\n<p>El anuncio de la gira sigue al lanzamiento del \u00faltimo \u00e1lbum de Novulent, <em>VOL. 3<\/em>que encuentra a Novulent examinando su vida personal. En una entrevista con <em>Los que hay que mirar<\/em>explicaron: &#8220;La principal diferencia tendr\u00eda que ser mis reacciones a las situaciones. Lo que hago en el momento, y lo que hago DESPU\u00c9S con nuevos socios. Comenc\u00e9 a hacer m\u00fasica cuando ten\u00eda 17 a\u00f1os, y la mentalidad que ten\u00eda a los 17 es muy diferente de mi mentalidad ahora a los 21. Cuando se trataba de ser un adolescente, segu\u00ed la ruta t\u00edpica de un adolescente como, &#8216;Oh grrrrrrr, me rompieron el coraz\u00f3n una vez, as\u00ed que ahora todos est\u00e1n detr\u00e1s de m\u00ed&#8217;. Ten\u00eda esta mentalidad muy autodepresiva de pensar: &#8216;\u00bfCu\u00e1l es el punto cuando de todos modos vas a salir lastimado?&#8217; Era una angustia adolescente paranoica. En comparaci\u00f3n con ahora, me entiendo mucho m\u00e1s a m\u00ed mismo. S\u00e9 c\u00f3mo regular mis emociones\u201d.<\/p>\n<p>Novulent tambi\u00e9n habl\u00f3 sobre las diferencias en la forma en que abordaron <em>VOL. 1<\/em>, <em>VOL. 2<\/em>y <em>VOL. 3<\/em>. Atribuyeron la principal evoluci\u00f3n a la forma en que elaboraban las canciones y dijeron: &#8220;Tendr\u00eda que ser la narraci\u00f3n. Lo s\u00e9 con <em>VOL. 3<\/em>Realmente pinto una historia. Escuchando desde la pista uno a la trece, es como si cada canci\u00f3n fuera su propio cap\u00edtulo, pasando perfectamente de una a la siguiente. <em>VOL. 1<\/em> estaba un poco por todos lados. Cada vez que pasaba algo malo, hac\u00eda una canci\u00f3n sobre ello. Fue una colecci\u00f3n de mis pensamientos cuando ten\u00eda 18 a\u00f1os, que encajan con las aventuras caricaturescas que tienes cuando eres adolescente, as\u00ed que encaja. <em>VOL. 3<\/em> Es mucho m\u00e1s coherente y cohesivo\u201d.<\/p>\n<p><b>Escucha Novulent <em>VOL.3 LA GIRA FINAL DEL \u00c1LBUM<\/em> aqu\u00ed.<\/b><\/p>\n","protected":false},"excerpt":{"rendered":"<p>La estrella en ascenso del rock alternativo y shoegaze de Dallas, Novulent, ha anunciado su gira como cabeza de cartel m\u00e1s extensa hasta la fecha.<\/p>\n","protected":false},"author":1,"featured_media":5602,"comment_status":"closed","ping_status":"","sticky":false,"template":"","format":"standard","meta":{"footnotes":""},"categories":[50],"tags":[147,4102,388,10,868,1246,492,4103,154,231,516,4104],"class_list":["post-5601","post","type-post","status-publish","format-standard","has-post-thumbnail","hentry","category-el-ultimo","tag-album","tag-alternativo","tag-ascenso","tag-del","tag-estrella","tag-final","tag-gira","tag-novulent","tag-para","tag-prepara","tag-rock","tag-vol-3","generate-columns","tablet-grid-50","mobile-grid-100","grid-parent","grid-50"],"yoast_head":"<!-- This site is optimized with the Yoast SEO plugin v23.3 - https:\/\/yoast.com\/wordpress\/plugins\/seo\/ -->\n<title>La estrella en ascenso del rock alternativo Novulent se prepara para VOL.3 LA GIRA FINAL DEL \u00c1LBUM<\/title>\n<meta name=\"robots\" content=\"index, follow, max-snippet:-1, max-image-preview:large, max-video-preview:-1\" \/>\n<link rel=\"canonical\" href=\"https:\/\/web.consaguirre.com.ar\/noticias\/la-estrella-en-ascenso-del-rock-alternativo-novulent-se-prepara-para-vol-3-la-gira-final-del-album\/\" \/>\n<meta property=\"og:locale\" content=\"es_ES\" \/>\n<meta property=\"og:type\" content=\"article\" \/>\n<meta property=\"og:title\" content=\"La estrella en ascenso del rock alternativo Novulent se prepara para VOL.3 LA GIRA FINAL DEL \u00c1LBUM\" \/>\n<meta property=\"og:description\" content=\"La estrella en ascenso del rock alternativo y shoegaze de Dallas, Novulent, ha anunciado su gira como cabeza de cartel m\u00e1s extensa hasta la fecha.\" \/>\n<meta property=\"og:url\" content=\"https:\/\/web.consaguirre.com.ar\/noticias\/la-estrella-en-ascenso-del-rock-alternativo-novulent-se-prepara-para-vol-3-la-gira-final-del-album\/\" \/>\n<meta property=\"og:site_name\" content=\"Conservatorio de M\u00fasica Juli\u00e1n Aguirre\" \/>\n<meta property=\"article:published_time\" content=\"2026-04-08T20:39:02+00:00\" \/>\n<meta property=\"article:modified_time\" content=\"2026-04-08T20:39:03+00:00\" \/>\n<meta property=\"og:image\" content=\"https:\/\/web.consaguirre.com.ar\/noticias\/wp-content\/uploads\/2026\/04\/1775680743_La-estrella-en-ascenso-del-rock-alternativo-Novulent-se-prepara.jpg\" \/>\n\t<meta property=\"og:image:width\" content=\"820\" \/>\n\t<meta property=\"og:image:height\" content=\"820\" \/>\n\t<meta property=\"og:image:type\" content=\"image\/jpeg\" \/>\n<meta name=\"author\" content=\"Javier Figueroa\" \/>\n<meta name=\"twitter:card\" content=\"summary_large_image\" \/>\n<meta name=\"twitter:label1\" content=\"Escrito por\" \/>\n\t<meta name=\"twitter:data1\" content=\"Javier Figueroa\" \/>\n\t<meta name=\"twitter:label2\" content=\"Tiempo de lectura\" \/>\n\t<meta name=\"twitter:data2\" content=\"2 minutos\" \/>\n<script type=\"application\/ld+json\" class=\"yoast-schema-graph\">{\"@context\":\"https:\/\/schema.org\",\"@graph\":[{\"@type\":\"Article\",\"@id\":\"https:\/\/web.consaguirre.com.ar\/noticias\/la-estrella-en-ascenso-del-rock-alternativo-novulent-se-prepara-para-vol-3-la-gira-final-del-album\/#article\",\"isPartOf\":{\"@id\":\"https:\/\/web.consaguirre.com.ar\/noticias\/la-estrella-en-ascenso-del-rock-alternativo-novulent-se-prepara-para-vol-3-la-gira-final-del-album\/\"},\"author\":{\"name\":\"Javier Figueroa\",\"@id\":\"https:\/\/web.consaguirre.com.ar\/noticias\/#\/schema\/person\/6558b0cfedee7ddc5425602b237d5722\"},\"headline\":\"La estrella en ascenso del rock alternativo Novulent se prepara para VOL.3 LA GIRA FINAL DEL \u00c1LBUM\",\"datePublished\":\"2026-04-08T20:39:02+00:00\",\"dateModified\":\"2026-04-08T20:39:03+00:00\",\"mainEntityOfPage\":{\"@id\":\"https:\/\/web.consaguirre.com.ar\/noticias\/la-estrella-en-ascenso-del-rock-alternativo-novulent-se-prepara-para-vol-3-la-gira-final-del-album\/\"},\"wordCount\":406,\"publisher\":{\"@id\":\"https:\/\/web.consaguirre.com.ar\/noticias\/#organization\"},\"image\":{\"@id\":\"https:\/\/web.consaguirre.com.ar\/noticias\/la-estrella-en-ascenso-del-rock-alternativo-novulent-se-prepara-para-vol-3-la-gira-final-del-album\/#primaryimage\"},\"thumbnailUrl\":\"https:\/\/web.consaguirre.com.ar\/noticias\/wp-content\/uploads\/2026\/04\/1775680743_La-estrella-en-ascenso-del-rock-alternativo-Novulent-se-prepara.jpg\",\"keywords\":[\"\u00e1lbum\",\"alternativo\",\"ascenso\",\"del\",\"estrella\",\"final\",\"gira\",\"Novulent\",\"para\",\"prepara\",\"Rock\",\"VOL.3\"],\"articleSection\":[\"El \u00faltimo\"],\"inLanguage\":\"es-AR\"},{\"@type\":\"WebPage\",\"@id\":\"https:\/\/web.consaguirre.com.ar\/noticias\/la-estrella-en-ascenso-del-rock-alternativo-novulent-se-prepara-para-vol-3-la-gira-final-del-album\/\",\"url\":\"https:\/\/web.consaguirre.com.ar\/noticias\/la-estrella-en-ascenso-del-rock-alternativo-novulent-se-prepara-para-vol-3-la-gira-final-del-album\/\",\"name\":\"La estrella en ascenso del rock alternativo Novulent se prepara para VOL.3 LA GIRA FINAL DEL \u00c1LBUM\",\"isPartOf\":{\"@id\":\"https:\/\/web.consaguirre.com.ar\/noticias\/#website\"},\"primaryImageOfPage\":{\"@id\":\"https:\/\/web.consaguirre.com.ar\/noticias\/la-estrella-en-ascenso-del-rock-alternativo-novulent-se-prepara-para-vol-3-la-gira-final-del-album\/#primaryimage\"},\"image\":{\"@id\":\"https:\/\/web.consaguirre.com.ar\/noticias\/la-estrella-en-ascenso-del-rock-alternativo-novulent-se-prepara-para-vol-3-la-gira-final-del-album\/#primaryimage\"},\"thumbnailUrl\":\"https:\/\/web.consaguirre.com.ar\/noticias\/wp-content\/uploads\/2026\/04\/1775680743_La-estrella-en-ascenso-del-rock-alternativo-Novulent-se-prepara.jpg\",\"datePublished\":\"2026-04-08T20:39:02+00:00\",\"dateModified\":\"2026-04-08T20:39:03+00:00\",\"breadcrumb\":{\"@id\":\"https:\/\/web.consaguirre.com.ar\/noticias\/la-estrella-en-ascenso-del-rock-alternativo-novulent-se-prepara-para-vol-3-la-gira-final-del-album\/#breadcrumb\"},\"inLanguage\":\"es-AR\",\"potentialAction\":[{\"@type\":\"ReadAction\",\"target\":[\"https:\/\/web.consaguirre.com.ar\/noticias\/la-estrella-en-ascenso-del-rock-alternativo-novulent-se-prepara-para-vol-3-la-gira-final-del-album\/\"]}]},{\"@type\":\"ImageObject\",\"inLanguage\":\"es-AR\",\"@id\":\"https:\/\/web.consaguirre.com.ar\/noticias\/la-estrella-en-ascenso-del-rock-alternativo-novulent-se-prepara-para-vol-3-la-gira-final-del-album\/#primaryimage\",\"url\":\"https:\/\/web.consaguirre.com.ar\/noticias\/wp-content\/uploads\/2026\/04\/1775680743_La-estrella-en-ascenso-del-rock-alternativo-Novulent-se-prepara.jpg\",\"contentUrl\":\"https:\/\/web.consaguirre.com.ar\/noticias\/wp-content\/uploads\/2026\/04\/1775680743_La-estrella-en-ascenso-del-rock-alternativo-Novulent-se-prepara.jpg\",\"width\":820,\"height\":820,\"caption\":\"Novulent Vol. 3 album cover\"},{\"@type\":\"BreadcrumbList\",\"@id\":\"https:\/\/web.consaguirre.com.ar\/noticias\/la-estrella-en-ascenso-del-rock-alternativo-novulent-se-prepara-para-vol-3-la-gira-final-del-album\/#breadcrumb\",\"itemListElement\":[{\"@type\":\"ListItem\",\"position\":1,\"name\":\"Inicio\",\"item\":\"https:\/\/web.consaguirre.com.ar\/noticias\/\"},{\"@type\":\"ListItem\",\"position\":2,\"name\":\"La estrella en ascenso del rock alternativo Novulent se prepara para VOL.3 LA GIRA FINAL DEL \u00c1LBUM\"}]},{\"@type\":\"WebSite\",\"@id\":\"https:\/\/web.consaguirre.com.ar\/noticias\/#website\",\"url\":\"https:\/\/web.consaguirre.com.ar\/noticias\/\",\"name\":\"Conservatorio de M\u00fasica Juli\u00e1n Aguirre\",\"description\":\"\",\"publisher\":{\"@id\":\"https:\/\/web.consaguirre.com.ar\/noticias\/#organization\"},\"potentialAction\":[{\"@type\":\"SearchAction\",\"target\":{\"@type\":\"EntryPoint\",\"urlTemplate\":\"https:\/\/web.consaguirre.com.ar\/noticias\/?s={search_term_string}\"},\"query-input\":\"required name=search_term_string\"}],\"inLanguage\":\"es-AR\"},{\"@type\":\"Organization\",\"@id\":\"https:\/\/web.consaguirre.com.ar\/noticias\/#organization\",\"name\":\"Conservatorio de M\u00fasica Juli\u00e1n Aguirre\",\"url\":\"https:\/\/web.consaguirre.com.ar\/noticias\/\",\"logo\":{\"@type\":\"ImageObject\",\"inLanguage\":\"es-AR\",\"@id\":\"https:\/\/web.consaguirre.com.ar\/noticias\/#\/schema\/logo\/image\/\",\"url\":\"https:\/\/web.consaguirre.com.ar\/noticias\/wp-content\/uploads\/2024\/08\/Banner-Aguirre-23.jpg\",\"contentUrl\":\"https:\/\/web.consaguirre.com.ar\/noticias\/wp-content\/uploads\/2024\/08\/Banner-Aguirre-23.jpg\",\"width\":1192,\"height\":600,\"caption\":\"Conservatorio de M\u00fasica Juli\u00e1n Aguirre\"},\"image\":{\"@id\":\"https:\/\/web.consaguirre.com.ar\/noticias\/#\/schema\/logo\/image\/\"}},{\"@type\":\"Person\",\"@id\":\"https:\/\/web.consaguirre.com.ar\/noticias\/#\/schema\/person\/6558b0cfedee7ddc5425602b237d5722\",\"name\":\"Javier Figueroa\",\"image\":{\"@type\":\"ImageObject\",\"inLanguage\":\"es-AR\",\"@id\":\"https:\/\/web.consaguirre.com.ar\/noticias\/#\/schema\/person\/image\/\",\"url\":\"https:\/\/web.consaguirre.com.ar\/noticias\/wp-content\/uploads\/2024\/08\/Consaguirre-scaled.jpg\",\"contentUrl\":\"https:\/\/web.consaguirre.com.ar\/noticias\/wp-content\/uploads\/2024\/08\/Consaguirre-scaled.jpg\",\"caption\":\"Javier Figueroa\"},\"description\":\"Me llamo Javier Figueroa y soy redactor para el sitio oficial del Conservatorio de M\u00fasica Juli\u00e1n Aguirre en Buenos Aires, consaguirre.com. Apasionado por la m\u00fasica y la escritura, me esfuerzo por destacar los talentos y eventos de nuestra prestigiosa instituci\u00f3n. Mi trayectoria se nutre de una profunda admiraci\u00f3n por los artistas, haciendo de cada art\u00edculo una celebraci\u00f3n de la creatividad y la cultura musical.\",\"sameAs\":[\"https:\/\/web.consaguirre.com.ar\/noticias\"]}]}<\/script>\n<!-- \/ Yoast SEO plugin. -->","yoast_head_json":{"title":"La estrella en ascenso del rock alternativo Novulent se prepara para VOL.3 LA GIRA FINAL DEL \u00c1LBUM","robots":{"index":"index","follow":"follow","max-snippet":"max-snippet:-1","max-image-preview":"max-image-preview:large","max-video-preview":"max-video-preview:-1"},"canonical":"https:\/\/web.consaguirre.com.ar\/noticias\/la-estrella-en-ascenso-del-rock-alternativo-novulent-se-prepara-para-vol-3-la-gira-final-del-album\/","og_locale":"es_ES","og_type":"article","og_title":"La estrella en ascenso del rock alternativo Novulent se prepara para VOL.3 LA GIRA FINAL DEL \u00c1LBUM","og_description":"La estrella en ascenso del rock alternativo y shoegaze de Dallas, Novulent, ha anunciado su gira como cabeza de cartel m\u00e1s extensa hasta la fecha.","og_url":"https:\/\/web.consaguirre.com.ar\/noticias\/la-estrella-en-ascenso-del-rock-alternativo-novulent-se-prepara-para-vol-3-la-gira-final-del-album\/","og_site_name":"Conservatorio de M\u00fasica Juli\u00e1n Aguirre","article_published_time":"2026-04-08T20:39:02+00:00","article_modified_time":"2026-04-08T20:39:03+00:00","og_image":[{"width":820,"height":820,"url":"https:\/\/web.consaguirre.com.ar\/noticias\/wp-content\/uploads\/2026\/04\/1775680743_La-estrella-en-ascenso-del-rock-alternativo-Novulent-se-prepara.jpg","type":"image\/jpeg"}],"author":"Javier Figueroa","twitter_card":"summary_large_image","twitter_misc":{"Escrito por":"Javier Figueroa","Tiempo de lectura":"2 minutos"},"schema":{"@context":"https:\/\/schema.org","@graph":[{"@type":"Article","@id":"https:\/\/web.consaguirre.com.ar\/noticias\/la-estrella-en-ascenso-del-rock-alternativo-novulent-se-prepara-para-vol-3-la-gira-final-del-album\/#article","isPartOf":{"@id":"https:\/\/web.consaguirre.com.ar\/noticias\/la-estrella-en-ascenso-del-rock-alternativo-novulent-se-prepara-para-vol-3-la-gira-final-del-album\/"},"author":{"name":"Javier Figueroa","@id":"https:\/\/web.consaguirre.com.ar\/noticias\/#\/schema\/person\/6558b0cfedee7ddc5425602b237d5722"},"headline":"La estrella en ascenso del rock alternativo Novulent se prepara para VOL.3 LA GIRA FINAL DEL \u00c1LBUM","datePublished":"2026-04-08T20:39:02+00:00","dateModified":"2026-04-08T20:39:03+00:00","mainEntityOfPage":{"@id":"https:\/\/web.consaguirre.com.ar\/noticias\/la-estrella-en-ascenso-del-rock-alternativo-novulent-se-prepara-para-vol-3-la-gira-final-del-album\/"},"wordCount":406,"publisher":{"@id":"https:\/\/web.consaguirre.com.ar\/noticias\/#organization"},"image":{"@id":"https:\/\/web.consaguirre.com.ar\/noticias\/la-estrella-en-ascenso-del-rock-alternativo-novulent-se-prepara-para-vol-3-la-gira-final-del-album\/#primaryimage"},"thumbnailUrl":"https:\/\/web.consaguirre.com.ar\/noticias\/wp-content\/uploads\/2026\/04\/1775680743_La-estrella-en-ascenso-del-rock-alternativo-Novulent-se-prepara.jpg","keywords":["\u00e1lbum","alternativo","ascenso","del","estrella","final","gira","Novulent","para","prepara","Rock","VOL.3"],"articleSection":["El \u00faltimo"],"inLanguage":"es-AR"},{"@type":"WebPage","@id":"https:\/\/web.consaguirre.com.ar\/noticias\/la-estrella-en-ascenso-del-rock-alternativo-novulent-se-prepara-para-vol-3-la-gira-final-del-album\/","url":"https:\/\/web.consaguirre.com.ar\/noticias\/la-estrella-en-ascenso-del-rock-alternativo-novulent-se-prepara-para-vol-3-la-gira-final-del-album\/","name":"La estrella en ascenso del rock alternativo Novulent se prepara para VOL.3 LA GIRA FINAL DEL \u00c1LBUM","isPartOf":{"@id":"https:\/\/web.consaguirre.com.ar\/noticias\/#website"},"primaryImageOfPage":{"@id":"https:\/\/web.consaguirre.com.ar\/noticias\/la-estrella-en-ascenso-del-rock-alternativo-novulent-se-prepara-para-vol-3-la-gira-final-del-album\/#primaryimage"},"image":{"@id":"https:\/\/web.consaguirre.com.ar\/noticias\/la-estrella-en-ascenso-del-rock-alternativo-novulent-se-prepara-para-vol-3-la-gira-final-del-album\/#primaryimage"},"thumbnailUrl":"https:\/\/web.consaguirre.com.ar\/noticias\/wp-content\/uploads\/2026\/04\/1775680743_La-estrella-en-ascenso-del-rock-alternativo-Novulent-se-prepara.jpg","datePublished":"2026-04-08T20:39:02+00:00","dateModified":"2026-04-08T20:39:03+00:00","breadcrumb":{"@id":"https:\/\/web.consaguirre.com.ar\/noticias\/la-estrella-en-ascenso-del-rock-alternativo-novulent-se-prepara-para-vol-3-la-gira-final-del-album\/#breadcrumb"},"inLanguage":"es-AR","potentialAction":[{"@type":"ReadAction","target":["https:\/\/web.consaguirre.com.ar\/noticias\/la-estrella-en-ascenso-del-rock-alternativo-novulent-se-prepara-para-vol-3-la-gira-final-del-album\/"]}]},{"@type":"ImageObject","inLanguage":"es-AR","@id":"https:\/\/web.consaguirre.com.ar\/noticias\/la-estrella-en-ascenso-del-rock-alternativo-novulent-se-prepara-para-vol-3-la-gira-final-del-album\/#primaryimage","url":"https:\/\/web.consaguirre.com.ar\/noticias\/wp-content\/uploads\/2026\/04\/1775680743_La-estrella-en-ascenso-del-rock-alternativo-Novulent-se-prepara.jpg","contentUrl":"https:\/\/web.consaguirre.com.ar\/noticias\/wp-content\/uploads\/2026\/04\/1775680743_La-estrella-en-ascenso-del-rock-alternativo-Novulent-se-prepara.jpg","width":820,"height":820,"caption":"Novulent Vol. 3 album cover"},{"@type":"BreadcrumbList","@id":"https:\/\/web.consaguirre.com.ar\/noticias\/la-estrella-en-ascenso-del-rock-alternativo-novulent-se-prepara-para-vol-3-la-gira-final-del-album\/#breadcrumb","itemListElement":[{"@type":"ListItem","position":1,"name":"Inicio","item":"https:\/\/web.consaguirre.com.ar\/noticias\/"},{"@type":"ListItem","position":2,"name":"La estrella en ascenso del rock alternativo Novulent se prepara para VOL.3 LA GIRA FINAL DEL \u00c1LBUM"}]},{"@type":"WebSite","@id":"https:\/\/web.consaguirre.com.ar\/noticias\/#website","url":"https:\/\/web.consaguirre.com.ar\/noticias\/","name":"Conservatorio de M\u00fasica Juli\u00e1n Aguirre","description":"","publisher":{"@id":"https:\/\/web.consaguirre.com.ar\/noticias\/#organization"},"potentialAction":[{"@type":"SearchAction","target":{"@type":"EntryPoint","urlTemplate":"https:\/\/web.consaguirre.com.ar\/noticias\/?s={search_term_string}"},"query-input":"required name=search_term_string"}],"inLanguage":"es-AR"},{"@type":"Organization","@id":"https:\/\/web.consaguirre.com.ar\/noticias\/#organization","name":"Conservatorio de M\u00fasica Juli\u00e1n Aguirre","url":"https:\/\/web.consaguirre.com.ar\/noticias\/","logo":{"@type":"ImageObject","inLanguage":"es-AR","@id":"https:\/\/web.consaguirre.com.ar\/noticias\/#\/schema\/logo\/image\/","url":"https:\/\/web.consaguirre.com.ar\/noticias\/wp-content\/uploads\/2024\/08\/Banner-Aguirre-23.jpg","contentUrl":"https:\/\/web.consaguirre.com.ar\/noticias\/wp-content\/uploads\/2024\/08\/Banner-Aguirre-23.jpg","width":1192,"height":600,"caption":"Conservatorio de M\u00fasica Juli\u00e1n Aguirre"},"image":{"@id":"https:\/\/web.consaguirre.com.ar\/noticias\/#\/schema\/logo\/image\/"}},{"@type":"Person","@id":"https:\/\/web.consaguirre.com.ar\/noticias\/#\/schema\/person\/6558b0cfedee7ddc5425602b237d5722","name":"Javier Figueroa","image":{"@type":"ImageObject","inLanguage":"es-AR","@id":"https:\/\/web.consaguirre.com.ar\/noticias\/#\/schema\/person\/image\/","url":"https:\/\/web.consaguirre.com.ar\/noticias\/wp-content\/uploads\/2024\/08\/Consaguirre-scaled.jpg","contentUrl":"https:\/\/web.consaguirre.com.ar\/noticias\/wp-content\/uploads\/2024\/08\/Consaguirre-scaled.jpg","caption":"Javier Figueroa"},"description":"Me llamo Javier Figueroa y soy redactor para el sitio oficial del Conservatorio de M\u00fasica Juli\u00e1n Aguirre en Buenos Aires, consaguirre.com. Apasionado por la m\u00fasica y la escritura, me esfuerzo por destacar los talentos y eventos de nuestra prestigiosa instituci\u00f3n. Mi trayectoria se nutre de una profunda admiraci\u00f3n por los artistas, haciendo de cada art\u00edculo una celebraci\u00f3n de la creatividad y la cultura musical.","sameAs":["https:\/\/web.consaguirre.com.ar\/noticias"]}]}},"_links":{"self":[{"href":"https:\/\/web.consaguirre.com.ar\/noticias\/wp-json\/wp\/v2\/posts\/5601"}],"collection":[{"href":"https:\/\/web.consaguirre.com.ar\/noticias\/wp-json\/wp\/v2\/posts"}],"about":[{"href":"https:\/\/web.consaguirre.com.ar\/noticias\/wp-json\/wp\/v2\/types\/post"}],"author":[{"embeddable":true,"href":"https:\/\/web.consaguirre.com.ar\/noticias\/wp-json\/wp\/v2\/users\/1"}],"replies":[{"embeddable":true,"href":"https:\/\/web.consaguirre.com.ar\/noticias\/wp-json\/wp\/v2\/comments?post=5601"}],"version-history":[{"count":1,"href":"https:\/\/web.consaguirre.com.ar\/noticias\/wp-json\/wp\/v2\/posts\/5601\/revisions"}],"predecessor-version":[{"id":5603,"href":"https:\/\/web.consaguirre.com.ar\/noticias\/wp-json\/wp\/v2\/posts\/5601\/revisions\/5603"}],"wp:featuredmedia":[{"embeddable":true,"href":"https:\/\/web.consaguirre.com.ar\/noticias\/wp-json\/wp\/v2\/media\/5602"}],"wp:attachment":[{"href":"https:\/\/web.consaguirre.com.ar\/noticias\/wp-json\/wp\/v2\/media?parent=5601"}],"wp:term":[{"taxonomy":"category","embeddable":true,"href":"https:\/\/web.consaguirre.com.ar\/noticias\/wp-json\/wp\/v2\/categories?post=5601"},{"taxonomy":"post_tag","embeddable":true,"href":"https:\/\/web.consaguirre.com.ar\/noticias\/wp-json\/wp\/v2\/tags?post=5601"}],"curies":[{"name":"wp","href":"https:\/\/api.w.org\/{rel}","templated":true}]}}