{"id":5598,"date":"2026-04-08T14:38:12","date_gmt":"2026-04-08T17:38:12","guid":{"rendered":"https:\/\/web.consaguirre.com.ar\/noticias\/billy-idol-anuncia-una-nueva-etapa-de-es-un-buen-dia-para-girar-de-nuevo\/"},"modified":"2026-04-08T14:38:13","modified_gmt":"2026-04-08T17:38:13","slug":"billy-idol-anuncia-una-nueva-etapa-de-es-un-buen-dia-para-girar-de-nuevo","status":"publish","type":"post","link":"https:\/\/web.consaguirre.com.ar\/noticias\/billy-idol-anuncia-una-nueva-etapa-de-es-un-buen-dia-para-girar-de-nuevo\/","title":{"rendered":"Billy Idol anuncia una nueva etapa de &#8216;\u00a1Es un buen d\u00eda para&#8230; girar de nuevo!&#8217;"},"content":{"rendered":"<p>Billy Idol ha anunciado una nueva etapa de verano de su famosa gira mundial, \u201cIt&#8217;s A Nice Day To\u2026Tour Again!\u201d<\/p>\n<p>La gira por la arena y el anfiteatro comenzar\u00e1 en The Pavilion at Montage Mountain en Scranton, PA, el 7 de agosto. Desde all\u00ed, Idol se dirigir\u00e1 a Maine, Nueva York, Virginia, Carolina del Norte, Missouri, Texas y m\u00e1s antes de concluir la gira en Albuquerque, NM en el Anfiteatro First Financial Credit Union el 27 de septiembre.<\/p>\n<div align=\"center\">\n<div class=\"udiscover-store-container\">\n<div id='udiscover-store-three-product'><\/div>\n<\/div>\n<p>\/*<!(CDATA(*\/(function (){var scriptURL='https:\/\/sdks.shopifycdn.com\/buy-button\/latest\/buy-button-storefront.min.js';if(window.ShopifyBuy){if(window.ShopifyBuy.UI){ShopifyBuyInit();}else{loadScript();}}else{loadScript();}funci\u00f3n loadScript(){var script=document.createElement('script');script.async=true;script.src=scriptURL;(document.getElementsByTagName('head')(0)|| document.getElementsByTagName('body')(0)).appendChild(script);script.onload=ShopifyBuyInit;} function ShopifyBuyInit(){var cliente=ShopifyBuy.buildClient({dominio:'udiscover.myshopify.com',storefrontAccessToken: 'bdc89f347d2ce61c1feeb9f8c60b2b98',}); ShopifyBuy.UI.onReady(cliente).luego(funci\u00f3n(ui){ ui.createComponent('productSet',{ id:(7543113351245,4618619453517,6876063006797), nodo:document.getElementById('udiscover-store-tres-productos'), moneyFormat:'%24%7B%7Bamount%7D%7D', opciones:{&quot;producto&quot;:{&quot;marco flotante&quot;:FALSO,&quot;bot\u00f3nDestino&quot;:&quot;modal&quot;,&quot;contenido&quot;:{&quot;opciones&quot;:verdadero},&quot;texto&quot;:{&quot;bot\u00f3n&quot;:&quot;PEDIR AHORA&quot;,&quot;Agotado&quot;:&quot;Lo sentimos, esto est\u00e1 agotado.&quot;}},&quot;conjunto de productos&quot;:{&quot;marco flotante&quot;:FALSO},&quot;modalProducto&quot;:{&quot;marco flotante&quot;:FALSO,&quot;contenido&quot;:{&quot;imagen&quot;:FALSO,&quot;imgConCarrusel&quot;:verdadero,&quot;bot\u00f3n&quot;:FALSO,&quot;bot\u00f3nConCantidad&quot;:verdadero}},&quot;modal&quot;:{&quot;marco flotante&quot;:FALSO},&quot;opci\u00f3n&quot;:{&quot;marco flotante&quot;:FALSO},&quot;carro&quot;:{&quot;marco flotante&quot;:FALSO},&quot;palanca&quot;:{&quot;marco flotante&quot;:FALSO,&quot;contenido&quot;:{&quot;icono&quot;:FALSO}},&quot;art\u00edculo de l\u00ednea&quot;:{&quot;marco flotante&quot;:FALSO}}, }); }); } })(); \/*))>*\/ <\/div>\n<\/p>\n<p>En medio de la gira, Idol se embarcar\u00e1 en una serie de espect\u00e1culos de una semana en Fontainebleau de Las Vegas para su residencia Hot In The City: Las Vegas del 28 de agosto al 5 de septiembre.<\/p>\n<p>La versi\u00f3n original de &#8220;It&#8217;s A Nice Day To&#8230;Tour Again!&#8221; ocurri\u00f3 en la primavera de 2025 junto a Joan Jett &#038; The Blackhearts. Idol anunci\u00f3 la gira con un v\u00eddeo protagonizado por el comediante Matt Rife. El clip sigue a Idol a trav\u00e9s de una variedad de escenarios, todos los cuales conducen a encuentros con Rife, quien continuamente hace referencia a las canciones de Idol. Tambi\u00e9n hay cameos de Jett, quien interpreta al terapeuta de Idol, y del guitarrista de Idol, Steve Stevens.<\/p>\n<div class=\"uD-YT-container\"><img decoding=\"async\" src=\"https:\/\/web.consaguirre.com.ar\/noticias\/wp-content\/uploads\/2026\/04\/1775669892_914_Billy-Idol-anuncia-una-nueva-etapa-de-\u00a1Es-un-buen.jpg\" alt=\"V\u00eddeo de YouTube\"><br \/>Haga clic para cargar v\u00eddeo<\/div>\n<p>En otras noticias de Idol, hay un nuevo largometraje documental titulado <em>Billy Idol deber\u00eda estar muerto<\/em>dirigida por el tres veces ganador del Grammy Jonas \u00c5kerlund. La pel\u00edcula se transmite en Hulu luego de una exitosa presentaci\u00f3n en cines. Seg\u00fan una sinopsis, &#8220;&#8230; el documental profundiza en su surgimiento como un protot\u00edpico punk rockero, su mete\u00f3rico ascenso como superestrella mundial en la era MTV y la infinidad de desaf\u00edos que Idol tuvo que superar no s\u00f3lo para sobrevivir, sino para seguir siendo una de las figuras m\u00e1s queridas del rock &#8216;n&#8217; roll, cincuenta a\u00f1os despu\u00e9s de su carrera&#8221;.<\/p>\n<p>Adem\u00e1s, a finales del mes pasado, el Sal\u00f3n de la Fama del Rock &#038; Roll anunci\u00f3 su lista de nominados para la ceremonia de incorporaci\u00f3n de este a\u00f1o. Idol aparece en la boleta junto a Jeff Buckley, Phil Collins, Melissa Etheridge, Lauryn Hill, INXS, New Edition, Pink, Shakira, Luther Vandross, Wu-Tang Clan Black Crowes, Mariah Carey, Iron Maiden, Joy Division\/New Order, Oasis y Sade. Idol tambi\u00e9n fue nominado en 2025.<\/p>\n<p><b>Explore la m\u00fasica de Billy Idol en vinilos y CD de edici\u00f3n limitada aqu\u00ed.<\/b><\/p>\n","protected":false},"excerpt":{"rendered":"<p>Billy Idol ha anunciado una nueva etapa de verano de su famosa gira mundial, \u201cIt&#8217;s A Nice Day To\u2026Tour Again!\u201d La gira por la arena<\/p>\n","protected":false},"author":1,"featured_media":5599,"comment_status":"closed","ping_status":"","sticky":false,"template":"","format":"standard","meta":{"footnotes":""},"categories":[50],"tags":[56,1273,4100,921,1852,4101,1711,116,146,154,191],"class_list":["post-5598","post","type-post","status-publish","format-standard","has-post-thumbnail","hentry","category-el-ultimo","tag-anuncia","tag-billy","tag-buen","tag-dia","tag-etapa","tag-girar","tag-idol","tag-nueva","tag-nuevo","tag-para","tag-una","generate-columns","tablet-grid-50","mobile-grid-100","grid-parent","grid-50"],"yoast_head":"<!-- This site is optimized with the Yoast SEO plugin v23.3 - https:\/\/yoast.com\/wordpress\/plugins\/seo\/ -->\n<title>Billy Idol anuncia una nueva etapa de &#039;\u00a1Es un buen d\u00eda para... girar de nuevo!&#039;<\/title>\n<meta name=\"robots\" content=\"index, follow, max-snippet:-1, max-image-preview:large, max-video-preview:-1\" \/>\n<link rel=\"canonical\" href=\"https:\/\/web.consaguirre.com.ar\/noticias\/billy-idol-anuncia-una-nueva-etapa-de-es-un-buen-dia-para-girar-de-nuevo\/\" \/>\n<meta property=\"og:locale\" content=\"es_ES\" \/>\n<meta property=\"og:type\" content=\"article\" \/>\n<meta property=\"og:title\" content=\"Billy Idol anuncia una nueva etapa de &#039;\u00a1Es un buen d\u00eda para... girar de nuevo!&#039;\" \/>\n<meta property=\"og:description\" content=\"Billy Idol ha anunciado una nueva etapa de verano de su famosa gira mundial, \u201cIt&#8217;s A Nice Day To\u2026Tour Again!\u201d La gira por la arena\" \/>\n<meta property=\"og:url\" content=\"https:\/\/web.consaguirre.com.ar\/noticias\/billy-idol-anuncia-una-nueva-etapa-de-es-un-buen-dia-para-girar-de-nuevo\/\" \/>\n<meta property=\"og:site_name\" content=\"Conservatorio de M\u00fasica Juli\u00e1n Aguirre\" \/>\n<meta property=\"article:published_time\" content=\"2026-04-08T17:38:12+00:00\" \/>\n<meta property=\"article:modified_time\" content=\"2026-04-08T17:38:13+00:00\" \/>\n<meta property=\"og:image\" content=\"https:\/\/web.consaguirre.com.ar\/noticias\/wp-content\/uploads\/2026\/04\/Billy-Idol-anuncia-una-nueva-etapa-de-\u00a1Es-un-buen.jpg\" \/>\n\t<meta property=\"og:image:width\" content=\"1280\" \/>\n\t<meta property=\"og:image:height\" content=\"1280\" \/>\n\t<meta property=\"og:image:type\" content=\"image\/jpeg\" \/>\n<meta name=\"author\" content=\"Javier Figueroa\" \/>\n<meta name=\"twitter:card\" content=\"summary_large_image\" \/>\n<meta name=\"twitter:label1\" content=\"Escrito por\" \/>\n\t<meta name=\"twitter:data1\" content=\"Javier Figueroa\" \/>\n\t<meta name=\"twitter:label2\" content=\"Tiempo de lectura\" \/>\n\t<meta name=\"twitter:data2\" content=\"2 minutos\" \/>\n<script type=\"application\/ld+json\" class=\"yoast-schema-graph\">{\"@context\":\"https:\/\/schema.org\",\"@graph\":[{\"@type\":\"Article\",\"@id\":\"https:\/\/web.consaguirre.com.ar\/noticias\/billy-idol-anuncia-una-nueva-etapa-de-es-un-buen-dia-para-girar-de-nuevo\/#article\",\"isPartOf\":{\"@id\":\"https:\/\/web.consaguirre.com.ar\/noticias\/billy-idol-anuncia-una-nueva-etapa-de-es-un-buen-dia-para-girar-de-nuevo\/\"},\"author\":{\"name\":\"Javier Figueroa\",\"@id\":\"https:\/\/web.consaguirre.com.ar\/noticias\/#\/schema\/person\/6558b0cfedee7ddc5425602b237d5722\"},\"headline\":\"Billy Idol anuncia una nueva etapa de &#8216;\u00a1Es un buen d\u00eda para&#8230; girar de nuevo!&#8217;\",\"datePublished\":\"2026-04-08T17:38:12+00:00\",\"dateModified\":\"2026-04-08T17:38:13+00:00\",\"mainEntityOfPage\":{\"@id\":\"https:\/\/web.consaguirre.com.ar\/noticias\/billy-idol-anuncia-una-nueva-etapa-de-es-un-buen-dia-para-girar-de-nuevo\/\"},\"wordCount\":422,\"publisher\":{\"@id\":\"https:\/\/web.consaguirre.com.ar\/noticias\/#organization\"},\"image\":{\"@id\":\"https:\/\/web.consaguirre.com.ar\/noticias\/billy-idol-anuncia-una-nueva-etapa-de-es-un-buen-dia-para-girar-de-nuevo\/#primaryimage\"},\"thumbnailUrl\":\"https:\/\/web.consaguirre.com.ar\/noticias\/wp-content\/uploads\/2026\/04\/Billy-Idol-anuncia-una-nueva-etapa-de-\u00a1Es-un-buen.jpg\",\"keywords\":[\"anuncia\",\"Billy\",\"buen\",\"d\u00eda\",\"etapa\",\"girar\",\"Idol\",\"nueva\",\"nuevo\",\"para\",\"una\"],\"articleSection\":[\"El \u00faltimo\"],\"inLanguage\":\"es-AR\"},{\"@type\":\"WebPage\",\"@id\":\"https:\/\/web.consaguirre.com.ar\/noticias\/billy-idol-anuncia-una-nueva-etapa-de-es-un-buen-dia-para-girar-de-nuevo\/\",\"url\":\"https:\/\/web.consaguirre.com.ar\/noticias\/billy-idol-anuncia-una-nueva-etapa-de-es-un-buen-dia-para-girar-de-nuevo\/\",\"name\":\"Billy Idol anuncia una nueva etapa de '\u00a1Es un buen d\u00eda para... girar de nuevo!'\",\"isPartOf\":{\"@id\":\"https:\/\/web.consaguirre.com.ar\/noticias\/#website\"},\"primaryImageOfPage\":{\"@id\":\"https:\/\/web.consaguirre.com.ar\/noticias\/billy-idol-anuncia-una-nueva-etapa-de-es-un-buen-dia-para-girar-de-nuevo\/#primaryimage\"},\"image\":{\"@id\":\"https:\/\/web.consaguirre.com.ar\/noticias\/billy-idol-anuncia-una-nueva-etapa-de-es-un-buen-dia-para-girar-de-nuevo\/#primaryimage\"},\"thumbnailUrl\":\"https:\/\/web.consaguirre.com.ar\/noticias\/wp-content\/uploads\/2026\/04\/Billy-Idol-anuncia-una-nueva-etapa-de-\u00a1Es-un-buen.jpg\",\"datePublished\":\"2026-04-08T17:38:12+00:00\",\"dateModified\":\"2026-04-08T17:38:13+00:00\",\"breadcrumb\":{\"@id\":\"https:\/\/web.consaguirre.com.ar\/noticias\/billy-idol-anuncia-una-nueva-etapa-de-es-un-buen-dia-para-girar-de-nuevo\/#breadcrumb\"},\"inLanguage\":\"es-AR\",\"potentialAction\":[{\"@type\":\"ReadAction\",\"target\":[\"https:\/\/web.consaguirre.com.ar\/noticias\/billy-idol-anuncia-una-nueva-etapa-de-es-un-buen-dia-para-girar-de-nuevo\/\"]}]},{\"@type\":\"ImageObject\",\"inLanguage\":\"es-AR\",\"@id\":\"https:\/\/web.consaguirre.com.ar\/noticias\/billy-idol-anuncia-una-nueva-etapa-de-es-un-buen-dia-para-girar-de-nuevo\/#primaryimage\",\"url\":\"https:\/\/web.consaguirre.com.ar\/noticias\/wp-content\/uploads\/2026\/04\/Billy-Idol-anuncia-una-nueva-etapa-de-\u00a1Es-un-buen.jpg\",\"contentUrl\":\"https:\/\/web.consaguirre.com.ar\/noticias\/wp-content\/uploads\/2026\/04\/Billy-Idol-anuncia-una-nueva-etapa-de-\u00a1Es-un-buen.jpg\",\"width\":1280,\"height\":1280,\"caption\":\"Billy Idol Rebel Yell album cover\"},{\"@type\":\"BreadcrumbList\",\"@id\":\"https:\/\/web.consaguirre.com.ar\/noticias\/billy-idol-anuncia-una-nueva-etapa-de-es-un-buen-dia-para-girar-de-nuevo\/#breadcrumb\",\"itemListElement\":[{\"@type\":\"ListItem\",\"position\":1,\"name\":\"Inicio\",\"item\":\"https:\/\/web.consaguirre.com.ar\/noticias\/\"},{\"@type\":\"ListItem\",\"position\":2,\"name\":\"Billy Idol anuncia una nueva etapa de &#8216;\u00a1Es un buen d\u00eda para&#8230; girar de nuevo!&#8217;\"}]},{\"@type\":\"WebSite\",\"@id\":\"https:\/\/web.consaguirre.com.ar\/noticias\/#website\",\"url\":\"https:\/\/web.consaguirre.com.ar\/noticias\/\",\"name\":\"Conservatorio de M\u00fasica Juli\u00e1n Aguirre\",\"description\":\"\",\"publisher\":{\"@id\":\"https:\/\/web.consaguirre.com.ar\/noticias\/#organization\"},\"potentialAction\":[{\"@type\":\"SearchAction\",\"target\":{\"@type\":\"EntryPoint\",\"urlTemplate\":\"https:\/\/web.consaguirre.com.ar\/noticias\/?s={search_term_string}\"},\"query-input\":\"required name=search_term_string\"}],\"inLanguage\":\"es-AR\"},{\"@type\":\"Organization\",\"@id\":\"https:\/\/web.consaguirre.com.ar\/noticias\/#organization\",\"name\":\"Conservatorio de M\u00fasica Juli\u00e1n Aguirre\",\"url\":\"https:\/\/web.consaguirre.com.ar\/noticias\/\",\"logo\":{\"@type\":\"ImageObject\",\"inLanguage\":\"es-AR\",\"@id\":\"https:\/\/web.consaguirre.com.ar\/noticias\/#\/schema\/logo\/image\/\",\"url\":\"https:\/\/web.consaguirre.com.ar\/noticias\/wp-content\/uploads\/2024\/08\/Banner-Aguirre-23.jpg\",\"contentUrl\":\"https:\/\/web.consaguirre.com.ar\/noticias\/wp-content\/uploads\/2024\/08\/Banner-Aguirre-23.jpg\",\"width\":1192,\"height\":600,\"caption\":\"Conservatorio de M\u00fasica Juli\u00e1n Aguirre\"},\"image\":{\"@id\":\"https:\/\/web.consaguirre.com.ar\/noticias\/#\/schema\/logo\/image\/\"}},{\"@type\":\"Person\",\"@id\":\"https:\/\/web.consaguirre.com.ar\/noticias\/#\/schema\/person\/6558b0cfedee7ddc5425602b237d5722\",\"name\":\"Javier Figueroa\",\"image\":{\"@type\":\"ImageObject\",\"inLanguage\":\"es-AR\",\"@id\":\"https:\/\/web.consaguirre.com.ar\/noticias\/#\/schema\/person\/image\/\",\"url\":\"https:\/\/web.consaguirre.com.ar\/noticias\/wp-content\/uploads\/2024\/08\/Consaguirre-scaled.jpg\",\"contentUrl\":\"https:\/\/web.consaguirre.com.ar\/noticias\/wp-content\/uploads\/2024\/08\/Consaguirre-scaled.jpg\",\"caption\":\"Javier Figueroa\"},\"description\":\"Me llamo Javier Figueroa y soy redactor para el sitio oficial del Conservatorio de M\u00fasica Juli\u00e1n Aguirre en Buenos Aires, consaguirre.com. Apasionado por la m\u00fasica y la escritura, me esfuerzo por destacar los talentos y eventos de nuestra prestigiosa instituci\u00f3n. Mi trayectoria se nutre de una profunda admiraci\u00f3n por los artistas, haciendo de cada art\u00edculo una celebraci\u00f3n de la creatividad y la cultura musical.\",\"sameAs\":[\"https:\/\/web.consaguirre.com.ar\/noticias\"]}]}<\/script>\n<!-- \/ Yoast SEO plugin. -->","yoast_head_json":{"title":"Billy Idol anuncia una nueva etapa de '\u00a1Es un buen d\u00eda para... girar de nuevo!'","robots":{"index":"index","follow":"follow","max-snippet":"max-snippet:-1","max-image-preview":"max-image-preview:large","max-video-preview":"max-video-preview:-1"},"canonical":"https:\/\/web.consaguirre.com.ar\/noticias\/billy-idol-anuncia-una-nueva-etapa-de-es-un-buen-dia-para-girar-de-nuevo\/","og_locale":"es_ES","og_type":"article","og_title":"Billy Idol anuncia una nueva etapa de '\u00a1Es un buen d\u00eda para... girar de nuevo!'","og_description":"Billy Idol ha anunciado una nueva etapa de verano de su famosa gira mundial, \u201cIt&#8217;s A Nice Day To\u2026Tour Again!\u201d La gira por la arena","og_url":"https:\/\/web.consaguirre.com.ar\/noticias\/billy-idol-anuncia-una-nueva-etapa-de-es-un-buen-dia-para-girar-de-nuevo\/","og_site_name":"Conservatorio de M\u00fasica Juli\u00e1n Aguirre","article_published_time":"2026-04-08T17:38:12+00:00","article_modified_time":"2026-04-08T17:38:13+00:00","og_image":[{"width":1280,"height":1280,"url":"https:\/\/web.consaguirre.com.ar\/noticias\/wp-content\/uploads\/2026\/04\/Billy-Idol-anuncia-una-nueva-etapa-de-\u00a1Es-un-buen.jpg","type":"image\/jpeg"}],"author":"Javier Figueroa","twitter_card":"summary_large_image","twitter_misc":{"Escrito por":"Javier Figueroa","Tiempo de lectura":"2 minutos"},"schema":{"@context":"https:\/\/schema.org","@graph":[{"@type":"Article","@id":"https:\/\/web.consaguirre.com.ar\/noticias\/billy-idol-anuncia-una-nueva-etapa-de-es-un-buen-dia-para-girar-de-nuevo\/#article","isPartOf":{"@id":"https:\/\/web.consaguirre.com.ar\/noticias\/billy-idol-anuncia-una-nueva-etapa-de-es-un-buen-dia-para-girar-de-nuevo\/"},"author":{"name":"Javier Figueroa","@id":"https:\/\/web.consaguirre.com.ar\/noticias\/#\/schema\/person\/6558b0cfedee7ddc5425602b237d5722"},"headline":"Billy Idol anuncia una nueva etapa de &#8216;\u00a1Es un buen d\u00eda para&#8230; girar de nuevo!&#8217;","datePublished":"2026-04-08T17:38:12+00:00","dateModified":"2026-04-08T17:38:13+00:00","mainEntityOfPage":{"@id":"https:\/\/web.consaguirre.com.ar\/noticias\/billy-idol-anuncia-una-nueva-etapa-de-es-un-buen-dia-para-girar-de-nuevo\/"},"wordCount":422,"publisher":{"@id":"https:\/\/web.consaguirre.com.ar\/noticias\/#organization"},"image":{"@id":"https:\/\/web.consaguirre.com.ar\/noticias\/billy-idol-anuncia-una-nueva-etapa-de-es-un-buen-dia-para-girar-de-nuevo\/#primaryimage"},"thumbnailUrl":"https:\/\/web.consaguirre.com.ar\/noticias\/wp-content\/uploads\/2026\/04\/Billy-Idol-anuncia-una-nueva-etapa-de-\u00a1Es-un-buen.jpg","keywords":["anuncia","Billy","buen","d\u00eda","etapa","girar","Idol","nueva","nuevo","para","una"],"articleSection":["El \u00faltimo"],"inLanguage":"es-AR"},{"@type":"WebPage","@id":"https:\/\/web.consaguirre.com.ar\/noticias\/billy-idol-anuncia-una-nueva-etapa-de-es-un-buen-dia-para-girar-de-nuevo\/","url":"https:\/\/web.consaguirre.com.ar\/noticias\/billy-idol-anuncia-una-nueva-etapa-de-es-un-buen-dia-para-girar-de-nuevo\/","name":"Billy Idol anuncia una nueva etapa de '\u00a1Es un buen d\u00eda para... girar de nuevo!'","isPartOf":{"@id":"https:\/\/web.consaguirre.com.ar\/noticias\/#website"},"primaryImageOfPage":{"@id":"https:\/\/web.consaguirre.com.ar\/noticias\/billy-idol-anuncia-una-nueva-etapa-de-es-un-buen-dia-para-girar-de-nuevo\/#primaryimage"},"image":{"@id":"https:\/\/web.consaguirre.com.ar\/noticias\/billy-idol-anuncia-una-nueva-etapa-de-es-un-buen-dia-para-girar-de-nuevo\/#primaryimage"},"thumbnailUrl":"https:\/\/web.consaguirre.com.ar\/noticias\/wp-content\/uploads\/2026\/04\/Billy-Idol-anuncia-una-nueva-etapa-de-\u00a1Es-un-buen.jpg","datePublished":"2026-04-08T17:38:12+00:00","dateModified":"2026-04-08T17:38:13+00:00","breadcrumb":{"@id":"https:\/\/web.consaguirre.com.ar\/noticias\/billy-idol-anuncia-una-nueva-etapa-de-es-un-buen-dia-para-girar-de-nuevo\/#breadcrumb"},"inLanguage":"es-AR","potentialAction":[{"@type":"ReadAction","target":["https:\/\/web.consaguirre.com.ar\/noticias\/billy-idol-anuncia-una-nueva-etapa-de-es-un-buen-dia-para-girar-de-nuevo\/"]}]},{"@type":"ImageObject","inLanguage":"es-AR","@id":"https:\/\/web.consaguirre.com.ar\/noticias\/billy-idol-anuncia-una-nueva-etapa-de-es-un-buen-dia-para-girar-de-nuevo\/#primaryimage","url":"https:\/\/web.consaguirre.com.ar\/noticias\/wp-content\/uploads\/2026\/04\/Billy-Idol-anuncia-una-nueva-etapa-de-\u00a1Es-un-buen.jpg","contentUrl":"https:\/\/web.consaguirre.com.ar\/noticias\/wp-content\/uploads\/2026\/04\/Billy-Idol-anuncia-una-nueva-etapa-de-\u00a1Es-un-buen.jpg","width":1280,"height":1280,"caption":"Billy Idol Rebel Yell album cover"},{"@type":"BreadcrumbList","@id":"https:\/\/web.consaguirre.com.ar\/noticias\/billy-idol-anuncia-una-nueva-etapa-de-es-un-buen-dia-para-girar-de-nuevo\/#breadcrumb","itemListElement":[{"@type":"ListItem","position":1,"name":"Inicio","item":"https:\/\/web.consaguirre.com.ar\/noticias\/"},{"@type":"ListItem","position":2,"name":"Billy Idol anuncia una nueva etapa de &#8216;\u00a1Es un buen d\u00eda para&#8230; girar de nuevo!&#8217;"}]},{"@type":"WebSite","@id":"https:\/\/web.consaguirre.com.ar\/noticias\/#website","url":"https:\/\/web.consaguirre.com.ar\/noticias\/","name":"Conservatorio de M\u00fasica Juli\u00e1n Aguirre","description":"","publisher":{"@id":"https:\/\/web.consaguirre.com.ar\/noticias\/#organization"},"potentialAction":[{"@type":"SearchAction","target":{"@type":"EntryPoint","urlTemplate":"https:\/\/web.consaguirre.com.ar\/noticias\/?s={search_term_string}"},"query-input":"required name=search_term_string"}],"inLanguage":"es-AR"},{"@type":"Organization","@id":"https:\/\/web.consaguirre.com.ar\/noticias\/#organization","name":"Conservatorio de M\u00fasica Juli\u00e1n Aguirre","url":"https:\/\/web.consaguirre.com.ar\/noticias\/","logo":{"@type":"ImageObject","inLanguage":"es-AR","@id":"https:\/\/web.consaguirre.com.ar\/noticias\/#\/schema\/logo\/image\/","url":"https:\/\/web.consaguirre.com.ar\/noticias\/wp-content\/uploads\/2024\/08\/Banner-Aguirre-23.jpg","contentUrl":"https:\/\/web.consaguirre.com.ar\/noticias\/wp-content\/uploads\/2024\/08\/Banner-Aguirre-23.jpg","width":1192,"height":600,"caption":"Conservatorio de M\u00fasica Juli\u00e1n Aguirre"},"image":{"@id":"https:\/\/web.consaguirre.com.ar\/noticias\/#\/schema\/logo\/image\/"}},{"@type":"Person","@id":"https:\/\/web.consaguirre.com.ar\/noticias\/#\/schema\/person\/6558b0cfedee7ddc5425602b237d5722","name":"Javier Figueroa","image":{"@type":"ImageObject","inLanguage":"es-AR","@id":"https:\/\/web.consaguirre.com.ar\/noticias\/#\/schema\/person\/image\/","url":"https:\/\/web.consaguirre.com.ar\/noticias\/wp-content\/uploads\/2024\/08\/Consaguirre-scaled.jpg","contentUrl":"https:\/\/web.consaguirre.com.ar\/noticias\/wp-content\/uploads\/2024\/08\/Consaguirre-scaled.jpg","caption":"Javier Figueroa"},"description":"Me llamo Javier Figueroa y soy redactor para el sitio oficial del Conservatorio de M\u00fasica Juli\u00e1n Aguirre en Buenos Aires, consaguirre.com. Apasionado por la m\u00fasica y la escritura, me esfuerzo por destacar los talentos y eventos de nuestra prestigiosa instituci\u00f3n. Mi trayectoria se nutre de una profunda admiraci\u00f3n por los artistas, haciendo de cada art\u00edculo una celebraci\u00f3n de la creatividad y la cultura musical.","sameAs":["https:\/\/web.consaguirre.com.ar\/noticias"]}]}},"_links":{"self":[{"href":"https:\/\/web.consaguirre.com.ar\/noticias\/wp-json\/wp\/v2\/posts\/5598"}],"collection":[{"href":"https:\/\/web.consaguirre.com.ar\/noticias\/wp-json\/wp\/v2\/posts"}],"about":[{"href":"https:\/\/web.consaguirre.com.ar\/noticias\/wp-json\/wp\/v2\/types\/post"}],"author":[{"embeddable":true,"href":"https:\/\/web.consaguirre.com.ar\/noticias\/wp-json\/wp\/v2\/users\/1"}],"replies":[{"embeddable":true,"href":"https:\/\/web.consaguirre.com.ar\/noticias\/wp-json\/wp\/v2\/comments?post=5598"}],"version-history":[{"count":1,"href":"https:\/\/web.consaguirre.com.ar\/noticias\/wp-json\/wp\/v2\/posts\/5598\/revisions"}],"predecessor-version":[{"id":5600,"href":"https:\/\/web.consaguirre.com.ar\/noticias\/wp-json\/wp\/v2\/posts\/5598\/revisions\/5600"}],"wp:featuredmedia":[{"embeddable":true,"href":"https:\/\/web.consaguirre.com.ar\/noticias\/wp-json\/wp\/v2\/media\/5599"}],"wp:attachment":[{"href":"https:\/\/web.consaguirre.com.ar\/noticias\/wp-json\/wp\/v2\/media?parent=5598"}],"wp:term":[{"taxonomy":"category","embeddable":true,"href":"https:\/\/web.consaguirre.com.ar\/noticias\/wp-json\/wp\/v2\/categories?post=5598"},{"taxonomy":"post_tag","embeddable":true,"href":"https:\/\/web.consaguirre.com.ar\/noticias\/wp-json\/wp\/v2\/tags?post=5598"}],"curies":[{"name":"wp","href":"https:\/\/api.w.org\/{rel}","templated":true}]}}