{"id":5592,"date":"2026-04-07T23:39:02","date_gmt":"2026-04-08T02:39:02","guid":{"rendered":"https:\/\/web.consaguirre.com.ar\/noticias\/the-cranberries-lanzan-escenas-de-dreams\/"},"modified":"2026-04-07T23:39:03","modified_gmt":"2026-04-08T02:39:03","slug":"the-cranberries-lanzan-escenas-de-dreams","status":"publish","type":"post","link":"https:\/\/web.consaguirre.com.ar\/noticias\/the-cranberries-lanzan-escenas-de-dreams\/","title":{"rendered":"The Cranberries lanzan &#8216;escenas de&#8217; Dreams\u201d"},"content":{"rendered":"<p>El nuevo video de The Cranberries, \u201cScenes From &#8216;Dreams&#8217;\u201d, permite a los fan\u00e1ticos profundizar en uno de sus videos musicales cl\u00e1sicos, justo a tiempo para una reedici\u00f3n de lujo de su \u00e1lbum debut.<\/p>\n<p>El 18 de marzo de 1993, el director Peter Scammell film\u00f3 a la cantante de Cranberries, Dolores O&#8217;Riordan, interpretando &#8220;Dreams&#8221; para uno de los v\u00eddeos musicales de la canci\u00f3n. Partes del metraje de 35 mm aparecieron en el v\u00eddeo, pero el resto permaneci\u00f3 archivado hasta ahora. La actuaci\u00f3n completa sin cortes fue restaurada a 4K y lanzada en YouTube como parte de la serie \u201cScenes From\u201d, que elimina la edici\u00f3n tradicional de videos musicales para brindarles a los fan\u00e1ticos una vista m\u00e1s cruda y directa de sus artistas favoritos en acci\u00f3n. Esta nueva versi\u00f3n fue editada por Morgan James Chadwick, con el color de Rob Bessette.<\/p>\n<div align=\"center\">\n<div class=\"udiscover-store-container\">\n<div id='udiscover-store-three-product'><\/div>\n<\/div>\n<p>\/*<!(CDATA(*\/(function (){var scriptURL='https:\/\/sdks.shopifycdn.com\/buy-button\/latest\/buy-button-storefront.min.js';if(window.ShopifyBuy){if(window.ShopifyBuy.UI){ShopifyBuyInit();}else{loadScript();}}else{loadScript();}funci\u00f3n loadScript(){var script=document.createElement('script');script.async=true;script.src=scriptURL;(document.getElementsByTagName('head')(0)|| document.getElementsByTagName('body')(0)).appendChild(script);script.onload=ShopifyBuyInit;} function ShopifyBuyInit(){var cliente=ShopifyBuy.buildClient({dominio:'udiscover.myshopify.com',storefrontAccessToken: 'bdc89f347d2ce61c1feeb9f8c60b2b98',}); ShopifyBuy.UI.onReady(cliente).luego(funci\u00f3n(ui){ ui.createComponent('productSet',{ id:(7753018605645,7752995930189,7752995864653), nodo:document.getElementById('udiscover-store-tres-producto'), moneyFormat:'%24%7B%7Bamount%7D%7D', opciones:{&quot;producto&quot;:{&quot;marco flotante&quot;:FALSO,&quot;bot\u00f3nDestino&quot;:&quot;modal&quot;,&quot;contenido&quot;:{&quot;opciones&quot;:verdadero},&quot;texto&quot;:{&quot;bot\u00f3n&quot;:&quot;PEDIR AHORA&quot;,&quot;Agotado&quot;:&quot;Lo sentimos, esto est\u00e1 agotado.&quot;}},&quot;conjunto de productos&quot;:{&quot;marco flotante&quot;:FALSO},&quot;modalProducto&quot;:{&quot;marco flotante&quot;:FALSO,&quot;contenido&quot;:{&quot;imagen&quot;:FALSO,&quot;imgConCarrusel&quot;:verdadero,&quot;bot\u00f3n&quot;:FALSO,&quot;bot\u00f3nConCantidad&quot;:verdadero}},&quot;modal&quot;:{&quot;marco flotante&quot;:FALSO},&quot;opci\u00f3n&quot;:{&quot;marco flotante&quot;:FALSO},&quot;carro&quot;:{&quot;marco flotante&quot;:FALSO},&quot;palanca&quot;:{&quot;marco flotante&quot;:FALSO,&quot;contenido&quot;:{&quot;icono&quot;:FALSO}},&quot;art\u00edculo de l\u00ednea&quot;:{&quot;marco flotante&quot;:FALSO}}, }); }); } })(); \/*))>*\/ <\/div>\n<\/p>\n<p>\u201cDreams\u201d, el sencillo debut de la banda de pop-rock de Limerick, fue el raro \u00e9xito que obtuvo no uno, ni dos, sino tres videos musicales. El clip de Scammell para la canci\u00f3n surgi\u00f3 entre versiones dirigidas por John Maybury y Nico Soultanakis.<\/p>\n<p>El v\u00eddeo de Maybury apareci\u00f3 primero, presentando a los miembros de la banda sentados contra un fondo negro de una manera que evocaba la portada del \u00e1lbum principal. <em>Todos los dem\u00e1s lo est\u00e1n haciendo, entonces, \u00bfpor qu\u00e9 nosotros no podemos?<\/em> Ayud\u00f3 a que \u201cDreams\u201d se convirtiera en un \u00e9xito mundial, lo que sent\u00f3 las bases para un \u00e9xito a\u00fan mayor en las listas con el siguiente sencillo \u201cLinger\u201d, un \u00e9xito entre los 10 primeros en el Billboard Hot 100.<\/p>\n<div class=\"uD-YT-container\"><img decoding=\"async\" src=\"https:\/\/web.consaguirre.com.ar\/noticias\/wp-content\/uploads\/2026\/04\/1775615942_450_The-Cranberries-lanzan-escenas-de-Dreams.jpg\" alt=\"V\u00eddeo de YouTube\"><br \/>Haga clic para cargar v\u00eddeo<\/div>\n<p>Cuando \u201cLinger\u201d despeg\u00f3, Scammell recibi\u00f3 el encargo de hacer un segundo video de \u201cDreams\u201d que entrar\u00eda en gran rotaci\u00f3n en el programa de MTV. <em>120 minutos<\/em>. Captur\u00f3 im\u00e1genes de la banda tocando bajo luces cambiantes en una sala de tem\u00e1tica acu\u00e1tica. M\u00e1s tarde, el video de Soultanakis present\u00f3 escenas de los Cranberries actuando en un club nocturno, intercaladas con im\u00e1genes de O&#8217;Riordan y un caballo blanco deambulando por las calles de la ciudad y los senderos del bosque.<\/p>\n<p>\u201cScenes From &#8216;Dreams&#8217;\u201d surge cuando los Cranberries avanzan hacia una reedici\u00f3n multiformato de <em>Todos los dem\u00e1s lo est\u00e1n haciendo, entonces, \u00bfpor qu\u00e9 nosotros no podemos?<\/em> El \u00e1lbum est\u00e1 disponible para preordenar en CD en ediciones est\u00e1ndar de 1CD y 2CD de lujo, as\u00ed como en vinilo en formato 1LP azul so\u00f1ador de edici\u00f3n limitada, formato 3LP de edici\u00f3n limitada de lujo y una edici\u00f3n especial a trav\u00e9s de la serie Vinylphyle de alta fidelidad. Las reediciones se enviar\u00e1n el 22 de mayo.<\/p>\n<p><b>comprar los ar\u00e1ndanos <em>Todos los dem\u00e1s lo est\u00e1n haciendo, entonces, \u00bfpor qu\u00e9 nosotros no podemos?<\/em> aqu\u00ed.<\/b><\/p>\n","protected":false},"excerpt":{"rendered":"<p>El nuevo video de The Cranberries, \u201cScenes From &#8216;Dreams&#8217;\u201d, permite a los fan\u00e1ticos profundizar en uno de sus videos musicales cl\u00e1sicos, justo a tiempo para<\/p>\n","protected":false},"author":1,"featured_media":5593,"comment_status":"closed","ping_status":"","sticky":false,"template":"","format":"standard","meta":{"footnotes":""},"categories":[50],"tags":[1221,510,4099,393],"class_list":["post-5592","post","type-post","status-publish","format-standard","has-post-thumbnail","hentry","category-el-ultimo","tag-cranberries","tag-dreams","tag-escenas","tag-lanzan","generate-columns","tablet-grid-50","mobile-grid-100","grid-parent","grid-50"],"yoast_head":"<!-- This site is optimized with the Yoast SEO plugin v23.3 - https:\/\/yoast.com\/wordpress\/plugins\/seo\/ -->\n<title>The Cranberries lanzan &#039;escenas de&#039; Dreams\u201d<\/title>\n<meta name=\"robots\" content=\"index, follow, max-snippet:-1, max-image-preview:large, max-video-preview:-1\" \/>\n<link rel=\"canonical\" href=\"https:\/\/web.consaguirre.com.ar\/noticias\/the-cranberries-lanzan-escenas-de-dreams\/\" \/>\n<meta property=\"og:locale\" content=\"es_ES\" \/>\n<meta property=\"og:type\" content=\"article\" \/>\n<meta property=\"og:title\" content=\"The Cranberries lanzan &#039;escenas de&#039; Dreams\u201d\" \/>\n<meta property=\"og:description\" content=\"El nuevo video de The Cranberries, \u201cScenes From &#8216;Dreams&#8217;\u201d, permite a los fan\u00e1ticos profundizar en uno de sus videos musicales cl\u00e1sicos, justo a tiempo para\" \/>\n<meta property=\"og:url\" content=\"https:\/\/web.consaguirre.com.ar\/noticias\/the-cranberries-lanzan-escenas-de-dreams\/\" \/>\n<meta property=\"og:site_name\" content=\"Conservatorio de M\u00fasica Juli\u00e1n Aguirre\" \/>\n<meta property=\"article:published_time\" content=\"2026-04-08T02:39:02+00:00\" \/>\n<meta property=\"article:modified_time\" content=\"2026-04-08T02:39:03+00:00\" \/>\n<meta property=\"og:image\" content=\"https:\/\/web.consaguirre.com.ar\/noticias\/wp-content\/uploads\/2026\/04\/The-Cranberries-lanzan-escenas-de-Dreams.jpg\" \/>\n\t<meta property=\"og:image:width\" content=\"1280\" \/>\n\t<meta property=\"og:image:height\" content=\"1280\" \/>\n\t<meta property=\"og:image:type\" content=\"image\/jpeg\" \/>\n<meta name=\"author\" content=\"Javier Figueroa\" \/>\n<meta name=\"twitter:card\" content=\"summary_large_image\" \/>\n<meta name=\"twitter:label1\" content=\"Escrito por\" \/>\n\t<meta name=\"twitter:data1\" content=\"Javier Figueroa\" \/>\n\t<meta name=\"twitter:label2\" content=\"Tiempo de lectura\" \/>\n\t<meta name=\"twitter:data2\" content=\"2 minutos\" \/>\n<script type=\"application\/ld+json\" class=\"yoast-schema-graph\">{\"@context\":\"https:\/\/schema.org\",\"@graph\":[{\"@type\":\"Article\",\"@id\":\"https:\/\/web.consaguirre.com.ar\/noticias\/the-cranberries-lanzan-escenas-de-dreams\/#article\",\"isPartOf\":{\"@id\":\"https:\/\/web.consaguirre.com.ar\/noticias\/the-cranberries-lanzan-escenas-de-dreams\/\"},\"author\":{\"name\":\"Javier Figueroa\",\"@id\":\"https:\/\/web.consaguirre.com.ar\/noticias\/#\/schema\/person\/6558b0cfedee7ddc5425602b237d5722\"},\"headline\":\"The Cranberries lanzan &#8216;escenas de&#8217; Dreams\u201d\",\"datePublished\":\"2026-04-08T02:39:02+00:00\",\"dateModified\":\"2026-04-08T02:39:03+00:00\",\"mainEntityOfPage\":{\"@id\":\"https:\/\/web.consaguirre.com.ar\/noticias\/the-cranberries-lanzan-escenas-de-dreams\/\"},\"wordCount\":480,\"publisher\":{\"@id\":\"https:\/\/web.consaguirre.com.ar\/noticias\/#organization\"},\"image\":{\"@id\":\"https:\/\/web.consaguirre.com.ar\/noticias\/the-cranberries-lanzan-escenas-de-dreams\/#primaryimage\"},\"thumbnailUrl\":\"https:\/\/web.consaguirre.com.ar\/noticias\/wp-content\/uploads\/2026\/04\/The-Cranberries-lanzan-escenas-de-Dreams.jpg\",\"keywords\":[\"Cranberries\",\"Dreams\",\"escenas\",\"lanzan\"],\"articleSection\":[\"El \u00faltimo\"],\"inLanguage\":\"es-AR\"},{\"@type\":\"WebPage\",\"@id\":\"https:\/\/web.consaguirre.com.ar\/noticias\/the-cranberries-lanzan-escenas-de-dreams\/\",\"url\":\"https:\/\/web.consaguirre.com.ar\/noticias\/the-cranberries-lanzan-escenas-de-dreams\/\",\"name\":\"The Cranberries lanzan 'escenas de' Dreams\u201d\",\"isPartOf\":{\"@id\":\"https:\/\/web.consaguirre.com.ar\/noticias\/#website\"},\"primaryImageOfPage\":{\"@id\":\"https:\/\/web.consaguirre.com.ar\/noticias\/the-cranberries-lanzan-escenas-de-dreams\/#primaryimage\"},\"image\":{\"@id\":\"https:\/\/web.consaguirre.com.ar\/noticias\/the-cranberries-lanzan-escenas-de-dreams\/#primaryimage\"},\"thumbnailUrl\":\"https:\/\/web.consaguirre.com.ar\/noticias\/wp-content\/uploads\/2026\/04\/The-Cranberries-lanzan-escenas-de-Dreams.jpg\",\"datePublished\":\"2026-04-08T02:39:02+00:00\",\"dateModified\":\"2026-04-08T02:39:03+00:00\",\"breadcrumb\":{\"@id\":\"https:\/\/web.consaguirre.com.ar\/noticias\/the-cranberries-lanzan-escenas-de-dreams\/#breadcrumb\"},\"inLanguage\":\"es-AR\",\"potentialAction\":[{\"@type\":\"ReadAction\",\"target\":[\"https:\/\/web.consaguirre.com.ar\/noticias\/the-cranberries-lanzan-escenas-de-dreams\/\"]}]},{\"@type\":\"ImageObject\",\"inLanguage\":\"es-AR\",\"@id\":\"https:\/\/web.consaguirre.com.ar\/noticias\/the-cranberries-lanzan-escenas-de-dreams\/#primaryimage\",\"url\":\"https:\/\/web.consaguirre.com.ar\/noticias\/wp-content\/uploads\/2026\/04\/The-Cranberries-lanzan-escenas-de-Dreams.jpg\",\"contentUrl\":\"https:\/\/web.consaguirre.com.ar\/noticias\/wp-content\/uploads\/2026\/04\/The-Cranberries-lanzan-escenas-de-Dreams.jpg\",\"width\":1280,\"height\":1280,\"caption\":\"Cranberries-everybody-Else-Dolby-ATMOS\"},{\"@type\":\"BreadcrumbList\",\"@id\":\"https:\/\/web.consaguirre.com.ar\/noticias\/the-cranberries-lanzan-escenas-de-dreams\/#breadcrumb\",\"itemListElement\":[{\"@type\":\"ListItem\",\"position\":1,\"name\":\"Inicio\",\"item\":\"https:\/\/web.consaguirre.com.ar\/noticias\/\"},{\"@type\":\"ListItem\",\"position\":2,\"name\":\"The Cranberries lanzan &#8216;escenas de&#8217; Dreams\u201d\"}]},{\"@type\":\"WebSite\",\"@id\":\"https:\/\/web.consaguirre.com.ar\/noticias\/#website\",\"url\":\"https:\/\/web.consaguirre.com.ar\/noticias\/\",\"name\":\"Conservatorio de M\u00fasica Juli\u00e1n Aguirre\",\"description\":\"\",\"publisher\":{\"@id\":\"https:\/\/web.consaguirre.com.ar\/noticias\/#organization\"},\"potentialAction\":[{\"@type\":\"SearchAction\",\"target\":{\"@type\":\"EntryPoint\",\"urlTemplate\":\"https:\/\/web.consaguirre.com.ar\/noticias\/?s={search_term_string}\"},\"query-input\":\"required name=search_term_string\"}],\"inLanguage\":\"es-AR\"},{\"@type\":\"Organization\",\"@id\":\"https:\/\/web.consaguirre.com.ar\/noticias\/#organization\",\"name\":\"Conservatorio de M\u00fasica Juli\u00e1n Aguirre\",\"url\":\"https:\/\/web.consaguirre.com.ar\/noticias\/\",\"logo\":{\"@type\":\"ImageObject\",\"inLanguage\":\"es-AR\",\"@id\":\"https:\/\/web.consaguirre.com.ar\/noticias\/#\/schema\/logo\/image\/\",\"url\":\"https:\/\/web.consaguirre.com.ar\/noticias\/wp-content\/uploads\/2024\/08\/Banner-Aguirre-23.jpg\",\"contentUrl\":\"https:\/\/web.consaguirre.com.ar\/noticias\/wp-content\/uploads\/2024\/08\/Banner-Aguirre-23.jpg\",\"width\":1192,\"height\":600,\"caption\":\"Conservatorio de M\u00fasica Juli\u00e1n Aguirre\"},\"image\":{\"@id\":\"https:\/\/web.consaguirre.com.ar\/noticias\/#\/schema\/logo\/image\/\"}},{\"@type\":\"Person\",\"@id\":\"https:\/\/web.consaguirre.com.ar\/noticias\/#\/schema\/person\/6558b0cfedee7ddc5425602b237d5722\",\"name\":\"Javier Figueroa\",\"image\":{\"@type\":\"ImageObject\",\"inLanguage\":\"es-AR\",\"@id\":\"https:\/\/web.consaguirre.com.ar\/noticias\/#\/schema\/person\/image\/\",\"url\":\"https:\/\/web.consaguirre.com.ar\/noticias\/wp-content\/uploads\/2024\/08\/Consaguirre-scaled.jpg\",\"contentUrl\":\"https:\/\/web.consaguirre.com.ar\/noticias\/wp-content\/uploads\/2024\/08\/Consaguirre-scaled.jpg\",\"caption\":\"Javier Figueroa\"},\"description\":\"Me llamo Javier Figueroa y soy redactor para el sitio oficial del Conservatorio de M\u00fasica Juli\u00e1n Aguirre en Buenos Aires, consaguirre.com. Apasionado por la m\u00fasica y la escritura, me esfuerzo por destacar los talentos y eventos de nuestra prestigiosa instituci\u00f3n. Mi trayectoria se nutre de una profunda admiraci\u00f3n por los artistas, haciendo de cada art\u00edculo una celebraci\u00f3n de la creatividad y la cultura musical.\",\"sameAs\":[\"https:\/\/web.consaguirre.com.ar\/noticias\"]}]}<\/script>\n<!-- \/ Yoast SEO plugin. -->","yoast_head_json":{"title":"The Cranberries lanzan 'escenas de' Dreams\u201d","robots":{"index":"index","follow":"follow","max-snippet":"max-snippet:-1","max-image-preview":"max-image-preview:large","max-video-preview":"max-video-preview:-1"},"canonical":"https:\/\/web.consaguirre.com.ar\/noticias\/the-cranberries-lanzan-escenas-de-dreams\/","og_locale":"es_ES","og_type":"article","og_title":"The Cranberries lanzan 'escenas de' Dreams\u201d","og_description":"El nuevo video de The Cranberries, \u201cScenes From &#8216;Dreams&#8217;\u201d, permite a los fan\u00e1ticos profundizar en uno de sus videos musicales cl\u00e1sicos, justo a tiempo para","og_url":"https:\/\/web.consaguirre.com.ar\/noticias\/the-cranberries-lanzan-escenas-de-dreams\/","og_site_name":"Conservatorio de M\u00fasica Juli\u00e1n Aguirre","article_published_time":"2026-04-08T02:39:02+00:00","article_modified_time":"2026-04-08T02:39:03+00:00","og_image":[{"width":1280,"height":1280,"url":"https:\/\/web.consaguirre.com.ar\/noticias\/wp-content\/uploads\/2026\/04\/The-Cranberries-lanzan-escenas-de-Dreams.jpg","type":"image\/jpeg"}],"author":"Javier Figueroa","twitter_card":"summary_large_image","twitter_misc":{"Escrito por":"Javier Figueroa","Tiempo de lectura":"2 minutos"},"schema":{"@context":"https:\/\/schema.org","@graph":[{"@type":"Article","@id":"https:\/\/web.consaguirre.com.ar\/noticias\/the-cranberries-lanzan-escenas-de-dreams\/#article","isPartOf":{"@id":"https:\/\/web.consaguirre.com.ar\/noticias\/the-cranberries-lanzan-escenas-de-dreams\/"},"author":{"name":"Javier Figueroa","@id":"https:\/\/web.consaguirre.com.ar\/noticias\/#\/schema\/person\/6558b0cfedee7ddc5425602b237d5722"},"headline":"The Cranberries lanzan &#8216;escenas de&#8217; Dreams\u201d","datePublished":"2026-04-08T02:39:02+00:00","dateModified":"2026-04-08T02:39:03+00:00","mainEntityOfPage":{"@id":"https:\/\/web.consaguirre.com.ar\/noticias\/the-cranberries-lanzan-escenas-de-dreams\/"},"wordCount":480,"publisher":{"@id":"https:\/\/web.consaguirre.com.ar\/noticias\/#organization"},"image":{"@id":"https:\/\/web.consaguirre.com.ar\/noticias\/the-cranberries-lanzan-escenas-de-dreams\/#primaryimage"},"thumbnailUrl":"https:\/\/web.consaguirre.com.ar\/noticias\/wp-content\/uploads\/2026\/04\/The-Cranberries-lanzan-escenas-de-Dreams.jpg","keywords":["Cranberries","Dreams","escenas","lanzan"],"articleSection":["El \u00faltimo"],"inLanguage":"es-AR"},{"@type":"WebPage","@id":"https:\/\/web.consaguirre.com.ar\/noticias\/the-cranberries-lanzan-escenas-de-dreams\/","url":"https:\/\/web.consaguirre.com.ar\/noticias\/the-cranberries-lanzan-escenas-de-dreams\/","name":"The Cranberries lanzan 'escenas de' Dreams\u201d","isPartOf":{"@id":"https:\/\/web.consaguirre.com.ar\/noticias\/#website"},"primaryImageOfPage":{"@id":"https:\/\/web.consaguirre.com.ar\/noticias\/the-cranberries-lanzan-escenas-de-dreams\/#primaryimage"},"image":{"@id":"https:\/\/web.consaguirre.com.ar\/noticias\/the-cranberries-lanzan-escenas-de-dreams\/#primaryimage"},"thumbnailUrl":"https:\/\/web.consaguirre.com.ar\/noticias\/wp-content\/uploads\/2026\/04\/The-Cranberries-lanzan-escenas-de-Dreams.jpg","datePublished":"2026-04-08T02:39:02+00:00","dateModified":"2026-04-08T02:39:03+00:00","breadcrumb":{"@id":"https:\/\/web.consaguirre.com.ar\/noticias\/the-cranberries-lanzan-escenas-de-dreams\/#breadcrumb"},"inLanguage":"es-AR","potentialAction":[{"@type":"ReadAction","target":["https:\/\/web.consaguirre.com.ar\/noticias\/the-cranberries-lanzan-escenas-de-dreams\/"]}]},{"@type":"ImageObject","inLanguage":"es-AR","@id":"https:\/\/web.consaguirre.com.ar\/noticias\/the-cranberries-lanzan-escenas-de-dreams\/#primaryimage","url":"https:\/\/web.consaguirre.com.ar\/noticias\/wp-content\/uploads\/2026\/04\/The-Cranberries-lanzan-escenas-de-Dreams.jpg","contentUrl":"https:\/\/web.consaguirre.com.ar\/noticias\/wp-content\/uploads\/2026\/04\/The-Cranberries-lanzan-escenas-de-Dreams.jpg","width":1280,"height":1280,"caption":"Cranberries-everybody-Else-Dolby-ATMOS"},{"@type":"BreadcrumbList","@id":"https:\/\/web.consaguirre.com.ar\/noticias\/the-cranberries-lanzan-escenas-de-dreams\/#breadcrumb","itemListElement":[{"@type":"ListItem","position":1,"name":"Inicio","item":"https:\/\/web.consaguirre.com.ar\/noticias\/"},{"@type":"ListItem","position":2,"name":"The Cranberries lanzan &#8216;escenas de&#8217; Dreams\u201d"}]},{"@type":"WebSite","@id":"https:\/\/web.consaguirre.com.ar\/noticias\/#website","url":"https:\/\/web.consaguirre.com.ar\/noticias\/","name":"Conservatorio de M\u00fasica Juli\u00e1n Aguirre","description":"","publisher":{"@id":"https:\/\/web.consaguirre.com.ar\/noticias\/#organization"},"potentialAction":[{"@type":"SearchAction","target":{"@type":"EntryPoint","urlTemplate":"https:\/\/web.consaguirre.com.ar\/noticias\/?s={search_term_string}"},"query-input":"required name=search_term_string"}],"inLanguage":"es-AR"},{"@type":"Organization","@id":"https:\/\/web.consaguirre.com.ar\/noticias\/#organization","name":"Conservatorio de M\u00fasica Juli\u00e1n Aguirre","url":"https:\/\/web.consaguirre.com.ar\/noticias\/","logo":{"@type":"ImageObject","inLanguage":"es-AR","@id":"https:\/\/web.consaguirre.com.ar\/noticias\/#\/schema\/logo\/image\/","url":"https:\/\/web.consaguirre.com.ar\/noticias\/wp-content\/uploads\/2024\/08\/Banner-Aguirre-23.jpg","contentUrl":"https:\/\/web.consaguirre.com.ar\/noticias\/wp-content\/uploads\/2024\/08\/Banner-Aguirre-23.jpg","width":1192,"height":600,"caption":"Conservatorio de M\u00fasica Juli\u00e1n Aguirre"},"image":{"@id":"https:\/\/web.consaguirre.com.ar\/noticias\/#\/schema\/logo\/image\/"}},{"@type":"Person","@id":"https:\/\/web.consaguirre.com.ar\/noticias\/#\/schema\/person\/6558b0cfedee7ddc5425602b237d5722","name":"Javier Figueroa","image":{"@type":"ImageObject","inLanguage":"es-AR","@id":"https:\/\/web.consaguirre.com.ar\/noticias\/#\/schema\/person\/image\/","url":"https:\/\/web.consaguirre.com.ar\/noticias\/wp-content\/uploads\/2024\/08\/Consaguirre-scaled.jpg","contentUrl":"https:\/\/web.consaguirre.com.ar\/noticias\/wp-content\/uploads\/2024\/08\/Consaguirre-scaled.jpg","caption":"Javier Figueroa"},"description":"Me llamo Javier Figueroa y soy redactor para el sitio oficial del Conservatorio de M\u00fasica Juli\u00e1n Aguirre en Buenos Aires, consaguirre.com. Apasionado por la m\u00fasica y la escritura, me esfuerzo por destacar los talentos y eventos de nuestra prestigiosa instituci\u00f3n. Mi trayectoria se nutre de una profunda admiraci\u00f3n por los artistas, haciendo de cada art\u00edculo una celebraci\u00f3n de la creatividad y la cultura musical.","sameAs":["https:\/\/web.consaguirre.com.ar\/noticias"]}]}},"_links":{"self":[{"href":"https:\/\/web.consaguirre.com.ar\/noticias\/wp-json\/wp\/v2\/posts\/5592"}],"collection":[{"href":"https:\/\/web.consaguirre.com.ar\/noticias\/wp-json\/wp\/v2\/posts"}],"about":[{"href":"https:\/\/web.consaguirre.com.ar\/noticias\/wp-json\/wp\/v2\/types\/post"}],"author":[{"embeddable":true,"href":"https:\/\/web.consaguirre.com.ar\/noticias\/wp-json\/wp\/v2\/users\/1"}],"replies":[{"embeddable":true,"href":"https:\/\/web.consaguirre.com.ar\/noticias\/wp-json\/wp\/v2\/comments?post=5592"}],"version-history":[{"count":1,"href":"https:\/\/web.consaguirre.com.ar\/noticias\/wp-json\/wp\/v2\/posts\/5592\/revisions"}],"predecessor-version":[{"id":5594,"href":"https:\/\/web.consaguirre.com.ar\/noticias\/wp-json\/wp\/v2\/posts\/5592\/revisions\/5594"}],"wp:featuredmedia":[{"embeddable":true,"href":"https:\/\/web.consaguirre.com.ar\/noticias\/wp-json\/wp\/v2\/media\/5593"}],"wp:attachment":[{"href":"https:\/\/web.consaguirre.com.ar\/noticias\/wp-json\/wp\/v2\/media?parent=5592"}],"wp:term":[{"taxonomy":"category","embeddable":true,"href":"https:\/\/web.consaguirre.com.ar\/noticias\/wp-json\/wp\/v2\/categories?post=5592"},{"taxonomy":"post_tag","embeddable":true,"href":"https:\/\/web.consaguirre.com.ar\/noticias\/wp-json\/wp\/v2\/tags?post=5592"}],"curies":[{"name":"wp","href":"https:\/\/api.w.org\/{rel}","templated":true}]}}