{"id":5575,"date":"2026-04-07T05:38:53","date_gmt":"2026-04-07T08:38:53","guid":{"rendered":"https:\/\/web.consaguirre.com.ar\/noticias\/landon-smith-regresa-con-el-nuevo-sencillo-lavender\/"},"modified":"2026-04-07T05:38:54","modified_gmt":"2026-04-07T08:38:54","slug":"landon-smith-regresa-con-el-nuevo-sencillo-lavender","status":"publish","type":"post","link":"https:\/\/web.consaguirre.com.ar\/noticias\/landon-smith-regresa-con-el-nuevo-sencillo-lavender\/","title":{"rendered":"Landon Smith regresa con el nuevo sencillo &#8216;Lavender&#8217;"},"content":{"rendered":"<p>Landon Smith ha regresado con su nuevo sencillo \u201cLavender\u201d, ya disponible a trav\u00e9s de Lucille Records\/MCA. El lanzamiento marca la primera m\u00fasica nueva de Smith desde su EP debut de 2025. <i>Considero que s\u00ed<\/i> y marca el comienzo de un nuevo cap\u00edtulo para el cantautor, guitarrista y artista en ascenso con sede en Nashville. Escrita por Smith junto a Jacob Fults, Josh Fults y Kingston Lord, y producida por el productor ganador del premio GRAMMY Dave Cobb, \u201cLavender\u201d llega mientras Smith contin\u00faa ganando impulso con un cat\u00e1logo en crecimiento y un calendario de giras en expansi\u00f3n.<\/p>\n<p>En la nueva canci\u00f3n, Smith se inclina m\u00e1s hacia la composici\u00f3n personal que ha ayudado a definir el inicio de su carrera. Seg\u00fan los materiales de lanzamiento, \u201cLavender\u201d explora la angustia, la memoria y la huella duradera de una relaci\u00f3n pasada, combinando una narraci\u00f3n \u00edntima con una actuaci\u00f3n que se centra en la claridad emocional. Smith tambi\u00e9n comparti\u00f3 parte de la inspiraci\u00f3n detr\u00e1s del disco, se\u00f1alando que una letra de la canci\u00f3n fue provocada por \u201cLondon Bridge\u201d de Fergie, un punto de referencia inesperado que habla de la especificidad que busca en su escritura.<\/p>\n<div class=\"uD-YT-container\"><img decoding=\"async\" src=\"https:\/\/web.consaguirre.com.ar\/noticias\/wp-content\/uploads\/2026\/04\/1775551133_846_Landon-Smith-regresa-con-el-nuevo-sencillo-Lavender.jpg\" alt=\"V\u00eddeo de YouTube\"><br \/>Haga clic para cargar v\u00eddeo<\/div>\n<p>Ese sentido del detalle ha sido fundamental para el ascenso de Smith hasta ahora. Gan\u00f3 fuerza por primera vez mientras tocaba localmente durante la universidad, con su exitoso sencillo \u201cIf You Want Me Tonight\u201d que finalmente super\u00f3 los 14 millones de reproducciones en Spotify. Ese impulso se transmiti\u00f3 a los siguientes favoritos de los fan\u00e1ticos, incluidos \u201cJuly 6th\u201d y \u201cTaking Off to Tennessee\u201d, lo que lo ayud\u00f3 a establecerse como una de las voces emergentes m\u00e1s notables de Nashville. En 2025, tambi\u00e9n realiz\u00f3 destacadas apariciones en vivo en el Festival GATAJAM en Statesboro, Georgia y el CMA Fest en Nashville como parte del MCA. <i>Suena como Nashville en vivo<\/i> serie.<\/p>\n<p>M\u00e1s recientemente, la historia de Smith ha seguido centr\u00e1ndose tanto en la nueva m\u00fasica como en las presentaciones en vivo, y \u201cLavender\u201d llega como la \u00faltima se\u00f1al de esa trayectoria ascendente. Esta primavera y verano, los fan\u00e1ticos podr\u00e1n verlo de gira con fechas programadas en Decatur, Charlotte, Durham, Washington, DC, Nueva York, Fairfield, Filadelfia y Bloomingdale. Con un nuevo sencillo ya disponible y se espera que siga m\u00e1s m\u00fasica en 2026, Smith parece estar preparado para mantener ese impulso.<\/p>\n<p><b>Escuche \u201cLavender\u201d de Landon Smith aqu\u00ed.<\/b><\/p>\n","protected":false},"excerpt":{"rendered":"<p>Landon Smith ha regresado con su nuevo sencillo \u201cLavender\u201d, ya disponible a trav\u00e9s de Lucille Records\/MCA. El lanzamiento marca la primera m\u00fasica nueva de Smith<\/p>\n","protected":false},"author":1,"featured_media":5576,"comment_status":"closed","ping_status":"","sticky":false,"template":"","format":"standard","meta":{"footnotes":""},"categories":[50],"tags":[32,4086,4087,146,538,204,520],"class_list":["post-5575","post","type-post","status-publish","format-standard","has-post-thumbnail","hentry","category-el-ultimo","tag-con","tag-landon","tag-lavender","tag-nuevo","tag-regresa","tag-sencillo","tag-smith","generate-columns","tablet-grid-50","mobile-grid-100","grid-parent","grid-50"],"yoast_head":"<!-- This site is optimized with the Yoast SEO plugin v23.3 - https:\/\/yoast.com\/wordpress\/plugins\/seo\/ -->\n<title>Landon Smith regresa con el nuevo sencillo &#039;Lavender&#039;<\/title>\n<meta name=\"robots\" content=\"index, follow, max-snippet:-1, max-image-preview:large, max-video-preview:-1\" \/>\n<link rel=\"canonical\" href=\"https:\/\/web.consaguirre.com.ar\/noticias\/landon-smith-regresa-con-el-nuevo-sencillo-lavender\/\" \/>\n<meta property=\"og:locale\" content=\"es_ES\" \/>\n<meta property=\"og:type\" content=\"article\" \/>\n<meta property=\"og:title\" content=\"Landon Smith regresa con el nuevo sencillo &#039;Lavender&#039;\" \/>\n<meta property=\"og:description\" content=\"Landon Smith ha regresado con su nuevo sencillo \u201cLavender\u201d, ya disponible a trav\u00e9s de Lucille Records\/MCA. El lanzamiento marca la primera m\u00fasica nueva de Smith\" \/>\n<meta property=\"og:url\" content=\"https:\/\/web.consaguirre.com.ar\/noticias\/landon-smith-regresa-con-el-nuevo-sencillo-lavender\/\" \/>\n<meta property=\"og:site_name\" content=\"Conservatorio de M\u00fasica Juli\u00e1n Aguirre\" \/>\n<meta property=\"article:published_time\" content=\"2026-04-07T08:38:53+00:00\" \/>\n<meta property=\"article:modified_time\" content=\"2026-04-07T08:38:54+00:00\" \/>\n<meta property=\"og:image\" content=\"https:\/\/web.consaguirre.com.ar\/noticias\/wp-content\/uploads\/2026\/04\/Landon-Smith-regresa-con-el-nuevo-sencillo-Lavender.jpg\" \/>\n\t<meta property=\"og:image:width\" content=\"820\" \/>\n\t<meta property=\"og:image:height\" content=\"820\" \/>\n\t<meta property=\"og:image:type\" content=\"image\/jpeg\" \/>\n<meta name=\"author\" content=\"Javier Figueroa\" \/>\n<meta name=\"twitter:card\" content=\"summary_large_image\" \/>\n<meta name=\"twitter:label1\" content=\"Escrito por\" \/>\n\t<meta name=\"twitter:data1\" content=\"Javier Figueroa\" \/>\n\t<meta name=\"twitter:label2\" content=\"Tiempo de lectura\" \/>\n\t<meta name=\"twitter:data2\" content=\"2 minutos\" \/>\n<script type=\"application\/ld+json\" class=\"yoast-schema-graph\">{\"@context\":\"https:\/\/schema.org\",\"@graph\":[{\"@type\":\"Article\",\"@id\":\"https:\/\/web.consaguirre.com.ar\/noticias\/landon-smith-regresa-con-el-nuevo-sencillo-lavender\/#article\",\"isPartOf\":{\"@id\":\"https:\/\/web.consaguirre.com.ar\/noticias\/landon-smith-regresa-con-el-nuevo-sencillo-lavender\/\"},\"author\":{\"name\":\"Javier Figueroa\",\"@id\":\"https:\/\/web.consaguirre.com.ar\/noticias\/#\/schema\/person\/6558b0cfedee7ddc5425602b237d5722\"},\"headline\":\"Landon Smith regresa con el nuevo sencillo &#8216;Lavender&#8217;\",\"datePublished\":\"2026-04-07T08:38:53+00:00\",\"dateModified\":\"2026-04-07T08:38:54+00:00\",\"mainEntityOfPage\":{\"@id\":\"https:\/\/web.consaguirre.com.ar\/noticias\/landon-smith-regresa-con-el-nuevo-sencillo-lavender\/\"},\"wordCount\":425,\"publisher\":{\"@id\":\"https:\/\/web.consaguirre.com.ar\/noticias\/#organization\"},\"image\":{\"@id\":\"https:\/\/web.consaguirre.com.ar\/noticias\/landon-smith-regresa-con-el-nuevo-sencillo-lavender\/#primaryimage\"},\"thumbnailUrl\":\"https:\/\/web.consaguirre.com.ar\/noticias\/wp-content\/uploads\/2026\/04\/Landon-Smith-regresa-con-el-nuevo-sencillo-Lavender.jpg\",\"keywords\":[\"con\",\"Landon\",\"Lavender\",\"nuevo\",\"regresa\",\"sencillo\",\"Smith\"],\"articleSection\":[\"El \u00faltimo\"],\"inLanguage\":\"es-AR\"},{\"@type\":\"WebPage\",\"@id\":\"https:\/\/web.consaguirre.com.ar\/noticias\/landon-smith-regresa-con-el-nuevo-sencillo-lavender\/\",\"url\":\"https:\/\/web.consaguirre.com.ar\/noticias\/landon-smith-regresa-con-el-nuevo-sencillo-lavender\/\",\"name\":\"Landon Smith regresa con el nuevo sencillo 'Lavender'\",\"isPartOf\":{\"@id\":\"https:\/\/web.consaguirre.com.ar\/noticias\/#website\"},\"primaryImageOfPage\":{\"@id\":\"https:\/\/web.consaguirre.com.ar\/noticias\/landon-smith-regresa-con-el-nuevo-sencillo-lavender\/#primaryimage\"},\"image\":{\"@id\":\"https:\/\/web.consaguirre.com.ar\/noticias\/landon-smith-regresa-con-el-nuevo-sencillo-lavender\/#primaryimage\"},\"thumbnailUrl\":\"https:\/\/web.consaguirre.com.ar\/noticias\/wp-content\/uploads\/2026\/04\/Landon-Smith-regresa-con-el-nuevo-sencillo-Lavender.jpg\",\"datePublished\":\"2026-04-07T08:38:53+00:00\",\"dateModified\":\"2026-04-07T08:38:54+00:00\",\"breadcrumb\":{\"@id\":\"https:\/\/web.consaguirre.com.ar\/noticias\/landon-smith-regresa-con-el-nuevo-sencillo-lavender\/#breadcrumb\"},\"inLanguage\":\"es-AR\",\"potentialAction\":[{\"@type\":\"ReadAction\",\"target\":[\"https:\/\/web.consaguirre.com.ar\/noticias\/landon-smith-regresa-con-el-nuevo-sencillo-lavender\/\"]}]},{\"@type\":\"ImageObject\",\"inLanguage\":\"es-AR\",\"@id\":\"https:\/\/web.consaguirre.com.ar\/noticias\/landon-smith-regresa-con-el-nuevo-sencillo-lavender\/#primaryimage\",\"url\":\"https:\/\/web.consaguirre.com.ar\/noticias\/wp-content\/uploads\/2026\/04\/Landon-Smith-regresa-con-el-nuevo-sencillo-Lavender.jpg\",\"contentUrl\":\"https:\/\/web.consaguirre.com.ar\/noticias\/wp-content\/uploads\/2026\/04\/Landon-Smith-regresa-con-el-nuevo-sencillo-Lavender.jpg\",\"width\":820,\"height\":820,\"caption\":\"Landon Smith Lavender\"},{\"@type\":\"BreadcrumbList\",\"@id\":\"https:\/\/web.consaguirre.com.ar\/noticias\/landon-smith-regresa-con-el-nuevo-sencillo-lavender\/#breadcrumb\",\"itemListElement\":[{\"@type\":\"ListItem\",\"position\":1,\"name\":\"Inicio\",\"item\":\"https:\/\/web.consaguirre.com.ar\/noticias\/\"},{\"@type\":\"ListItem\",\"position\":2,\"name\":\"Landon Smith regresa con el nuevo sencillo &#8216;Lavender&#8217;\"}]},{\"@type\":\"WebSite\",\"@id\":\"https:\/\/web.consaguirre.com.ar\/noticias\/#website\",\"url\":\"https:\/\/web.consaguirre.com.ar\/noticias\/\",\"name\":\"Conservatorio de M\u00fasica Juli\u00e1n Aguirre\",\"description\":\"\",\"publisher\":{\"@id\":\"https:\/\/web.consaguirre.com.ar\/noticias\/#organization\"},\"potentialAction\":[{\"@type\":\"SearchAction\",\"target\":{\"@type\":\"EntryPoint\",\"urlTemplate\":\"https:\/\/web.consaguirre.com.ar\/noticias\/?s={search_term_string}\"},\"query-input\":\"required name=search_term_string\"}],\"inLanguage\":\"es-AR\"},{\"@type\":\"Organization\",\"@id\":\"https:\/\/web.consaguirre.com.ar\/noticias\/#organization\",\"name\":\"Conservatorio de M\u00fasica Juli\u00e1n Aguirre\",\"url\":\"https:\/\/web.consaguirre.com.ar\/noticias\/\",\"logo\":{\"@type\":\"ImageObject\",\"inLanguage\":\"es-AR\",\"@id\":\"https:\/\/web.consaguirre.com.ar\/noticias\/#\/schema\/logo\/image\/\",\"url\":\"https:\/\/web.consaguirre.com.ar\/noticias\/wp-content\/uploads\/2024\/08\/Banner-Aguirre-23.jpg\",\"contentUrl\":\"https:\/\/web.consaguirre.com.ar\/noticias\/wp-content\/uploads\/2024\/08\/Banner-Aguirre-23.jpg\",\"width\":1192,\"height\":600,\"caption\":\"Conservatorio de M\u00fasica Juli\u00e1n Aguirre\"},\"image\":{\"@id\":\"https:\/\/web.consaguirre.com.ar\/noticias\/#\/schema\/logo\/image\/\"}},{\"@type\":\"Person\",\"@id\":\"https:\/\/web.consaguirre.com.ar\/noticias\/#\/schema\/person\/6558b0cfedee7ddc5425602b237d5722\",\"name\":\"Javier Figueroa\",\"image\":{\"@type\":\"ImageObject\",\"inLanguage\":\"es-AR\",\"@id\":\"https:\/\/web.consaguirre.com.ar\/noticias\/#\/schema\/person\/image\/\",\"url\":\"https:\/\/web.consaguirre.com.ar\/noticias\/wp-content\/uploads\/2024\/08\/Consaguirre-scaled.jpg\",\"contentUrl\":\"https:\/\/web.consaguirre.com.ar\/noticias\/wp-content\/uploads\/2024\/08\/Consaguirre-scaled.jpg\",\"caption\":\"Javier Figueroa\"},\"description\":\"Me llamo Javier Figueroa y soy redactor para el sitio oficial del Conservatorio de M\u00fasica Juli\u00e1n Aguirre en Buenos Aires, consaguirre.com. Apasionado por la m\u00fasica y la escritura, me esfuerzo por destacar los talentos y eventos de nuestra prestigiosa instituci\u00f3n. Mi trayectoria se nutre de una profunda admiraci\u00f3n por los artistas, haciendo de cada art\u00edculo una celebraci\u00f3n de la creatividad y la cultura musical.\",\"sameAs\":[\"https:\/\/web.consaguirre.com.ar\/noticias\"]}]}<\/script>\n<!-- \/ Yoast SEO plugin. -->","yoast_head_json":{"title":"Landon Smith regresa con el nuevo sencillo 'Lavender'","robots":{"index":"index","follow":"follow","max-snippet":"max-snippet:-1","max-image-preview":"max-image-preview:large","max-video-preview":"max-video-preview:-1"},"canonical":"https:\/\/web.consaguirre.com.ar\/noticias\/landon-smith-regresa-con-el-nuevo-sencillo-lavender\/","og_locale":"es_ES","og_type":"article","og_title":"Landon Smith regresa con el nuevo sencillo 'Lavender'","og_description":"Landon Smith ha regresado con su nuevo sencillo \u201cLavender\u201d, ya disponible a trav\u00e9s de Lucille Records\/MCA. El lanzamiento marca la primera m\u00fasica nueva de Smith","og_url":"https:\/\/web.consaguirre.com.ar\/noticias\/landon-smith-regresa-con-el-nuevo-sencillo-lavender\/","og_site_name":"Conservatorio de M\u00fasica Juli\u00e1n Aguirre","article_published_time":"2026-04-07T08:38:53+00:00","article_modified_time":"2026-04-07T08:38:54+00:00","og_image":[{"width":820,"height":820,"url":"https:\/\/web.consaguirre.com.ar\/noticias\/wp-content\/uploads\/2026\/04\/Landon-Smith-regresa-con-el-nuevo-sencillo-Lavender.jpg","type":"image\/jpeg"}],"author":"Javier Figueroa","twitter_card":"summary_large_image","twitter_misc":{"Escrito por":"Javier Figueroa","Tiempo de lectura":"2 minutos"},"schema":{"@context":"https:\/\/schema.org","@graph":[{"@type":"Article","@id":"https:\/\/web.consaguirre.com.ar\/noticias\/landon-smith-regresa-con-el-nuevo-sencillo-lavender\/#article","isPartOf":{"@id":"https:\/\/web.consaguirre.com.ar\/noticias\/landon-smith-regresa-con-el-nuevo-sencillo-lavender\/"},"author":{"name":"Javier Figueroa","@id":"https:\/\/web.consaguirre.com.ar\/noticias\/#\/schema\/person\/6558b0cfedee7ddc5425602b237d5722"},"headline":"Landon Smith regresa con el nuevo sencillo &#8216;Lavender&#8217;","datePublished":"2026-04-07T08:38:53+00:00","dateModified":"2026-04-07T08:38:54+00:00","mainEntityOfPage":{"@id":"https:\/\/web.consaguirre.com.ar\/noticias\/landon-smith-regresa-con-el-nuevo-sencillo-lavender\/"},"wordCount":425,"publisher":{"@id":"https:\/\/web.consaguirre.com.ar\/noticias\/#organization"},"image":{"@id":"https:\/\/web.consaguirre.com.ar\/noticias\/landon-smith-regresa-con-el-nuevo-sencillo-lavender\/#primaryimage"},"thumbnailUrl":"https:\/\/web.consaguirre.com.ar\/noticias\/wp-content\/uploads\/2026\/04\/Landon-Smith-regresa-con-el-nuevo-sencillo-Lavender.jpg","keywords":["con","Landon","Lavender","nuevo","regresa","sencillo","Smith"],"articleSection":["El \u00faltimo"],"inLanguage":"es-AR"},{"@type":"WebPage","@id":"https:\/\/web.consaguirre.com.ar\/noticias\/landon-smith-regresa-con-el-nuevo-sencillo-lavender\/","url":"https:\/\/web.consaguirre.com.ar\/noticias\/landon-smith-regresa-con-el-nuevo-sencillo-lavender\/","name":"Landon Smith regresa con el nuevo sencillo 'Lavender'","isPartOf":{"@id":"https:\/\/web.consaguirre.com.ar\/noticias\/#website"},"primaryImageOfPage":{"@id":"https:\/\/web.consaguirre.com.ar\/noticias\/landon-smith-regresa-con-el-nuevo-sencillo-lavender\/#primaryimage"},"image":{"@id":"https:\/\/web.consaguirre.com.ar\/noticias\/landon-smith-regresa-con-el-nuevo-sencillo-lavender\/#primaryimage"},"thumbnailUrl":"https:\/\/web.consaguirre.com.ar\/noticias\/wp-content\/uploads\/2026\/04\/Landon-Smith-regresa-con-el-nuevo-sencillo-Lavender.jpg","datePublished":"2026-04-07T08:38:53+00:00","dateModified":"2026-04-07T08:38:54+00:00","breadcrumb":{"@id":"https:\/\/web.consaguirre.com.ar\/noticias\/landon-smith-regresa-con-el-nuevo-sencillo-lavender\/#breadcrumb"},"inLanguage":"es-AR","potentialAction":[{"@type":"ReadAction","target":["https:\/\/web.consaguirre.com.ar\/noticias\/landon-smith-regresa-con-el-nuevo-sencillo-lavender\/"]}]},{"@type":"ImageObject","inLanguage":"es-AR","@id":"https:\/\/web.consaguirre.com.ar\/noticias\/landon-smith-regresa-con-el-nuevo-sencillo-lavender\/#primaryimage","url":"https:\/\/web.consaguirre.com.ar\/noticias\/wp-content\/uploads\/2026\/04\/Landon-Smith-regresa-con-el-nuevo-sencillo-Lavender.jpg","contentUrl":"https:\/\/web.consaguirre.com.ar\/noticias\/wp-content\/uploads\/2026\/04\/Landon-Smith-regresa-con-el-nuevo-sencillo-Lavender.jpg","width":820,"height":820,"caption":"Landon Smith Lavender"},{"@type":"BreadcrumbList","@id":"https:\/\/web.consaguirre.com.ar\/noticias\/landon-smith-regresa-con-el-nuevo-sencillo-lavender\/#breadcrumb","itemListElement":[{"@type":"ListItem","position":1,"name":"Inicio","item":"https:\/\/web.consaguirre.com.ar\/noticias\/"},{"@type":"ListItem","position":2,"name":"Landon Smith regresa con el nuevo sencillo &#8216;Lavender&#8217;"}]},{"@type":"WebSite","@id":"https:\/\/web.consaguirre.com.ar\/noticias\/#website","url":"https:\/\/web.consaguirre.com.ar\/noticias\/","name":"Conservatorio de M\u00fasica Juli\u00e1n Aguirre","description":"","publisher":{"@id":"https:\/\/web.consaguirre.com.ar\/noticias\/#organization"},"potentialAction":[{"@type":"SearchAction","target":{"@type":"EntryPoint","urlTemplate":"https:\/\/web.consaguirre.com.ar\/noticias\/?s={search_term_string}"},"query-input":"required name=search_term_string"}],"inLanguage":"es-AR"},{"@type":"Organization","@id":"https:\/\/web.consaguirre.com.ar\/noticias\/#organization","name":"Conservatorio de M\u00fasica Juli\u00e1n Aguirre","url":"https:\/\/web.consaguirre.com.ar\/noticias\/","logo":{"@type":"ImageObject","inLanguage":"es-AR","@id":"https:\/\/web.consaguirre.com.ar\/noticias\/#\/schema\/logo\/image\/","url":"https:\/\/web.consaguirre.com.ar\/noticias\/wp-content\/uploads\/2024\/08\/Banner-Aguirre-23.jpg","contentUrl":"https:\/\/web.consaguirre.com.ar\/noticias\/wp-content\/uploads\/2024\/08\/Banner-Aguirre-23.jpg","width":1192,"height":600,"caption":"Conservatorio de M\u00fasica Juli\u00e1n Aguirre"},"image":{"@id":"https:\/\/web.consaguirre.com.ar\/noticias\/#\/schema\/logo\/image\/"}},{"@type":"Person","@id":"https:\/\/web.consaguirre.com.ar\/noticias\/#\/schema\/person\/6558b0cfedee7ddc5425602b237d5722","name":"Javier Figueroa","image":{"@type":"ImageObject","inLanguage":"es-AR","@id":"https:\/\/web.consaguirre.com.ar\/noticias\/#\/schema\/person\/image\/","url":"https:\/\/web.consaguirre.com.ar\/noticias\/wp-content\/uploads\/2024\/08\/Consaguirre-scaled.jpg","contentUrl":"https:\/\/web.consaguirre.com.ar\/noticias\/wp-content\/uploads\/2024\/08\/Consaguirre-scaled.jpg","caption":"Javier Figueroa"},"description":"Me llamo Javier Figueroa y soy redactor para el sitio oficial del Conservatorio de M\u00fasica Juli\u00e1n Aguirre en Buenos Aires, consaguirre.com. Apasionado por la m\u00fasica y la escritura, me esfuerzo por destacar los talentos y eventos de nuestra prestigiosa instituci\u00f3n. Mi trayectoria se nutre de una profunda admiraci\u00f3n por los artistas, haciendo de cada art\u00edculo una celebraci\u00f3n de la creatividad y la cultura musical.","sameAs":["https:\/\/web.consaguirre.com.ar\/noticias"]}]}},"_links":{"self":[{"href":"https:\/\/web.consaguirre.com.ar\/noticias\/wp-json\/wp\/v2\/posts\/5575"}],"collection":[{"href":"https:\/\/web.consaguirre.com.ar\/noticias\/wp-json\/wp\/v2\/posts"}],"about":[{"href":"https:\/\/web.consaguirre.com.ar\/noticias\/wp-json\/wp\/v2\/types\/post"}],"author":[{"embeddable":true,"href":"https:\/\/web.consaguirre.com.ar\/noticias\/wp-json\/wp\/v2\/users\/1"}],"replies":[{"embeddable":true,"href":"https:\/\/web.consaguirre.com.ar\/noticias\/wp-json\/wp\/v2\/comments?post=5575"}],"version-history":[{"count":1,"href":"https:\/\/web.consaguirre.com.ar\/noticias\/wp-json\/wp\/v2\/posts\/5575\/revisions"}],"predecessor-version":[{"id":5577,"href":"https:\/\/web.consaguirre.com.ar\/noticias\/wp-json\/wp\/v2\/posts\/5575\/revisions\/5577"}],"wp:featuredmedia":[{"embeddable":true,"href":"https:\/\/web.consaguirre.com.ar\/noticias\/wp-json\/wp\/v2\/media\/5576"}],"wp:attachment":[{"href":"https:\/\/web.consaguirre.com.ar\/noticias\/wp-json\/wp\/v2\/media?parent=5575"}],"wp:term":[{"taxonomy":"category","embeddable":true,"href":"https:\/\/web.consaguirre.com.ar\/noticias\/wp-json\/wp\/v2\/categories?post=5575"},{"taxonomy":"post_tag","embeddable":true,"href":"https:\/\/web.consaguirre.com.ar\/noticias\/wp-json\/wp\/v2\/tags?post=5575"}],"curies":[{"name":"wp","href":"https:\/\/api.w.org\/{rel}","templated":true}]}}