{"id":5572,"date":"2026-04-07T02:39:22","date_gmt":"2026-04-07T05:39:22","guid":{"rendered":"https:\/\/web.consaguirre.com.ar\/noticias\/u2-comparte-ep-easter-lily\/"},"modified":"2026-04-07T02:39:23","modified_gmt":"2026-04-07T05:39:23","slug":"u2-comparte-ep-easter-lily","status":"publish","type":"post","link":"https:\/\/web.consaguirre.com.ar\/noticias\/u2-comparte-ep-easter-lily\/","title":{"rendered":"U2 comparte EP &#8216;Easter Lily&#8217;"},"content":{"rendered":"<p>Mientras U2 contin\u00faa trabajando en un nuevo \u00e1lbum de estudio, lanzaron un nuevo EP. <em>lirio de pascua<\/em> es una nueva colecci\u00f3n independiente de 6 pistas y sigue la del mes pasado <em>D\u00edas de ceniza<\/em> EP, lanzado el Mi\u00e9rcoles de Ceniza.<\/p>\n<p>las canciones en <em>lirio de pascua<\/em> Explore temas de amistad, p\u00e9rdida, esperanza y renovaci\u00f3n. Entre ellos se encuentran el devocional \u201cDesfile de Pascua\u201d y el cuento de peregrinaci\u00f3n \u201cCanto de la Resurrecci\u00f3n\u201d. \u201cSong for Hal\u201d es un lamento del encierro por COVID-19, con The Edge como voz principal, escrito para el amigo de la banda, el m\u00fasico Hal Willner, quien habr\u00eda cumplido 70 a\u00f1os el lunes de Pascua y falleci\u00f3 hace casi 6 a\u00f1os. \u201cCOEXIST (I Will Bless The Lord At All Times?)\u201d es una canci\u00f3n de cuna para padres de ni\u00f1os atrapados en la guerra, con un paisaje sonoro de Brian Eno.<\/p>\n<div class=\"uD-YT-container\"><img decoding=\"async\" src=\"https:\/\/web.consaguirre.com.ar\/noticias\/wp-content\/uploads\/2026\/04\/1775540362_667_U2-comparte-EP-Easter-Lily.jpg\" alt=\"V\u00eddeo de YouTube\"><br \/>Haga clic para cargar v\u00eddeo<\/div>\n<p>En una nota a la audiencia de U2, Bono dijo: &#8220;Estamos en el estudio, todav\u00eda trabajando en un \u00e1lbum ruidoso, desordenado, &#8216;irrazonablemente colorido&#8217; para tocar EN VIVO&#8230; que es donde vive U2. Todav\u00eda miramos el rock n roll v\u00edvido como un acto de resistencia contra todo este horror en nuestras pantallas peque\u00f1as. Estos son sin duda &#8216;a\u00f1os salvajes&#8217; para muchos de nosotros que miramos el caos que hay en el mundo. Es un momento en el que nuestra banda profundiza en nuestro vive para encontrar una fuente de canciones para tratar de afrontar el momento\u2026 Con Easter Lily terminamos haciendo preguntas muy personales como: \u00bfEst\u00e1n nuestras propias relaciones a la altura de estos tiempos dif\u00edciles? \u00bfQu\u00e9 tan duro luchamos por la amistad? \u00bfPuede nuestra fe sobrevivir a la destrucci\u00f3n del significado que esos algoritmos aman recompensar? su promesa de renacimiento y renovaci\u00f3n&#8230; El \u00e1lbum Easter de Patti Smith me dio muchas esperanzas cuando se lanz\u00f3 en 1978. Todav\u00eda no ten\u00eda 18 a\u00f1os. El t\u00edtulo es un gui\u00f1o a ella. Intentaremos hacer alboroto y fanfarria en una fecha posterior para recordarle al resto del mundo que existimos, pero mientras tanto&#8230; esto es entre t\u00fa y nosotros\u201d.<\/p>\n<p>El <em>lirio de pascua<\/em> El EP va acompa\u00f1ado de otra edici\u00f3n especial de revista electr\u00f3nica digital de <em>Propaganda<\/em>que debut\u00f3 hace cuarenta a\u00f1os, en febrero de 1986. Este n\u00famero presenta contribuciones de los cuatro miembros de la banda, incluidas notas de portada de The Edge; Adam Clayton sobre el arte y el viaje de recuperaci\u00f3n; una conversaci\u00f3n entre Bono y el fraile franciscano Richard Rohr; y fotograf\u00edas en el estudio tomadas por Larry Mullen Jr. La revista electr\u00f3nica tambi\u00e9n incluye letras de canciones; un art\u00edculo sobre su productor, Jacknife Lee; un art\u00edculo sobre Hal Willner escrito por su amigo Gavin Friday; y m\u00e1s.<\/p>\n<p><b>Comprar U2 <em>lirio de pascua<\/em> aqu\u00ed.<\/b><\/p>\n","protected":false},"excerpt":{"rendered":"<p>Mientras U2 contin\u00faa trabajando en un nuevo \u00e1lbum de estudio, lanzaron un nuevo EP. lirio de pascua es una nueva colecci\u00f3n independiente de 6 pistas<\/p>\n","protected":false},"author":1,"featured_media":5573,"comment_status":"closed","ping_status":"","sticky":false,"template":"","format":"standard","meta":{"footnotes":""},"categories":[50],"tags":[201,4084,4085],"class_list":["post-5572","post","type-post","status-publish","format-standard","has-post-thumbnail","hentry","category-el-ultimo","tag-comparte","tag-easter","tag-lily","generate-columns","tablet-grid-50","mobile-grid-100","grid-parent","grid-50"],"yoast_head":"<!-- This site is optimized with the Yoast SEO plugin v23.3 - https:\/\/yoast.com\/wordpress\/plugins\/seo\/ -->\n<title>U2 comparte EP &#039;Easter Lily&#039;<\/title>\n<meta name=\"robots\" content=\"index, follow, max-snippet:-1, max-image-preview:large, max-video-preview:-1\" \/>\n<link rel=\"canonical\" href=\"https:\/\/web.consaguirre.com.ar\/noticias\/u2-comparte-ep-easter-lily\/\" \/>\n<meta property=\"og:locale\" content=\"es_ES\" \/>\n<meta property=\"og:type\" content=\"article\" \/>\n<meta property=\"og:title\" content=\"U2 comparte EP &#039;Easter Lily&#039;\" \/>\n<meta property=\"og:description\" content=\"Mientras U2 contin\u00faa trabajando en un nuevo \u00e1lbum de estudio, lanzaron un nuevo EP. lirio de pascua es una nueva colecci\u00f3n independiente de 6 pistas\" \/>\n<meta property=\"og:url\" content=\"https:\/\/web.consaguirre.com.ar\/noticias\/u2-comparte-ep-easter-lily\/\" \/>\n<meta property=\"og:site_name\" content=\"Conservatorio de M\u00fasica Juli\u00e1n Aguirre\" \/>\n<meta property=\"article:published_time\" content=\"2026-04-07T05:39:22+00:00\" \/>\n<meta property=\"article:modified_time\" content=\"2026-04-07T05:39:23+00:00\" \/>\n<meta property=\"og:image\" content=\"https:\/\/web.consaguirre.com.ar\/noticias\/wp-content\/uploads\/2026\/04\/U2-comparte-EP-Easter-Lily.jpg\" \/>\n\t<meta property=\"og:image:width\" content=\"820\" \/>\n\t<meta property=\"og:image:height\" content=\"820\" \/>\n\t<meta property=\"og:image:type\" content=\"image\/jpeg\" \/>\n<meta name=\"author\" content=\"Javier Figueroa\" \/>\n<meta name=\"twitter:card\" content=\"summary_large_image\" \/>\n<meta name=\"twitter:label1\" content=\"Escrito por\" \/>\n\t<meta name=\"twitter:data1\" content=\"Javier Figueroa\" \/>\n\t<meta name=\"twitter:label2\" content=\"Tiempo de lectura\" \/>\n\t<meta name=\"twitter:data2\" content=\"2 minutos\" \/>\n<script type=\"application\/ld+json\" class=\"yoast-schema-graph\">{\"@context\":\"https:\/\/schema.org\",\"@graph\":[{\"@type\":\"Article\",\"@id\":\"https:\/\/web.consaguirre.com.ar\/noticias\/u2-comparte-ep-easter-lily\/#article\",\"isPartOf\":{\"@id\":\"https:\/\/web.consaguirre.com.ar\/noticias\/u2-comparte-ep-easter-lily\/\"},\"author\":{\"name\":\"Javier Figueroa\",\"@id\":\"https:\/\/web.consaguirre.com.ar\/noticias\/#\/schema\/person\/6558b0cfedee7ddc5425602b237d5722\"},\"headline\":\"U2 comparte EP &#8216;Easter Lily&#8217;\",\"datePublished\":\"2026-04-07T05:39:22+00:00\",\"dateModified\":\"2026-04-07T05:39:23+00:00\",\"mainEntityOfPage\":{\"@id\":\"https:\/\/web.consaguirre.com.ar\/noticias\/u2-comparte-ep-easter-lily\/\"},\"wordCount\":492,\"publisher\":{\"@id\":\"https:\/\/web.consaguirre.com.ar\/noticias\/#organization\"},\"image\":{\"@id\":\"https:\/\/web.consaguirre.com.ar\/noticias\/u2-comparte-ep-easter-lily\/#primaryimage\"},\"thumbnailUrl\":\"https:\/\/web.consaguirre.com.ar\/noticias\/wp-content\/uploads\/2026\/04\/U2-comparte-EP-Easter-Lily.jpg\",\"keywords\":[\"comparte\",\"Easter\",\"Lily\"],\"articleSection\":[\"El \u00faltimo\"],\"inLanguage\":\"es-AR\"},{\"@type\":\"WebPage\",\"@id\":\"https:\/\/web.consaguirre.com.ar\/noticias\/u2-comparte-ep-easter-lily\/\",\"url\":\"https:\/\/web.consaguirre.com.ar\/noticias\/u2-comparte-ep-easter-lily\/\",\"name\":\"U2 comparte EP 'Easter Lily'\",\"isPartOf\":{\"@id\":\"https:\/\/web.consaguirre.com.ar\/noticias\/#website\"},\"primaryImageOfPage\":{\"@id\":\"https:\/\/web.consaguirre.com.ar\/noticias\/u2-comparte-ep-easter-lily\/#primaryimage\"},\"image\":{\"@id\":\"https:\/\/web.consaguirre.com.ar\/noticias\/u2-comparte-ep-easter-lily\/#primaryimage\"},\"thumbnailUrl\":\"https:\/\/web.consaguirre.com.ar\/noticias\/wp-content\/uploads\/2026\/04\/U2-comparte-EP-Easter-Lily.jpg\",\"datePublished\":\"2026-04-07T05:39:22+00:00\",\"dateModified\":\"2026-04-07T05:39:23+00:00\",\"breadcrumb\":{\"@id\":\"https:\/\/web.consaguirre.com.ar\/noticias\/u2-comparte-ep-easter-lily\/#breadcrumb\"},\"inLanguage\":\"es-AR\",\"potentialAction\":[{\"@type\":\"ReadAction\",\"target\":[\"https:\/\/web.consaguirre.com.ar\/noticias\/u2-comparte-ep-easter-lily\/\"]}]},{\"@type\":\"ImageObject\",\"inLanguage\":\"es-AR\",\"@id\":\"https:\/\/web.consaguirre.com.ar\/noticias\/u2-comparte-ep-easter-lily\/#primaryimage\",\"url\":\"https:\/\/web.consaguirre.com.ar\/noticias\/wp-content\/uploads\/2026\/04\/U2-comparte-EP-Easter-Lily.jpg\",\"contentUrl\":\"https:\/\/web.consaguirre.com.ar\/noticias\/wp-content\/uploads\/2026\/04\/U2-comparte-EP-Easter-Lily.jpg\",\"width\":820,\"height\":820,\"caption\":\"U2 Easter Lily EP\"},{\"@type\":\"BreadcrumbList\",\"@id\":\"https:\/\/web.consaguirre.com.ar\/noticias\/u2-comparte-ep-easter-lily\/#breadcrumb\",\"itemListElement\":[{\"@type\":\"ListItem\",\"position\":1,\"name\":\"Inicio\",\"item\":\"https:\/\/web.consaguirre.com.ar\/noticias\/\"},{\"@type\":\"ListItem\",\"position\":2,\"name\":\"U2 comparte EP &#8216;Easter Lily&#8217;\"}]},{\"@type\":\"WebSite\",\"@id\":\"https:\/\/web.consaguirre.com.ar\/noticias\/#website\",\"url\":\"https:\/\/web.consaguirre.com.ar\/noticias\/\",\"name\":\"Conservatorio de M\u00fasica Juli\u00e1n Aguirre\",\"description\":\"\",\"publisher\":{\"@id\":\"https:\/\/web.consaguirre.com.ar\/noticias\/#organization\"},\"potentialAction\":[{\"@type\":\"SearchAction\",\"target\":{\"@type\":\"EntryPoint\",\"urlTemplate\":\"https:\/\/web.consaguirre.com.ar\/noticias\/?s={search_term_string}\"},\"query-input\":\"required name=search_term_string\"}],\"inLanguage\":\"es-AR\"},{\"@type\":\"Organization\",\"@id\":\"https:\/\/web.consaguirre.com.ar\/noticias\/#organization\",\"name\":\"Conservatorio de M\u00fasica Juli\u00e1n Aguirre\",\"url\":\"https:\/\/web.consaguirre.com.ar\/noticias\/\",\"logo\":{\"@type\":\"ImageObject\",\"inLanguage\":\"es-AR\",\"@id\":\"https:\/\/web.consaguirre.com.ar\/noticias\/#\/schema\/logo\/image\/\",\"url\":\"https:\/\/web.consaguirre.com.ar\/noticias\/wp-content\/uploads\/2024\/08\/Banner-Aguirre-23.jpg\",\"contentUrl\":\"https:\/\/web.consaguirre.com.ar\/noticias\/wp-content\/uploads\/2024\/08\/Banner-Aguirre-23.jpg\",\"width\":1192,\"height\":600,\"caption\":\"Conservatorio de M\u00fasica Juli\u00e1n Aguirre\"},\"image\":{\"@id\":\"https:\/\/web.consaguirre.com.ar\/noticias\/#\/schema\/logo\/image\/\"}},{\"@type\":\"Person\",\"@id\":\"https:\/\/web.consaguirre.com.ar\/noticias\/#\/schema\/person\/6558b0cfedee7ddc5425602b237d5722\",\"name\":\"Javier Figueroa\",\"image\":{\"@type\":\"ImageObject\",\"inLanguage\":\"es-AR\",\"@id\":\"https:\/\/web.consaguirre.com.ar\/noticias\/#\/schema\/person\/image\/\",\"url\":\"https:\/\/web.consaguirre.com.ar\/noticias\/wp-content\/uploads\/2024\/08\/Consaguirre-scaled.jpg\",\"contentUrl\":\"https:\/\/web.consaguirre.com.ar\/noticias\/wp-content\/uploads\/2024\/08\/Consaguirre-scaled.jpg\",\"caption\":\"Javier Figueroa\"},\"description\":\"Me llamo Javier Figueroa y soy redactor para el sitio oficial del Conservatorio de M\u00fasica Juli\u00e1n Aguirre en Buenos Aires, consaguirre.com. Apasionado por la m\u00fasica y la escritura, me esfuerzo por destacar los talentos y eventos de nuestra prestigiosa instituci\u00f3n. Mi trayectoria se nutre de una profunda admiraci\u00f3n por los artistas, haciendo de cada art\u00edculo una celebraci\u00f3n de la creatividad y la cultura musical.\",\"sameAs\":[\"https:\/\/web.consaguirre.com.ar\/noticias\"]}]}<\/script>\n<!-- \/ Yoast SEO plugin. -->","yoast_head_json":{"title":"U2 comparte EP 'Easter Lily'","robots":{"index":"index","follow":"follow","max-snippet":"max-snippet:-1","max-image-preview":"max-image-preview:large","max-video-preview":"max-video-preview:-1"},"canonical":"https:\/\/web.consaguirre.com.ar\/noticias\/u2-comparte-ep-easter-lily\/","og_locale":"es_ES","og_type":"article","og_title":"U2 comparte EP 'Easter Lily'","og_description":"Mientras U2 contin\u00faa trabajando en un nuevo \u00e1lbum de estudio, lanzaron un nuevo EP. lirio de pascua es una nueva colecci\u00f3n independiente de 6 pistas","og_url":"https:\/\/web.consaguirre.com.ar\/noticias\/u2-comparte-ep-easter-lily\/","og_site_name":"Conservatorio de M\u00fasica Juli\u00e1n Aguirre","article_published_time":"2026-04-07T05:39:22+00:00","article_modified_time":"2026-04-07T05:39:23+00:00","og_image":[{"width":820,"height":820,"url":"https:\/\/web.consaguirre.com.ar\/noticias\/wp-content\/uploads\/2026\/04\/U2-comparte-EP-Easter-Lily.jpg","type":"image\/jpeg"}],"author":"Javier Figueroa","twitter_card":"summary_large_image","twitter_misc":{"Escrito por":"Javier Figueroa","Tiempo de lectura":"2 minutos"},"schema":{"@context":"https:\/\/schema.org","@graph":[{"@type":"Article","@id":"https:\/\/web.consaguirre.com.ar\/noticias\/u2-comparte-ep-easter-lily\/#article","isPartOf":{"@id":"https:\/\/web.consaguirre.com.ar\/noticias\/u2-comparte-ep-easter-lily\/"},"author":{"name":"Javier Figueroa","@id":"https:\/\/web.consaguirre.com.ar\/noticias\/#\/schema\/person\/6558b0cfedee7ddc5425602b237d5722"},"headline":"U2 comparte EP &#8216;Easter Lily&#8217;","datePublished":"2026-04-07T05:39:22+00:00","dateModified":"2026-04-07T05:39:23+00:00","mainEntityOfPage":{"@id":"https:\/\/web.consaguirre.com.ar\/noticias\/u2-comparte-ep-easter-lily\/"},"wordCount":492,"publisher":{"@id":"https:\/\/web.consaguirre.com.ar\/noticias\/#organization"},"image":{"@id":"https:\/\/web.consaguirre.com.ar\/noticias\/u2-comparte-ep-easter-lily\/#primaryimage"},"thumbnailUrl":"https:\/\/web.consaguirre.com.ar\/noticias\/wp-content\/uploads\/2026\/04\/U2-comparte-EP-Easter-Lily.jpg","keywords":["comparte","Easter","Lily"],"articleSection":["El \u00faltimo"],"inLanguage":"es-AR"},{"@type":"WebPage","@id":"https:\/\/web.consaguirre.com.ar\/noticias\/u2-comparte-ep-easter-lily\/","url":"https:\/\/web.consaguirre.com.ar\/noticias\/u2-comparte-ep-easter-lily\/","name":"U2 comparte EP 'Easter Lily'","isPartOf":{"@id":"https:\/\/web.consaguirre.com.ar\/noticias\/#website"},"primaryImageOfPage":{"@id":"https:\/\/web.consaguirre.com.ar\/noticias\/u2-comparte-ep-easter-lily\/#primaryimage"},"image":{"@id":"https:\/\/web.consaguirre.com.ar\/noticias\/u2-comparte-ep-easter-lily\/#primaryimage"},"thumbnailUrl":"https:\/\/web.consaguirre.com.ar\/noticias\/wp-content\/uploads\/2026\/04\/U2-comparte-EP-Easter-Lily.jpg","datePublished":"2026-04-07T05:39:22+00:00","dateModified":"2026-04-07T05:39:23+00:00","breadcrumb":{"@id":"https:\/\/web.consaguirre.com.ar\/noticias\/u2-comparte-ep-easter-lily\/#breadcrumb"},"inLanguage":"es-AR","potentialAction":[{"@type":"ReadAction","target":["https:\/\/web.consaguirre.com.ar\/noticias\/u2-comparte-ep-easter-lily\/"]}]},{"@type":"ImageObject","inLanguage":"es-AR","@id":"https:\/\/web.consaguirre.com.ar\/noticias\/u2-comparte-ep-easter-lily\/#primaryimage","url":"https:\/\/web.consaguirre.com.ar\/noticias\/wp-content\/uploads\/2026\/04\/U2-comparte-EP-Easter-Lily.jpg","contentUrl":"https:\/\/web.consaguirre.com.ar\/noticias\/wp-content\/uploads\/2026\/04\/U2-comparte-EP-Easter-Lily.jpg","width":820,"height":820,"caption":"U2 Easter Lily EP"},{"@type":"BreadcrumbList","@id":"https:\/\/web.consaguirre.com.ar\/noticias\/u2-comparte-ep-easter-lily\/#breadcrumb","itemListElement":[{"@type":"ListItem","position":1,"name":"Inicio","item":"https:\/\/web.consaguirre.com.ar\/noticias\/"},{"@type":"ListItem","position":2,"name":"U2 comparte EP &#8216;Easter Lily&#8217;"}]},{"@type":"WebSite","@id":"https:\/\/web.consaguirre.com.ar\/noticias\/#website","url":"https:\/\/web.consaguirre.com.ar\/noticias\/","name":"Conservatorio de M\u00fasica Juli\u00e1n Aguirre","description":"","publisher":{"@id":"https:\/\/web.consaguirre.com.ar\/noticias\/#organization"},"potentialAction":[{"@type":"SearchAction","target":{"@type":"EntryPoint","urlTemplate":"https:\/\/web.consaguirre.com.ar\/noticias\/?s={search_term_string}"},"query-input":"required name=search_term_string"}],"inLanguage":"es-AR"},{"@type":"Organization","@id":"https:\/\/web.consaguirre.com.ar\/noticias\/#organization","name":"Conservatorio de M\u00fasica Juli\u00e1n Aguirre","url":"https:\/\/web.consaguirre.com.ar\/noticias\/","logo":{"@type":"ImageObject","inLanguage":"es-AR","@id":"https:\/\/web.consaguirre.com.ar\/noticias\/#\/schema\/logo\/image\/","url":"https:\/\/web.consaguirre.com.ar\/noticias\/wp-content\/uploads\/2024\/08\/Banner-Aguirre-23.jpg","contentUrl":"https:\/\/web.consaguirre.com.ar\/noticias\/wp-content\/uploads\/2024\/08\/Banner-Aguirre-23.jpg","width":1192,"height":600,"caption":"Conservatorio de M\u00fasica Juli\u00e1n Aguirre"},"image":{"@id":"https:\/\/web.consaguirre.com.ar\/noticias\/#\/schema\/logo\/image\/"}},{"@type":"Person","@id":"https:\/\/web.consaguirre.com.ar\/noticias\/#\/schema\/person\/6558b0cfedee7ddc5425602b237d5722","name":"Javier Figueroa","image":{"@type":"ImageObject","inLanguage":"es-AR","@id":"https:\/\/web.consaguirre.com.ar\/noticias\/#\/schema\/person\/image\/","url":"https:\/\/web.consaguirre.com.ar\/noticias\/wp-content\/uploads\/2024\/08\/Consaguirre-scaled.jpg","contentUrl":"https:\/\/web.consaguirre.com.ar\/noticias\/wp-content\/uploads\/2024\/08\/Consaguirre-scaled.jpg","caption":"Javier Figueroa"},"description":"Me llamo Javier Figueroa y soy redactor para el sitio oficial del Conservatorio de M\u00fasica Juli\u00e1n Aguirre en Buenos Aires, consaguirre.com. Apasionado por la m\u00fasica y la escritura, me esfuerzo por destacar los talentos y eventos de nuestra prestigiosa instituci\u00f3n. Mi trayectoria se nutre de una profunda admiraci\u00f3n por los artistas, haciendo de cada art\u00edculo una celebraci\u00f3n de la creatividad y la cultura musical.","sameAs":["https:\/\/web.consaguirre.com.ar\/noticias"]}]}},"_links":{"self":[{"href":"https:\/\/web.consaguirre.com.ar\/noticias\/wp-json\/wp\/v2\/posts\/5572"}],"collection":[{"href":"https:\/\/web.consaguirre.com.ar\/noticias\/wp-json\/wp\/v2\/posts"}],"about":[{"href":"https:\/\/web.consaguirre.com.ar\/noticias\/wp-json\/wp\/v2\/types\/post"}],"author":[{"embeddable":true,"href":"https:\/\/web.consaguirre.com.ar\/noticias\/wp-json\/wp\/v2\/users\/1"}],"replies":[{"embeddable":true,"href":"https:\/\/web.consaguirre.com.ar\/noticias\/wp-json\/wp\/v2\/comments?post=5572"}],"version-history":[{"count":1,"href":"https:\/\/web.consaguirre.com.ar\/noticias\/wp-json\/wp\/v2\/posts\/5572\/revisions"}],"predecessor-version":[{"id":5574,"href":"https:\/\/web.consaguirre.com.ar\/noticias\/wp-json\/wp\/v2\/posts\/5572\/revisions\/5574"}],"wp:featuredmedia":[{"embeddable":true,"href":"https:\/\/web.consaguirre.com.ar\/noticias\/wp-json\/wp\/v2\/media\/5573"}],"wp:attachment":[{"href":"https:\/\/web.consaguirre.com.ar\/noticias\/wp-json\/wp\/v2\/media?parent=5572"}],"wp:term":[{"taxonomy":"category","embeddable":true,"href":"https:\/\/web.consaguirre.com.ar\/noticias\/wp-json\/wp\/v2\/categories?post=5572"},{"taxonomy":"post_tag","embeddable":true,"href":"https:\/\/web.consaguirre.com.ar\/noticias\/wp-json\/wp\/v2\/tags?post=5572"}],"curies":[{"name":"wp","href":"https:\/\/api.w.org\/{rel}","templated":true}]}}