{"id":5552,"date":"2026-04-04T02:40:42","date_gmt":"2026-04-04T05:40:42","guid":{"rendered":"https:\/\/web.consaguirre.com.ar\/noticias\/el-album-elton-john-the-remixes-llega-para-el-dia-de-las-tiendas-de-discos\/"},"modified":"2026-04-04T02:40:43","modified_gmt":"2026-04-04T05:40:43","slug":"el-album-elton-john-the-remixes-llega-para-el-dia-de-las-tiendas-de-discos","status":"publish","type":"post","link":"https:\/\/web.consaguirre.com.ar\/noticias\/el-album-elton-john-the-remixes-llega-para-el-dia-de-las-tiendas-de-discos\/","title":{"rendered":"El \u00e1lbum &#8216;Elton John \u2013 The Remixes&#8217; llega para el d\u00eda de las tiendas de discos"},"content":{"rendered":"<p>Es casi la hora del Record Store Day 2026, y Elton John se suma a los lanzamientos \u00fanicos de este a\u00f1o. Un LP de edici\u00f3n limitada que brilla en la oscuridad. <em>Elton John \u2013 Los Remixes<\/em>estar\u00e1 disponible para su compra exclusivamente en las tiendas participantes del Record Store Day el s\u00e1bado 18 de abril. Una copia digital del \u00e1lbum estar\u00e1 disponible para descargar en Beatport al d\u00eda siguiente, 19 de abril.<\/p>\n<p>El nuevo \u00e1lbum recopilatorio ha sido curado personalmente por el propio Elton, quien ha estado conectado con la cultura de club desde sus primeros d\u00edas en el ic\u00f3nico Studio 54 de Nueva York. El LP incluye cinco pistas de remezclas que aparecen en vinilo por primera vez: &#8216;Cold Heart with Dua Lipa \u2013 The Blessed Madonna Extended Mix&#8217;, &#8216;Hold Me Closer with Britney Spears \u2013 Purple Disco Machine Extended Mix&#8217;, &#8216;Sad \u2013 The 2 Bears Remix Edit&#8217;, &#8216;Cold Heart with Dua Lipa \u2013 Claptone Remix&#8217; y &#8216;Rocket Man \u2013 KDME Remix&#8217;.<\/p>\n<div class=\"uD-YT-container\"><img decoding=\"async\" src=\"https:\/\/web.consaguirre.com.ar\/noticias\/wp-content\/uploads\/2026\/04\/1775281242_191_El-album-Elton-John-\u2013-The-Remixes-llega-para-el.jpg\" alt=\"V\u00eddeo de YouTube\"><br \/>Haga clic para cargar v\u00eddeo<\/div>\n<p>Elton comparti\u00f3 sus pensamientos sobre el lanzamiento: &#8220;El Record Store Day es incre\u00edblemente importante para m\u00ed, y con este paquete realmente creo que hemos hecho algo especial para los fan\u00e1ticos de la m\u00fasica dance. Entr\u00e9 por primera vez en la m\u00fasica dance en la Nueva York de los a\u00f1os 70 a trav\u00e9s de la m\u00fasica disco y esos primeros d\u00edas en clubes como Le Jardin y Studio 54. Ha sido una gran parte de mi vida desde entonces&#8221;.<\/p>\n<p>Continu\u00f3: &#8220;Como g\u00e9nero, es muy progresivo y siempre est\u00e1 evolucionando y traspasando l\u00edmites, y nunca est\u00e1 lejos de la corriente principal. Dios sabe cu\u00e1ntos discos de baile de 12&#8243; he comprado a lo largo de los a\u00f1os, y me env\u00edan tantos excelentes discos de baile y electr\u00f3nicos que puedo defender en mi programa de radio Rocket Hour&#8221;.<\/p>\n<p>El \u00e1lbum se lanza a trav\u00e9s de Positiva Records, uno de los sellos dance m\u00e1s influyentes del Reino Unido. John comparti\u00f3: &#8220;Positiva es un sello tan ic\u00f3nico y estoy encantado de que publiquen esta colecci\u00f3n de mis remezclas favoritas a lo largo de los a\u00f1os&#8221;.<\/p>\n<p><b>Comprar <em>Elton John: Los Remixes<\/em> aqu\u00ed.<\/b><\/p>\n","protected":false},"excerpt":{"rendered":"<p>Es casi la hora del Record Store Day 2026, y Elton John se suma a los lanzamientos \u00fanicos de este a\u00f1o. Un LP de edici\u00f3n<\/p>\n","protected":false},"author":1,"featured_media":5553,"comment_status":"closed","ping_status":"","sticky":false,"template":"","format":"standard","meta":{"footnotes":""},"categories":[50],"tags":[147,921,643,824,91,18,542,154,2008,922],"class_list":["post-5552","post","type-post","status-publish","format-standard","has-post-thumbnail","hentry","category-el-ultimo","tag-album","tag-dia","tag-discos","tag-elton","tag-john","tag-las","tag-llega","tag-para","tag-remixes","tag-tiendas","generate-columns","tablet-grid-50","mobile-grid-100","grid-parent","grid-50"],"yoast_head":"<!-- This site is optimized with the Yoast SEO plugin v23.3 - https:\/\/yoast.com\/wordpress\/plugins\/seo\/ -->\n<title>El \u00e1lbum &#039;Elton John \u2013 The Remixes&#039; llega para el d\u00eda de las tiendas de discos<\/title>\n<meta name=\"robots\" content=\"index, follow, max-snippet:-1, max-image-preview:large, max-video-preview:-1\" \/>\n<link rel=\"canonical\" href=\"https:\/\/web.consaguirre.com.ar\/noticias\/el-album-elton-john-the-remixes-llega-para-el-dia-de-las-tiendas-de-discos\/\" \/>\n<meta property=\"og:locale\" content=\"es_ES\" \/>\n<meta property=\"og:type\" content=\"article\" \/>\n<meta property=\"og:title\" content=\"El \u00e1lbum &#039;Elton John \u2013 The Remixes&#039; llega para el d\u00eda de las tiendas de discos\" \/>\n<meta property=\"og:description\" content=\"Es casi la hora del Record Store Day 2026, y Elton John se suma a los lanzamientos \u00fanicos de este a\u00f1o. Un LP de edici\u00f3n\" \/>\n<meta property=\"og:url\" content=\"https:\/\/web.consaguirre.com.ar\/noticias\/el-album-elton-john-the-remixes-llega-para-el-dia-de-las-tiendas-de-discos\/\" \/>\n<meta property=\"og:site_name\" content=\"Conservatorio de M\u00fasica Juli\u00e1n Aguirre\" \/>\n<meta property=\"article:published_time\" content=\"2026-04-04T05:40:42+00:00\" \/>\n<meta property=\"article:modified_time\" content=\"2026-04-04T05:40:43+00:00\" \/>\n<meta property=\"og:image\" content=\"https:\/\/web.consaguirre.com.ar\/noticias\/wp-content\/uploads\/2026\/04\/El-album-Elton-John-\u2013-The-Remixes-llega-para-el.jpg\" \/>\n\t<meta property=\"og:image:width\" content=\"820\" \/>\n\t<meta property=\"og:image:height\" content=\"820\" \/>\n\t<meta property=\"og:image:type\" content=\"image\/jpeg\" \/>\n<meta name=\"author\" content=\"Javier Figueroa\" \/>\n<meta name=\"twitter:card\" content=\"summary_large_image\" \/>\n<meta name=\"twitter:label1\" content=\"Escrito por\" \/>\n\t<meta name=\"twitter:data1\" content=\"Javier Figueroa\" \/>\n\t<meta name=\"twitter:label2\" content=\"Tiempo de lectura\" \/>\n\t<meta name=\"twitter:data2\" content=\"2 minutos\" \/>\n<script type=\"application\/ld+json\" class=\"yoast-schema-graph\">{\"@context\":\"https:\/\/schema.org\",\"@graph\":[{\"@type\":\"Article\",\"@id\":\"https:\/\/web.consaguirre.com.ar\/noticias\/el-album-elton-john-the-remixes-llega-para-el-dia-de-las-tiendas-de-discos\/#article\",\"isPartOf\":{\"@id\":\"https:\/\/web.consaguirre.com.ar\/noticias\/el-album-elton-john-the-remixes-llega-para-el-dia-de-las-tiendas-de-discos\/\"},\"author\":{\"name\":\"Javier Figueroa\",\"@id\":\"https:\/\/web.consaguirre.com.ar\/noticias\/#\/schema\/person\/6558b0cfedee7ddc5425602b237d5722\"},\"headline\":\"El \u00e1lbum &#8216;Elton John \u2013 The Remixes&#8217; llega para el d\u00eda de las tiendas de discos\",\"datePublished\":\"2026-04-04T05:40:42+00:00\",\"dateModified\":\"2026-04-04T05:40:43+00:00\",\"mainEntityOfPage\":{\"@id\":\"https:\/\/web.consaguirre.com.ar\/noticias\/el-album-elton-john-the-remixes-llega-para-el-dia-de-las-tiendas-de-discos\/\"},\"wordCount\":381,\"publisher\":{\"@id\":\"https:\/\/web.consaguirre.com.ar\/noticias\/#organization\"},\"image\":{\"@id\":\"https:\/\/web.consaguirre.com.ar\/noticias\/el-album-elton-john-the-remixes-llega-para-el-dia-de-las-tiendas-de-discos\/#primaryimage\"},\"thumbnailUrl\":\"https:\/\/web.consaguirre.com.ar\/noticias\/wp-content\/uploads\/2026\/04\/El-album-Elton-John-\u2013-The-Remixes-llega-para-el.jpg\",\"keywords\":[\"\u00e1lbum\",\"d\u00eda\",\"discos\",\"Elton\",\"John\",\"las\",\"llega\",\"para\",\"remixes\",\"tiendas\"],\"articleSection\":[\"El \u00faltimo\"],\"inLanguage\":\"es-AR\"},{\"@type\":\"WebPage\",\"@id\":\"https:\/\/web.consaguirre.com.ar\/noticias\/el-album-elton-john-the-remixes-llega-para-el-dia-de-las-tiendas-de-discos\/\",\"url\":\"https:\/\/web.consaguirre.com.ar\/noticias\/el-album-elton-john-the-remixes-llega-para-el-dia-de-las-tiendas-de-discos\/\",\"name\":\"El \u00e1lbum 'Elton John \u2013 The Remixes' llega para el d\u00eda de las tiendas de discos\",\"isPartOf\":{\"@id\":\"https:\/\/web.consaguirre.com.ar\/noticias\/#website\"},\"primaryImageOfPage\":{\"@id\":\"https:\/\/web.consaguirre.com.ar\/noticias\/el-album-elton-john-the-remixes-llega-para-el-dia-de-las-tiendas-de-discos\/#primaryimage\"},\"image\":{\"@id\":\"https:\/\/web.consaguirre.com.ar\/noticias\/el-album-elton-john-the-remixes-llega-para-el-dia-de-las-tiendas-de-discos\/#primaryimage\"},\"thumbnailUrl\":\"https:\/\/web.consaguirre.com.ar\/noticias\/wp-content\/uploads\/2026\/04\/El-album-Elton-John-\u2013-The-Remixes-llega-para-el.jpg\",\"datePublished\":\"2026-04-04T05:40:42+00:00\",\"dateModified\":\"2026-04-04T05:40:43+00:00\",\"breadcrumb\":{\"@id\":\"https:\/\/web.consaguirre.com.ar\/noticias\/el-album-elton-john-the-remixes-llega-para-el-dia-de-las-tiendas-de-discos\/#breadcrumb\"},\"inLanguage\":\"es-AR\",\"potentialAction\":[{\"@type\":\"ReadAction\",\"target\":[\"https:\/\/web.consaguirre.com.ar\/noticias\/el-album-elton-john-the-remixes-llega-para-el-dia-de-las-tiendas-de-discos\/\"]}]},{\"@type\":\"ImageObject\",\"inLanguage\":\"es-AR\",\"@id\":\"https:\/\/web.consaguirre.com.ar\/noticias\/el-album-elton-john-the-remixes-llega-para-el-dia-de-las-tiendas-de-discos\/#primaryimage\",\"url\":\"https:\/\/web.consaguirre.com.ar\/noticias\/wp-content\/uploads\/2026\/04\/El-album-Elton-John-\u2013-The-Remixes-llega-para-el.jpg\",\"contentUrl\":\"https:\/\/web.consaguirre.com.ar\/noticias\/wp-content\/uploads\/2026\/04\/El-album-Elton-John-\u2013-The-Remixes-llega-para-el.jpg\",\"width\":820,\"height\":820,\"caption\":\"Elton John The Remixes\"},{\"@type\":\"BreadcrumbList\",\"@id\":\"https:\/\/web.consaguirre.com.ar\/noticias\/el-album-elton-john-the-remixes-llega-para-el-dia-de-las-tiendas-de-discos\/#breadcrumb\",\"itemListElement\":[{\"@type\":\"ListItem\",\"position\":1,\"name\":\"Inicio\",\"item\":\"https:\/\/web.consaguirre.com.ar\/noticias\/\"},{\"@type\":\"ListItem\",\"position\":2,\"name\":\"El \u00e1lbum &#8216;Elton John \u2013 The Remixes&#8217; llega para el d\u00eda de las tiendas de discos\"}]},{\"@type\":\"WebSite\",\"@id\":\"https:\/\/web.consaguirre.com.ar\/noticias\/#website\",\"url\":\"https:\/\/web.consaguirre.com.ar\/noticias\/\",\"name\":\"Conservatorio de M\u00fasica Juli\u00e1n Aguirre\",\"description\":\"\",\"publisher\":{\"@id\":\"https:\/\/web.consaguirre.com.ar\/noticias\/#organization\"},\"potentialAction\":[{\"@type\":\"SearchAction\",\"target\":{\"@type\":\"EntryPoint\",\"urlTemplate\":\"https:\/\/web.consaguirre.com.ar\/noticias\/?s={search_term_string}\"},\"query-input\":\"required name=search_term_string\"}],\"inLanguage\":\"es-AR\"},{\"@type\":\"Organization\",\"@id\":\"https:\/\/web.consaguirre.com.ar\/noticias\/#organization\",\"name\":\"Conservatorio de M\u00fasica Juli\u00e1n Aguirre\",\"url\":\"https:\/\/web.consaguirre.com.ar\/noticias\/\",\"logo\":{\"@type\":\"ImageObject\",\"inLanguage\":\"es-AR\",\"@id\":\"https:\/\/web.consaguirre.com.ar\/noticias\/#\/schema\/logo\/image\/\",\"url\":\"https:\/\/web.consaguirre.com.ar\/noticias\/wp-content\/uploads\/2024\/08\/Banner-Aguirre-23.jpg\",\"contentUrl\":\"https:\/\/web.consaguirre.com.ar\/noticias\/wp-content\/uploads\/2024\/08\/Banner-Aguirre-23.jpg\",\"width\":1192,\"height\":600,\"caption\":\"Conservatorio de M\u00fasica Juli\u00e1n Aguirre\"},\"image\":{\"@id\":\"https:\/\/web.consaguirre.com.ar\/noticias\/#\/schema\/logo\/image\/\"}},{\"@type\":\"Person\",\"@id\":\"https:\/\/web.consaguirre.com.ar\/noticias\/#\/schema\/person\/6558b0cfedee7ddc5425602b237d5722\",\"name\":\"Javier Figueroa\",\"image\":{\"@type\":\"ImageObject\",\"inLanguage\":\"es-AR\",\"@id\":\"https:\/\/web.consaguirre.com.ar\/noticias\/#\/schema\/person\/image\/\",\"url\":\"https:\/\/web.consaguirre.com.ar\/noticias\/wp-content\/uploads\/2024\/08\/Consaguirre-scaled.jpg\",\"contentUrl\":\"https:\/\/web.consaguirre.com.ar\/noticias\/wp-content\/uploads\/2024\/08\/Consaguirre-scaled.jpg\",\"caption\":\"Javier Figueroa\"},\"description\":\"Me llamo Javier Figueroa y soy redactor para el sitio oficial del Conservatorio de M\u00fasica Juli\u00e1n Aguirre en Buenos Aires, consaguirre.com. Apasionado por la m\u00fasica y la escritura, me esfuerzo por destacar los talentos y eventos de nuestra prestigiosa instituci\u00f3n. Mi trayectoria se nutre de una profunda admiraci\u00f3n por los artistas, haciendo de cada art\u00edculo una celebraci\u00f3n de la creatividad y la cultura musical.\",\"sameAs\":[\"https:\/\/web.consaguirre.com.ar\/noticias\"]}]}<\/script>\n<!-- \/ Yoast SEO plugin. -->","yoast_head_json":{"title":"El \u00e1lbum 'Elton John \u2013 The Remixes' llega para el d\u00eda de las tiendas de discos","robots":{"index":"index","follow":"follow","max-snippet":"max-snippet:-1","max-image-preview":"max-image-preview:large","max-video-preview":"max-video-preview:-1"},"canonical":"https:\/\/web.consaguirre.com.ar\/noticias\/el-album-elton-john-the-remixes-llega-para-el-dia-de-las-tiendas-de-discos\/","og_locale":"es_ES","og_type":"article","og_title":"El \u00e1lbum 'Elton John \u2013 The Remixes' llega para el d\u00eda de las tiendas de discos","og_description":"Es casi la hora del Record Store Day 2026, y Elton John se suma a los lanzamientos \u00fanicos de este a\u00f1o. Un LP de edici\u00f3n","og_url":"https:\/\/web.consaguirre.com.ar\/noticias\/el-album-elton-john-the-remixes-llega-para-el-dia-de-las-tiendas-de-discos\/","og_site_name":"Conservatorio de M\u00fasica Juli\u00e1n Aguirre","article_published_time":"2026-04-04T05:40:42+00:00","article_modified_time":"2026-04-04T05:40:43+00:00","og_image":[{"width":820,"height":820,"url":"https:\/\/web.consaguirre.com.ar\/noticias\/wp-content\/uploads\/2026\/04\/El-album-Elton-John-\u2013-The-Remixes-llega-para-el.jpg","type":"image\/jpeg"}],"author":"Javier Figueroa","twitter_card":"summary_large_image","twitter_misc":{"Escrito por":"Javier Figueroa","Tiempo de lectura":"2 minutos"},"schema":{"@context":"https:\/\/schema.org","@graph":[{"@type":"Article","@id":"https:\/\/web.consaguirre.com.ar\/noticias\/el-album-elton-john-the-remixes-llega-para-el-dia-de-las-tiendas-de-discos\/#article","isPartOf":{"@id":"https:\/\/web.consaguirre.com.ar\/noticias\/el-album-elton-john-the-remixes-llega-para-el-dia-de-las-tiendas-de-discos\/"},"author":{"name":"Javier Figueroa","@id":"https:\/\/web.consaguirre.com.ar\/noticias\/#\/schema\/person\/6558b0cfedee7ddc5425602b237d5722"},"headline":"El \u00e1lbum &#8216;Elton John \u2013 The Remixes&#8217; llega para el d\u00eda de las tiendas de discos","datePublished":"2026-04-04T05:40:42+00:00","dateModified":"2026-04-04T05:40:43+00:00","mainEntityOfPage":{"@id":"https:\/\/web.consaguirre.com.ar\/noticias\/el-album-elton-john-the-remixes-llega-para-el-dia-de-las-tiendas-de-discos\/"},"wordCount":381,"publisher":{"@id":"https:\/\/web.consaguirre.com.ar\/noticias\/#organization"},"image":{"@id":"https:\/\/web.consaguirre.com.ar\/noticias\/el-album-elton-john-the-remixes-llega-para-el-dia-de-las-tiendas-de-discos\/#primaryimage"},"thumbnailUrl":"https:\/\/web.consaguirre.com.ar\/noticias\/wp-content\/uploads\/2026\/04\/El-album-Elton-John-\u2013-The-Remixes-llega-para-el.jpg","keywords":["\u00e1lbum","d\u00eda","discos","Elton","John","las","llega","para","remixes","tiendas"],"articleSection":["El \u00faltimo"],"inLanguage":"es-AR"},{"@type":"WebPage","@id":"https:\/\/web.consaguirre.com.ar\/noticias\/el-album-elton-john-the-remixes-llega-para-el-dia-de-las-tiendas-de-discos\/","url":"https:\/\/web.consaguirre.com.ar\/noticias\/el-album-elton-john-the-remixes-llega-para-el-dia-de-las-tiendas-de-discos\/","name":"El \u00e1lbum 'Elton John \u2013 The Remixes' llega para el d\u00eda de las tiendas de discos","isPartOf":{"@id":"https:\/\/web.consaguirre.com.ar\/noticias\/#website"},"primaryImageOfPage":{"@id":"https:\/\/web.consaguirre.com.ar\/noticias\/el-album-elton-john-the-remixes-llega-para-el-dia-de-las-tiendas-de-discos\/#primaryimage"},"image":{"@id":"https:\/\/web.consaguirre.com.ar\/noticias\/el-album-elton-john-the-remixes-llega-para-el-dia-de-las-tiendas-de-discos\/#primaryimage"},"thumbnailUrl":"https:\/\/web.consaguirre.com.ar\/noticias\/wp-content\/uploads\/2026\/04\/El-album-Elton-John-\u2013-The-Remixes-llega-para-el.jpg","datePublished":"2026-04-04T05:40:42+00:00","dateModified":"2026-04-04T05:40:43+00:00","breadcrumb":{"@id":"https:\/\/web.consaguirre.com.ar\/noticias\/el-album-elton-john-the-remixes-llega-para-el-dia-de-las-tiendas-de-discos\/#breadcrumb"},"inLanguage":"es-AR","potentialAction":[{"@type":"ReadAction","target":["https:\/\/web.consaguirre.com.ar\/noticias\/el-album-elton-john-the-remixes-llega-para-el-dia-de-las-tiendas-de-discos\/"]}]},{"@type":"ImageObject","inLanguage":"es-AR","@id":"https:\/\/web.consaguirre.com.ar\/noticias\/el-album-elton-john-the-remixes-llega-para-el-dia-de-las-tiendas-de-discos\/#primaryimage","url":"https:\/\/web.consaguirre.com.ar\/noticias\/wp-content\/uploads\/2026\/04\/El-album-Elton-John-\u2013-The-Remixes-llega-para-el.jpg","contentUrl":"https:\/\/web.consaguirre.com.ar\/noticias\/wp-content\/uploads\/2026\/04\/El-album-Elton-John-\u2013-The-Remixes-llega-para-el.jpg","width":820,"height":820,"caption":"Elton John The Remixes"},{"@type":"BreadcrumbList","@id":"https:\/\/web.consaguirre.com.ar\/noticias\/el-album-elton-john-the-remixes-llega-para-el-dia-de-las-tiendas-de-discos\/#breadcrumb","itemListElement":[{"@type":"ListItem","position":1,"name":"Inicio","item":"https:\/\/web.consaguirre.com.ar\/noticias\/"},{"@type":"ListItem","position":2,"name":"El \u00e1lbum &#8216;Elton John \u2013 The Remixes&#8217; llega para el d\u00eda de las tiendas de discos"}]},{"@type":"WebSite","@id":"https:\/\/web.consaguirre.com.ar\/noticias\/#website","url":"https:\/\/web.consaguirre.com.ar\/noticias\/","name":"Conservatorio de M\u00fasica Juli\u00e1n Aguirre","description":"","publisher":{"@id":"https:\/\/web.consaguirre.com.ar\/noticias\/#organization"},"potentialAction":[{"@type":"SearchAction","target":{"@type":"EntryPoint","urlTemplate":"https:\/\/web.consaguirre.com.ar\/noticias\/?s={search_term_string}"},"query-input":"required name=search_term_string"}],"inLanguage":"es-AR"},{"@type":"Organization","@id":"https:\/\/web.consaguirre.com.ar\/noticias\/#organization","name":"Conservatorio de M\u00fasica Juli\u00e1n Aguirre","url":"https:\/\/web.consaguirre.com.ar\/noticias\/","logo":{"@type":"ImageObject","inLanguage":"es-AR","@id":"https:\/\/web.consaguirre.com.ar\/noticias\/#\/schema\/logo\/image\/","url":"https:\/\/web.consaguirre.com.ar\/noticias\/wp-content\/uploads\/2024\/08\/Banner-Aguirre-23.jpg","contentUrl":"https:\/\/web.consaguirre.com.ar\/noticias\/wp-content\/uploads\/2024\/08\/Banner-Aguirre-23.jpg","width":1192,"height":600,"caption":"Conservatorio de M\u00fasica Juli\u00e1n Aguirre"},"image":{"@id":"https:\/\/web.consaguirre.com.ar\/noticias\/#\/schema\/logo\/image\/"}},{"@type":"Person","@id":"https:\/\/web.consaguirre.com.ar\/noticias\/#\/schema\/person\/6558b0cfedee7ddc5425602b237d5722","name":"Javier Figueroa","image":{"@type":"ImageObject","inLanguage":"es-AR","@id":"https:\/\/web.consaguirre.com.ar\/noticias\/#\/schema\/person\/image\/","url":"https:\/\/web.consaguirre.com.ar\/noticias\/wp-content\/uploads\/2024\/08\/Consaguirre-scaled.jpg","contentUrl":"https:\/\/web.consaguirre.com.ar\/noticias\/wp-content\/uploads\/2024\/08\/Consaguirre-scaled.jpg","caption":"Javier Figueroa"},"description":"Me llamo Javier Figueroa y soy redactor para el sitio oficial del Conservatorio de M\u00fasica Juli\u00e1n Aguirre en Buenos Aires, consaguirre.com. Apasionado por la m\u00fasica y la escritura, me esfuerzo por destacar los talentos y eventos de nuestra prestigiosa instituci\u00f3n. Mi trayectoria se nutre de una profunda admiraci\u00f3n por los artistas, haciendo de cada art\u00edculo una celebraci\u00f3n de la creatividad y la cultura musical.","sameAs":["https:\/\/web.consaguirre.com.ar\/noticias"]}]}},"_links":{"self":[{"href":"https:\/\/web.consaguirre.com.ar\/noticias\/wp-json\/wp\/v2\/posts\/5552"}],"collection":[{"href":"https:\/\/web.consaguirre.com.ar\/noticias\/wp-json\/wp\/v2\/posts"}],"about":[{"href":"https:\/\/web.consaguirre.com.ar\/noticias\/wp-json\/wp\/v2\/types\/post"}],"author":[{"embeddable":true,"href":"https:\/\/web.consaguirre.com.ar\/noticias\/wp-json\/wp\/v2\/users\/1"}],"replies":[{"embeddable":true,"href":"https:\/\/web.consaguirre.com.ar\/noticias\/wp-json\/wp\/v2\/comments?post=5552"}],"version-history":[{"count":1,"href":"https:\/\/web.consaguirre.com.ar\/noticias\/wp-json\/wp\/v2\/posts\/5552\/revisions"}],"predecessor-version":[{"id":5554,"href":"https:\/\/web.consaguirre.com.ar\/noticias\/wp-json\/wp\/v2\/posts\/5552\/revisions\/5554"}],"wp:featuredmedia":[{"embeddable":true,"href":"https:\/\/web.consaguirre.com.ar\/noticias\/wp-json\/wp\/v2\/media\/5553"}],"wp:attachment":[{"href":"https:\/\/web.consaguirre.com.ar\/noticias\/wp-json\/wp\/v2\/media?parent=5552"}],"wp:term":[{"taxonomy":"category","embeddable":true,"href":"https:\/\/web.consaguirre.com.ar\/noticias\/wp-json\/wp\/v2\/categories?post=5552"},{"taxonomy":"post_tag","embeddable":true,"href":"https:\/\/web.consaguirre.com.ar\/noticias\/wp-json\/wp\/v2\/tags?post=5552"}],"curies":[{"name":"wp","href":"https:\/\/api.w.org\/{rel}","templated":true}]}}