{"id":5537,"date":"2026-04-03T11:38:47","date_gmt":"2026-04-03T14:38:47","guid":{"rendered":"https:\/\/web.consaguirre.com.ar\/noticias\/my-moon-my-man-de-feist-reeditado-en-vinilo-de-7-pulgadas\/"},"modified":"2026-04-03T11:38:48","modified_gmt":"2026-04-03T14:38:48","slug":"my-moon-my-man-de-feist-reeditado-en-vinilo-de-7-pulgadas","status":"publish","type":"post","link":"https:\/\/web.consaguirre.com.ar\/noticias\/my-moon-my-man-de-feist-reeditado-en-vinilo-de-7-pulgadas\/","title":{"rendered":"&#8216;My Moon My Man&#8217; de Feist reeditado en vinilo de 7 pulgadas"},"content":{"rendered":"<p>Despu\u00e9s de un resurgimiento de su popularidad, el sencillo de Feist de 2007, \u201cMy Moon My Man\u201d, tendr\u00e1 una nueva reedici\u00f3n en vinilo. El sencillo ser\u00e1 reeditado en un disco de vinilo blanco de 7&#8243; de edici\u00f3n limitada, con la pista original en un lado y el emocionante remix de la canci\u00f3n por parte de Boys Noize en el otro. El vinilo ya est\u00e1 disponible.<\/p>\n<p>\u201cMy Moon My Man\u201d lleg\u00f3 a una generaci\u00f3n m\u00e1s joven gracias a su inclusi\u00f3n en la serie de HBO <em>Rivalidad acalorada<\/em> en los \u00faltimos meses. La canci\u00f3n apareci\u00f3 de manera destacada en el cuarto episodio de la serie, \u201cRose\u201d, durante un montaje que incluy\u00f3 casi toda la canci\u00f3n. &#8220;&#8216;My Moon, My Man&#8217; es una canci\u00f3n tan buena; es tan pop, inteligente, hermosa y toda esa mierda&#8221;, dijo <em>Rivalidad acalorada<\/em> El creador Jacob Tierney en una entrevista con <em>Piedra rodante Canad\u00e1<\/em> a principios de este a\u00f1o. &#8220;Me encant\u00f3 tanto. Literalmente la hicimos un bucle y la reproducimos dos veces porque mi editor dijo: &#8216;Sabes, esta canci\u00f3n no es lo suficientemente larga&#8217;. Yo estaba como, &#8216;Genial, hazlo en bucle&#8217;. Simplemente t\u00f3calo dos veces.&#8217; Eso es lo mucho que amo esta canci\u00f3n\u201d. La canci\u00f3n de Feist, &#8220;Sealion&#8221;, tambi\u00e9n apareci\u00f3 en el primer episodio de la serie.<\/p>\n<div align='center'>\n<div class=\"udiscover-store-container\">\n<div id='udiscover-store-one-product'><\/div>\n<\/div>\n<p>\/*<!(CDATA(*\/(function (){var scriptURL='https:\/\/sdks.shopifycdn.com\/buy-button\/latest\/buy-button-storefront.min.js';if(window.ShopifyBuy){if(window.ShopifyBuy.UI){ShopifyBuyInit();}else{loadScript();}}else{loadScript();}funci\u00f3n loadScript(){var script=document.createElement('script');script.async=true;script.src=scriptURL;(document.getElementsByTagName('head')(0)|| document.getElementsByTagName('body')(0)).appendChild(script);script.onload=ShopifyBuyInit;} function ShopifyBuyInit(){var cliente=ShopifyBuy.buildClient({dominio:'udiscover.myshopify.com',storefrontAccessToken: 'bdc89f347d2ce61c1feeb9f8c60b2b98',}); ShopifyBuy.UI.onReady(cliente).luego(funci\u00f3n(ui){ ui.createComponent('producto',{ id:(7755806638157), nodo:document.getElementById('udiscover-store-one-product'), moneyFormat:'%24%7B%7Bamount%7D%7D', opciones:{'product':{'iframe':false,'buttonDestination':'modal','contents':{'options':true},'text':{'button':'ORDEN AHORA','outOfStock':'Lo sentimos, esto est\u00e1 agotado stock'}},'productSet':{'iframe':false},'modalProduct':{'iframe':false,'contents':{'img':false,'imgWithCarousel':true,'button':false,'buttonWithQuantity':true} },'modal':{'iframe':false},'option':{'iframe':false},'cart':{'iframe':false},'toggle':{'iframe':false,'contents':{'icon':false}},'lineItem':{'iframe':false}}, }); }); <\/div>\n<\/p>\n<p>\u201cMy Moon My Man\u201d es el primer sencillo del tercer \u00e1lbum de Feist, <em>El recordatorio<\/em>. El \u00e1lbum fue un gran \u00e9xito en su debut, y varios cr\u00edticos y editores lo calificaron como uno de los mejores lanzamientos de 2007. Desde entonces, el \u00e1lbum ha sido certificado oro en los Estados Unidos, el Reino Unido, Alemania y Australia, y ha sido certificado dos veces platino en Canad\u00e1. \u201cMy Moon My Man\u201d tambi\u00e9n apareci\u00f3 de manera destacada en el episodio de la cuarta temporada de <em>Anatom\u00eda de Grey<\/em> &#8220;Que la verdad cante&#8221;. El \u00e1lbum m\u00e1s reciente de Feist, <em>Multitudes<\/em>lleg\u00f3 en 2023 y fue nominado al premio Grammy al mejor \u00e1lbum dise\u00f1ado, no cl\u00e1sico.<\/p>\n<p>Boys Noize no es ajeno a la remezcla de canciones asociadas con la pantalla. En 2024, remezcl\u00f3 la banda sonora de Trent Reznor y Atticus Ross para la pel\u00edcula. <em>Retadores<\/em>. Esa banda sonora tambi\u00e9n result\u00f3 ser un \u00e9xito en las listas.<\/p>\n<p><b>comprar feist <em>mi luna mi hombre<\/em> en vinilo de 7 \u2033 aqu\u00ed.<\/b><\/p>\n","protected":false},"excerpt":{"rendered":"<p>Despu\u00e9s de un resurgimiento de su popularidad, el sencillo de Feist de 2007, \u201cMy Moon My Man\u201d, tendr\u00e1 una nueva reedici\u00f3n en vinilo. El sencillo<\/p>\n","protected":false},"author":1,"featured_media":5538,"comment_status":"closed","ping_status":"","sticky":false,"template":"","format":"standard","meta":{"footnotes":""},"categories":[50],"tags":[4066,1612,1523,1165,3173,87],"class_list":["post-5537","post","type-post","status-publish","format-standard","has-post-thumbnail","hentry","category-el-ultimo","tag-feist","tag-man","tag-moon","tag-pulgadas","tag-reeditado","tag-vinilo","generate-columns","tablet-grid-50","mobile-grid-100","grid-parent","grid-50"],"yoast_head":"<!-- This site is optimized with the Yoast SEO plugin v23.3 - https:\/\/yoast.com\/wordpress\/plugins\/seo\/ -->\n<title>&#039;My Moon My Man&#039; de Feist reeditado en vinilo de 7 pulgadas<\/title>\n<meta name=\"robots\" content=\"index, follow, max-snippet:-1, max-image-preview:large, max-video-preview:-1\" \/>\n<link rel=\"canonical\" href=\"https:\/\/web.consaguirre.com.ar\/noticias\/my-moon-my-man-de-feist-reeditado-en-vinilo-de-7-pulgadas\/\" \/>\n<meta property=\"og:locale\" content=\"es_ES\" \/>\n<meta property=\"og:type\" content=\"article\" \/>\n<meta property=\"og:title\" content=\"&#039;My Moon My Man&#039; de Feist reeditado en vinilo de 7 pulgadas\" \/>\n<meta property=\"og:description\" content=\"Despu\u00e9s de un resurgimiento de su popularidad, el sencillo de Feist de 2007, \u201cMy Moon My Man\u201d, tendr\u00e1 una nueva reedici\u00f3n en vinilo. El sencillo\" \/>\n<meta property=\"og:url\" content=\"https:\/\/web.consaguirre.com.ar\/noticias\/my-moon-my-man-de-feist-reeditado-en-vinilo-de-7-pulgadas\/\" \/>\n<meta property=\"og:site_name\" content=\"Conservatorio de M\u00fasica Juli\u00e1n Aguirre\" \/>\n<meta property=\"article:published_time\" content=\"2026-04-03T14:38:47+00:00\" \/>\n<meta property=\"article:modified_time\" content=\"2026-04-03T14:38:48+00:00\" \/>\n<meta property=\"og:image\" content=\"https:\/\/web.consaguirre.com.ar\/noticias\/wp-content\/uploads\/2026\/04\/1775227128_My-Moon-My-Man-de-Feist-reeditado-en-vinilo-de.jpg\" \/>\n\t<meta property=\"og:image:width\" content=\"1000\" \/>\n\t<meta property=\"og:image:height\" content=\"600\" \/>\n\t<meta property=\"og:image:type\" content=\"image\/jpeg\" \/>\n<meta name=\"author\" content=\"Javier Figueroa\" \/>\n<meta name=\"twitter:card\" content=\"summary_large_image\" \/>\n<meta name=\"twitter:label1\" content=\"Escrito por\" \/>\n\t<meta name=\"twitter:data1\" content=\"Javier Figueroa\" \/>\n\t<meta name=\"twitter:label2\" content=\"Tiempo de lectura\" \/>\n\t<meta name=\"twitter:data2\" content=\"2 minutos\" \/>\n<script type=\"application\/ld+json\" class=\"yoast-schema-graph\">{\"@context\":\"https:\/\/schema.org\",\"@graph\":[{\"@type\":\"Article\",\"@id\":\"https:\/\/web.consaguirre.com.ar\/noticias\/my-moon-my-man-de-feist-reeditado-en-vinilo-de-7-pulgadas\/#article\",\"isPartOf\":{\"@id\":\"https:\/\/web.consaguirre.com.ar\/noticias\/my-moon-my-man-de-feist-reeditado-en-vinilo-de-7-pulgadas\/\"},\"author\":{\"name\":\"Javier Figueroa\",\"@id\":\"https:\/\/web.consaguirre.com.ar\/noticias\/#\/schema\/person\/6558b0cfedee7ddc5425602b237d5722\"},\"headline\":\"&#8216;My Moon My Man&#8217; de Feist reeditado en vinilo de 7 pulgadas\",\"datePublished\":\"2026-04-03T14:38:47+00:00\",\"dateModified\":\"2026-04-03T14:38:48+00:00\",\"mainEntityOfPage\":{\"@id\":\"https:\/\/web.consaguirre.com.ar\/noticias\/my-moon-my-man-de-feist-reeditado-en-vinilo-de-7-pulgadas\/\"},\"wordCount\":400,\"publisher\":{\"@id\":\"https:\/\/web.consaguirre.com.ar\/noticias\/#organization\"},\"image\":{\"@id\":\"https:\/\/web.consaguirre.com.ar\/noticias\/my-moon-my-man-de-feist-reeditado-en-vinilo-de-7-pulgadas\/#primaryimage\"},\"thumbnailUrl\":\"https:\/\/web.consaguirre.com.ar\/noticias\/wp-content\/uploads\/2026\/04\/1775227128_My-Moon-My-Man-de-Feist-reeditado-en-vinilo-de.jpg\",\"keywords\":[\"Feist\",\"Man\",\"Moon\",\"pulgadas\",\"reeditado\",\"vinilo\"],\"articleSection\":[\"El \u00faltimo\"],\"inLanguage\":\"es-AR\"},{\"@type\":\"WebPage\",\"@id\":\"https:\/\/web.consaguirre.com.ar\/noticias\/my-moon-my-man-de-feist-reeditado-en-vinilo-de-7-pulgadas\/\",\"url\":\"https:\/\/web.consaguirre.com.ar\/noticias\/my-moon-my-man-de-feist-reeditado-en-vinilo-de-7-pulgadas\/\",\"name\":\"'My Moon My Man' de Feist reeditado en vinilo de 7 pulgadas\",\"isPartOf\":{\"@id\":\"https:\/\/web.consaguirre.com.ar\/noticias\/#website\"},\"primaryImageOfPage\":{\"@id\":\"https:\/\/web.consaguirre.com.ar\/noticias\/my-moon-my-man-de-feist-reeditado-en-vinilo-de-7-pulgadas\/#primaryimage\"},\"image\":{\"@id\":\"https:\/\/web.consaguirre.com.ar\/noticias\/my-moon-my-man-de-feist-reeditado-en-vinilo-de-7-pulgadas\/#primaryimage\"},\"thumbnailUrl\":\"https:\/\/web.consaguirre.com.ar\/noticias\/wp-content\/uploads\/2026\/04\/1775227128_My-Moon-My-Man-de-Feist-reeditado-en-vinilo-de.jpg\",\"datePublished\":\"2026-04-03T14:38:47+00:00\",\"dateModified\":\"2026-04-03T14:38:48+00:00\",\"breadcrumb\":{\"@id\":\"https:\/\/web.consaguirre.com.ar\/noticias\/my-moon-my-man-de-feist-reeditado-en-vinilo-de-7-pulgadas\/#breadcrumb\"},\"inLanguage\":\"es-AR\",\"potentialAction\":[{\"@type\":\"ReadAction\",\"target\":[\"https:\/\/web.consaguirre.com.ar\/noticias\/my-moon-my-man-de-feist-reeditado-en-vinilo-de-7-pulgadas\/\"]}]},{\"@type\":\"ImageObject\",\"inLanguage\":\"es-AR\",\"@id\":\"https:\/\/web.consaguirre.com.ar\/noticias\/my-moon-my-man-de-feist-reeditado-en-vinilo-de-7-pulgadas\/#primaryimage\",\"url\":\"https:\/\/web.consaguirre.com.ar\/noticias\/wp-content\/uploads\/2026\/04\/1775227128_My-Moon-My-Man-de-Feist-reeditado-en-vinilo-de.jpg\",\"contentUrl\":\"https:\/\/web.consaguirre.com.ar\/noticias\/wp-content\/uploads\/2026\/04\/1775227128_My-Moon-My-Man-de-Feist-reeditado-en-vinilo-de.jpg\",\"width\":1000,\"height\":600,\"caption\":\"Feist My Moon My Man\"},{\"@type\":\"BreadcrumbList\",\"@id\":\"https:\/\/web.consaguirre.com.ar\/noticias\/my-moon-my-man-de-feist-reeditado-en-vinilo-de-7-pulgadas\/#breadcrumb\",\"itemListElement\":[{\"@type\":\"ListItem\",\"position\":1,\"name\":\"Inicio\",\"item\":\"https:\/\/web.consaguirre.com.ar\/noticias\/\"},{\"@type\":\"ListItem\",\"position\":2,\"name\":\"&#8216;My Moon My Man&#8217; de Feist reeditado en vinilo de 7 pulgadas\"}]},{\"@type\":\"WebSite\",\"@id\":\"https:\/\/web.consaguirre.com.ar\/noticias\/#website\",\"url\":\"https:\/\/web.consaguirre.com.ar\/noticias\/\",\"name\":\"Conservatorio de M\u00fasica Juli\u00e1n Aguirre\",\"description\":\"\",\"publisher\":{\"@id\":\"https:\/\/web.consaguirre.com.ar\/noticias\/#organization\"},\"potentialAction\":[{\"@type\":\"SearchAction\",\"target\":{\"@type\":\"EntryPoint\",\"urlTemplate\":\"https:\/\/web.consaguirre.com.ar\/noticias\/?s={search_term_string}\"},\"query-input\":\"required name=search_term_string\"}],\"inLanguage\":\"es-AR\"},{\"@type\":\"Organization\",\"@id\":\"https:\/\/web.consaguirre.com.ar\/noticias\/#organization\",\"name\":\"Conservatorio de M\u00fasica Juli\u00e1n Aguirre\",\"url\":\"https:\/\/web.consaguirre.com.ar\/noticias\/\",\"logo\":{\"@type\":\"ImageObject\",\"inLanguage\":\"es-AR\",\"@id\":\"https:\/\/web.consaguirre.com.ar\/noticias\/#\/schema\/logo\/image\/\",\"url\":\"https:\/\/web.consaguirre.com.ar\/noticias\/wp-content\/uploads\/2024\/08\/Banner-Aguirre-23.jpg\",\"contentUrl\":\"https:\/\/web.consaguirre.com.ar\/noticias\/wp-content\/uploads\/2024\/08\/Banner-Aguirre-23.jpg\",\"width\":1192,\"height\":600,\"caption\":\"Conservatorio de M\u00fasica Juli\u00e1n Aguirre\"},\"image\":{\"@id\":\"https:\/\/web.consaguirre.com.ar\/noticias\/#\/schema\/logo\/image\/\"}},{\"@type\":\"Person\",\"@id\":\"https:\/\/web.consaguirre.com.ar\/noticias\/#\/schema\/person\/6558b0cfedee7ddc5425602b237d5722\",\"name\":\"Javier Figueroa\",\"image\":{\"@type\":\"ImageObject\",\"inLanguage\":\"es-AR\",\"@id\":\"https:\/\/web.consaguirre.com.ar\/noticias\/#\/schema\/person\/image\/\",\"url\":\"https:\/\/web.consaguirre.com.ar\/noticias\/wp-content\/uploads\/2024\/08\/Consaguirre-scaled.jpg\",\"contentUrl\":\"https:\/\/web.consaguirre.com.ar\/noticias\/wp-content\/uploads\/2024\/08\/Consaguirre-scaled.jpg\",\"caption\":\"Javier Figueroa\"},\"description\":\"Me llamo Javier Figueroa y soy redactor para el sitio oficial del Conservatorio de M\u00fasica Juli\u00e1n Aguirre en Buenos Aires, consaguirre.com. Apasionado por la m\u00fasica y la escritura, me esfuerzo por destacar los talentos y eventos de nuestra prestigiosa instituci\u00f3n. Mi trayectoria se nutre de una profunda admiraci\u00f3n por los artistas, haciendo de cada art\u00edculo una celebraci\u00f3n de la creatividad y la cultura musical.\",\"sameAs\":[\"https:\/\/web.consaguirre.com.ar\/noticias\"]}]}<\/script>\n<!-- \/ Yoast SEO plugin. -->","yoast_head_json":{"title":"'My Moon My Man' de Feist reeditado en vinilo de 7 pulgadas","robots":{"index":"index","follow":"follow","max-snippet":"max-snippet:-1","max-image-preview":"max-image-preview:large","max-video-preview":"max-video-preview:-1"},"canonical":"https:\/\/web.consaguirre.com.ar\/noticias\/my-moon-my-man-de-feist-reeditado-en-vinilo-de-7-pulgadas\/","og_locale":"es_ES","og_type":"article","og_title":"'My Moon My Man' de Feist reeditado en vinilo de 7 pulgadas","og_description":"Despu\u00e9s de un resurgimiento de su popularidad, el sencillo de Feist de 2007, \u201cMy Moon My Man\u201d, tendr\u00e1 una nueva reedici\u00f3n en vinilo. El sencillo","og_url":"https:\/\/web.consaguirre.com.ar\/noticias\/my-moon-my-man-de-feist-reeditado-en-vinilo-de-7-pulgadas\/","og_site_name":"Conservatorio de M\u00fasica Juli\u00e1n Aguirre","article_published_time":"2026-04-03T14:38:47+00:00","article_modified_time":"2026-04-03T14:38:48+00:00","og_image":[{"width":1000,"height":600,"url":"https:\/\/web.consaguirre.com.ar\/noticias\/wp-content\/uploads\/2026\/04\/1775227128_My-Moon-My-Man-de-Feist-reeditado-en-vinilo-de.jpg","type":"image\/jpeg"}],"author":"Javier Figueroa","twitter_card":"summary_large_image","twitter_misc":{"Escrito por":"Javier Figueroa","Tiempo de lectura":"2 minutos"},"schema":{"@context":"https:\/\/schema.org","@graph":[{"@type":"Article","@id":"https:\/\/web.consaguirre.com.ar\/noticias\/my-moon-my-man-de-feist-reeditado-en-vinilo-de-7-pulgadas\/#article","isPartOf":{"@id":"https:\/\/web.consaguirre.com.ar\/noticias\/my-moon-my-man-de-feist-reeditado-en-vinilo-de-7-pulgadas\/"},"author":{"name":"Javier Figueroa","@id":"https:\/\/web.consaguirre.com.ar\/noticias\/#\/schema\/person\/6558b0cfedee7ddc5425602b237d5722"},"headline":"&#8216;My Moon My Man&#8217; de Feist reeditado en vinilo de 7 pulgadas","datePublished":"2026-04-03T14:38:47+00:00","dateModified":"2026-04-03T14:38:48+00:00","mainEntityOfPage":{"@id":"https:\/\/web.consaguirre.com.ar\/noticias\/my-moon-my-man-de-feist-reeditado-en-vinilo-de-7-pulgadas\/"},"wordCount":400,"publisher":{"@id":"https:\/\/web.consaguirre.com.ar\/noticias\/#organization"},"image":{"@id":"https:\/\/web.consaguirre.com.ar\/noticias\/my-moon-my-man-de-feist-reeditado-en-vinilo-de-7-pulgadas\/#primaryimage"},"thumbnailUrl":"https:\/\/web.consaguirre.com.ar\/noticias\/wp-content\/uploads\/2026\/04\/1775227128_My-Moon-My-Man-de-Feist-reeditado-en-vinilo-de.jpg","keywords":["Feist","Man","Moon","pulgadas","reeditado","vinilo"],"articleSection":["El \u00faltimo"],"inLanguage":"es-AR"},{"@type":"WebPage","@id":"https:\/\/web.consaguirre.com.ar\/noticias\/my-moon-my-man-de-feist-reeditado-en-vinilo-de-7-pulgadas\/","url":"https:\/\/web.consaguirre.com.ar\/noticias\/my-moon-my-man-de-feist-reeditado-en-vinilo-de-7-pulgadas\/","name":"'My Moon My Man' de Feist reeditado en vinilo de 7 pulgadas","isPartOf":{"@id":"https:\/\/web.consaguirre.com.ar\/noticias\/#website"},"primaryImageOfPage":{"@id":"https:\/\/web.consaguirre.com.ar\/noticias\/my-moon-my-man-de-feist-reeditado-en-vinilo-de-7-pulgadas\/#primaryimage"},"image":{"@id":"https:\/\/web.consaguirre.com.ar\/noticias\/my-moon-my-man-de-feist-reeditado-en-vinilo-de-7-pulgadas\/#primaryimage"},"thumbnailUrl":"https:\/\/web.consaguirre.com.ar\/noticias\/wp-content\/uploads\/2026\/04\/1775227128_My-Moon-My-Man-de-Feist-reeditado-en-vinilo-de.jpg","datePublished":"2026-04-03T14:38:47+00:00","dateModified":"2026-04-03T14:38:48+00:00","breadcrumb":{"@id":"https:\/\/web.consaguirre.com.ar\/noticias\/my-moon-my-man-de-feist-reeditado-en-vinilo-de-7-pulgadas\/#breadcrumb"},"inLanguage":"es-AR","potentialAction":[{"@type":"ReadAction","target":["https:\/\/web.consaguirre.com.ar\/noticias\/my-moon-my-man-de-feist-reeditado-en-vinilo-de-7-pulgadas\/"]}]},{"@type":"ImageObject","inLanguage":"es-AR","@id":"https:\/\/web.consaguirre.com.ar\/noticias\/my-moon-my-man-de-feist-reeditado-en-vinilo-de-7-pulgadas\/#primaryimage","url":"https:\/\/web.consaguirre.com.ar\/noticias\/wp-content\/uploads\/2026\/04\/1775227128_My-Moon-My-Man-de-Feist-reeditado-en-vinilo-de.jpg","contentUrl":"https:\/\/web.consaguirre.com.ar\/noticias\/wp-content\/uploads\/2026\/04\/1775227128_My-Moon-My-Man-de-Feist-reeditado-en-vinilo-de.jpg","width":1000,"height":600,"caption":"Feist My Moon My Man"},{"@type":"BreadcrumbList","@id":"https:\/\/web.consaguirre.com.ar\/noticias\/my-moon-my-man-de-feist-reeditado-en-vinilo-de-7-pulgadas\/#breadcrumb","itemListElement":[{"@type":"ListItem","position":1,"name":"Inicio","item":"https:\/\/web.consaguirre.com.ar\/noticias\/"},{"@type":"ListItem","position":2,"name":"&#8216;My Moon My Man&#8217; de Feist reeditado en vinilo de 7 pulgadas"}]},{"@type":"WebSite","@id":"https:\/\/web.consaguirre.com.ar\/noticias\/#website","url":"https:\/\/web.consaguirre.com.ar\/noticias\/","name":"Conservatorio de M\u00fasica Juli\u00e1n Aguirre","description":"","publisher":{"@id":"https:\/\/web.consaguirre.com.ar\/noticias\/#organization"},"potentialAction":[{"@type":"SearchAction","target":{"@type":"EntryPoint","urlTemplate":"https:\/\/web.consaguirre.com.ar\/noticias\/?s={search_term_string}"},"query-input":"required name=search_term_string"}],"inLanguage":"es-AR"},{"@type":"Organization","@id":"https:\/\/web.consaguirre.com.ar\/noticias\/#organization","name":"Conservatorio de M\u00fasica Juli\u00e1n Aguirre","url":"https:\/\/web.consaguirre.com.ar\/noticias\/","logo":{"@type":"ImageObject","inLanguage":"es-AR","@id":"https:\/\/web.consaguirre.com.ar\/noticias\/#\/schema\/logo\/image\/","url":"https:\/\/web.consaguirre.com.ar\/noticias\/wp-content\/uploads\/2024\/08\/Banner-Aguirre-23.jpg","contentUrl":"https:\/\/web.consaguirre.com.ar\/noticias\/wp-content\/uploads\/2024\/08\/Banner-Aguirre-23.jpg","width":1192,"height":600,"caption":"Conservatorio de M\u00fasica Juli\u00e1n Aguirre"},"image":{"@id":"https:\/\/web.consaguirre.com.ar\/noticias\/#\/schema\/logo\/image\/"}},{"@type":"Person","@id":"https:\/\/web.consaguirre.com.ar\/noticias\/#\/schema\/person\/6558b0cfedee7ddc5425602b237d5722","name":"Javier Figueroa","image":{"@type":"ImageObject","inLanguage":"es-AR","@id":"https:\/\/web.consaguirre.com.ar\/noticias\/#\/schema\/person\/image\/","url":"https:\/\/web.consaguirre.com.ar\/noticias\/wp-content\/uploads\/2024\/08\/Consaguirre-scaled.jpg","contentUrl":"https:\/\/web.consaguirre.com.ar\/noticias\/wp-content\/uploads\/2024\/08\/Consaguirre-scaled.jpg","caption":"Javier Figueroa"},"description":"Me llamo Javier Figueroa y soy redactor para el sitio oficial del Conservatorio de M\u00fasica Juli\u00e1n Aguirre en Buenos Aires, consaguirre.com. Apasionado por la m\u00fasica y la escritura, me esfuerzo por destacar los talentos y eventos de nuestra prestigiosa instituci\u00f3n. Mi trayectoria se nutre de una profunda admiraci\u00f3n por los artistas, haciendo de cada art\u00edculo una celebraci\u00f3n de la creatividad y la cultura musical.","sameAs":["https:\/\/web.consaguirre.com.ar\/noticias"]}]}},"_links":{"self":[{"href":"https:\/\/web.consaguirre.com.ar\/noticias\/wp-json\/wp\/v2\/posts\/5537"}],"collection":[{"href":"https:\/\/web.consaguirre.com.ar\/noticias\/wp-json\/wp\/v2\/posts"}],"about":[{"href":"https:\/\/web.consaguirre.com.ar\/noticias\/wp-json\/wp\/v2\/types\/post"}],"author":[{"embeddable":true,"href":"https:\/\/web.consaguirre.com.ar\/noticias\/wp-json\/wp\/v2\/users\/1"}],"replies":[{"embeddable":true,"href":"https:\/\/web.consaguirre.com.ar\/noticias\/wp-json\/wp\/v2\/comments?post=5537"}],"version-history":[{"count":1,"href":"https:\/\/web.consaguirre.com.ar\/noticias\/wp-json\/wp\/v2\/posts\/5537\/revisions"}],"predecessor-version":[{"id":5539,"href":"https:\/\/web.consaguirre.com.ar\/noticias\/wp-json\/wp\/v2\/posts\/5537\/revisions\/5539"}],"wp:featuredmedia":[{"embeddable":true,"href":"https:\/\/web.consaguirre.com.ar\/noticias\/wp-json\/wp\/v2\/media\/5538"}],"wp:attachment":[{"href":"https:\/\/web.consaguirre.com.ar\/noticias\/wp-json\/wp\/v2\/media?parent=5537"}],"wp:term":[{"taxonomy":"category","embeddable":true,"href":"https:\/\/web.consaguirre.com.ar\/noticias\/wp-json\/wp\/v2\/categories?post=5537"},{"taxonomy":"post_tag","embeddable":true,"href":"https:\/\/web.consaguirre.com.ar\/noticias\/wp-json\/wp\/v2\/tags?post=5537"}],"curies":[{"name":"wp","href":"https:\/\/api.w.org\/{rel}","templated":true}]}}