{"id":5532,"date":"2026-04-02T11:39:16","date_gmt":"2026-04-02T14:39:16","guid":{"rendered":"https:\/\/web.consaguirre.com.ar\/noticias\/daniel-caesar-anuncia-su-primera-gira-titular-por-arenas\/"},"modified":"2026-04-02T11:39:16","modified_gmt":"2026-04-02T14:39:16","slug":"daniel-caesar-anuncia-su-primera-gira-titular-por-arenas","status":"publish","type":"post","link":"https:\/\/web.consaguirre.com.ar\/noticias\/daniel-caesar-anuncia-su-primera-gira-titular-por-arenas\/","title":{"rendered":"Daniel Caesar anuncia su primera gira titular por arenas"},"content":{"rendered":"<p>Daniel Caesar ha anunciado su primera gira como titular en apoyo de <i>hijo de spergy<\/i>. La carrera de 2026 comienza el 16 de mayo en Singapur y continuar\u00e1 por Asia antes de pasar a una etapa de 30 fechas en Norteam\u00e9rica con paradas en ciudades como Chicago, Brooklyn, Atlanta, Dallas, San Francisco, Anaheim y Toronto.<\/p>\n<div align=\"center\">\n<div class=\"udiscover-store-container\">\n<div id='udiscover-store-three-product'><\/div>\n<\/div>\n<p>\/*<!(CDATA(*\/(function (){var scriptURL='https:\/\/sdks.shopifycdn.com\/buy-button\/latest\/buy-button-storefront.min.js';if(window.ShopifyBuy){if(window.ShopifyBuy.UI){ShopifyBuyInit();}else{loadScript();}}else{loadScript();}funci\u00f3n loadScript(){var script=document.createElement('script');script.async=true;script.src=scriptURL;(document.getElementsByTagName('head')(0)|| document.getElementsByTagName('body')(0)).appendChild(script);script.onload=ShopifyBuyInit;} function ShopifyBuyInit(){var cliente=ShopifyBuy.buildClient({dominio:'udiscover.myshopify.com',storefrontAccessToken: 'bdc89f347d2ce61c1feeb9f8c60b2b98',}); ShopifyBuy.UI.onReady(cliente).luego(funci\u00f3n(ui){ ui.createComponent('productSet',{ id:(7592109637709,7592109670477,7543115743309), nodo:document.getElementById('udiscover-store-tres-producto'), moneyFormat:'%24%7B%7Bamount%7D%7D', opciones:{&quot;producto&quot;:{&quot;marco flotante&quot;:FALSO,&quot;bot\u00f3nDestino&quot;:&quot;modal&quot;,&quot;contenido&quot;:{&quot;opciones&quot;:verdadero},&quot;texto&quot;:{&quot;bot\u00f3n&quot;:&quot;PEDIR AHORA&quot;,&quot;Agotado&quot;:&quot;Lo sentimos, esto est\u00e1 agotado.&quot;}},&quot;conjunto de productos&quot;:{&quot;marco flotante&quot;:FALSO},&quot;modalProducto&quot;:{&quot;marco flotante&quot;:FALSO,&quot;contenido&quot;:{&quot;imagen&quot;:FALSO,&quot;imgConCarrusel&quot;:verdadero,&quot;bot\u00f3n&quot;:FALSO,&quot;bot\u00f3nConCantidad&quot;:verdadero}},&quot;modal&quot;:{&quot;marco flotante&quot;:FALSO},&quot;opci\u00f3n&quot;:{&quot;marco flotante&quot;:FALSO},&quot;carro&quot;:{&quot;marco flotante&quot;:FALSO},&quot;palanca&quot;:{&quot;marco flotante&quot;:FALSO,&quot;contenido&quot;:{&quot;icono&quot;:FALSO}},&quot;art\u00edculo de l\u00ednea&quot;:{&quot;marco flotante&quot;:FALSO}}, }); }); } })(); \/*))>*\/ <\/div>\n<\/p>\n<p>Los boletos para las fechas de Norteam\u00e9rica estar\u00e1n disponibles a trav\u00e9s de una preventa de artistas a partir del jueves 2 de abril a las 10 a. m. hora local, y la venta general seguir\u00e1 el viernes 3 de abril a las 10 a. m. hora local. Faye Webster y 070 Shake aparecer\u00e1n como soporte en fechas selectas de Am\u00e9rica del Norte, mientras que los detalles de preventa y venta para los shows de Asia se anunciar\u00e1n localmente. La gira tambi\u00e9n incluir\u00e1 siete fechas en Canad\u00e1, incluida una parada en Toronto.<\/p>\n<div class=\"uD-YT-container\"><img decoding=\"async\" src=\"https:\/\/web.consaguirre.com.ar\/noticias\/wp-content\/uploads\/2026\/04\/Daniel-Caesar-anuncia-su-primera-gira-titular-por-arenas.jpg\" alt=\"V\u00eddeo de YouTube\"><br \/>Haga clic para cargar v\u00eddeo<\/div>\n<p>El anuncio llega mientras C\u00e9sar contin\u00faa un fuerte tramo alrededor <i>hijo de spergy<\/i>que se lanz\u00f3 en octubre de 2025 a trav\u00e9s de Republic Records. El \u00e1lbum incluye los sencillos \u201cHave A Baby (With Me)\u201d, \u201cCall On Me\u201d y \u201cMoon\u201d y presenta apariciones de Sampha, Bon Iver, Blood Orange, Yebba, 646yf4t y Norwill Simmonds. En los materiales de prensa, Caesar dice que el proyecto tiene sus ra\u00edces en la reconciliaci\u00f3n con su padre, y agrega: &#8220;El \u00e1lbum trata de darme cuenta de que soy exactamente como \u00e9l. En ese sentido, se trata de tener paciencia, respeto y admiraci\u00f3n por m\u00ed mismo&#8221;.<\/p>\n<p>Las noticias de la gira siguen la reciente racha de actividades de alto perfil de Caesar, incluido un regreso a Tiny Desk de NPR, donde actu\u00f3 con un piano y un coro de 12 integrantes, mientras que el cantante tambi\u00e9n obtuvo un importante reconocimiento en los Premios JUNO 2026, incluido el Premio al Logro Internacional, Mejor Grabaci\u00f3n de R&#038;B Contempor\u00e1neo del A\u00f1o y Compositor del A\u00f1o.<\/p>\n<p><b>Explore la m\u00fasica de Daniel Caesar en vinilo y CD aqu\u00ed.<\/b><\/p>\n","protected":false},"excerpt":{"rendered":"<p>Daniel Caesar ha anunciado su primera gira como titular en apoyo de hijo de spergy. La carrera de 2026 comienza el 16 de mayo en<\/p>\n","protected":false},"author":1,"featured_media":4792,"comment_status":"closed","ping_status":"","sticky":false,"template":"","format":"standard","meta":{"footnotes":""},"categories":[50],"tags":[56,4063,3729,617,492,96,186,4062],"class_list":["post-5532","post","type-post","status-publish","format-standard","has-post-thumbnail","hentry","category-el-ultimo","tag-anuncia","tag-arenas","tag-caesar","tag-daniel","tag-gira","tag-por","tag-primera","tag-titular","generate-columns","tablet-grid-50","mobile-grid-100","grid-parent","grid-50"],"yoast_head":"<!-- This site is optimized with the Yoast SEO plugin v23.3 - https:\/\/yoast.com\/wordpress\/plugins\/seo\/ -->\n<title>Daniel Caesar anuncia su primera gira titular por arenas<\/title>\n<meta name=\"robots\" content=\"index, follow, max-snippet:-1, max-image-preview:large, max-video-preview:-1\" \/>\n<link rel=\"canonical\" href=\"https:\/\/web.consaguirre.com.ar\/noticias\/daniel-caesar-anuncia-su-primera-gira-titular-por-arenas\/\" \/>\n<meta property=\"og:locale\" content=\"es_ES\" \/>\n<meta property=\"og:type\" content=\"article\" \/>\n<meta property=\"og:title\" content=\"Daniel Caesar anuncia su primera gira titular por arenas\" \/>\n<meta property=\"og:description\" content=\"Daniel Caesar ha anunciado su primera gira como titular en apoyo de hijo de spergy. La carrera de 2026 comienza el 16 de mayo en\" \/>\n<meta property=\"og:url\" content=\"https:\/\/web.consaguirre.com.ar\/noticias\/daniel-caesar-anuncia-su-primera-gira-titular-por-arenas\/\" \/>\n<meta property=\"og:site_name\" content=\"Conservatorio de M\u00fasica Juli\u00e1n Aguirre\" \/>\n<meta property=\"article:published_time\" content=\"2026-04-02T14:39:16+00:00\" \/>\n<meta property=\"og:image\" content=\"https:\/\/web.consaguirre.com.ar\/noticias\/wp-content\/uploads\/2026\/01\/Daniel-Caesar-regresa-al-pequeno-escritorio-de-NPR.jpg\" \/>\n\t<meta property=\"og:image:width\" content=\"820\" \/>\n\t<meta property=\"og:image:height\" content=\"820\" \/>\n\t<meta property=\"og:image:type\" content=\"image\/jpeg\" \/>\n<meta name=\"author\" content=\"Javier Figueroa\" \/>\n<meta name=\"twitter:card\" content=\"summary_large_image\" \/>\n<meta name=\"twitter:label1\" content=\"Escrito por\" \/>\n\t<meta name=\"twitter:data1\" content=\"Javier Figueroa\" \/>\n\t<meta name=\"twitter:label2\" content=\"Tiempo de lectura\" \/>\n\t<meta name=\"twitter:data2\" content=\"2 minutos\" \/>\n<script type=\"application\/ld+json\" class=\"yoast-schema-graph\">{\"@context\":\"https:\/\/schema.org\",\"@graph\":[{\"@type\":\"Article\",\"@id\":\"https:\/\/web.consaguirre.com.ar\/noticias\/daniel-caesar-anuncia-su-primera-gira-titular-por-arenas\/#article\",\"isPartOf\":{\"@id\":\"https:\/\/web.consaguirre.com.ar\/noticias\/daniel-caesar-anuncia-su-primera-gira-titular-por-arenas\/\"},\"author\":{\"name\":\"Javier Figueroa\",\"@id\":\"https:\/\/web.consaguirre.com.ar\/noticias\/#\/schema\/person\/6558b0cfedee7ddc5425602b237d5722\"},\"headline\":\"Daniel Caesar anuncia su primera gira titular por arenas\",\"datePublished\":\"2026-04-02T14:39:16+00:00\",\"dateModified\":\"2026-04-02T14:39:16+00:00\",\"mainEntityOfPage\":{\"@id\":\"https:\/\/web.consaguirre.com.ar\/noticias\/daniel-caesar-anuncia-su-primera-gira-titular-por-arenas\/\"},\"wordCount\":349,\"publisher\":{\"@id\":\"https:\/\/web.consaguirre.com.ar\/noticias\/#organization\"},\"image\":{\"@id\":\"https:\/\/web.consaguirre.com.ar\/noticias\/daniel-caesar-anuncia-su-primera-gira-titular-por-arenas\/#primaryimage\"},\"thumbnailUrl\":\"https:\/\/web.consaguirre.com.ar\/noticias\/wp-content\/uploads\/2026\/01\/Daniel-Caesar-regresa-al-pequeno-escritorio-de-NPR.jpg\",\"keywords\":[\"anuncia\",\"arenas\",\"Caesar\",\"Daniel\",\"gira\",\"por\",\"primera\",\"titular\"],\"articleSection\":[\"El \u00faltimo\"],\"inLanguage\":\"es-AR\"},{\"@type\":\"WebPage\",\"@id\":\"https:\/\/web.consaguirre.com.ar\/noticias\/daniel-caesar-anuncia-su-primera-gira-titular-por-arenas\/\",\"url\":\"https:\/\/web.consaguirre.com.ar\/noticias\/daniel-caesar-anuncia-su-primera-gira-titular-por-arenas\/\",\"name\":\"Daniel Caesar anuncia su primera gira titular por arenas\",\"isPartOf\":{\"@id\":\"https:\/\/web.consaguirre.com.ar\/noticias\/#website\"},\"primaryImageOfPage\":{\"@id\":\"https:\/\/web.consaguirre.com.ar\/noticias\/daniel-caesar-anuncia-su-primera-gira-titular-por-arenas\/#primaryimage\"},\"image\":{\"@id\":\"https:\/\/web.consaguirre.com.ar\/noticias\/daniel-caesar-anuncia-su-primera-gira-titular-por-arenas\/#primaryimage\"},\"thumbnailUrl\":\"https:\/\/web.consaguirre.com.ar\/noticias\/wp-content\/uploads\/2026\/01\/Daniel-Caesar-regresa-al-pequeno-escritorio-de-NPR.jpg\",\"datePublished\":\"2026-04-02T14:39:16+00:00\",\"dateModified\":\"2026-04-02T14:39:16+00:00\",\"breadcrumb\":{\"@id\":\"https:\/\/web.consaguirre.com.ar\/noticias\/daniel-caesar-anuncia-su-primera-gira-titular-por-arenas\/#breadcrumb\"},\"inLanguage\":\"es-AR\",\"potentialAction\":[{\"@type\":\"ReadAction\",\"target\":[\"https:\/\/web.consaguirre.com.ar\/noticias\/daniel-caesar-anuncia-su-primera-gira-titular-por-arenas\/\"]}]},{\"@type\":\"ImageObject\",\"inLanguage\":\"es-AR\",\"@id\":\"https:\/\/web.consaguirre.com.ar\/noticias\/daniel-caesar-anuncia-su-primera-gira-titular-por-arenas\/#primaryimage\",\"url\":\"https:\/\/web.consaguirre.com.ar\/noticias\/wp-content\/uploads\/2026\/01\/Daniel-Caesar-regresa-al-pequeno-escritorio-de-NPR.jpg\",\"contentUrl\":\"https:\/\/web.consaguirre.com.ar\/noticias\/wp-content\/uploads\/2026\/01\/Daniel-Caesar-regresa-al-pequeno-escritorio-de-NPR.jpg\",\"width\":820,\"height\":820,\"caption\":\"Daniel Caesar Son of Spergy\"},{\"@type\":\"BreadcrumbList\",\"@id\":\"https:\/\/web.consaguirre.com.ar\/noticias\/daniel-caesar-anuncia-su-primera-gira-titular-por-arenas\/#breadcrumb\",\"itemListElement\":[{\"@type\":\"ListItem\",\"position\":1,\"name\":\"Inicio\",\"item\":\"https:\/\/web.consaguirre.com.ar\/noticias\/\"},{\"@type\":\"ListItem\",\"position\":2,\"name\":\"Daniel Caesar anuncia su primera gira titular por arenas\"}]},{\"@type\":\"WebSite\",\"@id\":\"https:\/\/web.consaguirre.com.ar\/noticias\/#website\",\"url\":\"https:\/\/web.consaguirre.com.ar\/noticias\/\",\"name\":\"Conservatorio de M\u00fasica Juli\u00e1n Aguirre\",\"description\":\"\",\"publisher\":{\"@id\":\"https:\/\/web.consaguirre.com.ar\/noticias\/#organization\"},\"potentialAction\":[{\"@type\":\"SearchAction\",\"target\":{\"@type\":\"EntryPoint\",\"urlTemplate\":\"https:\/\/web.consaguirre.com.ar\/noticias\/?s={search_term_string}\"},\"query-input\":\"required name=search_term_string\"}],\"inLanguage\":\"es-AR\"},{\"@type\":\"Organization\",\"@id\":\"https:\/\/web.consaguirre.com.ar\/noticias\/#organization\",\"name\":\"Conservatorio de M\u00fasica Juli\u00e1n Aguirre\",\"url\":\"https:\/\/web.consaguirre.com.ar\/noticias\/\",\"logo\":{\"@type\":\"ImageObject\",\"inLanguage\":\"es-AR\",\"@id\":\"https:\/\/web.consaguirre.com.ar\/noticias\/#\/schema\/logo\/image\/\",\"url\":\"https:\/\/web.consaguirre.com.ar\/noticias\/wp-content\/uploads\/2024\/08\/Banner-Aguirre-23.jpg\",\"contentUrl\":\"https:\/\/web.consaguirre.com.ar\/noticias\/wp-content\/uploads\/2024\/08\/Banner-Aguirre-23.jpg\",\"width\":1192,\"height\":600,\"caption\":\"Conservatorio de M\u00fasica Juli\u00e1n Aguirre\"},\"image\":{\"@id\":\"https:\/\/web.consaguirre.com.ar\/noticias\/#\/schema\/logo\/image\/\"}},{\"@type\":\"Person\",\"@id\":\"https:\/\/web.consaguirre.com.ar\/noticias\/#\/schema\/person\/6558b0cfedee7ddc5425602b237d5722\",\"name\":\"Javier Figueroa\",\"image\":{\"@type\":\"ImageObject\",\"inLanguage\":\"es-AR\",\"@id\":\"https:\/\/web.consaguirre.com.ar\/noticias\/#\/schema\/person\/image\/\",\"url\":\"https:\/\/web.consaguirre.com.ar\/noticias\/wp-content\/uploads\/2024\/08\/Consaguirre-scaled.jpg\",\"contentUrl\":\"https:\/\/web.consaguirre.com.ar\/noticias\/wp-content\/uploads\/2024\/08\/Consaguirre-scaled.jpg\",\"caption\":\"Javier Figueroa\"},\"description\":\"Me llamo Javier Figueroa y soy redactor para el sitio oficial del Conservatorio de M\u00fasica Juli\u00e1n Aguirre en Buenos Aires, consaguirre.com. Apasionado por la m\u00fasica y la escritura, me esfuerzo por destacar los talentos y eventos de nuestra prestigiosa instituci\u00f3n. Mi trayectoria se nutre de una profunda admiraci\u00f3n por los artistas, haciendo de cada art\u00edculo una celebraci\u00f3n de la creatividad y la cultura musical.\",\"sameAs\":[\"https:\/\/web.consaguirre.com.ar\/noticias\"]}]}<\/script>\n<!-- \/ Yoast SEO plugin. -->","yoast_head_json":{"title":"Daniel Caesar anuncia su primera gira titular por arenas","robots":{"index":"index","follow":"follow","max-snippet":"max-snippet:-1","max-image-preview":"max-image-preview:large","max-video-preview":"max-video-preview:-1"},"canonical":"https:\/\/web.consaguirre.com.ar\/noticias\/daniel-caesar-anuncia-su-primera-gira-titular-por-arenas\/","og_locale":"es_ES","og_type":"article","og_title":"Daniel Caesar anuncia su primera gira titular por arenas","og_description":"Daniel Caesar ha anunciado su primera gira como titular en apoyo de hijo de spergy. La carrera de 2026 comienza el 16 de mayo en","og_url":"https:\/\/web.consaguirre.com.ar\/noticias\/daniel-caesar-anuncia-su-primera-gira-titular-por-arenas\/","og_site_name":"Conservatorio de M\u00fasica Juli\u00e1n Aguirre","article_published_time":"2026-04-02T14:39:16+00:00","og_image":[{"width":820,"height":820,"url":"https:\/\/web.consaguirre.com.ar\/noticias\/wp-content\/uploads\/2026\/01\/Daniel-Caesar-regresa-al-pequeno-escritorio-de-NPR.jpg","type":"image\/jpeg"}],"author":"Javier Figueroa","twitter_card":"summary_large_image","twitter_misc":{"Escrito por":"Javier Figueroa","Tiempo de lectura":"2 minutos"},"schema":{"@context":"https:\/\/schema.org","@graph":[{"@type":"Article","@id":"https:\/\/web.consaguirre.com.ar\/noticias\/daniel-caesar-anuncia-su-primera-gira-titular-por-arenas\/#article","isPartOf":{"@id":"https:\/\/web.consaguirre.com.ar\/noticias\/daniel-caesar-anuncia-su-primera-gira-titular-por-arenas\/"},"author":{"name":"Javier Figueroa","@id":"https:\/\/web.consaguirre.com.ar\/noticias\/#\/schema\/person\/6558b0cfedee7ddc5425602b237d5722"},"headline":"Daniel Caesar anuncia su primera gira titular por arenas","datePublished":"2026-04-02T14:39:16+00:00","dateModified":"2026-04-02T14:39:16+00:00","mainEntityOfPage":{"@id":"https:\/\/web.consaguirre.com.ar\/noticias\/daniel-caesar-anuncia-su-primera-gira-titular-por-arenas\/"},"wordCount":349,"publisher":{"@id":"https:\/\/web.consaguirre.com.ar\/noticias\/#organization"},"image":{"@id":"https:\/\/web.consaguirre.com.ar\/noticias\/daniel-caesar-anuncia-su-primera-gira-titular-por-arenas\/#primaryimage"},"thumbnailUrl":"https:\/\/web.consaguirre.com.ar\/noticias\/wp-content\/uploads\/2026\/01\/Daniel-Caesar-regresa-al-pequeno-escritorio-de-NPR.jpg","keywords":["anuncia","arenas","Caesar","Daniel","gira","por","primera","titular"],"articleSection":["El \u00faltimo"],"inLanguage":"es-AR"},{"@type":"WebPage","@id":"https:\/\/web.consaguirre.com.ar\/noticias\/daniel-caesar-anuncia-su-primera-gira-titular-por-arenas\/","url":"https:\/\/web.consaguirre.com.ar\/noticias\/daniel-caesar-anuncia-su-primera-gira-titular-por-arenas\/","name":"Daniel Caesar anuncia su primera gira titular por arenas","isPartOf":{"@id":"https:\/\/web.consaguirre.com.ar\/noticias\/#website"},"primaryImageOfPage":{"@id":"https:\/\/web.consaguirre.com.ar\/noticias\/daniel-caesar-anuncia-su-primera-gira-titular-por-arenas\/#primaryimage"},"image":{"@id":"https:\/\/web.consaguirre.com.ar\/noticias\/daniel-caesar-anuncia-su-primera-gira-titular-por-arenas\/#primaryimage"},"thumbnailUrl":"https:\/\/web.consaguirre.com.ar\/noticias\/wp-content\/uploads\/2026\/01\/Daniel-Caesar-regresa-al-pequeno-escritorio-de-NPR.jpg","datePublished":"2026-04-02T14:39:16+00:00","dateModified":"2026-04-02T14:39:16+00:00","breadcrumb":{"@id":"https:\/\/web.consaguirre.com.ar\/noticias\/daniel-caesar-anuncia-su-primera-gira-titular-por-arenas\/#breadcrumb"},"inLanguage":"es-AR","potentialAction":[{"@type":"ReadAction","target":["https:\/\/web.consaguirre.com.ar\/noticias\/daniel-caesar-anuncia-su-primera-gira-titular-por-arenas\/"]}]},{"@type":"ImageObject","inLanguage":"es-AR","@id":"https:\/\/web.consaguirre.com.ar\/noticias\/daniel-caesar-anuncia-su-primera-gira-titular-por-arenas\/#primaryimage","url":"https:\/\/web.consaguirre.com.ar\/noticias\/wp-content\/uploads\/2026\/01\/Daniel-Caesar-regresa-al-pequeno-escritorio-de-NPR.jpg","contentUrl":"https:\/\/web.consaguirre.com.ar\/noticias\/wp-content\/uploads\/2026\/01\/Daniel-Caesar-regresa-al-pequeno-escritorio-de-NPR.jpg","width":820,"height":820,"caption":"Daniel Caesar Son of Spergy"},{"@type":"BreadcrumbList","@id":"https:\/\/web.consaguirre.com.ar\/noticias\/daniel-caesar-anuncia-su-primera-gira-titular-por-arenas\/#breadcrumb","itemListElement":[{"@type":"ListItem","position":1,"name":"Inicio","item":"https:\/\/web.consaguirre.com.ar\/noticias\/"},{"@type":"ListItem","position":2,"name":"Daniel Caesar anuncia su primera gira titular por arenas"}]},{"@type":"WebSite","@id":"https:\/\/web.consaguirre.com.ar\/noticias\/#website","url":"https:\/\/web.consaguirre.com.ar\/noticias\/","name":"Conservatorio de M\u00fasica Juli\u00e1n Aguirre","description":"","publisher":{"@id":"https:\/\/web.consaguirre.com.ar\/noticias\/#organization"},"potentialAction":[{"@type":"SearchAction","target":{"@type":"EntryPoint","urlTemplate":"https:\/\/web.consaguirre.com.ar\/noticias\/?s={search_term_string}"},"query-input":"required name=search_term_string"}],"inLanguage":"es-AR"},{"@type":"Organization","@id":"https:\/\/web.consaguirre.com.ar\/noticias\/#organization","name":"Conservatorio de M\u00fasica Juli\u00e1n Aguirre","url":"https:\/\/web.consaguirre.com.ar\/noticias\/","logo":{"@type":"ImageObject","inLanguage":"es-AR","@id":"https:\/\/web.consaguirre.com.ar\/noticias\/#\/schema\/logo\/image\/","url":"https:\/\/web.consaguirre.com.ar\/noticias\/wp-content\/uploads\/2024\/08\/Banner-Aguirre-23.jpg","contentUrl":"https:\/\/web.consaguirre.com.ar\/noticias\/wp-content\/uploads\/2024\/08\/Banner-Aguirre-23.jpg","width":1192,"height":600,"caption":"Conservatorio de M\u00fasica Juli\u00e1n Aguirre"},"image":{"@id":"https:\/\/web.consaguirre.com.ar\/noticias\/#\/schema\/logo\/image\/"}},{"@type":"Person","@id":"https:\/\/web.consaguirre.com.ar\/noticias\/#\/schema\/person\/6558b0cfedee7ddc5425602b237d5722","name":"Javier Figueroa","image":{"@type":"ImageObject","inLanguage":"es-AR","@id":"https:\/\/web.consaguirre.com.ar\/noticias\/#\/schema\/person\/image\/","url":"https:\/\/web.consaguirre.com.ar\/noticias\/wp-content\/uploads\/2024\/08\/Consaguirre-scaled.jpg","contentUrl":"https:\/\/web.consaguirre.com.ar\/noticias\/wp-content\/uploads\/2024\/08\/Consaguirre-scaled.jpg","caption":"Javier Figueroa"},"description":"Me llamo Javier Figueroa y soy redactor para el sitio oficial del Conservatorio de M\u00fasica Juli\u00e1n Aguirre en Buenos Aires, consaguirre.com. Apasionado por la m\u00fasica y la escritura, me esfuerzo por destacar los talentos y eventos de nuestra prestigiosa instituci\u00f3n. Mi trayectoria se nutre de una profunda admiraci\u00f3n por los artistas, haciendo de cada art\u00edculo una celebraci\u00f3n de la creatividad y la cultura musical.","sameAs":["https:\/\/web.consaguirre.com.ar\/noticias"]}]}},"_links":{"self":[{"href":"https:\/\/web.consaguirre.com.ar\/noticias\/wp-json\/wp\/v2\/posts\/5532"}],"collection":[{"href":"https:\/\/web.consaguirre.com.ar\/noticias\/wp-json\/wp\/v2\/posts"}],"about":[{"href":"https:\/\/web.consaguirre.com.ar\/noticias\/wp-json\/wp\/v2\/types\/post"}],"author":[{"embeddable":true,"href":"https:\/\/web.consaguirre.com.ar\/noticias\/wp-json\/wp\/v2\/users\/1"}],"replies":[{"embeddable":true,"href":"https:\/\/web.consaguirre.com.ar\/noticias\/wp-json\/wp\/v2\/comments?post=5532"}],"version-history":[{"count":1,"href":"https:\/\/web.consaguirre.com.ar\/noticias\/wp-json\/wp\/v2\/posts\/5532\/revisions"}],"predecessor-version":[{"id":5533,"href":"https:\/\/web.consaguirre.com.ar\/noticias\/wp-json\/wp\/v2\/posts\/5532\/revisions\/5533"}],"wp:featuredmedia":[{"embeddable":true,"href":"https:\/\/web.consaguirre.com.ar\/noticias\/wp-json\/wp\/v2\/media\/4792"}],"wp:attachment":[{"href":"https:\/\/web.consaguirre.com.ar\/noticias\/wp-json\/wp\/v2\/media?parent=5532"}],"wp:term":[{"taxonomy":"category","embeddable":true,"href":"https:\/\/web.consaguirre.com.ar\/noticias\/wp-json\/wp\/v2\/categories?post=5532"},{"taxonomy":"post_tag","embeddable":true,"href":"https:\/\/web.consaguirre.com.ar\/noticias\/wp-json\/wp\/v2\/tags?post=5532"}],"curies":[{"name":"wp","href":"https:\/\/api.w.org\/{rel}","templated":true}]}}