{"id":553,"date":"2024-09-11T19:38:22","date_gmt":"2024-09-11T22:38:22","guid":{"rendered":"https:\/\/web.consaguirre.com.ar\/noticias\/fonovisa-disa-lanza-tienda-oficial-de-musica-y-merchandising\/"},"modified":"2024-09-11T19:38:26","modified_gmt":"2024-09-11T22:38:26","slug":"fonovisa-disa-lanza-tienda-oficial-de-musica-y-merchandising","status":"publish","type":"post","link":"https:\/\/web.consaguirre.com.ar\/noticias\/fonovisa-disa-lanza-tienda-oficial-de-musica-y-merchandising\/","title":{"rendered":"Fonovisa-Disa lanza tienda oficial de m\u00fasica y merchandising"},"content":{"rendered":"<p>Fonovisa y Disa han anunciado que han lanzado una historia exclusiva desde la que los fans podr\u00e1n adquirir m\u00fasica y mercanc\u00eda de los mejores artistas regionales mexicanos. <\/p>\n<p>Los productos exclusivos provienen de actos como <strong>Los Tigres del Norte<\/strong>Adriel Favela, Majo Aguilar y muchos m\u00e1s. Otros aspectos destacados incluyen ediciones coleccionables y reediciones de los \u00e1lbumes m\u00e1s emblem\u00e1ticos del g\u00e9nero, incluidos trabajos celebrados como <em>Banda El Recodo<\/em>, <em>La Arrolladora Banda El Lim\u00f3n<\/em>, <em>Calibre 50<\/em>y otros.<\/p>\n<p>En mayo, <strong>se inaugur\u00f3 el museo de Los Tigres del Norte en Mocorito,<\/strong> Sinaloa. De este evento formaron parte el Gobernador Constitucional de Sinaloa, Dr. Rub\u00e9n Rocha Moya, y la Presidenta Municipal de Mocorito, Mar\u00eda Elizalde Ruelas, entre otros distinguidos asistentes.<\/p>\n<p>Mar\u00eda Elizalde Ruelas inaugur\u00f3 la velada y se dirigi\u00f3 al p\u00fablico, medios de comunicaci\u00f3n y miembros de Los Tigres del Norte, anunciando que estaban muy contentos de contar con la presencia de la agrupaci\u00f3n para este evento conmemorativo, y destac\u00f3 que el museo llegaba despu\u00e9s de cuatro a\u00f1os de trabajo.<\/p>\n<p>Entre los artefactos que se encuentran en el museo se encuentran el primer disco que grabaron en 1968, piezas originales y m\u00e1s. La banda se qued\u00f3 para cortar la cinta e inaugurar el museo. Adem\u00e1s, vendieron la primera entrada al evento, descubrieron una placa y celebraron con los asistentes, quienes les ofrecieron una ovaci\u00f3n de pie.<\/p>\n<p>Posterior a la inauguraci\u00f3n se llev\u00f3 a cabo una conferencia de prensa en donde Alfredo Delgadillo, CEO &#038; Presidente de Universal Music M\u00e9xico\/Fonovisa-Disa y Antonio Silva, Director General de Fonovisa-Disa M\u00e9xico y Estados Unidos, fueron los encargados de presentarlos. Este ambiente m\u00e1s \u00edntimo permiti\u00f3 que la banda \u2013Jorge, Hern\u00e1n, Eduardo, Luis y Oscar\u2013 pudiera reunirse de una manera m\u00e1s discreta con los medios de comunicaci\u00f3n que desde temprano hab\u00edan estado cubriendo los diferentes eventos. El grupo amablemente les hizo todas las preguntas que se les hicieron, respecto a su historia, el museo y m\u00e1s.<\/p>\n<p><strong>Visita la tienda oficial de Fonovisa-Disa.<\/strong><\/p>\n","protected":false},"excerpt":{"rendered":"<p>Fonovisa y Disa han anunciado que han lanzado una historia exclusiva desde la que los fans podr\u00e1n adquirir m\u00fasica y mercanc\u00eda de los mejores artistas<\/p>\n","protected":false},"author":1,"featured_media":554,"comment_status":"closed","ping_status":"","sticky":false,"template":"","format":"standard","meta":{"footnotes":""},"categories":[50],"tags":[629,218,633,632,631,630],"class_list":["post-553","post","type-post","status-publish","format-standard","has-post-thumbnail","hentry","category-el-ultimo","tag-fonovisadisa","tag-lanza","tag-merchandising","tag-musica","tag-oficial","tag-tienda","generate-columns","tablet-grid-50","mobile-grid-100","grid-parent","grid-50"],"yoast_head":"<!-- This site is optimized with the Yoast SEO plugin v23.3 - https:\/\/yoast.com\/wordpress\/plugins\/seo\/ -->\n<title>Fonovisa-Disa lanza tienda oficial de m\u00fasica y merchandising<\/title>\n<meta name=\"robots\" content=\"index, follow, max-snippet:-1, max-image-preview:large, max-video-preview:-1\" \/>\n<link rel=\"canonical\" href=\"https:\/\/web.consaguirre.com.ar\/noticias\/fonovisa-disa-lanza-tienda-oficial-de-musica-y-merchandising\/\" \/>\n<meta property=\"og:locale\" content=\"es_ES\" \/>\n<meta property=\"og:type\" content=\"article\" \/>\n<meta property=\"og:title\" content=\"Fonovisa-Disa lanza tienda oficial de m\u00fasica y merchandising\" \/>\n<meta property=\"og:description\" content=\"Fonovisa y Disa han anunciado que han lanzado una historia exclusiva desde la que los fans podr\u00e1n adquirir m\u00fasica y mercanc\u00eda de los mejores artistas\" \/>\n<meta property=\"og:url\" content=\"https:\/\/web.consaguirre.com.ar\/noticias\/fonovisa-disa-lanza-tienda-oficial-de-musica-y-merchandising\/\" \/>\n<meta property=\"og:site_name\" content=\"Conservatorio de M\u00fasica Juli\u00e1n Aguirre\" \/>\n<meta property=\"article:published_time\" content=\"2024-09-11T22:38:22+00:00\" \/>\n<meta property=\"article:modified_time\" content=\"2024-09-11T22:38:26+00:00\" \/>\n<meta property=\"og:image\" content=\"https:\/\/web.consaguirre.com.ar\/noticias\/wp-content\/uploads\/2024\/09\/Fonovisa-Disa-lanza-tienda-oficial-de-musica-y-merchandising.jpg\" \/>\n\t<meta property=\"og:image:width\" content=\"1280\" \/>\n\t<meta property=\"og:image:height\" content=\"1280\" \/>\n\t<meta property=\"og:image:type\" content=\"image\/jpeg\" \/>\n<meta name=\"author\" content=\"Javier Figueroa\" \/>\n<meta name=\"twitter:card\" content=\"summary_large_image\" \/>\n<meta name=\"twitter:label1\" content=\"Escrito por\" \/>\n\t<meta name=\"twitter:data1\" content=\"Javier Figueroa\" \/>\n\t<meta name=\"twitter:label2\" content=\"Tiempo de lectura\" \/>\n\t<meta name=\"twitter:data2\" content=\"2 minutos\" \/>\n<script type=\"application\/ld+json\" class=\"yoast-schema-graph\">{\"@context\":\"https:\/\/schema.org\",\"@graph\":[{\"@type\":\"Article\",\"@id\":\"https:\/\/web.consaguirre.com.ar\/noticias\/fonovisa-disa-lanza-tienda-oficial-de-musica-y-merchandising\/#article\",\"isPartOf\":{\"@id\":\"https:\/\/web.consaguirre.com.ar\/noticias\/fonovisa-disa-lanza-tienda-oficial-de-musica-y-merchandising\/\"},\"author\":{\"name\":\"Javier Figueroa\",\"@id\":\"https:\/\/web.consaguirre.com.ar\/noticias\/#\/schema\/person\/6558b0cfedee7ddc5425602b237d5722\"},\"headline\":\"Fonovisa-Disa lanza tienda oficial de m\u00fasica y merchandising\",\"datePublished\":\"2024-09-11T22:38:22+00:00\",\"dateModified\":\"2024-09-11T22:38:26+00:00\",\"mainEntityOfPage\":{\"@id\":\"https:\/\/web.consaguirre.com.ar\/noticias\/fonovisa-disa-lanza-tienda-oficial-de-musica-y-merchandising\/\"},\"wordCount\":357,\"publisher\":{\"@id\":\"https:\/\/web.consaguirre.com.ar\/noticias\/#organization\"},\"image\":{\"@id\":\"https:\/\/web.consaguirre.com.ar\/noticias\/fonovisa-disa-lanza-tienda-oficial-de-musica-y-merchandising\/#primaryimage\"},\"thumbnailUrl\":\"https:\/\/web.consaguirre.com.ar\/noticias\/wp-content\/uploads\/2024\/09\/Fonovisa-Disa-lanza-tienda-oficial-de-musica-y-merchandising.jpg\",\"keywords\":[\"FonovisaDisa\",\"lanza\",\"merchandising\",\"m\u00fasica\",\"oficial\",\"tienda\"],\"articleSection\":[\"El \u00faltimo\"],\"inLanguage\":\"es-AR\"},{\"@type\":\"WebPage\",\"@id\":\"https:\/\/web.consaguirre.com.ar\/noticias\/fonovisa-disa-lanza-tienda-oficial-de-musica-y-merchandising\/\",\"url\":\"https:\/\/web.consaguirre.com.ar\/noticias\/fonovisa-disa-lanza-tienda-oficial-de-musica-y-merchandising\/\",\"name\":\"Fonovisa-Disa lanza tienda oficial de m\u00fasica y merchandising\",\"isPartOf\":{\"@id\":\"https:\/\/web.consaguirre.com.ar\/noticias\/#website\"},\"primaryImageOfPage\":{\"@id\":\"https:\/\/web.consaguirre.com.ar\/noticias\/fonovisa-disa-lanza-tienda-oficial-de-musica-y-merchandising\/#primaryimage\"},\"image\":{\"@id\":\"https:\/\/web.consaguirre.com.ar\/noticias\/fonovisa-disa-lanza-tienda-oficial-de-musica-y-merchandising\/#primaryimage\"},\"thumbnailUrl\":\"https:\/\/web.consaguirre.com.ar\/noticias\/wp-content\/uploads\/2024\/09\/Fonovisa-Disa-lanza-tienda-oficial-de-musica-y-merchandising.jpg\",\"datePublished\":\"2024-09-11T22:38:22+00:00\",\"dateModified\":\"2024-09-11T22:38:26+00:00\",\"breadcrumb\":{\"@id\":\"https:\/\/web.consaguirre.com.ar\/noticias\/fonovisa-disa-lanza-tienda-oficial-de-musica-y-merchandising\/#breadcrumb\"},\"inLanguage\":\"es-AR\",\"potentialAction\":[{\"@type\":\"ReadAction\",\"target\":[\"https:\/\/web.consaguirre.com.ar\/noticias\/fonovisa-disa-lanza-tienda-oficial-de-musica-y-merchandising\/\"]}]},{\"@type\":\"ImageObject\",\"inLanguage\":\"es-AR\",\"@id\":\"https:\/\/web.consaguirre.com.ar\/noticias\/fonovisa-disa-lanza-tienda-oficial-de-musica-y-merchandising\/#primaryimage\",\"url\":\"https:\/\/web.consaguirre.com.ar\/noticias\/wp-content\/uploads\/2024\/09\/Fonovisa-Disa-lanza-tienda-oficial-de-musica-y-merchandising.jpg\",\"contentUrl\":\"https:\/\/web.consaguirre.com.ar\/noticias\/wp-content\/uploads\/2024\/09\/Fonovisa-Disa-lanza-tienda-oficial-de-musica-y-merchandising.jpg\",\"width\":1280,\"height\":1280,\"caption\":\"Fonovisa Records - Photo: Courtesy of Fonovisa Records\"},{\"@type\":\"BreadcrumbList\",\"@id\":\"https:\/\/web.consaguirre.com.ar\/noticias\/fonovisa-disa-lanza-tienda-oficial-de-musica-y-merchandising\/#breadcrumb\",\"itemListElement\":[{\"@type\":\"ListItem\",\"position\":1,\"name\":\"Inicio\",\"item\":\"https:\/\/web.consaguirre.com.ar\/noticias\/\"},{\"@type\":\"ListItem\",\"position\":2,\"name\":\"Fonovisa-Disa lanza tienda oficial de m\u00fasica y merchandising\"}]},{\"@type\":\"WebSite\",\"@id\":\"https:\/\/web.consaguirre.com.ar\/noticias\/#website\",\"url\":\"https:\/\/web.consaguirre.com.ar\/noticias\/\",\"name\":\"Conservatorio de M\u00fasica Juli\u00e1n Aguirre\",\"description\":\"\",\"publisher\":{\"@id\":\"https:\/\/web.consaguirre.com.ar\/noticias\/#organization\"},\"potentialAction\":[{\"@type\":\"SearchAction\",\"target\":{\"@type\":\"EntryPoint\",\"urlTemplate\":\"https:\/\/web.consaguirre.com.ar\/noticias\/?s={search_term_string}\"},\"query-input\":\"required name=search_term_string\"}],\"inLanguage\":\"es-AR\"},{\"@type\":\"Organization\",\"@id\":\"https:\/\/web.consaguirre.com.ar\/noticias\/#organization\",\"name\":\"Conservatorio de M\u00fasica Juli\u00e1n Aguirre\",\"url\":\"https:\/\/web.consaguirre.com.ar\/noticias\/\",\"logo\":{\"@type\":\"ImageObject\",\"inLanguage\":\"es-AR\",\"@id\":\"https:\/\/web.consaguirre.com.ar\/noticias\/#\/schema\/logo\/image\/\",\"url\":\"https:\/\/web.consaguirre.com.ar\/noticias\/wp-content\/uploads\/2024\/08\/Banner-Aguirre-23.jpg\",\"contentUrl\":\"https:\/\/web.consaguirre.com.ar\/noticias\/wp-content\/uploads\/2024\/08\/Banner-Aguirre-23.jpg\",\"width\":1192,\"height\":600,\"caption\":\"Conservatorio de M\u00fasica Juli\u00e1n Aguirre\"},\"image\":{\"@id\":\"https:\/\/web.consaguirre.com.ar\/noticias\/#\/schema\/logo\/image\/\"}},{\"@type\":\"Person\",\"@id\":\"https:\/\/web.consaguirre.com.ar\/noticias\/#\/schema\/person\/6558b0cfedee7ddc5425602b237d5722\",\"name\":\"Javier Figueroa\",\"image\":{\"@type\":\"ImageObject\",\"inLanguage\":\"es-AR\",\"@id\":\"https:\/\/web.consaguirre.com.ar\/noticias\/#\/schema\/person\/image\/\",\"url\":\"https:\/\/web.consaguirre.com.ar\/noticias\/wp-content\/uploads\/2024\/08\/Consaguirre-scaled.jpg\",\"contentUrl\":\"https:\/\/web.consaguirre.com.ar\/noticias\/wp-content\/uploads\/2024\/08\/Consaguirre-scaled.jpg\",\"caption\":\"Javier Figueroa\"},\"description\":\"Me llamo Javier Figueroa y soy redactor para el sitio oficial del Conservatorio de M\u00fasica Juli\u00e1n Aguirre en Buenos Aires, consaguirre.com. Apasionado por la m\u00fasica y la escritura, me esfuerzo por destacar los talentos y eventos de nuestra prestigiosa instituci\u00f3n. Mi trayectoria se nutre de una profunda admiraci\u00f3n por los artistas, haciendo de cada art\u00edculo una celebraci\u00f3n de la creatividad y la cultura musical.\",\"sameAs\":[\"https:\/\/web.consaguirre.com.ar\/noticias\"]}]}<\/script>\n<!-- \/ Yoast SEO plugin. -->","yoast_head_json":{"title":"Fonovisa-Disa lanza tienda oficial de m\u00fasica y merchandising","robots":{"index":"index","follow":"follow","max-snippet":"max-snippet:-1","max-image-preview":"max-image-preview:large","max-video-preview":"max-video-preview:-1"},"canonical":"https:\/\/web.consaguirre.com.ar\/noticias\/fonovisa-disa-lanza-tienda-oficial-de-musica-y-merchandising\/","og_locale":"es_ES","og_type":"article","og_title":"Fonovisa-Disa lanza tienda oficial de m\u00fasica y merchandising","og_description":"Fonovisa y Disa han anunciado que han lanzado una historia exclusiva desde la que los fans podr\u00e1n adquirir m\u00fasica y mercanc\u00eda de los mejores artistas","og_url":"https:\/\/web.consaguirre.com.ar\/noticias\/fonovisa-disa-lanza-tienda-oficial-de-musica-y-merchandising\/","og_site_name":"Conservatorio de M\u00fasica Juli\u00e1n Aguirre","article_published_time":"2024-09-11T22:38:22+00:00","article_modified_time":"2024-09-11T22:38:26+00:00","og_image":[{"width":1280,"height":1280,"url":"https:\/\/web.consaguirre.com.ar\/noticias\/wp-content\/uploads\/2024\/09\/Fonovisa-Disa-lanza-tienda-oficial-de-musica-y-merchandising.jpg","type":"image\/jpeg"}],"author":"Javier Figueroa","twitter_card":"summary_large_image","twitter_misc":{"Escrito por":"Javier Figueroa","Tiempo de lectura":"2 minutos"},"schema":{"@context":"https:\/\/schema.org","@graph":[{"@type":"Article","@id":"https:\/\/web.consaguirre.com.ar\/noticias\/fonovisa-disa-lanza-tienda-oficial-de-musica-y-merchandising\/#article","isPartOf":{"@id":"https:\/\/web.consaguirre.com.ar\/noticias\/fonovisa-disa-lanza-tienda-oficial-de-musica-y-merchandising\/"},"author":{"name":"Javier Figueroa","@id":"https:\/\/web.consaguirre.com.ar\/noticias\/#\/schema\/person\/6558b0cfedee7ddc5425602b237d5722"},"headline":"Fonovisa-Disa lanza tienda oficial de m\u00fasica y merchandising","datePublished":"2024-09-11T22:38:22+00:00","dateModified":"2024-09-11T22:38:26+00:00","mainEntityOfPage":{"@id":"https:\/\/web.consaguirre.com.ar\/noticias\/fonovisa-disa-lanza-tienda-oficial-de-musica-y-merchandising\/"},"wordCount":357,"publisher":{"@id":"https:\/\/web.consaguirre.com.ar\/noticias\/#organization"},"image":{"@id":"https:\/\/web.consaguirre.com.ar\/noticias\/fonovisa-disa-lanza-tienda-oficial-de-musica-y-merchandising\/#primaryimage"},"thumbnailUrl":"https:\/\/web.consaguirre.com.ar\/noticias\/wp-content\/uploads\/2024\/09\/Fonovisa-Disa-lanza-tienda-oficial-de-musica-y-merchandising.jpg","keywords":["FonovisaDisa","lanza","merchandising","m\u00fasica","oficial","tienda"],"articleSection":["El \u00faltimo"],"inLanguage":"es-AR"},{"@type":"WebPage","@id":"https:\/\/web.consaguirre.com.ar\/noticias\/fonovisa-disa-lanza-tienda-oficial-de-musica-y-merchandising\/","url":"https:\/\/web.consaguirre.com.ar\/noticias\/fonovisa-disa-lanza-tienda-oficial-de-musica-y-merchandising\/","name":"Fonovisa-Disa lanza tienda oficial de m\u00fasica y merchandising","isPartOf":{"@id":"https:\/\/web.consaguirre.com.ar\/noticias\/#website"},"primaryImageOfPage":{"@id":"https:\/\/web.consaguirre.com.ar\/noticias\/fonovisa-disa-lanza-tienda-oficial-de-musica-y-merchandising\/#primaryimage"},"image":{"@id":"https:\/\/web.consaguirre.com.ar\/noticias\/fonovisa-disa-lanza-tienda-oficial-de-musica-y-merchandising\/#primaryimage"},"thumbnailUrl":"https:\/\/web.consaguirre.com.ar\/noticias\/wp-content\/uploads\/2024\/09\/Fonovisa-Disa-lanza-tienda-oficial-de-musica-y-merchandising.jpg","datePublished":"2024-09-11T22:38:22+00:00","dateModified":"2024-09-11T22:38:26+00:00","breadcrumb":{"@id":"https:\/\/web.consaguirre.com.ar\/noticias\/fonovisa-disa-lanza-tienda-oficial-de-musica-y-merchandising\/#breadcrumb"},"inLanguage":"es-AR","potentialAction":[{"@type":"ReadAction","target":["https:\/\/web.consaguirre.com.ar\/noticias\/fonovisa-disa-lanza-tienda-oficial-de-musica-y-merchandising\/"]}]},{"@type":"ImageObject","inLanguage":"es-AR","@id":"https:\/\/web.consaguirre.com.ar\/noticias\/fonovisa-disa-lanza-tienda-oficial-de-musica-y-merchandising\/#primaryimage","url":"https:\/\/web.consaguirre.com.ar\/noticias\/wp-content\/uploads\/2024\/09\/Fonovisa-Disa-lanza-tienda-oficial-de-musica-y-merchandising.jpg","contentUrl":"https:\/\/web.consaguirre.com.ar\/noticias\/wp-content\/uploads\/2024\/09\/Fonovisa-Disa-lanza-tienda-oficial-de-musica-y-merchandising.jpg","width":1280,"height":1280,"caption":"Fonovisa Records - Photo: Courtesy of Fonovisa Records"},{"@type":"BreadcrumbList","@id":"https:\/\/web.consaguirre.com.ar\/noticias\/fonovisa-disa-lanza-tienda-oficial-de-musica-y-merchandising\/#breadcrumb","itemListElement":[{"@type":"ListItem","position":1,"name":"Inicio","item":"https:\/\/web.consaguirre.com.ar\/noticias\/"},{"@type":"ListItem","position":2,"name":"Fonovisa-Disa lanza tienda oficial de m\u00fasica y merchandising"}]},{"@type":"WebSite","@id":"https:\/\/web.consaguirre.com.ar\/noticias\/#website","url":"https:\/\/web.consaguirre.com.ar\/noticias\/","name":"Conservatorio de M\u00fasica Juli\u00e1n Aguirre","description":"","publisher":{"@id":"https:\/\/web.consaguirre.com.ar\/noticias\/#organization"},"potentialAction":[{"@type":"SearchAction","target":{"@type":"EntryPoint","urlTemplate":"https:\/\/web.consaguirre.com.ar\/noticias\/?s={search_term_string}"},"query-input":"required name=search_term_string"}],"inLanguage":"es-AR"},{"@type":"Organization","@id":"https:\/\/web.consaguirre.com.ar\/noticias\/#organization","name":"Conservatorio de M\u00fasica Juli\u00e1n Aguirre","url":"https:\/\/web.consaguirre.com.ar\/noticias\/","logo":{"@type":"ImageObject","inLanguage":"es-AR","@id":"https:\/\/web.consaguirre.com.ar\/noticias\/#\/schema\/logo\/image\/","url":"https:\/\/web.consaguirre.com.ar\/noticias\/wp-content\/uploads\/2024\/08\/Banner-Aguirre-23.jpg","contentUrl":"https:\/\/web.consaguirre.com.ar\/noticias\/wp-content\/uploads\/2024\/08\/Banner-Aguirre-23.jpg","width":1192,"height":600,"caption":"Conservatorio de M\u00fasica Juli\u00e1n Aguirre"},"image":{"@id":"https:\/\/web.consaguirre.com.ar\/noticias\/#\/schema\/logo\/image\/"}},{"@type":"Person","@id":"https:\/\/web.consaguirre.com.ar\/noticias\/#\/schema\/person\/6558b0cfedee7ddc5425602b237d5722","name":"Javier Figueroa","image":{"@type":"ImageObject","inLanguage":"es-AR","@id":"https:\/\/web.consaguirre.com.ar\/noticias\/#\/schema\/person\/image\/","url":"https:\/\/web.consaguirre.com.ar\/noticias\/wp-content\/uploads\/2024\/08\/Consaguirre-scaled.jpg","contentUrl":"https:\/\/web.consaguirre.com.ar\/noticias\/wp-content\/uploads\/2024\/08\/Consaguirre-scaled.jpg","caption":"Javier Figueroa"},"description":"Me llamo Javier Figueroa y soy redactor para el sitio oficial del Conservatorio de M\u00fasica Juli\u00e1n Aguirre en Buenos Aires, consaguirre.com. Apasionado por la m\u00fasica y la escritura, me esfuerzo por destacar los talentos y eventos de nuestra prestigiosa instituci\u00f3n. Mi trayectoria se nutre de una profunda admiraci\u00f3n por los artistas, haciendo de cada art\u00edculo una celebraci\u00f3n de la creatividad y la cultura musical.","sameAs":["https:\/\/web.consaguirre.com.ar\/noticias"]}]}},"_links":{"self":[{"href":"https:\/\/web.consaguirre.com.ar\/noticias\/wp-json\/wp\/v2\/posts\/553"}],"collection":[{"href":"https:\/\/web.consaguirre.com.ar\/noticias\/wp-json\/wp\/v2\/posts"}],"about":[{"href":"https:\/\/web.consaguirre.com.ar\/noticias\/wp-json\/wp\/v2\/types\/post"}],"author":[{"embeddable":true,"href":"https:\/\/web.consaguirre.com.ar\/noticias\/wp-json\/wp\/v2\/users\/1"}],"replies":[{"embeddable":true,"href":"https:\/\/web.consaguirre.com.ar\/noticias\/wp-json\/wp\/v2\/comments?post=553"}],"version-history":[{"count":1,"href":"https:\/\/web.consaguirre.com.ar\/noticias\/wp-json\/wp\/v2\/posts\/553\/revisions"}],"predecessor-version":[{"id":555,"href":"https:\/\/web.consaguirre.com.ar\/noticias\/wp-json\/wp\/v2\/posts\/553\/revisions\/555"}],"wp:featuredmedia":[{"embeddable":true,"href":"https:\/\/web.consaguirre.com.ar\/noticias\/wp-json\/wp\/v2\/media\/554"}],"wp:attachment":[{"href":"https:\/\/web.consaguirre.com.ar\/noticias\/wp-json\/wp\/v2\/media?parent=553"}],"wp:term":[{"taxonomy":"category","embeddable":true,"href":"https:\/\/web.consaguirre.com.ar\/noticias\/wp-json\/wp\/v2\/categories?post=553"},{"taxonomy":"post_tag","embeddable":true,"href":"https:\/\/web.consaguirre.com.ar\/noticias\/wp-json\/wp\/v2\/tags?post=553"}],"curies":[{"name":"wp","href":"https:\/\/api.w.org\/{rel}","templated":true}]}}