{"id":5529,"date":"2026-04-02T05:41:24","date_gmt":"2026-04-02T08:41:24","guid":{"rendered":"https:\/\/web.consaguirre.com.ar\/noticias\/chxrry-comparte-el-salon-de-la-fama-y-confirma-el-album-debut-u-me-and-my-ego\/"},"modified":"2026-04-02T05:41:26","modified_gmt":"2026-04-02T08:41:26","slug":"chxrry-comparte-el-salon-de-la-fama-y-confirma-el-album-debut-u-me-and-my-ego","status":"publish","type":"post","link":"https:\/\/web.consaguirre.com.ar\/noticias\/chxrry-comparte-el-salon-de-la-fama-y-confirma-el-album-debut-u-me-and-my-ego\/","title":{"rendered":"Chxrry comparte el &#8216;Sal\u00f3n de la fama&#8217; y confirma el \u00e1lbum debut &#8216;U, Me, And My Ego&#8217;"},"content":{"rendered":"<p>La cantante en ascenso nacida en Toronto ha regresado con un nuevo sencillo titulado \u201cHall Of Fame\u201d, que ya est\u00e1 disponible a trav\u00e9s de XO Records\/Republic Records. El nuevo single coincide con otras noticias interesantes: el \u00e1lbum debut de Chxrry, <em>T\u00fa, yo y mi ego<\/em> est\u00e1 oficialmente en camino.<\/p>\n<p>La canci\u00f3n, que presenta a Chxrry cantando sobre un ritmo que proviene de diferentes vertientes de m\u00fasica electr\u00f3nica y dance, fue producida por Believve. El himno de autoempoderamiento presenta a Chxrry cantando durante el coro: &#8220;Lo s\u00e9, soy demasiado sexy para ir a casa\/ Mm, no duermas, cari\u00f1o, no quieres perderte el espect\u00e1culo&#8221;.<\/p>\n<p>Aunque \u201cHall Of Fame\u201d marca el comienzo de una nueva era para Chxrry, tambi\u00e9n se\u00f1ala el final de una \u00e9poca muy emocionante para la primera artista femenina de XO. Chxrry comenz\u00f3 el a\u00f1o en el extranjero apoyando a Mariah The Scientist en su gira europea. La nueva canci\u00f3n tambi\u00e9n sigue a los sencillos de 2025 de Chxrry, \u201cGroupie\u201d y \u201cMain Character\u201d.<\/p>\n<div class=\"uD-YT-container\"><img decoding=\"async\" src=\"https:\/\/web.consaguirre.com.ar\/noticias\/wp-content\/uploads\/2026\/04\/1775119284_19_Chxrry-comparte-el-Salon-de-la-fama-y-confirma-el.jpg\" alt=\"V\u00eddeo de YouTube\"><br \/>Haga clic para cargar v\u00eddeo<\/div>\n<p>Chxrry habl\u00f3 con <em>Revista v\u00edbora<\/em> el mes pasado para hablar sobre su r\u00e1pido ascenso y esta pr\u00f3xima era de nueva m\u00fasica. Aunque la cantante firm\u00f3 un acuerdo con XO hace menos de cinco a\u00f1os, sugiri\u00f3 que su ascenso ha tomado m\u00e1s tiempo de lo que los fan\u00e1ticos podr\u00edan pensar, y agreg\u00f3 que no est\u00e1 cerca de alcanzar algunas de las metas que se ha fijado.<\/p>\n<p>Ella explic\u00f3: &#8220;Siento que la mayor\u00eda dir\u00eda que ha sido r\u00e1pido, pero para m\u00ed es como si hubiera estado trabajando en esto toda mi vida. As\u00ed que no s\u00e9 si realmente hay un viaje. Nunca siento que haya terminado. Nunca siento que haya una cima. Hay momentos en los que pienso, &#8216;oh, eso fue realmente genial&#8217;, pero siempre me siento incompleta.<\/p>\n<p>Tambi\u00e9n habl\u00f3 sobre por qu\u00e9 la gente se siente atra\u00edda por su m\u00fasica. M\u00e1s all\u00e1 de los ganchos pegadizos y las letras incisivas, Chxrry sugiere que hay una relaci\u00f3n con su composici\u00f3n: &#8220;&#8230; Creo que la gente realmente se siente atra\u00edda por personas que creen mucho en s\u00ed mismas y que se enga\u00f1an un poco acerca de sus sue\u00f1os y talentos. Y as\u00ed me di cuenta de eso desde el principio&#8221;.<\/p>\n<p><b>Escuche el \u201cSal\u00f3n de la Fama\u201d de Chxrry aqu\u00ed.<\/b><\/p>\n","protected":false},"excerpt":{"rendered":"<p>La cantante en ascenso nacida en Toronto ha regresado con un nuevo sencillo titulado \u201cHall Of Fame\u201d, que ya est\u00e1 disponible a trav\u00e9s de XO<\/p>\n","protected":false},"author":1,"featured_media":5530,"comment_status":"closed","ping_status":"","sticky":false,"template":"","format":"standard","meta":{"footnotes":""},"categories":[50],"tags":[147,4060,201,2469,257,4061,870,1019],"class_list":["post-5529","post","type-post","status-publish","format-standard","has-post-thumbnail","hentry","category-el-ultimo","tag-album","tag-chxrry","tag-comparte","tag-confirma","tag-debut","tag-ego","tag-fama","tag-salon","generate-columns","tablet-grid-50","mobile-grid-100","grid-parent","grid-50"],"yoast_head":"<!-- This site is optimized with the Yoast SEO plugin v23.3 - https:\/\/yoast.com\/wordpress\/plugins\/seo\/ -->\n<title>Chxrry comparte el &#039;Sal\u00f3n de la fama&#039; y confirma el \u00e1lbum debut &#039;U, Me, And My Ego&#039;<\/title>\n<meta name=\"robots\" content=\"index, follow, max-snippet:-1, max-image-preview:large, max-video-preview:-1\" \/>\n<link rel=\"canonical\" href=\"https:\/\/web.consaguirre.com.ar\/noticias\/chxrry-comparte-el-salon-de-la-fama-y-confirma-el-album-debut-u-me-and-my-ego\/\" \/>\n<meta property=\"og:locale\" content=\"es_ES\" \/>\n<meta property=\"og:type\" content=\"article\" \/>\n<meta property=\"og:title\" content=\"Chxrry comparte el &#039;Sal\u00f3n de la fama&#039; y confirma el \u00e1lbum debut &#039;U, Me, And My Ego&#039;\" \/>\n<meta property=\"og:description\" content=\"La cantante en ascenso nacida en Toronto ha regresado con un nuevo sencillo titulado \u201cHall Of Fame\u201d, que ya est\u00e1 disponible a trav\u00e9s de XO\" \/>\n<meta property=\"og:url\" content=\"https:\/\/web.consaguirre.com.ar\/noticias\/chxrry-comparte-el-salon-de-la-fama-y-confirma-el-album-debut-u-me-and-my-ego\/\" \/>\n<meta property=\"og:site_name\" content=\"Conservatorio de M\u00fasica Juli\u00e1n Aguirre\" \/>\n<meta property=\"article:published_time\" content=\"2026-04-02T08:41:24+00:00\" \/>\n<meta property=\"article:modified_time\" content=\"2026-04-02T08:41:26+00:00\" \/>\n<meta property=\"og:image\" content=\"https:\/\/web.consaguirre.com.ar\/noticias\/wp-content\/uploads\/2026\/04\/Chxrry-comparte-el-Salon-de-la-fama-y-confirma-el.jpg\" \/>\n\t<meta property=\"og:image:width\" content=\"820\" \/>\n\t<meta property=\"og:image:height\" content=\"820\" \/>\n\t<meta property=\"og:image:type\" content=\"image\/jpeg\" \/>\n<meta name=\"author\" content=\"Javier Figueroa\" \/>\n<meta name=\"twitter:card\" content=\"summary_large_image\" \/>\n<meta name=\"twitter:label1\" content=\"Escrito por\" \/>\n\t<meta name=\"twitter:data1\" content=\"Javier Figueroa\" \/>\n\t<meta name=\"twitter:label2\" content=\"Tiempo de lectura\" \/>\n\t<meta name=\"twitter:data2\" content=\"2 minutos\" \/>\n<script type=\"application\/ld+json\" class=\"yoast-schema-graph\">{\"@context\":\"https:\/\/schema.org\",\"@graph\":[{\"@type\":\"Article\",\"@id\":\"https:\/\/web.consaguirre.com.ar\/noticias\/chxrry-comparte-el-salon-de-la-fama-y-confirma-el-album-debut-u-me-and-my-ego\/#article\",\"isPartOf\":{\"@id\":\"https:\/\/web.consaguirre.com.ar\/noticias\/chxrry-comparte-el-salon-de-la-fama-y-confirma-el-album-debut-u-me-and-my-ego\/\"},\"author\":{\"name\":\"Javier Figueroa\",\"@id\":\"https:\/\/web.consaguirre.com.ar\/noticias\/#\/schema\/person\/6558b0cfedee7ddc5425602b237d5722\"},\"headline\":\"Chxrry comparte el &#8216;Sal\u00f3n de la fama&#8217; y confirma el \u00e1lbum debut &#8216;U, Me, And My Ego&#8217;\",\"datePublished\":\"2026-04-02T08:41:24+00:00\",\"dateModified\":\"2026-04-02T08:41:26+00:00\",\"mainEntityOfPage\":{\"@id\":\"https:\/\/web.consaguirre.com.ar\/noticias\/chxrry-comparte-el-salon-de-la-fama-y-confirma-el-album-debut-u-me-and-my-ego\/\"},\"wordCount\":424,\"publisher\":{\"@id\":\"https:\/\/web.consaguirre.com.ar\/noticias\/#organization\"},\"image\":{\"@id\":\"https:\/\/web.consaguirre.com.ar\/noticias\/chxrry-comparte-el-salon-de-la-fama-y-confirma-el-album-debut-u-me-and-my-ego\/#primaryimage\"},\"thumbnailUrl\":\"https:\/\/web.consaguirre.com.ar\/noticias\/wp-content\/uploads\/2026\/04\/Chxrry-comparte-el-Salon-de-la-fama-y-confirma-el.jpg\",\"keywords\":[\"\u00e1lbum\",\"Chxrry\",\"comparte\",\"Confirma\",\"debut\",\"Ego\",\"Fama\",\"Sal\u00f3n\"],\"articleSection\":[\"El \u00faltimo\"],\"inLanguage\":\"es-AR\"},{\"@type\":\"WebPage\",\"@id\":\"https:\/\/web.consaguirre.com.ar\/noticias\/chxrry-comparte-el-salon-de-la-fama-y-confirma-el-album-debut-u-me-and-my-ego\/\",\"url\":\"https:\/\/web.consaguirre.com.ar\/noticias\/chxrry-comparte-el-salon-de-la-fama-y-confirma-el-album-debut-u-me-and-my-ego\/\",\"name\":\"Chxrry comparte el 'Sal\u00f3n de la fama' y confirma el \u00e1lbum debut 'U, Me, And My Ego'\",\"isPartOf\":{\"@id\":\"https:\/\/web.consaguirre.com.ar\/noticias\/#website\"},\"primaryImageOfPage\":{\"@id\":\"https:\/\/web.consaguirre.com.ar\/noticias\/chxrry-comparte-el-salon-de-la-fama-y-confirma-el-album-debut-u-me-and-my-ego\/#primaryimage\"},\"image\":{\"@id\":\"https:\/\/web.consaguirre.com.ar\/noticias\/chxrry-comparte-el-salon-de-la-fama-y-confirma-el-album-debut-u-me-and-my-ego\/#primaryimage\"},\"thumbnailUrl\":\"https:\/\/web.consaguirre.com.ar\/noticias\/wp-content\/uploads\/2026\/04\/Chxrry-comparte-el-Salon-de-la-fama-y-confirma-el.jpg\",\"datePublished\":\"2026-04-02T08:41:24+00:00\",\"dateModified\":\"2026-04-02T08:41:26+00:00\",\"breadcrumb\":{\"@id\":\"https:\/\/web.consaguirre.com.ar\/noticias\/chxrry-comparte-el-salon-de-la-fama-y-confirma-el-album-debut-u-me-and-my-ego\/#breadcrumb\"},\"inLanguage\":\"es-AR\",\"potentialAction\":[{\"@type\":\"ReadAction\",\"target\":[\"https:\/\/web.consaguirre.com.ar\/noticias\/chxrry-comparte-el-salon-de-la-fama-y-confirma-el-album-debut-u-me-and-my-ego\/\"]}]},{\"@type\":\"ImageObject\",\"inLanguage\":\"es-AR\",\"@id\":\"https:\/\/web.consaguirre.com.ar\/noticias\/chxrry-comparte-el-salon-de-la-fama-y-confirma-el-album-debut-u-me-and-my-ego\/#primaryimage\",\"url\":\"https:\/\/web.consaguirre.com.ar\/noticias\/wp-content\/uploads\/2026\/04\/Chxrry-comparte-el-Salon-de-la-fama-y-confirma-el.jpg\",\"contentUrl\":\"https:\/\/web.consaguirre.com.ar\/noticias\/wp-content\/uploads\/2026\/04\/Chxrry-comparte-el-Salon-de-la-fama-y-confirma-el.jpg\",\"width\":820,\"height\":820,\"caption\":\"CHXRRY Hall Of Fame album cover\"},{\"@type\":\"BreadcrumbList\",\"@id\":\"https:\/\/web.consaguirre.com.ar\/noticias\/chxrry-comparte-el-salon-de-la-fama-y-confirma-el-album-debut-u-me-and-my-ego\/#breadcrumb\",\"itemListElement\":[{\"@type\":\"ListItem\",\"position\":1,\"name\":\"Inicio\",\"item\":\"https:\/\/web.consaguirre.com.ar\/noticias\/\"},{\"@type\":\"ListItem\",\"position\":2,\"name\":\"Chxrry comparte el &#8216;Sal\u00f3n de la fama&#8217; y confirma el \u00e1lbum debut &#8216;U, Me, And My Ego&#8217;\"}]},{\"@type\":\"WebSite\",\"@id\":\"https:\/\/web.consaguirre.com.ar\/noticias\/#website\",\"url\":\"https:\/\/web.consaguirre.com.ar\/noticias\/\",\"name\":\"Conservatorio de M\u00fasica Juli\u00e1n Aguirre\",\"description\":\"\",\"publisher\":{\"@id\":\"https:\/\/web.consaguirre.com.ar\/noticias\/#organization\"},\"potentialAction\":[{\"@type\":\"SearchAction\",\"target\":{\"@type\":\"EntryPoint\",\"urlTemplate\":\"https:\/\/web.consaguirre.com.ar\/noticias\/?s={search_term_string}\"},\"query-input\":\"required name=search_term_string\"}],\"inLanguage\":\"es-AR\"},{\"@type\":\"Organization\",\"@id\":\"https:\/\/web.consaguirre.com.ar\/noticias\/#organization\",\"name\":\"Conservatorio de M\u00fasica Juli\u00e1n Aguirre\",\"url\":\"https:\/\/web.consaguirre.com.ar\/noticias\/\",\"logo\":{\"@type\":\"ImageObject\",\"inLanguage\":\"es-AR\",\"@id\":\"https:\/\/web.consaguirre.com.ar\/noticias\/#\/schema\/logo\/image\/\",\"url\":\"https:\/\/web.consaguirre.com.ar\/noticias\/wp-content\/uploads\/2024\/08\/Banner-Aguirre-23.jpg\",\"contentUrl\":\"https:\/\/web.consaguirre.com.ar\/noticias\/wp-content\/uploads\/2024\/08\/Banner-Aguirre-23.jpg\",\"width\":1192,\"height\":600,\"caption\":\"Conservatorio de M\u00fasica Juli\u00e1n Aguirre\"},\"image\":{\"@id\":\"https:\/\/web.consaguirre.com.ar\/noticias\/#\/schema\/logo\/image\/\"}},{\"@type\":\"Person\",\"@id\":\"https:\/\/web.consaguirre.com.ar\/noticias\/#\/schema\/person\/6558b0cfedee7ddc5425602b237d5722\",\"name\":\"Javier Figueroa\",\"image\":{\"@type\":\"ImageObject\",\"inLanguage\":\"es-AR\",\"@id\":\"https:\/\/web.consaguirre.com.ar\/noticias\/#\/schema\/person\/image\/\",\"url\":\"https:\/\/web.consaguirre.com.ar\/noticias\/wp-content\/uploads\/2024\/08\/Consaguirre-scaled.jpg\",\"contentUrl\":\"https:\/\/web.consaguirre.com.ar\/noticias\/wp-content\/uploads\/2024\/08\/Consaguirre-scaled.jpg\",\"caption\":\"Javier Figueroa\"},\"description\":\"Me llamo Javier Figueroa y soy redactor para el sitio oficial del Conservatorio de M\u00fasica Juli\u00e1n Aguirre en Buenos Aires, consaguirre.com. Apasionado por la m\u00fasica y la escritura, me esfuerzo por destacar los talentos y eventos de nuestra prestigiosa instituci\u00f3n. Mi trayectoria se nutre de una profunda admiraci\u00f3n por los artistas, haciendo de cada art\u00edculo una celebraci\u00f3n de la creatividad y la cultura musical.\",\"sameAs\":[\"https:\/\/web.consaguirre.com.ar\/noticias\"]}]}<\/script>\n<!-- \/ Yoast SEO plugin. -->","yoast_head_json":{"title":"Chxrry comparte el 'Sal\u00f3n de la fama' y confirma el \u00e1lbum debut 'U, Me, And My Ego'","robots":{"index":"index","follow":"follow","max-snippet":"max-snippet:-1","max-image-preview":"max-image-preview:large","max-video-preview":"max-video-preview:-1"},"canonical":"https:\/\/web.consaguirre.com.ar\/noticias\/chxrry-comparte-el-salon-de-la-fama-y-confirma-el-album-debut-u-me-and-my-ego\/","og_locale":"es_ES","og_type":"article","og_title":"Chxrry comparte el 'Sal\u00f3n de la fama' y confirma el \u00e1lbum debut 'U, Me, And My Ego'","og_description":"La cantante en ascenso nacida en Toronto ha regresado con un nuevo sencillo titulado \u201cHall Of Fame\u201d, que ya est\u00e1 disponible a trav\u00e9s de XO","og_url":"https:\/\/web.consaguirre.com.ar\/noticias\/chxrry-comparte-el-salon-de-la-fama-y-confirma-el-album-debut-u-me-and-my-ego\/","og_site_name":"Conservatorio de M\u00fasica Juli\u00e1n Aguirre","article_published_time":"2026-04-02T08:41:24+00:00","article_modified_time":"2026-04-02T08:41:26+00:00","og_image":[{"width":820,"height":820,"url":"https:\/\/web.consaguirre.com.ar\/noticias\/wp-content\/uploads\/2026\/04\/Chxrry-comparte-el-Salon-de-la-fama-y-confirma-el.jpg","type":"image\/jpeg"}],"author":"Javier Figueroa","twitter_card":"summary_large_image","twitter_misc":{"Escrito por":"Javier Figueroa","Tiempo de lectura":"2 minutos"},"schema":{"@context":"https:\/\/schema.org","@graph":[{"@type":"Article","@id":"https:\/\/web.consaguirre.com.ar\/noticias\/chxrry-comparte-el-salon-de-la-fama-y-confirma-el-album-debut-u-me-and-my-ego\/#article","isPartOf":{"@id":"https:\/\/web.consaguirre.com.ar\/noticias\/chxrry-comparte-el-salon-de-la-fama-y-confirma-el-album-debut-u-me-and-my-ego\/"},"author":{"name":"Javier Figueroa","@id":"https:\/\/web.consaguirre.com.ar\/noticias\/#\/schema\/person\/6558b0cfedee7ddc5425602b237d5722"},"headline":"Chxrry comparte el &#8216;Sal\u00f3n de la fama&#8217; y confirma el \u00e1lbum debut &#8216;U, Me, And My Ego&#8217;","datePublished":"2026-04-02T08:41:24+00:00","dateModified":"2026-04-02T08:41:26+00:00","mainEntityOfPage":{"@id":"https:\/\/web.consaguirre.com.ar\/noticias\/chxrry-comparte-el-salon-de-la-fama-y-confirma-el-album-debut-u-me-and-my-ego\/"},"wordCount":424,"publisher":{"@id":"https:\/\/web.consaguirre.com.ar\/noticias\/#organization"},"image":{"@id":"https:\/\/web.consaguirre.com.ar\/noticias\/chxrry-comparte-el-salon-de-la-fama-y-confirma-el-album-debut-u-me-and-my-ego\/#primaryimage"},"thumbnailUrl":"https:\/\/web.consaguirre.com.ar\/noticias\/wp-content\/uploads\/2026\/04\/Chxrry-comparte-el-Salon-de-la-fama-y-confirma-el.jpg","keywords":["\u00e1lbum","Chxrry","comparte","Confirma","debut","Ego","Fama","Sal\u00f3n"],"articleSection":["El \u00faltimo"],"inLanguage":"es-AR"},{"@type":"WebPage","@id":"https:\/\/web.consaguirre.com.ar\/noticias\/chxrry-comparte-el-salon-de-la-fama-y-confirma-el-album-debut-u-me-and-my-ego\/","url":"https:\/\/web.consaguirre.com.ar\/noticias\/chxrry-comparte-el-salon-de-la-fama-y-confirma-el-album-debut-u-me-and-my-ego\/","name":"Chxrry comparte el 'Sal\u00f3n de la fama' y confirma el \u00e1lbum debut 'U, Me, And My Ego'","isPartOf":{"@id":"https:\/\/web.consaguirre.com.ar\/noticias\/#website"},"primaryImageOfPage":{"@id":"https:\/\/web.consaguirre.com.ar\/noticias\/chxrry-comparte-el-salon-de-la-fama-y-confirma-el-album-debut-u-me-and-my-ego\/#primaryimage"},"image":{"@id":"https:\/\/web.consaguirre.com.ar\/noticias\/chxrry-comparte-el-salon-de-la-fama-y-confirma-el-album-debut-u-me-and-my-ego\/#primaryimage"},"thumbnailUrl":"https:\/\/web.consaguirre.com.ar\/noticias\/wp-content\/uploads\/2026\/04\/Chxrry-comparte-el-Salon-de-la-fama-y-confirma-el.jpg","datePublished":"2026-04-02T08:41:24+00:00","dateModified":"2026-04-02T08:41:26+00:00","breadcrumb":{"@id":"https:\/\/web.consaguirre.com.ar\/noticias\/chxrry-comparte-el-salon-de-la-fama-y-confirma-el-album-debut-u-me-and-my-ego\/#breadcrumb"},"inLanguage":"es-AR","potentialAction":[{"@type":"ReadAction","target":["https:\/\/web.consaguirre.com.ar\/noticias\/chxrry-comparte-el-salon-de-la-fama-y-confirma-el-album-debut-u-me-and-my-ego\/"]}]},{"@type":"ImageObject","inLanguage":"es-AR","@id":"https:\/\/web.consaguirre.com.ar\/noticias\/chxrry-comparte-el-salon-de-la-fama-y-confirma-el-album-debut-u-me-and-my-ego\/#primaryimage","url":"https:\/\/web.consaguirre.com.ar\/noticias\/wp-content\/uploads\/2026\/04\/Chxrry-comparte-el-Salon-de-la-fama-y-confirma-el.jpg","contentUrl":"https:\/\/web.consaguirre.com.ar\/noticias\/wp-content\/uploads\/2026\/04\/Chxrry-comparte-el-Salon-de-la-fama-y-confirma-el.jpg","width":820,"height":820,"caption":"CHXRRY Hall Of Fame album cover"},{"@type":"BreadcrumbList","@id":"https:\/\/web.consaguirre.com.ar\/noticias\/chxrry-comparte-el-salon-de-la-fama-y-confirma-el-album-debut-u-me-and-my-ego\/#breadcrumb","itemListElement":[{"@type":"ListItem","position":1,"name":"Inicio","item":"https:\/\/web.consaguirre.com.ar\/noticias\/"},{"@type":"ListItem","position":2,"name":"Chxrry comparte el &#8216;Sal\u00f3n de la fama&#8217; y confirma el \u00e1lbum debut &#8216;U, Me, And My Ego&#8217;"}]},{"@type":"WebSite","@id":"https:\/\/web.consaguirre.com.ar\/noticias\/#website","url":"https:\/\/web.consaguirre.com.ar\/noticias\/","name":"Conservatorio de M\u00fasica Juli\u00e1n Aguirre","description":"","publisher":{"@id":"https:\/\/web.consaguirre.com.ar\/noticias\/#organization"},"potentialAction":[{"@type":"SearchAction","target":{"@type":"EntryPoint","urlTemplate":"https:\/\/web.consaguirre.com.ar\/noticias\/?s={search_term_string}"},"query-input":"required name=search_term_string"}],"inLanguage":"es-AR"},{"@type":"Organization","@id":"https:\/\/web.consaguirre.com.ar\/noticias\/#organization","name":"Conservatorio de M\u00fasica Juli\u00e1n Aguirre","url":"https:\/\/web.consaguirre.com.ar\/noticias\/","logo":{"@type":"ImageObject","inLanguage":"es-AR","@id":"https:\/\/web.consaguirre.com.ar\/noticias\/#\/schema\/logo\/image\/","url":"https:\/\/web.consaguirre.com.ar\/noticias\/wp-content\/uploads\/2024\/08\/Banner-Aguirre-23.jpg","contentUrl":"https:\/\/web.consaguirre.com.ar\/noticias\/wp-content\/uploads\/2024\/08\/Banner-Aguirre-23.jpg","width":1192,"height":600,"caption":"Conservatorio de M\u00fasica Juli\u00e1n Aguirre"},"image":{"@id":"https:\/\/web.consaguirre.com.ar\/noticias\/#\/schema\/logo\/image\/"}},{"@type":"Person","@id":"https:\/\/web.consaguirre.com.ar\/noticias\/#\/schema\/person\/6558b0cfedee7ddc5425602b237d5722","name":"Javier Figueroa","image":{"@type":"ImageObject","inLanguage":"es-AR","@id":"https:\/\/web.consaguirre.com.ar\/noticias\/#\/schema\/person\/image\/","url":"https:\/\/web.consaguirre.com.ar\/noticias\/wp-content\/uploads\/2024\/08\/Consaguirre-scaled.jpg","contentUrl":"https:\/\/web.consaguirre.com.ar\/noticias\/wp-content\/uploads\/2024\/08\/Consaguirre-scaled.jpg","caption":"Javier Figueroa"},"description":"Me llamo Javier Figueroa y soy redactor para el sitio oficial del Conservatorio de M\u00fasica Juli\u00e1n Aguirre en Buenos Aires, consaguirre.com. Apasionado por la m\u00fasica y la escritura, me esfuerzo por destacar los talentos y eventos de nuestra prestigiosa instituci\u00f3n. Mi trayectoria se nutre de una profunda admiraci\u00f3n por los artistas, haciendo de cada art\u00edculo una celebraci\u00f3n de la creatividad y la cultura musical.","sameAs":["https:\/\/web.consaguirre.com.ar\/noticias"]}]}},"_links":{"self":[{"href":"https:\/\/web.consaguirre.com.ar\/noticias\/wp-json\/wp\/v2\/posts\/5529"}],"collection":[{"href":"https:\/\/web.consaguirre.com.ar\/noticias\/wp-json\/wp\/v2\/posts"}],"about":[{"href":"https:\/\/web.consaguirre.com.ar\/noticias\/wp-json\/wp\/v2\/types\/post"}],"author":[{"embeddable":true,"href":"https:\/\/web.consaguirre.com.ar\/noticias\/wp-json\/wp\/v2\/users\/1"}],"replies":[{"embeddable":true,"href":"https:\/\/web.consaguirre.com.ar\/noticias\/wp-json\/wp\/v2\/comments?post=5529"}],"version-history":[{"count":1,"href":"https:\/\/web.consaguirre.com.ar\/noticias\/wp-json\/wp\/v2\/posts\/5529\/revisions"}],"predecessor-version":[{"id":5531,"href":"https:\/\/web.consaguirre.com.ar\/noticias\/wp-json\/wp\/v2\/posts\/5529\/revisions\/5531"}],"wp:featuredmedia":[{"embeddable":true,"href":"https:\/\/web.consaguirre.com.ar\/noticias\/wp-json\/wp\/v2\/media\/5530"}],"wp:attachment":[{"href":"https:\/\/web.consaguirre.com.ar\/noticias\/wp-json\/wp\/v2\/media?parent=5529"}],"wp:term":[{"taxonomy":"category","embeddable":true,"href":"https:\/\/web.consaguirre.com.ar\/noticias\/wp-json\/wp\/v2\/categories?post=5529"},{"taxonomy":"post_tag","embeddable":true,"href":"https:\/\/web.consaguirre.com.ar\/noticias\/wp-json\/wp\/v2\/tags?post=5529"}],"curies":[{"name":"wp","href":"https:\/\/api.w.org\/{rel}","templated":true}]}}