{"id":5526,"date":"2026-04-02T02:38:54","date_gmt":"2026-04-02T05:38:54","guid":{"rendered":"https:\/\/web.consaguirre.com.ar\/noticias\/yeat-anuncia-gira-norteamericana-love-lyfe\/"},"modified":"2026-04-02T02:38:56","modified_gmt":"2026-04-02T05:38:56","slug":"yeat-anuncia-gira-norteamericana-love-lyfe","status":"publish","type":"post","link":"https:\/\/web.consaguirre.com.ar\/noticias\/yeat-anuncia-gira-norteamericana-love-lyfe\/","title":{"rendered":"Yeat anuncia gira norteamericana &#8216;LOVE\/LYFE&#8217;"},"content":{"rendered":"<p>Yeat ha anunciado que saldr\u00e1 de gira este verano para promocionar su LP reci\u00e9n lanzado, <em>ADL<\/em> (<em>Una vida peligrosa \/ Un amor peligroso<\/em>). Slayr y BNYX se unir\u00e1n a la gira como invitados especiales en ciudades seleccionadas.<\/p>\n<p>La gira comenzar\u00e1 el 17 de julio en Minneapolis y har\u00e1 paradas en las principales ciudades, incluidas Chicago, Toronto, Nueva York, Boston, Atlanta, Houston, Denver, Seattle, San Francisco y Los \u00c1ngeles, antes de concluir el 18 de agosto en San Diego. La venta general comienza el viernes 3 de abril a las 10 a.m. hora local.<\/p>\n<div align=\"center\">\n<div class=\"udiscover-store-container\">\n<div id='udiscover-store-two-product'><\/div>\n<\/div>\n<p>\/*<!(CDATA(*\/(function (){var scriptURL='https:\/\/sdks.shopifycdn.com\/buy-button\/latest\/buy-button-storefront.min.js';if(window.ShopifyBuy){if(window.ShopifyBuy.UI){ShopifyBuyInit();}else{loadScript();}}else{loadScript();}funci\u00f3n loadScript(){var script=document.createElement('script');script.async=true;script.src=scriptURL;(document.getElementsByTagName('head')(0)|| document.getElementsByTagName('body')(0)).appendChild(script);script.onload=ShopifyBuyInit;} function ShopifyBuyInit(){var cliente=ShopifyBuy.buildClient({dominio:'udiscover.myshopify.com',storefrontAccessToken: 'bdc89f347d2ce61c1feeb9f8c60b2b98',}); ShopifyBuy.UI.onReady(cliente).luego(funci\u00f3n(ui){ ui.createComponent('productSet',{ id:(7453960142925,7543130882125), nodo:document.getElementById('udiscover-store-two-product'), moneyFormat:'%24%7B%7Bamount%7D%7D', opciones:{&quot;producto&quot;:{&quot;marco flotante&quot;:FALSO,&quot;bot\u00f3nDestino&quot;:&quot;modal&quot;,&quot;contenido&quot;:{&quot;opciones&quot;:verdadero},&quot;texto&quot;:{&quot;bot\u00f3n&quot;:&quot;PEDIR AHORA&quot;,&quot;Agotado&quot;:&quot;Lo sentimos, esto est\u00e1 agotado.&quot;}},&quot;conjunto de productos&quot;:{&quot;marco flotante&quot;:FALSO},&quot;modalProducto&quot;:{&quot;marco flotante&quot;:FALSO,&quot;contenido&quot;:{&quot;imagen&quot;:FALSO,&quot;imgConCarrusel&quot;:verdadero,&quot;bot\u00f3n&quot;:FALSO,&quot;bot\u00f3nConCantidad&quot;:verdadero}},&quot;modal&quot;:{&quot;marco flotante&quot;:FALSO},&quot;opci\u00f3n&quot;:{&quot;marco flotante&quot;:FALSO},&quot;carro&quot;:{&quot;marco flotante&quot;:FALSO},&quot;palanca&quot;:{&quot;marco flotante&quot;:FALSO,&quot;contenido&quot;:{&quot;icono&quot;:FALSO}},&quot;art\u00edculo de l\u00ednea&quot;:{&quot;marco flotante&quot;:FALSO}}, }); }); } })(); \/*))>*\/ <\/div>\n<\/p>\n<p>El \u00faltimo \u00e1lbum de Yeat, <em>ADL<\/em>fue lanzado el 27 de marzo a trav\u00e9s de Field Trip Recordings y Capitol Records. La anticipaci\u00f3n estaba en un punto \u00e1lgido antes de que saliera el \u00e1lbum, y Yeat concluy\u00f3 la preparaci\u00f3n realizando su primera entrevista con Zane Lowe en cinco a\u00f1os. En otros casos de promoci\u00f3n creativa, Yeat organiz\u00f3 la Twizz City Night en un partido de los Portland Trail Blazers y coloc\u00f3 una versi\u00f3n prot\u00e9sica de su brazo en un taxi en Nueva York, que estaba resaltada por una calcoman\u00eda en el parachoques que dec\u00eda: \u201cLYFE ES PELIGROSO\u201d. Yeat tambi\u00e9n public\u00f3 un anuncio de p\u00e1gina completa en el <em>New York Times<\/em> para anunciar las caracter\u00edsticas de <em>ADL<\/em>.<\/p>\n<div class=\"uD-YT-container\"><img decoding=\"async\" src=\"https:\/\/web.consaguirre.com.ar\/noticias\/wp-content\/uploads\/2026\/04\/1775108334_237_Yeat-anuncia-gira-norteamericana-LOVELYFE.jpg\" alt=\"V\u00eddeo de YouTube\"><br \/>Haga clic para cargar v\u00eddeo<\/div>\n<p><em>ADL<\/em> presenta un grupo ecl\u00e9ctico de invitados, incluidos Elton John, NBA YoungBoy, Kid Cudi, 070 Shake, Julia Wolf, Don Toliver, Grimes, Joji, Swizz Beats, BNYX y King Kylie (tambi\u00e9n conocido como Kylie Jenner). El poder estelar que Yeat aport\u00f3 para el proyecto refleja sus objetivos y ambiciones para el proyecto \u00e9pico. Durante la conversaci\u00f3n con Zane Lowe, dijo: &#8220;El \u00e1lbum marcar\u00e1 la pauta para el resto de mi carrera. Iluminar\u00e1 el camino para mucha gente, especialmente para muchos de mis fans. Siento que ser\u00e1 un nuevo precedente sobre d\u00f3nde estar\u00e1 mi m\u00fasica. Es un nuevo modelo&#8221;.<\/p>\n<p>El \u00faltimo \u00e1lbum de Yeat, <em>ESTILO DE VIDA<\/em>debut\u00f3 en la cima de la lista Billboard 200. Marc\u00f3 su segundo lanzamiento completo de 2024, despu\u00e9s <em>2093<\/em>.<\/p>\n<p><b>Explore la m\u00fasica de Yeat en vinilo de edici\u00f3n limitada aqu\u00ed.<\/b><\/p>\n","protected":false},"excerpt":{"rendered":"<p>Yeat ha anunciado que saldr\u00e1 de gira este verano para promocionar su LP reci\u00e9n lanzado, ADL (Una vida peligrosa \/ Un amor peligroso). Slayr y<\/p>\n","protected":false},"author":1,"featured_media":5527,"comment_status":"closed","ping_status":"","sticky":false,"template":"","format":"standard","meta":{"footnotes":""},"categories":[50],"tags":[56,492,4059,1300,4058],"class_list":["post-5526","post","type-post","status-publish","format-standard","has-post-thumbnail","hentry","category-el-ultimo","tag-anuncia","tag-gira","tag-lovelyfe","tag-norteamericana","tag-yeat","generate-columns","tablet-grid-50","mobile-grid-100","grid-parent","grid-50"],"yoast_head":"<!-- This site is optimized with the Yoast SEO plugin v23.3 - https:\/\/yoast.com\/wordpress\/plugins\/seo\/ -->\n<title>Yeat anuncia gira norteamericana &#039;LOVE\/LYFE&#039;<\/title>\n<meta name=\"robots\" content=\"index, follow, max-snippet:-1, max-image-preview:large, max-video-preview:-1\" \/>\n<link rel=\"canonical\" href=\"https:\/\/web.consaguirre.com.ar\/noticias\/yeat-anuncia-gira-norteamericana-love-lyfe\/\" \/>\n<meta property=\"og:locale\" content=\"es_ES\" \/>\n<meta property=\"og:type\" content=\"article\" \/>\n<meta property=\"og:title\" content=\"Yeat anuncia gira norteamericana &#039;LOVE\/LYFE&#039;\" \/>\n<meta property=\"og:description\" content=\"Yeat ha anunciado que saldr\u00e1 de gira este verano para promocionar su LP reci\u00e9n lanzado, ADL (Una vida peligrosa \/ Un amor peligroso). Slayr y\" \/>\n<meta property=\"og:url\" content=\"https:\/\/web.consaguirre.com.ar\/noticias\/yeat-anuncia-gira-norteamericana-love-lyfe\/\" \/>\n<meta property=\"og:site_name\" content=\"Conservatorio de M\u00fasica Juli\u00e1n Aguirre\" \/>\n<meta property=\"article:published_time\" content=\"2026-04-02T05:38:54+00:00\" \/>\n<meta property=\"article:modified_time\" content=\"2026-04-02T05:38:56+00:00\" \/>\n<meta property=\"og:image\" content=\"https:\/\/web.consaguirre.com.ar\/noticias\/wp-content\/uploads\/2026\/04\/Yeat-anuncia-gira-norteamericana-LOVELYFE.jpg\" \/>\n\t<meta property=\"og:image:width\" content=\"820\" \/>\n\t<meta property=\"og:image:height\" content=\"820\" \/>\n\t<meta property=\"og:image:type\" content=\"image\/jpeg\" \/>\n<meta name=\"author\" content=\"Javier Figueroa\" \/>\n<meta name=\"twitter:card\" content=\"summary_large_image\" \/>\n<meta name=\"twitter:label1\" content=\"Escrito por\" \/>\n\t<meta name=\"twitter:data1\" content=\"Javier Figueroa\" \/>\n\t<meta name=\"twitter:label2\" content=\"Tiempo de lectura\" \/>\n\t<meta name=\"twitter:data2\" content=\"2 minutos\" \/>\n<script type=\"application\/ld+json\" class=\"yoast-schema-graph\">{\"@context\":\"https:\/\/schema.org\",\"@graph\":[{\"@type\":\"Article\",\"@id\":\"https:\/\/web.consaguirre.com.ar\/noticias\/yeat-anuncia-gira-norteamericana-love-lyfe\/#article\",\"isPartOf\":{\"@id\":\"https:\/\/web.consaguirre.com.ar\/noticias\/yeat-anuncia-gira-norteamericana-love-lyfe\/\"},\"author\":{\"name\":\"Javier Figueroa\",\"@id\":\"https:\/\/web.consaguirre.com.ar\/noticias\/#\/schema\/person\/6558b0cfedee7ddc5425602b237d5722\"},\"headline\":\"Yeat anuncia gira norteamericana &#8216;LOVE\/LYFE&#8217;\",\"datePublished\":\"2026-04-02T05:38:54+00:00\",\"dateModified\":\"2026-04-02T05:38:56+00:00\",\"mainEntityOfPage\":{\"@id\":\"https:\/\/web.consaguirre.com.ar\/noticias\/yeat-anuncia-gira-norteamericana-love-lyfe\/\"},\"wordCount\":365,\"publisher\":{\"@id\":\"https:\/\/web.consaguirre.com.ar\/noticias\/#organization\"},\"image\":{\"@id\":\"https:\/\/web.consaguirre.com.ar\/noticias\/yeat-anuncia-gira-norteamericana-love-lyfe\/#primaryimage\"},\"thumbnailUrl\":\"https:\/\/web.consaguirre.com.ar\/noticias\/wp-content\/uploads\/2026\/04\/Yeat-anuncia-gira-norteamericana-LOVELYFE.jpg\",\"keywords\":[\"anuncia\",\"gira\",\"LOVELYFE\",\"norteamericana\",\"Yeat\"],\"articleSection\":[\"El \u00faltimo\"],\"inLanguage\":\"es-AR\"},{\"@type\":\"WebPage\",\"@id\":\"https:\/\/web.consaguirre.com.ar\/noticias\/yeat-anuncia-gira-norteamericana-love-lyfe\/\",\"url\":\"https:\/\/web.consaguirre.com.ar\/noticias\/yeat-anuncia-gira-norteamericana-love-lyfe\/\",\"name\":\"Yeat anuncia gira norteamericana 'LOVE\/LYFE'\",\"isPartOf\":{\"@id\":\"https:\/\/web.consaguirre.com.ar\/noticias\/#website\"},\"primaryImageOfPage\":{\"@id\":\"https:\/\/web.consaguirre.com.ar\/noticias\/yeat-anuncia-gira-norteamericana-love-lyfe\/#primaryimage\"},\"image\":{\"@id\":\"https:\/\/web.consaguirre.com.ar\/noticias\/yeat-anuncia-gira-norteamericana-love-lyfe\/#primaryimage\"},\"thumbnailUrl\":\"https:\/\/web.consaguirre.com.ar\/noticias\/wp-content\/uploads\/2026\/04\/Yeat-anuncia-gira-norteamericana-LOVELYFE.jpg\",\"datePublished\":\"2026-04-02T05:38:54+00:00\",\"dateModified\":\"2026-04-02T05:38:56+00:00\",\"breadcrumb\":{\"@id\":\"https:\/\/web.consaguirre.com.ar\/noticias\/yeat-anuncia-gira-norteamericana-love-lyfe\/#breadcrumb\"},\"inLanguage\":\"es-AR\",\"potentialAction\":[{\"@type\":\"ReadAction\",\"target\":[\"https:\/\/web.consaguirre.com.ar\/noticias\/yeat-anuncia-gira-norteamericana-love-lyfe\/\"]}]},{\"@type\":\"ImageObject\",\"inLanguage\":\"es-AR\",\"@id\":\"https:\/\/web.consaguirre.com.ar\/noticias\/yeat-anuncia-gira-norteamericana-love-lyfe\/#primaryimage\",\"url\":\"https:\/\/web.consaguirre.com.ar\/noticias\/wp-content\/uploads\/2026\/04\/Yeat-anuncia-gira-norteamericana-LOVELYFE.jpg\",\"contentUrl\":\"https:\/\/web.consaguirre.com.ar\/noticias\/wp-content\/uploads\/2026\/04\/Yeat-anuncia-gira-norteamericana-LOVELYFE.jpg\",\"width\":820,\"height\":820,\"caption\":\"Yeat Love Lyfe Tour Poster\"},{\"@type\":\"BreadcrumbList\",\"@id\":\"https:\/\/web.consaguirre.com.ar\/noticias\/yeat-anuncia-gira-norteamericana-love-lyfe\/#breadcrumb\",\"itemListElement\":[{\"@type\":\"ListItem\",\"position\":1,\"name\":\"Inicio\",\"item\":\"https:\/\/web.consaguirre.com.ar\/noticias\/\"},{\"@type\":\"ListItem\",\"position\":2,\"name\":\"Yeat anuncia gira norteamericana &#8216;LOVE\/LYFE&#8217;\"}]},{\"@type\":\"WebSite\",\"@id\":\"https:\/\/web.consaguirre.com.ar\/noticias\/#website\",\"url\":\"https:\/\/web.consaguirre.com.ar\/noticias\/\",\"name\":\"Conservatorio de M\u00fasica Juli\u00e1n Aguirre\",\"description\":\"\",\"publisher\":{\"@id\":\"https:\/\/web.consaguirre.com.ar\/noticias\/#organization\"},\"potentialAction\":[{\"@type\":\"SearchAction\",\"target\":{\"@type\":\"EntryPoint\",\"urlTemplate\":\"https:\/\/web.consaguirre.com.ar\/noticias\/?s={search_term_string}\"},\"query-input\":\"required name=search_term_string\"}],\"inLanguage\":\"es-AR\"},{\"@type\":\"Organization\",\"@id\":\"https:\/\/web.consaguirre.com.ar\/noticias\/#organization\",\"name\":\"Conservatorio de M\u00fasica Juli\u00e1n Aguirre\",\"url\":\"https:\/\/web.consaguirre.com.ar\/noticias\/\",\"logo\":{\"@type\":\"ImageObject\",\"inLanguage\":\"es-AR\",\"@id\":\"https:\/\/web.consaguirre.com.ar\/noticias\/#\/schema\/logo\/image\/\",\"url\":\"https:\/\/web.consaguirre.com.ar\/noticias\/wp-content\/uploads\/2024\/08\/Banner-Aguirre-23.jpg\",\"contentUrl\":\"https:\/\/web.consaguirre.com.ar\/noticias\/wp-content\/uploads\/2024\/08\/Banner-Aguirre-23.jpg\",\"width\":1192,\"height\":600,\"caption\":\"Conservatorio de M\u00fasica Juli\u00e1n Aguirre\"},\"image\":{\"@id\":\"https:\/\/web.consaguirre.com.ar\/noticias\/#\/schema\/logo\/image\/\"}},{\"@type\":\"Person\",\"@id\":\"https:\/\/web.consaguirre.com.ar\/noticias\/#\/schema\/person\/6558b0cfedee7ddc5425602b237d5722\",\"name\":\"Javier Figueroa\",\"image\":{\"@type\":\"ImageObject\",\"inLanguage\":\"es-AR\",\"@id\":\"https:\/\/web.consaguirre.com.ar\/noticias\/#\/schema\/person\/image\/\",\"url\":\"https:\/\/web.consaguirre.com.ar\/noticias\/wp-content\/uploads\/2024\/08\/Consaguirre-scaled.jpg\",\"contentUrl\":\"https:\/\/web.consaguirre.com.ar\/noticias\/wp-content\/uploads\/2024\/08\/Consaguirre-scaled.jpg\",\"caption\":\"Javier Figueroa\"},\"description\":\"Me llamo Javier Figueroa y soy redactor para el sitio oficial del Conservatorio de M\u00fasica Juli\u00e1n Aguirre en Buenos Aires, consaguirre.com. Apasionado por la m\u00fasica y la escritura, me esfuerzo por destacar los talentos y eventos de nuestra prestigiosa instituci\u00f3n. Mi trayectoria se nutre de una profunda admiraci\u00f3n por los artistas, haciendo de cada art\u00edculo una celebraci\u00f3n de la creatividad y la cultura musical.\",\"sameAs\":[\"https:\/\/web.consaguirre.com.ar\/noticias\"]}]}<\/script>\n<!-- \/ Yoast SEO plugin. -->","yoast_head_json":{"title":"Yeat anuncia gira norteamericana 'LOVE\/LYFE'","robots":{"index":"index","follow":"follow","max-snippet":"max-snippet:-1","max-image-preview":"max-image-preview:large","max-video-preview":"max-video-preview:-1"},"canonical":"https:\/\/web.consaguirre.com.ar\/noticias\/yeat-anuncia-gira-norteamericana-love-lyfe\/","og_locale":"es_ES","og_type":"article","og_title":"Yeat anuncia gira norteamericana 'LOVE\/LYFE'","og_description":"Yeat ha anunciado que saldr\u00e1 de gira este verano para promocionar su LP reci\u00e9n lanzado, ADL (Una vida peligrosa \/ Un amor peligroso). Slayr y","og_url":"https:\/\/web.consaguirre.com.ar\/noticias\/yeat-anuncia-gira-norteamericana-love-lyfe\/","og_site_name":"Conservatorio de M\u00fasica Juli\u00e1n Aguirre","article_published_time":"2026-04-02T05:38:54+00:00","article_modified_time":"2026-04-02T05:38:56+00:00","og_image":[{"width":820,"height":820,"url":"https:\/\/web.consaguirre.com.ar\/noticias\/wp-content\/uploads\/2026\/04\/Yeat-anuncia-gira-norteamericana-LOVELYFE.jpg","type":"image\/jpeg"}],"author":"Javier Figueroa","twitter_card":"summary_large_image","twitter_misc":{"Escrito por":"Javier Figueroa","Tiempo de lectura":"2 minutos"},"schema":{"@context":"https:\/\/schema.org","@graph":[{"@type":"Article","@id":"https:\/\/web.consaguirre.com.ar\/noticias\/yeat-anuncia-gira-norteamericana-love-lyfe\/#article","isPartOf":{"@id":"https:\/\/web.consaguirre.com.ar\/noticias\/yeat-anuncia-gira-norteamericana-love-lyfe\/"},"author":{"name":"Javier Figueroa","@id":"https:\/\/web.consaguirre.com.ar\/noticias\/#\/schema\/person\/6558b0cfedee7ddc5425602b237d5722"},"headline":"Yeat anuncia gira norteamericana &#8216;LOVE\/LYFE&#8217;","datePublished":"2026-04-02T05:38:54+00:00","dateModified":"2026-04-02T05:38:56+00:00","mainEntityOfPage":{"@id":"https:\/\/web.consaguirre.com.ar\/noticias\/yeat-anuncia-gira-norteamericana-love-lyfe\/"},"wordCount":365,"publisher":{"@id":"https:\/\/web.consaguirre.com.ar\/noticias\/#organization"},"image":{"@id":"https:\/\/web.consaguirre.com.ar\/noticias\/yeat-anuncia-gira-norteamericana-love-lyfe\/#primaryimage"},"thumbnailUrl":"https:\/\/web.consaguirre.com.ar\/noticias\/wp-content\/uploads\/2026\/04\/Yeat-anuncia-gira-norteamericana-LOVELYFE.jpg","keywords":["anuncia","gira","LOVELYFE","norteamericana","Yeat"],"articleSection":["El \u00faltimo"],"inLanguage":"es-AR"},{"@type":"WebPage","@id":"https:\/\/web.consaguirre.com.ar\/noticias\/yeat-anuncia-gira-norteamericana-love-lyfe\/","url":"https:\/\/web.consaguirre.com.ar\/noticias\/yeat-anuncia-gira-norteamericana-love-lyfe\/","name":"Yeat anuncia gira norteamericana 'LOVE\/LYFE'","isPartOf":{"@id":"https:\/\/web.consaguirre.com.ar\/noticias\/#website"},"primaryImageOfPage":{"@id":"https:\/\/web.consaguirre.com.ar\/noticias\/yeat-anuncia-gira-norteamericana-love-lyfe\/#primaryimage"},"image":{"@id":"https:\/\/web.consaguirre.com.ar\/noticias\/yeat-anuncia-gira-norteamericana-love-lyfe\/#primaryimage"},"thumbnailUrl":"https:\/\/web.consaguirre.com.ar\/noticias\/wp-content\/uploads\/2026\/04\/Yeat-anuncia-gira-norteamericana-LOVELYFE.jpg","datePublished":"2026-04-02T05:38:54+00:00","dateModified":"2026-04-02T05:38:56+00:00","breadcrumb":{"@id":"https:\/\/web.consaguirre.com.ar\/noticias\/yeat-anuncia-gira-norteamericana-love-lyfe\/#breadcrumb"},"inLanguage":"es-AR","potentialAction":[{"@type":"ReadAction","target":["https:\/\/web.consaguirre.com.ar\/noticias\/yeat-anuncia-gira-norteamericana-love-lyfe\/"]}]},{"@type":"ImageObject","inLanguage":"es-AR","@id":"https:\/\/web.consaguirre.com.ar\/noticias\/yeat-anuncia-gira-norteamericana-love-lyfe\/#primaryimage","url":"https:\/\/web.consaguirre.com.ar\/noticias\/wp-content\/uploads\/2026\/04\/Yeat-anuncia-gira-norteamericana-LOVELYFE.jpg","contentUrl":"https:\/\/web.consaguirre.com.ar\/noticias\/wp-content\/uploads\/2026\/04\/Yeat-anuncia-gira-norteamericana-LOVELYFE.jpg","width":820,"height":820,"caption":"Yeat Love Lyfe Tour Poster"},{"@type":"BreadcrumbList","@id":"https:\/\/web.consaguirre.com.ar\/noticias\/yeat-anuncia-gira-norteamericana-love-lyfe\/#breadcrumb","itemListElement":[{"@type":"ListItem","position":1,"name":"Inicio","item":"https:\/\/web.consaguirre.com.ar\/noticias\/"},{"@type":"ListItem","position":2,"name":"Yeat anuncia gira norteamericana &#8216;LOVE\/LYFE&#8217;"}]},{"@type":"WebSite","@id":"https:\/\/web.consaguirre.com.ar\/noticias\/#website","url":"https:\/\/web.consaguirre.com.ar\/noticias\/","name":"Conservatorio de M\u00fasica Juli\u00e1n Aguirre","description":"","publisher":{"@id":"https:\/\/web.consaguirre.com.ar\/noticias\/#organization"},"potentialAction":[{"@type":"SearchAction","target":{"@type":"EntryPoint","urlTemplate":"https:\/\/web.consaguirre.com.ar\/noticias\/?s={search_term_string}"},"query-input":"required name=search_term_string"}],"inLanguage":"es-AR"},{"@type":"Organization","@id":"https:\/\/web.consaguirre.com.ar\/noticias\/#organization","name":"Conservatorio de M\u00fasica Juli\u00e1n Aguirre","url":"https:\/\/web.consaguirre.com.ar\/noticias\/","logo":{"@type":"ImageObject","inLanguage":"es-AR","@id":"https:\/\/web.consaguirre.com.ar\/noticias\/#\/schema\/logo\/image\/","url":"https:\/\/web.consaguirre.com.ar\/noticias\/wp-content\/uploads\/2024\/08\/Banner-Aguirre-23.jpg","contentUrl":"https:\/\/web.consaguirre.com.ar\/noticias\/wp-content\/uploads\/2024\/08\/Banner-Aguirre-23.jpg","width":1192,"height":600,"caption":"Conservatorio de M\u00fasica Juli\u00e1n Aguirre"},"image":{"@id":"https:\/\/web.consaguirre.com.ar\/noticias\/#\/schema\/logo\/image\/"}},{"@type":"Person","@id":"https:\/\/web.consaguirre.com.ar\/noticias\/#\/schema\/person\/6558b0cfedee7ddc5425602b237d5722","name":"Javier Figueroa","image":{"@type":"ImageObject","inLanguage":"es-AR","@id":"https:\/\/web.consaguirre.com.ar\/noticias\/#\/schema\/person\/image\/","url":"https:\/\/web.consaguirre.com.ar\/noticias\/wp-content\/uploads\/2024\/08\/Consaguirre-scaled.jpg","contentUrl":"https:\/\/web.consaguirre.com.ar\/noticias\/wp-content\/uploads\/2024\/08\/Consaguirre-scaled.jpg","caption":"Javier Figueroa"},"description":"Me llamo Javier Figueroa y soy redactor para el sitio oficial del Conservatorio de M\u00fasica Juli\u00e1n Aguirre en Buenos Aires, consaguirre.com. Apasionado por la m\u00fasica y la escritura, me esfuerzo por destacar los talentos y eventos de nuestra prestigiosa instituci\u00f3n. Mi trayectoria se nutre de una profunda admiraci\u00f3n por los artistas, haciendo de cada art\u00edculo una celebraci\u00f3n de la creatividad y la cultura musical.","sameAs":["https:\/\/web.consaguirre.com.ar\/noticias"]}]}},"_links":{"self":[{"href":"https:\/\/web.consaguirre.com.ar\/noticias\/wp-json\/wp\/v2\/posts\/5526"}],"collection":[{"href":"https:\/\/web.consaguirre.com.ar\/noticias\/wp-json\/wp\/v2\/posts"}],"about":[{"href":"https:\/\/web.consaguirre.com.ar\/noticias\/wp-json\/wp\/v2\/types\/post"}],"author":[{"embeddable":true,"href":"https:\/\/web.consaguirre.com.ar\/noticias\/wp-json\/wp\/v2\/users\/1"}],"replies":[{"embeddable":true,"href":"https:\/\/web.consaguirre.com.ar\/noticias\/wp-json\/wp\/v2\/comments?post=5526"}],"version-history":[{"count":1,"href":"https:\/\/web.consaguirre.com.ar\/noticias\/wp-json\/wp\/v2\/posts\/5526\/revisions"}],"predecessor-version":[{"id":5528,"href":"https:\/\/web.consaguirre.com.ar\/noticias\/wp-json\/wp\/v2\/posts\/5526\/revisions\/5528"}],"wp:featuredmedia":[{"embeddable":true,"href":"https:\/\/web.consaguirre.com.ar\/noticias\/wp-json\/wp\/v2\/media\/5527"}],"wp:attachment":[{"href":"https:\/\/web.consaguirre.com.ar\/noticias\/wp-json\/wp\/v2\/media?parent=5526"}],"wp:term":[{"taxonomy":"category","embeddable":true,"href":"https:\/\/web.consaguirre.com.ar\/noticias\/wp-json\/wp\/v2\/categories?post=5526"},{"taxonomy":"post_tag","embeddable":true,"href":"https:\/\/web.consaguirre.com.ar\/noticias\/wp-json\/wp\/v2\/tags?post=5526"}],"curies":[{"name":"wp","href":"https:\/\/api.w.org\/{rel}","templated":true}]}}