{"id":5521,"date":"2026-04-01T20:38:22","date_gmt":"2026-04-01T23:38:22","guid":{"rendered":"https:\/\/web.consaguirre.com.ar\/noticias\/meduza-comparte-nuevo-sencillo-dont-wanna-go-home\/"},"modified":"2026-04-01T20:38:23","modified_gmt":"2026-04-01T23:38:23","slug":"meduza-comparte-nuevo-sencillo-dont-wanna-go-home","status":"publish","type":"post","link":"https:\/\/web.consaguirre.com.ar\/noticias\/meduza-comparte-nuevo-sencillo-dont-wanna-go-home\/","title":{"rendered":"MEDUZA comparte nuevo sencillo &#8216;Don&#8217;t Wanna Go Home&#8217;"},"content":{"rendered":"<p>MEDUZA ha lanzado su nuevo sencillo \u201cDon&#8217;t Wanna Go Home\u201d, una nueva canci\u00f3n del tr\u00edo nominado al Grammy que llega durante la Miami Music Week. Construido en torno a la sensaci\u00f3n de no querer que la noche termine, el sencillo encuentra al grupo italiano canalizando un momento familiar para el p\u00fablico de los clubes de todo el mundo: los momentos finales de un set, cuando se encienden las luces y nadie est\u00e1 listo para irse todav\u00eda.<\/p>\n<div class=\"uD-YT-container\"><img decoding=\"async\" src=\"https:\/\/web.consaguirre.com.ar\/noticias\/wp-content\/uploads\/2026\/04\/1775086702_937_MEDUZA-comparte-nuevo-sencillo-Dont-Wanna-Go-Home.jpg\" alt=\"V\u00eddeo de YouTube\"><br \/>Haga clic para cargar v\u00eddeo<\/div>\n<p>Seg\u00fan MEDUZA, esa experiencia compartida entre DJ y p\u00fablico se convirti\u00f3 en la base de la canci\u00f3n. En lugar de simplemente extender la noche con un disco m\u00e1s, quer\u00edan escribir algo que capturara exactamente esa oleada de emoci\u00f3n y energ\u00eda. Con la voz de Henry Camamile, \u201cDon&#8217;t Wanna Go Home\u201d convierte esa atm\u00f3sfera nocturna en un himno, centr\u00e1ndose en la conexi\u00f3n entre la cabina y la pista de baile cuando el impulso a\u00fan est\u00e1 creciendo.<\/p>\n<div align='center'>\n<div class=\"udiscover-store-container\">\n<div id='udiscover-store-one-product'><\/div>\n<\/div>\n<p>\/*<!(CDATA(*\/(function (){var scriptURL='https:\/\/sdks.shopifycdn.com\/buy-button\/latest\/buy-button-storefront.min.js';if(window.ShopifyBuy){if(window.ShopifyBuy.UI){ShopifyBuyInit();}else{loadScript();}}else{loadScript();}funci\u00f3n loadScript(){var script=document.createElement('script');script.async=true;script.src=scriptURL;(document.getElementsByTagName('head')(0)|| document.getElementsByTagName('body')(0)).appendChild(script);script.onload=ShopifyBuyInit;} function ShopifyBuyInit(){var cliente=ShopifyBuy.buildClient({dominio:'udiscover.myshopify.com',storefrontAccessToken: 'bdc89f347d2ce61c1feeb9f8c60b2b98',}); ShopifyBuy.UI.onReady(cliente).luego(funci\u00f3n(ui){ ui.createComponent('producto',{ id:(7543122657357), nodo:document.getElementById('udiscover-store-one-product'), moneyFormat:'%24%7B%7Bamount%7D%7D', opciones:{'product':{'iframe':false,'buttonDestination':'modal','contents':{'options':true},'text':{'button':'ORDEN AHORA','outOfStock':'Lo sentimos, esto est\u00e1 agotado stock'}},'productSet':{'iframe':false},'modalProduct':{'iframe':false,'contents':{'img':false,'imgWithCarousel':true,'button':false,'buttonWithQuantity':true} },'modal':{'iframe':false},'option':{'iframe':false},'cart':{'iframe':false},'toggle':{'iframe':false,'contents':{'icon':false}},'lineItem':{'iframe':false}}, }); }); <\/div>\n<\/p>\n<p>El nuevo lanzamiento agrega otro cap\u00edtulo al ascenso global de MEDUZA desde que se abri\u00f3 paso con \u201cPieza de tu coraz\u00f3n\u201d en 2019. En los a\u00f1os transcurridos desde entonces, el tr\u00edo ha conseguido un gran n\u00famero de seguidores internacionales, obteniendo miles de millones de transmisiones y convirti\u00e9ndose en un elemento fijo en los principales festivales, incluidos Tomorrowland, EDC y Coachella, al mismo tiempo que mantiene residencias de alto perfil en Las Vegas e Ibiza. Ese \u00e9xito cruzado los ha ayudado a establecerse como uno de los actos m\u00e1s reconocibles de la m\u00fasica dance, con un sonido dise\u00f1ado tanto para grandes escenarios como para clubes llenos.<\/p>\n<p><b>Escuche \u201cDon&#8217;t Wanna Go Home\u201d de Meduza aqu\u00ed.<\/b><\/p>\n","protected":false},"excerpt":{"rendered":"<p>MEDUZA ha lanzado su nuevo sencillo \u201cDon&#8217;t Wanna Go Home\u201d, una nueva canci\u00f3n del tr\u00edo nominado al Grammy que llega durante la Miami Music Week.<\/p>\n","protected":false},"author":1,"featured_media":5522,"comment_status":"closed","ping_status":"","sticky":false,"template":"","format":"standard","meta":{"footnotes":""},"categories":[50],"tags":[201,240,1958,2550,146,204,4057],"class_list":["post-5521","post","type-post","status-publish","format-standard","has-post-thumbnail","hentry","category-el-ultimo","tag-comparte","tag-dont","tag-home","tag-meduza","tag-nuevo","tag-sencillo","tag-wanna","generate-columns","tablet-grid-50","mobile-grid-100","grid-parent","grid-50"],"yoast_head":"<!-- This site is optimized with the Yoast SEO plugin v23.3 - https:\/\/yoast.com\/wordpress\/plugins\/seo\/ -->\n<title>MEDUZA comparte nuevo sencillo &#039;Don&#039;t Wanna Go Home&#039;<\/title>\n<meta name=\"robots\" content=\"index, follow, max-snippet:-1, max-image-preview:large, max-video-preview:-1\" \/>\n<link rel=\"canonical\" href=\"https:\/\/web.consaguirre.com.ar\/noticias\/meduza-comparte-nuevo-sencillo-dont-wanna-go-home\/\" \/>\n<meta property=\"og:locale\" content=\"es_ES\" \/>\n<meta property=\"og:type\" content=\"article\" \/>\n<meta property=\"og:title\" content=\"MEDUZA comparte nuevo sencillo &#039;Don&#039;t Wanna Go Home&#039;\" \/>\n<meta property=\"og:description\" content=\"MEDUZA ha lanzado su nuevo sencillo \u201cDon&#8217;t Wanna Go Home\u201d, una nueva canci\u00f3n del tr\u00edo nominado al Grammy que llega durante la Miami Music Week.\" \/>\n<meta property=\"og:url\" content=\"https:\/\/web.consaguirre.com.ar\/noticias\/meduza-comparte-nuevo-sencillo-dont-wanna-go-home\/\" \/>\n<meta property=\"og:site_name\" content=\"Conservatorio de M\u00fasica Juli\u00e1n Aguirre\" \/>\n<meta property=\"article:published_time\" content=\"2026-04-01T23:38:22+00:00\" \/>\n<meta property=\"article:modified_time\" content=\"2026-04-01T23:38:23+00:00\" \/>\n<meta property=\"og:image\" content=\"https:\/\/web.consaguirre.com.ar\/noticias\/wp-content\/uploads\/2026\/04\/MEDUZA-comparte-nuevo-sencillo-Dont-Wanna-Go-Home.jpg\" \/>\n\t<meta property=\"og:image:width\" content=\"820\" \/>\n\t<meta property=\"og:image:height\" content=\"820\" \/>\n\t<meta property=\"og:image:type\" content=\"image\/jpeg\" \/>\n<meta name=\"author\" content=\"Javier Figueroa\" \/>\n<meta name=\"twitter:card\" content=\"summary_large_image\" \/>\n<meta name=\"twitter:label1\" content=\"Escrito por\" \/>\n\t<meta name=\"twitter:data1\" content=\"Javier Figueroa\" \/>\n\t<meta name=\"twitter:label2\" content=\"Tiempo de lectura\" \/>\n\t<meta name=\"twitter:data2\" content=\"1 minuto\" \/>\n<script type=\"application\/ld+json\" class=\"yoast-schema-graph\">{\"@context\":\"https:\/\/schema.org\",\"@graph\":[{\"@type\":\"Article\",\"@id\":\"https:\/\/web.consaguirre.com.ar\/noticias\/meduza-comparte-nuevo-sencillo-dont-wanna-go-home\/#article\",\"isPartOf\":{\"@id\":\"https:\/\/web.consaguirre.com.ar\/noticias\/meduza-comparte-nuevo-sencillo-dont-wanna-go-home\/\"},\"author\":{\"name\":\"Javier Figueroa\",\"@id\":\"https:\/\/web.consaguirre.com.ar\/noticias\/#\/schema\/person\/6558b0cfedee7ddc5425602b237d5722\"},\"headline\":\"MEDUZA comparte nuevo sencillo &#8216;Don&#8217;t Wanna Go Home&#8217;\",\"datePublished\":\"2026-04-01T23:38:22+00:00\",\"dateModified\":\"2026-04-01T23:38:23+00:00\",\"mainEntityOfPage\":{\"@id\":\"https:\/\/web.consaguirre.com.ar\/noticias\/meduza-comparte-nuevo-sencillo-dont-wanna-go-home\/\"},\"wordCount\":306,\"publisher\":{\"@id\":\"https:\/\/web.consaguirre.com.ar\/noticias\/#organization\"},\"image\":{\"@id\":\"https:\/\/web.consaguirre.com.ar\/noticias\/meduza-comparte-nuevo-sencillo-dont-wanna-go-home\/#primaryimage\"},\"thumbnailUrl\":\"https:\/\/web.consaguirre.com.ar\/noticias\/wp-content\/uploads\/2026\/04\/MEDUZA-comparte-nuevo-sencillo-Dont-Wanna-Go-Home.jpg\",\"keywords\":[\"comparte\",\"Dont\",\"Home\",\"Meduza\",\"nuevo\",\"sencillo\",\"Wanna\"],\"articleSection\":[\"El \u00faltimo\"],\"inLanguage\":\"es-AR\"},{\"@type\":\"WebPage\",\"@id\":\"https:\/\/web.consaguirre.com.ar\/noticias\/meduza-comparte-nuevo-sencillo-dont-wanna-go-home\/\",\"url\":\"https:\/\/web.consaguirre.com.ar\/noticias\/meduza-comparte-nuevo-sencillo-dont-wanna-go-home\/\",\"name\":\"MEDUZA comparte nuevo sencillo 'Don't Wanna Go Home'\",\"isPartOf\":{\"@id\":\"https:\/\/web.consaguirre.com.ar\/noticias\/#website\"},\"primaryImageOfPage\":{\"@id\":\"https:\/\/web.consaguirre.com.ar\/noticias\/meduza-comparte-nuevo-sencillo-dont-wanna-go-home\/#primaryimage\"},\"image\":{\"@id\":\"https:\/\/web.consaguirre.com.ar\/noticias\/meduza-comparte-nuevo-sencillo-dont-wanna-go-home\/#primaryimage\"},\"thumbnailUrl\":\"https:\/\/web.consaguirre.com.ar\/noticias\/wp-content\/uploads\/2026\/04\/MEDUZA-comparte-nuevo-sencillo-Dont-Wanna-Go-Home.jpg\",\"datePublished\":\"2026-04-01T23:38:22+00:00\",\"dateModified\":\"2026-04-01T23:38:23+00:00\",\"breadcrumb\":{\"@id\":\"https:\/\/web.consaguirre.com.ar\/noticias\/meduza-comparte-nuevo-sencillo-dont-wanna-go-home\/#breadcrumb\"},\"inLanguage\":\"es-AR\",\"potentialAction\":[{\"@type\":\"ReadAction\",\"target\":[\"https:\/\/web.consaguirre.com.ar\/noticias\/meduza-comparte-nuevo-sencillo-dont-wanna-go-home\/\"]}]},{\"@type\":\"ImageObject\",\"inLanguage\":\"es-AR\",\"@id\":\"https:\/\/web.consaguirre.com.ar\/noticias\/meduza-comparte-nuevo-sencillo-dont-wanna-go-home\/#primaryimage\",\"url\":\"https:\/\/web.consaguirre.com.ar\/noticias\/wp-content\/uploads\/2026\/04\/MEDUZA-comparte-nuevo-sencillo-Dont-Wanna-Go-Home.jpg\",\"contentUrl\":\"https:\/\/web.consaguirre.com.ar\/noticias\/wp-content\/uploads\/2026\/04\/MEDUZA-comparte-nuevo-sencillo-Dont-Wanna-Go-Home.jpg\",\"width\":820,\"height\":820,\"caption\":\"Meduza Don\"},{\"@type\":\"BreadcrumbList\",\"@id\":\"https:\/\/web.consaguirre.com.ar\/noticias\/meduza-comparte-nuevo-sencillo-dont-wanna-go-home\/#breadcrumb\",\"itemListElement\":[{\"@type\":\"ListItem\",\"position\":1,\"name\":\"Inicio\",\"item\":\"https:\/\/web.consaguirre.com.ar\/noticias\/\"},{\"@type\":\"ListItem\",\"position\":2,\"name\":\"MEDUZA comparte nuevo sencillo &#8216;Don&#8217;t Wanna Go Home&#8217;\"}]},{\"@type\":\"WebSite\",\"@id\":\"https:\/\/web.consaguirre.com.ar\/noticias\/#website\",\"url\":\"https:\/\/web.consaguirre.com.ar\/noticias\/\",\"name\":\"Conservatorio de M\u00fasica Juli\u00e1n Aguirre\",\"description\":\"\",\"publisher\":{\"@id\":\"https:\/\/web.consaguirre.com.ar\/noticias\/#organization\"},\"potentialAction\":[{\"@type\":\"SearchAction\",\"target\":{\"@type\":\"EntryPoint\",\"urlTemplate\":\"https:\/\/web.consaguirre.com.ar\/noticias\/?s={search_term_string}\"},\"query-input\":\"required name=search_term_string\"}],\"inLanguage\":\"es-AR\"},{\"@type\":\"Organization\",\"@id\":\"https:\/\/web.consaguirre.com.ar\/noticias\/#organization\",\"name\":\"Conservatorio de M\u00fasica Juli\u00e1n Aguirre\",\"url\":\"https:\/\/web.consaguirre.com.ar\/noticias\/\",\"logo\":{\"@type\":\"ImageObject\",\"inLanguage\":\"es-AR\",\"@id\":\"https:\/\/web.consaguirre.com.ar\/noticias\/#\/schema\/logo\/image\/\",\"url\":\"https:\/\/web.consaguirre.com.ar\/noticias\/wp-content\/uploads\/2024\/08\/Banner-Aguirre-23.jpg\",\"contentUrl\":\"https:\/\/web.consaguirre.com.ar\/noticias\/wp-content\/uploads\/2024\/08\/Banner-Aguirre-23.jpg\",\"width\":1192,\"height\":600,\"caption\":\"Conservatorio de M\u00fasica Juli\u00e1n Aguirre\"},\"image\":{\"@id\":\"https:\/\/web.consaguirre.com.ar\/noticias\/#\/schema\/logo\/image\/\"}},{\"@type\":\"Person\",\"@id\":\"https:\/\/web.consaguirre.com.ar\/noticias\/#\/schema\/person\/6558b0cfedee7ddc5425602b237d5722\",\"name\":\"Javier Figueroa\",\"image\":{\"@type\":\"ImageObject\",\"inLanguage\":\"es-AR\",\"@id\":\"https:\/\/web.consaguirre.com.ar\/noticias\/#\/schema\/person\/image\/\",\"url\":\"https:\/\/web.consaguirre.com.ar\/noticias\/wp-content\/uploads\/2024\/08\/Consaguirre-scaled.jpg\",\"contentUrl\":\"https:\/\/web.consaguirre.com.ar\/noticias\/wp-content\/uploads\/2024\/08\/Consaguirre-scaled.jpg\",\"caption\":\"Javier Figueroa\"},\"description\":\"Me llamo Javier Figueroa y soy redactor para el sitio oficial del Conservatorio de M\u00fasica Juli\u00e1n Aguirre en Buenos Aires, consaguirre.com. Apasionado por la m\u00fasica y la escritura, me esfuerzo por destacar los talentos y eventos de nuestra prestigiosa instituci\u00f3n. Mi trayectoria se nutre de una profunda admiraci\u00f3n por los artistas, haciendo de cada art\u00edculo una celebraci\u00f3n de la creatividad y la cultura musical.\",\"sameAs\":[\"https:\/\/web.consaguirre.com.ar\/noticias\"]}]}<\/script>\n<!-- \/ Yoast SEO plugin. -->","yoast_head_json":{"title":"MEDUZA comparte nuevo sencillo 'Don't Wanna Go Home'","robots":{"index":"index","follow":"follow","max-snippet":"max-snippet:-1","max-image-preview":"max-image-preview:large","max-video-preview":"max-video-preview:-1"},"canonical":"https:\/\/web.consaguirre.com.ar\/noticias\/meduza-comparte-nuevo-sencillo-dont-wanna-go-home\/","og_locale":"es_ES","og_type":"article","og_title":"MEDUZA comparte nuevo sencillo 'Don't Wanna Go Home'","og_description":"MEDUZA ha lanzado su nuevo sencillo \u201cDon&#8217;t Wanna Go Home\u201d, una nueva canci\u00f3n del tr\u00edo nominado al Grammy que llega durante la Miami Music Week.","og_url":"https:\/\/web.consaguirre.com.ar\/noticias\/meduza-comparte-nuevo-sencillo-dont-wanna-go-home\/","og_site_name":"Conservatorio de M\u00fasica Juli\u00e1n Aguirre","article_published_time":"2026-04-01T23:38:22+00:00","article_modified_time":"2026-04-01T23:38:23+00:00","og_image":[{"width":820,"height":820,"url":"https:\/\/web.consaguirre.com.ar\/noticias\/wp-content\/uploads\/2026\/04\/MEDUZA-comparte-nuevo-sencillo-Dont-Wanna-Go-Home.jpg","type":"image\/jpeg"}],"author":"Javier Figueroa","twitter_card":"summary_large_image","twitter_misc":{"Escrito por":"Javier Figueroa","Tiempo de lectura":"1 minuto"},"schema":{"@context":"https:\/\/schema.org","@graph":[{"@type":"Article","@id":"https:\/\/web.consaguirre.com.ar\/noticias\/meduza-comparte-nuevo-sencillo-dont-wanna-go-home\/#article","isPartOf":{"@id":"https:\/\/web.consaguirre.com.ar\/noticias\/meduza-comparte-nuevo-sencillo-dont-wanna-go-home\/"},"author":{"name":"Javier Figueroa","@id":"https:\/\/web.consaguirre.com.ar\/noticias\/#\/schema\/person\/6558b0cfedee7ddc5425602b237d5722"},"headline":"MEDUZA comparte nuevo sencillo &#8216;Don&#8217;t Wanna Go Home&#8217;","datePublished":"2026-04-01T23:38:22+00:00","dateModified":"2026-04-01T23:38:23+00:00","mainEntityOfPage":{"@id":"https:\/\/web.consaguirre.com.ar\/noticias\/meduza-comparte-nuevo-sencillo-dont-wanna-go-home\/"},"wordCount":306,"publisher":{"@id":"https:\/\/web.consaguirre.com.ar\/noticias\/#organization"},"image":{"@id":"https:\/\/web.consaguirre.com.ar\/noticias\/meduza-comparte-nuevo-sencillo-dont-wanna-go-home\/#primaryimage"},"thumbnailUrl":"https:\/\/web.consaguirre.com.ar\/noticias\/wp-content\/uploads\/2026\/04\/MEDUZA-comparte-nuevo-sencillo-Dont-Wanna-Go-Home.jpg","keywords":["comparte","Dont","Home","Meduza","nuevo","sencillo","Wanna"],"articleSection":["El \u00faltimo"],"inLanguage":"es-AR"},{"@type":"WebPage","@id":"https:\/\/web.consaguirre.com.ar\/noticias\/meduza-comparte-nuevo-sencillo-dont-wanna-go-home\/","url":"https:\/\/web.consaguirre.com.ar\/noticias\/meduza-comparte-nuevo-sencillo-dont-wanna-go-home\/","name":"MEDUZA comparte nuevo sencillo 'Don't Wanna Go Home'","isPartOf":{"@id":"https:\/\/web.consaguirre.com.ar\/noticias\/#website"},"primaryImageOfPage":{"@id":"https:\/\/web.consaguirre.com.ar\/noticias\/meduza-comparte-nuevo-sencillo-dont-wanna-go-home\/#primaryimage"},"image":{"@id":"https:\/\/web.consaguirre.com.ar\/noticias\/meduza-comparte-nuevo-sencillo-dont-wanna-go-home\/#primaryimage"},"thumbnailUrl":"https:\/\/web.consaguirre.com.ar\/noticias\/wp-content\/uploads\/2026\/04\/MEDUZA-comparte-nuevo-sencillo-Dont-Wanna-Go-Home.jpg","datePublished":"2026-04-01T23:38:22+00:00","dateModified":"2026-04-01T23:38:23+00:00","breadcrumb":{"@id":"https:\/\/web.consaguirre.com.ar\/noticias\/meduza-comparte-nuevo-sencillo-dont-wanna-go-home\/#breadcrumb"},"inLanguage":"es-AR","potentialAction":[{"@type":"ReadAction","target":["https:\/\/web.consaguirre.com.ar\/noticias\/meduza-comparte-nuevo-sencillo-dont-wanna-go-home\/"]}]},{"@type":"ImageObject","inLanguage":"es-AR","@id":"https:\/\/web.consaguirre.com.ar\/noticias\/meduza-comparte-nuevo-sencillo-dont-wanna-go-home\/#primaryimage","url":"https:\/\/web.consaguirre.com.ar\/noticias\/wp-content\/uploads\/2026\/04\/MEDUZA-comparte-nuevo-sencillo-Dont-Wanna-Go-Home.jpg","contentUrl":"https:\/\/web.consaguirre.com.ar\/noticias\/wp-content\/uploads\/2026\/04\/MEDUZA-comparte-nuevo-sencillo-Dont-Wanna-Go-Home.jpg","width":820,"height":820,"caption":"Meduza Don"},{"@type":"BreadcrumbList","@id":"https:\/\/web.consaguirre.com.ar\/noticias\/meduza-comparte-nuevo-sencillo-dont-wanna-go-home\/#breadcrumb","itemListElement":[{"@type":"ListItem","position":1,"name":"Inicio","item":"https:\/\/web.consaguirre.com.ar\/noticias\/"},{"@type":"ListItem","position":2,"name":"MEDUZA comparte nuevo sencillo &#8216;Don&#8217;t Wanna Go Home&#8217;"}]},{"@type":"WebSite","@id":"https:\/\/web.consaguirre.com.ar\/noticias\/#website","url":"https:\/\/web.consaguirre.com.ar\/noticias\/","name":"Conservatorio de M\u00fasica Juli\u00e1n Aguirre","description":"","publisher":{"@id":"https:\/\/web.consaguirre.com.ar\/noticias\/#organization"},"potentialAction":[{"@type":"SearchAction","target":{"@type":"EntryPoint","urlTemplate":"https:\/\/web.consaguirre.com.ar\/noticias\/?s={search_term_string}"},"query-input":"required name=search_term_string"}],"inLanguage":"es-AR"},{"@type":"Organization","@id":"https:\/\/web.consaguirre.com.ar\/noticias\/#organization","name":"Conservatorio de M\u00fasica Juli\u00e1n Aguirre","url":"https:\/\/web.consaguirre.com.ar\/noticias\/","logo":{"@type":"ImageObject","inLanguage":"es-AR","@id":"https:\/\/web.consaguirre.com.ar\/noticias\/#\/schema\/logo\/image\/","url":"https:\/\/web.consaguirre.com.ar\/noticias\/wp-content\/uploads\/2024\/08\/Banner-Aguirre-23.jpg","contentUrl":"https:\/\/web.consaguirre.com.ar\/noticias\/wp-content\/uploads\/2024\/08\/Banner-Aguirre-23.jpg","width":1192,"height":600,"caption":"Conservatorio de M\u00fasica Juli\u00e1n Aguirre"},"image":{"@id":"https:\/\/web.consaguirre.com.ar\/noticias\/#\/schema\/logo\/image\/"}},{"@type":"Person","@id":"https:\/\/web.consaguirre.com.ar\/noticias\/#\/schema\/person\/6558b0cfedee7ddc5425602b237d5722","name":"Javier Figueroa","image":{"@type":"ImageObject","inLanguage":"es-AR","@id":"https:\/\/web.consaguirre.com.ar\/noticias\/#\/schema\/person\/image\/","url":"https:\/\/web.consaguirre.com.ar\/noticias\/wp-content\/uploads\/2024\/08\/Consaguirre-scaled.jpg","contentUrl":"https:\/\/web.consaguirre.com.ar\/noticias\/wp-content\/uploads\/2024\/08\/Consaguirre-scaled.jpg","caption":"Javier Figueroa"},"description":"Me llamo Javier Figueroa y soy redactor para el sitio oficial del Conservatorio de M\u00fasica Juli\u00e1n Aguirre en Buenos Aires, consaguirre.com. Apasionado por la m\u00fasica y la escritura, me esfuerzo por destacar los talentos y eventos de nuestra prestigiosa instituci\u00f3n. Mi trayectoria se nutre de una profunda admiraci\u00f3n por los artistas, haciendo de cada art\u00edculo una celebraci\u00f3n de la creatividad y la cultura musical.","sameAs":["https:\/\/web.consaguirre.com.ar\/noticias"]}]}},"_links":{"self":[{"href":"https:\/\/web.consaguirre.com.ar\/noticias\/wp-json\/wp\/v2\/posts\/5521"}],"collection":[{"href":"https:\/\/web.consaguirre.com.ar\/noticias\/wp-json\/wp\/v2\/posts"}],"about":[{"href":"https:\/\/web.consaguirre.com.ar\/noticias\/wp-json\/wp\/v2\/types\/post"}],"author":[{"embeddable":true,"href":"https:\/\/web.consaguirre.com.ar\/noticias\/wp-json\/wp\/v2\/users\/1"}],"replies":[{"embeddable":true,"href":"https:\/\/web.consaguirre.com.ar\/noticias\/wp-json\/wp\/v2\/comments?post=5521"}],"version-history":[{"count":1,"href":"https:\/\/web.consaguirre.com.ar\/noticias\/wp-json\/wp\/v2\/posts\/5521\/revisions"}],"predecessor-version":[{"id":5523,"href":"https:\/\/web.consaguirre.com.ar\/noticias\/wp-json\/wp\/v2\/posts\/5521\/revisions\/5523"}],"wp:featuredmedia":[{"embeddable":true,"href":"https:\/\/web.consaguirre.com.ar\/noticias\/wp-json\/wp\/v2\/media\/5522"}],"wp:attachment":[{"href":"https:\/\/web.consaguirre.com.ar\/noticias\/wp-json\/wp\/v2\/media?parent=5521"}],"wp:term":[{"taxonomy":"category","embeddable":true,"href":"https:\/\/web.consaguirre.com.ar\/noticias\/wp-json\/wp\/v2\/categories?post=5521"},{"taxonomy":"post_tag","embeddable":true,"href":"https:\/\/web.consaguirre.com.ar\/noticias\/wp-json\/wp\/v2\/tags?post=5521"}],"curies":[{"name":"wp","href":"https:\/\/api.w.org\/{rel}","templated":true}]}}