{"id":5510,"date":"2026-04-01T05:38:55","date_gmt":"2026-04-01T08:38:55","guid":{"rendered":"https:\/\/web.consaguirre.com.ar\/noticias\/conan-gray-anuncia-la-edicion-de-lujo-de-wishbone-y-comparte-nueva-cancion\/"},"modified":"2026-04-01T05:38:56","modified_gmt":"2026-04-01T08:38:56","slug":"conan-gray-anuncia-la-edicion-de-lujo-de-wishbone-y-comparte-nueva-cancion","status":"publish","type":"post","link":"https:\/\/web.consaguirre.com.ar\/noticias\/conan-gray-anuncia-la-edicion-de-lujo-de-wishbone-y-comparte-nueva-cancion\/","title":{"rendered":"Conan Gray anuncia la edici\u00f3n de lujo de &#8216;Wishbone&#8217; y comparte nueva canci\u00f3n"},"content":{"rendered":"<p>Conan Gray dej\u00f3 &#8220;The Best&#8221; para el final. El cantautor pop lanz\u00f3 su nuevo sencillo \u201cThe Best\u201d y revel\u00f3 que ser\u00e1 el tema de cierre de una nueva edici\u00f3n de lujo de su exitoso \u00e1lbum. <em>Espoleta<\/em>. El proyecto ampliado, que se lanzar\u00e1 el 24 de abril, agrega cinco canciones a la lista de canciones original de 12 canciones del LP de 2025. Las otras cuatro pistas adicionales a\u00fan no se han revelado.<\/p>\n<div align=\"center\">\n<div class=\"udiscover-store-container\">\n<div id='udiscover-store-three-product'><\/div>\n<\/div>\n<p>\/*<!(CDATA(*\/(function (){var scriptURL='https:\/\/sdks.shopifycdn.com\/buy-button\/latest\/buy-button-storefront.min.js';if(window.ShopifyBuy){if(window.ShopifyBuy.UI){ShopifyBuyInit();}else{loadScript();}}else{loadScript();}funci\u00f3n loadScript(){var script=document.createElement('script');script.async=true;script.src=scriptURL;(document.getElementsByTagName('head')(0)|| document.getElementsByTagName('body')(0)).appendChild(script);script.onload=ShopifyBuyInit;} function ShopifyBuyInit(){var cliente=ShopifyBuy.buildClient({dominio:'udiscover.myshopify.com',storefrontAccessToken: 'bdc89f347d2ce61c1feeb9f8c60b2b98',}); ShopifyBuy.UI.onReady(cliente).luego(funci\u00f3n(ui){ ui.createComponent('productSet',{ id:(7543115022413,7454016700493,7453971644493), nodo:document.getElementById('udiscover-store-tres-producto'), moneyFormat:'%24%7B%7Bamount%7D%7D', opciones:{&quot;producto&quot;:{&quot;marco flotante&quot;:FALSO,&quot;bot\u00f3nDestino&quot;:&quot;modal&quot;,&quot;contenido&quot;:{&quot;opciones&quot;:verdadero},&quot;texto&quot;:{&quot;bot\u00f3n&quot;:&quot;PEDIR AHORA&quot;,&quot;Agotado&quot;:&quot;Lo sentimos, esto est\u00e1 agotado.&quot;}},&quot;conjunto de productos&quot;:{&quot;marco flotante&quot;:FALSO},&quot;modalProducto&quot;:{&quot;marco flotante&quot;:FALSO,&quot;contenido&quot;:{&quot;imagen&quot;:FALSO,&quot;imgConCarrusel&quot;:verdadero,&quot;bot\u00f3n&quot;:FALSO,&quot;bot\u00f3nConCantidad&quot;:verdadero}},&quot;modal&quot;:{&quot;marco flotante&quot;:FALSO},&quot;opci\u00f3n&quot;:{&quot;marco flotante&quot;:FALSO},&quot;carro&quot;:{&quot;marco flotante&quot;:FALSO},&quot;palanca&quot;:{&quot;marco flotante&quot;:FALSO,&quot;contenido&quot;:{&quot;icono&quot;:FALSO}},&quot;art\u00edculo de l\u00ednea&quot;:{&quot;marco flotante&quot;:FALSO}}, }); }); } })(); \/*))>*\/ <\/div>\n<\/p>\n<p>Gray se encuentra en medio de su Wishbone World Tour, que llega a Europa despu\u00e9s de una gira por Am\u00e9rica del Norte que lo vio agotar entradas en lugares como el Madison Square Garden de Nueva York y el Kia Forum en Los \u00c1ngeles. Los shows de Australia y Nueva Zelanda seguir\u00e1n este oto\u00f1o mientras Gray contin\u00faa acumulando transmisiones en todo el mundo. (Tiene hasta 12 mil millones y sigue contando).<\/p>\n<div class=\"uD-YT-container\"><img decoding=\"async\" src=\"https:\/\/web.consaguirre.com.ar\/noticias\/wp-content\/uploads\/2026\/04\/Conan-Gray-anuncia-la-edicion-de-lujo-de-Wishbone-y.jpg\" alt=\"V\u00eddeo de YouTube\"><br \/>Haga clic para cargar v\u00eddeo<\/div>\n<p>Gray estren\u00f3 \u201cThe Best\u201d en la parada de la gira en Minneapolis en el Target Center el 19 de febrero, y r\u00e1pidamente se convirti\u00f3 en un favorito de los fan\u00e1ticos. Producida por John Buscema, la poderosa balada encuentra a Gray reuniendo el poder para superar un romance pasado. \u201cDej\u00f3 crecer tu corte de pelo, ahora mi cabello es corto \/ No hay nada como antes, cuando era tuyo\u201d, canta, notando las muchas formas en que ha cambiado desde el enredo. Finalmente concluye que \u201cpor fin puede desearle lo mejor\u201d.<\/p>\n<p>Escrito por Gray y producido por Dan Nigro (Olivia Rodrigo, Chappell Roan), <em>Espoleta<\/em> es el \u00e1lbum m\u00e1s importante de la carrera del joven fen\u00f3meno hasta el momento. Debut\u00f3 en la cima de la lista de ventas de \u00e1lbumes de Billboard en agosto pasado y alcanz\u00f3 el puesto n\u00famero 3, el mejor de su carrera, en el Billboard 200, con la cifra de ventas m\u00e1s grande de Gray en la primera semana hasta la fecha. &#8220;Lo \u00faltimo de Gray es tierno y dulce, y se revela como secretos en una fiesta de pijamas con tus mejores amigos&#8221;, escribi\u00f3 Brittany Spanos en <em>Piedra rodante<\/em>La rese\u00f1a. Y continu\u00f3: &#8220;A pesar de lo vulnerable que parece gran parte de la m\u00fasica, Gray lleva su coraz\u00f3n con orgullo en la manga. Nunca ha sonado m\u00e1s seguro o c\u00f3modo, una promesa emocionante de lo que vendr\u00e1 de \u00e9l en el futuro&#8221;.<\/p>\n<p><b>Compre aqu\u00ed la m\u00fasica de Conan Gray en vinilos y CD de edici\u00f3n limitada.<\/b><\/p>\n","protected":false},"excerpt":{"rendered":"<p>Conan Gray dej\u00f3 &#8220;The Best&#8221; para el final. El cantautor pop lanz\u00f3 su nuevo sencillo \u201cThe Best\u201d y revel\u00f3 que ser\u00e1 el tema de cierre<\/p>\n","protected":false},"author":1,"featured_media":4130,"comment_status":"closed","ping_status":"","sticky":false,"template":"","format":"standard","meta":{"footnotes":""},"categories":[50],"tags":[56,460,201,358,160,2159,298,116,2581],"class_list":["post-5510","post","type-post","status-publish","format-standard","has-post-thumbnail","hentry","category-el-ultimo","tag-anuncia","tag-cancion","tag-comparte","tag-conan","tag-edicion","tag-gray","tag-lujo","tag-nueva","tag-wishbone","generate-columns","tablet-grid-50","mobile-grid-100","grid-parent","grid-50"],"yoast_head":"<!-- This site is optimized with the Yoast SEO plugin v23.3 - https:\/\/yoast.com\/wordpress\/plugins\/seo\/ -->\n<title>Conan Gray anuncia la edici\u00f3n de lujo de &#039;Wishbone&#039; y comparte nueva canci\u00f3n<\/title>\n<meta name=\"robots\" content=\"index, follow, max-snippet:-1, max-image-preview:large, max-video-preview:-1\" \/>\n<link rel=\"canonical\" href=\"https:\/\/web.consaguirre.com.ar\/noticias\/conan-gray-anuncia-la-edicion-de-lujo-de-wishbone-y-comparte-nueva-cancion\/\" \/>\n<meta property=\"og:locale\" content=\"es_ES\" \/>\n<meta property=\"og:type\" content=\"article\" \/>\n<meta property=\"og:title\" content=\"Conan Gray anuncia la edici\u00f3n de lujo de &#039;Wishbone&#039; y comparte nueva canci\u00f3n\" \/>\n<meta property=\"og:description\" content=\"Conan Gray dej\u00f3 &#8220;The Best&#8221; para el final. El cantautor pop lanz\u00f3 su nuevo sencillo \u201cThe Best\u201d y revel\u00f3 que ser\u00e1 el tema de cierre\" \/>\n<meta property=\"og:url\" content=\"https:\/\/web.consaguirre.com.ar\/noticias\/conan-gray-anuncia-la-edicion-de-lujo-de-wishbone-y-comparte-nueva-cancion\/\" \/>\n<meta property=\"og:site_name\" content=\"Conservatorio de M\u00fasica Juli\u00e1n Aguirre\" \/>\n<meta property=\"article:published_time\" content=\"2026-04-01T08:38:55+00:00\" \/>\n<meta property=\"article:modified_time\" content=\"2026-04-01T08:38:56+00:00\" \/>\n<meta property=\"og:image\" content=\"https:\/\/web.consaguirre.com.ar\/noticias\/wp-content\/uploads\/2025\/10\/Conan-Gray-anuncia-la-gira-mundial-Wishbone-2026.jpg\" \/>\n\t<meta property=\"og:image:width\" content=\"1280\" \/>\n\t<meta property=\"og:image:height\" content=\"1280\" \/>\n\t<meta property=\"og:image:type\" content=\"image\/jpeg\" \/>\n<meta name=\"author\" content=\"Javier Figueroa\" \/>\n<meta name=\"twitter:card\" content=\"summary_large_image\" \/>\n<meta name=\"twitter:label1\" content=\"Escrito por\" \/>\n\t<meta name=\"twitter:data1\" content=\"Javier Figueroa\" \/>\n\t<meta name=\"twitter:label2\" content=\"Tiempo de lectura\" \/>\n\t<meta name=\"twitter:data2\" content=\"2 minutos\" \/>\n<script type=\"application\/ld+json\" class=\"yoast-schema-graph\">{\"@context\":\"https:\/\/schema.org\",\"@graph\":[{\"@type\":\"Article\",\"@id\":\"https:\/\/web.consaguirre.com.ar\/noticias\/conan-gray-anuncia-la-edicion-de-lujo-de-wishbone-y-comparte-nueva-cancion\/#article\",\"isPartOf\":{\"@id\":\"https:\/\/web.consaguirre.com.ar\/noticias\/conan-gray-anuncia-la-edicion-de-lujo-de-wishbone-y-comparte-nueva-cancion\/\"},\"author\":{\"name\":\"Javier Figueroa\",\"@id\":\"https:\/\/web.consaguirre.com.ar\/noticias\/#\/schema\/person\/6558b0cfedee7ddc5425602b237d5722\"},\"headline\":\"Conan Gray anuncia la edici\u00f3n de lujo de &#8216;Wishbone&#8217; y comparte nueva canci\u00f3n\",\"datePublished\":\"2026-04-01T08:38:55+00:00\",\"dateModified\":\"2026-04-01T08:38:56+00:00\",\"mainEntityOfPage\":{\"@id\":\"https:\/\/web.consaguirre.com.ar\/noticias\/conan-gray-anuncia-la-edicion-de-lujo-de-wishbone-y-comparte-nueva-cancion\/\"},\"wordCount\":424,\"publisher\":{\"@id\":\"https:\/\/web.consaguirre.com.ar\/noticias\/#organization\"},\"image\":{\"@id\":\"https:\/\/web.consaguirre.com.ar\/noticias\/conan-gray-anuncia-la-edicion-de-lujo-de-wishbone-y-comparte-nueva-cancion\/#primaryimage\"},\"thumbnailUrl\":\"https:\/\/web.consaguirre.com.ar\/noticias\/wp-content\/uploads\/2025\/10\/Conan-Gray-anuncia-la-gira-mundial-Wishbone-2026.jpg\",\"keywords\":[\"anuncia\",\"canci\u00f3n\",\"comparte\",\"Conan\",\"edici\u00f3n\",\"Gray\",\"lujo\",\"nueva\",\"Wishbone\"],\"articleSection\":[\"El \u00faltimo\"],\"inLanguage\":\"es-AR\"},{\"@type\":\"WebPage\",\"@id\":\"https:\/\/web.consaguirre.com.ar\/noticias\/conan-gray-anuncia-la-edicion-de-lujo-de-wishbone-y-comparte-nueva-cancion\/\",\"url\":\"https:\/\/web.consaguirre.com.ar\/noticias\/conan-gray-anuncia-la-edicion-de-lujo-de-wishbone-y-comparte-nueva-cancion\/\",\"name\":\"Conan Gray anuncia la edici\u00f3n de lujo de 'Wishbone' y comparte nueva canci\u00f3n\",\"isPartOf\":{\"@id\":\"https:\/\/web.consaguirre.com.ar\/noticias\/#website\"},\"primaryImageOfPage\":{\"@id\":\"https:\/\/web.consaguirre.com.ar\/noticias\/conan-gray-anuncia-la-edicion-de-lujo-de-wishbone-y-comparte-nueva-cancion\/#primaryimage\"},\"image\":{\"@id\":\"https:\/\/web.consaguirre.com.ar\/noticias\/conan-gray-anuncia-la-edicion-de-lujo-de-wishbone-y-comparte-nueva-cancion\/#primaryimage\"},\"thumbnailUrl\":\"https:\/\/web.consaguirre.com.ar\/noticias\/wp-content\/uploads\/2025\/10\/Conan-Gray-anuncia-la-gira-mundial-Wishbone-2026.jpg\",\"datePublished\":\"2026-04-01T08:38:55+00:00\",\"dateModified\":\"2026-04-01T08:38:56+00:00\",\"breadcrumb\":{\"@id\":\"https:\/\/web.consaguirre.com.ar\/noticias\/conan-gray-anuncia-la-edicion-de-lujo-de-wishbone-y-comparte-nueva-cancion\/#breadcrumb\"},\"inLanguage\":\"es-AR\",\"potentialAction\":[{\"@type\":\"ReadAction\",\"target\":[\"https:\/\/web.consaguirre.com.ar\/noticias\/conan-gray-anuncia-la-edicion-de-lujo-de-wishbone-y-comparte-nueva-cancion\/\"]}]},{\"@type\":\"ImageObject\",\"inLanguage\":\"es-AR\",\"@id\":\"https:\/\/web.consaguirre.com.ar\/noticias\/conan-gray-anuncia-la-edicion-de-lujo-de-wishbone-y-comparte-nueva-cancion\/#primaryimage\",\"url\":\"https:\/\/web.consaguirre.com.ar\/noticias\/wp-content\/uploads\/2025\/10\/Conan-Gray-anuncia-la-gira-mundial-Wishbone-2026.jpg\",\"contentUrl\":\"https:\/\/web.consaguirre.com.ar\/noticias\/wp-content\/uploads\/2025\/10\/Conan-Gray-anuncia-la-gira-mundial-Wishbone-2026.jpg\",\"width\":1280,\"height\":1280,\"caption\":\"Conan Gray anuncia la gira mundial Wishbone 2026\"},{\"@type\":\"BreadcrumbList\",\"@id\":\"https:\/\/web.consaguirre.com.ar\/noticias\/conan-gray-anuncia-la-edicion-de-lujo-de-wishbone-y-comparte-nueva-cancion\/#breadcrumb\",\"itemListElement\":[{\"@type\":\"ListItem\",\"position\":1,\"name\":\"Inicio\",\"item\":\"https:\/\/web.consaguirre.com.ar\/noticias\/\"},{\"@type\":\"ListItem\",\"position\":2,\"name\":\"Conan Gray anuncia la edici\u00f3n de lujo de &#8216;Wishbone&#8217; y comparte nueva canci\u00f3n\"}]},{\"@type\":\"WebSite\",\"@id\":\"https:\/\/web.consaguirre.com.ar\/noticias\/#website\",\"url\":\"https:\/\/web.consaguirre.com.ar\/noticias\/\",\"name\":\"Conservatorio de M\u00fasica Juli\u00e1n Aguirre\",\"description\":\"\",\"publisher\":{\"@id\":\"https:\/\/web.consaguirre.com.ar\/noticias\/#organization\"},\"potentialAction\":[{\"@type\":\"SearchAction\",\"target\":{\"@type\":\"EntryPoint\",\"urlTemplate\":\"https:\/\/web.consaguirre.com.ar\/noticias\/?s={search_term_string}\"},\"query-input\":\"required name=search_term_string\"}],\"inLanguage\":\"es-AR\"},{\"@type\":\"Organization\",\"@id\":\"https:\/\/web.consaguirre.com.ar\/noticias\/#organization\",\"name\":\"Conservatorio de M\u00fasica Juli\u00e1n Aguirre\",\"url\":\"https:\/\/web.consaguirre.com.ar\/noticias\/\",\"logo\":{\"@type\":\"ImageObject\",\"inLanguage\":\"es-AR\",\"@id\":\"https:\/\/web.consaguirre.com.ar\/noticias\/#\/schema\/logo\/image\/\",\"url\":\"https:\/\/web.consaguirre.com.ar\/noticias\/wp-content\/uploads\/2024\/08\/Banner-Aguirre-23.jpg\",\"contentUrl\":\"https:\/\/web.consaguirre.com.ar\/noticias\/wp-content\/uploads\/2024\/08\/Banner-Aguirre-23.jpg\",\"width\":1192,\"height\":600,\"caption\":\"Conservatorio de M\u00fasica Juli\u00e1n Aguirre\"},\"image\":{\"@id\":\"https:\/\/web.consaguirre.com.ar\/noticias\/#\/schema\/logo\/image\/\"}},{\"@type\":\"Person\",\"@id\":\"https:\/\/web.consaguirre.com.ar\/noticias\/#\/schema\/person\/6558b0cfedee7ddc5425602b237d5722\",\"name\":\"Javier Figueroa\",\"image\":{\"@type\":\"ImageObject\",\"inLanguage\":\"es-AR\",\"@id\":\"https:\/\/web.consaguirre.com.ar\/noticias\/#\/schema\/person\/image\/\",\"url\":\"https:\/\/web.consaguirre.com.ar\/noticias\/wp-content\/uploads\/2024\/08\/Consaguirre-scaled.jpg\",\"contentUrl\":\"https:\/\/web.consaguirre.com.ar\/noticias\/wp-content\/uploads\/2024\/08\/Consaguirre-scaled.jpg\",\"caption\":\"Javier Figueroa\"},\"description\":\"Me llamo Javier Figueroa y soy redactor para el sitio oficial del Conservatorio de M\u00fasica Juli\u00e1n Aguirre en Buenos Aires, consaguirre.com. Apasionado por la m\u00fasica y la escritura, me esfuerzo por destacar los talentos y eventos de nuestra prestigiosa instituci\u00f3n. Mi trayectoria se nutre de una profunda admiraci\u00f3n por los artistas, haciendo de cada art\u00edculo una celebraci\u00f3n de la creatividad y la cultura musical.\",\"sameAs\":[\"https:\/\/web.consaguirre.com.ar\/noticias\"]}]}<\/script>\n<!-- \/ Yoast SEO plugin. -->","yoast_head_json":{"title":"Conan Gray anuncia la edici\u00f3n de lujo de 'Wishbone' y comparte nueva canci\u00f3n","robots":{"index":"index","follow":"follow","max-snippet":"max-snippet:-1","max-image-preview":"max-image-preview:large","max-video-preview":"max-video-preview:-1"},"canonical":"https:\/\/web.consaguirre.com.ar\/noticias\/conan-gray-anuncia-la-edicion-de-lujo-de-wishbone-y-comparte-nueva-cancion\/","og_locale":"es_ES","og_type":"article","og_title":"Conan Gray anuncia la edici\u00f3n de lujo de 'Wishbone' y comparte nueva canci\u00f3n","og_description":"Conan Gray dej\u00f3 &#8220;The Best&#8221; para el final. El cantautor pop lanz\u00f3 su nuevo sencillo \u201cThe Best\u201d y revel\u00f3 que ser\u00e1 el tema de cierre","og_url":"https:\/\/web.consaguirre.com.ar\/noticias\/conan-gray-anuncia-la-edicion-de-lujo-de-wishbone-y-comparte-nueva-cancion\/","og_site_name":"Conservatorio de M\u00fasica Juli\u00e1n Aguirre","article_published_time":"2026-04-01T08:38:55+00:00","article_modified_time":"2026-04-01T08:38:56+00:00","og_image":[{"width":1280,"height":1280,"url":"https:\/\/web.consaguirre.com.ar\/noticias\/wp-content\/uploads\/2025\/10\/Conan-Gray-anuncia-la-gira-mundial-Wishbone-2026.jpg","type":"image\/jpeg"}],"author":"Javier Figueroa","twitter_card":"summary_large_image","twitter_misc":{"Escrito por":"Javier Figueroa","Tiempo de lectura":"2 minutos"},"schema":{"@context":"https:\/\/schema.org","@graph":[{"@type":"Article","@id":"https:\/\/web.consaguirre.com.ar\/noticias\/conan-gray-anuncia-la-edicion-de-lujo-de-wishbone-y-comparte-nueva-cancion\/#article","isPartOf":{"@id":"https:\/\/web.consaguirre.com.ar\/noticias\/conan-gray-anuncia-la-edicion-de-lujo-de-wishbone-y-comparte-nueva-cancion\/"},"author":{"name":"Javier Figueroa","@id":"https:\/\/web.consaguirre.com.ar\/noticias\/#\/schema\/person\/6558b0cfedee7ddc5425602b237d5722"},"headline":"Conan Gray anuncia la edici\u00f3n de lujo de &#8216;Wishbone&#8217; y comparte nueva canci\u00f3n","datePublished":"2026-04-01T08:38:55+00:00","dateModified":"2026-04-01T08:38:56+00:00","mainEntityOfPage":{"@id":"https:\/\/web.consaguirre.com.ar\/noticias\/conan-gray-anuncia-la-edicion-de-lujo-de-wishbone-y-comparte-nueva-cancion\/"},"wordCount":424,"publisher":{"@id":"https:\/\/web.consaguirre.com.ar\/noticias\/#organization"},"image":{"@id":"https:\/\/web.consaguirre.com.ar\/noticias\/conan-gray-anuncia-la-edicion-de-lujo-de-wishbone-y-comparte-nueva-cancion\/#primaryimage"},"thumbnailUrl":"https:\/\/web.consaguirre.com.ar\/noticias\/wp-content\/uploads\/2025\/10\/Conan-Gray-anuncia-la-gira-mundial-Wishbone-2026.jpg","keywords":["anuncia","canci\u00f3n","comparte","Conan","edici\u00f3n","Gray","lujo","nueva","Wishbone"],"articleSection":["El \u00faltimo"],"inLanguage":"es-AR"},{"@type":"WebPage","@id":"https:\/\/web.consaguirre.com.ar\/noticias\/conan-gray-anuncia-la-edicion-de-lujo-de-wishbone-y-comparte-nueva-cancion\/","url":"https:\/\/web.consaguirre.com.ar\/noticias\/conan-gray-anuncia-la-edicion-de-lujo-de-wishbone-y-comparte-nueva-cancion\/","name":"Conan Gray anuncia la edici\u00f3n de lujo de 'Wishbone' y comparte nueva canci\u00f3n","isPartOf":{"@id":"https:\/\/web.consaguirre.com.ar\/noticias\/#website"},"primaryImageOfPage":{"@id":"https:\/\/web.consaguirre.com.ar\/noticias\/conan-gray-anuncia-la-edicion-de-lujo-de-wishbone-y-comparte-nueva-cancion\/#primaryimage"},"image":{"@id":"https:\/\/web.consaguirre.com.ar\/noticias\/conan-gray-anuncia-la-edicion-de-lujo-de-wishbone-y-comparte-nueva-cancion\/#primaryimage"},"thumbnailUrl":"https:\/\/web.consaguirre.com.ar\/noticias\/wp-content\/uploads\/2025\/10\/Conan-Gray-anuncia-la-gira-mundial-Wishbone-2026.jpg","datePublished":"2026-04-01T08:38:55+00:00","dateModified":"2026-04-01T08:38:56+00:00","breadcrumb":{"@id":"https:\/\/web.consaguirre.com.ar\/noticias\/conan-gray-anuncia-la-edicion-de-lujo-de-wishbone-y-comparte-nueva-cancion\/#breadcrumb"},"inLanguage":"es-AR","potentialAction":[{"@type":"ReadAction","target":["https:\/\/web.consaguirre.com.ar\/noticias\/conan-gray-anuncia-la-edicion-de-lujo-de-wishbone-y-comparte-nueva-cancion\/"]}]},{"@type":"ImageObject","inLanguage":"es-AR","@id":"https:\/\/web.consaguirre.com.ar\/noticias\/conan-gray-anuncia-la-edicion-de-lujo-de-wishbone-y-comparte-nueva-cancion\/#primaryimage","url":"https:\/\/web.consaguirre.com.ar\/noticias\/wp-content\/uploads\/2025\/10\/Conan-Gray-anuncia-la-gira-mundial-Wishbone-2026.jpg","contentUrl":"https:\/\/web.consaguirre.com.ar\/noticias\/wp-content\/uploads\/2025\/10\/Conan-Gray-anuncia-la-gira-mundial-Wishbone-2026.jpg","width":1280,"height":1280,"caption":"Conan Gray anuncia la gira mundial Wishbone 2026"},{"@type":"BreadcrumbList","@id":"https:\/\/web.consaguirre.com.ar\/noticias\/conan-gray-anuncia-la-edicion-de-lujo-de-wishbone-y-comparte-nueva-cancion\/#breadcrumb","itemListElement":[{"@type":"ListItem","position":1,"name":"Inicio","item":"https:\/\/web.consaguirre.com.ar\/noticias\/"},{"@type":"ListItem","position":2,"name":"Conan Gray anuncia la edici\u00f3n de lujo de &#8216;Wishbone&#8217; y comparte nueva canci\u00f3n"}]},{"@type":"WebSite","@id":"https:\/\/web.consaguirre.com.ar\/noticias\/#website","url":"https:\/\/web.consaguirre.com.ar\/noticias\/","name":"Conservatorio de M\u00fasica Juli\u00e1n Aguirre","description":"","publisher":{"@id":"https:\/\/web.consaguirre.com.ar\/noticias\/#organization"},"potentialAction":[{"@type":"SearchAction","target":{"@type":"EntryPoint","urlTemplate":"https:\/\/web.consaguirre.com.ar\/noticias\/?s={search_term_string}"},"query-input":"required name=search_term_string"}],"inLanguage":"es-AR"},{"@type":"Organization","@id":"https:\/\/web.consaguirre.com.ar\/noticias\/#organization","name":"Conservatorio de M\u00fasica Juli\u00e1n Aguirre","url":"https:\/\/web.consaguirre.com.ar\/noticias\/","logo":{"@type":"ImageObject","inLanguage":"es-AR","@id":"https:\/\/web.consaguirre.com.ar\/noticias\/#\/schema\/logo\/image\/","url":"https:\/\/web.consaguirre.com.ar\/noticias\/wp-content\/uploads\/2024\/08\/Banner-Aguirre-23.jpg","contentUrl":"https:\/\/web.consaguirre.com.ar\/noticias\/wp-content\/uploads\/2024\/08\/Banner-Aguirre-23.jpg","width":1192,"height":600,"caption":"Conservatorio de M\u00fasica Juli\u00e1n Aguirre"},"image":{"@id":"https:\/\/web.consaguirre.com.ar\/noticias\/#\/schema\/logo\/image\/"}},{"@type":"Person","@id":"https:\/\/web.consaguirre.com.ar\/noticias\/#\/schema\/person\/6558b0cfedee7ddc5425602b237d5722","name":"Javier Figueroa","image":{"@type":"ImageObject","inLanguage":"es-AR","@id":"https:\/\/web.consaguirre.com.ar\/noticias\/#\/schema\/person\/image\/","url":"https:\/\/web.consaguirre.com.ar\/noticias\/wp-content\/uploads\/2024\/08\/Consaguirre-scaled.jpg","contentUrl":"https:\/\/web.consaguirre.com.ar\/noticias\/wp-content\/uploads\/2024\/08\/Consaguirre-scaled.jpg","caption":"Javier Figueroa"},"description":"Me llamo Javier Figueroa y soy redactor para el sitio oficial del Conservatorio de M\u00fasica Juli\u00e1n Aguirre en Buenos Aires, consaguirre.com. Apasionado por la m\u00fasica y la escritura, me esfuerzo por destacar los talentos y eventos de nuestra prestigiosa instituci\u00f3n. Mi trayectoria se nutre de una profunda admiraci\u00f3n por los artistas, haciendo de cada art\u00edculo una celebraci\u00f3n de la creatividad y la cultura musical.","sameAs":["https:\/\/web.consaguirre.com.ar\/noticias"]}]}},"_links":{"self":[{"href":"https:\/\/web.consaguirre.com.ar\/noticias\/wp-json\/wp\/v2\/posts\/5510"}],"collection":[{"href":"https:\/\/web.consaguirre.com.ar\/noticias\/wp-json\/wp\/v2\/posts"}],"about":[{"href":"https:\/\/web.consaguirre.com.ar\/noticias\/wp-json\/wp\/v2\/types\/post"}],"author":[{"embeddable":true,"href":"https:\/\/web.consaguirre.com.ar\/noticias\/wp-json\/wp\/v2\/users\/1"}],"replies":[{"embeddable":true,"href":"https:\/\/web.consaguirre.com.ar\/noticias\/wp-json\/wp\/v2\/comments?post=5510"}],"version-history":[{"count":1,"href":"https:\/\/web.consaguirre.com.ar\/noticias\/wp-json\/wp\/v2\/posts\/5510\/revisions"}],"predecessor-version":[{"id":5511,"href":"https:\/\/web.consaguirre.com.ar\/noticias\/wp-json\/wp\/v2\/posts\/5510\/revisions\/5511"}],"wp:featuredmedia":[{"embeddable":true,"href":"https:\/\/web.consaguirre.com.ar\/noticias\/wp-json\/wp\/v2\/media\/4130"}],"wp:attachment":[{"href":"https:\/\/web.consaguirre.com.ar\/noticias\/wp-json\/wp\/v2\/media?parent=5510"}],"wp:term":[{"taxonomy":"category","embeddable":true,"href":"https:\/\/web.consaguirre.com.ar\/noticias\/wp-json\/wp\/v2\/categories?post=5510"},{"taxonomy":"post_tag","embeddable":true,"href":"https:\/\/web.consaguirre.com.ar\/noticias\/wp-json\/wp\/v2\/tags?post=5510"}],"curies":[{"name":"wp","href":"https:\/\/api.w.org\/{rel}","templated":true}]}}